{"id":14422,"date":"2021-02-05T13:40:50","date_gmt":"2021-02-05T16:40:50","guid":{"rendered":"https:\/\/jornalfatosenoticias.com.br\/?p=14422"},"modified":"2021-02-05T13:40:54","modified_gmt":"2021-02-05T16:40:54","slug":"veja-os-habitos-posturais-que-prejudicam-a-sua-coluna","status":"publish","type":"post","link":"https:\/\/jornalfatosenoticias.com.br\/index.php\/2021\/02\/05\/veja-os-habitos-posturais-que-prejudicam-a-sua-coluna\/","title":{"rendered":"Veja os h\u00e1bitos posturais que prejudicam a sua coluna"},"content":{"rendered":"\n<h6 class=\"wp-block-heading\"><em>Cuidado! Atividades cotidianas e alguns h\u00e1bitos posturais podem ser a causa das dores e at\u00e9 mesmo problemas mais s\u00e9rios nas suas costas<\/em><\/h6>\n\n\n\n<p>Certamente voc\u00ea conhece algu\u00e9m que tem dor na coluna. O problema pode ser de uma simples lombalgia at\u00e9 uma h\u00e9rnia ou escoliose. Geralmente, s\u00e3o resultados de posi\u00e7\u00f5es erradas no dia a dia e tamb\u00e9m de alguns h\u00e1bitos posturais que prejudicam a coluna, mas que s\u00e3o adotados ao longo da vida.<br>A coluna cervical sofre com o v\u00edcio postural, explica a fisioterapeuta e especialista em traumatologia e ortopedia Patr\u00edcia Prieto. &#8220;Com o passar dos anos as pessoas acabam criando h\u00e1bitos que acarretam em um desequil\u00edbrio postural e, consequentemente, les\u00f5es em todo o tronco. Por exemplo, cruzar a perna sempre para o mesmo lado ao sentar, carregar a bolsa no mesmo ombro, entre outros&#8221;.<br>De acordo com a fisioterapeuta, \u00e9 preciso desenvolver consci\u00eancia corporal a partir de atividades f\u00edsicas di\u00e1rias. Corrigir a postura aos poucos a partir de um simples alongamento em casa mesmo, al\u00e9m de praticar exerc\u00edcios, principalmente os de baixo impacto, como hidrogin\u00e1stica, Pilates e yoga.<\/p>\n\n\n\n<h4 class=\"wp-block-heading\">Conhe\u00e7a os principais h\u00e1bitos posturais que prejudicam a coluna<\/h4>\n\n\n\n<p><strong>Uso do computador<br><\/strong>Um h\u00e1bito que impacta milh\u00f5es de brasileiros diariamente \u00e9 a postura incorreta ao utilizar o computador. Ao fazer o uso, o ideal \u00e9 que os antebra\u00e7os estejam apoiados na mesa de trabalho e evitar tor\u00e7\u00f5es de corpo inteiro. Neste caso o ideal \u00e9 usar cadeiras que girem com facilidade e assim manter a coluna ereta.<br>Outra dica \u00e9 ajustar a tela do computador para que, ao olhar o queixo, permane\u00e7a paralelo ao ch\u00e3o. &#8220;Evite baixar a cabe\u00e7a para ler ou escrever. A cabe\u00e7a pesa em m\u00e9dia 5 kg e, ao baix\u00e1-la para ler, a coluna ter\u00e1 que suportar um peso que pode chegar a 13 kg&#8221;, explica Patr\u00edcia.<\/p>\n\n\n\n<p><strong>Mochila ou bolsa muito pesada<br><\/strong>Segundo a especialista, o peso \u00e9 uma das piores coisas para a coluna e por isso, deve-se tomar muito cuidado ao usar mochilas ou bolsas. No caso das mochilas, elas devem estar sempre apoiadas nos dois ombros e com as al\u00e7as bem ajustadas \u00e0s costas.<br>De outra forma, o peso fica desequilibrado empurrando um dos ombros mais para baixo ou deixando o quadril torto. O peso m\u00e1ximo de uma mochila deve ser equivalente a10% do peso da pessoa que ir\u00e1 carreg\u00e1-la.<br>J\u00e1 com as bolsas, o ideal \u00e9 dar prefer\u00eancia aos modelos com al\u00e7a transversal para equilibrar o peso nas duas partes do corpo, mas se for utiliz\u00e1-la em apenas um ombro evite que sejam muito grandes.<\/p>\n\n\n\n<p><strong>Salto alto<br><\/strong>O uso constante do salto pode trazer malef\u00edcios n\u00e3o apenas para a coluna, mas tamb\u00e9m les\u00f5es nos p\u00e9s e tornozelos. Isso acontece porque o salto altera o centro de gravidade do corpo para frente e, para compensar, \u00e9 necess\u00e1rio empinar os gl\u00fateos. Isso pode acabar provocando lordose, entorse do tornozelo, tendinite, entre outros problemas.<br>O salto ideal para se usar no dia a dia deve ser o de formato quadrado e ter, no m\u00e1ximo, tr\u00eas cent\u00edmetros \u2014 permitindo que o peso do corpo fique distribu\u00eddo igualmente, o que evita o aumento da press\u00e3o no ante p\u00e9.<\/p>\n\n\n\n<p><strong>Cruzar as pernas<br><\/strong>Este \u00e9 um h\u00e1bito comum entre homens e mulheres que prejudica muito a postura, pois cria um desn\u00edvel do quadril fazendo com que a coluna lombar fique inclinada. O ideal \u00e9 se sentar com as pernas entre abertas com os dois p\u00e9s apoiados no ch\u00e3o e a coluna ereta. Tente praticar.<\/p>\n\n\n\n<p><strong><em>Fonte: <a href=\"https:\/\/www.terra.com.br\/vida-e-estilo\/saude\/bem-estar\/veja-os-habitos-posturais-que-prejudicam-a-sua-coluna,eaa32be94fe795e061ef9edf9362e474ez3cda3r.html\">Terra<\/a><\/em><\/strong><\/p>\n","protected":false},"excerpt":{"rendered":"<p>Cuidado! Atividades cotidianas e alguns h\u00e1bitos posturais podem ser a causa das dores e at\u00e9 mesmo problemas mais s\u00e9rios nas suas costas Certamente voc\u00ea conhece algu\u00e9m que tem dor na coluna. O problema pode ser de uma simples lombalgia at\u00e9 uma h\u00e9rnia ou escoliose. Geralmente, s\u00e3o resultados de posi\u00e7\u00f5es erradas no dia a dia e [&hellip;]<\/p>\n","protected":false},"author":2,"featured_media":14423,"comment_status":"open","ping_status":"open","sticky":false,"template":"","format":"standard","meta":{"footnotes":""},"categories":[42],"tags":[7357,7359,7358,7356,7360],"class_list":["post-14422","post","type-post","status-publish","format-standard","has-post-thumbnail","hentry","category-bem-estar","tag-coluna","tag-costas","tag-dores-de-coluna","tag-habitos-posturais","tag-maus-habitos"],"yoast_head":"<!-- This site is optimized with the Yoast SEO plugin v26.5 - https:\/\/yoast.com\/wordpress\/plugins\/seo\/ -->\n<title>Veja os h\u00e1bitos posturais que prejudicam a sua coluna - Jornal Fatos e Not\u00edcias<\/title>\n<meta name=\"robots\" content=\"index, follow, max-snippet:-1, max-image-preview:large, max-video-preview:-1\" \/>\n<link rel=\"canonical\" href=\"https:\/\/jornalfatosenoticias.com.br\/index.php\/2021\/02\/05\/veja-os-habitos-posturais-que-prejudicam-a-sua-coluna\/\" \/>\n<meta property=\"og:locale\" content=\"pt_BR\" \/>\n<meta property=\"og:type\" content=\"article\" \/>\n<meta property=\"og:title\" content=\"Veja os h\u00e1bitos posturais que prejudicam a sua coluna - Jornal Fatos e Not\u00edcias\" \/>\n<meta property=\"og:description\" content=\"Cuidado! Atividades cotidianas e alguns h\u00e1bitos posturais podem ser a causa das dores e at\u00e9 mesmo problemas mais s\u00e9rios nas suas costas Certamente voc\u00ea conhece algu\u00e9m que tem dor na coluna. O problema pode ser de uma simples lombalgia at\u00e9 uma h\u00e9rnia ou escoliose. Geralmente, s\u00e3o resultados de posi\u00e7\u00f5es erradas no dia a dia e [&hellip;]\" \/>\n<meta property=\"og:url\" content=\"https:\/\/jornalfatosenoticias.com.br\/index.php\/2021\/02\/05\/veja-os-habitos-posturais-que-prejudicam-a-sua-coluna\/\" \/>\n<meta property=\"og:site_name\" content=\"Jornal Fatos e Not\u00edcias\" \/>\n<meta property=\"article:published_time\" content=\"2021-02-05T16:40:50+00:00\" \/>\n<meta property=\"article:modified_time\" content=\"2021-02-05T16:40:54+00:00\" \/>\n<meta property=\"og:image\" content=\"https:\/\/jornalfatosenoticias.com.br\/wp-content\/uploads\/2021\/02\/POSTURA-PREJUDICA-A-COLUNA_SHUTTERSTOCK.jpg\" \/>\n\t<meta property=\"og:image:width\" content=\"1000\" \/>\n\t<meta property=\"og:image:height\" content=\"525\" \/>\n\t<meta property=\"og:image:type\" content=\"image\/jpeg\" \/>\n<meta name=\"author\" content=\"Luzimara Fernandes\" \/>\n<meta name=\"twitter:card\" content=\"summary_large_image\" \/>\n<meta name=\"twitter:label1\" content=\"Escrito por\" \/>\n\t<meta name=\"twitter:data1\" content=\"Luzimara Fernandes\" \/>\n\t<meta name=\"twitter:label2\" content=\"Est. tempo de leitura\" \/>\n\t<meta name=\"twitter:data2\" content=\"3 minutos\" \/>\n<script type=\"application\/ld+json\" class=\"yoast-schema-graph\">{\"@context\":\"https:\/\/schema.org\",\"@graph\":[{\"@type\":\"Article\",\"@id\":\"https:\/\/jornalfatosenoticias.com.br\/index.php\/2021\/02\/05\/veja-os-habitos-posturais-que-prejudicam-a-sua-coluna\/#article\",\"isPartOf\":{\"@id\":\"https:\/\/jornalfatosenoticias.com.br\/index.php\/2021\/02\/05\/veja-os-habitos-posturais-que-prejudicam-a-sua-coluna\/\"},\"author\":{\"name\":\"Luzimara Fernandes\",\"@id\":\"https:\/\/jornalfatosenoticias.com.br\/#\/schema\/person\/d63837fa13ac8666eb9e74e0985d6f81\"},\"headline\":\"Veja os h\u00e1bitos posturais que prejudicam a sua coluna\",\"datePublished\":\"2021-02-05T16:40:50+00:00\",\"dateModified\":\"2021-02-05T16:40:54+00:00\",\"mainEntityOfPage\":{\"@id\":\"https:\/\/jornalfatosenoticias.com.br\/index.php\/2021\/02\/05\/veja-os-habitos-posturais-que-prejudicam-a-sua-coluna\/\"},\"wordCount\":626,\"commentCount\":0,\"publisher\":{\"@id\":\"https:\/\/jornalfatosenoticias.com.br\/#organization\"},\"image\":{\"@id\":\"https:\/\/jornalfatosenoticias.com.br\/index.php\/2021\/02\/05\/veja-os-habitos-posturais-que-prejudicam-a-sua-coluna\/#primaryimage\"},\"thumbnailUrl\":\"https:\/\/jornalfatosenoticias.com.br\/wp-content\/uploads\/2021\/02\/POSTURA-PREJUDICA-A-COLUNA_SHUTTERSTOCK.jpg\",\"keywords\":[\"coluna\",\"costas\",\"dores de coluna\",\"h\u00e1bitos posturais\",\"maus h\u00e1bitos\"],\"articleSection\":[\"Bem-estar\"],\"inLanguage\":\"pt-BR\",\"potentialAction\":[{\"@type\":\"CommentAction\",\"name\":\"Comment\",\"target\":[\"https:\/\/jornalfatosenoticias.com.br\/index.php\/2021\/02\/05\/veja-os-habitos-posturais-que-prejudicam-a-sua-coluna\/#respond\"]}]},{\"@type\":\"WebPage\",\"@id\":\"https:\/\/jornalfatosenoticias.com.br\/index.php\/2021\/02\/05\/veja-os-habitos-posturais-que-prejudicam-a-sua-coluna\/\",\"url\":\"https:\/\/jornalfatosenoticias.com.br\/index.php\/2021\/02\/05\/veja-os-habitos-posturais-que-prejudicam-a-sua-coluna\/\",\"name\":\"Veja os h\u00e1bitos posturais que prejudicam a sua coluna - Jornal Fatos e Not\u00edcias\",\"isPartOf\":{\"@id\":\"https:\/\/jornalfatosenoticias.com.br\/#website\"},\"primaryImageOfPage\":{\"@id\":\"https:\/\/jornalfatosenoticias.com.br\/index.php\/2021\/02\/05\/veja-os-habitos-posturais-que-prejudicam-a-sua-coluna\/#primaryimage\"},\"image\":{\"@id\":\"https:\/\/jornalfatosenoticias.com.br\/index.php\/2021\/02\/05\/veja-os-habitos-posturais-que-prejudicam-a-sua-coluna\/#primaryimage\"},\"thumbnailUrl\":\"https:\/\/jornalfatosenoticias.com.br\/wp-content\/uploads\/2021\/02\/POSTURA-PREJUDICA-A-COLUNA_SHUTTERSTOCK.jpg\",\"datePublished\":\"2021-02-05T16:40:50+00:00\",\"dateModified\":\"2021-02-05T16:40:54+00:00\",\"breadcrumb\":{\"@id\":\"https:\/\/jornalfatosenoticias.com.br\/index.php\/2021\/02\/05\/veja-os-habitos-posturais-que-prejudicam-a-sua-coluna\/#breadcrumb\"},\"inLanguage\":\"pt-BR\",\"potentialAction\":[{\"@type\":\"ReadAction\",\"target\":[\"https:\/\/jornalfatosenoticias.com.br\/index.php\/2021\/02\/05\/veja-os-habitos-posturais-que-prejudicam-a-sua-coluna\/\"]}]},{\"@type\":\"ImageObject\",\"inLanguage\":\"pt-BR\",\"@id\":\"https:\/\/jornalfatosenoticias.com.br\/index.php\/2021\/02\/05\/veja-os-habitos-posturais-que-prejudicam-a-sua-coluna\/#primaryimage\",\"url\":\"https:\/\/jornalfatosenoticias.com.br\/wp-content\/uploads\/2021\/02\/POSTURA-PREJUDICA-A-COLUNA_SHUTTERSTOCK.jpg\",\"contentUrl\":\"https:\/\/jornalfatosenoticias.com.br\/wp-content\/uploads\/2021\/02\/POSTURA-PREJUDICA-A-COLUNA_SHUTTERSTOCK.jpg\",\"width\":1000,\"height\":525},{\"@type\":\"BreadcrumbList\",\"@id\":\"https:\/\/jornalfatosenoticias.com.br\/index.php\/2021\/02\/05\/veja-os-habitos-posturais-que-prejudicam-a-sua-coluna\/#breadcrumb\",\"itemListElement\":[{\"@type\":\"ListItem\",\"position\":1,\"name\":\"In\u00edcio\",\"item\":\"https:\/\/jornalfatosenoticias.com.br\/\"},{\"@type\":\"ListItem\",\"position\":2,\"name\":\"Veja os h\u00e1bitos posturais que prejudicam a sua coluna\"}]},{\"@type\":\"WebSite\",\"@id\":\"https:\/\/jornalfatosenoticias.com.br\/#website\",\"url\":\"https:\/\/jornalfatosenoticias.com.br\/\",\"name\":\"Jornal Fatos e Not\u00edcias\",\"description\":\"Not\u00edcias em geral\",\"publisher\":{\"@id\":\"https:\/\/jornalfatosenoticias.com.br\/#organization\"},\"potentialAction\":[{\"@type\":\"SearchAction\",\"target\":{\"@type\":\"EntryPoint\",\"urlTemplate\":\"https:\/\/jornalfatosenoticias.com.br\/?s={search_term_string}\"},\"query-input\":{\"@type\":\"PropertyValueSpecification\",\"valueRequired\":true,\"valueName\":\"search_term_string\"}}],\"inLanguage\":\"pt-BR\"},{\"@type\":\"Organization\",\"@id\":\"https:\/\/jornalfatosenoticias.com.br\/#organization\",\"name\":\"Jornal Fatos e Not\u00edcias\",\"url\":\"https:\/\/jornalfatosenoticias.com.br\/\",\"logo\":{\"@type\":\"ImageObject\",\"inLanguage\":\"pt-BR\",\"@id\":\"https:\/\/jornalfatosenoticias.com.br\/#\/schema\/logo\/image\/\",\"url\":\"https:\/\/jornalfatosenoticias.com.br\/wp-content\/uploads\/2020\/02\/logo120.png\",\"contentUrl\":\"https:\/\/jornalfatosenoticias.com.br\/wp-content\/uploads\/2020\/02\/logo120.png\",\"width\":1227,\"height\":120,\"caption\":\"Jornal Fatos e Not\u00edcias\"},\"image\":{\"@id\":\"https:\/\/jornalfatosenoticias.com.br\/#\/schema\/logo\/image\/\"}},{\"@type\":\"Person\",\"@id\":\"https:\/\/jornalfatosenoticias.com.br\/#\/schema\/person\/d63837fa13ac8666eb9e74e0985d6f81\",\"name\":\"Luzimara Fernandes\",\"image\":{\"@type\":\"ImageObject\",\"inLanguage\":\"pt-BR\",\"@id\":\"https:\/\/jornalfatosenoticias.com.br\/#\/schema\/person\/image\/\",\"url\":\"https:\/\/jornalfatosenoticias.com.br\/wp-content\/uploads\/2025\/05\/EU_portal.jpg\",\"contentUrl\":\"https:\/\/jornalfatosenoticias.com.br\/wp-content\/uploads\/2025\/05\/EU_portal.jpg\",\"caption\":\"Luzimara Fernandes\"},\"description\":\"Jornalista MTB 2358-ES\",\"sameAs\":[\"https:\/\/jornalfatosenoticias.com.br\"],\"url\":\"https:\/\/jornalfatosenoticias.com.br\/index.php\/author\/luzimara\/\"}]}<\/script>\n<!-- \/ Yoast SEO plugin. -->","yoast_head_json":{"title":"Veja os h\u00e1bitos posturais que prejudicam a sua coluna - Jornal Fatos e Not\u00edcias","robots":{"index":"index","follow":"follow","max-snippet":"max-snippet:-1","max-image-preview":"max-image-preview:large","max-video-preview":"max-video-preview:-1"},"canonical":"https:\/\/jornalfatosenoticias.com.br\/index.php\/2021\/02\/05\/veja-os-habitos-posturais-que-prejudicam-a-sua-coluna\/","og_locale":"pt_BR","og_type":"article","og_title":"Veja os h\u00e1bitos posturais que prejudicam a sua coluna - Jornal Fatos e Not\u00edcias","og_description":"Cuidado! Atividades cotidianas e alguns h\u00e1bitos posturais podem ser a causa das dores e at\u00e9 mesmo problemas mais s\u00e9rios nas suas costas Certamente voc\u00ea conhece algu\u00e9m que tem dor na coluna. O problema pode ser de uma simples lombalgia at\u00e9 uma h\u00e9rnia ou escoliose. Geralmente, s\u00e3o resultados de posi\u00e7\u00f5es erradas no dia a dia e [&hellip;]","og_url":"https:\/\/jornalfatosenoticias.com.br\/index.php\/2021\/02\/05\/veja-os-habitos-posturais-que-prejudicam-a-sua-coluna\/","og_site_name":"Jornal Fatos e Not\u00edcias","article_published_time":"2021-02-05T16:40:50+00:00","article_modified_time":"2021-02-05T16:40:54+00:00","og_image":[{"width":1000,"height":525,"url":"https:\/\/jornalfatosenoticias.com.br\/wp-content\/uploads\/2021\/02\/POSTURA-PREJUDICA-A-COLUNA_SHUTTERSTOCK.jpg","type":"image\/jpeg"}],"author":"Luzimara Fernandes","twitter_card":"summary_large_image","twitter_misc":{"Escrito por":"Luzimara Fernandes","Est. tempo de leitura":"3 minutos"},"schema":{"@context":"https:\/\/schema.org","@graph":[{"@type":"Article","@id":"https:\/\/jornalfatosenoticias.com.br\/index.php\/2021\/02\/05\/veja-os-habitos-posturais-que-prejudicam-a-sua-coluna\/#article","isPartOf":{"@id":"https:\/\/jornalfatosenoticias.com.br\/index.php\/2021\/02\/05\/veja-os-habitos-posturais-que-prejudicam-a-sua-coluna\/"},"author":{"name":"Luzimara Fernandes","@id":"https:\/\/jornalfatosenoticias.com.br\/#\/schema\/person\/d63837fa13ac8666eb9e74e0985d6f81"},"headline":"Veja os h\u00e1bitos posturais que prejudicam a sua coluna","datePublished":"2021-02-05T16:40:50+00:00","dateModified":"2021-02-05T16:40:54+00:00","mainEntityOfPage":{"@id":"https:\/\/jornalfatosenoticias.com.br\/index.php\/2021\/02\/05\/veja-os-habitos-posturais-que-prejudicam-a-sua-coluna\/"},"wordCount":626,"commentCount":0,"publisher":{"@id":"https:\/\/jornalfatosenoticias.com.br\/#organization"},"image":{"@id":"https:\/\/jornalfatosenoticias.com.br\/index.php\/2021\/02\/05\/veja-os-habitos-posturais-que-prejudicam-a-sua-coluna\/#primaryimage"},"thumbnailUrl":"https:\/\/jornalfatosenoticias.com.br\/wp-content\/uploads\/2021\/02\/POSTURA-PREJUDICA-A-COLUNA_SHUTTERSTOCK.jpg","keywords":["coluna","costas","dores de coluna","h\u00e1bitos posturais","maus h\u00e1bitos"],"articleSection":["Bem-estar"],"inLanguage":"pt-BR","potentialAction":[{"@type":"CommentAction","name":"Comment","target":["https:\/\/jornalfatosenoticias.com.br\/index.php\/2021\/02\/05\/veja-os-habitos-posturais-que-prejudicam-a-sua-coluna\/#respond"]}]},{"@type":"WebPage","@id":"https:\/\/jornalfatosenoticias.com.br\/index.php\/2021\/02\/05\/veja-os-habitos-posturais-que-prejudicam-a-sua-coluna\/","url":"https:\/\/jornalfatosenoticias.com.br\/index.php\/2021\/02\/05\/veja-os-habitos-posturais-que-prejudicam-a-sua-coluna\/","name":"Veja os h\u00e1bitos posturais que prejudicam a sua coluna - Jornal Fatos e Not\u00edcias","isPartOf":{"@id":"https:\/\/jornalfatosenoticias.com.br\/#website"},"primaryImageOfPage":{"@id":"https:\/\/jornalfatosenoticias.com.br\/index.php\/2021\/02\/05\/veja-os-habitos-posturais-que-prejudicam-a-sua-coluna\/#primaryimage"},"image":{"@id":"https:\/\/jornalfatosenoticias.com.br\/index.php\/2021\/02\/05\/veja-os-habitos-posturais-que-prejudicam-a-sua-coluna\/#primaryimage"},"thumbnailUrl":"https:\/\/jornalfatosenoticias.com.br\/wp-content\/uploads\/2021\/02\/POSTURA-PREJUDICA-A-COLUNA_SHUTTERSTOCK.jpg","datePublished":"2021-02-05T16:40:50+00:00","dateModified":"2021-02-05T16:40:54+00:00","breadcrumb":{"@id":"https:\/\/jornalfatosenoticias.com.br\/index.php\/2021\/02\/05\/veja-os-habitos-posturais-que-prejudicam-a-sua-coluna\/#breadcrumb"},"inLanguage":"pt-BR","potentialAction":[{"@type":"ReadAction","target":["https:\/\/jornalfatosenoticias.com.br\/index.php\/2021\/02\/05\/veja-os-habitos-posturais-que-prejudicam-a-sua-coluna\/"]}]},{"@type":"ImageObject","inLanguage":"pt-BR","@id":"https:\/\/jornalfatosenoticias.com.br\/index.php\/2021\/02\/05\/veja-os-habitos-posturais-que-prejudicam-a-sua-coluna\/#primaryimage","url":"https:\/\/jornalfatosenoticias.com.br\/wp-content\/uploads\/2021\/02\/POSTURA-PREJUDICA-A-COLUNA_SHUTTERSTOCK.jpg","contentUrl":"https:\/\/jornalfatosenoticias.com.br\/wp-content\/uploads\/2021\/02\/POSTURA-PREJUDICA-A-COLUNA_SHUTTERSTOCK.jpg","width":1000,"height":525},{"@type":"BreadcrumbList","@id":"https:\/\/jornalfatosenoticias.com.br\/index.php\/2021\/02\/05\/veja-os-habitos-posturais-que-prejudicam-a-sua-coluna\/#breadcrumb","itemListElement":[{"@type":"ListItem","position":1,"name":"In\u00edcio","item":"https:\/\/jornalfatosenoticias.com.br\/"},{"@type":"ListItem","position":2,"name":"Veja os h\u00e1bitos posturais que prejudicam a sua coluna"}]},{"@type":"WebSite","@id":"https:\/\/jornalfatosenoticias.com.br\/#website","url":"https:\/\/jornalfatosenoticias.com.br\/","name":"Jornal Fatos e Not\u00edcias","description":"Not\u00edcias em geral","publisher":{"@id":"https:\/\/jornalfatosenoticias.com.br\/#organization"},"potentialAction":[{"@type":"SearchAction","target":{"@type":"EntryPoint","urlTemplate":"https:\/\/jornalfatosenoticias.com.br\/?s={search_term_string}"},"query-input":{"@type":"PropertyValueSpecification","valueRequired":true,"valueName":"search_term_string"}}],"inLanguage":"pt-BR"},{"@type":"Organization","@id":"https:\/\/jornalfatosenoticias.com.br\/#organization","name":"Jornal Fatos e Not\u00edcias","url":"https:\/\/jornalfatosenoticias.com.br\/","logo":{"@type":"ImageObject","inLanguage":"pt-BR","@id":"https:\/\/jornalfatosenoticias.com.br\/#\/schema\/logo\/image\/","url":"https:\/\/jornalfatosenoticias.com.br\/wp-content\/uploads\/2020\/02\/logo120.png","contentUrl":"https:\/\/jornalfatosenoticias.com.br\/wp-content\/uploads\/2020\/02\/logo120.png","width":1227,"height":120,"caption":"Jornal Fatos e Not\u00edcias"},"image":{"@id":"https:\/\/jornalfatosenoticias.com.br\/#\/schema\/logo\/image\/"}},{"@type":"Person","@id":"https:\/\/jornalfatosenoticias.com.br\/#\/schema\/person\/d63837fa13ac8666eb9e74e0985d6f81","name":"Luzimara Fernandes","image":{"@type":"ImageObject","inLanguage":"pt-BR","@id":"https:\/\/jornalfatosenoticias.com.br\/#\/schema\/person\/image\/","url":"https:\/\/jornalfatosenoticias.com.br\/wp-content\/uploads\/2025\/05\/EU_portal.jpg","contentUrl":"https:\/\/jornalfatosenoticias.com.br\/wp-content\/uploads\/2025\/05\/EU_portal.jpg","caption":"Luzimara Fernandes"},"description":"Jornalista MTB 2358-ES","sameAs":["https:\/\/jornalfatosenoticias.com.br"],"url":"https:\/\/jornalfatosenoticias.com.br\/index.php\/author\/luzimara\/"}]}},"cc_featured_image_caption":{"caption_text":"(Foto: Shutterstock\/Sport Life) \r\n","source_text":"","source_url":""},"jetpack_featured_media_url":"https:\/\/jornalfatosenoticias.com.br\/wp-content\/uploads\/2021\/02\/POSTURA-PREJUDICA-A-COLUNA_SHUTTERSTOCK.jpg","_links":{"self":[{"href":"https:\/\/jornalfatosenoticias.com.br\/index.php\/wp-json\/wp\/v2\/posts\/14422","targetHints":{"allow":["GET"]}}],"collection":[{"href":"https:\/\/jornalfatosenoticias.com.br\/index.php\/wp-json\/wp\/v2\/posts"}],"about":[{"href":"https:\/\/jornalfatosenoticias.com.br\/index.php\/wp-json\/wp\/v2\/types\/post"}],"author":[{"embeddable":true,"href":"https:\/\/jornalfatosenoticias.com.br\/index.php\/wp-json\/wp\/v2\/users\/2"}],"replies":[{"embeddable":true,"href":"https:\/\/jornalfatosenoticias.com.br\/index.php\/wp-json\/wp\/v2\/comments?post=14422"}],"version-history":[{"count":0,"href":"https:\/\/jornalfatosenoticias.com.br\/index.php\/wp-json\/wp\/v2\/posts\/14422\/revisions"}],"wp:featuredmedia":[{"embeddable":true,"href":"https:\/\/jornalfatosenoticias.com.br\/index.php\/wp-json\/wp\/v2\/media\/14423"}],"wp:attachment":[{"href":"https:\/\/jornalfatosenoticias.com.br\/index.php\/wp-json\/wp\/v2\/media?parent=14422"}],"wp:term":[{"taxonomy":"category","embeddable":true,"href":"https:\/\/jornalfatosenoticias.com.br\/index.php\/wp-json\/wp\/v2\/categories?post=14422"},{"taxonomy":"post_tag","embeddable":true,"href":"https:\/\/jornalfatosenoticias.com.br\/index.php\/wp-json\/wp\/v2\/tags?post=14422"}],"curies":[{"name":"wp","href":"https:\/\/api.w.org\/{rel}","templated":true}]}}