{"id":14425,"date":"2021-02-05T13:51:41","date_gmt":"2021-02-05T16:51:41","guid":{"rendered":"https:\/\/jornalfatosenoticias.com.br\/?p=14425"},"modified":"2021-02-05T13:51:46","modified_gmt":"2021-02-05T16:51:46","slug":"cientistas-descobrem-os-segredos-da-zona-escura-da-groenlandia","status":"publish","type":"post","link":"https:\/\/jornalfatosenoticias.com.br\/index.php\/2021\/02\/05\/cientistas-descobrem-os-segredos-da-zona-escura-da-groenlandia\/","title":{"rendered":"Cientistas descobrem os segredos da zona escura da Groenl\u00e2ndia"},"content":{"rendered":"\n<p>A Groenl\u00e2ndia,\u00a0<a rel=\"noreferrer noopener\" href=\"https:\/\/www.megacurioso.com.br\/estilo-de-vida\/108708-conheca-outras-9-curiosidades-sobre-a-maior-ilha-do-mundo-a-groenlandia.htm\" target=\"_blank\">ex-col\u00f4nia dinamarquesa<\/a>\u00a0que \u00e9 rica em min\u00e9rios e tem grande parte do territ\u00f3rio\u00a0<a rel=\"noreferrer noopener\" href=\"https:\/\/www.megacurioso.com.br\/estilo-de-vida\/104278-9-fatos-sobre-a-groenlandia-que-voce-provavelmente-desconhecia.htm\" target=\"_blank\">coberto por uma camada de gelo<\/a>, passa por problemas. Uma boa fatia dessa superf\u00edcie est\u00e1 derretendo a n\u00edveis ainda mais alarmantes do que o normal \u2014 e, por v\u00e1rios anos, cientistas n\u00e3o encontravam uma explica\u00e7\u00e3o para o fen\u00f4meno.<br>A regi\u00e3o mais cr\u00edtica desse derretimento ficou conhecida como Zona Escura, pois l\u00e1 o gelo adquire uma colora\u00e7\u00e3o diferente do branco tradicional. Ela se concentra em toda a costa oeste da Groenl\u00e2ndia e, caso continue expandindo, pode contribuir ainda mais para o aumento do n\u00edvel do mar.<br>O problema? A regi\u00e3o n\u00e3o para de crescer e, ao menos at\u00e9 agora, pesquisadores simplesmente n\u00e3o sabiam determinar a causa do surgimento dessa \u00e1rea t\u00e3o peculiar e como a cor est\u00e1 relacionada com as mudan\u00e7as clim\u00e1ticas.<\/p>\n\n\n\n<h4 class=\"wp-block-heading\">Mais simples do que parecia<\/h4>\n\n\n\n<p>Cientistas da Universidade de Leeds, na Inglaterra, descobriram o porqu\u00ea de o gelo adquirir tons de cinza. Segundo os pesquisadores, o problema est\u00e1 em algas que vivem na regi\u00e3o e envolve dois fatores que atuam juntos.<br>As algas Ancylonema nordenskioeldii vivem em ambientes congelados e normalmente ficam em estado dormente. Por\u00e9m, quando a superf\u00edcie come\u00e7a a derreter em per\u00edodos mais quentes do ano, elas come\u00e7am a surgir acima do n\u00edvel do gelo.<br>A exposi\u00e7\u00e3o dessas algas \u00e0 luz solar durante todo o dia acaba ativando uma prote\u00e7\u00e3o natural, que torna a sua colora\u00e7\u00e3o acinzentada e capaz de absorver mais calor.<\/p>\n\n\n\n<div class=\"wp-block-jetpack-slideshow aligncenter\" data-effect=\"slide\"><div class=\"wp-block-jetpack-slideshow_container swiper-container\"><ul class=\"wp-block-jetpack-slideshow_swiper-wrapper swiper-wrapper\"><li class=\"wp-block-jetpack-slideshow_slide swiper-slide\"><figure><img loading=\"lazy\" decoding=\"async\" width=\"1000\" height=\"644\" alt=\"\" class=\"wp-block-jetpack-slideshow_image wp-image-14426\" data-id=\"14426\" src=\"https:\/\/jornalfatosenoticias.com.br\/wp-content\/uploads\/2021\/02\/groenlandia2.jpg\" srcset=\"https:\/\/jornalfatosenoticias.com.br\/wp-content\/uploads\/2021\/02\/groenlandia2.jpg 1000w, https:\/\/jornalfatosenoticias.com.br\/wp-content\/uploads\/2021\/02\/groenlandia2-300x193.jpg 300w, https:\/\/jornalfatosenoticias.com.br\/wp-content\/uploads\/2021\/02\/groenlandia2-768x495.jpg 768w\" sizes=\"auto, (max-width: 1000px) 100vw, 1000px\" \/><figcaption class=\"wp-block-jetpack-slideshow_caption gallery-caption\">A \u00e1rea com colora\u00e7\u00e3o escura finalmente tem uma explica\u00e7\u00e3o (Fotos: Jim McQuaid)<\/figcaption><\/figure><\/li><li class=\"wp-block-jetpack-slideshow_slide swiper-slide\"><figure><img loading=\"lazy\" decoding=\"async\" width=\"1000\" height=\"571\" alt=\"\" class=\"wp-block-jetpack-slideshow_image wp-image-14427\" data-id=\"14427\" src=\"https:\/\/jornalfatosenoticias.com.br\/wp-content\/uploads\/2021\/02\/groenlandia3.jpg\" srcset=\"https:\/\/jornalfatosenoticias.com.br\/wp-content\/uploads\/2021\/02\/groenlandia3.jpg 1000w, https:\/\/jornalfatosenoticias.com.br\/wp-content\/uploads\/2021\/02\/groenlandia3-300x171.jpg 300w, https:\/\/jornalfatosenoticias.com.br\/wp-content\/uploads\/2021\/02\/groenlandia3-768x439.jpg 768w\" sizes=\"auto, (max-width: 1000px) 100vw, 1000px\" \/><figcaption class=\"wp-block-jetpack-slideshow_caption gallery-caption\">A Zona Escura \u00e9 um mecanismo de defesa contra a luz solar<\/figcaption><\/figure><\/li><\/ul><a class=\"wp-block-jetpack-slideshow_button-prev swiper-button-prev swiper-button-white\" role=\"button\"><\/a><a class=\"wp-block-jetpack-slideshow_button-next swiper-button-next swiper-button-white\" role=\"button\"><\/a><a aria-label=\"Pause Slideshow\" class=\"wp-block-jetpack-slideshow_button-pause\" role=\"button\"><\/a><div class=\"wp-block-jetpack-slideshow_pagination swiper-pagination swiper-pagination-white\"><\/div><\/div><\/div>\n\n\n\n<p>O f\u00f3sforo, bastante necess\u00e1rio para o organismo dessas algas, seria outro respons\u00e1vel por n\u00e3o refletir tanta luz. Ele \u00e9 obtido pelas algas a partir de rochas que tamb\u00e9m s\u00e3o reveladas pelo derretimento da superf\u00edcie de gelo, criando um ciclo: mudan\u00e7as clim\u00e1ticas fazem as algas aparecerem, gerando tamb\u00e9m o surgimento das rochas com f\u00f3sforo, que aumenta ainda mais a popula\u00e7\u00e3o das algas.<\/p>\n\n\n\n<h4 class=\"wp-block-heading\">E agora?<\/h4>\n\n\n\n<p>A perspectiva dos pesquisadores \u00e9 pessimista: como as altera\u00e7\u00f5es clim\u00e1ticas contribuem para a desacelera\u00e7\u00e3o do derretimento, esse processo est\u00e1 em expans\u00e3o, com as algas aparecendo em uma \u00e1rea cada vez maior da costa oeste do local.<br>Para chegar \u00e0 conclus\u00e3o, eles analisaram amostras de uma \u00e1rea de 1,7 milh\u00e3o de km\u00b2 durante dois anos. A pesquisa agora vai para uma etapa de previs\u00e3o para determinar o avan\u00e7o do derretimento do gelo da Groenl\u00e2ndia, o que pode ajudar na cria\u00e7\u00e3o de planos de conten\u00e7\u00e3o e monitoramento.<\/p>\n\n\n\n<p><strong><em>Fonte: <a href=\"https:\/\/www.megacurioso.com.br\/ciencia\/117498-cientistas-descobrem-os-segredos-da-zona-escura-da-groenlandia.htm\">Megacurioso<\/a><\/em><\/strong><\/p>\n","protected":false},"excerpt":{"rendered":"<p>A Groenl\u00e2ndia,\u00a0ex-col\u00f4nia dinamarquesa\u00a0que \u00e9 rica em min\u00e9rios e tem grande parte do territ\u00f3rio\u00a0coberto por uma camada de gelo, passa por problemas. Uma boa fatia dessa superf\u00edcie est\u00e1 derretendo a n\u00edveis ainda mais alarmantes do que o normal \u2014 e, por v\u00e1rios anos, cientistas n\u00e3o encontravam uma explica\u00e7\u00e3o para o fen\u00f4meno.A regi\u00e3o mais cr\u00edtica desse derretimento [&hellip;]<\/p>\n","protected":false},"author":2,"featured_media":14428,"comment_status":"open","ping_status":"open","sticky":false,"template":"","format":"standard","meta":{"footnotes":""},"categories":[8],"tags":[3674,810,195,806,945,7361],"class_list":["post-14425","post","type-post","status-publish","format-standard","has-post-thumbnail","hentry","category-meio-ambiente","tag-derretimento","tag-gelo","tag-geologia","tag-groenlandia","tag-meio-ambiente","tag-zona-escura"],"yoast_head":"<!-- This site is optimized with the Yoast SEO plugin v26.5 - https:\/\/yoast.com\/wordpress\/plugins\/seo\/ -->\n<title>Cientistas descobrem os segredos da zona escura da Groenl\u00e2ndia - Jornal Fatos e Not\u00edcias<\/title>\n<meta name=\"robots\" content=\"index, follow, max-snippet:-1, max-image-preview:large, max-video-preview:-1\" \/>\n<link rel=\"canonical\" href=\"https:\/\/jornalfatosenoticias.com.br\/index.php\/2021\/02\/05\/cientistas-descobrem-os-segredos-da-zona-escura-da-groenlandia\/\" \/>\n<meta property=\"og:locale\" content=\"pt_BR\" \/>\n<meta property=\"og:type\" content=\"article\" \/>\n<meta property=\"og:title\" content=\"Cientistas descobrem os segredos da zona escura da Groenl\u00e2ndia - Jornal Fatos e Not\u00edcias\" \/>\n<meta property=\"og:description\" content=\"A Groenl\u00e2ndia,\u00a0ex-col\u00f4nia dinamarquesa\u00a0que \u00e9 rica em min\u00e9rios e tem grande parte do territ\u00f3rio\u00a0coberto por uma camada de gelo, passa por problemas. Uma boa fatia dessa superf\u00edcie est\u00e1 derretendo a n\u00edveis ainda mais alarmantes do que o normal \u2014 e, por v\u00e1rios anos, cientistas n\u00e3o encontravam uma explica\u00e7\u00e3o para o fen\u00f4meno.A regi\u00e3o mais cr\u00edtica desse derretimento [&hellip;]\" \/>\n<meta property=\"og:url\" content=\"https:\/\/jornalfatosenoticias.com.br\/index.php\/2021\/02\/05\/cientistas-descobrem-os-segredos-da-zona-escura-da-groenlandia\/\" \/>\n<meta property=\"og:site_name\" content=\"Jornal Fatos e Not\u00edcias\" \/>\n<meta property=\"article:published_time\" content=\"2021-02-05T16:51:41+00:00\" \/>\n<meta property=\"article:modified_time\" content=\"2021-02-05T16:51:46+00:00\" \/>\n<meta property=\"og:image\" content=\"https:\/\/jornalfatosenoticias.com.br\/wp-content\/uploads\/2021\/02\/groenlandia1.jpg\" \/>\n\t<meta property=\"og:image:width\" content=\"1000\" \/>\n\t<meta property=\"og:image:height\" content=\"543\" \/>\n\t<meta property=\"og:image:type\" content=\"image\/jpeg\" \/>\n<meta name=\"author\" content=\"Luzimara Fernandes\" \/>\n<meta name=\"twitter:card\" content=\"summary_large_image\" \/>\n<meta name=\"twitter:label1\" content=\"Escrito por\" \/>\n\t<meta name=\"twitter:data1\" content=\"Luzimara Fernandes\" \/>\n\t<meta name=\"twitter:label2\" content=\"Est. tempo de leitura\" \/>\n\t<meta name=\"twitter:data2\" content=\"2 minutos\" \/>\n<script type=\"application\/ld+json\" class=\"yoast-schema-graph\">{\"@context\":\"https:\/\/schema.org\",\"@graph\":[{\"@type\":\"Article\",\"@id\":\"https:\/\/jornalfatosenoticias.com.br\/index.php\/2021\/02\/05\/cientistas-descobrem-os-segredos-da-zona-escura-da-groenlandia\/#article\",\"isPartOf\":{\"@id\":\"https:\/\/jornalfatosenoticias.com.br\/index.php\/2021\/02\/05\/cientistas-descobrem-os-segredos-da-zona-escura-da-groenlandia\/\"},\"author\":{\"name\":\"Luzimara Fernandes\",\"@id\":\"https:\/\/jornalfatosenoticias.com.br\/#\/schema\/person\/d63837fa13ac8666eb9e74e0985d6f81\"},\"headline\":\"Cientistas descobrem os segredos da zona escura da Groenl\u00e2ndia\",\"datePublished\":\"2021-02-05T16:51:41+00:00\",\"dateModified\":\"2021-02-05T16:51:46+00:00\",\"mainEntityOfPage\":{\"@id\":\"https:\/\/jornalfatosenoticias.com.br\/index.php\/2021\/02\/05\/cientistas-descobrem-os-segredos-da-zona-escura-da-groenlandia\/\"},\"wordCount\":473,\"commentCount\":0,\"publisher\":{\"@id\":\"https:\/\/jornalfatosenoticias.com.br\/#organization\"},\"image\":{\"@id\":\"https:\/\/jornalfatosenoticias.com.br\/index.php\/2021\/02\/05\/cientistas-descobrem-os-segredos-da-zona-escura-da-groenlandia\/#primaryimage\"},\"thumbnailUrl\":\"https:\/\/jornalfatosenoticias.com.br\/wp-content\/uploads\/2021\/02\/groenlandia1.jpg\",\"keywords\":[\"derretimento\",\"gelo\",\"geologia\",\"Groenl\u00e2ndia\",\"meio ambiente\",\"Zona Escura\"],\"articleSection\":[\"Meio ambiente\"],\"inLanguage\":\"pt-BR\",\"potentialAction\":[{\"@type\":\"CommentAction\",\"name\":\"Comment\",\"target\":[\"https:\/\/jornalfatosenoticias.com.br\/index.php\/2021\/02\/05\/cientistas-descobrem-os-segredos-da-zona-escura-da-groenlandia\/#respond\"]}]},{\"@type\":\"WebPage\",\"@id\":\"https:\/\/jornalfatosenoticias.com.br\/index.php\/2021\/02\/05\/cientistas-descobrem-os-segredos-da-zona-escura-da-groenlandia\/\",\"url\":\"https:\/\/jornalfatosenoticias.com.br\/index.php\/2021\/02\/05\/cientistas-descobrem-os-segredos-da-zona-escura-da-groenlandia\/\",\"name\":\"Cientistas descobrem os segredos da zona escura da Groenl\u00e2ndia - Jornal Fatos e Not\u00edcias\",\"isPartOf\":{\"@id\":\"https:\/\/jornalfatosenoticias.com.br\/#website\"},\"primaryImageOfPage\":{\"@id\":\"https:\/\/jornalfatosenoticias.com.br\/index.php\/2021\/02\/05\/cientistas-descobrem-os-segredos-da-zona-escura-da-groenlandia\/#primaryimage\"},\"image\":{\"@id\":\"https:\/\/jornalfatosenoticias.com.br\/index.php\/2021\/02\/05\/cientistas-descobrem-os-segredos-da-zona-escura-da-groenlandia\/#primaryimage\"},\"thumbnailUrl\":\"https:\/\/jornalfatosenoticias.com.br\/wp-content\/uploads\/2021\/02\/groenlandia1.jpg\",\"datePublished\":\"2021-02-05T16:51:41+00:00\",\"dateModified\":\"2021-02-05T16:51:46+00:00\",\"breadcrumb\":{\"@id\":\"https:\/\/jornalfatosenoticias.com.br\/index.php\/2021\/02\/05\/cientistas-descobrem-os-segredos-da-zona-escura-da-groenlandia\/#breadcrumb\"},\"inLanguage\":\"pt-BR\",\"potentialAction\":[{\"@type\":\"ReadAction\",\"target\":[\"https:\/\/jornalfatosenoticias.com.br\/index.php\/2021\/02\/05\/cientistas-descobrem-os-segredos-da-zona-escura-da-groenlandia\/\"]}]},{\"@type\":\"ImageObject\",\"inLanguage\":\"pt-BR\",\"@id\":\"https:\/\/jornalfatosenoticias.com.br\/index.php\/2021\/02\/05\/cientistas-descobrem-os-segredos-da-zona-escura-da-groenlandia\/#primaryimage\",\"url\":\"https:\/\/jornalfatosenoticias.com.br\/wp-content\/uploads\/2021\/02\/groenlandia1.jpg\",\"contentUrl\":\"https:\/\/jornalfatosenoticias.com.br\/wp-content\/uploads\/2021\/02\/groenlandia1.jpg\",\"width\":1000,\"height\":543},{\"@type\":\"BreadcrumbList\",\"@id\":\"https:\/\/jornalfatosenoticias.com.br\/index.php\/2021\/02\/05\/cientistas-descobrem-os-segredos-da-zona-escura-da-groenlandia\/#breadcrumb\",\"itemListElement\":[{\"@type\":\"ListItem\",\"position\":1,\"name\":\"In\u00edcio\",\"item\":\"https:\/\/jornalfatosenoticias.com.br\/\"},{\"@type\":\"ListItem\",\"position\":2,\"name\":\"Cientistas descobrem os segredos da zona escura da Groenl\u00e2ndia\"}]},{\"@type\":\"WebSite\",\"@id\":\"https:\/\/jornalfatosenoticias.com.br\/#website\",\"url\":\"https:\/\/jornalfatosenoticias.com.br\/\",\"name\":\"Jornal Fatos e Not\u00edcias\",\"description\":\"Not\u00edcias em geral\",\"publisher\":{\"@id\":\"https:\/\/jornalfatosenoticias.com.br\/#organization\"},\"potentialAction\":[{\"@type\":\"SearchAction\",\"target\":{\"@type\":\"EntryPoint\",\"urlTemplate\":\"https:\/\/jornalfatosenoticias.com.br\/?s={search_term_string}\"},\"query-input\":{\"@type\":\"PropertyValueSpecification\",\"valueRequired\":true,\"valueName\":\"search_term_string\"}}],\"inLanguage\":\"pt-BR\"},{\"@type\":\"Organization\",\"@id\":\"https:\/\/jornalfatosenoticias.com.br\/#organization\",\"name\":\"Jornal Fatos e Not\u00edcias\",\"url\":\"https:\/\/jornalfatosenoticias.com.br\/\",\"logo\":{\"@type\":\"ImageObject\",\"inLanguage\":\"pt-BR\",\"@id\":\"https:\/\/jornalfatosenoticias.com.br\/#\/schema\/logo\/image\/\",\"url\":\"https:\/\/jornalfatosenoticias.com.br\/wp-content\/uploads\/2020\/02\/logo120.png\",\"contentUrl\":\"https:\/\/jornalfatosenoticias.com.br\/wp-content\/uploads\/2020\/02\/logo120.png\",\"width\":1227,\"height\":120,\"caption\":\"Jornal Fatos e Not\u00edcias\"},\"image\":{\"@id\":\"https:\/\/jornalfatosenoticias.com.br\/#\/schema\/logo\/image\/\"}},{\"@type\":\"Person\",\"@id\":\"https:\/\/jornalfatosenoticias.com.br\/#\/schema\/person\/d63837fa13ac8666eb9e74e0985d6f81\",\"name\":\"Luzimara Fernandes\",\"image\":{\"@type\":\"ImageObject\",\"inLanguage\":\"pt-BR\",\"@id\":\"https:\/\/jornalfatosenoticias.com.br\/#\/schema\/person\/image\/\",\"url\":\"https:\/\/jornalfatosenoticias.com.br\/wp-content\/uploads\/2025\/05\/EU_portal.jpg\",\"contentUrl\":\"https:\/\/jornalfatosenoticias.com.br\/wp-content\/uploads\/2025\/05\/EU_portal.jpg\",\"caption\":\"Luzimara Fernandes\"},\"description\":\"Jornalista MTB 2358-ES\",\"sameAs\":[\"https:\/\/jornalfatosenoticias.com.br\"],\"url\":\"https:\/\/jornalfatosenoticias.com.br\/index.php\/author\/luzimara\/\"}]}<\/script>\n<!-- \/ Yoast SEO plugin. -->","yoast_head_json":{"title":"Cientistas descobrem os segredos da zona escura da Groenl\u00e2ndia - Jornal Fatos e Not\u00edcias","robots":{"index":"index","follow":"follow","max-snippet":"max-snippet:-1","max-image-preview":"max-image-preview:large","max-video-preview":"max-video-preview:-1"},"canonical":"https:\/\/jornalfatosenoticias.com.br\/index.php\/2021\/02\/05\/cientistas-descobrem-os-segredos-da-zona-escura-da-groenlandia\/","og_locale":"pt_BR","og_type":"article","og_title":"Cientistas descobrem os segredos da zona escura da Groenl\u00e2ndia - Jornal Fatos e Not\u00edcias","og_description":"A Groenl\u00e2ndia,\u00a0ex-col\u00f4nia dinamarquesa\u00a0que \u00e9 rica em min\u00e9rios e tem grande parte do territ\u00f3rio\u00a0coberto por uma camada de gelo, passa por problemas. Uma boa fatia dessa superf\u00edcie est\u00e1 derretendo a n\u00edveis ainda mais alarmantes do que o normal \u2014 e, por v\u00e1rios anos, cientistas n\u00e3o encontravam uma explica\u00e7\u00e3o para o fen\u00f4meno.A regi\u00e3o mais cr\u00edtica desse derretimento [&hellip;]","og_url":"https:\/\/jornalfatosenoticias.com.br\/index.php\/2021\/02\/05\/cientistas-descobrem-os-segredos-da-zona-escura-da-groenlandia\/","og_site_name":"Jornal Fatos e Not\u00edcias","article_published_time":"2021-02-05T16:51:41+00:00","article_modified_time":"2021-02-05T16:51:46+00:00","og_image":[{"width":1000,"height":543,"url":"https:\/\/jornalfatosenoticias.com.br\/wp-content\/uploads\/2021\/02\/groenlandia1.jpg","type":"image\/jpeg"}],"author":"Luzimara Fernandes","twitter_card":"summary_large_image","twitter_misc":{"Escrito por":"Luzimara Fernandes","Est. tempo de leitura":"2 minutos"},"schema":{"@context":"https:\/\/schema.org","@graph":[{"@type":"Article","@id":"https:\/\/jornalfatosenoticias.com.br\/index.php\/2021\/02\/05\/cientistas-descobrem-os-segredos-da-zona-escura-da-groenlandia\/#article","isPartOf":{"@id":"https:\/\/jornalfatosenoticias.com.br\/index.php\/2021\/02\/05\/cientistas-descobrem-os-segredos-da-zona-escura-da-groenlandia\/"},"author":{"name":"Luzimara Fernandes","@id":"https:\/\/jornalfatosenoticias.com.br\/#\/schema\/person\/d63837fa13ac8666eb9e74e0985d6f81"},"headline":"Cientistas descobrem os segredos da zona escura da Groenl\u00e2ndia","datePublished":"2021-02-05T16:51:41+00:00","dateModified":"2021-02-05T16:51:46+00:00","mainEntityOfPage":{"@id":"https:\/\/jornalfatosenoticias.com.br\/index.php\/2021\/02\/05\/cientistas-descobrem-os-segredos-da-zona-escura-da-groenlandia\/"},"wordCount":473,"commentCount":0,"publisher":{"@id":"https:\/\/jornalfatosenoticias.com.br\/#organization"},"image":{"@id":"https:\/\/jornalfatosenoticias.com.br\/index.php\/2021\/02\/05\/cientistas-descobrem-os-segredos-da-zona-escura-da-groenlandia\/#primaryimage"},"thumbnailUrl":"https:\/\/jornalfatosenoticias.com.br\/wp-content\/uploads\/2021\/02\/groenlandia1.jpg","keywords":["derretimento","gelo","geologia","Groenl\u00e2ndia","meio ambiente","Zona Escura"],"articleSection":["Meio ambiente"],"inLanguage":"pt-BR","potentialAction":[{"@type":"CommentAction","name":"Comment","target":["https:\/\/jornalfatosenoticias.com.br\/index.php\/2021\/02\/05\/cientistas-descobrem-os-segredos-da-zona-escura-da-groenlandia\/#respond"]}]},{"@type":"WebPage","@id":"https:\/\/jornalfatosenoticias.com.br\/index.php\/2021\/02\/05\/cientistas-descobrem-os-segredos-da-zona-escura-da-groenlandia\/","url":"https:\/\/jornalfatosenoticias.com.br\/index.php\/2021\/02\/05\/cientistas-descobrem-os-segredos-da-zona-escura-da-groenlandia\/","name":"Cientistas descobrem os segredos da zona escura da Groenl\u00e2ndia - Jornal Fatos e Not\u00edcias","isPartOf":{"@id":"https:\/\/jornalfatosenoticias.com.br\/#website"},"primaryImageOfPage":{"@id":"https:\/\/jornalfatosenoticias.com.br\/index.php\/2021\/02\/05\/cientistas-descobrem-os-segredos-da-zona-escura-da-groenlandia\/#primaryimage"},"image":{"@id":"https:\/\/jornalfatosenoticias.com.br\/index.php\/2021\/02\/05\/cientistas-descobrem-os-segredos-da-zona-escura-da-groenlandia\/#primaryimage"},"thumbnailUrl":"https:\/\/jornalfatosenoticias.com.br\/wp-content\/uploads\/2021\/02\/groenlandia1.jpg","datePublished":"2021-02-05T16:51:41+00:00","dateModified":"2021-02-05T16:51:46+00:00","breadcrumb":{"@id":"https:\/\/jornalfatosenoticias.com.br\/index.php\/2021\/02\/05\/cientistas-descobrem-os-segredos-da-zona-escura-da-groenlandia\/#breadcrumb"},"inLanguage":"pt-BR","potentialAction":[{"@type":"ReadAction","target":["https:\/\/jornalfatosenoticias.com.br\/index.php\/2021\/02\/05\/cientistas-descobrem-os-segredos-da-zona-escura-da-groenlandia\/"]}]},{"@type":"ImageObject","inLanguage":"pt-BR","@id":"https:\/\/jornalfatosenoticias.com.br\/index.php\/2021\/02\/05\/cientistas-descobrem-os-segredos-da-zona-escura-da-groenlandia\/#primaryimage","url":"https:\/\/jornalfatosenoticias.com.br\/wp-content\/uploads\/2021\/02\/groenlandia1.jpg","contentUrl":"https:\/\/jornalfatosenoticias.com.br\/wp-content\/uploads\/2021\/02\/groenlandia1.jpg","width":1000,"height":543},{"@type":"BreadcrumbList","@id":"https:\/\/jornalfatosenoticias.com.br\/index.php\/2021\/02\/05\/cientistas-descobrem-os-segredos-da-zona-escura-da-groenlandia\/#breadcrumb","itemListElement":[{"@type":"ListItem","position":1,"name":"In\u00edcio","item":"https:\/\/jornalfatosenoticias.com.br\/"},{"@type":"ListItem","position":2,"name":"Cientistas descobrem os segredos da zona escura da Groenl\u00e2ndia"}]},{"@type":"WebSite","@id":"https:\/\/jornalfatosenoticias.com.br\/#website","url":"https:\/\/jornalfatosenoticias.com.br\/","name":"Jornal Fatos e Not\u00edcias","description":"Not\u00edcias em geral","publisher":{"@id":"https:\/\/jornalfatosenoticias.com.br\/#organization"},"potentialAction":[{"@type":"SearchAction","target":{"@type":"EntryPoint","urlTemplate":"https:\/\/jornalfatosenoticias.com.br\/?s={search_term_string}"},"query-input":{"@type":"PropertyValueSpecification","valueRequired":true,"valueName":"search_term_string"}}],"inLanguage":"pt-BR"},{"@type":"Organization","@id":"https:\/\/jornalfatosenoticias.com.br\/#organization","name":"Jornal Fatos e Not\u00edcias","url":"https:\/\/jornalfatosenoticias.com.br\/","logo":{"@type":"ImageObject","inLanguage":"pt-BR","@id":"https:\/\/jornalfatosenoticias.com.br\/#\/schema\/logo\/image\/","url":"https:\/\/jornalfatosenoticias.com.br\/wp-content\/uploads\/2020\/02\/logo120.png","contentUrl":"https:\/\/jornalfatosenoticias.com.br\/wp-content\/uploads\/2020\/02\/logo120.png","width":1227,"height":120,"caption":"Jornal Fatos e Not\u00edcias"},"image":{"@id":"https:\/\/jornalfatosenoticias.com.br\/#\/schema\/logo\/image\/"}},{"@type":"Person","@id":"https:\/\/jornalfatosenoticias.com.br\/#\/schema\/person\/d63837fa13ac8666eb9e74e0985d6f81","name":"Luzimara Fernandes","image":{"@type":"ImageObject","inLanguage":"pt-BR","@id":"https:\/\/jornalfatosenoticias.com.br\/#\/schema\/person\/image\/","url":"https:\/\/jornalfatosenoticias.com.br\/wp-content\/uploads\/2025\/05\/EU_portal.jpg","contentUrl":"https:\/\/jornalfatosenoticias.com.br\/wp-content\/uploads\/2025\/05\/EU_portal.jpg","caption":"Luzimara Fernandes"},"description":"Jornalista MTB 2358-ES","sameAs":["https:\/\/jornalfatosenoticias.com.br"],"url":"https:\/\/jornalfatosenoticias.com.br\/index.php\/author\/luzimara\/"}]}},"cc_featured_image_caption":{"caption_text":"(Foto: Jim McQuaid)","source_text":"","source_url":""},"jetpack_featured_media_url":"https:\/\/jornalfatosenoticias.com.br\/wp-content\/uploads\/2021\/02\/groenlandia1.jpg","_links":{"self":[{"href":"https:\/\/jornalfatosenoticias.com.br\/index.php\/wp-json\/wp\/v2\/posts\/14425","targetHints":{"allow":["GET"]}}],"collection":[{"href":"https:\/\/jornalfatosenoticias.com.br\/index.php\/wp-json\/wp\/v2\/posts"}],"about":[{"href":"https:\/\/jornalfatosenoticias.com.br\/index.php\/wp-json\/wp\/v2\/types\/post"}],"author":[{"embeddable":true,"href":"https:\/\/jornalfatosenoticias.com.br\/index.php\/wp-json\/wp\/v2\/users\/2"}],"replies":[{"embeddable":true,"href":"https:\/\/jornalfatosenoticias.com.br\/index.php\/wp-json\/wp\/v2\/comments?post=14425"}],"version-history":[{"count":0,"href":"https:\/\/jornalfatosenoticias.com.br\/index.php\/wp-json\/wp\/v2\/posts\/14425\/revisions"}],"wp:featuredmedia":[{"embeddable":true,"href":"https:\/\/jornalfatosenoticias.com.br\/index.php\/wp-json\/wp\/v2\/media\/14428"}],"wp:attachment":[{"href":"https:\/\/jornalfatosenoticias.com.br\/index.php\/wp-json\/wp\/v2\/media?parent=14425"}],"wp:term":[{"taxonomy":"category","embeddable":true,"href":"https:\/\/jornalfatosenoticias.com.br\/index.php\/wp-json\/wp\/v2\/categories?post=14425"},{"taxonomy":"post_tag","embeddable":true,"href":"https:\/\/jornalfatosenoticias.com.br\/index.php\/wp-json\/wp\/v2\/tags?post=14425"}],"curies":[{"name":"wp","href":"https:\/\/api.w.org\/{rel}","templated":true}]}}