{"id":14484,"date":"2021-02-09T20:36:56","date_gmt":"2021-02-09T23:36:56","guid":{"rendered":"https:\/\/jornalfatosenoticias.com.br\/?p=14484"},"modified":"2021-02-09T20:37:00","modified_gmt":"2021-02-09T23:37:00","slug":"governo-do-estado-falha-com-o-meio-ambiente","status":"publish","type":"post","link":"https:\/\/jornalfatosenoticias.com.br\/index.php\/2021\/02\/09\/governo-do-estado-falha-com-o-meio-ambiente\/","title":{"rendered":"Governo do Estado falha com o meio ambiente"},"content":{"rendered":"\n<h6 class=\"wp-block-heading\"><em>\u00c9 no que acredita o ambientalista Eraylton Moreschi J\u00fanior, ao pedir o impeachment do governador Renato Casagrande<\/em><\/h6>\n\n\n\n<p>Ambientalista e presidente da Juntos-SOS ES Ambiental, Eraylton Moreschi J\u00fanior, protocolizou, no \u00faltimo dia 03, pedido de impeachment do governador Renato Casagrande, alegando improbidade administrativa. Para ele, a situa\u00e7\u00e3o de desequil\u00edbrio ambiental em que se encontra o Estado do Esp\u00edrito Santo se deve \u00e0 omiss\u00e3o do governador que, segundo Eraylton, vem infringindo a lei, pela pr\u00e1tica de improbidade na administra\u00e7\u00e3o. \u201cPara se ter uma ideia no seu primeiro dia de gest\u00e3o, deu posse, como diretor-presidente do Instituto Estadual de Meio Ambiente e Recursos H\u00eddricos (Iema), ao senhor Alaimar Fi\u00faza, ex-funcion\u00e1rio do alto escal\u00e3o da empresa Vale S.A. por mais de 30 anos\u201d, critica.<br>De acordo com Eraylton, ao analisar a nomea\u00e7\u00e3o feita pelo governador, observa-se o grau de comprometimento do Estado com a quest\u00e3o ambiental, uma vez que, a pessoa respons\u00e1vel por uma das pastas pertinentes ao tema, veio de uma empresa copropriet\u00e1ria da Samarco que foi a causadora de um dos maiores desastres ambientais do Pa\u00eds.<br>\u201cO crime que ocorreu em Mariana, em 2015, at\u00e9 hoje traz sofrimento e dor a capixabas e mineiros, que foram diretamente atingidos pelo rompimento das barragens. Esse epis\u00f3dio deixou mais de duas centenas de empregados e populares mortos e feridos\u201d, desabafa. \u201cPrecisamos lembrar que tais mortes e devasta\u00e7\u00e3o ambiental poderiam ter sido evitadas se a Vale e sua equipe de gestores tivessem agido com transpar\u00eancia e respeito com as vidas de seus colaboradores, pois os problemas estruturais da barragem eram deles conhecidos, como relatado na imprensa nacional e internacional. Inclusive, foi noticiado que o laudo que atestava a regularidade da barragem de Brumadinho foi obtido por atos escusos de seus gestores\u201d, denuncia.<br>Para Eraylton, situa\u00e7\u00f5es como a citada acima acontecem por falta de fiscaliza\u00e7\u00e3o, que \u00e9 muito falha em todo o Pa\u00eds. \u201cO senhor Alaimar Fi\u00faza est\u00e1 exercendo a fun\u00e7\u00e3o de diretor-presidente do Iema h\u00e1 mais de dois anos, e uma das suas responsabilidades no \u00f3rg\u00e3o \u00e9 fiscalizar e controlar as atividades de meio ambiente, o que, infelizmente, n\u00e3o acontece\u201d.<br>Quanto \u00e0 Companhia Esp\u00edrito-Santense de Saneamento (Cesan) e a Parceria P\u00fablico-Privada Serra Ambiental, Eraylton afirma que tem acompanhado as den\u00fancias feitas pelo secret\u00e1rio de Meio Ambiente do munic\u00edpio da Serra, o engenheiro ambiental, Cl\u00e1udio Denicoli, em entrevistas ao jornal Fatos &amp; not\u00edcias e que, a cada dia que passa, fica mais percept\u00edvel como o povo capixaba est\u00e1 desassistido. \u201cO secret\u00e1rio ambiental da Serra \u00e9 conhecedor do assunto, est\u00e1 fundamentado, e, por isso, no \u00faltimo dia 31, oficializamos, na Ouvidoria-Geral do Estado, explica\u00e7\u00f5es t\u00e9cnicas do Iema que estejam em acordo com o que est\u00e1 assegurado pela Lei 12.527\/2011\u201d, explica.<br>Como o tema \u00e9 delicado, o Fatos &amp; Not\u00edcias tem procurado tratar o tema com responsabilidade e isen\u00e7\u00e3o. Visando sempre o bem-estar comum e o lado social do problema. Por isso, procuramos parlamentares, cujas comiss\u00f5es t\u00eam liga\u00e7\u00e3o com o meio ambiente.<\/p>\n\n\n\n<div class=\"wp-block-jetpack-slideshow aligncenter\" data-effect=\"slide\"><div class=\"wp-block-jetpack-slideshow_container swiper-container\"><ul class=\"wp-block-jetpack-slideshow_swiper-wrapper swiper-wrapper\"><li class=\"wp-block-jetpack-slideshow_slide swiper-slide\"><figure><img loading=\"lazy\" decoding=\"async\" width=\"1000\" height=\"667\" alt=\"\" class=\"wp-block-jetpack-slideshow_image wp-image-14485\" data-id=\"14485\" src=\"https:\/\/jornalfatosenoticias.com.br\/wp-content\/uploads\/2021\/02\/Eraylton.jpg\" srcset=\"https:\/\/jornalfatosenoticias.com.br\/wp-content\/uploads\/2021\/02\/Eraylton.jpg 1000w, https:\/\/jornalfatosenoticias.com.br\/wp-content\/uploads\/2021\/02\/Eraylton-300x200.jpg 300w, https:\/\/jornalfatosenoticias.com.br\/wp-content\/uploads\/2021\/02\/Eraylton-768x512.jpg 768w\" sizes=\"auto, (max-width: 1000px) 100vw, 1000px\" \/><figcaption class=\"wp-block-jetpack-slideshow_caption gallery-caption\">Eraylton Moreschi J\u00fanior, presidente da Juntos-SOS ES Ambiental (Assessoria de comunica\u00e7\u00e3o)<\/figcaption><\/figure><\/li><li class=\"wp-block-jetpack-slideshow_slide swiper-slide\"><figure><img loading=\"lazy\" decoding=\"async\" width=\"1000\" height=\"562\" alt=\"\" class=\"wp-block-jetpack-slideshow_image wp-image-14486\" data-id=\"14486\" src=\"https:\/\/jornalfatosenoticias.com.br\/wp-content\/uploads\/2021\/02\/ETE-Andre-Carloni.jpg\" srcset=\"https:\/\/jornalfatosenoticias.com.br\/wp-content\/uploads\/2021\/02\/ETE-Andre-Carloni.jpg 1000w, https:\/\/jornalfatosenoticias.com.br\/wp-content\/uploads\/2021\/02\/ETE-Andre-Carloni-300x169.jpg 300w, https:\/\/jornalfatosenoticias.com.br\/wp-content\/uploads\/2021\/02\/ETE-Andre-Carloni-768x432.jpg 768w\" sizes=\"auto, (max-width: 1000px) 100vw, 1000px\" \/><figcaption class=\"wp-block-jetpack-slideshow_caption gallery-caption\">ETE de Andr\u00e9 Carloni (Haroldo Cordeiro Filho\/Drone)<\/figcaption><\/figure><\/li><li class=\"wp-block-jetpack-slideshow_slide swiper-slide\"><figure><img loading=\"lazy\" decoding=\"async\" width=\"1000\" height=\"587\" alt=\"\" class=\"wp-block-jetpack-slideshow_image wp-image-14487\" data-id=\"14487\" src=\"https:\/\/jornalfatosenoticias.com.br\/wp-content\/uploads\/2021\/02\/Mariana-405.jpg\" srcset=\"https:\/\/jornalfatosenoticias.com.br\/wp-content\/uploads\/2021\/02\/Mariana-405.jpg 1000w, https:\/\/jornalfatosenoticias.com.br\/wp-content\/uploads\/2021\/02\/Mariana-405-300x176.jpg 300w, https:\/\/jornalfatosenoticias.com.br\/wp-content\/uploads\/2021\/02\/Mariana-405-768x451.jpg 768w\" sizes=\"auto, (max-width: 1000px) 100vw, 1000px\" \/><figcaption class=\"wp-block-jetpack-slideshow_caption gallery-caption\">\u00c1rea afetada pelo rompimento de barragem no distrito de Bento Rodrigues, zona rural de Mariana, em Minas Gerais (Foto: Reprodu\u00e7\u00e3o)<\/figcaption><\/figure><\/li><\/ul><a class=\"wp-block-jetpack-slideshow_button-prev swiper-button-prev swiper-button-white\" role=\"button\"><\/a><a class=\"wp-block-jetpack-slideshow_button-next swiper-button-next swiper-button-white\" role=\"button\"><\/a><a aria-label=\"Pause Slideshow\" class=\"wp-block-jetpack-slideshow_button-pause\" role=\"button\"><\/a><div class=\"wp-block-jetpack-slideshow_pagination swiper-pagination swiper-pagination-white\"><\/div><\/div><\/div>\n\n\n\n<p>O deputado S\u00e9rgio Majeski (PSB), membro da Comiss\u00e3o de Prote\u00e7\u00e3o ao Meio Ambiente e aos Animais da Assembleia Legislativa do ES (Ales), relatou que, ainda em 2019, idealizou a cria\u00e7\u00e3o da Comiss\u00e3o de Inqu\u00e9rito Parlamentar (CPI) para apurar e investigar den\u00fancias a respeito da legalidade dos Termos de Compromisso Ambiental 035\/2018 \u2014 Vale e 036\/2018 \u2014 ArcelorMittal e da Licen\u00e7a de Opera\u00e7\u00e3o 123\/2018 \u2014 Vale, mas estranhamente n\u00e3o foi eleito presidente do colegiado e, pouco tempo depois, o foco da CPI foi completamente desconfigurado, contra o seu voto. \u201c\u00c9 evidente que h\u00e1 problemas no controle e na fiscaliza\u00e7\u00e3o das poluidoras. Vamos aguardar a an\u00e1lise da procuradoria da Assembleia Legislativa sobre o pedido protocolado&#8221;, disse o deputado.<br>J\u00e1 o deputado Alexandre Xambinho (PL) disse que o projeto da PPP Serra Ambiental foi votado e aprovado pela C\u00e2mara da Serra em 2013, e era um belo projeto para o munic\u00edpio, cujo projeto de saneamento b\u00e1sico levaria a cidade da Serra a ter 100% de esgoto tratado. \u201cHoje, a Serra Ambiental divulga que o munic\u00edpio tem 90% de rede de esgoto. Cobrei da Serra Ambiental a constru\u00e7\u00e3o de novas esta\u00e7\u00f5es de tratamento de esgoto na cidade, para que realmente ele seja 100% tratado\u201d, enfatizou.<\/p>\n","protected":false},"excerpt":{"rendered":"<p>\u00c9 no que acredita o ambientalista Eraylton Moreschi J\u00fanior, ao pedir o impeachment do governador Renato Casagrande Ambientalista e presidente da Juntos-SOS ES Ambiental, Eraylton Moreschi J\u00fanior, protocolizou, no \u00faltimo dia 03, pedido de impeachment do governador Renato Casagrande, alegando improbidade administrativa. Para ele, a situa\u00e7\u00e3o de desequil\u00edbrio ambiental em que se encontra o Estado [&hellip;]<\/p>\n","protected":false},"author":3,"featured_media":14488,"comment_status":"open","ping_status":"open","sticky":false,"template":"","format":"standard","meta":{"footnotes":""},"categories":[8,10],"tags":[2135,7389,1415,706],"class_list":["post-14484","post","type-post","status-publish","format-standard","has-post-thumbnail","hentry","category-meio-ambiente","category-politica","tag-cesan","tag-eraylton-moreschi-jr","tag-governo-do-es","tag-renato-casagrande"],"yoast_head":"<!-- This site is optimized with the Yoast SEO plugin v26.5 - https:\/\/yoast.com\/wordpress\/plugins\/seo\/ -->\n<title>Governo do Estado falha com o meio ambiente - Jornal Fatos e Not\u00edcias<\/title>\n<meta name=\"robots\" content=\"index, follow, max-snippet:-1, max-image-preview:large, max-video-preview:-1\" \/>\n<link rel=\"canonical\" href=\"https:\/\/jornalfatosenoticias.com.br\/index.php\/2021\/02\/09\/governo-do-estado-falha-com-o-meio-ambiente\/\" \/>\n<meta property=\"og:locale\" content=\"pt_BR\" \/>\n<meta property=\"og:type\" content=\"article\" \/>\n<meta property=\"og:title\" content=\"Governo do Estado falha com o meio ambiente - Jornal Fatos e Not\u00edcias\" \/>\n<meta property=\"og:description\" content=\"\u00c9 no que acredita o ambientalista Eraylton Moreschi J\u00fanior, ao pedir o impeachment do governador Renato Casagrande Ambientalista e presidente da Juntos-SOS ES Ambiental, Eraylton Moreschi J\u00fanior, protocolizou, no \u00faltimo dia 03, pedido de impeachment do governador Renato Casagrande, alegando improbidade administrativa. Para ele, a situa\u00e7\u00e3o de desequil\u00edbrio ambiental em que se encontra o Estado [&hellip;]\" \/>\n<meta property=\"og:url\" content=\"https:\/\/jornalfatosenoticias.com.br\/index.php\/2021\/02\/09\/governo-do-estado-falha-com-o-meio-ambiente\/\" \/>\n<meta property=\"og:site_name\" content=\"Jornal Fatos e Not\u00edcias\" \/>\n<meta property=\"article:published_time\" content=\"2021-02-09T23:36:56+00:00\" \/>\n<meta property=\"article:modified_time\" content=\"2021-02-09T23:37:00+00:00\" \/>\n<meta property=\"og:image\" content=\"https:\/\/jornalfatosenoticias.com.br\/wp-content\/uploads\/2021\/02\/poluicao-vitoria.jpg\" \/>\n\t<meta property=\"og:image:width\" content=\"1000\" \/>\n\t<meta property=\"og:image:height\" content=\"897\" \/>\n\t<meta property=\"og:image:type\" content=\"image\/jpeg\" \/>\n<meta name=\"author\" content=\"Haroldo Filho\" \/>\n<meta name=\"twitter:card\" content=\"summary_large_image\" \/>\n<meta name=\"twitter:label1\" content=\"Escrito por\" \/>\n\t<meta name=\"twitter:data1\" content=\"Haroldo Filho\" \/>\n\t<meta name=\"twitter:label2\" content=\"Est. tempo de leitura\" \/>\n\t<meta name=\"twitter:data2\" content=\"4 minutos\" \/>\n<script type=\"application\/ld+json\" class=\"yoast-schema-graph\">{\"@context\":\"https:\/\/schema.org\",\"@graph\":[{\"@type\":\"Article\",\"@id\":\"https:\/\/jornalfatosenoticias.com.br\/index.php\/2021\/02\/09\/governo-do-estado-falha-com-o-meio-ambiente\/#article\",\"isPartOf\":{\"@id\":\"https:\/\/jornalfatosenoticias.com.br\/index.php\/2021\/02\/09\/governo-do-estado-falha-com-o-meio-ambiente\/\"},\"author\":{\"name\":\"Haroldo Filho\",\"@id\":\"https:\/\/jornalfatosenoticias.com.br\/#\/schema\/person\/05c46cc25b42a5c27e004fb0fa6b4965\"},\"headline\":\"Governo do Estado falha com o meio ambiente\",\"datePublished\":\"2021-02-09T23:36:56+00:00\",\"dateModified\":\"2021-02-09T23:37:00+00:00\",\"mainEntityOfPage\":{\"@id\":\"https:\/\/jornalfatosenoticias.com.br\/index.php\/2021\/02\/09\/governo-do-estado-falha-com-o-meio-ambiente\/\"},\"wordCount\":773,\"commentCount\":0,\"publisher\":{\"@id\":\"https:\/\/jornalfatosenoticias.com.br\/#organization\"},\"image\":{\"@id\":\"https:\/\/jornalfatosenoticias.com.br\/index.php\/2021\/02\/09\/governo-do-estado-falha-com-o-meio-ambiente\/#primaryimage\"},\"thumbnailUrl\":\"https:\/\/jornalfatosenoticias.com.br\/wp-content\/uploads\/2021\/02\/poluicao-vitoria.jpg\",\"keywords\":[\"Cesan\",\"Eraylton Moreschi Jr\",\"Governo do ES\",\"Renato Casagrande\"],\"articleSection\":[\"Meio ambiente\",\"Pol\u00edtica\"],\"inLanguage\":\"pt-BR\",\"potentialAction\":[{\"@type\":\"CommentAction\",\"name\":\"Comment\",\"target\":[\"https:\/\/jornalfatosenoticias.com.br\/index.php\/2021\/02\/09\/governo-do-estado-falha-com-o-meio-ambiente\/#respond\"]}]},{\"@type\":\"WebPage\",\"@id\":\"https:\/\/jornalfatosenoticias.com.br\/index.php\/2021\/02\/09\/governo-do-estado-falha-com-o-meio-ambiente\/\",\"url\":\"https:\/\/jornalfatosenoticias.com.br\/index.php\/2021\/02\/09\/governo-do-estado-falha-com-o-meio-ambiente\/\",\"name\":\"Governo do Estado falha com o meio ambiente - Jornal Fatos e Not\u00edcias\",\"isPartOf\":{\"@id\":\"https:\/\/jornalfatosenoticias.com.br\/#website\"},\"primaryImageOfPage\":{\"@id\":\"https:\/\/jornalfatosenoticias.com.br\/index.php\/2021\/02\/09\/governo-do-estado-falha-com-o-meio-ambiente\/#primaryimage\"},\"image\":{\"@id\":\"https:\/\/jornalfatosenoticias.com.br\/index.php\/2021\/02\/09\/governo-do-estado-falha-com-o-meio-ambiente\/#primaryimage\"},\"thumbnailUrl\":\"https:\/\/jornalfatosenoticias.com.br\/wp-content\/uploads\/2021\/02\/poluicao-vitoria.jpg\",\"datePublished\":\"2021-02-09T23:36:56+00:00\",\"dateModified\":\"2021-02-09T23:37:00+00:00\",\"breadcrumb\":{\"@id\":\"https:\/\/jornalfatosenoticias.com.br\/index.php\/2021\/02\/09\/governo-do-estado-falha-com-o-meio-ambiente\/#breadcrumb\"},\"inLanguage\":\"pt-BR\",\"potentialAction\":[{\"@type\":\"ReadAction\",\"target\":[\"https:\/\/jornalfatosenoticias.com.br\/index.php\/2021\/02\/09\/governo-do-estado-falha-com-o-meio-ambiente\/\"]}]},{\"@type\":\"ImageObject\",\"inLanguage\":\"pt-BR\",\"@id\":\"https:\/\/jornalfatosenoticias.com.br\/index.php\/2021\/02\/09\/governo-do-estado-falha-com-o-meio-ambiente\/#primaryimage\",\"url\":\"https:\/\/jornalfatosenoticias.com.br\/wp-content\/uploads\/2021\/02\/poluicao-vitoria.jpg\",\"contentUrl\":\"https:\/\/jornalfatosenoticias.com.br\/wp-content\/uploads\/2021\/02\/poluicao-vitoria.jpg\",\"width\":1000,\"height\":897},{\"@type\":\"BreadcrumbList\",\"@id\":\"https:\/\/jornalfatosenoticias.com.br\/index.php\/2021\/02\/09\/governo-do-estado-falha-com-o-meio-ambiente\/#breadcrumb\",\"itemListElement\":[{\"@type\":\"ListItem\",\"position\":1,\"name\":\"In\u00edcio\",\"item\":\"https:\/\/jornalfatosenoticias.com.br\/\"},{\"@type\":\"ListItem\",\"position\":2,\"name\":\"Governo do Estado falha com o meio ambiente\"}]},{\"@type\":\"WebSite\",\"@id\":\"https:\/\/jornalfatosenoticias.com.br\/#website\",\"url\":\"https:\/\/jornalfatosenoticias.com.br\/\",\"name\":\"Jornal Fatos e Not\u00edcias\",\"description\":\"Not\u00edcias em geral\",\"publisher\":{\"@id\":\"https:\/\/jornalfatosenoticias.com.br\/#organization\"},\"potentialAction\":[{\"@type\":\"SearchAction\",\"target\":{\"@type\":\"EntryPoint\",\"urlTemplate\":\"https:\/\/jornalfatosenoticias.com.br\/?s={search_term_string}\"},\"query-input\":{\"@type\":\"PropertyValueSpecification\",\"valueRequired\":true,\"valueName\":\"search_term_string\"}}],\"inLanguage\":\"pt-BR\"},{\"@type\":\"Organization\",\"@id\":\"https:\/\/jornalfatosenoticias.com.br\/#organization\",\"name\":\"Jornal Fatos e Not\u00edcias\",\"url\":\"https:\/\/jornalfatosenoticias.com.br\/\",\"logo\":{\"@type\":\"ImageObject\",\"inLanguage\":\"pt-BR\",\"@id\":\"https:\/\/jornalfatosenoticias.com.br\/#\/schema\/logo\/image\/\",\"url\":\"https:\/\/jornalfatosenoticias.com.br\/wp-content\/uploads\/2020\/02\/logo120.png\",\"contentUrl\":\"https:\/\/jornalfatosenoticias.com.br\/wp-content\/uploads\/2020\/02\/logo120.png\",\"width\":1227,\"height\":120,\"caption\":\"Jornal Fatos e Not\u00edcias\"},\"image\":{\"@id\":\"https:\/\/jornalfatosenoticias.com.br\/#\/schema\/logo\/image\/\"}},{\"@type\":\"Person\",\"@id\":\"https:\/\/jornalfatosenoticias.com.br\/#\/schema\/person\/05c46cc25b42a5c27e004fb0fa6b4965\",\"name\":\"Haroldo Filho\",\"image\":{\"@type\":\"ImageObject\",\"inLanguage\":\"pt-BR\",\"@id\":\"https:\/\/jornalfatosenoticias.com.br\/#\/schema\/person\/image\/\",\"url\":\"https:\/\/jornalfatosenoticias.com.br\/wp-content\/uploads\/2025\/08\/WhatsApp-Image-2025-08-18-at-15.30.28-150x150.jpeg\",\"contentUrl\":\"https:\/\/jornalfatosenoticias.com.br\/wp-content\/uploads\/2025\/08\/WhatsApp-Image-2025-08-18-at-15.30.28-150x150.jpeg\",\"caption\":\"Haroldo Filho\"},\"description\":\"Jornalista \u2013 DRT: 0003818\/ES Coordenador-geral da ONG Educar para Crescer\",\"url\":\"https:\/\/jornalfatosenoticias.com.br\/index.php\/author\/haroldo\/\"}]}<\/script>\n<!-- \/ Yoast SEO plugin. -->","yoast_head_json":{"title":"Governo do Estado falha com o meio ambiente - Jornal Fatos e Not\u00edcias","robots":{"index":"index","follow":"follow","max-snippet":"max-snippet:-1","max-image-preview":"max-image-preview:large","max-video-preview":"max-video-preview:-1"},"canonical":"https:\/\/jornalfatosenoticias.com.br\/index.php\/2021\/02\/09\/governo-do-estado-falha-com-o-meio-ambiente\/","og_locale":"pt_BR","og_type":"article","og_title":"Governo do Estado falha com o meio ambiente - Jornal Fatos e Not\u00edcias","og_description":"\u00c9 no que acredita o ambientalista Eraylton Moreschi J\u00fanior, ao pedir o impeachment do governador Renato Casagrande Ambientalista e presidente da Juntos-SOS ES Ambiental, Eraylton Moreschi J\u00fanior, protocolizou, no \u00faltimo dia 03, pedido de impeachment do governador Renato Casagrande, alegando improbidade administrativa. Para ele, a situa\u00e7\u00e3o de desequil\u00edbrio ambiental em que se encontra o Estado [&hellip;]","og_url":"https:\/\/jornalfatosenoticias.com.br\/index.php\/2021\/02\/09\/governo-do-estado-falha-com-o-meio-ambiente\/","og_site_name":"Jornal Fatos e Not\u00edcias","article_published_time":"2021-02-09T23:36:56+00:00","article_modified_time":"2021-02-09T23:37:00+00:00","og_image":[{"width":1000,"height":897,"url":"https:\/\/jornalfatosenoticias.com.br\/wp-content\/uploads\/2021\/02\/poluicao-vitoria.jpg","type":"image\/jpeg"}],"author":"Haroldo Filho","twitter_card":"summary_large_image","twitter_misc":{"Escrito por":"Haroldo Filho","Est. tempo de leitura":"4 minutos"},"schema":{"@context":"https:\/\/schema.org","@graph":[{"@type":"Article","@id":"https:\/\/jornalfatosenoticias.com.br\/index.php\/2021\/02\/09\/governo-do-estado-falha-com-o-meio-ambiente\/#article","isPartOf":{"@id":"https:\/\/jornalfatosenoticias.com.br\/index.php\/2021\/02\/09\/governo-do-estado-falha-com-o-meio-ambiente\/"},"author":{"name":"Haroldo Filho","@id":"https:\/\/jornalfatosenoticias.com.br\/#\/schema\/person\/05c46cc25b42a5c27e004fb0fa6b4965"},"headline":"Governo do Estado falha com o meio ambiente","datePublished":"2021-02-09T23:36:56+00:00","dateModified":"2021-02-09T23:37:00+00:00","mainEntityOfPage":{"@id":"https:\/\/jornalfatosenoticias.com.br\/index.php\/2021\/02\/09\/governo-do-estado-falha-com-o-meio-ambiente\/"},"wordCount":773,"commentCount":0,"publisher":{"@id":"https:\/\/jornalfatosenoticias.com.br\/#organization"},"image":{"@id":"https:\/\/jornalfatosenoticias.com.br\/index.php\/2021\/02\/09\/governo-do-estado-falha-com-o-meio-ambiente\/#primaryimage"},"thumbnailUrl":"https:\/\/jornalfatosenoticias.com.br\/wp-content\/uploads\/2021\/02\/poluicao-vitoria.jpg","keywords":["Cesan","Eraylton Moreschi Jr","Governo do ES","Renato Casagrande"],"articleSection":["Meio ambiente","Pol\u00edtica"],"inLanguage":"pt-BR","potentialAction":[{"@type":"CommentAction","name":"Comment","target":["https:\/\/jornalfatosenoticias.com.br\/index.php\/2021\/02\/09\/governo-do-estado-falha-com-o-meio-ambiente\/#respond"]}]},{"@type":"WebPage","@id":"https:\/\/jornalfatosenoticias.com.br\/index.php\/2021\/02\/09\/governo-do-estado-falha-com-o-meio-ambiente\/","url":"https:\/\/jornalfatosenoticias.com.br\/index.php\/2021\/02\/09\/governo-do-estado-falha-com-o-meio-ambiente\/","name":"Governo do Estado falha com o meio ambiente - Jornal Fatos e Not\u00edcias","isPartOf":{"@id":"https:\/\/jornalfatosenoticias.com.br\/#website"},"primaryImageOfPage":{"@id":"https:\/\/jornalfatosenoticias.com.br\/index.php\/2021\/02\/09\/governo-do-estado-falha-com-o-meio-ambiente\/#primaryimage"},"image":{"@id":"https:\/\/jornalfatosenoticias.com.br\/index.php\/2021\/02\/09\/governo-do-estado-falha-com-o-meio-ambiente\/#primaryimage"},"thumbnailUrl":"https:\/\/jornalfatosenoticias.com.br\/wp-content\/uploads\/2021\/02\/poluicao-vitoria.jpg","datePublished":"2021-02-09T23:36:56+00:00","dateModified":"2021-02-09T23:37:00+00:00","breadcrumb":{"@id":"https:\/\/jornalfatosenoticias.com.br\/index.php\/2021\/02\/09\/governo-do-estado-falha-com-o-meio-ambiente\/#breadcrumb"},"inLanguage":"pt-BR","potentialAction":[{"@type":"ReadAction","target":["https:\/\/jornalfatosenoticias.com.br\/index.php\/2021\/02\/09\/governo-do-estado-falha-com-o-meio-ambiente\/"]}]},{"@type":"ImageObject","inLanguage":"pt-BR","@id":"https:\/\/jornalfatosenoticias.com.br\/index.php\/2021\/02\/09\/governo-do-estado-falha-com-o-meio-ambiente\/#primaryimage","url":"https:\/\/jornalfatosenoticias.com.br\/wp-content\/uploads\/2021\/02\/poluicao-vitoria.jpg","contentUrl":"https:\/\/jornalfatosenoticias.com.br\/wp-content\/uploads\/2021\/02\/poluicao-vitoria.jpg","width":1000,"height":897},{"@type":"BreadcrumbList","@id":"https:\/\/jornalfatosenoticias.com.br\/index.php\/2021\/02\/09\/governo-do-estado-falha-com-o-meio-ambiente\/#breadcrumb","itemListElement":[{"@type":"ListItem","position":1,"name":"In\u00edcio","item":"https:\/\/jornalfatosenoticias.com.br\/"},{"@type":"ListItem","position":2,"name":"Governo do Estado falha com o meio ambiente"}]},{"@type":"WebSite","@id":"https:\/\/jornalfatosenoticias.com.br\/#website","url":"https:\/\/jornalfatosenoticias.com.br\/","name":"Jornal Fatos e Not\u00edcias","description":"Not\u00edcias em geral","publisher":{"@id":"https:\/\/jornalfatosenoticias.com.br\/#organization"},"potentialAction":[{"@type":"SearchAction","target":{"@type":"EntryPoint","urlTemplate":"https:\/\/jornalfatosenoticias.com.br\/?s={search_term_string}"},"query-input":{"@type":"PropertyValueSpecification","valueRequired":true,"valueName":"search_term_string"}}],"inLanguage":"pt-BR"},{"@type":"Organization","@id":"https:\/\/jornalfatosenoticias.com.br\/#organization","name":"Jornal Fatos e Not\u00edcias","url":"https:\/\/jornalfatosenoticias.com.br\/","logo":{"@type":"ImageObject","inLanguage":"pt-BR","@id":"https:\/\/jornalfatosenoticias.com.br\/#\/schema\/logo\/image\/","url":"https:\/\/jornalfatosenoticias.com.br\/wp-content\/uploads\/2020\/02\/logo120.png","contentUrl":"https:\/\/jornalfatosenoticias.com.br\/wp-content\/uploads\/2020\/02\/logo120.png","width":1227,"height":120,"caption":"Jornal Fatos e Not\u00edcias"},"image":{"@id":"https:\/\/jornalfatosenoticias.com.br\/#\/schema\/logo\/image\/"}},{"@type":"Person","@id":"https:\/\/jornalfatosenoticias.com.br\/#\/schema\/person\/05c46cc25b42a5c27e004fb0fa6b4965","name":"Haroldo Filho","image":{"@type":"ImageObject","inLanguage":"pt-BR","@id":"https:\/\/jornalfatosenoticias.com.br\/#\/schema\/person\/image\/","url":"https:\/\/jornalfatosenoticias.com.br\/wp-content\/uploads\/2025\/08\/WhatsApp-Image-2025-08-18-at-15.30.28-150x150.jpeg","contentUrl":"https:\/\/jornalfatosenoticias.com.br\/wp-content\/uploads\/2025\/08\/WhatsApp-Image-2025-08-18-at-15.30.28-150x150.jpeg","caption":"Haroldo Filho"},"description":"Jornalista \u2013 DRT: 0003818\/ES Coordenador-geral da ONG Educar para Crescer","url":"https:\/\/jornalfatosenoticias.com.br\/index.php\/author\/haroldo\/"}]}},"cc_featured_image_caption":{"caption_text":"(Foto: Divulga\u00e7\u00e3o)","source_text":"","source_url":""},"jetpack_featured_media_url":"https:\/\/jornalfatosenoticias.com.br\/wp-content\/uploads\/2021\/02\/poluicao-vitoria.jpg","_links":{"self":[{"href":"https:\/\/jornalfatosenoticias.com.br\/index.php\/wp-json\/wp\/v2\/posts\/14484","targetHints":{"allow":["GET"]}}],"collection":[{"href":"https:\/\/jornalfatosenoticias.com.br\/index.php\/wp-json\/wp\/v2\/posts"}],"about":[{"href":"https:\/\/jornalfatosenoticias.com.br\/index.php\/wp-json\/wp\/v2\/types\/post"}],"author":[{"embeddable":true,"href":"https:\/\/jornalfatosenoticias.com.br\/index.php\/wp-json\/wp\/v2\/users\/3"}],"replies":[{"embeddable":true,"href":"https:\/\/jornalfatosenoticias.com.br\/index.php\/wp-json\/wp\/v2\/comments?post=14484"}],"version-history":[{"count":0,"href":"https:\/\/jornalfatosenoticias.com.br\/index.php\/wp-json\/wp\/v2\/posts\/14484\/revisions"}],"wp:featuredmedia":[{"embeddable":true,"href":"https:\/\/jornalfatosenoticias.com.br\/index.php\/wp-json\/wp\/v2\/media\/14488"}],"wp:attachment":[{"href":"https:\/\/jornalfatosenoticias.com.br\/index.php\/wp-json\/wp\/v2\/media?parent=14484"}],"wp:term":[{"taxonomy":"category","embeddable":true,"href":"https:\/\/jornalfatosenoticias.com.br\/index.php\/wp-json\/wp\/v2\/categories?post=14484"},{"taxonomy":"post_tag","embeddable":true,"href":"https:\/\/jornalfatosenoticias.com.br\/index.php\/wp-json\/wp\/v2\/tags?post=14484"}],"curies":[{"name":"wp","href":"https:\/\/api.w.org\/{rel}","templated":true}]}}