{"id":14504,"date":"2021-02-10T10:03:05","date_gmt":"2021-02-10T13:03:05","guid":{"rendered":"https:\/\/jornalfatosenoticias.com.br\/?p=14504"},"modified":"2021-02-10T10:03:10","modified_gmt":"2021-02-10T13:03:10","slug":"premio-professor-transformador-inscricoes-ate-1o-de-marco","status":"publish","type":"post","link":"https:\/\/jornalfatosenoticias.com.br\/index.php\/2021\/02\/10\/premio-professor-transformador-inscricoes-ate-1o-de-marco\/","title":{"rendered":"Pr\u00eamio Professor Transformador: inscri\u00e7\u00f5es at\u00e9 1\u00ba de mar\u00e7o"},"content":{"rendered":"\n<h6 class=\"wp-block-heading\"><em>Educadores vencedores receber\u00e3o dinheiro e at\u00e9 treinamento em mindfulness<\/em><\/h6>\n\n\n\n<p>As inscri\u00e7\u00f5es para o Pr\u00eamio Professor Transformador est\u00e3o abertas at\u00e9 1\u00ba de mar\u00e7o. A iniciativa reconhece projetos tidos como transformadores desenvolvidos por educadores de todo o Brasil em quatro categorias: educa\u00e7\u00e3o infantil, ensino fundamental 1, ensino fundamental 2 e ensino m\u00e9dio. As inscri\u00e7\u00f5es podem ser feitas gratuitamente por meio deste link: significare.org.br\/premio.<br>O Pr\u00eamio, em resumo, \u00e9 promovido em conjunto pelo Instituto Significare, Base2edu e Bett Educar, essa \u00faltima respons\u00e1vel pela organiza\u00e7\u00e3o do maior evento de educa\u00e7\u00e3o da Am\u00e9rica Latina \u2014 a Feira Bett Educar. Ali\u00e1s, os finalistas da premia\u00e7\u00e3o (ser\u00e3o tr\u00eas em cada categoria) ter\u00e3o a oportunidade de expor seus projetos na edi\u00e7\u00e3o do evento da Bett deste ano e o vencedor (tamb\u00e9m de cada categoria) ter\u00e1 participa\u00e7\u00e3o como convidado especial.<\/p>\n\n\n\n<h4 class=\"wp-block-heading\">Por que participar do\u00a0<em>Pr\u00eamio Professor Transformador<\/em>\u00a02021? Confira outros motivos:<\/h4>\n\n\n\n<p>\u2022 Os primeiros colocados em cada categoria ser\u00e3o premiados com um treinamento completo em medita\u00e7\u00e3o mindfulness, ministrado pela Mindkids, empresa idealizada pela especialista Daniela Degani, certificada pelo Mindfulness Training Institute da Inglaterra. O objetivo \u00e9 proporcionar oportunidades para que tamb\u00e9m os educadores cuidem do seu equil\u00edbrio emocional, t\u00e3o necess\u00e1rio em meio ao atual contexto da pandemia;<br>\u2022 Os vencedores em cada categoria receber\u00e3o trof\u00e9u e pr\u00eamios em dinheiro no valor de R$ 7 mil. J\u00e1 os segundos e terceiros colocados (tamb\u00e9m em cada categoria) receber\u00e3o, al\u00e9m do trof\u00e9u, pr\u00eamios no valor de R$ 2.500,00;<br>\u2022 O Pr\u00eamio Professor Transformador possui ampla divulga\u00e7\u00e3o nos principais ve\u00edculos de educa\u00e7\u00e3o do pa\u00eds, como a revista Educa\u00e7\u00e3o, revista Direcional Escolas, portal Porvir e portal Educador 21, entre outros. Trata-se, portanto, de uma importante oportunidade para dar visibilidade a pr\u00e1ticas educacionais transformadoras e inspiradoras;<br>\u2022 Os autores dos 350 projetos selecionados para a etapa classificat\u00f3ria do Pr\u00eamio far\u00e3o parte do Banco de Pr\u00e1ticas do Instituto Significare, um espa\u00e7o com acesso gratuito para educadores de todo o pa\u00eds, que podem consultar informa\u00e7\u00f5es em formato de v\u00eddeo, artigos e outros materiais sobre pr\u00e1ticas educacionais transformadoras;<br>\u2022 Aos 350 educadores que chegarem \u00e0 etapa classificat\u00f3ria da premia\u00e7\u00e3o, tamb\u00e9m ser\u00e1 concedido o Certificado Professor Transformador 2021 e o Selo Digital Professor Transformador, al\u00e9m da possibilidade de indicar alguma lideran\u00e7a de sua escola para receber o Certificado Lideran\u00e7a Transformadora.<\/p>\n\n\n\n<p><strong>Como se inscrever<br><\/strong>Enfim, pelo site significare.org.br\/premio, professores de todo o pa\u00eds podem se inscrever para a segunda edi\u00e7\u00e3o do Pr\u00eamio Professor Transformador. A saber, no portal tamb\u00e9m \u00e9 poss\u00edvel consultar o regulamento completo da premia\u00e7\u00e3o.<br>O educador(ra) pode inscrever mais de um projeto de sua autoria, aplicado em escola p\u00fablica ou privada, com conclus\u00e3o em 2021 ou em anos anteriores. Com essa abertura, a organiza\u00e7\u00e3o abre possibilidade para que mais projetos sejam inscritos e inspirem outros educadores pelo Brasil a tamb\u00e9m compartilharem suas iniciativas para promover uma educa\u00e7\u00e3o transformadora.<\/p>\n\n\n\n<p><strong><em>Fonte: <a href=\"https:\/\/revistaeducacao.com.br\/2021\/02\/05\/premio-professor-transformador-inscricoes\/\">Revista Educa\u00e7\u00e3o<\/a><\/em><\/strong><\/p>\n","protected":false},"excerpt":{"rendered":"<p>Educadores vencedores receber\u00e3o dinheiro e at\u00e9 treinamento em mindfulness As inscri\u00e7\u00f5es para o Pr\u00eamio Professor Transformador est\u00e3o abertas at\u00e9 1\u00ba de mar\u00e7o. A iniciativa reconhece projetos tidos como transformadores desenvolvidos por educadores de todo o Brasil em quatro categorias: educa\u00e7\u00e3o infantil, ensino fundamental 1, ensino fundamental 2 e ensino m\u00e9dio. As inscri\u00e7\u00f5es podem ser feitas [&hellip;]<\/p>\n","protected":false},"author":2,"featured_media":14505,"comment_status":"open","ping_status":"open","sticky":false,"template":"","format":"standard","meta":{"footnotes":""},"categories":[7],"tags":[1870,2556,1011,7395],"class_list":["post-14504","post","type-post","status-publish","format-standard","has-post-thumbnail","hentry","category-educacao","tag-educacao-infantil","tag-inscricoes","tag-premio","tag-premio-professor-transformador"],"yoast_head":"<!-- This site is optimized with the Yoast SEO plugin v26.5 - https:\/\/yoast.com\/wordpress\/plugins\/seo\/ -->\n<title>Pr\u00eamio Professor Transformador: inscri\u00e7\u00f5es at\u00e9 1\u00ba de mar\u00e7o - Jornal Fatos e Not\u00edcias<\/title>\n<meta name=\"robots\" content=\"index, follow, max-snippet:-1, max-image-preview:large, max-video-preview:-1\" \/>\n<link rel=\"canonical\" href=\"https:\/\/jornalfatosenoticias.com.br\/index.php\/2021\/02\/10\/premio-professor-transformador-inscricoes-ate-1o-de-marco\/\" \/>\n<meta property=\"og:locale\" content=\"pt_BR\" \/>\n<meta property=\"og:type\" content=\"article\" \/>\n<meta property=\"og:title\" content=\"Pr\u00eamio Professor Transformador: inscri\u00e7\u00f5es at\u00e9 1\u00ba de mar\u00e7o - Jornal Fatos e Not\u00edcias\" \/>\n<meta property=\"og:description\" content=\"Educadores vencedores receber\u00e3o dinheiro e at\u00e9 treinamento em mindfulness As inscri\u00e7\u00f5es para o Pr\u00eamio Professor Transformador est\u00e3o abertas at\u00e9 1\u00ba de mar\u00e7o. A iniciativa reconhece projetos tidos como transformadores desenvolvidos por educadores de todo o Brasil em quatro categorias: educa\u00e7\u00e3o infantil, ensino fundamental 1, ensino fundamental 2 e ensino m\u00e9dio. As inscri\u00e7\u00f5es podem ser feitas [&hellip;]\" \/>\n<meta property=\"og:url\" content=\"https:\/\/jornalfatosenoticias.com.br\/index.php\/2021\/02\/10\/premio-professor-transformador-inscricoes-ate-1o-de-marco\/\" \/>\n<meta property=\"og:site_name\" content=\"Jornal Fatos e Not\u00edcias\" \/>\n<meta property=\"article:published_time\" content=\"2021-02-10T13:03:05+00:00\" \/>\n<meta property=\"article:modified_time\" content=\"2021-02-10T13:03:10+00:00\" \/>\n<meta property=\"og:image\" content=\"https:\/\/jornalfatosenoticias.com.br\/wp-content\/uploads\/2021\/02\/premio-professor-transformador-inscricoes.jpg\" \/>\n\t<meta property=\"og:image:width\" content=\"1000\" \/>\n\t<meta property=\"og:image:height\" content=\"666\" \/>\n\t<meta property=\"og:image:type\" content=\"image\/jpeg\" \/>\n<meta name=\"author\" content=\"Luzimara Fernandes\" \/>\n<meta name=\"twitter:card\" content=\"summary_large_image\" \/>\n<meta name=\"twitter:label1\" content=\"Escrito por\" \/>\n\t<meta name=\"twitter:data1\" content=\"Luzimara Fernandes\" \/>\n\t<meta name=\"twitter:label2\" content=\"Est. tempo de leitura\" \/>\n\t<meta name=\"twitter:data2\" content=\"3 minutos\" \/>\n<script type=\"application\/ld+json\" class=\"yoast-schema-graph\">{\"@context\":\"https:\/\/schema.org\",\"@graph\":[{\"@type\":\"Article\",\"@id\":\"https:\/\/jornalfatosenoticias.com.br\/index.php\/2021\/02\/10\/premio-professor-transformador-inscricoes-ate-1o-de-marco\/#article\",\"isPartOf\":{\"@id\":\"https:\/\/jornalfatosenoticias.com.br\/index.php\/2021\/02\/10\/premio-professor-transformador-inscricoes-ate-1o-de-marco\/\"},\"author\":{\"name\":\"Luzimara Fernandes\",\"@id\":\"https:\/\/jornalfatosenoticias.com.br\/#\/schema\/person\/d63837fa13ac8666eb9e74e0985d6f81\"},\"headline\":\"Pr\u00eamio Professor Transformador: inscri\u00e7\u00f5es at\u00e9 1\u00ba de mar\u00e7o\",\"datePublished\":\"2021-02-10T13:03:05+00:00\",\"dateModified\":\"2021-02-10T13:03:10+00:00\",\"mainEntityOfPage\":{\"@id\":\"https:\/\/jornalfatosenoticias.com.br\/index.php\/2021\/02\/10\/premio-professor-transformador-inscricoes-ate-1o-de-marco\/\"},\"wordCount\":531,\"commentCount\":0,\"publisher\":{\"@id\":\"https:\/\/jornalfatosenoticias.com.br\/#organization\"},\"image\":{\"@id\":\"https:\/\/jornalfatosenoticias.com.br\/index.php\/2021\/02\/10\/premio-professor-transformador-inscricoes-ate-1o-de-marco\/#primaryimage\"},\"thumbnailUrl\":\"https:\/\/jornalfatosenoticias.com.br\/wp-content\/uploads\/2021\/02\/premio-professor-transformador-inscricoes.jpg\",\"keywords\":[\"educa\u00e7\u00e3o infantil\",\"inscri\u00e7\u00f5es\",\"pr\u00eamio\",\"Pr\u00eamio Professor Transformador\"],\"articleSection\":[\"Educa\u00e7\u00e3o\"],\"inLanguage\":\"pt-BR\",\"potentialAction\":[{\"@type\":\"CommentAction\",\"name\":\"Comment\",\"target\":[\"https:\/\/jornalfatosenoticias.com.br\/index.php\/2021\/02\/10\/premio-professor-transformador-inscricoes-ate-1o-de-marco\/#respond\"]}]},{\"@type\":\"WebPage\",\"@id\":\"https:\/\/jornalfatosenoticias.com.br\/index.php\/2021\/02\/10\/premio-professor-transformador-inscricoes-ate-1o-de-marco\/\",\"url\":\"https:\/\/jornalfatosenoticias.com.br\/index.php\/2021\/02\/10\/premio-professor-transformador-inscricoes-ate-1o-de-marco\/\",\"name\":\"Pr\u00eamio Professor Transformador: inscri\u00e7\u00f5es at\u00e9 1\u00ba de mar\u00e7o - Jornal Fatos e Not\u00edcias\",\"isPartOf\":{\"@id\":\"https:\/\/jornalfatosenoticias.com.br\/#website\"},\"primaryImageOfPage\":{\"@id\":\"https:\/\/jornalfatosenoticias.com.br\/index.php\/2021\/02\/10\/premio-professor-transformador-inscricoes-ate-1o-de-marco\/#primaryimage\"},\"image\":{\"@id\":\"https:\/\/jornalfatosenoticias.com.br\/index.php\/2021\/02\/10\/premio-professor-transformador-inscricoes-ate-1o-de-marco\/#primaryimage\"},\"thumbnailUrl\":\"https:\/\/jornalfatosenoticias.com.br\/wp-content\/uploads\/2021\/02\/premio-professor-transformador-inscricoes.jpg\",\"datePublished\":\"2021-02-10T13:03:05+00:00\",\"dateModified\":\"2021-02-10T13:03:10+00:00\",\"breadcrumb\":{\"@id\":\"https:\/\/jornalfatosenoticias.com.br\/index.php\/2021\/02\/10\/premio-professor-transformador-inscricoes-ate-1o-de-marco\/#breadcrumb\"},\"inLanguage\":\"pt-BR\",\"potentialAction\":[{\"@type\":\"ReadAction\",\"target\":[\"https:\/\/jornalfatosenoticias.com.br\/index.php\/2021\/02\/10\/premio-professor-transformador-inscricoes-ate-1o-de-marco\/\"]}]},{\"@type\":\"ImageObject\",\"inLanguage\":\"pt-BR\",\"@id\":\"https:\/\/jornalfatosenoticias.com.br\/index.php\/2021\/02\/10\/premio-professor-transformador-inscricoes-ate-1o-de-marco\/#primaryimage\",\"url\":\"https:\/\/jornalfatosenoticias.com.br\/wp-content\/uploads\/2021\/02\/premio-professor-transformador-inscricoes.jpg\",\"contentUrl\":\"https:\/\/jornalfatosenoticias.com.br\/wp-content\/uploads\/2021\/02\/premio-professor-transformador-inscricoes.jpg\",\"width\":1000,\"height\":666},{\"@type\":\"BreadcrumbList\",\"@id\":\"https:\/\/jornalfatosenoticias.com.br\/index.php\/2021\/02\/10\/premio-professor-transformador-inscricoes-ate-1o-de-marco\/#breadcrumb\",\"itemListElement\":[{\"@type\":\"ListItem\",\"position\":1,\"name\":\"In\u00edcio\",\"item\":\"https:\/\/jornalfatosenoticias.com.br\/\"},{\"@type\":\"ListItem\",\"position\":2,\"name\":\"Pr\u00eamio Professor Transformador: inscri\u00e7\u00f5es at\u00e9 1\u00ba de mar\u00e7o\"}]},{\"@type\":\"WebSite\",\"@id\":\"https:\/\/jornalfatosenoticias.com.br\/#website\",\"url\":\"https:\/\/jornalfatosenoticias.com.br\/\",\"name\":\"Jornal Fatos e Not\u00edcias\",\"description\":\"Not\u00edcias em geral\",\"publisher\":{\"@id\":\"https:\/\/jornalfatosenoticias.com.br\/#organization\"},\"potentialAction\":[{\"@type\":\"SearchAction\",\"target\":{\"@type\":\"EntryPoint\",\"urlTemplate\":\"https:\/\/jornalfatosenoticias.com.br\/?s={search_term_string}\"},\"query-input\":{\"@type\":\"PropertyValueSpecification\",\"valueRequired\":true,\"valueName\":\"search_term_string\"}}],\"inLanguage\":\"pt-BR\"},{\"@type\":\"Organization\",\"@id\":\"https:\/\/jornalfatosenoticias.com.br\/#organization\",\"name\":\"Jornal Fatos e Not\u00edcias\",\"url\":\"https:\/\/jornalfatosenoticias.com.br\/\",\"logo\":{\"@type\":\"ImageObject\",\"inLanguage\":\"pt-BR\",\"@id\":\"https:\/\/jornalfatosenoticias.com.br\/#\/schema\/logo\/image\/\",\"url\":\"https:\/\/jornalfatosenoticias.com.br\/wp-content\/uploads\/2020\/02\/logo120.png\",\"contentUrl\":\"https:\/\/jornalfatosenoticias.com.br\/wp-content\/uploads\/2020\/02\/logo120.png\",\"width\":1227,\"height\":120,\"caption\":\"Jornal Fatos e Not\u00edcias\"},\"image\":{\"@id\":\"https:\/\/jornalfatosenoticias.com.br\/#\/schema\/logo\/image\/\"}},{\"@type\":\"Person\",\"@id\":\"https:\/\/jornalfatosenoticias.com.br\/#\/schema\/person\/d63837fa13ac8666eb9e74e0985d6f81\",\"name\":\"Luzimara Fernandes\",\"image\":{\"@type\":\"ImageObject\",\"inLanguage\":\"pt-BR\",\"@id\":\"https:\/\/jornalfatosenoticias.com.br\/#\/schema\/person\/image\/\",\"url\":\"https:\/\/jornalfatosenoticias.com.br\/wp-content\/uploads\/2025\/05\/EU_portal.jpg\",\"contentUrl\":\"https:\/\/jornalfatosenoticias.com.br\/wp-content\/uploads\/2025\/05\/EU_portal.jpg\",\"caption\":\"Luzimara Fernandes\"},\"description\":\"Jornalista MTB 2358-ES\",\"sameAs\":[\"https:\/\/jornalfatosenoticias.com.br\"],\"url\":\"https:\/\/jornalfatosenoticias.com.br\/index.php\/author\/luzimara\/\"}]}<\/script>\n<!-- \/ Yoast SEO plugin. -->","yoast_head_json":{"title":"Pr\u00eamio Professor Transformador: inscri\u00e7\u00f5es at\u00e9 1\u00ba de mar\u00e7o - Jornal Fatos e Not\u00edcias","robots":{"index":"index","follow":"follow","max-snippet":"max-snippet:-1","max-image-preview":"max-image-preview:large","max-video-preview":"max-video-preview:-1"},"canonical":"https:\/\/jornalfatosenoticias.com.br\/index.php\/2021\/02\/10\/premio-professor-transformador-inscricoes-ate-1o-de-marco\/","og_locale":"pt_BR","og_type":"article","og_title":"Pr\u00eamio Professor Transformador: inscri\u00e7\u00f5es at\u00e9 1\u00ba de mar\u00e7o - Jornal Fatos e Not\u00edcias","og_description":"Educadores vencedores receber\u00e3o dinheiro e at\u00e9 treinamento em mindfulness As inscri\u00e7\u00f5es para o Pr\u00eamio Professor Transformador est\u00e3o abertas at\u00e9 1\u00ba de mar\u00e7o. A iniciativa reconhece projetos tidos como transformadores desenvolvidos por educadores de todo o Brasil em quatro categorias: educa\u00e7\u00e3o infantil, ensino fundamental 1, ensino fundamental 2 e ensino m\u00e9dio. As inscri\u00e7\u00f5es podem ser feitas [&hellip;]","og_url":"https:\/\/jornalfatosenoticias.com.br\/index.php\/2021\/02\/10\/premio-professor-transformador-inscricoes-ate-1o-de-marco\/","og_site_name":"Jornal Fatos e Not\u00edcias","article_published_time":"2021-02-10T13:03:05+00:00","article_modified_time":"2021-02-10T13:03:10+00:00","og_image":[{"width":1000,"height":666,"url":"https:\/\/jornalfatosenoticias.com.br\/wp-content\/uploads\/2021\/02\/premio-professor-transformador-inscricoes.jpg","type":"image\/jpeg"}],"author":"Luzimara Fernandes","twitter_card":"summary_large_image","twitter_misc":{"Escrito por":"Luzimara Fernandes","Est. tempo de leitura":"3 minutos"},"schema":{"@context":"https:\/\/schema.org","@graph":[{"@type":"Article","@id":"https:\/\/jornalfatosenoticias.com.br\/index.php\/2021\/02\/10\/premio-professor-transformador-inscricoes-ate-1o-de-marco\/#article","isPartOf":{"@id":"https:\/\/jornalfatosenoticias.com.br\/index.php\/2021\/02\/10\/premio-professor-transformador-inscricoes-ate-1o-de-marco\/"},"author":{"name":"Luzimara Fernandes","@id":"https:\/\/jornalfatosenoticias.com.br\/#\/schema\/person\/d63837fa13ac8666eb9e74e0985d6f81"},"headline":"Pr\u00eamio Professor Transformador: inscri\u00e7\u00f5es at\u00e9 1\u00ba de mar\u00e7o","datePublished":"2021-02-10T13:03:05+00:00","dateModified":"2021-02-10T13:03:10+00:00","mainEntityOfPage":{"@id":"https:\/\/jornalfatosenoticias.com.br\/index.php\/2021\/02\/10\/premio-professor-transformador-inscricoes-ate-1o-de-marco\/"},"wordCount":531,"commentCount":0,"publisher":{"@id":"https:\/\/jornalfatosenoticias.com.br\/#organization"},"image":{"@id":"https:\/\/jornalfatosenoticias.com.br\/index.php\/2021\/02\/10\/premio-professor-transformador-inscricoes-ate-1o-de-marco\/#primaryimage"},"thumbnailUrl":"https:\/\/jornalfatosenoticias.com.br\/wp-content\/uploads\/2021\/02\/premio-professor-transformador-inscricoes.jpg","keywords":["educa\u00e7\u00e3o infantil","inscri\u00e7\u00f5es","pr\u00eamio","Pr\u00eamio Professor Transformador"],"articleSection":["Educa\u00e7\u00e3o"],"inLanguage":"pt-BR","potentialAction":[{"@type":"CommentAction","name":"Comment","target":["https:\/\/jornalfatosenoticias.com.br\/index.php\/2021\/02\/10\/premio-professor-transformador-inscricoes-ate-1o-de-marco\/#respond"]}]},{"@type":"WebPage","@id":"https:\/\/jornalfatosenoticias.com.br\/index.php\/2021\/02\/10\/premio-professor-transformador-inscricoes-ate-1o-de-marco\/","url":"https:\/\/jornalfatosenoticias.com.br\/index.php\/2021\/02\/10\/premio-professor-transformador-inscricoes-ate-1o-de-marco\/","name":"Pr\u00eamio Professor Transformador: inscri\u00e7\u00f5es at\u00e9 1\u00ba de mar\u00e7o - Jornal Fatos e Not\u00edcias","isPartOf":{"@id":"https:\/\/jornalfatosenoticias.com.br\/#website"},"primaryImageOfPage":{"@id":"https:\/\/jornalfatosenoticias.com.br\/index.php\/2021\/02\/10\/premio-professor-transformador-inscricoes-ate-1o-de-marco\/#primaryimage"},"image":{"@id":"https:\/\/jornalfatosenoticias.com.br\/index.php\/2021\/02\/10\/premio-professor-transformador-inscricoes-ate-1o-de-marco\/#primaryimage"},"thumbnailUrl":"https:\/\/jornalfatosenoticias.com.br\/wp-content\/uploads\/2021\/02\/premio-professor-transformador-inscricoes.jpg","datePublished":"2021-02-10T13:03:05+00:00","dateModified":"2021-02-10T13:03:10+00:00","breadcrumb":{"@id":"https:\/\/jornalfatosenoticias.com.br\/index.php\/2021\/02\/10\/premio-professor-transformador-inscricoes-ate-1o-de-marco\/#breadcrumb"},"inLanguage":"pt-BR","potentialAction":[{"@type":"ReadAction","target":["https:\/\/jornalfatosenoticias.com.br\/index.php\/2021\/02\/10\/premio-professor-transformador-inscricoes-ate-1o-de-marco\/"]}]},{"@type":"ImageObject","inLanguage":"pt-BR","@id":"https:\/\/jornalfatosenoticias.com.br\/index.php\/2021\/02\/10\/premio-professor-transformador-inscricoes-ate-1o-de-marco\/#primaryimage","url":"https:\/\/jornalfatosenoticias.com.br\/wp-content\/uploads\/2021\/02\/premio-professor-transformador-inscricoes.jpg","contentUrl":"https:\/\/jornalfatosenoticias.com.br\/wp-content\/uploads\/2021\/02\/premio-professor-transformador-inscricoes.jpg","width":1000,"height":666},{"@type":"BreadcrumbList","@id":"https:\/\/jornalfatosenoticias.com.br\/index.php\/2021\/02\/10\/premio-professor-transformador-inscricoes-ate-1o-de-marco\/#breadcrumb","itemListElement":[{"@type":"ListItem","position":1,"name":"In\u00edcio","item":"https:\/\/jornalfatosenoticias.com.br\/"},{"@type":"ListItem","position":2,"name":"Pr\u00eamio Professor Transformador: inscri\u00e7\u00f5es at\u00e9 1\u00ba de mar\u00e7o"}]},{"@type":"WebSite","@id":"https:\/\/jornalfatosenoticias.com.br\/#website","url":"https:\/\/jornalfatosenoticias.com.br\/","name":"Jornal Fatos e Not\u00edcias","description":"Not\u00edcias em geral","publisher":{"@id":"https:\/\/jornalfatosenoticias.com.br\/#organization"},"potentialAction":[{"@type":"SearchAction","target":{"@type":"EntryPoint","urlTemplate":"https:\/\/jornalfatosenoticias.com.br\/?s={search_term_string}"},"query-input":{"@type":"PropertyValueSpecification","valueRequired":true,"valueName":"search_term_string"}}],"inLanguage":"pt-BR"},{"@type":"Organization","@id":"https:\/\/jornalfatosenoticias.com.br\/#organization","name":"Jornal Fatos e Not\u00edcias","url":"https:\/\/jornalfatosenoticias.com.br\/","logo":{"@type":"ImageObject","inLanguage":"pt-BR","@id":"https:\/\/jornalfatosenoticias.com.br\/#\/schema\/logo\/image\/","url":"https:\/\/jornalfatosenoticias.com.br\/wp-content\/uploads\/2020\/02\/logo120.png","contentUrl":"https:\/\/jornalfatosenoticias.com.br\/wp-content\/uploads\/2020\/02\/logo120.png","width":1227,"height":120,"caption":"Jornal Fatos e Not\u00edcias"},"image":{"@id":"https:\/\/jornalfatosenoticias.com.br\/#\/schema\/logo\/image\/"}},{"@type":"Person","@id":"https:\/\/jornalfatosenoticias.com.br\/#\/schema\/person\/d63837fa13ac8666eb9e74e0985d6f81","name":"Luzimara Fernandes","image":{"@type":"ImageObject","inLanguage":"pt-BR","@id":"https:\/\/jornalfatosenoticias.com.br\/#\/schema\/person\/image\/","url":"https:\/\/jornalfatosenoticias.com.br\/wp-content\/uploads\/2025\/05\/EU_portal.jpg","contentUrl":"https:\/\/jornalfatosenoticias.com.br\/wp-content\/uploads\/2025\/05\/EU_portal.jpg","caption":"Luzimara Fernandes"},"description":"Jornalista MTB 2358-ES","sameAs":["https:\/\/jornalfatosenoticias.com.br"],"url":"https:\/\/jornalfatosenoticias.com.br\/index.php\/author\/luzimara\/"}]}},"cc_featured_image_caption":{"caption_text":"(Foto: Envato Elements) ","source_text":"","source_url":""},"jetpack_featured_media_url":"https:\/\/jornalfatosenoticias.com.br\/wp-content\/uploads\/2021\/02\/premio-professor-transformador-inscricoes.jpg","_links":{"self":[{"href":"https:\/\/jornalfatosenoticias.com.br\/index.php\/wp-json\/wp\/v2\/posts\/14504","targetHints":{"allow":["GET"]}}],"collection":[{"href":"https:\/\/jornalfatosenoticias.com.br\/index.php\/wp-json\/wp\/v2\/posts"}],"about":[{"href":"https:\/\/jornalfatosenoticias.com.br\/index.php\/wp-json\/wp\/v2\/types\/post"}],"author":[{"embeddable":true,"href":"https:\/\/jornalfatosenoticias.com.br\/index.php\/wp-json\/wp\/v2\/users\/2"}],"replies":[{"embeddable":true,"href":"https:\/\/jornalfatosenoticias.com.br\/index.php\/wp-json\/wp\/v2\/comments?post=14504"}],"version-history":[{"count":0,"href":"https:\/\/jornalfatosenoticias.com.br\/index.php\/wp-json\/wp\/v2\/posts\/14504\/revisions"}],"wp:featuredmedia":[{"embeddable":true,"href":"https:\/\/jornalfatosenoticias.com.br\/index.php\/wp-json\/wp\/v2\/media\/14505"}],"wp:attachment":[{"href":"https:\/\/jornalfatosenoticias.com.br\/index.php\/wp-json\/wp\/v2\/media?parent=14504"}],"wp:term":[{"taxonomy":"category","embeddable":true,"href":"https:\/\/jornalfatosenoticias.com.br\/index.php\/wp-json\/wp\/v2\/categories?post=14504"},{"taxonomy":"post_tag","embeddable":true,"href":"https:\/\/jornalfatosenoticias.com.br\/index.php\/wp-json\/wp\/v2\/tags?post=14504"}],"curies":[{"name":"wp","href":"https:\/\/api.w.org\/{rel}","templated":true}]}}