{"id":14524,"date":"2021-02-10T10:37:02","date_gmt":"2021-02-10T13:37:02","guid":{"rendered":"https:\/\/jornalfatosenoticias.com.br\/?p=14524"},"modified":"2021-02-10T10:37:08","modified_gmt":"2021-02-10T13:37:08","slug":"baleias-podem-esfriar-terra-contra-emergencia-climatica","status":"publish","type":"post","link":"https:\/\/jornalfatosenoticias.com.br\/index.php\/2021\/02\/10\/baleias-podem-esfriar-terra-contra-emergencia-climatica\/","title":{"rendered":"Baleias podem \u2018esfriar Terra\u2019 contra emerg\u00eancia clim\u00e1tica"},"content":{"rendered":"\n<p>Com todo seu tamanho e exuber\u00e2ncia, as <a href=\"https:\/\/www.hypeness.com.br\/2020\/11\/baleia-jubarte-vira-caiaque-apos-observadoras-chegarem-perto-demais\/\" target=\"_blank\" rel=\"noreferrer noopener\">baleias s\u00e3o seres que despertam a nossa aten\u00e7\u00e3o<\/a>\u00a0e curiosidade. Agora, ver uma\u00a0<a href=\"https:\/\/www.hypeness.com.br\/2020\/06\/pescadores-trabalham-para-salvar-baleia-encalhada-em-praia-de-santa-catarina\/\" target=\"_blank\" rel=\"noreferrer noopener\">baleia encalhada na praia<\/a> \u00e9 ainda mais chocante. Se por um lado j\u00e1 \u00e9 suficientemente impressionante ver um ser t\u00e3o maravilhoso sem vida fora da \u00e1gua, <a href=\"https:\/\/www.hypeness.com.br\/2017\/11\/a-historia-muito-louca-por-tras-de-um-dos-maiores-virais-da-historia\/\" target=\"_blank\" rel=\"noreferrer noopener\">as baleias podem fazer coisas curiosas, como explodir<\/a>. Agora, uma rara observa\u00e7\u00e3o \u00e9 sobre a oportunidade perdida de sequestro de carbono.<\/p>\n\n\n\n<h4 class=\"wp-block-heading\">Baleias podem esfriar a Terra?<\/h4>\n\n\n\n<p>As baleias, principalmente as de barbatanas e cachalotes, est\u00e3o entre as maiores criaturas da Terra. Seus imensos corpos guardam importantes reservas de carbono e sua presen\u00e7a no oceano \u00e9 capaz de moldar os ecossistemas ao seu redor. Algo que passamos a entender \u2014 e apreciar devidamente \u2014 \u00e9 que esses mam\u00edferos marinhos tamb\u00e9m est\u00e3o ajudando a determinar a temperatura do planeta. \u201cEm terra, os humanos influenciam diretamente o carbono armazenado nos ecossistemas terrestres por meio da extra\u00e7\u00e3o de madeira e da queima de florestas e pastagens\u201d, de acordo com um artigo cient\u00edfico de 2010. \u201cNo oceano aberto, o ciclo do carbono \u00e9 considerado livre de influ\u00eancias humanas diretas\u201d.<br>Por outro lado, essa suposi\u00e7\u00e3o n\u00e3o leva em considera\u00e7\u00e3o o impacto surpreendente da ca\u00e7a \u00e0s baleias. Os <a href=\"https:\/\/www.hypeness.com.br\/2020\/11\/uniao-popular-salva-mais-de-100-baleias-encalhadas-e-evita-tragedia-historica\/\" target=\"_blank\" rel=\"noreferrer noopener\">humanos ca\u00e7aram baleias durante s\u00e9culos<\/a> para usar da carne ao \u00f3leo desses animais. O registro mais antigo de ca\u00e7a comercial \u00e0 baleia foi em 1000 d.C. Desde ent\u00e3o, dezenas de milh\u00f5es de baleias foram mortas e os especialistas acreditam que as popula\u00e7\u00f5es podem ter tido uma redu\u00e7\u00e3o de 66% e 90%.<\/p>\n\n\n\n<figure class=\"wp-block-image size-large\"><img loading=\"lazy\" decoding=\"async\" width=\"1000\" height=\"660\" src=\"https:\/\/jornalfatosenoticias.com.br\/wp-content\/uploads\/2021\/02\/baleias2-gettyimages.jpg\" alt=\"\" class=\"wp-image-14525\" srcset=\"https:\/\/jornalfatosenoticias.com.br\/wp-content\/uploads\/2021\/02\/baleias2-gettyimages.jpg 1000w, https:\/\/jornalfatosenoticias.com.br\/wp-content\/uploads\/2021\/02\/baleias2-gettyimages-300x198.jpg 300w, https:\/\/jornalfatosenoticias.com.br\/wp-content\/uploads\/2021\/02\/baleias2-gettyimages-768x507.jpg 768w\" sizes=\"auto, (max-width: 1000px) 100vw, 1000px\" \/><figcaption><em>Baleias s\u00e3o importantes reservas de carbono (Foto: Getty Images)<\/em><\/figcaption><\/figure>\n\n\n\n<h4 class=\"wp-block-heading\">As baleias e o carbono<\/h4>\n\n\n\n<p>Quando as baleias morrem, elas afundam no fundo do oceano \u2014 e todo o carbono armazenado em seus enormes corpos \u00e9 transferido das \u00e1guas superficiais para o fundo do mar, onde permanece por s\u00e9culos ou mais. Neste mesmo estudo de 2010, os cientistas descobriram que, antes da ca\u00e7a industrial, as popula\u00e7\u00f5es de baleias (exceto as cachalotes) teriam afundado entre 190 mil a 1,9 milh\u00e3o de toneladas de carbono por ano no fundo do oceano \u2014 o que \u00e9 o equivalente a tirar entre 40 mil e 410 mil carros fora de circula\u00e7\u00e3o a cada ano.<br>Mas quando a carca\u00e7a n\u00e3o vai parar no fundo do mar e, sim, \u00e9 retirada da \u00e1gua e processada, esse carbono \u00e9 liberado na atmosfera. Andrew Pershing, um cientista marinho da Universidade do Maine e autor desse estudo, estima que, ao longo do s\u00e9culo 20, a ca\u00e7a \u00e0s baleias adicionou cerca de 70 milh\u00f5es de toneladas de di\u00f3xido de carbono na atmosfera. \u201c\u00c9 muito, mas 15 milh\u00f5es de carros fazem isso em um \u00fanico ano. Os EUA t\u00eam atualmente 236 milh\u00f5es de carros\u201d, afirma.<\/p>\n\n\n\n<figure class=\"wp-block-image size-large\"><img loading=\"lazy\" decoding=\"async\" width=\"1000\" height=\"565\" src=\"https:\/\/jornalfatosenoticias.com.br\/wp-content\/uploads\/2021\/02\/baleia4_carbono-gettyimages.jpg\" alt=\"\" class=\"wp-image-14526\" srcset=\"https:\/\/jornalfatosenoticias.com.br\/wp-content\/uploads\/2021\/02\/baleia4_carbono-gettyimages.jpg 1000w, https:\/\/jornalfatosenoticias.com.br\/wp-content\/uploads\/2021\/02\/baleia4_carbono-gettyimages-300x170.jpg 300w, https:\/\/jornalfatosenoticias.com.br\/wp-content\/uploads\/2021\/02\/baleia4_carbono-gettyimages-768x434.jpg 768w\" sizes=\"auto, (max-width: 1000px) 100vw, 1000px\" \/><figcaption><em>O carbono armazenado em seus corpos \u00e9 transferido para o fundo do mar (Foto: Getty Images)<\/em><\/figcaption><\/figure>\n\n\n\n<h4 class=\"wp-block-heading\">A import\u00e2ncia das baleias<\/h4>\n\n\n\n<p>Mas as baleias n\u00e3o s\u00e3o valiosas apenas na morte. As mar\u00e9s de excrementos que esses mam\u00edferos produzem tamb\u00e9m s\u00e3o surpreendentemente relevantes para o clima. Elas se alimentam nas profundezas do oceano e depois voltam \u00e0 superf\u00edcie para respirar e fazer coc\u00f4. Suas fezes, ricas em ferro, criam as condi\u00e7\u00f5es de crescimento perfeitas para o fitopl\u00e2ncton. <\/p>\n\n\n\n<figure class=\"wp-block-image size-large\"><img loading=\"lazy\" decoding=\"async\" width=\"1024\" height=\"818\" src=\"https:\/\/jornalfatosenoticias.com.br\/wp-content\/uploads\/2021\/02\/baleia5_fitoplancton-gettyimages.jpg\" alt=\"\" class=\"wp-image-14527\" srcset=\"https:\/\/jornalfatosenoticias.com.br\/wp-content\/uploads\/2021\/02\/baleia5_fitoplancton-gettyimages.jpg 1024w, https:\/\/jornalfatosenoticias.com.br\/wp-content\/uploads\/2021\/02\/baleia5_fitoplancton-gettyimages-300x240.jpg 300w, https:\/\/jornalfatosenoticias.com.br\/wp-content\/uploads\/2021\/02\/baleia5_fitoplancton-gettyimages-768x614.jpg 768w\" sizes=\"auto, (max-width: 1024px) 100vw, 1024px\" \/><figcaption><em>O fitopl\u00e2ncton tem enorme influ\u00eancia na atmosfera do planeta (Foto: Getty Images)<\/em><\/figcaption><\/figure>\n\n\n\n<p>Essas criaturas podem ser microsc\u00f3picas, mas, em conjunto, o fitopl\u00e2ncton tem enorme influ\u00eancia na atmosfera do planeta, capturando cerca de 40% de todo o CO2 produzido \u2014 quatro vezes a quantidade capturada pela floresta amaz\u00f4nica. \u201cPrecisamos pensar na ca\u00e7a \u00e0s baleias como uma trag\u00e9dia que removeu uma enorme bomba de carbono org\u00e2nico do oceano que teria um efeito multiplicador muito maior na produtividade do fitopl\u00e2ncton e na capacidade do oceano de absorver carbono\u201d, disse Vicki James, gerente de pol\u00edticas na Whale and Dolphin Conservation (WDC). As baleias desaparecidas no oceano tamb\u00e9m tiveram alguns impactos inesperados.<br>Com o decl\u00ednio das popula\u00e7\u00f5es de baleias, as orcas passaram a se alimentar de mam\u00edferos marinhos menores, como lontras marinhas. As lontras posteriormente diminu\u00edram, levando \u00e0 dissemina\u00e7\u00e3o dos ouri\u00e7os-do-mar, que devastam as florestas de algas ao redor do Atl\u00e2ntico Norte \u2014 com um efeito cascata no sequestro de carbono marinho. O que isso significa \u00e9 que recuperar as popula\u00e7\u00f5es de baleias pode ser uma ferramenta importante no combate \u00e0 mudan\u00e7a clim\u00e1tica, ajudando a reduzir o enorme volume de CO2 emitido por combust\u00edveis f\u00f3sseis a cada ano.<\/p>\n\n\n\n<h4 class=\"wp-block-heading\">Reduzir o CO2<\/h4>\n\n\n\n<p>Existem v\u00e1rias outras propostas de como conseguir essa redu\u00e7\u00e3o, incluindo o plantio de \u00e1rvores e o est\u00edmulo \u00e0 flora\u00e7\u00e3o do fitopl\u00e2ncton por meio da adi\u00e7\u00e3o de ferro ao oceano. Mas o plantio de \u00e1rvores requer um recurso escasso: terras terrestres, que como vemos muito popularmente aqui no Brasil, tem mais valor para o governo quando s\u00e3o devastadas e convertidas em pasto. A beleza de restaurar as popula\u00e7\u00f5es de baleias \u00e9 que h\u00e1 muito espa\u00e7o no oceano.<br>As plumas resultantes de coc\u00f4 de baleia tamb\u00e9m aumentariam consideravelmente o potencial de fertiliza\u00e7\u00e3o do oceano com ferro. Seriam necess\u00e1rias 200 flora\u00e7\u00f5es bem-sucedidas por ano para corresponder ao potencial de uma popula\u00e7\u00e3o de baleias totalmente restaurada, de acordo com o estudo de Pershing. E, ao contr\u00e1rio de t\u00e9cnicas de geoengenharia arriscadas, os benef\u00edcios n\u00e3o seriam apenas para o clima, mas para todo o ecossistema. \u201cAs carca\u00e7as de baleias fornecem um habitat \u00fanico para esp\u00e9cies de \u00e1guas profundas. A pesquisa mostrou que um \u00fanico esqueleto pode fornecer alimento e habitat para at\u00e9 200 esp\u00e9cies durante os est\u00e1gios finais de decomposi\u00e7\u00e3o\u201d, diz James do WDC.<\/p>\n\n\n\n<h4 class=\"wp-block-heading\">Prote\u00e7\u00e3o das baleias em d\u00f3lares<\/h4>\n\n\n\n<p>Em 2019, o Fundo Monet\u00e1rio Internacional (FMI) publicou um relat\u00f3rio analisando os benef\u00edcios de colocar as baleias de volta no oceano. E eles fizeram isso de uma forma que os pol\u00edticos entenderiam: colocando um valor em d\u00f3lares nisso. Este estudo descobriu que, quando voc\u00ea soma o valor do carbono sequestrado por uma baleia durante sua vida, ao lado de outros benef\u00edcios como melhores pescarias e ecoturismo, a baleia grande vale em m\u00e9dia mais de dois milh\u00f5es de d\u00f3lares. Os economistas respons\u00e1veis pelo estudo agora est\u00e3o trabalhando em um projeto para transformar essa etiqueta de pre\u00e7o da teoria em realidade, por meio da compensa\u00e7\u00e3o de carbono.<\/p>\n\n\n\n<figure class=\"wp-block-image size-large\"><img loading=\"lazy\" decoding=\"async\" width=\"1000\" height=\"666\" src=\"https:\/\/jornalfatosenoticias.com.br\/wp-content\/uploads\/2021\/02\/baleia6-gettyimages.jpg\" alt=\"\" class=\"wp-image-14528\" srcset=\"https:\/\/jornalfatosenoticias.com.br\/wp-content\/uploads\/2021\/02\/baleia6-gettyimages.jpg 1000w, https:\/\/jornalfatosenoticias.com.br\/wp-content\/uploads\/2021\/02\/baleia6-gettyimages-300x200.jpg 300w, https:\/\/jornalfatosenoticias.com.br\/wp-content\/uploads\/2021\/02\/baleia6-gettyimages-768x511.jpg 768w\" sizes=\"auto, (max-width: 1000px) 100vw, 1000px\" \/><figcaption><em>Baleia (Foto: Getty Images)<\/em><\/figcaption><\/figure>\n\n\n\n<p>A ideia \u00e9 persuadir os emissores de carbono a pagar uma certa quantia para proteger as popula\u00e7\u00f5es de baleias, em vez de investir na redu\u00e7\u00e3o de suas pr\u00f3prias emiss\u00f5es, ajudando-as a obter uma pegada de carbono neutra. \u201cO que voc\u00ea est\u00e1 fazendo \u00e9 valorizar o servi\u00e7o prestado pelas baleias, porque elas est\u00e3o sequestrando di\u00f3xido de carbono\u201d, diz Thomas Cosimano, um dos economistas que \u00e9 coautor do artigo do FMI. \u201cIsso n\u00e3o significa que as baleias n\u00e3o estejam fazendo outras coisas. Este \u00e9 apenas um ponto de refer\u00eancia que podemos usar para estabelecer um limite m\u00ednimo de qual seria o valor de uma baleia\u201d.<br>\u00c9 um esquema complicado, mas n\u00e3o est\u00e1 al\u00e9m das possibilidades: a equipe tem trabalhado em uma abordagem semelhante baseada no mercado de carbono para proteger elefantes de ca\u00e7adores ilegais nas florestas tropicais centrais da \u00c1frica, que deve ser implementada pelo final do ano. Uma institui\u00e7\u00e3o de caridade chilena chamada Fundaci\u00f3n MERI j\u00e1 est\u00e1 descobrindo as bases para um mercado de carbono baseado em baleias, instalando boias ac\u00fasticas de alerta precoce que ir\u00e3o monitorar a localiza\u00e7\u00e3o das baleias e gerar rotas alternativas para os navios. Acredita-se que seja o primeiro projeto do mundo para proteger as baleias em troca do armazenamento de carbono que elas fornecem.<br>O estudo do FMI conclui que a prote\u00e7\u00e3o das baleias deve agora se tornar uma prioridade no esfor\u00e7o global para enfrentar a mudan\u00e7a clim\u00e1tica. \u201cUma vez que o papel das baleias \u00e9 insubstitu\u00edvel na mitiga\u00e7\u00e3o e constru\u00e7\u00e3o de resili\u00eancia \u00e0s mudan\u00e7as clim\u00e1ticas, sua sobreviv\u00eancia deve ser integrada aos objetivos dos 190 pa\u00edses que em 2015 assinaram o Acordo de Paris para o combate ao risco clim\u00e1tico\u201d, escrevem os autores. Ainda neste ano, a confer\u00eancia clim\u00e1tica da ONU acontecer\u00e1 na Esc\u00f3cia, um pa\u00eds cujas costas costumam hospedar esp\u00e9cies como baleias-minke (ou baleia-an\u00e3) e jubarte. Com um mercado de carbono para baleias agora uma possibilidade real, talvez seja hora de colocar essas criaturas na agenda.<\/p>\n\n\n\n<p><strong><em>Fonte: <a href=\"https:\/\/www.hypeness.com.br\/2021\/02\/baleias-podem-esfriar-terra-contra-emergencia-climatica-entenda\/\">Hypness<\/a><\/em><\/strong><\/p>\n","protected":false},"excerpt":{"rendered":"<p>Com todo seu tamanho e exuber\u00e2ncia, as baleias s\u00e3o seres que despertam a nossa aten\u00e7\u00e3o\u00a0e curiosidade. Agora, ver uma\u00a0baleia encalhada na praia \u00e9 ainda mais chocante. Se por um lado j\u00e1 \u00e9 suficientemente impressionante ver um ser t\u00e3o maravilhoso sem vida fora da \u00e1gua, as baleias podem fazer coisas curiosas, como explodir. Agora, uma rara [&hellip;]<\/p>\n","protected":false},"author":2,"featured_media":14529,"comment_status":"open","ping_status":"open","sticky":false,"template":"","format":"standard","meta":{"footnotes":""},"categories":[8],"tags":[680,368,2089,72,945,50,1279,734],"class_list":["post-14524","post","type-post","status-publish","format-standard","has-post-thumbnail","hentry","category-meio-ambiente","tag-baleia","tag-calor","tag-carbono","tag-clima","tag-meio-ambiente","tag-oceano","tag-poluicao","tag-sustentabilidade"],"yoast_head":"<!-- This site is optimized with the Yoast SEO plugin v26.5 - https:\/\/yoast.com\/wordpress\/plugins\/seo\/ -->\n<title>Baleias podem \u2018esfriar Terra\u2019 contra emerg\u00eancia clim\u00e1tica - Jornal Fatos e Not\u00edcias<\/title>\n<meta name=\"robots\" content=\"index, follow, max-snippet:-1, max-image-preview:large, max-video-preview:-1\" \/>\n<link rel=\"canonical\" href=\"https:\/\/jornalfatosenoticias.com.br\/index.php\/2021\/02\/10\/baleias-podem-esfriar-terra-contra-emergencia-climatica\/\" \/>\n<meta property=\"og:locale\" content=\"pt_BR\" \/>\n<meta property=\"og:type\" content=\"article\" \/>\n<meta property=\"og:title\" content=\"Baleias podem \u2018esfriar Terra\u2019 contra emerg\u00eancia clim\u00e1tica - Jornal Fatos e Not\u00edcias\" \/>\n<meta property=\"og:description\" content=\"Com todo seu tamanho e exuber\u00e2ncia, as baleias s\u00e3o seres que despertam a nossa aten\u00e7\u00e3o\u00a0e curiosidade. Agora, ver uma\u00a0baleia encalhada na praia \u00e9 ainda mais chocante. Se por um lado j\u00e1 \u00e9 suficientemente impressionante ver um ser t\u00e3o maravilhoso sem vida fora da \u00e1gua, as baleias podem fazer coisas curiosas, como explodir. Agora, uma rara [&hellip;]\" \/>\n<meta property=\"og:url\" content=\"https:\/\/jornalfatosenoticias.com.br\/index.php\/2021\/02\/10\/baleias-podem-esfriar-terra-contra-emergencia-climatica\/\" \/>\n<meta property=\"og:site_name\" content=\"Jornal Fatos e Not\u00edcias\" \/>\n<meta property=\"article:published_time\" content=\"2021-02-10T13:37:02+00:00\" \/>\n<meta property=\"article:modified_time\" content=\"2021-02-10T13:37:08+00:00\" \/>\n<meta property=\"og:image\" content=\"https:\/\/jornalfatosenoticias.com.br\/wp-content\/uploads\/2021\/02\/baleia3-gettyimages.jpg\" \/>\n\t<meta property=\"og:image:width\" content=\"1000\" \/>\n\t<meta property=\"og:image:height\" content=\"685\" \/>\n\t<meta property=\"og:image:type\" content=\"image\/jpeg\" \/>\n<meta name=\"author\" content=\"Luzimara Fernandes\" \/>\n<meta name=\"twitter:card\" content=\"summary_large_image\" \/>\n<meta name=\"twitter:label1\" content=\"Escrito por\" \/>\n\t<meta name=\"twitter:data1\" content=\"Luzimara Fernandes\" \/>\n\t<meta name=\"twitter:label2\" content=\"Est. tempo de leitura\" \/>\n\t<meta name=\"twitter:data2\" content=\"7 minutos\" \/>\n<script type=\"application\/ld+json\" class=\"yoast-schema-graph\">{\"@context\":\"https:\/\/schema.org\",\"@graph\":[{\"@type\":\"Article\",\"@id\":\"https:\/\/jornalfatosenoticias.com.br\/index.php\/2021\/02\/10\/baleias-podem-esfriar-terra-contra-emergencia-climatica\/#article\",\"isPartOf\":{\"@id\":\"https:\/\/jornalfatosenoticias.com.br\/index.php\/2021\/02\/10\/baleias-podem-esfriar-terra-contra-emergencia-climatica\/\"},\"author\":{\"name\":\"Luzimara Fernandes\",\"@id\":\"https:\/\/jornalfatosenoticias.com.br\/#\/schema\/person\/d63837fa13ac8666eb9e74e0985d6f81\"},\"headline\":\"Baleias podem \u2018esfriar Terra\u2019 contra emerg\u00eancia clim\u00e1tica\",\"datePublished\":\"2021-02-10T13:37:02+00:00\",\"dateModified\":\"2021-02-10T13:37:08+00:00\",\"mainEntityOfPage\":{\"@id\":\"https:\/\/jornalfatosenoticias.com.br\/index.php\/2021\/02\/10\/baleias-podem-esfriar-terra-contra-emergencia-climatica\/\"},\"wordCount\":1436,\"commentCount\":0,\"publisher\":{\"@id\":\"https:\/\/jornalfatosenoticias.com.br\/#organization\"},\"image\":{\"@id\":\"https:\/\/jornalfatosenoticias.com.br\/index.php\/2021\/02\/10\/baleias-podem-esfriar-terra-contra-emergencia-climatica\/#primaryimage\"},\"thumbnailUrl\":\"https:\/\/jornalfatosenoticias.com.br\/wp-content\/uploads\/2021\/02\/baleia3-gettyimages.jpg\",\"keywords\":[\"baleia\",\"calor\",\"carbono\",\"clima\",\"meio ambiente\",\"oceano\",\"polui\u00e7\u00e3o\",\"sustentabilidade\"],\"articleSection\":[\"Meio ambiente\"],\"inLanguage\":\"pt-BR\",\"potentialAction\":[{\"@type\":\"CommentAction\",\"name\":\"Comment\",\"target\":[\"https:\/\/jornalfatosenoticias.com.br\/index.php\/2021\/02\/10\/baleias-podem-esfriar-terra-contra-emergencia-climatica\/#respond\"]}]},{\"@type\":\"WebPage\",\"@id\":\"https:\/\/jornalfatosenoticias.com.br\/index.php\/2021\/02\/10\/baleias-podem-esfriar-terra-contra-emergencia-climatica\/\",\"url\":\"https:\/\/jornalfatosenoticias.com.br\/index.php\/2021\/02\/10\/baleias-podem-esfriar-terra-contra-emergencia-climatica\/\",\"name\":\"Baleias podem \u2018esfriar Terra\u2019 contra emerg\u00eancia clim\u00e1tica - Jornal Fatos e Not\u00edcias\",\"isPartOf\":{\"@id\":\"https:\/\/jornalfatosenoticias.com.br\/#website\"},\"primaryImageOfPage\":{\"@id\":\"https:\/\/jornalfatosenoticias.com.br\/index.php\/2021\/02\/10\/baleias-podem-esfriar-terra-contra-emergencia-climatica\/#primaryimage\"},\"image\":{\"@id\":\"https:\/\/jornalfatosenoticias.com.br\/index.php\/2021\/02\/10\/baleias-podem-esfriar-terra-contra-emergencia-climatica\/#primaryimage\"},\"thumbnailUrl\":\"https:\/\/jornalfatosenoticias.com.br\/wp-content\/uploads\/2021\/02\/baleia3-gettyimages.jpg\",\"datePublished\":\"2021-02-10T13:37:02+00:00\",\"dateModified\":\"2021-02-10T13:37:08+00:00\",\"breadcrumb\":{\"@id\":\"https:\/\/jornalfatosenoticias.com.br\/index.php\/2021\/02\/10\/baleias-podem-esfriar-terra-contra-emergencia-climatica\/#breadcrumb\"},\"inLanguage\":\"pt-BR\",\"potentialAction\":[{\"@type\":\"ReadAction\",\"target\":[\"https:\/\/jornalfatosenoticias.com.br\/index.php\/2021\/02\/10\/baleias-podem-esfriar-terra-contra-emergencia-climatica\/\"]}]},{\"@type\":\"ImageObject\",\"inLanguage\":\"pt-BR\",\"@id\":\"https:\/\/jornalfatosenoticias.com.br\/index.php\/2021\/02\/10\/baleias-podem-esfriar-terra-contra-emergencia-climatica\/#primaryimage\",\"url\":\"https:\/\/jornalfatosenoticias.com.br\/wp-content\/uploads\/2021\/02\/baleia3-gettyimages.jpg\",\"contentUrl\":\"https:\/\/jornalfatosenoticias.com.br\/wp-content\/uploads\/2021\/02\/baleia3-gettyimages.jpg\",\"width\":1000,\"height\":685},{\"@type\":\"BreadcrumbList\",\"@id\":\"https:\/\/jornalfatosenoticias.com.br\/index.php\/2021\/02\/10\/baleias-podem-esfriar-terra-contra-emergencia-climatica\/#breadcrumb\",\"itemListElement\":[{\"@type\":\"ListItem\",\"position\":1,\"name\":\"In\u00edcio\",\"item\":\"https:\/\/jornalfatosenoticias.com.br\/\"},{\"@type\":\"ListItem\",\"position\":2,\"name\":\"Baleias podem \u2018esfriar Terra\u2019 contra emerg\u00eancia clim\u00e1tica\"}]},{\"@type\":\"WebSite\",\"@id\":\"https:\/\/jornalfatosenoticias.com.br\/#website\",\"url\":\"https:\/\/jornalfatosenoticias.com.br\/\",\"name\":\"Jornal Fatos e Not\u00edcias\",\"description\":\"Not\u00edcias em geral\",\"publisher\":{\"@id\":\"https:\/\/jornalfatosenoticias.com.br\/#organization\"},\"potentialAction\":[{\"@type\":\"SearchAction\",\"target\":{\"@type\":\"EntryPoint\",\"urlTemplate\":\"https:\/\/jornalfatosenoticias.com.br\/?s={search_term_string}\"},\"query-input\":{\"@type\":\"PropertyValueSpecification\",\"valueRequired\":true,\"valueName\":\"search_term_string\"}}],\"inLanguage\":\"pt-BR\"},{\"@type\":\"Organization\",\"@id\":\"https:\/\/jornalfatosenoticias.com.br\/#organization\",\"name\":\"Jornal Fatos e Not\u00edcias\",\"url\":\"https:\/\/jornalfatosenoticias.com.br\/\",\"logo\":{\"@type\":\"ImageObject\",\"inLanguage\":\"pt-BR\",\"@id\":\"https:\/\/jornalfatosenoticias.com.br\/#\/schema\/logo\/image\/\",\"url\":\"https:\/\/jornalfatosenoticias.com.br\/wp-content\/uploads\/2020\/02\/logo120.png\",\"contentUrl\":\"https:\/\/jornalfatosenoticias.com.br\/wp-content\/uploads\/2020\/02\/logo120.png\",\"width\":1227,\"height\":120,\"caption\":\"Jornal Fatos e Not\u00edcias\"},\"image\":{\"@id\":\"https:\/\/jornalfatosenoticias.com.br\/#\/schema\/logo\/image\/\"}},{\"@type\":\"Person\",\"@id\":\"https:\/\/jornalfatosenoticias.com.br\/#\/schema\/person\/d63837fa13ac8666eb9e74e0985d6f81\",\"name\":\"Luzimara Fernandes\",\"image\":{\"@type\":\"ImageObject\",\"inLanguage\":\"pt-BR\",\"@id\":\"https:\/\/jornalfatosenoticias.com.br\/#\/schema\/person\/image\/\",\"url\":\"https:\/\/jornalfatosenoticias.com.br\/wp-content\/uploads\/2025\/05\/EU_portal.jpg\",\"contentUrl\":\"https:\/\/jornalfatosenoticias.com.br\/wp-content\/uploads\/2025\/05\/EU_portal.jpg\",\"caption\":\"Luzimara Fernandes\"},\"description\":\"Jornalista MTB 2358-ES\",\"sameAs\":[\"https:\/\/jornalfatosenoticias.com.br\"],\"url\":\"https:\/\/jornalfatosenoticias.com.br\/index.php\/author\/luzimara\/\"}]}<\/script>\n<!-- \/ Yoast SEO plugin. -->","yoast_head_json":{"title":"Baleias podem \u2018esfriar Terra\u2019 contra emerg\u00eancia clim\u00e1tica - Jornal Fatos e Not\u00edcias","robots":{"index":"index","follow":"follow","max-snippet":"max-snippet:-1","max-image-preview":"max-image-preview:large","max-video-preview":"max-video-preview:-1"},"canonical":"https:\/\/jornalfatosenoticias.com.br\/index.php\/2021\/02\/10\/baleias-podem-esfriar-terra-contra-emergencia-climatica\/","og_locale":"pt_BR","og_type":"article","og_title":"Baleias podem \u2018esfriar Terra\u2019 contra emerg\u00eancia clim\u00e1tica - Jornal Fatos e Not\u00edcias","og_description":"Com todo seu tamanho e exuber\u00e2ncia, as baleias s\u00e3o seres que despertam a nossa aten\u00e7\u00e3o\u00a0e curiosidade. Agora, ver uma\u00a0baleia encalhada na praia \u00e9 ainda mais chocante. Se por um lado j\u00e1 \u00e9 suficientemente impressionante ver um ser t\u00e3o maravilhoso sem vida fora da \u00e1gua, as baleias podem fazer coisas curiosas, como explodir. Agora, uma rara [&hellip;]","og_url":"https:\/\/jornalfatosenoticias.com.br\/index.php\/2021\/02\/10\/baleias-podem-esfriar-terra-contra-emergencia-climatica\/","og_site_name":"Jornal Fatos e Not\u00edcias","article_published_time":"2021-02-10T13:37:02+00:00","article_modified_time":"2021-02-10T13:37:08+00:00","og_image":[{"width":1000,"height":685,"url":"https:\/\/jornalfatosenoticias.com.br\/wp-content\/uploads\/2021\/02\/baleia3-gettyimages.jpg","type":"image\/jpeg"}],"author":"Luzimara Fernandes","twitter_card":"summary_large_image","twitter_misc":{"Escrito por":"Luzimara Fernandes","Est. tempo de leitura":"7 minutos"},"schema":{"@context":"https:\/\/schema.org","@graph":[{"@type":"Article","@id":"https:\/\/jornalfatosenoticias.com.br\/index.php\/2021\/02\/10\/baleias-podem-esfriar-terra-contra-emergencia-climatica\/#article","isPartOf":{"@id":"https:\/\/jornalfatosenoticias.com.br\/index.php\/2021\/02\/10\/baleias-podem-esfriar-terra-contra-emergencia-climatica\/"},"author":{"name":"Luzimara Fernandes","@id":"https:\/\/jornalfatosenoticias.com.br\/#\/schema\/person\/d63837fa13ac8666eb9e74e0985d6f81"},"headline":"Baleias podem \u2018esfriar Terra\u2019 contra emerg\u00eancia clim\u00e1tica","datePublished":"2021-02-10T13:37:02+00:00","dateModified":"2021-02-10T13:37:08+00:00","mainEntityOfPage":{"@id":"https:\/\/jornalfatosenoticias.com.br\/index.php\/2021\/02\/10\/baleias-podem-esfriar-terra-contra-emergencia-climatica\/"},"wordCount":1436,"commentCount":0,"publisher":{"@id":"https:\/\/jornalfatosenoticias.com.br\/#organization"},"image":{"@id":"https:\/\/jornalfatosenoticias.com.br\/index.php\/2021\/02\/10\/baleias-podem-esfriar-terra-contra-emergencia-climatica\/#primaryimage"},"thumbnailUrl":"https:\/\/jornalfatosenoticias.com.br\/wp-content\/uploads\/2021\/02\/baleia3-gettyimages.jpg","keywords":["baleia","calor","carbono","clima","meio ambiente","oceano","polui\u00e7\u00e3o","sustentabilidade"],"articleSection":["Meio ambiente"],"inLanguage":"pt-BR","potentialAction":[{"@type":"CommentAction","name":"Comment","target":["https:\/\/jornalfatosenoticias.com.br\/index.php\/2021\/02\/10\/baleias-podem-esfriar-terra-contra-emergencia-climatica\/#respond"]}]},{"@type":"WebPage","@id":"https:\/\/jornalfatosenoticias.com.br\/index.php\/2021\/02\/10\/baleias-podem-esfriar-terra-contra-emergencia-climatica\/","url":"https:\/\/jornalfatosenoticias.com.br\/index.php\/2021\/02\/10\/baleias-podem-esfriar-terra-contra-emergencia-climatica\/","name":"Baleias podem \u2018esfriar Terra\u2019 contra emerg\u00eancia clim\u00e1tica - Jornal Fatos e Not\u00edcias","isPartOf":{"@id":"https:\/\/jornalfatosenoticias.com.br\/#website"},"primaryImageOfPage":{"@id":"https:\/\/jornalfatosenoticias.com.br\/index.php\/2021\/02\/10\/baleias-podem-esfriar-terra-contra-emergencia-climatica\/#primaryimage"},"image":{"@id":"https:\/\/jornalfatosenoticias.com.br\/index.php\/2021\/02\/10\/baleias-podem-esfriar-terra-contra-emergencia-climatica\/#primaryimage"},"thumbnailUrl":"https:\/\/jornalfatosenoticias.com.br\/wp-content\/uploads\/2021\/02\/baleia3-gettyimages.jpg","datePublished":"2021-02-10T13:37:02+00:00","dateModified":"2021-02-10T13:37:08+00:00","breadcrumb":{"@id":"https:\/\/jornalfatosenoticias.com.br\/index.php\/2021\/02\/10\/baleias-podem-esfriar-terra-contra-emergencia-climatica\/#breadcrumb"},"inLanguage":"pt-BR","potentialAction":[{"@type":"ReadAction","target":["https:\/\/jornalfatosenoticias.com.br\/index.php\/2021\/02\/10\/baleias-podem-esfriar-terra-contra-emergencia-climatica\/"]}]},{"@type":"ImageObject","inLanguage":"pt-BR","@id":"https:\/\/jornalfatosenoticias.com.br\/index.php\/2021\/02\/10\/baleias-podem-esfriar-terra-contra-emergencia-climatica\/#primaryimage","url":"https:\/\/jornalfatosenoticias.com.br\/wp-content\/uploads\/2021\/02\/baleia3-gettyimages.jpg","contentUrl":"https:\/\/jornalfatosenoticias.com.br\/wp-content\/uploads\/2021\/02\/baleia3-gettyimages.jpg","width":1000,"height":685},{"@type":"BreadcrumbList","@id":"https:\/\/jornalfatosenoticias.com.br\/index.php\/2021\/02\/10\/baleias-podem-esfriar-terra-contra-emergencia-climatica\/#breadcrumb","itemListElement":[{"@type":"ListItem","position":1,"name":"In\u00edcio","item":"https:\/\/jornalfatosenoticias.com.br\/"},{"@type":"ListItem","position":2,"name":"Baleias podem \u2018esfriar Terra\u2019 contra emerg\u00eancia clim\u00e1tica"}]},{"@type":"WebSite","@id":"https:\/\/jornalfatosenoticias.com.br\/#website","url":"https:\/\/jornalfatosenoticias.com.br\/","name":"Jornal Fatos e Not\u00edcias","description":"Not\u00edcias em geral","publisher":{"@id":"https:\/\/jornalfatosenoticias.com.br\/#organization"},"potentialAction":[{"@type":"SearchAction","target":{"@type":"EntryPoint","urlTemplate":"https:\/\/jornalfatosenoticias.com.br\/?s={search_term_string}"},"query-input":{"@type":"PropertyValueSpecification","valueRequired":true,"valueName":"search_term_string"}}],"inLanguage":"pt-BR"},{"@type":"Organization","@id":"https:\/\/jornalfatosenoticias.com.br\/#organization","name":"Jornal Fatos e Not\u00edcias","url":"https:\/\/jornalfatosenoticias.com.br\/","logo":{"@type":"ImageObject","inLanguage":"pt-BR","@id":"https:\/\/jornalfatosenoticias.com.br\/#\/schema\/logo\/image\/","url":"https:\/\/jornalfatosenoticias.com.br\/wp-content\/uploads\/2020\/02\/logo120.png","contentUrl":"https:\/\/jornalfatosenoticias.com.br\/wp-content\/uploads\/2020\/02\/logo120.png","width":1227,"height":120,"caption":"Jornal Fatos e Not\u00edcias"},"image":{"@id":"https:\/\/jornalfatosenoticias.com.br\/#\/schema\/logo\/image\/"}},{"@type":"Person","@id":"https:\/\/jornalfatosenoticias.com.br\/#\/schema\/person\/d63837fa13ac8666eb9e74e0985d6f81","name":"Luzimara Fernandes","image":{"@type":"ImageObject","inLanguage":"pt-BR","@id":"https:\/\/jornalfatosenoticias.com.br\/#\/schema\/person\/image\/","url":"https:\/\/jornalfatosenoticias.com.br\/wp-content\/uploads\/2025\/05\/EU_portal.jpg","contentUrl":"https:\/\/jornalfatosenoticias.com.br\/wp-content\/uploads\/2025\/05\/EU_portal.jpg","caption":"Luzimara Fernandes"},"description":"Jornalista MTB 2358-ES","sameAs":["https:\/\/jornalfatosenoticias.com.br"],"url":"https:\/\/jornalfatosenoticias.com.br\/index.php\/author\/luzimara\/"}]}},"cc_featured_image_caption":{"caption_text":"(Foto: Getty Images)","source_text":"","source_url":""},"jetpack_featured_media_url":"https:\/\/jornalfatosenoticias.com.br\/wp-content\/uploads\/2021\/02\/baleia3-gettyimages.jpg","_links":{"self":[{"href":"https:\/\/jornalfatosenoticias.com.br\/index.php\/wp-json\/wp\/v2\/posts\/14524","targetHints":{"allow":["GET"]}}],"collection":[{"href":"https:\/\/jornalfatosenoticias.com.br\/index.php\/wp-json\/wp\/v2\/posts"}],"about":[{"href":"https:\/\/jornalfatosenoticias.com.br\/index.php\/wp-json\/wp\/v2\/types\/post"}],"author":[{"embeddable":true,"href":"https:\/\/jornalfatosenoticias.com.br\/index.php\/wp-json\/wp\/v2\/users\/2"}],"replies":[{"embeddable":true,"href":"https:\/\/jornalfatosenoticias.com.br\/index.php\/wp-json\/wp\/v2\/comments?post=14524"}],"version-history":[{"count":0,"href":"https:\/\/jornalfatosenoticias.com.br\/index.php\/wp-json\/wp\/v2\/posts\/14524\/revisions"}],"wp:featuredmedia":[{"embeddable":true,"href":"https:\/\/jornalfatosenoticias.com.br\/index.php\/wp-json\/wp\/v2\/media\/14529"}],"wp:attachment":[{"href":"https:\/\/jornalfatosenoticias.com.br\/index.php\/wp-json\/wp\/v2\/media?parent=14524"}],"wp:term":[{"taxonomy":"category","embeddable":true,"href":"https:\/\/jornalfatosenoticias.com.br\/index.php\/wp-json\/wp\/v2\/categories?post=14524"},{"taxonomy":"post_tag","embeddable":true,"href":"https:\/\/jornalfatosenoticias.com.br\/index.php\/wp-json\/wp\/v2\/tags?post=14524"}],"curies":[{"name":"wp","href":"https:\/\/api.w.org\/{rel}","templated":true}]}}