{"id":14531,"date":"2021-02-10T10:40:42","date_gmt":"2021-02-10T13:40:42","guid":{"rendered":"https:\/\/jornalfatosenoticias.com.br\/?p=14531"},"modified":"2021-02-10T10:41:06","modified_gmt":"2021-02-10T13:41:06","slug":"headset-de-realidade-mista-da-apple-deve-chegar-ao-mercado-em-2023","status":"publish","type":"post","link":"https:\/\/jornalfatosenoticias.com.br\/index.php\/2021\/02\/10\/headset-de-realidade-mista-da-apple-deve-chegar-ao-mercado-em-2023\/","title":{"rendered":"Headset de realidade mista da Apple deve chegar ao mercado em 2023"},"content":{"rendered":"\n<p>O headset de realidade mista da Apple deve chegar ao <a href=\"https:\/\/olhardigital.com.br\/2021\/01\/21\/noticias\/headset-vr-apple-2022-chip-poderoso-preco-alto\/\" target=\"_blank\" rel=\"noreferrer noopener\">mercado<\/a>\u00a0em 2023, equipado com\u00a0o\u00a0<a href=\"https:\/\/olhardigital.com.br\/2020\/11\/16\/games-e-consoles\/processador-m1-da-apple-supera-gpus-da-nvidia-e-amd-em-testes\/\" target=\"_blank\" rel=\"noreferrer noopener\">chip M1<\/a> e um valor bem elevado. O usu\u00e1rio que desejar o novo acess\u00f3rio, que promete exibir v\u00eddeos em 8k, dever\u00e1 desembolsar nada menos que US$ 3 mil (cerca de R$ 16 mil).<br>O dispositivo que ser\u00e1 meio \u00f3culos e meio fone, contar\u00e1 com uma elegante viseira curva com acabamento em tecido de malha, al\u00e9m de tiaras troc\u00e1veis semelhantes aos do AirPods Max. De acordo com relat\u00f3rio divulgado pela Bloomberg, os headsets ainda sem nome ser\u00e3o fabricados em Taiwan pela Pegatron.<br>O dispositivo dever\u00e1 contar n\u00e3o com um, mas com dois monitores com resolu\u00e7\u00e3o em 8K. Al\u00e9m disso, a Apple poder\u00e1 usar um sistema de rastreamento ocular do usu\u00e1rio para renderizar o conte\u00fado apenas para o local para onde o usu\u00e1rio estiver focando, com os campos de vis\u00e3o perif\u00e9rica sendo renderizados em resolu\u00e7\u00e3o mais baixa.<\/p>\n\n\n\n<h4 class=\"wp-block-heading\">Valor do produto pode limitar fatia de mercado<\/h4>\n\n\n\n<p>Esta configura\u00e7\u00e3o parruda, naturalmente, far\u00e1 com que o pre\u00e7o final do headset de <a href=\"https:\/\/olhardigital.com.br\/2020\/05\/20\/coronavirus\/realidade-mista-permite-que-medicos-atendam-mantendo-distanciamento\/\" target=\"_blank\" rel=\"noreferrer noopener\">realidade mista<\/a>\u00a0da Apple seja bem proibitivo e muito mais alto que o de alguns\u00a0<a href=\"https:\/\/olhardigital.com.br\/2018\/08\/29\/noticias\/acer-anuncia-oculos-de-realidade-mista-desmontaveis-ojo-500\/\" target=\"_blank\" rel=\"noreferrer noopener\">concorrentes<\/a>\u00a0como o Oculus Quest 2, que \u00e9 vendido por US$ 300 (cerca de R$1,6 mil), o que representa 10% do poss\u00edvel valor do headset da Apple.<br>Com um valor t\u00e3o alto, o \u00fanico concorrente do headset de realidade mista da Apple seria o <a href=\"https:\/\/olhardigital.com.br\/2019\/03\/22\/noticias\/patente-da-microsoft-mostra-headset-de-realidade-mista-com-um-campo-de-visao-praticamente-ilimitado\/\" target=\"_blank\" rel=\"noreferrer noopener\">HoloLens 2 da Microsoft<\/a>, que tem a peculiaridade de n\u00e3o ser vendido ao p\u00fablico geral, mas, somente a empresas. Por\u00e9m, como a Apple s\u00f3 pretende colocar o produto no mercado em 2023 muita coisa ainda poder\u00e1 acontecer.<\/p>\n\n\n\n<p><a href=\"https:\/\/jornalfatosenoticias.com.br\/wp-admin\/edit.php?post_type=post\"><\/a><\/p>\n\n\n\n<p><a href=\"https:\/\/jornalfatosenoticias.com.br\/wp-admin\/edit.php?post_type=post\"><\/a><\/p>\n\n\n\n<p><a href=\"https:\/\/jornalfatosenoticias.com.br\/wp-admin\/edit.php?post_type=post\"><\/a><\/p>\n\n\n\n<figure class=\"wp-block-embed-youtube wp-block-embed is-type-video is-provider-youtube wp-embed-aspect-16-9 wp-has-aspect-ratio\"><div class=\"wp-block-embed__wrapper\">\n<iframe loading=\"lazy\" title=\"Headset VR da Apple chega em 2022 com distribui\u00e7\u00e3o limitada\" width=\"660\" height=\"371\" src=\"https:\/\/www.youtube.com\/embed\/FzaiJzAMLpM?start=3&#038;feature=oembed\" frameborder=\"0\" allow=\"accelerometer; autoplay; clipboard-write; encrypted-media; gyroscope; picture-in-picture; web-share\" referrerpolicy=\"strict-origin-when-cross-origin\" allowfullscreen><\/iframe>\n<\/div><\/figure>\n\n\n\n<p><strong><em>Fonte: <a href=\"https:\/\/olhardigital.com.br\/2021\/02\/06\/carros-e-tecnologia\/headset-de-realidade-mista-da-apple-deve-chegar-ao-mercado-em-2023\/#:~:text=O%20headset%20de%20realidade%20mista,de%20R%24%2016%20mil).\">Olhar Digital<\/a><\/em><\/strong><\/p>\n","protected":false},"excerpt":{"rendered":"<p>O headset de realidade mista da Apple deve chegar ao mercado\u00a0em 2023, equipado com\u00a0o\u00a0chip M1 e um valor bem elevado. O usu\u00e1rio que desejar o novo acess\u00f3rio, que promete exibir v\u00eddeos em 8k, dever\u00e1 desembolsar nada menos que US$ 3 mil (cerca de R$ 16 mil).O dispositivo que ser\u00e1 meio \u00f3culos e meio fone, contar\u00e1 [&hellip;]<\/p>\n","protected":false},"author":2,"featured_media":14532,"comment_status":"open","ping_status":"open","sticky":false,"template":"","format":"standard","meta":{"footnotes":""},"categories":[3],"tags":[1298,5591,7409],"class_list":["post-14531","post","type-post","status-publish","format-standard","has-post-thumbnail","hentry","category-tecnologia","tag-apple","tag-realidade-aumentada","tag-realidade-mista"],"yoast_head":"<!-- This site is optimized with the Yoast SEO plugin v26.5 - https:\/\/yoast.com\/wordpress\/plugins\/seo\/ -->\n<title>Headset de realidade mista da Apple deve chegar ao mercado em 2023 - Jornal Fatos e Not\u00edcias<\/title>\n<meta name=\"robots\" content=\"index, follow, max-snippet:-1, max-image-preview:large, max-video-preview:-1\" \/>\n<link rel=\"canonical\" href=\"https:\/\/jornalfatosenoticias.com.br\/index.php\/2021\/02\/10\/headset-de-realidade-mista-da-apple-deve-chegar-ao-mercado-em-2023\/\" \/>\n<meta property=\"og:locale\" content=\"pt_BR\" \/>\n<meta property=\"og:type\" content=\"article\" \/>\n<meta property=\"og:title\" content=\"Headset de realidade mista da Apple deve chegar ao mercado em 2023 - Jornal Fatos e Not\u00edcias\" \/>\n<meta property=\"og:description\" content=\"O headset de realidade mista da Apple deve chegar ao mercado\u00a0em 2023, equipado com\u00a0o\u00a0chip M1 e um valor bem elevado. O usu\u00e1rio que desejar o novo acess\u00f3rio, que promete exibir v\u00eddeos em 8k, dever\u00e1 desembolsar nada menos que US$ 3 mil (cerca de R$ 16 mil).O dispositivo que ser\u00e1 meio \u00f3culos e meio fone, contar\u00e1 [&hellip;]\" \/>\n<meta property=\"og:url\" content=\"https:\/\/jornalfatosenoticias.com.br\/index.php\/2021\/02\/10\/headset-de-realidade-mista-da-apple-deve-chegar-ao-mercado-em-2023\/\" \/>\n<meta property=\"og:site_name\" content=\"Jornal Fatos e Not\u00edcias\" \/>\n<meta property=\"article:published_time\" content=\"2021-02-10T13:40:42+00:00\" \/>\n<meta property=\"article:modified_time\" content=\"2021-02-10T13:41:06+00:00\" \/>\n<meta property=\"og:image\" content=\"https:\/\/jornalfatosenoticias.com.br\/wp-content\/uploads\/2021\/02\/apple-glass-techweartrend-instagram.jpg\" \/>\n\t<meta property=\"og:image:width\" content=\"1000\" \/>\n\t<meta property=\"og:image:height\" content=\"603\" \/>\n\t<meta property=\"og:image:type\" content=\"image\/jpeg\" \/>\n<meta name=\"author\" content=\"Luzimara Fernandes\" \/>\n<meta name=\"twitter:card\" content=\"summary_large_image\" \/>\n<meta name=\"twitter:label1\" content=\"Escrito por\" \/>\n\t<meta name=\"twitter:data1\" content=\"Luzimara Fernandes\" \/>\n\t<meta name=\"twitter:label2\" content=\"Est. tempo de leitura\" \/>\n\t<meta name=\"twitter:data2\" content=\"1 minuto\" \/>\n<script type=\"application\/ld+json\" class=\"yoast-schema-graph\">{\"@context\":\"https:\/\/schema.org\",\"@graph\":[{\"@type\":\"Article\",\"@id\":\"https:\/\/jornalfatosenoticias.com.br\/index.php\/2021\/02\/10\/headset-de-realidade-mista-da-apple-deve-chegar-ao-mercado-em-2023\/#article\",\"isPartOf\":{\"@id\":\"https:\/\/jornalfatosenoticias.com.br\/index.php\/2021\/02\/10\/headset-de-realidade-mista-da-apple-deve-chegar-ao-mercado-em-2023\/\"},\"author\":{\"name\":\"Luzimara Fernandes\",\"@id\":\"https:\/\/jornalfatosenoticias.com.br\/#\/schema\/person\/d63837fa13ac8666eb9e74e0985d6f81\"},\"headline\":\"Headset de realidade mista da Apple deve chegar ao mercado em 2023\",\"datePublished\":\"2021-02-10T13:40:42+00:00\",\"dateModified\":\"2021-02-10T13:41:06+00:00\",\"mainEntityOfPage\":{\"@id\":\"https:\/\/jornalfatosenoticias.com.br\/index.php\/2021\/02\/10\/headset-de-realidade-mista-da-apple-deve-chegar-ao-mercado-em-2023\/\"},\"wordCount\":310,\"commentCount\":0,\"publisher\":{\"@id\":\"https:\/\/jornalfatosenoticias.com.br\/#organization\"},\"image\":{\"@id\":\"https:\/\/jornalfatosenoticias.com.br\/index.php\/2021\/02\/10\/headset-de-realidade-mista-da-apple-deve-chegar-ao-mercado-em-2023\/#primaryimage\"},\"thumbnailUrl\":\"https:\/\/jornalfatosenoticias.com.br\/wp-content\/uploads\/2021\/02\/apple-glass-techweartrend-instagram.jpg\",\"keywords\":[\"Apple\",\"realidade aumentada\",\"realidade mista\"],\"articleSection\":[\"Tecnologia &amp; Inova\u00e7\u00e3o\"],\"inLanguage\":\"pt-BR\",\"potentialAction\":[{\"@type\":\"CommentAction\",\"name\":\"Comment\",\"target\":[\"https:\/\/jornalfatosenoticias.com.br\/index.php\/2021\/02\/10\/headset-de-realidade-mista-da-apple-deve-chegar-ao-mercado-em-2023\/#respond\"]}]},{\"@type\":\"WebPage\",\"@id\":\"https:\/\/jornalfatosenoticias.com.br\/index.php\/2021\/02\/10\/headset-de-realidade-mista-da-apple-deve-chegar-ao-mercado-em-2023\/\",\"url\":\"https:\/\/jornalfatosenoticias.com.br\/index.php\/2021\/02\/10\/headset-de-realidade-mista-da-apple-deve-chegar-ao-mercado-em-2023\/\",\"name\":\"Headset de realidade mista da Apple deve chegar ao mercado em 2023 - Jornal Fatos e Not\u00edcias\",\"isPartOf\":{\"@id\":\"https:\/\/jornalfatosenoticias.com.br\/#website\"},\"primaryImageOfPage\":{\"@id\":\"https:\/\/jornalfatosenoticias.com.br\/index.php\/2021\/02\/10\/headset-de-realidade-mista-da-apple-deve-chegar-ao-mercado-em-2023\/#primaryimage\"},\"image\":{\"@id\":\"https:\/\/jornalfatosenoticias.com.br\/index.php\/2021\/02\/10\/headset-de-realidade-mista-da-apple-deve-chegar-ao-mercado-em-2023\/#primaryimage\"},\"thumbnailUrl\":\"https:\/\/jornalfatosenoticias.com.br\/wp-content\/uploads\/2021\/02\/apple-glass-techweartrend-instagram.jpg\",\"datePublished\":\"2021-02-10T13:40:42+00:00\",\"dateModified\":\"2021-02-10T13:41:06+00:00\",\"breadcrumb\":{\"@id\":\"https:\/\/jornalfatosenoticias.com.br\/index.php\/2021\/02\/10\/headset-de-realidade-mista-da-apple-deve-chegar-ao-mercado-em-2023\/#breadcrumb\"},\"inLanguage\":\"pt-BR\",\"potentialAction\":[{\"@type\":\"ReadAction\",\"target\":[\"https:\/\/jornalfatosenoticias.com.br\/index.php\/2021\/02\/10\/headset-de-realidade-mista-da-apple-deve-chegar-ao-mercado-em-2023\/\"]}]},{\"@type\":\"ImageObject\",\"inLanguage\":\"pt-BR\",\"@id\":\"https:\/\/jornalfatosenoticias.com.br\/index.php\/2021\/02\/10\/headset-de-realidade-mista-da-apple-deve-chegar-ao-mercado-em-2023\/#primaryimage\",\"url\":\"https:\/\/jornalfatosenoticias.com.br\/wp-content\/uploads\/2021\/02\/apple-glass-techweartrend-instagram.jpg\",\"contentUrl\":\"https:\/\/jornalfatosenoticias.com.br\/wp-content\/uploads\/2021\/02\/apple-glass-techweartrend-instagram.jpg\",\"width\":1000,\"height\":603},{\"@type\":\"BreadcrumbList\",\"@id\":\"https:\/\/jornalfatosenoticias.com.br\/index.php\/2021\/02\/10\/headset-de-realidade-mista-da-apple-deve-chegar-ao-mercado-em-2023\/#breadcrumb\",\"itemListElement\":[{\"@type\":\"ListItem\",\"position\":1,\"name\":\"In\u00edcio\",\"item\":\"https:\/\/jornalfatosenoticias.com.br\/\"},{\"@type\":\"ListItem\",\"position\":2,\"name\":\"Headset de realidade mista da Apple deve chegar ao mercado em 2023\"}]},{\"@type\":\"WebSite\",\"@id\":\"https:\/\/jornalfatosenoticias.com.br\/#website\",\"url\":\"https:\/\/jornalfatosenoticias.com.br\/\",\"name\":\"Jornal Fatos e Not\u00edcias\",\"description\":\"Not\u00edcias em geral\",\"publisher\":{\"@id\":\"https:\/\/jornalfatosenoticias.com.br\/#organization\"},\"potentialAction\":[{\"@type\":\"SearchAction\",\"target\":{\"@type\":\"EntryPoint\",\"urlTemplate\":\"https:\/\/jornalfatosenoticias.com.br\/?s={search_term_string}\"},\"query-input\":{\"@type\":\"PropertyValueSpecification\",\"valueRequired\":true,\"valueName\":\"search_term_string\"}}],\"inLanguage\":\"pt-BR\"},{\"@type\":\"Organization\",\"@id\":\"https:\/\/jornalfatosenoticias.com.br\/#organization\",\"name\":\"Jornal Fatos e Not\u00edcias\",\"url\":\"https:\/\/jornalfatosenoticias.com.br\/\",\"logo\":{\"@type\":\"ImageObject\",\"inLanguage\":\"pt-BR\",\"@id\":\"https:\/\/jornalfatosenoticias.com.br\/#\/schema\/logo\/image\/\",\"url\":\"https:\/\/jornalfatosenoticias.com.br\/wp-content\/uploads\/2020\/02\/logo120.png\",\"contentUrl\":\"https:\/\/jornalfatosenoticias.com.br\/wp-content\/uploads\/2020\/02\/logo120.png\",\"width\":1227,\"height\":120,\"caption\":\"Jornal Fatos e Not\u00edcias\"},\"image\":{\"@id\":\"https:\/\/jornalfatosenoticias.com.br\/#\/schema\/logo\/image\/\"}},{\"@type\":\"Person\",\"@id\":\"https:\/\/jornalfatosenoticias.com.br\/#\/schema\/person\/d63837fa13ac8666eb9e74e0985d6f81\",\"name\":\"Luzimara Fernandes\",\"image\":{\"@type\":\"ImageObject\",\"inLanguage\":\"pt-BR\",\"@id\":\"https:\/\/jornalfatosenoticias.com.br\/#\/schema\/person\/image\/\",\"url\":\"https:\/\/jornalfatosenoticias.com.br\/wp-content\/uploads\/2025\/05\/EU_portal.jpg\",\"contentUrl\":\"https:\/\/jornalfatosenoticias.com.br\/wp-content\/uploads\/2025\/05\/EU_portal.jpg\",\"caption\":\"Luzimara Fernandes\"},\"description\":\"Jornalista MTB 2358-ES\",\"sameAs\":[\"https:\/\/jornalfatosenoticias.com.br\"],\"url\":\"https:\/\/jornalfatosenoticias.com.br\/index.php\/author\/luzimara\/\"}]}<\/script>\n<!-- \/ Yoast SEO plugin. -->","yoast_head_json":{"title":"Headset de realidade mista da Apple deve chegar ao mercado em 2023 - Jornal Fatos e Not\u00edcias","robots":{"index":"index","follow":"follow","max-snippet":"max-snippet:-1","max-image-preview":"max-image-preview:large","max-video-preview":"max-video-preview:-1"},"canonical":"https:\/\/jornalfatosenoticias.com.br\/index.php\/2021\/02\/10\/headset-de-realidade-mista-da-apple-deve-chegar-ao-mercado-em-2023\/","og_locale":"pt_BR","og_type":"article","og_title":"Headset de realidade mista da Apple deve chegar ao mercado em 2023 - Jornal Fatos e Not\u00edcias","og_description":"O headset de realidade mista da Apple deve chegar ao mercado\u00a0em 2023, equipado com\u00a0o\u00a0chip M1 e um valor bem elevado. O usu\u00e1rio que desejar o novo acess\u00f3rio, que promete exibir v\u00eddeos em 8k, dever\u00e1 desembolsar nada menos que US$ 3 mil (cerca de R$ 16 mil).O dispositivo que ser\u00e1 meio \u00f3culos e meio fone, contar\u00e1 [&hellip;]","og_url":"https:\/\/jornalfatosenoticias.com.br\/index.php\/2021\/02\/10\/headset-de-realidade-mista-da-apple-deve-chegar-ao-mercado-em-2023\/","og_site_name":"Jornal Fatos e Not\u00edcias","article_published_time":"2021-02-10T13:40:42+00:00","article_modified_time":"2021-02-10T13:41:06+00:00","og_image":[{"width":1000,"height":603,"url":"https:\/\/jornalfatosenoticias.com.br\/wp-content\/uploads\/2021\/02\/apple-glass-techweartrend-instagram.jpg","type":"image\/jpeg"}],"author":"Luzimara Fernandes","twitter_card":"summary_large_image","twitter_misc":{"Escrito por":"Luzimara Fernandes","Est. tempo de leitura":"1 minuto"},"schema":{"@context":"https:\/\/schema.org","@graph":[{"@type":"Article","@id":"https:\/\/jornalfatosenoticias.com.br\/index.php\/2021\/02\/10\/headset-de-realidade-mista-da-apple-deve-chegar-ao-mercado-em-2023\/#article","isPartOf":{"@id":"https:\/\/jornalfatosenoticias.com.br\/index.php\/2021\/02\/10\/headset-de-realidade-mista-da-apple-deve-chegar-ao-mercado-em-2023\/"},"author":{"name":"Luzimara Fernandes","@id":"https:\/\/jornalfatosenoticias.com.br\/#\/schema\/person\/d63837fa13ac8666eb9e74e0985d6f81"},"headline":"Headset de realidade mista da Apple deve chegar ao mercado em 2023","datePublished":"2021-02-10T13:40:42+00:00","dateModified":"2021-02-10T13:41:06+00:00","mainEntityOfPage":{"@id":"https:\/\/jornalfatosenoticias.com.br\/index.php\/2021\/02\/10\/headset-de-realidade-mista-da-apple-deve-chegar-ao-mercado-em-2023\/"},"wordCount":310,"commentCount":0,"publisher":{"@id":"https:\/\/jornalfatosenoticias.com.br\/#organization"},"image":{"@id":"https:\/\/jornalfatosenoticias.com.br\/index.php\/2021\/02\/10\/headset-de-realidade-mista-da-apple-deve-chegar-ao-mercado-em-2023\/#primaryimage"},"thumbnailUrl":"https:\/\/jornalfatosenoticias.com.br\/wp-content\/uploads\/2021\/02\/apple-glass-techweartrend-instagram.jpg","keywords":["Apple","realidade aumentada","realidade mista"],"articleSection":["Tecnologia &amp; Inova\u00e7\u00e3o"],"inLanguage":"pt-BR","potentialAction":[{"@type":"CommentAction","name":"Comment","target":["https:\/\/jornalfatosenoticias.com.br\/index.php\/2021\/02\/10\/headset-de-realidade-mista-da-apple-deve-chegar-ao-mercado-em-2023\/#respond"]}]},{"@type":"WebPage","@id":"https:\/\/jornalfatosenoticias.com.br\/index.php\/2021\/02\/10\/headset-de-realidade-mista-da-apple-deve-chegar-ao-mercado-em-2023\/","url":"https:\/\/jornalfatosenoticias.com.br\/index.php\/2021\/02\/10\/headset-de-realidade-mista-da-apple-deve-chegar-ao-mercado-em-2023\/","name":"Headset de realidade mista da Apple deve chegar ao mercado em 2023 - Jornal Fatos e Not\u00edcias","isPartOf":{"@id":"https:\/\/jornalfatosenoticias.com.br\/#website"},"primaryImageOfPage":{"@id":"https:\/\/jornalfatosenoticias.com.br\/index.php\/2021\/02\/10\/headset-de-realidade-mista-da-apple-deve-chegar-ao-mercado-em-2023\/#primaryimage"},"image":{"@id":"https:\/\/jornalfatosenoticias.com.br\/index.php\/2021\/02\/10\/headset-de-realidade-mista-da-apple-deve-chegar-ao-mercado-em-2023\/#primaryimage"},"thumbnailUrl":"https:\/\/jornalfatosenoticias.com.br\/wp-content\/uploads\/2021\/02\/apple-glass-techweartrend-instagram.jpg","datePublished":"2021-02-10T13:40:42+00:00","dateModified":"2021-02-10T13:41:06+00:00","breadcrumb":{"@id":"https:\/\/jornalfatosenoticias.com.br\/index.php\/2021\/02\/10\/headset-de-realidade-mista-da-apple-deve-chegar-ao-mercado-em-2023\/#breadcrumb"},"inLanguage":"pt-BR","potentialAction":[{"@type":"ReadAction","target":["https:\/\/jornalfatosenoticias.com.br\/index.php\/2021\/02\/10\/headset-de-realidade-mista-da-apple-deve-chegar-ao-mercado-em-2023\/"]}]},{"@type":"ImageObject","inLanguage":"pt-BR","@id":"https:\/\/jornalfatosenoticias.com.br\/index.php\/2021\/02\/10\/headset-de-realidade-mista-da-apple-deve-chegar-ao-mercado-em-2023\/#primaryimage","url":"https:\/\/jornalfatosenoticias.com.br\/wp-content\/uploads\/2021\/02\/apple-glass-techweartrend-instagram.jpg","contentUrl":"https:\/\/jornalfatosenoticias.com.br\/wp-content\/uploads\/2021\/02\/apple-glass-techweartrend-instagram.jpg","width":1000,"height":603},{"@type":"BreadcrumbList","@id":"https:\/\/jornalfatosenoticias.com.br\/index.php\/2021\/02\/10\/headset-de-realidade-mista-da-apple-deve-chegar-ao-mercado-em-2023\/#breadcrumb","itemListElement":[{"@type":"ListItem","position":1,"name":"In\u00edcio","item":"https:\/\/jornalfatosenoticias.com.br\/"},{"@type":"ListItem","position":2,"name":"Headset de realidade mista da Apple deve chegar ao mercado em 2023"}]},{"@type":"WebSite","@id":"https:\/\/jornalfatosenoticias.com.br\/#website","url":"https:\/\/jornalfatosenoticias.com.br\/","name":"Jornal Fatos e Not\u00edcias","description":"Not\u00edcias em geral","publisher":{"@id":"https:\/\/jornalfatosenoticias.com.br\/#organization"},"potentialAction":[{"@type":"SearchAction","target":{"@type":"EntryPoint","urlTemplate":"https:\/\/jornalfatosenoticias.com.br\/?s={search_term_string}"},"query-input":{"@type":"PropertyValueSpecification","valueRequired":true,"valueName":"search_term_string"}}],"inLanguage":"pt-BR"},{"@type":"Organization","@id":"https:\/\/jornalfatosenoticias.com.br\/#organization","name":"Jornal Fatos e Not\u00edcias","url":"https:\/\/jornalfatosenoticias.com.br\/","logo":{"@type":"ImageObject","inLanguage":"pt-BR","@id":"https:\/\/jornalfatosenoticias.com.br\/#\/schema\/logo\/image\/","url":"https:\/\/jornalfatosenoticias.com.br\/wp-content\/uploads\/2020\/02\/logo120.png","contentUrl":"https:\/\/jornalfatosenoticias.com.br\/wp-content\/uploads\/2020\/02\/logo120.png","width":1227,"height":120,"caption":"Jornal Fatos e Not\u00edcias"},"image":{"@id":"https:\/\/jornalfatosenoticias.com.br\/#\/schema\/logo\/image\/"}},{"@type":"Person","@id":"https:\/\/jornalfatosenoticias.com.br\/#\/schema\/person\/d63837fa13ac8666eb9e74e0985d6f81","name":"Luzimara Fernandes","image":{"@type":"ImageObject","inLanguage":"pt-BR","@id":"https:\/\/jornalfatosenoticias.com.br\/#\/schema\/person\/image\/","url":"https:\/\/jornalfatosenoticias.com.br\/wp-content\/uploads\/2025\/05\/EU_portal.jpg","contentUrl":"https:\/\/jornalfatosenoticias.com.br\/wp-content\/uploads\/2025\/05\/EU_portal.jpg","caption":"Luzimara Fernandes"},"description":"Jornalista MTB 2358-ES","sameAs":["https:\/\/jornalfatosenoticias.com.br"],"url":"https:\/\/jornalfatosenoticias.com.br\/index.php\/author\/luzimara\/"}]}},"cc_featured_image_caption":{"caption_text":"(Foto: \u00a9Instagram) ","source_text":"","source_url":""},"jetpack_featured_media_url":"https:\/\/jornalfatosenoticias.com.br\/wp-content\/uploads\/2021\/02\/apple-glass-techweartrend-instagram.jpg","_links":{"self":[{"href":"https:\/\/jornalfatosenoticias.com.br\/index.php\/wp-json\/wp\/v2\/posts\/14531","targetHints":{"allow":["GET"]}}],"collection":[{"href":"https:\/\/jornalfatosenoticias.com.br\/index.php\/wp-json\/wp\/v2\/posts"}],"about":[{"href":"https:\/\/jornalfatosenoticias.com.br\/index.php\/wp-json\/wp\/v2\/types\/post"}],"author":[{"embeddable":true,"href":"https:\/\/jornalfatosenoticias.com.br\/index.php\/wp-json\/wp\/v2\/users\/2"}],"replies":[{"embeddable":true,"href":"https:\/\/jornalfatosenoticias.com.br\/index.php\/wp-json\/wp\/v2\/comments?post=14531"}],"version-history":[{"count":0,"href":"https:\/\/jornalfatosenoticias.com.br\/index.php\/wp-json\/wp\/v2\/posts\/14531\/revisions"}],"wp:featuredmedia":[{"embeddable":true,"href":"https:\/\/jornalfatosenoticias.com.br\/index.php\/wp-json\/wp\/v2\/media\/14532"}],"wp:attachment":[{"href":"https:\/\/jornalfatosenoticias.com.br\/index.php\/wp-json\/wp\/v2\/media?parent=14531"}],"wp:term":[{"taxonomy":"category","embeddable":true,"href":"https:\/\/jornalfatosenoticias.com.br\/index.php\/wp-json\/wp\/v2\/categories?post=14531"},{"taxonomy":"post_tag","embeddable":true,"href":"https:\/\/jornalfatosenoticias.com.br\/index.php\/wp-json\/wp\/v2\/tags?post=14531"}],"curies":[{"name":"wp","href":"https:\/\/api.w.org\/{rel}","templated":true}]}}