{"id":14536,"date":"2021-02-10T10:44:14","date_gmt":"2021-02-10T13:44:14","guid":{"rendered":"https:\/\/jornalfatosenoticias.com.br\/?p=14536"},"modified":"2021-02-10T10:44:15","modified_gmt":"2021-02-10T13:44:15","slug":"centro-brasileiro-de-pesquisa-aplicada-a-primeira-infancia-e-lancado","status":"publish","type":"post","link":"https:\/\/jornalfatosenoticias.com.br\/index.php\/2021\/02\/10\/centro-brasileiro-de-pesquisa-aplicada-a-primeira-infancia-e-lancado\/","title":{"rendered":"Centro Brasileiro de Pesquisa Aplicada \u00e0 Primeira Inf\u00e2ncia \u00e9 lan\u00e7ado"},"content":{"rendered":"\n<h6 class=\"wp-block-heading\"><em>Com dire\u00e7\u00e3o do economista do Insper, Na\u00e9rcio Menezes Filho, pesquisadores acompanhar\u00e3o crian\u00e7as para produzir evid\u00eancias, al\u00e9m de promover treinamentos a profissionais e estudantes. Aperfei\u00e7oar pol\u00edticas p\u00fablicas \u00e9 um dos principais objetivos<\/em><\/h6>\n\n\n\n<p>O Centro Brasileiro de Pesquisa Aplicada \u00e0 Primeira Inf\u00e2ncia (CPAPI) acaba de ser lan\u00e7ado. Com sede no Insper, em SP, a iniciativa surge com o objetivo de produzir evid\u00eancias para aperfei\u00e7oar pol\u00edticas p\u00fablicas voltadas ao desenvolvimento de crian\u00e7as nos seis primeiros anos de vida. A\u00e7\u00f5es preventivas adotadas nessa fase, denominada primeira inf\u00e2ncia, podem gerar impactos que v\u00e3o acompanhar a crian\u00e7a ao longo de sua vida, n\u00e3o s\u00f3 na sa\u00fade, mas nos aspectos comportamentais, desempenho escolar e futuro profissional.<br>A saber, o centro planeja desenvolver uma plataforma para armazenar informa\u00e7\u00f5es coletadas em uma amostra de crian\u00e7as e integr\u00e1-las a registros administrativos de educa\u00e7\u00e3o e sa\u00fade. Alimentada por meio de aplicativos, ela poder\u00e1 ser acessada por profissionais e gestores p\u00fablicos, que ser\u00e3o incentivados a utilizar os indicadores na elabora\u00e7\u00e3o de pol\u00edticas p\u00fablicas.<br>O CPAPI tamb\u00e9m pretende promover a capacita\u00e7\u00e3o de profissionais nas \u00e1reas de sa\u00fade, educa\u00e7\u00e3o e assist\u00eancia social, bem como de estudantes de ensino m\u00e9dio, gradua\u00e7\u00e3o e p\u00f3s-gradua\u00e7\u00e3o. Os p\u00fablicos s\u00e3o distintos, contudo, o objetivo \u00e9 um s\u00f3: aprimorar e difundir o conhecimento acerca dos impactos de um desenvolvimento infantil saud\u00e1vel.<\/p>\n\n\n\n<h4 class=\"wp-block-heading\">Organiza\u00e7\u00e3o<\/h4>\n\n\n\n<p>Vinculado \u00e0 Funda\u00e7\u00e3o de Amparo \u00e0 Pesquisa do Estado de S\u00e3o Paulo (Fapesp), o centro de pesquisa \u00e9 uma iniciativa do N\u00facleo Ci\u00eancia Pela Inf\u00e2ncia (NCPI), que \u00e9 formado pelas seguintes organiza\u00e7\u00f5es: Center on the Developing Child da Universidade Harvard, David Rockefeller Center for Latin American Studies, Faculdade de Medicina da USP, Funda\u00e7\u00f5es Bernard van Leer e Maria Cecilia Souto Vidigal, Insper e Porticus Am\u00e9rica Latina.<br>Em resumo, o CPAPI ser\u00e1 dirigido por Na\u00e9rcio Menezes Filho, que \u00e9 coordenador da C\u00e1tedra Ruth Cardoso no Insper e do Comit\u00ea Cient\u00edfico do NCPI, al\u00e9m de lecionar na FEA-USP. Tamb\u00e9m atuar\u00e3o como pesquisadores principais do centro Anna Maria Chiesa, Daniel Domingues dos Santos, Helena Brentani, Maria Beatriz Martins Linhares e Rog\u00e9rio Lerner.<\/p>\n\n\n\n<p><strong><em>Fonte: <a href=\"https:\/\/revistaeducacao.com.br\/2021\/02\/08\/pesquisa-primeira-infancia\/\">Revista Educa\u00e7\u00e3o<\/a><\/em><\/strong><\/p>\n","protected":false},"excerpt":{"rendered":"<p>Com dire\u00e7\u00e3o do economista do Insper, Na\u00e9rcio Menezes Filho, pesquisadores acompanhar\u00e3o crian\u00e7as para produzir evid\u00eancias, al\u00e9m de promover treinamentos a profissionais e estudantes. Aperfei\u00e7oar pol\u00edticas p\u00fablicas \u00e9 um dos principais objetivos O Centro Brasileiro de Pesquisa Aplicada \u00e0 Primeira Inf\u00e2ncia (CPAPI) acaba de ser lan\u00e7ado. Com sede no Insper, em SP, a iniciativa surge com [&hellip;]<\/p>\n","protected":false},"author":2,"featured_media":14537,"comment_status":"open","ping_status":"open","sticky":false,"template":"","format":"standard","meta":{"footnotes":""},"categories":[7],"tags":[7410,7411,345,1870,463],"class_list":["post-14536","post","type-post","status-publish","format-standard","has-post-thumbnail","hentry","category-educacao","tag-centro-brasileiro-de-pesquisa-aplicada-a-primeira-infancia","tag-cpapi","tag-educacao","tag-educacao-infantil","tag-politicas-publicas"],"yoast_head":"<!-- This site is optimized with the Yoast SEO plugin v26.5 - https:\/\/yoast.com\/wordpress\/plugins\/seo\/ -->\n<title>Centro Brasileiro de Pesquisa Aplicada \u00e0 Primeira Inf\u00e2ncia \u00e9 lan\u00e7ado - Jornal Fatos e Not\u00edcias<\/title>\n<meta name=\"robots\" content=\"index, follow, max-snippet:-1, max-image-preview:large, max-video-preview:-1\" \/>\n<link rel=\"canonical\" href=\"https:\/\/jornalfatosenoticias.com.br\/index.php\/2021\/02\/10\/centro-brasileiro-de-pesquisa-aplicada-a-primeira-infancia-e-lancado\/\" \/>\n<meta property=\"og:locale\" content=\"pt_BR\" \/>\n<meta property=\"og:type\" content=\"article\" \/>\n<meta property=\"og:title\" content=\"Centro Brasileiro de Pesquisa Aplicada \u00e0 Primeira Inf\u00e2ncia \u00e9 lan\u00e7ado - Jornal Fatos e Not\u00edcias\" \/>\n<meta property=\"og:description\" content=\"Com dire\u00e7\u00e3o do economista do Insper, Na\u00e9rcio Menezes Filho, pesquisadores acompanhar\u00e3o crian\u00e7as para produzir evid\u00eancias, al\u00e9m de promover treinamentos a profissionais e estudantes. Aperfei\u00e7oar pol\u00edticas p\u00fablicas \u00e9 um dos principais objetivos O Centro Brasileiro de Pesquisa Aplicada \u00e0 Primeira Inf\u00e2ncia (CPAPI) acaba de ser lan\u00e7ado. Com sede no Insper, em SP, a iniciativa surge com [&hellip;]\" \/>\n<meta property=\"og:url\" content=\"https:\/\/jornalfatosenoticias.com.br\/index.php\/2021\/02\/10\/centro-brasileiro-de-pesquisa-aplicada-a-primeira-infancia-e-lancado\/\" \/>\n<meta property=\"og:site_name\" content=\"Jornal Fatos e Not\u00edcias\" \/>\n<meta property=\"article:published_time\" content=\"2021-02-10T13:44:14+00:00\" \/>\n<meta property=\"article:modified_time\" content=\"2021-02-10T13:44:15+00:00\" \/>\n<meta property=\"og:image\" content=\"https:\/\/jornalfatosenoticias.com.br\/wp-content\/uploads\/2021\/02\/centro-primeira-infancia.jpg\" \/>\n\t<meta property=\"og:image:width\" content=\"1000\" \/>\n\t<meta property=\"og:image:height\" content=\"666\" \/>\n\t<meta property=\"og:image:type\" content=\"image\/jpeg\" \/>\n<meta name=\"author\" content=\"Luzimara Fernandes\" \/>\n<meta name=\"twitter:card\" content=\"summary_large_image\" \/>\n<meta name=\"twitter:label1\" content=\"Escrito por\" \/>\n\t<meta name=\"twitter:data1\" content=\"Luzimara Fernandes\" \/>\n\t<meta name=\"twitter:label2\" content=\"Est. tempo de leitura\" \/>\n\t<meta name=\"twitter:data2\" content=\"2 minutos\" \/>\n<script type=\"application\/ld+json\" class=\"yoast-schema-graph\">{\"@context\":\"https:\/\/schema.org\",\"@graph\":[{\"@type\":\"Article\",\"@id\":\"https:\/\/jornalfatosenoticias.com.br\/index.php\/2021\/02\/10\/centro-brasileiro-de-pesquisa-aplicada-a-primeira-infancia-e-lancado\/#article\",\"isPartOf\":{\"@id\":\"https:\/\/jornalfatosenoticias.com.br\/index.php\/2021\/02\/10\/centro-brasileiro-de-pesquisa-aplicada-a-primeira-infancia-e-lancado\/\"},\"author\":{\"name\":\"Luzimara Fernandes\",\"@id\":\"https:\/\/jornalfatosenoticias.com.br\/#\/schema\/person\/d63837fa13ac8666eb9e74e0985d6f81\"},\"headline\":\"Centro Brasileiro de Pesquisa Aplicada \u00e0 Primeira Inf\u00e2ncia \u00e9 lan\u00e7ado\",\"datePublished\":\"2021-02-10T13:44:14+00:00\",\"dateModified\":\"2021-02-10T13:44:15+00:00\",\"mainEntityOfPage\":{\"@id\":\"https:\/\/jornalfatosenoticias.com.br\/index.php\/2021\/02\/10\/centro-brasileiro-de-pesquisa-aplicada-a-primeira-infancia-e-lancado\/\"},\"wordCount\":397,\"commentCount\":0,\"publisher\":{\"@id\":\"https:\/\/jornalfatosenoticias.com.br\/#organization\"},\"image\":{\"@id\":\"https:\/\/jornalfatosenoticias.com.br\/index.php\/2021\/02\/10\/centro-brasileiro-de-pesquisa-aplicada-a-primeira-infancia-e-lancado\/#primaryimage\"},\"thumbnailUrl\":\"https:\/\/jornalfatosenoticias.com.br\/wp-content\/uploads\/2021\/02\/centro-primeira-infancia.jpg\",\"keywords\":[\"Centro Brasileiro de Pesquisa Aplicada \u00e0 Primeira Inf\u00e2ncia\",\"CPAPI\",\"educa\u00e7\u00e3o\",\"educa\u00e7\u00e3o infantil\",\"pol\u00edticas p\u00fablicas\"],\"articleSection\":[\"Educa\u00e7\u00e3o\"],\"inLanguage\":\"pt-BR\",\"potentialAction\":[{\"@type\":\"CommentAction\",\"name\":\"Comment\",\"target\":[\"https:\/\/jornalfatosenoticias.com.br\/index.php\/2021\/02\/10\/centro-brasileiro-de-pesquisa-aplicada-a-primeira-infancia-e-lancado\/#respond\"]}]},{\"@type\":\"WebPage\",\"@id\":\"https:\/\/jornalfatosenoticias.com.br\/index.php\/2021\/02\/10\/centro-brasileiro-de-pesquisa-aplicada-a-primeira-infancia-e-lancado\/\",\"url\":\"https:\/\/jornalfatosenoticias.com.br\/index.php\/2021\/02\/10\/centro-brasileiro-de-pesquisa-aplicada-a-primeira-infancia-e-lancado\/\",\"name\":\"Centro Brasileiro de Pesquisa Aplicada \u00e0 Primeira Inf\u00e2ncia \u00e9 lan\u00e7ado - Jornal Fatos e Not\u00edcias\",\"isPartOf\":{\"@id\":\"https:\/\/jornalfatosenoticias.com.br\/#website\"},\"primaryImageOfPage\":{\"@id\":\"https:\/\/jornalfatosenoticias.com.br\/index.php\/2021\/02\/10\/centro-brasileiro-de-pesquisa-aplicada-a-primeira-infancia-e-lancado\/#primaryimage\"},\"image\":{\"@id\":\"https:\/\/jornalfatosenoticias.com.br\/index.php\/2021\/02\/10\/centro-brasileiro-de-pesquisa-aplicada-a-primeira-infancia-e-lancado\/#primaryimage\"},\"thumbnailUrl\":\"https:\/\/jornalfatosenoticias.com.br\/wp-content\/uploads\/2021\/02\/centro-primeira-infancia.jpg\",\"datePublished\":\"2021-02-10T13:44:14+00:00\",\"dateModified\":\"2021-02-10T13:44:15+00:00\",\"breadcrumb\":{\"@id\":\"https:\/\/jornalfatosenoticias.com.br\/index.php\/2021\/02\/10\/centro-brasileiro-de-pesquisa-aplicada-a-primeira-infancia-e-lancado\/#breadcrumb\"},\"inLanguage\":\"pt-BR\",\"potentialAction\":[{\"@type\":\"ReadAction\",\"target\":[\"https:\/\/jornalfatosenoticias.com.br\/index.php\/2021\/02\/10\/centro-brasileiro-de-pesquisa-aplicada-a-primeira-infancia-e-lancado\/\"]}]},{\"@type\":\"ImageObject\",\"inLanguage\":\"pt-BR\",\"@id\":\"https:\/\/jornalfatosenoticias.com.br\/index.php\/2021\/02\/10\/centro-brasileiro-de-pesquisa-aplicada-a-primeira-infancia-e-lancado\/#primaryimage\",\"url\":\"https:\/\/jornalfatosenoticias.com.br\/wp-content\/uploads\/2021\/02\/centro-primeira-infancia.jpg\",\"contentUrl\":\"https:\/\/jornalfatosenoticias.com.br\/wp-content\/uploads\/2021\/02\/centro-primeira-infancia.jpg\",\"width\":1000,\"height\":666},{\"@type\":\"BreadcrumbList\",\"@id\":\"https:\/\/jornalfatosenoticias.com.br\/index.php\/2021\/02\/10\/centro-brasileiro-de-pesquisa-aplicada-a-primeira-infancia-e-lancado\/#breadcrumb\",\"itemListElement\":[{\"@type\":\"ListItem\",\"position\":1,\"name\":\"In\u00edcio\",\"item\":\"https:\/\/jornalfatosenoticias.com.br\/\"},{\"@type\":\"ListItem\",\"position\":2,\"name\":\"Centro Brasileiro de Pesquisa Aplicada \u00e0 Primeira Inf\u00e2ncia \u00e9 lan\u00e7ado\"}]},{\"@type\":\"WebSite\",\"@id\":\"https:\/\/jornalfatosenoticias.com.br\/#website\",\"url\":\"https:\/\/jornalfatosenoticias.com.br\/\",\"name\":\"Jornal Fatos e Not\u00edcias\",\"description\":\"Not\u00edcias em geral\",\"publisher\":{\"@id\":\"https:\/\/jornalfatosenoticias.com.br\/#organization\"},\"potentialAction\":[{\"@type\":\"SearchAction\",\"target\":{\"@type\":\"EntryPoint\",\"urlTemplate\":\"https:\/\/jornalfatosenoticias.com.br\/?s={search_term_string}\"},\"query-input\":{\"@type\":\"PropertyValueSpecification\",\"valueRequired\":true,\"valueName\":\"search_term_string\"}}],\"inLanguage\":\"pt-BR\"},{\"@type\":\"Organization\",\"@id\":\"https:\/\/jornalfatosenoticias.com.br\/#organization\",\"name\":\"Jornal Fatos e Not\u00edcias\",\"url\":\"https:\/\/jornalfatosenoticias.com.br\/\",\"logo\":{\"@type\":\"ImageObject\",\"inLanguage\":\"pt-BR\",\"@id\":\"https:\/\/jornalfatosenoticias.com.br\/#\/schema\/logo\/image\/\",\"url\":\"https:\/\/jornalfatosenoticias.com.br\/wp-content\/uploads\/2020\/02\/logo120.png\",\"contentUrl\":\"https:\/\/jornalfatosenoticias.com.br\/wp-content\/uploads\/2020\/02\/logo120.png\",\"width\":1227,\"height\":120,\"caption\":\"Jornal Fatos e Not\u00edcias\"},\"image\":{\"@id\":\"https:\/\/jornalfatosenoticias.com.br\/#\/schema\/logo\/image\/\"}},{\"@type\":\"Person\",\"@id\":\"https:\/\/jornalfatosenoticias.com.br\/#\/schema\/person\/d63837fa13ac8666eb9e74e0985d6f81\",\"name\":\"Luzimara Fernandes\",\"image\":{\"@type\":\"ImageObject\",\"inLanguage\":\"pt-BR\",\"@id\":\"https:\/\/jornalfatosenoticias.com.br\/#\/schema\/person\/image\/\",\"url\":\"https:\/\/jornalfatosenoticias.com.br\/wp-content\/uploads\/2025\/05\/EU_portal.jpg\",\"contentUrl\":\"https:\/\/jornalfatosenoticias.com.br\/wp-content\/uploads\/2025\/05\/EU_portal.jpg\",\"caption\":\"Luzimara Fernandes\"},\"description\":\"Jornalista MTB 2358-ES\",\"sameAs\":[\"https:\/\/jornalfatosenoticias.com.br\"],\"url\":\"https:\/\/jornalfatosenoticias.com.br\/index.php\/author\/luzimara\/\"}]}<\/script>\n<!-- \/ Yoast SEO plugin. -->","yoast_head_json":{"title":"Centro Brasileiro de Pesquisa Aplicada \u00e0 Primeira Inf\u00e2ncia \u00e9 lan\u00e7ado - Jornal Fatos e Not\u00edcias","robots":{"index":"index","follow":"follow","max-snippet":"max-snippet:-1","max-image-preview":"max-image-preview:large","max-video-preview":"max-video-preview:-1"},"canonical":"https:\/\/jornalfatosenoticias.com.br\/index.php\/2021\/02\/10\/centro-brasileiro-de-pesquisa-aplicada-a-primeira-infancia-e-lancado\/","og_locale":"pt_BR","og_type":"article","og_title":"Centro Brasileiro de Pesquisa Aplicada \u00e0 Primeira Inf\u00e2ncia \u00e9 lan\u00e7ado - Jornal Fatos e Not\u00edcias","og_description":"Com dire\u00e7\u00e3o do economista do Insper, Na\u00e9rcio Menezes Filho, pesquisadores acompanhar\u00e3o crian\u00e7as para produzir evid\u00eancias, al\u00e9m de promover treinamentos a profissionais e estudantes. Aperfei\u00e7oar pol\u00edticas p\u00fablicas \u00e9 um dos principais objetivos O Centro Brasileiro de Pesquisa Aplicada \u00e0 Primeira Inf\u00e2ncia (CPAPI) acaba de ser lan\u00e7ado. Com sede no Insper, em SP, a iniciativa surge com [&hellip;]","og_url":"https:\/\/jornalfatosenoticias.com.br\/index.php\/2021\/02\/10\/centro-brasileiro-de-pesquisa-aplicada-a-primeira-infancia-e-lancado\/","og_site_name":"Jornal Fatos e Not\u00edcias","article_published_time":"2021-02-10T13:44:14+00:00","article_modified_time":"2021-02-10T13:44:15+00:00","og_image":[{"width":1000,"height":666,"url":"https:\/\/jornalfatosenoticias.com.br\/wp-content\/uploads\/2021\/02\/centro-primeira-infancia.jpg","type":"image\/jpeg"}],"author":"Luzimara Fernandes","twitter_card":"summary_large_image","twitter_misc":{"Escrito por":"Luzimara Fernandes","Est. tempo de leitura":"2 minutos"},"schema":{"@context":"https:\/\/schema.org","@graph":[{"@type":"Article","@id":"https:\/\/jornalfatosenoticias.com.br\/index.php\/2021\/02\/10\/centro-brasileiro-de-pesquisa-aplicada-a-primeira-infancia-e-lancado\/#article","isPartOf":{"@id":"https:\/\/jornalfatosenoticias.com.br\/index.php\/2021\/02\/10\/centro-brasileiro-de-pesquisa-aplicada-a-primeira-infancia-e-lancado\/"},"author":{"name":"Luzimara Fernandes","@id":"https:\/\/jornalfatosenoticias.com.br\/#\/schema\/person\/d63837fa13ac8666eb9e74e0985d6f81"},"headline":"Centro Brasileiro de Pesquisa Aplicada \u00e0 Primeira Inf\u00e2ncia \u00e9 lan\u00e7ado","datePublished":"2021-02-10T13:44:14+00:00","dateModified":"2021-02-10T13:44:15+00:00","mainEntityOfPage":{"@id":"https:\/\/jornalfatosenoticias.com.br\/index.php\/2021\/02\/10\/centro-brasileiro-de-pesquisa-aplicada-a-primeira-infancia-e-lancado\/"},"wordCount":397,"commentCount":0,"publisher":{"@id":"https:\/\/jornalfatosenoticias.com.br\/#organization"},"image":{"@id":"https:\/\/jornalfatosenoticias.com.br\/index.php\/2021\/02\/10\/centro-brasileiro-de-pesquisa-aplicada-a-primeira-infancia-e-lancado\/#primaryimage"},"thumbnailUrl":"https:\/\/jornalfatosenoticias.com.br\/wp-content\/uploads\/2021\/02\/centro-primeira-infancia.jpg","keywords":["Centro Brasileiro de Pesquisa Aplicada \u00e0 Primeira Inf\u00e2ncia","CPAPI","educa\u00e7\u00e3o","educa\u00e7\u00e3o infantil","pol\u00edticas p\u00fablicas"],"articleSection":["Educa\u00e7\u00e3o"],"inLanguage":"pt-BR","potentialAction":[{"@type":"CommentAction","name":"Comment","target":["https:\/\/jornalfatosenoticias.com.br\/index.php\/2021\/02\/10\/centro-brasileiro-de-pesquisa-aplicada-a-primeira-infancia-e-lancado\/#respond"]}]},{"@type":"WebPage","@id":"https:\/\/jornalfatosenoticias.com.br\/index.php\/2021\/02\/10\/centro-brasileiro-de-pesquisa-aplicada-a-primeira-infancia-e-lancado\/","url":"https:\/\/jornalfatosenoticias.com.br\/index.php\/2021\/02\/10\/centro-brasileiro-de-pesquisa-aplicada-a-primeira-infancia-e-lancado\/","name":"Centro Brasileiro de Pesquisa Aplicada \u00e0 Primeira Inf\u00e2ncia \u00e9 lan\u00e7ado - Jornal Fatos e Not\u00edcias","isPartOf":{"@id":"https:\/\/jornalfatosenoticias.com.br\/#website"},"primaryImageOfPage":{"@id":"https:\/\/jornalfatosenoticias.com.br\/index.php\/2021\/02\/10\/centro-brasileiro-de-pesquisa-aplicada-a-primeira-infancia-e-lancado\/#primaryimage"},"image":{"@id":"https:\/\/jornalfatosenoticias.com.br\/index.php\/2021\/02\/10\/centro-brasileiro-de-pesquisa-aplicada-a-primeira-infancia-e-lancado\/#primaryimage"},"thumbnailUrl":"https:\/\/jornalfatosenoticias.com.br\/wp-content\/uploads\/2021\/02\/centro-primeira-infancia.jpg","datePublished":"2021-02-10T13:44:14+00:00","dateModified":"2021-02-10T13:44:15+00:00","breadcrumb":{"@id":"https:\/\/jornalfatosenoticias.com.br\/index.php\/2021\/02\/10\/centro-brasileiro-de-pesquisa-aplicada-a-primeira-infancia-e-lancado\/#breadcrumb"},"inLanguage":"pt-BR","potentialAction":[{"@type":"ReadAction","target":["https:\/\/jornalfatosenoticias.com.br\/index.php\/2021\/02\/10\/centro-brasileiro-de-pesquisa-aplicada-a-primeira-infancia-e-lancado\/"]}]},{"@type":"ImageObject","inLanguage":"pt-BR","@id":"https:\/\/jornalfatosenoticias.com.br\/index.php\/2021\/02\/10\/centro-brasileiro-de-pesquisa-aplicada-a-primeira-infancia-e-lancado\/#primaryimage","url":"https:\/\/jornalfatosenoticias.com.br\/wp-content\/uploads\/2021\/02\/centro-primeira-infancia.jpg","contentUrl":"https:\/\/jornalfatosenoticias.com.br\/wp-content\/uploads\/2021\/02\/centro-primeira-infancia.jpg","width":1000,"height":666},{"@type":"BreadcrumbList","@id":"https:\/\/jornalfatosenoticias.com.br\/index.php\/2021\/02\/10\/centro-brasileiro-de-pesquisa-aplicada-a-primeira-infancia-e-lancado\/#breadcrumb","itemListElement":[{"@type":"ListItem","position":1,"name":"In\u00edcio","item":"https:\/\/jornalfatosenoticias.com.br\/"},{"@type":"ListItem","position":2,"name":"Centro Brasileiro de Pesquisa Aplicada \u00e0 Primeira Inf\u00e2ncia \u00e9 lan\u00e7ado"}]},{"@type":"WebSite","@id":"https:\/\/jornalfatosenoticias.com.br\/#website","url":"https:\/\/jornalfatosenoticias.com.br\/","name":"Jornal Fatos e Not\u00edcias","description":"Not\u00edcias em geral","publisher":{"@id":"https:\/\/jornalfatosenoticias.com.br\/#organization"},"potentialAction":[{"@type":"SearchAction","target":{"@type":"EntryPoint","urlTemplate":"https:\/\/jornalfatosenoticias.com.br\/?s={search_term_string}"},"query-input":{"@type":"PropertyValueSpecification","valueRequired":true,"valueName":"search_term_string"}}],"inLanguage":"pt-BR"},{"@type":"Organization","@id":"https:\/\/jornalfatosenoticias.com.br\/#organization","name":"Jornal Fatos e Not\u00edcias","url":"https:\/\/jornalfatosenoticias.com.br\/","logo":{"@type":"ImageObject","inLanguage":"pt-BR","@id":"https:\/\/jornalfatosenoticias.com.br\/#\/schema\/logo\/image\/","url":"https:\/\/jornalfatosenoticias.com.br\/wp-content\/uploads\/2020\/02\/logo120.png","contentUrl":"https:\/\/jornalfatosenoticias.com.br\/wp-content\/uploads\/2020\/02\/logo120.png","width":1227,"height":120,"caption":"Jornal Fatos e Not\u00edcias"},"image":{"@id":"https:\/\/jornalfatosenoticias.com.br\/#\/schema\/logo\/image\/"}},{"@type":"Person","@id":"https:\/\/jornalfatosenoticias.com.br\/#\/schema\/person\/d63837fa13ac8666eb9e74e0985d6f81","name":"Luzimara Fernandes","image":{"@type":"ImageObject","inLanguage":"pt-BR","@id":"https:\/\/jornalfatosenoticias.com.br\/#\/schema\/person\/image\/","url":"https:\/\/jornalfatosenoticias.com.br\/wp-content\/uploads\/2025\/05\/EU_portal.jpg","contentUrl":"https:\/\/jornalfatosenoticias.com.br\/wp-content\/uploads\/2025\/05\/EU_portal.jpg","caption":"Luzimara Fernandes"},"description":"Jornalista MTB 2358-ES","sameAs":["https:\/\/jornalfatosenoticias.com.br"],"url":"https:\/\/jornalfatosenoticias.com.br\/index.php\/author\/luzimara\/"}]}},"cc_featured_image_caption":{"caption_text":"(Foto: Envato Elements) \r\n","source_text":"","source_url":""},"jetpack_featured_media_url":"https:\/\/jornalfatosenoticias.com.br\/wp-content\/uploads\/2021\/02\/centro-primeira-infancia.jpg","_links":{"self":[{"href":"https:\/\/jornalfatosenoticias.com.br\/index.php\/wp-json\/wp\/v2\/posts\/14536","targetHints":{"allow":["GET"]}}],"collection":[{"href":"https:\/\/jornalfatosenoticias.com.br\/index.php\/wp-json\/wp\/v2\/posts"}],"about":[{"href":"https:\/\/jornalfatosenoticias.com.br\/index.php\/wp-json\/wp\/v2\/types\/post"}],"author":[{"embeddable":true,"href":"https:\/\/jornalfatosenoticias.com.br\/index.php\/wp-json\/wp\/v2\/users\/2"}],"replies":[{"embeddable":true,"href":"https:\/\/jornalfatosenoticias.com.br\/index.php\/wp-json\/wp\/v2\/comments?post=14536"}],"version-history":[{"count":0,"href":"https:\/\/jornalfatosenoticias.com.br\/index.php\/wp-json\/wp\/v2\/posts\/14536\/revisions"}],"wp:featuredmedia":[{"embeddable":true,"href":"https:\/\/jornalfatosenoticias.com.br\/index.php\/wp-json\/wp\/v2\/media\/14537"}],"wp:attachment":[{"href":"https:\/\/jornalfatosenoticias.com.br\/index.php\/wp-json\/wp\/v2\/media?parent=14536"}],"wp:term":[{"taxonomy":"category","embeddable":true,"href":"https:\/\/jornalfatosenoticias.com.br\/index.php\/wp-json\/wp\/v2\/categories?post=14536"},{"taxonomy":"post_tag","embeddable":true,"href":"https:\/\/jornalfatosenoticias.com.br\/index.php\/wp-json\/wp\/v2\/tags?post=14536"}],"curies":[{"name":"wp","href":"https:\/\/api.w.org\/{rel}","templated":true}]}}