{"id":14597,"date":"2021-02-11T18:08:28","date_gmt":"2021-02-11T21:08:28","guid":{"rendered":"https:\/\/jornalfatosenoticias.com.br\/?p=14597"},"modified":"2021-02-11T18:08:32","modified_gmt":"2021-02-11T21:08:32","slug":"telhado-com-forma-concava-capta-agua-da-chuva-e-refrigera","status":"publish","type":"post","link":"https:\/\/jornalfatosenoticias.com.br\/index.php\/2021\/02\/11\/telhado-com-forma-concava-capta-agua-da-chuva-e-refrigera\/","title":{"rendered":"Telhado com forma c\u00f4ncava capta \u00e1gua da chuva e refrigera"},"content":{"rendered":"\n<h6 class=\"wp-block-heading\"><em>Cobertura pode melhorar a vida de quem vive em regi\u00f5es \u00e1ridas sem o uso de eletricidade<\/em><\/h6>\n\n\n\n<p>A falta de \u00e1gua e o clima extremamente quente s\u00e3o uma realidade dif\u00edcil em diversas regi\u00f5es do planeta. Uma das maneiras de melhorar as condi\u00e7\u00f5es de vida de quem vive nestes lugares est\u00e1 na arquitetura. Com uma proposta inovadora e ao mesmo tempo bonita, o est\u00fadio BMDesign prop\u00f5e que os telhados em climas \u00e1ridos sejam cobertos por constru\u00e7\u00f5es c\u00f4ncavas, como se fossem grandes tigelas.<br>Este formato tem fun\u00e7\u00e3o dupla: ao mesmo tempo que \u00e9 mais eficiente para captar \u00e1gua da chuva, tamb\u00e9m ajuda a refrigerar o interior das casas gra\u00e7as \u00e0 sombra e ao vento aproveitado pela forma.<\/p>\n\n\n\n<div class=\"wp-block-jetpack-slideshow aligncenter\" data-effect=\"slide\"><div class=\"wp-block-jetpack-slideshow_container swiper-container\"><ul class=\"wp-block-jetpack-slideshow_swiper-wrapper swiper-wrapper\"><li class=\"wp-block-jetpack-slideshow_slide swiper-slide\"><figure><img loading=\"lazy\" decoding=\"async\" width=\"1000\" height=\"597\" alt=\"\" class=\"wp-block-jetpack-slideshow_image wp-image-14598\" data-id=\"14598\" src=\"https:\/\/jornalfatosenoticias.com.br\/wp-content\/uploads\/2021\/02\/telhados-concavos-2.jpg\" srcset=\"https:\/\/jornalfatosenoticias.com.br\/wp-content\/uploads\/2021\/02\/telhados-concavos-2.jpg 1000w, https:\/\/jornalfatosenoticias.com.br\/wp-content\/uploads\/2021\/02\/telhados-concavos-2-300x179.jpg 300w, https:\/\/jornalfatosenoticias.com.br\/wp-content\/uploads\/2021\/02\/telhados-concavos-2-768x458.jpg 768w\" sizes=\"auto, (max-width: 1000px) 100vw, 1000px\" \/><figcaption class=\"wp-block-jetpack-slideshow_caption gallery-caption\">Sem usar eletricidade, teto c\u00f4ncavo melhora qualidade de vida em regi\u00f5es \u00e1ridas (Fotos: BMDesign Studios) <\/figcaption><\/figure><\/li><li class=\"wp-block-jetpack-slideshow_slide swiper-slide\"><figure><img loading=\"lazy\" decoding=\"async\" width=\"1000\" height=\"597\" alt=\"\" class=\"wp-block-jetpack-slideshow_image wp-image-14599\" data-id=\"14599\" src=\"https:\/\/jornalfatosenoticias.com.br\/wp-content\/uploads\/2021\/02\/telhados-concavos-4.jpg\" srcset=\"https:\/\/jornalfatosenoticias.com.br\/wp-content\/uploads\/2021\/02\/telhados-concavos-4.jpg 1000w, https:\/\/jornalfatosenoticias.com.br\/wp-content\/uploads\/2021\/02\/telhados-concavos-4-300x179.jpg 300w, https:\/\/jornalfatosenoticias.com.br\/wp-content\/uploads\/2021\/02\/telhados-concavos-4-768x458.jpg 768w\" sizes=\"auto, (max-width: 1000px) 100vw, 1000px\" \/><\/figure><\/li><li class=\"wp-block-jetpack-slideshow_slide swiper-slide\"><figure><img loading=\"lazy\" decoding=\"async\" width=\"1000\" height=\"597\" alt=\"\" class=\"wp-block-jetpack-slideshow_image wp-image-14600\" data-id=\"14600\" src=\"https:\/\/jornalfatosenoticias.com.br\/wp-content\/uploads\/2021\/02\/telhados-concavos-5.jpg\" srcset=\"https:\/\/jornalfatosenoticias.com.br\/wp-content\/uploads\/2021\/02\/telhados-concavos-5.jpg 1000w, https:\/\/jornalfatosenoticias.com.br\/wp-content\/uploads\/2021\/02\/telhados-concavos-5-300x179.jpg 300w, https:\/\/jornalfatosenoticias.com.br\/wp-content\/uploads\/2021\/02\/telhados-concavos-5-768x458.jpg 768w\" sizes=\"auto, (max-width: 1000px) 100vw, 1000px\" \/><\/figure><\/li><li class=\"wp-block-jetpack-slideshow_slide swiper-slide\"><figure><img loading=\"lazy\" decoding=\"async\" width=\"1000\" height=\"597\" alt=\"\" class=\"wp-block-jetpack-slideshow_image wp-image-14601\" data-id=\"14601\" src=\"https:\/\/jornalfatosenoticias.com.br\/wp-content\/uploads\/2021\/02\/telhados-concavos-6.jpg\" srcset=\"https:\/\/jornalfatosenoticias.com.br\/wp-content\/uploads\/2021\/02\/telhados-concavos-6.jpg 1000w, https:\/\/jornalfatosenoticias.com.br\/wp-content\/uploads\/2021\/02\/telhados-concavos-6-300x179.jpg 300w, https:\/\/jornalfatosenoticias.com.br\/wp-content\/uploads\/2021\/02\/telhados-concavos-6-768x458.jpg 768w\" sizes=\"auto, (max-width: 1000px) 100vw, 1000px\" \/><\/figure><\/li><\/ul><a class=\"wp-block-jetpack-slideshow_button-prev swiper-button-prev swiper-button-white\" role=\"button\"><\/a><a class=\"wp-block-jetpack-slideshow_button-next swiper-button-next swiper-button-white\" role=\"button\"><\/a><a aria-label=\"Pause Slideshow\" class=\"wp-block-jetpack-slideshow_button-pause\" role=\"button\"><\/a><div class=\"wp-block-jetpack-slideshow_pagination swiper-pagination swiper-pagination-white\"><\/div><\/div><\/div>\n\n\n\n<p>O teto c\u00f4ncavo foi especialmente criado para regi\u00f5es onde chove pouco e a capta\u00e7\u00e3o da \u00e1gua de chuva \u00e9 dificultada pelas altas taxas de evapora\u00e7\u00e3o. Na verdade se trata de um telhado duplo, j\u00e1 que abaixo da \u201ctigela\u201d existe um outro teto, levemente abobadado, com a mesma finalidade, garantindo que toda a \u00e1gua que caia seja aproveitada. Isso porque estes formatos fazem com que as gotas pequenas escorram e se unam em gotas maiores, tornando a evapora\u00e7\u00e3o mais lenta.<br>O formato c\u00f4ncavo tem ainda a vantagem de gerar uma sombra que se movimenta durante o dia e tem a vantagem de gerar um espa\u00e7o entre os dois telhados por onde o vento passa, otimizando ainda mais a refrigera\u00e7\u00e3o natural.<br>Depois de captada, a \u00e1gua \u00e9 canalizada em um ponto central de onde vai para um sistema interno de armazenamento. Este sistema fica em espa\u00e7os criados entre as paredes e tamb\u00e9m ajuda no isolamento t\u00e9rmico das constru\u00e7\u00f5es.<\/p>\n\n\n\n<p><strong><em>Fonte: <a href=\"https:\/\/ciclovivo.com.br\/arq-urb\/arquitetura\/telhado-com-forma-concava-capta-agua-da-chuva-e-refrigera\/#:~:text=A%20falta%20de%20%C3%A1gua%20e,em%20diversas%20regi%C3%B5es%20do%20planeta.&amp;text=O%20teto%20c%C3%B4ncavo%20foi%20especialmente,pelas%20altas%20taxas%20de%20evapora%C3%A7%C3%A3o.\">CicloVivo<\/a><\/em><\/strong><\/p>\n","protected":false},"excerpt":{"rendered":"<p>Cobertura pode melhorar a vida de quem vive em regi\u00f5es \u00e1ridas sem o uso de eletricidade A falta de \u00e1gua e o clima extremamente quente s\u00e3o uma realidade dif\u00edcil em diversas regi\u00f5es do planeta. Uma das maneiras de melhorar as condi\u00e7\u00f5es de vida de quem vive nestes lugares est\u00e1 na arquitetura. Com uma proposta inovadora [&hellip;]<\/p>\n","protected":false},"author":2,"featured_media":14602,"comment_status":"open","ping_status":"open","sticky":false,"template":"","format":"standard","meta":{"footnotes":""},"categories":[3],"tags":[7439,7441,7440],"class_list":["post-14597","post","type-post","status-publish","format-standard","has-post-thumbnail","hentry","category-tecnologia","tag-captacao-de-agua-da-chuva","tag-sistema-de-armazenamento","tag-telhado-concavo"],"yoast_head":"<!-- This site is optimized with the Yoast SEO plugin v26.5 - https:\/\/yoast.com\/wordpress\/plugins\/seo\/ -->\n<title>Telhado com forma c\u00f4ncava capta \u00e1gua da chuva e refrigera - Jornal Fatos e Not\u00edcias<\/title>\n<meta name=\"robots\" content=\"index, follow, max-snippet:-1, max-image-preview:large, max-video-preview:-1\" \/>\n<link rel=\"canonical\" href=\"https:\/\/jornalfatosenoticias.com.br\/index.php\/2021\/02\/11\/telhado-com-forma-concava-capta-agua-da-chuva-e-refrigera\/\" \/>\n<meta property=\"og:locale\" content=\"pt_BR\" \/>\n<meta property=\"og:type\" content=\"article\" \/>\n<meta property=\"og:title\" content=\"Telhado com forma c\u00f4ncava capta \u00e1gua da chuva e refrigera - Jornal Fatos e Not\u00edcias\" \/>\n<meta property=\"og:description\" content=\"Cobertura pode melhorar a vida de quem vive em regi\u00f5es \u00e1ridas sem o uso de eletricidade A falta de \u00e1gua e o clima extremamente quente s\u00e3o uma realidade dif\u00edcil em diversas regi\u00f5es do planeta. Uma das maneiras de melhorar as condi\u00e7\u00f5es de vida de quem vive nestes lugares est\u00e1 na arquitetura. Com uma proposta inovadora [&hellip;]\" \/>\n<meta property=\"og:url\" content=\"https:\/\/jornalfatosenoticias.com.br\/index.php\/2021\/02\/11\/telhado-com-forma-concava-capta-agua-da-chuva-e-refrigera\/\" \/>\n<meta property=\"og:site_name\" content=\"Jornal Fatos e Not\u00edcias\" \/>\n<meta property=\"article:published_time\" content=\"2021-02-11T21:08:28+00:00\" \/>\n<meta property=\"article:modified_time\" content=\"2021-02-11T21:08:32+00:00\" \/>\n<meta property=\"og:image\" content=\"https:\/\/jornalfatosenoticias.com.br\/wp-content\/uploads\/2021\/02\/telhados-concavos-1.jpg\" \/>\n\t<meta property=\"og:image:width\" content=\"1000\" \/>\n\t<meta property=\"og:image:height\" content=\"598\" \/>\n\t<meta property=\"og:image:type\" content=\"image\/jpeg\" \/>\n<meta name=\"author\" content=\"Luzimara Fernandes\" \/>\n<meta name=\"twitter:card\" content=\"summary_large_image\" \/>\n<meta name=\"twitter:label1\" content=\"Escrito por\" \/>\n\t<meta name=\"twitter:data1\" content=\"Luzimara Fernandes\" \/>\n\t<meta name=\"twitter:label2\" content=\"Est. tempo de leitura\" \/>\n\t<meta name=\"twitter:data2\" content=\"2 minutos\" \/>\n<script type=\"application\/ld+json\" class=\"yoast-schema-graph\">{\"@context\":\"https:\/\/schema.org\",\"@graph\":[{\"@type\":\"Article\",\"@id\":\"https:\/\/jornalfatosenoticias.com.br\/index.php\/2021\/02\/11\/telhado-com-forma-concava-capta-agua-da-chuva-e-refrigera\/#article\",\"isPartOf\":{\"@id\":\"https:\/\/jornalfatosenoticias.com.br\/index.php\/2021\/02\/11\/telhado-com-forma-concava-capta-agua-da-chuva-e-refrigera\/\"},\"author\":{\"name\":\"Luzimara Fernandes\",\"@id\":\"https:\/\/jornalfatosenoticias.com.br\/#\/schema\/person\/d63837fa13ac8666eb9e74e0985d6f81\"},\"headline\":\"Telhado com forma c\u00f4ncava capta \u00e1gua da chuva e refrigera\",\"datePublished\":\"2021-02-11T21:08:28+00:00\",\"dateModified\":\"2021-02-11T21:08:32+00:00\",\"mainEntityOfPage\":{\"@id\":\"https:\/\/jornalfatosenoticias.com.br\/index.php\/2021\/02\/11\/telhado-com-forma-concava-capta-agua-da-chuva-e-refrigera\/\"},\"wordCount\":320,\"commentCount\":0,\"publisher\":{\"@id\":\"https:\/\/jornalfatosenoticias.com.br\/#organization\"},\"image\":{\"@id\":\"https:\/\/jornalfatosenoticias.com.br\/index.php\/2021\/02\/11\/telhado-com-forma-concava-capta-agua-da-chuva-e-refrigera\/#primaryimage\"},\"thumbnailUrl\":\"https:\/\/jornalfatosenoticias.com.br\/wp-content\/uploads\/2021\/02\/telhados-concavos-1.jpg\",\"keywords\":[\"capta\u00e7\u00e3o de \u00e1gua da chuva\",\"sistema de armazenamento\",\"telhado c\u00f4ncavo\"],\"articleSection\":[\"Tecnologia &amp; Inova\u00e7\u00e3o\"],\"inLanguage\":\"pt-BR\",\"potentialAction\":[{\"@type\":\"CommentAction\",\"name\":\"Comment\",\"target\":[\"https:\/\/jornalfatosenoticias.com.br\/index.php\/2021\/02\/11\/telhado-com-forma-concava-capta-agua-da-chuva-e-refrigera\/#respond\"]}]},{\"@type\":\"WebPage\",\"@id\":\"https:\/\/jornalfatosenoticias.com.br\/index.php\/2021\/02\/11\/telhado-com-forma-concava-capta-agua-da-chuva-e-refrigera\/\",\"url\":\"https:\/\/jornalfatosenoticias.com.br\/index.php\/2021\/02\/11\/telhado-com-forma-concava-capta-agua-da-chuva-e-refrigera\/\",\"name\":\"Telhado com forma c\u00f4ncava capta \u00e1gua da chuva e refrigera - Jornal Fatos e Not\u00edcias\",\"isPartOf\":{\"@id\":\"https:\/\/jornalfatosenoticias.com.br\/#website\"},\"primaryImageOfPage\":{\"@id\":\"https:\/\/jornalfatosenoticias.com.br\/index.php\/2021\/02\/11\/telhado-com-forma-concava-capta-agua-da-chuva-e-refrigera\/#primaryimage\"},\"image\":{\"@id\":\"https:\/\/jornalfatosenoticias.com.br\/index.php\/2021\/02\/11\/telhado-com-forma-concava-capta-agua-da-chuva-e-refrigera\/#primaryimage\"},\"thumbnailUrl\":\"https:\/\/jornalfatosenoticias.com.br\/wp-content\/uploads\/2021\/02\/telhados-concavos-1.jpg\",\"datePublished\":\"2021-02-11T21:08:28+00:00\",\"dateModified\":\"2021-02-11T21:08:32+00:00\",\"breadcrumb\":{\"@id\":\"https:\/\/jornalfatosenoticias.com.br\/index.php\/2021\/02\/11\/telhado-com-forma-concava-capta-agua-da-chuva-e-refrigera\/#breadcrumb\"},\"inLanguage\":\"pt-BR\",\"potentialAction\":[{\"@type\":\"ReadAction\",\"target\":[\"https:\/\/jornalfatosenoticias.com.br\/index.php\/2021\/02\/11\/telhado-com-forma-concava-capta-agua-da-chuva-e-refrigera\/\"]}]},{\"@type\":\"ImageObject\",\"inLanguage\":\"pt-BR\",\"@id\":\"https:\/\/jornalfatosenoticias.com.br\/index.php\/2021\/02\/11\/telhado-com-forma-concava-capta-agua-da-chuva-e-refrigera\/#primaryimage\",\"url\":\"https:\/\/jornalfatosenoticias.com.br\/wp-content\/uploads\/2021\/02\/telhados-concavos-1.jpg\",\"contentUrl\":\"https:\/\/jornalfatosenoticias.com.br\/wp-content\/uploads\/2021\/02\/telhados-concavos-1.jpg\",\"width\":1000,\"height\":598},{\"@type\":\"BreadcrumbList\",\"@id\":\"https:\/\/jornalfatosenoticias.com.br\/index.php\/2021\/02\/11\/telhado-com-forma-concava-capta-agua-da-chuva-e-refrigera\/#breadcrumb\",\"itemListElement\":[{\"@type\":\"ListItem\",\"position\":1,\"name\":\"In\u00edcio\",\"item\":\"https:\/\/jornalfatosenoticias.com.br\/\"},{\"@type\":\"ListItem\",\"position\":2,\"name\":\"Telhado com forma c\u00f4ncava capta \u00e1gua da chuva e refrigera\"}]},{\"@type\":\"WebSite\",\"@id\":\"https:\/\/jornalfatosenoticias.com.br\/#website\",\"url\":\"https:\/\/jornalfatosenoticias.com.br\/\",\"name\":\"Jornal Fatos e Not\u00edcias\",\"description\":\"Not\u00edcias em geral\",\"publisher\":{\"@id\":\"https:\/\/jornalfatosenoticias.com.br\/#organization\"},\"potentialAction\":[{\"@type\":\"SearchAction\",\"target\":{\"@type\":\"EntryPoint\",\"urlTemplate\":\"https:\/\/jornalfatosenoticias.com.br\/?s={search_term_string}\"},\"query-input\":{\"@type\":\"PropertyValueSpecification\",\"valueRequired\":true,\"valueName\":\"search_term_string\"}}],\"inLanguage\":\"pt-BR\"},{\"@type\":\"Organization\",\"@id\":\"https:\/\/jornalfatosenoticias.com.br\/#organization\",\"name\":\"Jornal Fatos e Not\u00edcias\",\"url\":\"https:\/\/jornalfatosenoticias.com.br\/\",\"logo\":{\"@type\":\"ImageObject\",\"inLanguage\":\"pt-BR\",\"@id\":\"https:\/\/jornalfatosenoticias.com.br\/#\/schema\/logo\/image\/\",\"url\":\"https:\/\/jornalfatosenoticias.com.br\/wp-content\/uploads\/2020\/02\/logo120.png\",\"contentUrl\":\"https:\/\/jornalfatosenoticias.com.br\/wp-content\/uploads\/2020\/02\/logo120.png\",\"width\":1227,\"height\":120,\"caption\":\"Jornal Fatos e Not\u00edcias\"},\"image\":{\"@id\":\"https:\/\/jornalfatosenoticias.com.br\/#\/schema\/logo\/image\/\"}},{\"@type\":\"Person\",\"@id\":\"https:\/\/jornalfatosenoticias.com.br\/#\/schema\/person\/d63837fa13ac8666eb9e74e0985d6f81\",\"name\":\"Luzimara Fernandes\",\"image\":{\"@type\":\"ImageObject\",\"inLanguage\":\"pt-BR\",\"@id\":\"https:\/\/jornalfatosenoticias.com.br\/#\/schema\/person\/image\/\",\"url\":\"https:\/\/jornalfatosenoticias.com.br\/wp-content\/uploads\/2025\/05\/EU_portal.jpg\",\"contentUrl\":\"https:\/\/jornalfatosenoticias.com.br\/wp-content\/uploads\/2025\/05\/EU_portal.jpg\",\"caption\":\"Luzimara Fernandes\"},\"description\":\"Jornalista MTB 2358-ES\",\"sameAs\":[\"https:\/\/jornalfatosenoticias.com.br\"],\"url\":\"https:\/\/jornalfatosenoticias.com.br\/index.php\/author\/luzimara\/\"}]}<\/script>\n<!-- \/ Yoast SEO plugin. -->","yoast_head_json":{"title":"Telhado com forma c\u00f4ncava capta \u00e1gua da chuva e refrigera - Jornal Fatos e Not\u00edcias","robots":{"index":"index","follow":"follow","max-snippet":"max-snippet:-1","max-image-preview":"max-image-preview:large","max-video-preview":"max-video-preview:-1"},"canonical":"https:\/\/jornalfatosenoticias.com.br\/index.php\/2021\/02\/11\/telhado-com-forma-concava-capta-agua-da-chuva-e-refrigera\/","og_locale":"pt_BR","og_type":"article","og_title":"Telhado com forma c\u00f4ncava capta \u00e1gua da chuva e refrigera - Jornal Fatos e Not\u00edcias","og_description":"Cobertura pode melhorar a vida de quem vive em regi\u00f5es \u00e1ridas sem o uso de eletricidade A falta de \u00e1gua e o clima extremamente quente s\u00e3o uma realidade dif\u00edcil em diversas regi\u00f5es do planeta. Uma das maneiras de melhorar as condi\u00e7\u00f5es de vida de quem vive nestes lugares est\u00e1 na arquitetura. Com uma proposta inovadora [&hellip;]","og_url":"https:\/\/jornalfatosenoticias.com.br\/index.php\/2021\/02\/11\/telhado-com-forma-concava-capta-agua-da-chuva-e-refrigera\/","og_site_name":"Jornal Fatos e Not\u00edcias","article_published_time":"2021-02-11T21:08:28+00:00","article_modified_time":"2021-02-11T21:08:32+00:00","og_image":[{"width":1000,"height":598,"url":"https:\/\/jornalfatosenoticias.com.br\/wp-content\/uploads\/2021\/02\/telhados-concavos-1.jpg","type":"image\/jpeg"}],"author":"Luzimara Fernandes","twitter_card":"summary_large_image","twitter_misc":{"Escrito por":"Luzimara Fernandes","Est. tempo de leitura":"2 minutos"},"schema":{"@context":"https:\/\/schema.org","@graph":[{"@type":"Article","@id":"https:\/\/jornalfatosenoticias.com.br\/index.php\/2021\/02\/11\/telhado-com-forma-concava-capta-agua-da-chuva-e-refrigera\/#article","isPartOf":{"@id":"https:\/\/jornalfatosenoticias.com.br\/index.php\/2021\/02\/11\/telhado-com-forma-concava-capta-agua-da-chuva-e-refrigera\/"},"author":{"name":"Luzimara Fernandes","@id":"https:\/\/jornalfatosenoticias.com.br\/#\/schema\/person\/d63837fa13ac8666eb9e74e0985d6f81"},"headline":"Telhado com forma c\u00f4ncava capta \u00e1gua da chuva e refrigera","datePublished":"2021-02-11T21:08:28+00:00","dateModified":"2021-02-11T21:08:32+00:00","mainEntityOfPage":{"@id":"https:\/\/jornalfatosenoticias.com.br\/index.php\/2021\/02\/11\/telhado-com-forma-concava-capta-agua-da-chuva-e-refrigera\/"},"wordCount":320,"commentCount":0,"publisher":{"@id":"https:\/\/jornalfatosenoticias.com.br\/#organization"},"image":{"@id":"https:\/\/jornalfatosenoticias.com.br\/index.php\/2021\/02\/11\/telhado-com-forma-concava-capta-agua-da-chuva-e-refrigera\/#primaryimage"},"thumbnailUrl":"https:\/\/jornalfatosenoticias.com.br\/wp-content\/uploads\/2021\/02\/telhados-concavos-1.jpg","keywords":["capta\u00e7\u00e3o de \u00e1gua da chuva","sistema de armazenamento","telhado c\u00f4ncavo"],"articleSection":["Tecnologia &amp; Inova\u00e7\u00e3o"],"inLanguage":"pt-BR","potentialAction":[{"@type":"CommentAction","name":"Comment","target":["https:\/\/jornalfatosenoticias.com.br\/index.php\/2021\/02\/11\/telhado-com-forma-concava-capta-agua-da-chuva-e-refrigera\/#respond"]}]},{"@type":"WebPage","@id":"https:\/\/jornalfatosenoticias.com.br\/index.php\/2021\/02\/11\/telhado-com-forma-concava-capta-agua-da-chuva-e-refrigera\/","url":"https:\/\/jornalfatosenoticias.com.br\/index.php\/2021\/02\/11\/telhado-com-forma-concava-capta-agua-da-chuva-e-refrigera\/","name":"Telhado com forma c\u00f4ncava capta \u00e1gua da chuva e refrigera - Jornal Fatos e Not\u00edcias","isPartOf":{"@id":"https:\/\/jornalfatosenoticias.com.br\/#website"},"primaryImageOfPage":{"@id":"https:\/\/jornalfatosenoticias.com.br\/index.php\/2021\/02\/11\/telhado-com-forma-concava-capta-agua-da-chuva-e-refrigera\/#primaryimage"},"image":{"@id":"https:\/\/jornalfatosenoticias.com.br\/index.php\/2021\/02\/11\/telhado-com-forma-concava-capta-agua-da-chuva-e-refrigera\/#primaryimage"},"thumbnailUrl":"https:\/\/jornalfatosenoticias.com.br\/wp-content\/uploads\/2021\/02\/telhados-concavos-1.jpg","datePublished":"2021-02-11T21:08:28+00:00","dateModified":"2021-02-11T21:08:32+00:00","breadcrumb":{"@id":"https:\/\/jornalfatosenoticias.com.br\/index.php\/2021\/02\/11\/telhado-com-forma-concava-capta-agua-da-chuva-e-refrigera\/#breadcrumb"},"inLanguage":"pt-BR","potentialAction":[{"@type":"ReadAction","target":["https:\/\/jornalfatosenoticias.com.br\/index.php\/2021\/02\/11\/telhado-com-forma-concava-capta-agua-da-chuva-e-refrigera\/"]}]},{"@type":"ImageObject","inLanguage":"pt-BR","@id":"https:\/\/jornalfatosenoticias.com.br\/index.php\/2021\/02\/11\/telhado-com-forma-concava-capta-agua-da-chuva-e-refrigera\/#primaryimage","url":"https:\/\/jornalfatosenoticias.com.br\/wp-content\/uploads\/2021\/02\/telhados-concavos-1.jpg","contentUrl":"https:\/\/jornalfatosenoticias.com.br\/wp-content\/uploads\/2021\/02\/telhados-concavos-1.jpg","width":1000,"height":598},{"@type":"BreadcrumbList","@id":"https:\/\/jornalfatosenoticias.com.br\/index.php\/2021\/02\/11\/telhado-com-forma-concava-capta-agua-da-chuva-e-refrigera\/#breadcrumb","itemListElement":[{"@type":"ListItem","position":1,"name":"In\u00edcio","item":"https:\/\/jornalfatosenoticias.com.br\/"},{"@type":"ListItem","position":2,"name":"Telhado com forma c\u00f4ncava capta \u00e1gua da chuva e refrigera"}]},{"@type":"WebSite","@id":"https:\/\/jornalfatosenoticias.com.br\/#website","url":"https:\/\/jornalfatosenoticias.com.br\/","name":"Jornal Fatos e Not\u00edcias","description":"Not\u00edcias em geral","publisher":{"@id":"https:\/\/jornalfatosenoticias.com.br\/#organization"},"potentialAction":[{"@type":"SearchAction","target":{"@type":"EntryPoint","urlTemplate":"https:\/\/jornalfatosenoticias.com.br\/?s={search_term_string}"},"query-input":{"@type":"PropertyValueSpecification","valueRequired":true,"valueName":"search_term_string"}}],"inLanguage":"pt-BR"},{"@type":"Organization","@id":"https:\/\/jornalfatosenoticias.com.br\/#organization","name":"Jornal Fatos e Not\u00edcias","url":"https:\/\/jornalfatosenoticias.com.br\/","logo":{"@type":"ImageObject","inLanguage":"pt-BR","@id":"https:\/\/jornalfatosenoticias.com.br\/#\/schema\/logo\/image\/","url":"https:\/\/jornalfatosenoticias.com.br\/wp-content\/uploads\/2020\/02\/logo120.png","contentUrl":"https:\/\/jornalfatosenoticias.com.br\/wp-content\/uploads\/2020\/02\/logo120.png","width":1227,"height":120,"caption":"Jornal Fatos e Not\u00edcias"},"image":{"@id":"https:\/\/jornalfatosenoticias.com.br\/#\/schema\/logo\/image\/"}},{"@type":"Person","@id":"https:\/\/jornalfatosenoticias.com.br\/#\/schema\/person\/d63837fa13ac8666eb9e74e0985d6f81","name":"Luzimara Fernandes","image":{"@type":"ImageObject","inLanguage":"pt-BR","@id":"https:\/\/jornalfatosenoticias.com.br\/#\/schema\/person\/image\/","url":"https:\/\/jornalfatosenoticias.com.br\/wp-content\/uploads\/2025\/05\/EU_portal.jpg","contentUrl":"https:\/\/jornalfatosenoticias.com.br\/wp-content\/uploads\/2025\/05\/EU_portal.jpg","caption":"Luzimara Fernandes"},"description":"Jornalista MTB 2358-ES","sameAs":["https:\/\/jornalfatosenoticias.com.br"],"url":"https:\/\/jornalfatosenoticias.com.br\/index.php\/author\/luzimara\/"}]}},"cc_featured_image_caption":{"caption_text":" (Foto: BMDesign Studios)","source_text":"","source_url":""},"jetpack_featured_media_url":"https:\/\/jornalfatosenoticias.com.br\/wp-content\/uploads\/2021\/02\/telhados-concavos-1.jpg","_links":{"self":[{"href":"https:\/\/jornalfatosenoticias.com.br\/index.php\/wp-json\/wp\/v2\/posts\/14597","targetHints":{"allow":["GET"]}}],"collection":[{"href":"https:\/\/jornalfatosenoticias.com.br\/index.php\/wp-json\/wp\/v2\/posts"}],"about":[{"href":"https:\/\/jornalfatosenoticias.com.br\/index.php\/wp-json\/wp\/v2\/types\/post"}],"author":[{"embeddable":true,"href":"https:\/\/jornalfatosenoticias.com.br\/index.php\/wp-json\/wp\/v2\/users\/2"}],"replies":[{"embeddable":true,"href":"https:\/\/jornalfatosenoticias.com.br\/index.php\/wp-json\/wp\/v2\/comments?post=14597"}],"version-history":[{"count":0,"href":"https:\/\/jornalfatosenoticias.com.br\/index.php\/wp-json\/wp\/v2\/posts\/14597\/revisions"}],"wp:featuredmedia":[{"embeddable":true,"href":"https:\/\/jornalfatosenoticias.com.br\/index.php\/wp-json\/wp\/v2\/media\/14602"}],"wp:attachment":[{"href":"https:\/\/jornalfatosenoticias.com.br\/index.php\/wp-json\/wp\/v2\/media?parent=14597"}],"wp:term":[{"taxonomy":"category","embeddable":true,"href":"https:\/\/jornalfatosenoticias.com.br\/index.php\/wp-json\/wp\/v2\/categories?post=14597"},{"taxonomy":"post_tag","embeddable":true,"href":"https:\/\/jornalfatosenoticias.com.br\/index.php\/wp-json\/wp\/v2\/tags?post=14597"}],"curies":[{"name":"wp","href":"https:\/\/api.w.org\/{rel}","templated":true}]}}