{"id":14604,"date":"2021-02-11T18:14:18","date_gmt":"2021-02-11T21:14:18","guid":{"rendered":"https:\/\/jornalfatosenoticias.com.br\/?p=14604"},"modified":"2021-02-11T18:14:22","modified_gmt":"2021-02-11T21:14:22","slug":"pandemia-cidade-apartada-escola-socializacao-x-terror-de-tiros-na-moradia","status":"publish","type":"post","link":"https:\/\/jornalfatosenoticias.com.br\/index.php\/2021\/02\/11\/pandemia-cidade-apartada-escola-socializacao-x-terror-de-tiros-na-moradia\/","title":{"rendered":"Pandemia, cidade apartada: escola-socializa\u00e7\u00e3o x terror de tiros na moradia"},"content":{"rendered":"\n<p>\u00c9 Crian\u00e7a igual. A que est\u00e1 no centro da pol\u00eamica da volta presencial \u00e0 escola, que neste momento \u00e9 uma preocupa\u00e7\u00e3o para os pais e especialistas em educa\u00e7\u00e3o, excetuando-se os professores que n\u00e3o s\u00e3o chamados a opinar. A que est\u00e1 aterrorizada pela viol\u00eancia dos tiroteios onde ela mora. Para esta, nenhuma preocupa\u00e7\u00e3o com a sua socializa\u00e7\u00e3o e sua sa\u00fade mental, alega\u00e7\u00f5es do discurso de necessidade de volta \u00e0s aulas presenciais.<br>Escola: espa\u00e7o de socializa\u00e7\u00e3o ou aquisi\u00e7\u00e3o de conhecimento? Parece que a socializa\u00e7\u00e3o tomou a primazia na escolaridade. A aten\u00e7\u00e3o \u00e0 sa\u00fade psicol\u00f3gica da Crian\u00e7a, \u00e9 muito bem-vinda. Mas sabemos que muito da press\u00e3o de pais para que Crian\u00e7as voltem \u00e0 escola, deve-se a eles mesmos. Tamb\u00e9m leg\u00edtimo. N\u00e3o \u00e9 nada f\u00e1cil, nem saud\u00e1vel, ter crian\u00e7as em idade de expans\u00e3o, inclusive psicomotora, encerradas em espa\u00e7os fechados sem suas brincadeiras de amplitude e de contatos corporais, e que s\u00e3o indispens\u00e1veis a seu desenvolvimento. Esta qualidade de conv\u00edvio que est\u00e1 sendo oferecido para as crian\u00e7as voltarem \u00e0 escola \u00e9 de faz de conta. Para a crian\u00e7a que sempre v\u00ea com as m\u00e3os, faz parte de sua imaturidade e de seu desenvolvimento, olhar de longe, brincar de longe, n\u00e3o levar objetos e m\u00e3os \u00e0 boca, n\u00e3o ter o corpo a corpo com outras crian\u00e7as e com as professoras, \u00e9 algo que traz uma estranheza e n\u00e3o satisfaz suas necessidades infantis. \u00c9, pelo menos, ing\u00eanuo pensar que a escola \u00e9 local seguro para a transmiss\u00e3o do v\u00edrus. Estes h\u00e1bitos naturais da crian\u00e7a fazem com que sejam vetores de transmiss\u00e3o, tanto para os adultos da escola, quanto para os adultos da fam\u00edlia. Importante lembrar que a popula\u00e7\u00e3o t\u00e9cnica da Educa\u00e7\u00e3o Escolar \u00e9 composta por pessoas que t\u00eam sa\u00fade carente, por v\u00e1rios motivos, t\u00eam comorbidades, s\u00e3o de alta circula\u00e7\u00e3o, (professores d\u00e3o aulas em v\u00e1rias escolas para ter algum sustento), as jovens, muitas est\u00e3o gr\u00e1vidas, e em casa al\u00e9m dos adultos pais, habitam a mesma casa os idosos av\u00f3s, muitas vezes. E, temos que considerar que h\u00e1 uma forma infantil de covid-19, pouco frequente e ainda pouco estudada. N\u00e3o estou, com isso, defendendo a perman\u00eancia da crian\u00e7a dentro de casa, muito menos negando os problemas que lhe s\u00e3o causados por este isolamento. Estou incluindo a ida \u201cmeia bomba\u201d \u00e0 escola, que se tornou sin\u00f4nimo de socializa\u00e7\u00e3o, tendo sido abandonado seu prop\u00f3sito de transmiss\u00e3o de conhecimento. Este, relegado a segundo plano.<br>Seguindo a invisibilidade do Apartheid em que vivemos, aqui no Rio de Janeiro, tivemos ontem, ao despertar do dia, not\u00edcias de intensos tiroteios em mais de oito favelas. Relatos de crian\u00e7as aterrorizadas, choros e gritos engolidos, balas nas paredes ao lado das caminhas e dos ber\u00e7os. Mas, para estas crian\u00e7as a pol\u00eamica da socializa\u00e7\u00e3o indo \u00e0 escola n\u00e3o existe. Elas n\u00e3o podem sair de casa. E algumas j\u00e1 foram atingidas dentro de casa mortalmente com um tiro de fuzil. A aquisi\u00e7\u00e3o do conhecimento, t\u00e3o pouco, n\u00e3o tem prioridade. Fica para depois, se conseguirem escapar das \u2018balas achadas\u2019. Podemos assegurar que estas escolas que n\u00e3o t\u00eam \u00e1gua, que n\u00e3o t\u00eam cadeiras para todos, muitas quebradas, que n\u00e3o t\u00eam banheiros us\u00e1veis, estar\u00e3o seguras quanto \u00e0 transmiss\u00e3o do v\u00edrus?<br>Sem esquecer da alta densidade demogr\u00e1fica dentro das casas prec\u00e1rias e carentes de v\u00e1rios itens de dignidade humana. O mecanismo de nega\u00e7\u00e3o de nossa impot\u00eancia usando o desvio de prop\u00f3sito da escolaridade, tamb\u00e9m serve para negar a impot\u00eancia pelo fracasso social. O processo de regress\u00e3o civilizat\u00f3ria que permitimos com omiss\u00f5es de muitos e a\u00e7\u00f5es de alguns nos empurrou para esta situa\u00e7\u00e3o que estava sombreada e a pandemia escancarou e agravou.<\/p>\n\n\n\n<figure class=\"wp-block-image size-large\"><img loading=\"lazy\" decoding=\"async\" width=\"1000\" height=\"666\" src=\"https:\/\/jornalfatosenoticias.com.br\/wp-content\/uploads\/2021\/02\/criancas-vivendo-em-condicoes-precarias_Iencarelli.jpg\" alt=\"\" class=\"wp-image-14605\" srcset=\"https:\/\/jornalfatosenoticias.com.br\/wp-content\/uploads\/2021\/02\/criancas-vivendo-em-condicoes-precarias_Iencarelli.jpg 1000w, https:\/\/jornalfatosenoticias.com.br\/wp-content\/uploads\/2021\/02\/criancas-vivendo-em-condicoes-precarias_Iencarelli-300x200.jpg 300w, https:\/\/jornalfatosenoticias.com.br\/wp-content\/uploads\/2021\/02\/criancas-vivendo-em-condicoes-precarias_Iencarelli-768x511.jpg 768w\" sizes=\"auto, (max-width: 1000px) 100vw, 1000px\" \/><figcaption><em>Milhares de crian\u00e7as brasileiras vivem em condi\u00e7\u00f5es de moradia insalubres (Foto: \u00a9Unicef)<\/em><\/figcaption><\/figure>\n\n\n\n<p>Polemizamos sobre voltar ou n\u00e3o \u00e0 escola, presencialmente, sem considerar que o simulacro de socializa\u00e7\u00e3o \u00e9 um cen\u00e1rio de papel\u00e3o na vida da Crian\u00e7a, que vai continuar interditada na sua espontaneidade, na sua maneira de brincar, que vai continuar frustrada no seu Direito \u00e0 inf\u00e2ncia. E, enquanto polemizamos sobre necessidade de socializa\u00e7\u00e3o, negligenciamos a qualidade da transmiss\u00e3o de conhecimento. Os professores n\u00e3o foram formados para enfrentar as dif\u00edceis quest\u00f5es deste v\u00edrus. Nossa tend\u00eancia, mais uma vez, \u00e9 tampar o sol com uma peneira, para aquilo que imaginamos, equivocamente, ser mais f\u00e1cil de \u201cresolver\u201d. O Apartheid, fica para depois. Os tiros ecoando na mente de milhares de Crian\u00e7as, parece que n\u00e3o trar\u00e3o sequelas. Negamos.<br>O problema de um lado e de outro, de uma crian\u00e7a e de outra, \u00e9 imensamente maior do que nossa cegueira deliberada nos permite ver. Precisamos ter muito mais maturidade para admitir nosso fracasso e assumir, sem recortar s\u00f3 um pedacinho para o fazer de conta que estamos solucionando, nossa impot\u00eancia diante do que as Crian\u00e7as est\u00e3o passando. Talvez, estejamos num ponto crucial de mudan\u00e7a de paradigmas. O que \u00e9 Educa\u00e7\u00e3o? O que \u00e9 Solidariedade? O que \u00e9 socializa\u00e7\u00e3o? O que \u00e9 Respeito pela Dignidade Humana de todas as Crian\u00e7as? O que \u00e9 o popular e desgastado conceito de trauma na mente de uma Crian\u00e7a?<\/p>\n","protected":false},"excerpt":{"rendered":"<p>\u00c9 Crian\u00e7a igual. A que est\u00e1 no centro da pol\u00eamica da volta presencial \u00e0 escola, que neste momento \u00e9 uma preocupa\u00e7\u00e3o para os pais e especialistas em educa\u00e7\u00e3o, excetuando-se os professores que n\u00e3o s\u00e3o chamados a opinar. A que est\u00e1 aterrorizada pela viol\u00eancia dos tiroteios onde ela mora. Para esta, nenhuma preocupa\u00e7\u00e3o com a sua [&hellip;]<\/p>\n","protected":false},"author":8,"featured_media":14606,"comment_status":"open","ping_status":"open","sticky":false,"template":"","format":"standard","meta":{"footnotes":""},"categories":[2522],"tags":[670,1202,688,2266,2479,4692],"class_list":["post-14604","post","type-post","status-publish","format-standard","has-post-thumbnail","hentry","category-comportamento","tag-criancas","tag-pobreza","tag-saude-mental","tag-socializacao","tag-violencia","tag-volta-as-aulas"],"yoast_head":"<!-- This site is optimized with the Yoast SEO plugin v26.5 - https:\/\/yoast.com\/wordpress\/plugins\/seo\/ -->\n<title>Pandemia, cidade apartada: escola-socializa\u00e7\u00e3o x terror de tiros na moradia - Jornal Fatos e Not\u00edcias<\/title>\n<meta name=\"robots\" content=\"index, follow, max-snippet:-1, max-image-preview:large, max-video-preview:-1\" \/>\n<link rel=\"canonical\" href=\"https:\/\/jornalfatosenoticias.com.br\/index.php\/2021\/02\/11\/pandemia-cidade-apartada-escola-socializacao-x-terror-de-tiros-na-moradia\/\" \/>\n<meta property=\"og:locale\" content=\"pt_BR\" \/>\n<meta property=\"og:type\" content=\"article\" \/>\n<meta property=\"og:title\" content=\"Pandemia, cidade apartada: escola-socializa\u00e7\u00e3o x terror de tiros na moradia - Jornal Fatos e Not\u00edcias\" \/>\n<meta property=\"og:description\" content=\"\u00c9 Crian\u00e7a igual. A que est\u00e1 no centro da pol\u00eamica da volta presencial \u00e0 escola, que neste momento \u00e9 uma preocupa\u00e7\u00e3o para os pais e especialistas em educa\u00e7\u00e3o, excetuando-se os professores que n\u00e3o s\u00e3o chamados a opinar. A que est\u00e1 aterrorizada pela viol\u00eancia dos tiroteios onde ela mora. Para esta, nenhuma preocupa\u00e7\u00e3o com a sua [&hellip;]\" \/>\n<meta property=\"og:url\" content=\"https:\/\/jornalfatosenoticias.com.br\/index.php\/2021\/02\/11\/pandemia-cidade-apartada-escola-socializacao-x-terror-de-tiros-na-moradia\/\" \/>\n<meta property=\"og:site_name\" content=\"Jornal Fatos e Not\u00edcias\" \/>\n<meta property=\"article:published_time\" content=\"2021-02-11T21:14:18+00:00\" \/>\n<meta property=\"article:modified_time\" content=\"2021-02-11T21:14:22+00:00\" \/>\n<meta property=\"og:image\" content=\"https:\/\/jornalfatosenoticias.com.br\/wp-content\/uploads\/2021\/02\/intervencao-rio-fernando-frazao-AgBr.jpg\" \/>\n\t<meta property=\"og:image:width\" content=\"1000\" \/>\n\t<meta property=\"og:image:height\" content=\"563\" \/>\n\t<meta property=\"og:image:type\" content=\"image\/jpeg\" \/>\n<meta name=\"author\" content=\"Ana Maria Iencarelli\" \/>\n<meta name=\"twitter:card\" content=\"summary_large_image\" \/>\n<meta name=\"twitter:label1\" content=\"Escrito por\" \/>\n\t<meta name=\"twitter:data1\" content=\"Ana Maria Iencarelli\" \/>\n\t<meta name=\"twitter:label2\" content=\"Est. tempo de leitura\" \/>\n\t<meta name=\"twitter:data2\" content=\"5 minutos\" \/>\n<script type=\"application\/ld+json\" class=\"yoast-schema-graph\">{\"@context\":\"https:\/\/schema.org\",\"@graph\":[{\"@type\":\"Article\",\"@id\":\"https:\/\/jornalfatosenoticias.com.br\/index.php\/2021\/02\/11\/pandemia-cidade-apartada-escola-socializacao-x-terror-de-tiros-na-moradia\/#article\",\"isPartOf\":{\"@id\":\"https:\/\/jornalfatosenoticias.com.br\/index.php\/2021\/02\/11\/pandemia-cidade-apartada-escola-socializacao-x-terror-de-tiros-na-moradia\/\"},\"author\":{\"name\":\"Ana Maria Iencarelli\",\"@id\":\"https:\/\/jornalfatosenoticias.com.br\/#\/schema\/person\/c33fcf5fb02d729d3fec92c6737a22d1\"},\"headline\":\"Pandemia, cidade apartada: escola-socializa\u00e7\u00e3o x terror de tiros na moradia\",\"datePublished\":\"2021-02-11T21:14:18+00:00\",\"dateModified\":\"2021-02-11T21:14:22+00:00\",\"mainEntityOfPage\":{\"@id\":\"https:\/\/jornalfatosenoticias.com.br\/index.php\/2021\/02\/11\/pandemia-cidade-apartada-escola-socializacao-x-terror-de-tiros-na-moradia\/\"},\"wordCount\":934,\"commentCount\":0,\"publisher\":{\"@id\":\"https:\/\/jornalfatosenoticias.com.br\/#organization\"},\"image\":{\"@id\":\"https:\/\/jornalfatosenoticias.com.br\/index.php\/2021\/02\/11\/pandemia-cidade-apartada-escola-socializacao-x-terror-de-tiros-na-moradia\/#primaryimage\"},\"thumbnailUrl\":\"https:\/\/jornalfatosenoticias.com.br\/wp-content\/uploads\/2021\/02\/intervencao-rio-fernando-frazao-AgBr.jpg\",\"keywords\":[\"crian\u00e7as\",\"pobreza\",\"sa\u00fade mental\",\"socializa\u00e7\u00e3o\",\"viol\u00eancia\",\"volta \u00e0s aulas\"],\"articleSection\":[\"Comportamento &amp; Equil\u00edbrio\"],\"inLanguage\":\"pt-BR\",\"potentialAction\":[{\"@type\":\"CommentAction\",\"name\":\"Comment\",\"target\":[\"https:\/\/jornalfatosenoticias.com.br\/index.php\/2021\/02\/11\/pandemia-cidade-apartada-escola-socializacao-x-terror-de-tiros-na-moradia\/#respond\"]}]},{\"@type\":\"WebPage\",\"@id\":\"https:\/\/jornalfatosenoticias.com.br\/index.php\/2021\/02\/11\/pandemia-cidade-apartada-escola-socializacao-x-terror-de-tiros-na-moradia\/\",\"url\":\"https:\/\/jornalfatosenoticias.com.br\/index.php\/2021\/02\/11\/pandemia-cidade-apartada-escola-socializacao-x-terror-de-tiros-na-moradia\/\",\"name\":\"Pandemia, cidade apartada: escola-socializa\u00e7\u00e3o x terror de tiros na moradia - Jornal Fatos e Not\u00edcias\",\"isPartOf\":{\"@id\":\"https:\/\/jornalfatosenoticias.com.br\/#website\"},\"primaryImageOfPage\":{\"@id\":\"https:\/\/jornalfatosenoticias.com.br\/index.php\/2021\/02\/11\/pandemia-cidade-apartada-escola-socializacao-x-terror-de-tiros-na-moradia\/#primaryimage\"},\"image\":{\"@id\":\"https:\/\/jornalfatosenoticias.com.br\/index.php\/2021\/02\/11\/pandemia-cidade-apartada-escola-socializacao-x-terror-de-tiros-na-moradia\/#primaryimage\"},\"thumbnailUrl\":\"https:\/\/jornalfatosenoticias.com.br\/wp-content\/uploads\/2021\/02\/intervencao-rio-fernando-frazao-AgBr.jpg\",\"datePublished\":\"2021-02-11T21:14:18+00:00\",\"dateModified\":\"2021-02-11T21:14:22+00:00\",\"breadcrumb\":{\"@id\":\"https:\/\/jornalfatosenoticias.com.br\/index.php\/2021\/02\/11\/pandemia-cidade-apartada-escola-socializacao-x-terror-de-tiros-na-moradia\/#breadcrumb\"},\"inLanguage\":\"pt-BR\",\"potentialAction\":[{\"@type\":\"ReadAction\",\"target\":[\"https:\/\/jornalfatosenoticias.com.br\/index.php\/2021\/02\/11\/pandemia-cidade-apartada-escola-socializacao-x-terror-de-tiros-na-moradia\/\"]}]},{\"@type\":\"ImageObject\",\"inLanguage\":\"pt-BR\",\"@id\":\"https:\/\/jornalfatosenoticias.com.br\/index.php\/2021\/02\/11\/pandemia-cidade-apartada-escola-socializacao-x-terror-de-tiros-na-moradia\/#primaryimage\",\"url\":\"https:\/\/jornalfatosenoticias.com.br\/wp-content\/uploads\/2021\/02\/intervencao-rio-fernando-frazao-AgBr.jpg\",\"contentUrl\":\"https:\/\/jornalfatosenoticias.com.br\/wp-content\/uploads\/2021\/02\/intervencao-rio-fernando-frazao-AgBr.jpg\",\"width\":1000,\"height\":563},{\"@type\":\"BreadcrumbList\",\"@id\":\"https:\/\/jornalfatosenoticias.com.br\/index.php\/2021\/02\/11\/pandemia-cidade-apartada-escola-socializacao-x-terror-de-tiros-na-moradia\/#breadcrumb\",\"itemListElement\":[{\"@type\":\"ListItem\",\"position\":1,\"name\":\"In\u00edcio\",\"item\":\"https:\/\/jornalfatosenoticias.com.br\/\"},{\"@type\":\"ListItem\",\"position\":2,\"name\":\"Pandemia, cidade apartada: escola-socializa\u00e7\u00e3o x terror de tiros na moradia\"}]},{\"@type\":\"WebSite\",\"@id\":\"https:\/\/jornalfatosenoticias.com.br\/#website\",\"url\":\"https:\/\/jornalfatosenoticias.com.br\/\",\"name\":\"Jornal Fatos e Not\u00edcias\",\"description\":\"Not\u00edcias em geral\",\"publisher\":{\"@id\":\"https:\/\/jornalfatosenoticias.com.br\/#organization\"},\"potentialAction\":[{\"@type\":\"SearchAction\",\"target\":{\"@type\":\"EntryPoint\",\"urlTemplate\":\"https:\/\/jornalfatosenoticias.com.br\/?s={search_term_string}\"},\"query-input\":{\"@type\":\"PropertyValueSpecification\",\"valueRequired\":true,\"valueName\":\"search_term_string\"}}],\"inLanguage\":\"pt-BR\"},{\"@type\":\"Organization\",\"@id\":\"https:\/\/jornalfatosenoticias.com.br\/#organization\",\"name\":\"Jornal Fatos e Not\u00edcias\",\"url\":\"https:\/\/jornalfatosenoticias.com.br\/\",\"logo\":{\"@type\":\"ImageObject\",\"inLanguage\":\"pt-BR\",\"@id\":\"https:\/\/jornalfatosenoticias.com.br\/#\/schema\/logo\/image\/\",\"url\":\"https:\/\/jornalfatosenoticias.com.br\/wp-content\/uploads\/2020\/02\/logo120.png\",\"contentUrl\":\"https:\/\/jornalfatosenoticias.com.br\/wp-content\/uploads\/2020\/02\/logo120.png\",\"width\":1227,\"height\":120,\"caption\":\"Jornal Fatos e Not\u00edcias\"},\"image\":{\"@id\":\"https:\/\/jornalfatosenoticias.com.br\/#\/schema\/logo\/image\/\"}},{\"@type\":\"Person\",\"@id\":\"https:\/\/jornalfatosenoticias.com.br\/#\/schema\/person\/c33fcf5fb02d729d3fec92c6737a22d1\",\"name\":\"Ana Maria Iencarelli\",\"image\":{\"@type\":\"ImageObject\",\"inLanguage\":\"pt-BR\",\"@id\":\"https:\/\/jornalfatosenoticias.com.br\/#\/schema\/person\/image\/\",\"url\":\"https:\/\/jornalfatosenoticias.com.br\/wp-content\/uploads\/2020\/02\/Ana-Maria-Iencarelli-1-150x150.jpg\",\"contentUrl\":\"https:\/\/jornalfatosenoticias.com.br\/wp-content\/uploads\/2020\/02\/Ana-Maria-Iencarelli-1-150x150.jpg\",\"caption\":\"Ana Maria Iencarelli\"},\"description\":\"Psicanalista Cl\u00ednica, especializada no atendimento a Crian\u00e7as e Adolescentes. Presidente da ONG Vozes de Anjos.\",\"url\":\"https:\/\/jornalfatosenoticias.com.br\/index.php\/author\/anamaria\/\"}]}<\/script>\n<!-- \/ Yoast SEO plugin. -->","yoast_head_json":{"title":"Pandemia, cidade apartada: escola-socializa\u00e7\u00e3o x terror de tiros na moradia - Jornal Fatos e Not\u00edcias","robots":{"index":"index","follow":"follow","max-snippet":"max-snippet:-1","max-image-preview":"max-image-preview:large","max-video-preview":"max-video-preview:-1"},"canonical":"https:\/\/jornalfatosenoticias.com.br\/index.php\/2021\/02\/11\/pandemia-cidade-apartada-escola-socializacao-x-terror-de-tiros-na-moradia\/","og_locale":"pt_BR","og_type":"article","og_title":"Pandemia, cidade apartada: escola-socializa\u00e7\u00e3o x terror de tiros na moradia - Jornal Fatos e Not\u00edcias","og_description":"\u00c9 Crian\u00e7a igual. A que est\u00e1 no centro da pol\u00eamica da volta presencial \u00e0 escola, que neste momento \u00e9 uma preocupa\u00e7\u00e3o para os pais e especialistas em educa\u00e7\u00e3o, excetuando-se os professores que n\u00e3o s\u00e3o chamados a opinar. A que est\u00e1 aterrorizada pela viol\u00eancia dos tiroteios onde ela mora. Para esta, nenhuma preocupa\u00e7\u00e3o com a sua [&hellip;]","og_url":"https:\/\/jornalfatosenoticias.com.br\/index.php\/2021\/02\/11\/pandemia-cidade-apartada-escola-socializacao-x-terror-de-tiros-na-moradia\/","og_site_name":"Jornal Fatos e Not\u00edcias","article_published_time":"2021-02-11T21:14:18+00:00","article_modified_time":"2021-02-11T21:14:22+00:00","og_image":[{"width":1000,"height":563,"url":"https:\/\/jornalfatosenoticias.com.br\/wp-content\/uploads\/2021\/02\/intervencao-rio-fernando-frazao-AgBr.jpg","type":"image\/jpeg"}],"author":"Ana Maria Iencarelli","twitter_card":"summary_large_image","twitter_misc":{"Escrito por":"Ana Maria Iencarelli","Est. tempo de leitura":"5 minutos"},"schema":{"@context":"https:\/\/schema.org","@graph":[{"@type":"Article","@id":"https:\/\/jornalfatosenoticias.com.br\/index.php\/2021\/02\/11\/pandemia-cidade-apartada-escola-socializacao-x-terror-de-tiros-na-moradia\/#article","isPartOf":{"@id":"https:\/\/jornalfatosenoticias.com.br\/index.php\/2021\/02\/11\/pandemia-cidade-apartada-escola-socializacao-x-terror-de-tiros-na-moradia\/"},"author":{"name":"Ana Maria Iencarelli","@id":"https:\/\/jornalfatosenoticias.com.br\/#\/schema\/person\/c33fcf5fb02d729d3fec92c6737a22d1"},"headline":"Pandemia, cidade apartada: escola-socializa\u00e7\u00e3o x terror de tiros na moradia","datePublished":"2021-02-11T21:14:18+00:00","dateModified":"2021-02-11T21:14:22+00:00","mainEntityOfPage":{"@id":"https:\/\/jornalfatosenoticias.com.br\/index.php\/2021\/02\/11\/pandemia-cidade-apartada-escola-socializacao-x-terror-de-tiros-na-moradia\/"},"wordCount":934,"commentCount":0,"publisher":{"@id":"https:\/\/jornalfatosenoticias.com.br\/#organization"},"image":{"@id":"https:\/\/jornalfatosenoticias.com.br\/index.php\/2021\/02\/11\/pandemia-cidade-apartada-escola-socializacao-x-terror-de-tiros-na-moradia\/#primaryimage"},"thumbnailUrl":"https:\/\/jornalfatosenoticias.com.br\/wp-content\/uploads\/2021\/02\/intervencao-rio-fernando-frazao-AgBr.jpg","keywords":["crian\u00e7as","pobreza","sa\u00fade mental","socializa\u00e7\u00e3o","viol\u00eancia","volta \u00e0s aulas"],"articleSection":["Comportamento &amp; Equil\u00edbrio"],"inLanguage":"pt-BR","potentialAction":[{"@type":"CommentAction","name":"Comment","target":["https:\/\/jornalfatosenoticias.com.br\/index.php\/2021\/02\/11\/pandemia-cidade-apartada-escola-socializacao-x-terror-de-tiros-na-moradia\/#respond"]}]},{"@type":"WebPage","@id":"https:\/\/jornalfatosenoticias.com.br\/index.php\/2021\/02\/11\/pandemia-cidade-apartada-escola-socializacao-x-terror-de-tiros-na-moradia\/","url":"https:\/\/jornalfatosenoticias.com.br\/index.php\/2021\/02\/11\/pandemia-cidade-apartada-escola-socializacao-x-terror-de-tiros-na-moradia\/","name":"Pandemia, cidade apartada: escola-socializa\u00e7\u00e3o x terror de tiros na moradia - Jornal Fatos e Not\u00edcias","isPartOf":{"@id":"https:\/\/jornalfatosenoticias.com.br\/#website"},"primaryImageOfPage":{"@id":"https:\/\/jornalfatosenoticias.com.br\/index.php\/2021\/02\/11\/pandemia-cidade-apartada-escola-socializacao-x-terror-de-tiros-na-moradia\/#primaryimage"},"image":{"@id":"https:\/\/jornalfatosenoticias.com.br\/index.php\/2021\/02\/11\/pandemia-cidade-apartada-escola-socializacao-x-terror-de-tiros-na-moradia\/#primaryimage"},"thumbnailUrl":"https:\/\/jornalfatosenoticias.com.br\/wp-content\/uploads\/2021\/02\/intervencao-rio-fernando-frazao-AgBr.jpg","datePublished":"2021-02-11T21:14:18+00:00","dateModified":"2021-02-11T21:14:22+00:00","breadcrumb":{"@id":"https:\/\/jornalfatosenoticias.com.br\/index.php\/2021\/02\/11\/pandemia-cidade-apartada-escola-socializacao-x-terror-de-tiros-na-moradia\/#breadcrumb"},"inLanguage":"pt-BR","potentialAction":[{"@type":"ReadAction","target":["https:\/\/jornalfatosenoticias.com.br\/index.php\/2021\/02\/11\/pandemia-cidade-apartada-escola-socializacao-x-terror-de-tiros-na-moradia\/"]}]},{"@type":"ImageObject","inLanguage":"pt-BR","@id":"https:\/\/jornalfatosenoticias.com.br\/index.php\/2021\/02\/11\/pandemia-cidade-apartada-escola-socializacao-x-terror-de-tiros-na-moradia\/#primaryimage","url":"https:\/\/jornalfatosenoticias.com.br\/wp-content\/uploads\/2021\/02\/intervencao-rio-fernando-frazao-AgBr.jpg","contentUrl":"https:\/\/jornalfatosenoticias.com.br\/wp-content\/uploads\/2021\/02\/intervencao-rio-fernando-frazao-AgBr.jpg","width":1000,"height":563},{"@type":"BreadcrumbList","@id":"https:\/\/jornalfatosenoticias.com.br\/index.php\/2021\/02\/11\/pandemia-cidade-apartada-escola-socializacao-x-terror-de-tiros-na-moradia\/#breadcrumb","itemListElement":[{"@type":"ListItem","position":1,"name":"In\u00edcio","item":"https:\/\/jornalfatosenoticias.com.br\/"},{"@type":"ListItem","position":2,"name":"Pandemia, cidade apartada: escola-socializa\u00e7\u00e3o x terror de tiros na moradia"}]},{"@type":"WebSite","@id":"https:\/\/jornalfatosenoticias.com.br\/#website","url":"https:\/\/jornalfatosenoticias.com.br\/","name":"Jornal Fatos e Not\u00edcias","description":"Not\u00edcias em geral","publisher":{"@id":"https:\/\/jornalfatosenoticias.com.br\/#organization"},"potentialAction":[{"@type":"SearchAction","target":{"@type":"EntryPoint","urlTemplate":"https:\/\/jornalfatosenoticias.com.br\/?s={search_term_string}"},"query-input":{"@type":"PropertyValueSpecification","valueRequired":true,"valueName":"search_term_string"}}],"inLanguage":"pt-BR"},{"@type":"Organization","@id":"https:\/\/jornalfatosenoticias.com.br\/#organization","name":"Jornal Fatos e Not\u00edcias","url":"https:\/\/jornalfatosenoticias.com.br\/","logo":{"@type":"ImageObject","inLanguage":"pt-BR","@id":"https:\/\/jornalfatosenoticias.com.br\/#\/schema\/logo\/image\/","url":"https:\/\/jornalfatosenoticias.com.br\/wp-content\/uploads\/2020\/02\/logo120.png","contentUrl":"https:\/\/jornalfatosenoticias.com.br\/wp-content\/uploads\/2020\/02\/logo120.png","width":1227,"height":120,"caption":"Jornal Fatos e Not\u00edcias"},"image":{"@id":"https:\/\/jornalfatosenoticias.com.br\/#\/schema\/logo\/image\/"}},{"@type":"Person","@id":"https:\/\/jornalfatosenoticias.com.br\/#\/schema\/person\/c33fcf5fb02d729d3fec92c6737a22d1","name":"Ana Maria Iencarelli","image":{"@type":"ImageObject","inLanguage":"pt-BR","@id":"https:\/\/jornalfatosenoticias.com.br\/#\/schema\/person\/image\/","url":"https:\/\/jornalfatosenoticias.com.br\/wp-content\/uploads\/2020\/02\/Ana-Maria-Iencarelli-1-150x150.jpg","contentUrl":"https:\/\/jornalfatosenoticias.com.br\/wp-content\/uploads\/2020\/02\/Ana-Maria-Iencarelli-1-150x150.jpg","caption":"Ana Maria Iencarelli"},"description":"Psicanalista Cl\u00ednica, especializada no atendimento a Crian\u00e7as e Adolescentes. Presidente da ONG Vozes de Anjos.","url":"https:\/\/jornalfatosenoticias.com.br\/index.php\/author\/anamaria\/"}]}},"cc_featured_image_caption":{"caption_text":"(Fernando Fraz\u00e3o\/Ag\u00eancia Brasil)  \r\n","source_text":"","source_url":""},"jetpack_featured_media_url":"https:\/\/jornalfatosenoticias.com.br\/wp-content\/uploads\/2021\/02\/intervencao-rio-fernando-frazao-AgBr.jpg","_links":{"self":[{"href":"https:\/\/jornalfatosenoticias.com.br\/index.php\/wp-json\/wp\/v2\/posts\/14604","targetHints":{"allow":["GET"]}}],"collection":[{"href":"https:\/\/jornalfatosenoticias.com.br\/index.php\/wp-json\/wp\/v2\/posts"}],"about":[{"href":"https:\/\/jornalfatosenoticias.com.br\/index.php\/wp-json\/wp\/v2\/types\/post"}],"author":[{"embeddable":true,"href":"https:\/\/jornalfatosenoticias.com.br\/index.php\/wp-json\/wp\/v2\/users\/8"}],"replies":[{"embeddable":true,"href":"https:\/\/jornalfatosenoticias.com.br\/index.php\/wp-json\/wp\/v2\/comments?post=14604"}],"version-history":[{"count":0,"href":"https:\/\/jornalfatosenoticias.com.br\/index.php\/wp-json\/wp\/v2\/posts\/14604\/revisions"}],"wp:featuredmedia":[{"embeddable":true,"href":"https:\/\/jornalfatosenoticias.com.br\/index.php\/wp-json\/wp\/v2\/media\/14606"}],"wp:attachment":[{"href":"https:\/\/jornalfatosenoticias.com.br\/index.php\/wp-json\/wp\/v2\/media?parent=14604"}],"wp:term":[{"taxonomy":"category","embeddable":true,"href":"https:\/\/jornalfatosenoticias.com.br\/index.php\/wp-json\/wp\/v2\/categories?post=14604"},{"taxonomy":"post_tag","embeddable":true,"href":"https:\/\/jornalfatosenoticias.com.br\/index.php\/wp-json\/wp\/v2\/tags?post=14604"}],"curies":[{"name":"wp","href":"https:\/\/api.w.org\/{rel}","templated":true}]}}