{"id":14636,"date":"2021-02-12T17:36:54","date_gmt":"2021-02-12T20:36:54","guid":{"rendered":"https:\/\/jornalfatosenoticias.com.br\/?p=14636"},"modified":"2021-02-12T17:36:57","modified_gmt":"2021-02-12T20:36:57","slug":"nobel-da-educacao-premiara-estudantes","status":"publish","type":"post","link":"https:\/\/jornalfatosenoticias.com.br\/index.php\/2021\/02\/12\/nobel-da-educacao-premiara-estudantes\/","title":{"rendered":"\u2018Nobel da Educa\u00e7\u00e3o\u2019 premiar\u00e1 estudantes"},"content":{"rendered":"\n<h6 class=\"wp-block-heading\"><em>O vencedor da categoria levar\u00e1 para casa a quantia de US$ 50 mil<\/em><\/h6>\n\n\n\n<p>As inscri\u00e7\u00f5es para o Pr\u00eamio Global de Professores 2021, conhecido como o \u201cNobel da Educa\u00e7\u00e3o\u201d, j\u00e1 est\u00e3o abertas. Nesta edi\u00e7\u00e3o, a Varkey Foundation em parceria com a institui\u00e7\u00e3o Chegg.org tamb\u00e9m decidiu premiar estudantes que promovem impacto social na educa\u00e7\u00e3o, na comunidade onde moram ou na sociedade em geral. O vencedor da categoria Global Student Prize levar\u00e1 a quantia de US$ 50 mil, aproximadamente R$ 270 mil. Podem se inscrever estudantes a partir de 16 anos que estejam matriculados em uma institui\u00e7\u00e3o formal ou n\u00e3o, independente da modalidade de ensino (presencial ou on-line).<br>A organiza\u00e7\u00e3o respons\u00e1vel levar\u00e1 em considera\u00e7\u00e3o alguns crit\u00e9rios para a sele\u00e7\u00e3o dos candidatos. \u00c9 importante ele ter um bom desempenho acad\u00eamico no ensino regular. Pr\u00eamios, projetos ou pesquisas realizadas s\u00e3o itens que podem ajudar a comprovar essa performance. Inclusive, ser\u00e3o consideradas as participa\u00e7\u00f5es em semin\u00e1rios. O estudante precisa comprovar a atua\u00e7\u00e3o em uma iniciativa que gerou mudan\u00e7as positivas na rotina da comunidade onde vive.<br>Segundo o regulamento, os examinadores est\u00e3o em busca de l\u00edderes estudantis do s\u00e9culo 21, que s\u00e3o capazes de promover transforma\u00e7\u00f5es sociais em grande escala. A jornada pessoal do candidato precisa demonstrar um esp\u00edrito de luta contra as adversidades encontradas no caminho. Al\u00e9m disso, criatividade e inova\u00e7\u00e3o ser\u00e3o avaliadas.<br>Por isso, estudantes tamb\u00e9m devem enviar as contribui\u00e7\u00f5es criativas, como romance, m\u00fasica, canal no YouTube, podcast, entre outros, que foram criadas para impactar qualquer \u00e1rea. Por fim, os inscritos devem demonstrar que s\u00e3o apaixonados pelo est\u00edmulo \u00e0 cidadania. Afinal, os esfor\u00e7os precisam ser fonte de inspira\u00e7\u00e3o para estudantes de outros pa\u00edses.<br>O vencedor da categoria dos professores receber\u00e1 o valor de US$ 1 milh\u00e3o, mais de R$ 5,3 milh\u00f5es. As inscri\u00e7\u00f5es para ambos os pr\u00eamios podem ser feitas at\u00e9 30 de abril pelo site <a href=\"https:\/\/www.globalteacherprize.org\/\">www.globalteacherprize.org<\/a>.<\/p>\n\n\n\n<p><strong><em>Fonte: <a href=\"https:\/\/guiadoestudante.abril.com.br\/estudo\/nobel-da-educacao-premiara-estudantes\/#:~:text=O%20vencedor%20da%20categoria%20Global,ensino%20(presencial%20ou%20online).\">Guia do estudante<\/a><\/em><\/strong><\/p>\n","protected":false},"excerpt":{"rendered":"<p>O vencedor da categoria levar\u00e1 para casa a quantia de US$ 50 mil As inscri\u00e7\u00f5es para o Pr\u00eamio Global de Professores 2021, conhecido como o \u201cNobel da Educa\u00e7\u00e3o\u201d, j\u00e1 est\u00e3o abertas. Nesta edi\u00e7\u00e3o, a Varkey Foundation em parceria com a institui\u00e7\u00e3o Chegg.org tamb\u00e9m decidiu premiar estudantes que promovem impacto social na educa\u00e7\u00e3o, na comunidade onde [&hellip;]<\/p>\n","protected":false},"author":2,"featured_media":14637,"comment_status":"open","ping_status":"open","sticky":false,"template":"","format":"standard","meta":{"footnotes":""},"categories":[7],"tags":[7459,5871,7458],"class_list":["post-14636","post","type-post","status-publish","format-standard","has-post-thumbnail","hentry","category-educacao","tag-global-student-prize","tag-nobel-da-educacao","tag-premio-global-de-professores-2021"],"yoast_head":"<!-- This site is optimized with the Yoast SEO plugin v26.5 - https:\/\/yoast.com\/wordpress\/plugins\/seo\/ -->\n<title>\u2018Nobel da Educa\u00e7\u00e3o\u2019 premiar\u00e1 estudantes - Jornal Fatos e Not\u00edcias<\/title>\n<meta name=\"robots\" content=\"index, follow, max-snippet:-1, max-image-preview:large, max-video-preview:-1\" \/>\n<link rel=\"canonical\" href=\"https:\/\/jornalfatosenoticias.com.br\/index.php\/2021\/02\/12\/nobel-da-educacao-premiara-estudantes\/\" \/>\n<meta property=\"og:locale\" content=\"pt_BR\" \/>\n<meta property=\"og:type\" content=\"article\" \/>\n<meta property=\"og:title\" content=\"\u2018Nobel da Educa\u00e7\u00e3o\u2019 premiar\u00e1 estudantes - Jornal Fatos e Not\u00edcias\" \/>\n<meta property=\"og:description\" content=\"O vencedor da categoria levar\u00e1 para casa a quantia de US$ 50 mil As inscri\u00e7\u00f5es para o Pr\u00eamio Global de Professores 2021, conhecido como o \u201cNobel da Educa\u00e7\u00e3o\u201d, j\u00e1 est\u00e3o abertas. Nesta edi\u00e7\u00e3o, a Varkey Foundation em parceria com a institui\u00e7\u00e3o Chegg.org tamb\u00e9m decidiu premiar estudantes que promovem impacto social na educa\u00e7\u00e3o, na comunidade onde [&hellip;]\" \/>\n<meta property=\"og:url\" content=\"https:\/\/jornalfatosenoticias.com.br\/index.php\/2021\/02\/12\/nobel-da-educacao-premiara-estudantes\/\" \/>\n<meta property=\"og:site_name\" content=\"Jornal Fatos e Not\u00edcias\" \/>\n<meta property=\"article:published_time\" content=\"2021-02-12T20:36:54+00:00\" \/>\n<meta property=\"article:modified_time\" content=\"2021-02-12T20:36:57+00:00\" \/>\n<meta property=\"og:image\" content=\"https:\/\/jornalfatosenoticias.com.br\/wp-content\/uploads\/2021\/02\/Global-Teacher-Award.png\" \/>\n\t<meta property=\"og:image:width\" content=\"1000\" \/>\n\t<meta property=\"og:image:height\" content=\"600\" \/>\n\t<meta property=\"og:image:type\" content=\"image\/png\" \/>\n<meta name=\"author\" content=\"Luzimara Fernandes\" \/>\n<meta name=\"twitter:card\" content=\"summary_large_image\" \/>\n<meta name=\"twitter:label1\" content=\"Escrito por\" \/>\n\t<meta name=\"twitter:data1\" content=\"Luzimara Fernandes\" \/>\n\t<meta name=\"twitter:label2\" content=\"Est. tempo de leitura\" \/>\n\t<meta name=\"twitter:data2\" content=\"2 minutos\" \/>\n<script type=\"application\/ld+json\" class=\"yoast-schema-graph\">{\"@context\":\"https:\/\/schema.org\",\"@graph\":[{\"@type\":\"Article\",\"@id\":\"https:\/\/jornalfatosenoticias.com.br\/index.php\/2021\/02\/12\/nobel-da-educacao-premiara-estudantes\/#article\",\"isPartOf\":{\"@id\":\"https:\/\/jornalfatosenoticias.com.br\/index.php\/2021\/02\/12\/nobel-da-educacao-premiara-estudantes\/\"},\"author\":{\"name\":\"Luzimara Fernandes\",\"@id\":\"https:\/\/jornalfatosenoticias.com.br\/#\/schema\/person\/d63837fa13ac8666eb9e74e0985d6f81\"},\"headline\":\"\u2018Nobel da Educa\u00e7\u00e3o\u2019 premiar\u00e1 estudantes\",\"datePublished\":\"2021-02-12T20:36:54+00:00\",\"dateModified\":\"2021-02-12T20:36:57+00:00\",\"mainEntityOfPage\":{\"@id\":\"https:\/\/jornalfatosenoticias.com.br\/index.php\/2021\/02\/12\/nobel-da-educacao-premiara-estudantes\/\"},\"wordCount\":348,\"commentCount\":0,\"publisher\":{\"@id\":\"https:\/\/jornalfatosenoticias.com.br\/#organization\"},\"image\":{\"@id\":\"https:\/\/jornalfatosenoticias.com.br\/index.php\/2021\/02\/12\/nobel-da-educacao-premiara-estudantes\/#primaryimage\"},\"thumbnailUrl\":\"https:\/\/jornalfatosenoticias.com.br\/wp-content\/uploads\/2021\/02\/Global-Teacher-Award.png\",\"keywords\":[\"Global Student Prize\",\"Nobel da Educa\u00e7\u00e3o\",\"Pr\u00eamio Global de Professores 2021\"],\"articleSection\":[\"Educa\u00e7\u00e3o\"],\"inLanguage\":\"pt-BR\",\"potentialAction\":[{\"@type\":\"CommentAction\",\"name\":\"Comment\",\"target\":[\"https:\/\/jornalfatosenoticias.com.br\/index.php\/2021\/02\/12\/nobel-da-educacao-premiara-estudantes\/#respond\"]}]},{\"@type\":\"WebPage\",\"@id\":\"https:\/\/jornalfatosenoticias.com.br\/index.php\/2021\/02\/12\/nobel-da-educacao-premiara-estudantes\/\",\"url\":\"https:\/\/jornalfatosenoticias.com.br\/index.php\/2021\/02\/12\/nobel-da-educacao-premiara-estudantes\/\",\"name\":\"\u2018Nobel da Educa\u00e7\u00e3o\u2019 premiar\u00e1 estudantes - Jornal Fatos e Not\u00edcias\",\"isPartOf\":{\"@id\":\"https:\/\/jornalfatosenoticias.com.br\/#website\"},\"primaryImageOfPage\":{\"@id\":\"https:\/\/jornalfatosenoticias.com.br\/index.php\/2021\/02\/12\/nobel-da-educacao-premiara-estudantes\/#primaryimage\"},\"image\":{\"@id\":\"https:\/\/jornalfatosenoticias.com.br\/index.php\/2021\/02\/12\/nobel-da-educacao-premiara-estudantes\/#primaryimage\"},\"thumbnailUrl\":\"https:\/\/jornalfatosenoticias.com.br\/wp-content\/uploads\/2021\/02\/Global-Teacher-Award.png\",\"datePublished\":\"2021-02-12T20:36:54+00:00\",\"dateModified\":\"2021-02-12T20:36:57+00:00\",\"breadcrumb\":{\"@id\":\"https:\/\/jornalfatosenoticias.com.br\/index.php\/2021\/02\/12\/nobel-da-educacao-premiara-estudantes\/#breadcrumb\"},\"inLanguage\":\"pt-BR\",\"potentialAction\":[{\"@type\":\"ReadAction\",\"target\":[\"https:\/\/jornalfatosenoticias.com.br\/index.php\/2021\/02\/12\/nobel-da-educacao-premiara-estudantes\/\"]}]},{\"@type\":\"ImageObject\",\"inLanguage\":\"pt-BR\",\"@id\":\"https:\/\/jornalfatosenoticias.com.br\/index.php\/2021\/02\/12\/nobel-da-educacao-premiara-estudantes\/#primaryimage\",\"url\":\"https:\/\/jornalfatosenoticias.com.br\/wp-content\/uploads\/2021\/02\/Global-Teacher-Award.png\",\"contentUrl\":\"https:\/\/jornalfatosenoticias.com.br\/wp-content\/uploads\/2021\/02\/Global-Teacher-Award.png\",\"width\":1000,\"height\":600},{\"@type\":\"BreadcrumbList\",\"@id\":\"https:\/\/jornalfatosenoticias.com.br\/index.php\/2021\/02\/12\/nobel-da-educacao-premiara-estudantes\/#breadcrumb\",\"itemListElement\":[{\"@type\":\"ListItem\",\"position\":1,\"name\":\"In\u00edcio\",\"item\":\"https:\/\/jornalfatosenoticias.com.br\/\"},{\"@type\":\"ListItem\",\"position\":2,\"name\":\"\u2018Nobel da Educa\u00e7\u00e3o\u2019 premiar\u00e1 estudantes\"}]},{\"@type\":\"WebSite\",\"@id\":\"https:\/\/jornalfatosenoticias.com.br\/#website\",\"url\":\"https:\/\/jornalfatosenoticias.com.br\/\",\"name\":\"Jornal Fatos e Not\u00edcias\",\"description\":\"Not\u00edcias em geral\",\"publisher\":{\"@id\":\"https:\/\/jornalfatosenoticias.com.br\/#organization\"},\"potentialAction\":[{\"@type\":\"SearchAction\",\"target\":{\"@type\":\"EntryPoint\",\"urlTemplate\":\"https:\/\/jornalfatosenoticias.com.br\/?s={search_term_string}\"},\"query-input\":{\"@type\":\"PropertyValueSpecification\",\"valueRequired\":true,\"valueName\":\"search_term_string\"}}],\"inLanguage\":\"pt-BR\"},{\"@type\":\"Organization\",\"@id\":\"https:\/\/jornalfatosenoticias.com.br\/#organization\",\"name\":\"Jornal Fatos e Not\u00edcias\",\"url\":\"https:\/\/jornalfatosenoticias.com.br\/\",\"logo\":{\"@type\":\"ImageObject\",\"inLanguage\":\"pt-BR\",\"@id\":\"https:\/\/jornalfatosenoticias.com.br\/#\/schema\/logo\/image\/\",\"url\":\"https:\/\/jornalfatosenoticias.com.br\/wp-content\/uploads\/2020\/02\/logo120.png\",\"contentUrl\":\"https:\/\/jornalfatosenoticias.com.br\/wp-content\/uploads\/2020\/02\/logo120.png\",\"width\":1227,\"height\":120,\"caption\":\"Jornal Fatos e Not\u00edcias\"},\"image\":{\"@id\":\"https:\/\/jornalfatosenoticias.com.br\/#\/schema\/logo\/image\/\"}},{\"@type\":\"Person\",\"@id\":\"https:\/\/jornalfatosenoticias.com.br\/#\/schema\/person\/d63837fa13ac8666eb9e74e0985d6f81\",\"name\":\"Luzimara Fernandes\",\"image\":{\"@type\":\"ImageObject\",\"inLanguage\":\"pt-BR\",\"@id\":\"https:\/\/jornalfatosenoticias.com.br\/#\/schema\/person\/image\/\",\"url\":\"https:\/\/jornalfatosenoticias.com.br\/wp-content\/uploads\/2025\/05\/EU_portal.jpg\",\"contentUrl\":\"https:\/\/jornalfatosenoticias.com.br\/wp-content\/uploads\/2025\/05\/EU_portal.jpg\",\"caption\":\"Luzimara Fernandes\"},\"description\":\"Jornalista MTB 2358-ES\",\"sameAs\":[\"https:\/\/jornalfatosenoticias.com.br\"],\"url\":\"https:\/\/jornalfatosenoticias.com.br\/index.php\/author\/luzimara\/\"}]}<\/script>\n<!-- \/ Yoast SEO plugin. -->","yoast_head_json":{"title":"\u2018Nobel da Educa\u00e7\u00e3o\u2019 premiar\u00e1 estudantes - Jornal Fatos e Not\u00edcias","robots":{"index":"index","follow":"follow","max-snippet":"max-snippet:-1","max-image-preview":"max-image-preview:large","max-video-preview":"max-video-preview:-1"},"canonical":"https:\/\/jornalfatosenoticias.com.br\/index.php\/2021\/02\/12\/nobel-da-educacao-premiara-estudantes\/","og_locale":"pt_BR","og_type":"article","og_title":"\u2018Nobel da Educa\u00e7\u00e3o\u2019 premiar\u00e1 estudantes - Jornal Fatos e Not\u00edcias","og_description":"O vencedor da categoria levar\u00e1 para casa a quantia de US$ 50 mil As inscri\u00e7\u00f5es para o Pr\u00eamio Global de Professores 2021, conhecido como o \u201cNobel da Educa\u00e7\u00e3o\u201d, j\u00e1 est\u00e3o abertas. Nesta edi\u00e7\u00e3o, a Varkey Foundation em parceria com a institui\u00e7\u00e3o Chegg.org tamb\u00e9m decidiu premiar estudantes que promovem impacto social na educa\u00e7\u00e3o, na comunidade onde [&hellip;]","og_url":"https:\/\/jornalfatosenoticias.com.br\/index.php\/2021\/02\/12\/nobel-da-educacao-premiara-estudantes\/","og_site_name":"Jornal Fatos e Not\u00edcias","article_published_time":"2021-02-12T20:36:54+00:00","article_modified_time":"2021-02-12T20:36:57+00:00","og_image":[{"width":1000,"height":600,"url":"https:\/\/jornalfatosenoticias.com.br\/wp-content\/uploads\/2021\/02\/Global-Teacher-Award.png","type":"image\/png"}],"author":"Luzimara Fernandes","twitter_card":"summary_large_image","twitter_misc":{"Escrito por":"Luzimara Fernandes","Est. tempo de leitura":"2 minutos"},"schema":{"@context":"https:\/\/schema.org","@graph":[{"@type":"Article","@id":"https:\/\/jornalfatosenoticias.com.br\/index.php\/2021\/02\/12\/nobel-da-educacao-premiara-estudantes\/#article","isPartOf":{"@id":"https:\/\/jornalfatosenoticias.com.br\/index.php\/2021\/02\/12\/nobel-da-educacao-premiara-estudantes\/"},"author":{"name":"Luzimara Fernandes","@id":"https:\/\/jornalfatosenoticias.com.br\/#\/schema\/person\/d63837fa13ac8666eb9e74e0985d6f81"},"headline":"\u2018Nobel da Educa\u00e7\u00e3o\u2019 premiar\u00e1 estudantes","datePublished":"2021-02-12T20:36:54+00:00","dateModified":"2021-02-12T20:36:57+00:00","mainEntityOfPage":{"@id":"https:\/\/jornalfatosenoticias.com.br\/index.php\/2021\/02\/12\/nobel-da-educacao-premiara-estudantes\/"},"wordCount":348,"commentCount":0,"publisher":{"@id":"https:\/\/jornalfatosenoticias.com.br\/#organization"},"image":{"@id":"https:\/\/jornalfatosenoticias.com.br\/index.php\/2021\/02\/12\/nobel-da-educacao-premiara-estudantes\/#primaryimage"},"thumbnailUrl":"https:\/\/jornalfatosenoticias.com.br\/wp-content\/uploads\/2021\/02\/Global-Teacher-Award.png","keywords":["Global Student Prize","Nobel da Educa\u00e7\u00e3o","Pr\u00eamio Global de Professores 2021"],"articleSection":["Educa\u00e7\u00e3o"],"inLanguage":"pt-BR","potentialAction":[{"@type":"CommentAction","name":"Comment","target":["https:\/\/jornalfatosenoticias.com.br\/index.php\/2021\/02\/12\/nobel-da-educacao-premiara-estudantes\/#respond"]}]},{"@type":"WebPage","@id":"https:\/\/jornalfatosenoticias.com.br\/index.php\/2021\/02\/12\/nobel-da-educacao-premiara-estudantes\/","url":"https:\/\/jornalfatosenoticias.com.br\/index.php\/2021\/02\/12\/nobel-da-educacao-premiara-estudantes\/","name":"\u2018Nobel da Educa\u00e7\u00e3o\u2019 premiar\u00e1 estudantes - Jornal Fatos e Not\u00edcias","isPartOf":{"@id":"https:\/\/jornalfatosenoticias.com.br\/#website"},"primaryImageOfPage":{"@id":"https:\/\/jornalfatosenoticias.com.br\/index.php\/2021\/02\/12\/nobel-da-educacao-premiara-estudantes\/#primaryimage"},"image":{"@id":"https:\/\/jornalfatosenoticias.com.br\/index.php\/2021\/02\/12\/nobel-da-educacao-premiara-estudantes\/#primaryimage"},"thumbnailUrl":"https:\/\/jornalfatosenoticias.com.br\/wp-content\/uploads\/2021\/02\/Global-Teacher-Award.png","datePublished":"2021-02-12T20:36:54+00:00","dateModified":"2021-02-12T20:36:57+00:00","breadcrumb":{"@id":"https:\/\/jornalfatosenoticias.com.br\/index.php\/2021\/02\/12\/nobel-da-educacao-premiara-estudantes\/#breadcrumb"},"inLanguage":"pt-BR","potentialAction":[{"@type":"ReadAction","target":["https:\/\/jornalfatosenoticias.com.br\/index.php\/2021\/02\/12\/nobel-da-educacao-premiara-estudantes\/"]}]},{"@type":"ImageObject","inLanguage":"pt-BR","@id":"https:\/\/jornalfatosenoticias.com.br\/index.php\/2021\/02\/12\/nobel-da-educacao-premiara-estudantes\/#primaryimage","url":"https:\/\/jornalfatosenoticias.com.br\/wp-content\/uploads\/2021\/02\/Global-Teacher-Award.png","contentUrl":"https:\/\/jornalfatosenoticias.com.br\/wp-content\/uploads\/2021\/02\/Global-Teacher-Award.png","width":1000,"height":600},{"@type":"BreadcrumbList","@id":"https:\/\/jornalfatosenoticias.com.br\/index.php\/2021\/02\/12\/nobel-da-educacao-premiara-estudantes\/#breadcrumb","itemListElement":[{"@type":"ListItem","position":1,"name":"In\u00edcio","item":"https:\/\/jornalfatosenoticias.com.br\/"},{"@type":"ListItem","position":2,"name":"\u2018Nobel da Educa\u00e7\u00e3o\u2019 premiar\u00e1 estudantes"}]},{"@type":"WebSite","@id":"https:\/\/jornalfatosenoticias.com.br\/#website","url":"https:\/\/jornalfatosenoticias.com.br\/","name":"Jornal Fatos e Not\u00edcias","description":"Not\u00edcias em geral","publisher":{"@id":"https:\/\/jornalfatosenoticias.com.br\/#organization"},"potentialAction":[{"@type":"SearchAction","target":{"@type":"EntryPoint","urlTemplate":"https:\/\/jornalfatosenoticias.com.br\/?s={search_term_string}"},"query-input":{"@type":"PropertyValueSpecification","valueRequired":true,"valueName":"search_term_string"}}],"inLanguage":"pt-BR"},{"@type":"Organization","@id":"https:\/\/jornalfatosenoticias.com.br\/#organization","name":"Jornal Fatos e Not\u00edcias","url":"https:\/\/jornalfatosenoticias.com.br\/","logo":{"@type":"ImageObject","inLanguage":"pt-BR","@id":"https:\/\/jornalfatosenoticias.com.br\/#\/schema\/logo\/image\/","url":"https:\/\/jornalfatosenoticias.com.br\/wp-content\/uploads\/2020\/02\/logo120.png","contentUrl":"https:\/\/jornalfatosenoticias.com.br\/wp-content\/uploads\/2020\/02\/logo120.png","width":1227,"height":120,"caption":"Jornal Fatos e Not\u00edcias"},"image":{"@id":"https:\/\/jornalfatosenoticias.com.br\/#\/schema\/logo\/image\/"}},{"@type":"Person","@id":"https:\/\/jornalfatosenoticias.com.br\/#\/schema\/person\/d63837fa13ac8666eb9e74e0985d6f81","name":"Luzimara Fernandes","image":{"@type":"ImageObject","inLanguage":"pt-BR","@id":"https:\/\/jornalfatosenoticias.com.br\/#\/schema\/person\/image\/","url":"https:\/\/jornalfatosenoticias.com.br\/wp-content\/uploads\/2025\/05\/EU_portal.jpg","contentUrl":"https:\/\/jornalfatosenoticias.com.br\/wp-content\/uploads\/2025\/05\/EU_portal.jpg","caption":"Luzimara Fernandes"},"description":"Jornalista MTB 2358-ES","sameAs":["https:\/\/jornalfatosenoticias.com.br"],"url":"https:\/\/jornalfatosenoticias.com.br\/index.php\/author\/luzimara\/"}]}},"cc_featured_image_caption":{"caption_text":"(Global Teacher Prize Divulga\u00e7\u00e3o) ","source_text":"","source_url":""},"jetpack_featured_media_url":"https:\/\/jornalfatosenoticias.com.br\/wp-content\/uploads\/2021\/02\/Global-Teacher-Award.png","_links":{"self":[{"href":"https:\/\/jornalfatosenoticias.com.br\/index.php\/wp-json\/wp\/v2\/posts\/14636","targetHints":{"allow":["GET"]}}],"collection":[{"href":"https:\/\/jornalfatosenoticias.com.br\/index.php\/wp-json\/wp\/v2\/posts"}],"about":[{"href":"https:\/\/jornalfatosenoticias.com.br\/index.php\/wp-json\/wp\/v2\/types\/post"}],"author":[{"embeddable":true,"href":"https:\/\/jornalfatosenoticias.com.br\/index.php\/wp-json\/wp\/v2\/users\/2"}],"replies":[{"embeddable":true,"href":"https:\/\/jornalfatosenoticias.com.br\/index.php\/wp-json\/wp\/v2\/comments?post=14636"}],"version-history":[{"count":0,"href":"https:\/\/jornalfatosenoticias.com.br\/index.php\/wp-json\/wp\/v2\/posts\/14636\/revisions"}],"wp:featuredmedia":[{"embeddable":true,"href":"https:\/\/jornalfatosenoticias.com.br\/index.php\/wp-json\/wp\/v2\/media\/14637"}],"wp:attachment":[{"href":"https:\/\/jornalfatosenoticias.com.br\/index.php\/wp-json\/wp\/v2\/media?parent=14636"}],"wp:term":[{"taxonomy":"category","embeddable":true,"href":"https:\/\/jornalfatosenoticias.com.br\/index.php\/wp-json\/wp\/v2\/categories?post=14636"},{"taxonomy":"post_tag","embeddable":true,"href":"https:\/\/jornalfatosenoticias.com.br\/index.php\/wp-json\/wp\/v2\/tags?post=14636"}],"curies":[{"name":"wp","href":"https:\/\/api.w.org\/{rel}","templated":true}]}}