{"id":1466,"date":"2020-02-27T09:26:46","date_gmt":"2020-02-27T12:26:46","guid":{"rendered":"https:\/\/jornalfatosenoticias.com.br\/?p=1466"},"modified":"2020-02-27T09:26:51","modified_gmt":"2020-02-27T12:26:51","slug":"comite-dos-jogos-olimpicos-prepara-medidas-contra-o-coronavirus","status":"publish","type":"post","link":"https:\/\/jornalfatosenoticias.com.br\/index.php\/2020\/02\/27\/comite-dos-jogos-olimpicos-prepara-medidas-contra-o-coronavirus\/","title":{"rendered":"Comit\u00ea dos Jogos Ol\u00edmpicos prepara medidas contra o coronav\u00edrus"},"content":{"rendered":"\n<h6 class=\"wp-block-heading\"><em>O revezamento da tocha ol\u00edmpica est\u00e1 marcado para come\u00e7ar no dia 26 de mar\u00e7o. A expectativa \u00e9 de que o evento atraia grande n\u00famero de espectadores<\/em><\/h6>\n\n\n\n<p>O comit\u00ea organizador dos Jogos Ol\u00edmpicos e Paral\u00edmpicos de T\u00f3quio informou que n\u00e3o deu in\u00edcio a nenhuma discuss\u00e3o a respeito de suspender ou adiar a realiza\u00e7\u00e3o dos eventos devido ao surto do novo coronav\u00edrus.<br>\nNessa quarta-feira (26), Toshiro Muto, diretor-geral do comit\u00ea, afirmou \u00e0 imprensa em T\u00f3quio que a primeira medida ser\u00e1 a prepara\u00e7\u00e3o de um ambiente seguro para a realiza\u00e7\u00e3o dos jogos. A declara\u00e7\u00e3o foi dada no mesmo dia em que o governo pediu que grandes aglomera\u00e7\u00f5es fossem canceladas ou realizadas em menor escala, incluindo eventos esportivos e culturais, por cerca de duas semanas.<br>\nMuto afirmou que o comit\u00ea vai decidir se realizar\u00e1 ou n\u00e3o os eventos pr\u00e9-ol\u00edmpicos programados, ap\u00f3s analisar a sua necessidade para os jogos.<br>\nAcrescentou que o comit\u00ea j\u00e1 definiu diretrizes para que, quando os eventos forem realizados, os participantes saibam que medidas preventivas devem tomar, como por exemplo, lavar as m\u00e3os. Produtos desinfetantes ser\u00e3o oferecidos a qualquer pessoa que apresente sintomas tais como febre ou tosse, e ela ser\u00e1 aconselhada a n\u00e3o participar dos eventos.<br>\nO revezamento da tocha ol\u00edmpica est\u00e1 marcado para come\u00e7ar no dia 26 de mar\u00e7o. A expectativa \u00e9 de que o evento atraia grande n\u00famero de espectadores. Muto afirmou que o comit\u00ea vai discutir a realiza\u00e7\u00e3o do evento em menor escala, e que deve tamb\u00e9m implementar medidas para permitir que a passagem da tocha aconte\u00e7a, ao mesmo tempo em que se tenta conter a dissemina\u00e7\u00e3o do v\u00edrus.<\/p>\n\n\n\n<p><strong><em>Fonte: Ag\u00eancia Brasil<\/em><\/strong><\/p>\n","protected":false},"excerpt":{"rendered":"<p>O revezamento da tocha ol\u00edmpica est\u00e1 marcado para come\u00e7ar no dia 26 de mar\u00e7o. A expectativa \u00e9 de que o evento atraia grande n\u00famero de espectadores O comit\u00ea organizador dos Jogos Ol\u00edmpicos e Paral\u00edmpicos de T\u00f3quio informou que n\u00e3o deu in\u00edcio a nenhuma discuss\u00e3o a respeito de suspender ou adiar a realiza\u00e7\u00e3o dos eventos devido [&hellip;]<\/p>\n","protected":false},"author":2,"featured_media":1467,"comment_status":"open","ping_status":"open","sticky":false,"template":"","format":"standard","meta":{"footnotes":""},"categories":[12],"tags":[82,83,80,81],"class_list":["post-1466","post","type-post","status-publish","format-standard","has-post-thumbnail","hentry","category-esportes","tag-comite","tag-eventos","tag-jogos-olimpicos","tag-toquio"],"yoast_head":"<!-- This site is optimized with the Yoast SEO plugin v26.5 - https:\/\/yoast.com\/wordpress\/plugins\/seo\/ -->\n<title>Comit\u00ea dos Jogos Ol\u00edmpicos prepara medidas contra o coronav\u00edrus - Jornal Fatos e Not\u00edcias<\/title>\n<meta name=\"robots\" content=\"index, follow, max-snippet:-1, max-image-preview:large, max-video-preview:-1\" \/>\n<link rel=\"canonical\" href=\"https:\/\/jornalfatosenoticias.com.br\/index.php\/2020\/02\/27\/comite-dos-jogos-olimpicos-prepara-medidas-contra-o-coronavirus\/\" \/>\n<meta property=\"og:locale\" content=\"pt_BR\" \/>\n<meta property=\"og:type\" content=\"article\" \/>\n<meta property=\"og:title\" content=\"Comit\u00ea dos Jogos Ol\u00edmpicos prepara medidas contra o coronav\u00edrus - Jornal Fatos e Not\u00edcias\" \/>\n<meta property=\"og:description\" content=\"O revezamento da tocha ol\u00edmpica est\u00e1 marcado para come\u00e7ar no dia 26 de mar\u00e7o. A expectativa \u00e9 de que o evento atraia grande n\u00famero de espectadores O comit\u00ea organizador dos Jogos Ol\u00edmpicos e Paral\u00edmpicos de T\u00f3quio informou que n\u00e3o deu in\u00edcio a nenhuma discuss\u00e3o a respeito de suspender ou adiar a realiza\u00e7\u00e3o dos eventos devido [&hellip;]\" \/>\n<meta property=\"og:url\" content=\"https:\/\/jornalfatosenoticias.com.br\/index.php\/2020\/02\/27\/comite-dos-jogos-olimpicos-prepara-medidas-contra-o-coronavirus\/\" \/>\n<meta property=\"og:site_name\" content=\"Jornal Fatos e Not\u00edcias\" \/>\n<meta property=\"article:published_time\" content=\"2020-02-27T12:26:46+00:00\" \/>\n<meta property=\"article:modified_time\" content=\"2020-02-27T12:26:51+00:00\" \/>\n<meta property=\"og:image\" content=\"https:\/\/jornalfatosenoticias.com.br\/wp-content\/uploads\/2020\/02\/olympics-tokyo-emblems.jpg\" \/>\n\t<meta property=\"og:image:width\" content=\"980\" \/>\n\t<meta property=\"og:image:height\" content=\"515\" \/>\n\t<meta property=\"og:image:type\" content=\"image\/jpeg\" \/>\n<meta name=\"author\" content=\"Luzimara Fernandes\" \/>\n<meta name=\"twitter:card\" content=\"summary_large_image\" \/>\n<meta name=\"twitter:label1\" content=\"Escrito por\" \/>\n\t<meta name=\"twitter:data1\" content=\"Luzimara Fernandes\" \/>\n\t<meta name=\"twitter:label2\" content=\"Est. tempo de leitura\" \/>\n\t<meta name=\"twitter:data2\" content=\"1 minuto\" \/>\n<script type=\"application\/ld+json\" class=\"yoast-schema-graph\">{\"@context\":\"https:\/\/schema.org\",\"@graph\":[{\"@type\":\"Article\",\"@id\":\"https:\/\/jornalfatosenoticias.com.br\/index.php\/2020\/02\/27\/comite-dos-jogos-olimpicos-prepara-medidas-contra-o-coronavirus\/#article\",\"isPartOf\":{\"@id\":\"https:\/\/jornalfatosenoticias.com.br\/index.php\/2020\/02\/27\/comite-dos-jogos-olimpicos-prepara-medidas-contra-o-coronavirus\/\"},\"author\":{\"name\":\"Luzimara Fernandes\",\"@id\":\"https:\/\/jornalfatosenoticias.com.br\/#\/schema\/person\/d63837fa13ac8666eb9e74e0985d6f81\"},\"headline\":\"Comit\u00ea dos Jogos Ol\u00edmpicos prepara medidas contra o coronav\u00edrus\",\"datePublished\":\"2020-02-27T12:26:46+00:00\",\"dateModified\":\"2020-02-27T12:26:51+00:00\",\"mainEntityOfPage\":{\"@id\":\"https:\/\/jornalfatosenoticias.com.br\/index.php\/2020\/02\/27\/comite-dos-jogos-olimpicos-prepara-medidas-contra-o-coronavirus\/\"},\"wordCount\":304,\"commentCount\":0,\"publisher\":{\"@id\":\"https:\/\/jornalfatosenoticias.com.br\/#organization\"},\"image\":{\"@id\":\"https:\/\/jornalfatosenoticias.com.br\/index.php\/2020\/02\/27\/comite-dos-jogos-olimpicos-prepara-medidas-contra-o-coronavirus\/#primaryimage\"},\"thumbnailUrl\":\"https:\/\/jornalfatosenoticias.com.br\/wp-content\/uploads\/2020\/02\/olympics-tokyo-emblems.jpg\",\"keywords\":[\"comit\u00ea\",\"eventos\",\"jogos ol\u00edmpicos\",\"t\u00f3quio\"],\"articleSection\":[\"Esportes\"],\"inLanguage\":\"pt-BR\",\"potentialAction\":[{\"@type\":\"CommentAction\",\"name\":\"Comment\",\"target\":[\"https:\/\/jornalfatosenoticias.com.br\/index.php\/2020\/02\/27\/comite-dos-jogos-olimpicos-prepara-medidas-contra-o-coronavirus\/#respond\"]}]},{\"@type\":\"WebPage\",\"@id\":\"https:\/\/jornalfatosenoticias.com.br\/index.php\/2020\/02\/27\/comite-dos-jogos-olimpicos-prepara-medidas-contra-o-coronavirus\/\",\"url\":\"https:\/\/jornalfatosenoticias.com.br\/index.php\/2020\/02\/27\/comite-dos-jogos-olimpicos-prepara-medidas-contra-o-coronavirus\/\",\"name\":\"Comit\u00ea dos Jogos Ol\u00edmpicos prepara medidas contra o coronav\u00edrus - Jornal Fatos e Not\u00edcias\",\"isPartOf\":{\"@id\":\"https:\/\/jornalfatosenoticias.com.br\/#website\"},\"primaryImageOfPage\":{\"@id\":\"https:\/\/jornalfatosenoticias.com.br\/index.php\/2020\/02\/27\/comite-dos-jogos-olimpicos-prepara-medidas-contra-o-coronavirus\/#primaryimage\"},\"image\":{\"@id\":\"https:\/\/jornalfatosenoticias.com.br\/index.php\/2020\/02\/27\/comite-dos-jogos-olimpicos-prepara-medidas-contra-o-coronavirus\/#primaryimage\"},\"thumbnailUrl\":\"https:\/\/jornalfatosenoticias.com.br\/wp-content\/uploads\/2020\/02\/olympics-tokyo-emblems.jpg\",\"datePublished\":\"2020-02-27T12:26:46+00:00\",\"dateModified\":\"2020-02-27T12:26:51+00:00\",\"breadcrumb\":{\"@id\":\"https:\/\/jornalfatosenoticias.com.br\/index.php\/2020\/02\/27\/comite-dos-jogos-olimpicos-prepara-medidas-contra-o-coronavirus\/#breadcrumb\"},\"inLanguage\":\"pt-BR\",\"potentialAction\":[{\"@type\":\"ReadAction\",\"target\":[\"https:\/\/jornalfatosenoticias.com.br\/index.php\/2020\/02\/27\/comite-dos-jogos-olimpicos-prepara-medidas-contra-o-coronavirus\/\"]}]},{\"@type\":\"ImageObject\",\"inLanguage\":\"pt-BR\",\"@id\":\"https:\/\/jornalfatosenoticias.com.br\/index.php\/2020\/02\/27\/comite-dos-jogos-olimpicos-prepara-medidas-contra-o-coronavirus\/#primaryimage\",\"url\":\"https:\/\/jornalfatosenoticias.com.br\/wp-content\/uploads\/2020\/02\/olympics-tokyo-emblems.jpg\",\"contentUrl\":\"https:\/\/jornalfatosenoticias.com.br\/wp-content\/uploads\/2020\/02\/olympics-tokyo-emblems.jpg\",\"width\":980,\"height\":515},{\"@type\":\"BreadcrumbList\",\"@id\":\"https:\/\/jornalfatosenoticias.com.br\/index.php\/2020\/02\/27\/comite-dos-jogos-olimpicos-prepara-medidas-contra-o-coronavirus\/#breadcrumb\",\"itemListElement\":[{\"@type\":\"ListItem\",\"position\":1,\"name\":\"In\u00edcio\",\"item\":\"https:\/\/jornalfatosenoticias.com.br\/\"},{\"@type\":\"ListItem\",\"position\":2,\"name\":\"Comit\u00ea dos Jogos Ol\u00edmpicos prepara medidas contra o coronav\u00edrus\"}]},{\"@type\":\"WebSite\",\"@id\":\"https:\/\/jornalfatosenoticias.com.br\/#website\",\"url\":\"https:\/\/jornalfatosenoticias.com.br\/\",\"name\":\"Jornal Fatos e Not\u00edcias\",\"description\":\"Not\u00edcias em geral\",\"publisher\":{\"@id\":\"https:\/\/jornalfatosenoticias.com.br\/#organization\"},\"potentialAction\":[{\"@type\":\"SearchAction\",\"target\":{\"@type\":\"EntryPoint\",\"urlTemplate\":\"https:\/\/jornalfatosenoticias.com.br\/?s={search_term_string}\"},\"query-input\":{\"@type\":\"PropertyValueSpecification\",\"valueRequired\":true,\"valueName\":\"search_term_string\"}}],\"inLanguage\":\"pt-BR\"},{\"@type\":\"Organization\",\"@id\":\"https:\/\/jornalfatosenoticias.com.br\/#organization\",\"name\":\"Jornal Fatos e Not\u00edcias\",\"url\":\"https:\/\/jornalfatosenoticias.com.br\/\",\"logo\":{\"@type\":\"ImageObject\",\"inLanguage\":\"pt-BR\",\"@id\":\"https:\/\/jornalfatosenoticias.com.br\/#\/schema\/logo\/image\/\",\"url\":\"https:\/\/jornalfatosenoticias.com.br\/wp-content\/uploads\/2020\/02\/logo120.png\",\"contentUrl\":\"https:\/\/jornalfatosenoticias.com.br\/wp-content\/uploads\/2020\/02\/logo120.png\",\"width\":1227,\"height\":120,\"caption\":\"Jornal Fatos e Not\u00edcias\"},\"image\":{\"@id\":\"https:\/\/jornalfatosenoticias.com.br\/#\/schema\/logo\/image\/\"}},{\"@type\":\"Person\",\"@id\":\"https:\/\/jornalfatosenoticias.com.br\/#\/schema\/person\/d63837fa13ac8666eb9e74e0985d6f81\",\"name\":\"Luzimara Fernandes\",\"image\":{\"@type\":\"ImageObject\",\"inLanguage\":\"pt-BR\",\"@id\":\"https:\/\/jornalfatosenoticias.com.br\/#\/schema\/person\/image\/\",\"url\":\"https:\/\/jornalfatosenoticias.com.br\/wp-content\/uploads\/2025\/05\/EU_portal.jpg\",\"contentUrl\":\"https:\/\/jornalfatosenoticias.com.br\/wp-content\/uploads\/2025\/05\/EU_portal.jpg\",\"caption\":\"Luzimara Fernandes\"},\"description\":\"Jornalista MTB 2358-ES\",\"sameAs\":[\"https:\/\/jornalfatosenoticias.com.br\"],\"url\":\"https:\/\/jornalfatosenoticias.com.br\/index.php\/author\/luzimara\/\"}]}<\/script>\n<!-- \/ Yoast SEO plugin. -->","yoast_head_json":{"title":"Comit\u00ea dos Jogos Ol\u00edmpicos prepara medidas contra o coronav\u00edrus - Jornal Fatos e Not\u00edcias","robots":{"index":"index","follow":"follow","max-snippet":"max-snippet:-1","max-image-preview":"max-image-preview:large","max-video-preview":"max-video-preview:-1"},"canonical":"https:\/\/jornalfatosenoticias.com.br\/index.php\/2020\/02\/27\/comite-dos-jogos-olimpicos-prepara-medidas-contra-o-coronavirus\/","og_locale":"pt_BR","og_type":"article","og_title":"Comit\u00ea dos Jogos Ol\u00edmpicos prepara medidas contra o coronav\u00edrus - Jornal Fatos e Not\u00edcias","og_description":"O revezamento da tocha ol\u00edmpica est\u00e1 marcado para come\u00e7ar no dia 26 de mar\u00e7o. A expectativa \u00e9 de que o evento atraia grande n\u00famero de espectadores O comit\u00ea organizador dos Jogos Ol\u00edmpicos e Paral\u00edmpicos de T\u00f3quio informou que n\u00e3o deu in\u00edcio a nenhuma discuss\u00e3o a respeito de suspender ou adiar a realiza\u00e7\u00e3o dos eventos devido [&hellip;]","og_url":"https:\/\/jornalfatosenoticias.com.br\/index.php\/2020\/02\/27\/comite-dos-jogos-olimpicos-prepara-medidas-contra-o-coronavirus\/","og_site_name":"Jornal Fatos e Not\u00edcias","article_published_time":"2020-02-27T12:26:46+00:00","article_modified_time":"2020-02-27T12:26:51+00:00","og_image":[{"width":980,"height":515,"url":"https:\/\/jornalfatosenoticias.com.br\/wp-content\/uploads\/2020\/02\/olympics-tokyo-emblems.jpg","type":"image\/jpeg"}],"author":"Luzimara Fernandes","twitter_card":"summary_large_image","twitter_misc":{"Escrito por":"Luzimara Fernandes","Est. tempo de leitura":"1 minuto"},"schema":{"@context":"https:\/\/schema.org","@graph":[{"@type":"Article","@id":"https:\/\/jornalfatosenoticias.com.br\/index.php\/2020\/02\/27\/comite-dos-jogos-olimpicos-prepara-medidas-contra-o-coronavirus\/#article","isPartOf":{"@id":"https:\/\/jornalfatosenoticias.com.br\/index.php\/2020\/02\/27\/comite-dos-jogos-olimpicos-prepara-medidas-contra-o-coronavirus\/"},"author":{"name":"Luzimara Fernandes","@id":"https:\/\/jornalfatosenoticias.com.br\/#\/schema\/person\/d63837fa13ac8666eb9e74e0985d6f81"},"headline":"Comit\u00ea dos Jogos Ol\u00edmpicos prepara medidas contra o coronav\u00edrus","datePublished":"2020-02-27T12:26:46+00:00","dateModified":"2020-02-27T12:26:51+00:00","mainEntityOfPage":{"@id":"https:\/\/jornalfatosenoticias.com.br\/index.php\/2020\/02\/27\/comite-dos-jogos-olimpicos-prepara-medidas-contra-o-coronavirus\/"},"wordCount":304,"commentCount":0,"publisher":{"@id":"https:\/\/jornalfatosenoticias.com.br\/#organization"},"image":{"@id":"https:\/\/jornalfatosenoticias.com.br\/index.php\/2020\/02\/27\/comite-dos-jogos-olimpicos-prepara-medidas-contra-o-coronavirus\/#primaryimage"},"thumbnailUrl":"https:\/\/jornalfatosenoticias.com.br\/wp-content\/uploads\/2020\/02\/olympics-tokyo-emblems.jpg","keywords":["comit\u00ea","eventos","jogos ol\u00edmpicos","t\u00f3quio"],"articleSection":["Esportes"],"inLanguage":"pt-BR","potentialAction":[{"@type":"CommentAction","name":"Comment","target":["https:\/\/jornalfatosenoticias.com.br\/index.php\/2020\/02\/27\/comite-dos-jogos-olimpicos-prepara-medidas-contra-o-coronavirus\/#respond"]}]},{"@type":"WebPage","@id":"https:\/\/jornalfatosenoticias.com.br\/index.php\/2020\/02\/27\/comite-dos-jogos-olimpicos-prepara-medidas-contra-o-coronavirus\/","url":"https:\/\/jornalfatosenoticias.com.br\/index.php\/2020\/02\/27\/comite-dos-jogos-olimpicos-prepara-medidas-contra-o-coronavirus\/","name":"Comit\u00ea dos Jogos Ol\u00edmpicos prepara medidas contra o coronav\u00edrus - Jornal Fatos e Not\u00edcias","isPartOf":{"@id":"https:\/\/jornalfatosenoticias.com.br\/#website"},"primaryImageOfPage":{"@id":"https:\/\/jornalfatosenoticias.com.br\/index.php\/2020\/02\/27\/comite-dos-jogos-olimpicos-prepara-medidas-contra-o-coronavirus\/#primaryimage"},"image":{"@id":"https:\/\/jornalfatosenoticias.com.br\/index.php\/2020\/02\/27\/comite-dos-jogos-olimpicos-prepara-medidas-contra-o-coronavirus\/#primaryimage"},"thumbnailUrl":"https:\/\/jornalfatosenoticias.com.br\/wp-content\/uploads\/2020\/02\/olympics-tokyo-emblems.jpg","datePublished":"2020-02-27T12:26:46+00:00","dateModified":"2020-02-27T12:26:51+00:00","breadcrumb":{"@id":"https:\/\/jornalfatosenoticias.com.br\/index.php\/2020\/02\/27\/comite-dos-jogos-olimpicos-prepara-medidas-contra-o-coronavirus\/#breadcrumb"},"inLanguage":"pt-BR","potentialAction":[{"@type":"ReadAction","target":["https:\/\/jornalfatosenoticias.com.br\/index.php\/2020\/02\/27\/comite-dos-jogos-olimpicos-prepara-medidas-contra-o-coronavirus\/"]}]},{"@type":"ImageObject","inLanguage":"pt-BR","@id":"https:\/\/jornalfatosenoticias.com.br\/index.php\/2020\/02\/27\/comite-dos-jogos-olimpicos-prepara-medidas-contra-o-coronavirus\/#primaryimage","url":"https:\/\/jornalfatosenoticias.com.br\/wp-content\/uploads\/2020\/02\/olympics-tokyo-emblems.jpg","contentUrl":"https:\/\/jornalfatosenoticias.com.br\/wp-content\/uploads\/2020\/02\/olympics-tokyo-emblems.jpg","width":980,"height":515},{"@type":"BreadcrumbList","@id":"https:\/\/jornalfatosenoticias.com.br\/index.php\/2020\/02\/27\/comite-dos-jogos-olimpicos-prepara-medidas-contra-o-coronavirus\/#breadcrumb","itemListElement":[{"@type":"ListItem","position":1,"name":"In\u00edcio","item":"https:\/\/jornalfatosenoticias.com.br\/"},{"@type":"ListItem","position":2,"name":"Comit\u00ea dos Jogos Ol\u00edmpicos prepara medidas contra o coronav\u00edrus"}]},{"@type":"WebSite","@id":"https:\/\/jornalfatosenoticias.com.br\/#website","url":"https:\/\/jornalfatosenoticias.com.br\/","name":"Jornal Fatos e Not\u00edcias","description":"Not\u00edcias em geral","publisher":{"@id":"https:\/\/jornalfatosenoticias.com.br\/#organization"},"potentialAction":[{"@type":"SearchAction","target":{"@type":"EntryPoint","urlTemplate":"https:\/\/jornalfatosenoticias.com.br\/?s={search_term_string}"},"query-input":{"@type":"PropertyValueSpecification","valueRequired":true,"valueName":"search_term_string"}}],"inLanguage":"pt-BR"},{"@type":"Organization","@id":"https:\/\/jornalfatosenoticias.com.br\/#organization","name":"Jornal Fatos e Not\u00edcias","url":"https:\/\/jornalfatosenoticias.com.br\/","logo":{"@type":"ImageObject","inLanguage":"pt-BR","@id":"https:\/\/jornalfatosenoticias.com.br\/#\/schema\/logo\/image\/","url":"https:\/\/jornalfatosenoticias.com.br\/wp-content\/uploads\/2020\/02\/logo120.png","contentUrl":"https:\/\/jornalfatosenoticias.com.br\/wp-content\/uploads\/2020\/02\/logo120.png","width":1227,"height":120,"caption":"Jornal Fatos e Not\u00edcias"},"image":{"@id":"https:\/\/jornalfatosenoticias.com.br\/#\/schema\/logo\/image\/"}},{"@type":"Person","@id":"https:\/\/jornalfatosenoticias.com.br\/#\/schema\/person\/d63837fa13ac8666eb9e74e0985d6f81","name":"Luzimara Fernandes","image":{"@type":"ImageObject","inLanguage":"pt-BR","@id":"https:\/\/jornalfatosenoticias.com.br\/#\/schema\/person\/image\/","url":"https:\/\/jornalfatosenoticias.com.br\/wp-content\/uploads\/2025\/05\/EU_portal.jpg","contentUrl":"https:\/\/jornalfatosenoticias.com.br\/wp-content\/uploads\/2025\/05\/EU_portal.jpg","caption":"Luzimara Fernandes"},"description":"Jornalista MTB 2358-ES","sameAs":["https:\/\/jornalfatosenoticias.com.br"],"url":"https:\/\/jornalfatosenoticias.com.br\/index.php\/author\/luzimara\/"}]}},"cc_featured_image_caption":{"caption_text":"A suspens\u00e3o ou o adiamento dos eventos n\u00e3o \u00e9 discutida (Foto: \u00a9Ag\u00eancia Reuters)","source_text":"","source_url":""},"jetpack_featured_media_url":"https:\/\/jornalfatosenoticias.com.br\/wp-content\/uploads\/2020\/02\/olympics-tokyo-emblems.jpg","_links":{"self":[{"href":"https:\/\/jornalfatosenoticias.com.br\/index.php\/wp-json\/wp\/v2\/posts\/1466","targetHints":{"allow":["GET"]}}],"collection":[{"href":"https:\/\/jornalfatosenoticias.com.br\/index.php\/wp-json\/wp\/v2\/posts"}],"about":[{"href":"https:\/\/jornalfatosenoticias.com.br\/index.php\/wp-json\/wp\/v2\/types\/post"}],"author":[{"embeddable":true,"href":"https:\/\/jornalfatosenoticias.com.br\/index.php\/wp-json\/wp\/v2\/users\/2"}],"replies":[{"embeddable":true,"href":"https:\/\/jornalfatosenoticias.com.br\/index.php\/wp-json\/wp\/v2\/comments?post=1466"}],"version-history":[{"count":0,"href":"https:\/\/jornalfatosenoticias.com.br\/index.php\/wp-json\/wp\/v2\/posts\/1466\/revisions"}],"wp:featuredmedia":[{"embeddable":true,"href":"https:\/\/jornalfatosenoticias.com.br\/index.php\/wp-json\/wp\/v2\/media\/1467"}],"wp:attachment":[{"href":"https:\/\/jornalfatosenoticias.com.br\/index.php\/wp-json\/wp\/v2\/media?parent=1466"}],"wp:term":[{"taxonomy":"category","embeddable":true,"href":"https:\/\/jornalfatosenoticias.com.br\/index.php\/wp-json\/wp\/v2\/categories?post=1466"},{"taxonomy":"post_tag","embeddable":true,"href":"https:\/\/jornalfatosenoticias.com.br\/index.php\/wp-json\/wp\/v2\/tags?post=1466"}],"curies":[{"name":"wp","href":"https:\/\/api.w.org\/{rel}","templated":true}]}}