{"id":14685,"date":"2021-02-12T18:42:44","date_gmt":"2021-02-12T21:42:44","guid":{"rendered":"https:\/\/jornalfatosenoticias.com.br\/?p=14685"},"modified":"2021-02-12T18:42:50","modified_gmt":"2021-02-12T21:42:50","slug":"partes-do-cerebro-envelhecem-de-forma-diferente","status":"publish","type":"post","link":"https:\/\/jornalfatosenoticias.com.br\/index.php\/2021\/02\/12\/partes-do-cerebro-envelhecem-de-forma-diferente\/","title":{"rendered":"Partes do c\u00e9rebro envelhecem de forma diferente"},"content":{"rendered":"\n<h6 class=\"wp-block-heading\"><em>Descoberta dever\u00e1 ajudar no diagn\u00f3stico precoce de doen\u00e7as como Alzheimer<\/em><\/h6>\n\n\n\n<p>Partes do <strong><a href=\"https:\/\/www.revistaplaneta.com.br\/cerebro-teria-evoluido-a-partir-de-ancestrais-semelhantes-a-peixes\/\">c\u00e9rebro<\/a><\/strong>\u00a0entram em decl\u00ednio mais rapidamente a partir dos 30 anos, descobriu um grupo de pesquisadores liderados pela Universidade de Oslo (Noruega). Essas altera\u00e7\u00f5es cerebrais s\u00e3o aceleradas em pessoas com\u00a0<strong><a href=\"https:\/\/www.revistaplaneta.com.br\/a-maneira-como-voce-escreve-pode-revelar-indicios-de-alzheimer-diz-estudo\/\">doen\u00e7a de Alzheimer<\/a><\/strong>.<br>As descobertas lan\u00e7am uma nova luz sobre nossa compreens\u00e3o de como o c\u00e9rebro envelhece e demonstram uma poss\u00edvel liga\u00e7\u00e3o entre o envelhecimento saud\u00e1vel e a doen\u00e7a de Alzheimer. O estudo foi apresentado em artigo <strong><a href=\"https:\/\/www.nature.com\/articles\/s41467-021-21057-y\">publicado<\/a><\/strong> na revista \u201cNature Communications\u201d.<br>Os pesquisadores estavam especificamente interessados no <strong><a href=\"https:\/\/www.revistaplaneta.com.br\/cerebro-e-ativado-da-mesma-maneira-quando-estamos-lendo-ou-ouvindo-diz-pesquisa\/\">c\u00f3rtex cerebral<\/a><\/strong>\u00a0porque o afinamento nessa parte do c\u00e9rebro foi associado ao decl\u00ednio cognitivo e \u00e0 doen\u00e7a de Alzheimer. \u00c9 a camada mais externa do c\u00e9rebro \u2013 uma fina l\u00e2mina de \u201cmassa cinzenta\u201d \u2013, essencial para o funcionamento cognitivo de ordem superior, como a\u00a0<strong><a href=\"https:\/\/www.revistaplaneta.com.br\/memorias-criam-impressoes-digitais-que-revelam-organizacao-do-cerebro\/\">mem\u00f3ria<\/a><\/strong>.<\/p>\n\n\n\n<h4 class=\"wp-block-heading\">Propor\u00e7\u00f5es diferentes<\/h4>\n\n\n\n<p>Os lados esquerdo e direito do c\u00f3rtex n\u00e3o s\u00e3o igualmente espessos em c\u00e9rebros mais jovens \u2014 um fen\u00f4meno denominado \u201cassimetria cortical\u201d. A assimetria \u00e9 aparentemente algo bom, pois permite que o c\u00e9rebro funcione de forma otimizada, j\u00e1 que o c\u00e9rebro esquerdo e o direito s\u00e3o especializados para fazer trabalhos ligeiramente diferentes.<br>\u00c0 medida que envelhecemos, o c\u00f3rtex encolhe e gradualmente causa decl\u00ednio cognitivo, que \u00e9 uma parte normal do <strong><a href=\"https:\/\/www.revistaplaneta.com.br\/o-que-voce-quer-ser-quando-envelhecer\/\">envelhecimento<\/a><\/strong>. At\u00e9 agora, os cientistas pensavam que os lados esquerdo e direito do c\u00f3rtex afinam na mesma propor\u00e7\u00e3o. O novo estudo mostra, por\u00e9m, que o lado do c\u00e9rebro que era mais espesso aos 20 anos se deteriorava mais rapidamente.<\/p>\n\n\n\n<h4 class=\"wp-block-heading\">Liga\u00e7\u00e3o com doen\u00e7a de Alzheimer<\/h4>\n\n\n\n<p>A equipe, que faz parte do cons\u00f3rcio internacional de pesquisadores do c\u00e9rebro Lifebrain, mediu a espessura de todas as \u00e1reas do c\u00f3rtex usando varreduras cerebrais de mais de 2.600 pessoas saud\u00e1veis na Europa e nos EUA, e em uma amostra australiana com dem\u00eancia.<br>Os pesquisadores descobriram que a assimetria cortical \u00e9 perdida \u00e0 medida que envelhecemos, provando que os dois lados do c\u00e9rebro se deterioram em taxas diferentes. Nas mesmas regi\u00f5es cerebrais do envelhecimento normal, eles descobriram que o lado esquerdo do c\u00e9rebro encolhe mais rapidamente na doen\u00e7a de Alzheimer.<br>\u201c\u00c9 muito cedo para concluir, mas a assimetria cortical pode ser usada como um marcador para detectar mudan\u00e7as cerebrais precoces na doen\u00e7a de Alzheimer, que ocorrem antes que os sintomas cognitivos comecem a aparecer\u201d, disse o principal autor do estudo, James Roe, da Universidade de Oslo.<\/p>\n\n\n\n<h4 class=\"wp-block-heading\">In\u00edcio precoce<\/h4>\n\n\n\n<p>A perda de assimetria surgiu em uma idade semelhante na maioria das pessoas (por volta dos 30 anos) e continuou ao longo da vida adulta, com decl\u00ednio acelerado por volta dos 60 anos. \u201cA perda de assimetria cortical est\u00e1 acontecendo gradualmente ao longo da vida. Vimos isso com not\u00e1vel consist\u00eancia em todas as amostras\u201d, diz Roe.<br>\u201cA implica\u00e7\u00e3o \u00e9 que pelo menos algumas altera\u00e7\u00f5es cerebrais associadas \u00e0 doen\u00e7a de Alzheimer podem ocorrer durante longos per\u00edodos da vida, possivelmente na ordem de d\u00e9cadas, e podem mostrar alta sobreposi\u00e7\u00e3o com aquelas que ocorrem gradualmente no envelhecimento normal\u201d, disse Roe.<\/p>\n\n\n\n<h4 class=\"wp-block-heading\">Colabora\u00e7\u00e3o internacional<\/h4>\n\n\n\n<p>Os pesquisadores, baseados no Centro para Mudan\u00e7as de Vida no C\u00e9rebro e Cogni\u00e7\u00e3o (LCBC) da Universidade de Oslo, usaram uma abordagem \u201clongitudinal\u201d, o que significa que eles puderam analisar imagens do c\u00e9rebro de pessoas em v\u00e1rios momentos ao longo de suas vidas. O estudo faz parte do projeto Lifebrain, financiado pela Uni\u00e3o Europeia, uma colabora\u00e7\u00e3o entre muitos dos maiores conjuntos de dados de envelhecimento longitudinal do mundo.<br>James Roe diz que \u00e9 isso que d\u00e1 ao estudo tal for\u00e7a: \u201cOs dados que temos gra\u00e7as ao Lifebrain s\u00e3o um tesouro. Conseguimos medir a espessura de cada regi\u00e3o do c\u00f3rtex em mais de 2.600 pessoas saud\u00e1veis participantes de cinco pa\u00edses, at\u00e9 seis vezes na mesma pessoa ao longo do tempo. Muitos outros conjuntos de dados do c\u00e9rebro t\u00eam apenas uma varredura do c\u00e9rebro por pessoa. Portanto, eles n\u00e3o podem ver as mudan\u00e7as ocorrendo na mesma pessoa ao longo da vida. Fazer varreduras de acompanhamento das mesmas pessoas foi absolutamente fundamental para o nosso estudo\u201d.<\/p>\n\n\n\n<p><strong><em>Fonte: <a href=\"https:\/\/www.revistaplaneta.com.br\/partes-do-cerebro-envelhecem-de-forma-diferente\/#:~:text=Os%20pesquisadores%20descobriram%20que%20a,rapidamente%20na%20doen%C3%A7a%20de%20Alzheimer.\">Revista Planeta<\/a><\/em><\/strong><\/p>\n","protected":false},"excerpt":{"rendered":"<p>Descoberta dever\u00e1 ajudar no diagn\u00f3stico precoce de doen\u00e7as como Alzheimer Partes do c\u00e9rebro\u00a0entram em decl\u00ednio mais rapidamente a partir dos 30 anos, descobriu um grupo de pesquisadores liderados pela Universidade de Oslo (Noruega). Essas altera\u00e7\u00f5es cerebrais s\u00e3o aceleradas em pessoas com\u00a0doen\u00e7a de Alzheimer.As descobertas lan\u00e7am uma nova luz sobre nossa compreens\u00e3o de como o c\u00e9rebro [&hellip;]<\/p>\n","protected":false},"author":2,"featured_media":14686,"comment_status":"open","ping_status":"open","sticky":false,"template":"","format":"standard","meta":{"footnotes":""},"categories":[2,11],"tags":[2501,7489,2336,7490,2586,3247],"class_list":["post-14685","post","type-post","status-publish","format-standard","has-post-thumbnail","hentry","category-ciencia","category-saude","tag-alzheimer","tag-assimetria-cortical","tag-cerebro","tag-cortex","tag-envelhecimento","tag-memoria"],"yoast_head":"<!-- This site is optimized with the Yoast SEO plugin v26.5 - https:\/\/yoast.com\/wordpress\/plugins\/seo\/ -->\n<title>Partes do c\u00e9rebro envelhecem de forma diferente - Jornal Fatos e Not\u00edcias<\/title>\n<meta name=\"robots\" content=\"index, follow, max-snippet:-1, max-image-preview:large, max-video-preview:-1\" \/>\n<link rel=\"canonical\" href=\"https:\/\/jornalfatosenoticias.com.br\/index.php\/2021\/02\/12\/partes-do-cerebro-envelhecem-de-forma-diferente\/\" \/>\n<meta property=\"og:locale\" content=\"pt_BR\" \/>\n<meta property=\"og:type\" content=\"article\" \/>\n<meta property=\"og:title\" content=\"Partes do c\u00e9rebro envelhecem de forma diferente - Jornal Fatos e Not\u00edcias\" \/>\n<meta property=\"og:description\" content=\"Descoberta dever\u00e1 ajudar no diagn\u00f3stico precoce de doen\u00e7as como Alzheimer Partes do c\u00e9rebro\u00a0entram em decl\u00ednio mais rapidamente a partir dos 30 anos, descobriu um grupo de pesquisadores liderados pela Universidade de Oslo (Noruega). Essas altera\u00e7\u00f5es cerebrais s\u00e3o aceleradas em pessoas com\u00a0doen\u00e7a de Alzheimer.As descobertas lan\u00e7am uma nova luz sobre nossa compreens\u00e3o de como o c\u00e9rebro [&hellip;]\" \/>\n<meta property=\"og:url\" content=\"https:\/\/jornalfatosenoticias.com.br\/index.php\/2021\/02\/12\/partes-do-cerebro-envelhecem-de-forma-diferente\/\" \/>\n<meta property=\"og:site_name\" content=\"Jornal Fatos e Not\u00edcias\" \/>\n<meta property=\"article:published_time\" content=\"2021-02-12T21:42:44+00:00\" \/>\n<meta property=\"article:modified_time\" content=\"2021-02-12T21:42:50+00:00\" \/>\n<meta property=\"og:image\" content=\"https:\/\/jornalfatosenoticias.com.br\/wp-content\/uploads\/2021\/02\/cerebro-unsplash.jpg\" \/>\n\t<meta property=\"og:image:width\" content=\"1000\" \/>\n\t<meta property=\"og:image:height\" content=\"562\" \/>\n\t<meta property=\"og:image:type\" content=\"image\/jpeg\" \/>\n<meta name=\"author\" content=\"Luzimara Fernandes\" \/>\n<meta name=\"twitter:card\" content=\"summary_large_image\" \/>\n<meta name=\"twitter:label1\" content=\"Escrito por\" \/>\n\t<meta name=\"twitter:data1\" content=\"Luzimara Fernandes\" \/>\n\t<meta name=\"twitter:label2\" content=\"Est. tempo de leitura\" \/>\n\t<meta name=\"twitter:data2\" content=\"4 minutos\" \/>\n<script type=\"application\/ld+json\" class=\"yoast-schema-graph\">{\"@context\":\"https:\/\/schema.org\",\"@graph\":[{\"@type\":\"Article\",\"@id\":\"https:\/\/jornalfatosenoticias.com.br\/index.php\/2021\/02\/12\/partes-do-cerebro-envelhecem-de-forma-diferente\/#article\",\"isPartOf\":{\"@id\":\"https:\/\/jornalfatosenoticias.com.br\/index.php\/2021\/02\/12\/partes-do-cerebro-envelhecem-de-forma-diferente\/\"},\"author\":{\"name\":\"Luzimara Fernandes\",\"@id\":\"https:\/\/jornalfatosenoticias.com.br\/#\/schema\/person\/d63837fa13ac8666eb9e74e0985d6f81\"},\"headline\":\"Partes do c\u00e9rebro envelhecem de forma diferente\",\"datePublished\":\"2021-02-12T21:42:44+00:00\",\"dateModified\":\"2021-02-12T21:42:50+00:00\",\"mainEntityOfPage\":{\"@id\":\"https:\/\/jornalfatosenoticias.com.br\/index.php\/2021\/02\/12\/partes-do-cerebro-envelhecem-de-forma-diferente\/\"},\"wordCount\":719,\"commentCount\":0,\"publisher\":{\"@id\":\"https:\/\/jornalfatosenoticias.com.br\/#organization\"},\"image\":{\"@id\":\"https:\/\/jornalfatosenoticias.com.br\/index.php\/2021\/02\/12\/partes-do-cerebro-envelhecem-de-forma-diferente\/#primaryimage\"},\"thumbnailUrl\":\"https:\/\/jornalfatosenoticias.com.br\/wp-content\/uploads\/2021\/02\/cerebro-unsplash.jpg\",\"keywords\":[\"Alzheimer\",\"assimetria cortical\",\"c\u00e9rebro\",\"c\u00f3rtex\",\"envelhecimento\",\"mem\u00f3ria\"],\"articleSection\":[\"Ci\u00eancia\",\"Sa\u00fade\"],\"inLanguage\":\"pt-BR\",\"potentialAction\":[{\"@type\":\"CommentAction\",\"name\":\"Comment\",\"target\":[\"https:\/\/jornalfatosenoticias.com.br\/index.php\/2021\/02\/12\/partes-do-cerebro-envelhecem-de-forma-diferente\/#respond\"]}]},{\"@type\":\"WebPage\",\"@id\":\"https:\/\/jornalfatosenoticias.com.br\/index.php\/2021\/02\/12\/partes-do-cerebro-envelhecem-de-forma-diferente\/\",\"url\":\"https:\/\/jornalfatosenoticias.com.br\/index.php\/2021\/02\/12\/partes-do-cerebro-envelhecem-de-forma-diferente\/\",\"name\":\"Partes do c\u00e9rebro envelhecem de forma diferente - Jornal Fatos e Not\u00edcias\",\"isPartOf\":{\"@id\":\"https:\/\/jornalfatosenoticias.com.br\/#website\"},\"primaryImageOfPage\":{\"@id\":\"https:\/\/jornalfatosenoticias.com.br\/index.php\/2021\/02\/12\/partes-do-cerebro-envelhecem-de-forma-diferente\/#primaryimage\"},\"image\":{\"@id\":\"https:\/\/jornalfatosenoticias.com.br\/index.php\/2021\/02\/12\/partes-do-cerebro-envelhecem-de-forma-diferente\/#primaryimage\"},\"thumbnailUrl\":\"https:\/\/jornalfatosenoticias.com.br\/wp-content\/uploads\/2021\/02\/cerebro-unsplash.jpg\",\"datePublished\":\"2021-02-12T21:42:44+00:00\",\"dateModified\":\"2021-02-12T21:42:50+00:00\",\"breadcrumb\":{\"@id\":\"https:\/\/jornalfatosenoticias.com.br\/index.php\/2021\/02\/12\/partes-do-cerebro-envelhecem-de-forma-diferente\/#breadcrumb\"},\"inLanguage\":\"pt-BR\",\"potentialAction\":[{\"@type\":\"ReadAction\",\"target\":[\"https:\/\/jornalfatosenoticias.com.br\/index.php\/2021\/02\/12\/partes-do-cerebro-envelhecem-de-forma-diferente\/\"]}]},{\"@type\":\"ImageObject\",\"inLanguage\":\"pt-BR\",\"@id\":\"https:\/\/jornalfatosenoticias.com.br\/index.php\/2021\/02\/12\/partes-do-cerebro-envelhecem-de-forma-diferente\/#primaryimage\",\"url\":\"https:\/\/jornalfatosenoticias.com.br\/wp-content\/uploads\/2021\/02\/cerebro-unsplash.jpg\",\"contentUrl\":\"https:\/\/jornalfatosenoticias.com.br\/wp-content\/uploads\/2021\/02\/cerebro-unsplash.jpg\",\"width\":1000,\"height\":562},{\"@type\":\"BreadcrumbList\",\"@id\":\"https:\/\/jornalfatosenoticias.com.br\/index.php\/2021\/02\/12\/partes-do-cerebro-envelhecem-de-forma-diferente\/#breadcrumb\",\"itemListElement\":[{\"@type\":\"ListItem\",\"position\":1,\"name\":\"In\u00edcio\",\"item\":\"https:\/\/jornalfatosenoticias.com.br\/\"},{\"@type\":\"ListItem\",\"position\":2,\"name\":\"Partes do c\u00e9rebro envelhecem de forma diferente\"}]},{\"@type\":\"WebSite\",\"@id\":\"https:\/\/jornalfatosenoticias.com.br\/#website\",\"url\":\"https:\/\/jornalfatosenoticias.com.br\/\",\"name\":\"Jornal Fatos e Not\u00edcias\",\"description\":\"Not\u00edcias em geral\",\"publisher\":{\"@id\":\"https:\/\/jornalfatosenoticias.com.br\/#organization\"},\"potentialAction\":[{\"@type\":\"SearchAction\",\"target\":{\"@type\":\"EntryPoint\",\"urlTemplate\":\"https:\/\/jornalfatosenoticias.com.br\/?s={search_term_string}\"},\"query-input\":{\"@type\":\"PropertyValueSpecification\",\"valueRequired\":true,\"valueName\":\"search_term_string\"}}],\"inLanguage\":\"pt-BR\"},{\"@type\":\"Organization\",\"@id\":\"https:\/\/jornalfatosenoticias.com.br\/#organization\",\"name\":\"Jornal Fatos e Not\u00edcias\",\"url\":\"https:\/\/jornalfatosenoticias.com.br\/\",\"logo\":{\"@type\":\"ImageObject\",\"inLanguage\":\"pt-BR\",\"@id\":\"https:\/\/jornalfatosenoticias.com.br\/#\/schema\/logo\/image\/\",\"url\":\"https:\/\/jornalfatosenoticias.com.br\/wp-content\/uploads\/2020\/02\/logo120.png\",\"contentUrl\":\"https:\/\/jornalfatosenoticias.com.br\/wp-content\/uploads\/2020\/02\/logo120.png\",\"width\":1227,\"height\":120,\"caption\":\"Jornal Fatos e Not\u00edcias\"},\"image\":{\"@id\":\"https:\/\/jornalfatosenoticias.com.br\/#\/schema\/logo\/image\/\"}},{\"@type\":\"Person\",\"@id\":\"https:\/\/jornalfatosenoticias.com.br\/#\/schema\/person\/d63837fa13ac8666eb9e74e0985d6f81\",\"name\":\"Luzimara Fernandes\",\"image\":{\"@type\":\"ImageObject\",\"inLanguage\":\"pt-BR\",\"@id\":\"https:\/\/jornalfatosenoticias.com.br\/#\/schema\/person\/image\/\",\"url\":\"https:\/\/jornalfatosenoticias.com.br\/wp-content\/uploads\/2025\/05\/EU_portal.jpg\",\"contentUrl\":\"https:\/\/jornalfatosenoticias.com.br\/wp-content\/uploads\/2025\/05\/EU_portal.jpg\",\"caption\":\"Luzimara Fernandes\"},\"description\":\"Jornalista MTB 2358-ES\",\"sameAs\":[\"https:\/\/jornalfatosenoticias.com.br\"],\"url\":\"https:\/\/jornalfatosenoticias.com.br\/index.php\/author\/luzimara\/\"}]}<\/script>\n<!-- \/ Yoast SEO plugin. -->","yoast_head_json":{"title":"Partes do c\u00e9rebro envelhecem de forma diferente - Jornal Fatos e Not\u00edcias","robots":{"index":"index","follow":"follow","max-snippet":"max-snippet:-1","max-image-preview":"max-image-preview:large","max-video-preview":"max-video-preview:-1"},"canonical":"https:\/\/jornalfatosenoticias.com.br\/index.php\/2021\/02\/12\/partes-do-cerebro-envelhecem-de-forma-diferente\/","og_locale":"pt_BR","og_type":"article","og_title":"Partes do c\u00e9rebro envelhecem de forma diferente - Jornal Fatos e Not\u00edcias","og_description":"Descoberta dever\u00e1 ajudar no diagn\u00f3stico precoce de doen\u00e7as como Alzheimer Partes do c\u00e9rebro\u00a0entram em decl\u00ednio mais rapidamente a partir dos 30 anos, descobriu um grupo de pesquisadores liderados pela Universidade de Oslo (Noruega). Essas altera\u00e7\u00f5es cerebrais s\u00e3o aceleradas em pessoas com\u00a0doen\u00e7a de Alzheimer.As descobertas lan\u00e7am uma nova luz sobre nossa compreens\u00e3o de como o c\u00e9rebro [&hellip;]","og_url":"https:\/\/jornalfatosenoticias.com.br\/index.php\/2021\/02\/12\/partes-do-cerebro-envelhecem-de-forma-diferente\/","og_site_name":"Jornal Fatos e Not\u00edcias","article_published_time":"2021-02-12T21:42:44+00:00","article_modified_time":"2021-02-12T21:42:50+00:00","og_image":[{"width":1000,"height":562,"url":"https:\/\/jornalfatosenoticias.com.br\/wp-content\/uploads\/2021\/02\/cerebro-unsplash.jpg","type":"image\/jpeg"}],"author":"Luzimara Fernandes","twitter_card":"summary_large_image","twitter_misc":{"Escrito por":"Luzimara Fernandes","Est. tempo de leitura":"4 minutos"},"schema":{"@context":"https:\/\/schema.org","@graph":[{"@type":"Article","@id":"https:\/\/jornalfatosenoticias.com.br\/index.php\/2021\/02\/12\/partes-do-cerebro-envelhecem-de-forma-diferente\/#article","isPartOf":{"@id":"https:\/\/jornalfatosenoticias.com.br\/index.php\/2021\/02\/12\/partes-do-cerebro-envelhecem-de-forma-diferente\/"},"author":{"name":"Luzimara Fernandes","@id":"https:\/\/jornalfatosenoticias.com.br\/#\/schema\/person\/d63837fa13ac8666eb9e74e0985d6f81"},"headline":"Partes do c\u00e9rebro envelhecem de forma diferente","datePublished":"2021-02-12T21:42:44+00:00","dateModified":"2021-02-12T21:42:50+00:00","mainEntityOfPage":{"@id":"https:\/\/jornalfatosenoticias.com.br\/index.php\/2021\/02\/12\/partes-do-cerebro-envelhecem-de-forma-diferente\/"},"wordCount":719,"commentCount":0,"publisher":{"@id":"https:\/\/jornalfatosenoticias.com.br\/#organization"},"image":{"@id":"https:\/\/jornalfatosenoticias.com.br\/index.php\/2021\/02\/12\/partes-do-cerebro-envelhecem-de-forma-diferente\/#primaryimage"},"thumbnailUrl":"https:\/\/jornalfatosenoticias.com.br\/wp-content\/uploads\/2021\/02\/cerebro-unsplash.jpg","keywords":["Alzheimer","assimetria cortical","c\u00e9rebro","c\u00f3rtex","envelhecimento","mem\u00f3ria"],"articleSection":["Ci\u00eancia","Sa\u00fade"],"inLanguage":"pt-BR","potentialAction":[{"@type":"CommentAction","name":"Comment","target":["https:\/\/jornalfatosenoticias.com.br\/index.php\/2021\/02\/12\/partes-do-cerebro-envelhecem-de-forma-diferente\/#respond"]}]},{"@type":"WebPage","@id":"https:\/\/jornalfatosenoticias.com.br\/index.php\/2021\/02\/12\/partes-do-cerebro-envelhecem-de-forma-diferente\/","url":"https:\/\/jornalfatosenoticias.com.br\/index.php\/2021\/02\/12\/partes-do-cerebro-envelhecem-de-forma-diferente\/","name":"Partes do c\u00e9rebro envelhecem de forma diferente - Jornal Fatos e Not\u00edcias","isPartOf":{"@id":"https:\/\/jornalfatosenoticias.com.br\/#website"},"primaryImageOfPage":{"@id":"https:\/\/jornalfatosenoticias.com.br\/index.php\/2021\/02\/12\/partes-do-cerebro-envelhecem-de-forma-diferente\/#primaryimage"},"image":{"@id":"https:\/\/jornalfatosenoticias.com.br\/index.php\/2021\/02\/12\/partes-do-cerebro-envelhecem-de-forma-diferente\/#primaryimage"},"thumbnailUrl":"https:\/\/jornalfatosenoticias.com.br\/wp-content\/uploads\/2021\/02\/cerebro-unsplash.jpg","datePublished":"2021-02-12T21:42:44+00:00","dateModified":"2021-02-12T21:42:50+00:00","breadcrumb":{"@id":"https:\/\/jornalfatosenoticias.com.br\/index.php\/2021\/02\/12\/partes-do-cerebro-envelhecem-de-forma-diferente\/#breadcrumb"},"inLanguage":"pt-BR","potentialAction":[{"@type":"ReadAction","target":["https:\/\/jornalfatosenoticias.com.br\/index.php\/2021\/02\/12\/partes-do-cerebro-envelhecem-de-forma-diferente\/"]}]},{"@type":"ImageObject","inLanguage":"pt-BR","@id":"https:\/\/jornalfatosenoticias.com.br\/index.php\/2021\/02\/12\/partes-do-cerebro-envelhecem-de-forma-diferente\/#primaryimage","url":"https:\/\/jornalfatosenoticias.com.br\/wp-content\/uploads\/2021\/02\/cerebro-unsplash.jpg","contentUrl":"https:\/\/jornalfatosenoticias.com.br\/wp-content\/uploads\/2021\/02\/cerebro-unsplash.jpg","width":1000,"height":562},{"@type":"BreadcrumbList","@id":"https:\/\/jornalfatosenoticias.com.br\/index.php\/2021\/02\/12\/partes-do-cerebro-envelhecem-de-forma-diferente\/#breadcrumb","itemListElement":[{"@type":"ListItem","position":1,"name":"In\u00edcio","item":"https:\/\/jornalfatosenoticias.com.br\/"},{"@type":"ListItem","position":2,"name":"Partes do c\u00e9rebro envelhecem de forma diferente"}]},{"@type":"WebSite","@id":"https:\/\/jornalfatosenoticias.com.br\/#website","url":"https:\/\/jornalfatosenoticias.com.br\/","name":"Jornal Fatos e Not\u00edcias","description":"Not\u00edcias em geral","publisher":{"@id":"https:\/\/jornalfatosenoticias.com.br\/#organization"},"potentialAction":[{"@type":"SearchAction","target":{"@type":"EntryPoint","urlTemplate":"https:\/\/jornalfatosenoticias.com.br\/?s={search_term_string}"},"query-input":{"@type":"PropertyValueSpecification","valueRequired":true,"valueName":"search_term_string"}}],"inLanguage":"pt-BR"},{"@type":"Organization","@id":"https:\/\/jornalfatosenoticias.com.br\/#organization","name":"Jornal Fatos e Not\u00edcias","url":"https:\/\/jornalfatosenoticias.com.br\/","logo":{"@type":"ImageObject","inLanguage":"pt-BR","@id":"https:\/\/jornalfatosenoticias.com.br\/#\/schema\/logo\/image\/","url":"https:\/\/jornalfatosenoticias.com.br\/wp-content\/uploads\/2020\/02\/logo120.png","contentUrl":"https:\/\/jornalfatosenoticias.com.br\/wp-content\/uploads\/2020\/02\/logo120.png","width":1227,"height":120,"caption":"Jornal Fatos e Not\u00edcias"},"image":{"@id":"https:\/\/jornalfatosenoticias.com.br\/#\/schema\/logo\/image\/"}},{"@type":"Person","@id":"https:\/\/jornalfatosenoticias.com.br\/#\/schema\/person\/d63837fa13ac8666eb9e74e0985d6f81","name":"Luzimara Fernandes","image":{"@type":"ImageObject","inLanguage":"pt-BR","@id":"https:\/\/jornalfatosenoticias.com.br\/#\/schema\/person\/image\/","url":"https:\/\/jornalfatosenoticias.com.br\/wp-content\/uploads\/2025\/05\/EU_portal.jpg","contentUrl":"https:\/\/jornalfatosenoticias.com.br\/wp-content\/uploads\/2025\/05\/EU_portal.jpg","caption":"Luzimara Fernandes"},"description":"Jornalista MTB 2358-ES","sameAs":["https:\/\/jornalfatosenoticias.com.br"],"url":"https:\/\/jornalfatosenoticias.com.br\/index.php\/author\/luzimara\/"}]}},"cc_featured_image_caption":{"caption_text":"(Unsplash\/CC0 Dom\u00ednio P\u00fablico) ","source_text":"","source_url":""},"jetpack_featured_media_url":"https:\/\/jornalfatosenoticias.com.br\/wp-content\/uploads\/2021\/02\/cerebro-unsplash.jpg","_links":{"self":[{"href":"https:\/\/jornalfatosenoticias.com.br\/index.php\/wp-json\/wp\/v2\/posts\/14685","targetHints":{"allow":["GET"]}}],"collection":[{"href":"https:\/\/jornalfatosenoticias.com.br\/index.php\/wp-json\/wp\/v2\/posts"}],"about":[{"href":"https:\/\/jornalfatosenoticias.com.br\/index.php\/wp-json\/wp\/v2\/types\/post"}],"author":[{"embeddable":true,"href":"https:\/\/jornalfatosenoticias.com.br\/index.php\/wp-json\/wp\/v2\/users\/2"}],"replies":[{"embeddable":true,"href":"https:\/\/jornalfatosenoticias.com.br\/index.php\/wp-json\/wp\/v2\/comments?post=14685"}],"version-history":[{"count":0,"href":"https:\/\/jornalfatosenoticias.com.br\/index.php\/wp-json\/wp\/v2\/posts\/14685\/revisions"}],"wp:featuredmedia":[{"embeddable":true,"href":"https:\/\/jornalfatosenoticias.com.br\/index.php\/wp-json\/wp\/v2\/media\/14686"}],"wp:attachment":[{"href":"https:\/\/jornalfatosenoticias.com.br\/index.php\/wp-json\/wp\/v2\/media?parent=14685"}],"wp:term":[{"taxonomy":"category","embeddable":true,"href":"https:\/\/jornalfatosenoticias.com.br\/index.php\/wp-json\/wp\/v2\/categories?post=14685"},{"taxonomy":"post_tag","embeddable":true,"href":"https:\/\/jornalfatosenoticias.com.br\/index.php\/wp-json\/wp\/v2\/tags?post=14685"}],"curies":[{"name":"wp","href":"https:\/\/api.w.org\/{rel}","templated":true}]}}