{"id":14691,"date":"2021-02-12T18:51:07","date_gmt":"2021-02-12T21:51:07","guid":{"rendered":"https:\/\/jornalfatosenoticias.com.br\/?p=14691"},"modified":"2021-02-12T18:51:12","modified_gmt":"2021-02-12T21:51:12","slug":"nova-data-para-retorno-dos-alunos-do-1o-ao-5o-ano-na-serra","status":"publish","type":"post","link":"https:\/\/jornalfatosenoticias.com.br\/index.php\/2021\/02\/12\/nova-data-para-retorno-dos-alunos-do-1o-ao-5o-ano-na-serra\/","title":{"rendered":"Nova data para retorno dos alunos do 1\u00ba ao 5\u00ba ano na Serra"},"content":{"rendered":"\n<h6 class=\"wp-block-heading\"><em>Alunos do 1\u00ba ao 5\u00ba ano retornam \u00e0s atividades no dia 29 de mar\u00e7o. Creches retomam as atividades no dia 1\u00ba do mesmo m\u00eas<\/em><\/h6>\n\n\n\n<p>A Secretaria de Educa\u00e7\u00e3o da Serra (Sedu) anunciou pequenas altera\u00e7\u00f5es no calend\u00e1rio de volta \u00e0s aulas na rede municipal. Os alunos do 1\u00ba ao 5\u00ba ano, por exemplo, voltam no dia 29 de mar\u00e7o, e n\u00e3o no dia 1\u00ba de abril, conforme anunciado anteriormente. O dia 1\u00ba de mar\u00e7o est\u00e1 mantido como data do in\u00edcio do ano letivo, refor\u00e7ando que o principal crit\u00e9rio para o retorno, \u00e9 o mapa de risco do coronav\u00edrus no Esp\u00edrito Santo.<br>A volta ser\u00e1 escalonada, ou seja, alunos das s\u00e9ries finais retornam primeiro, at\u00e9 chegar a vez dos estudantes das s\u00e9ries iniciais. O modelo definido das aulas presenciais ser\u00e1 o h\u00edbrido (presencial e remoto), que \u00e9 quando na semana metade dos alunos vai para a escola e a outra metade fica em casa, e na semana seguinte essa ordem \u00e9 invertida. Dessa forma, garante-se o distanciamento seguro entre os estudantes nas salas de aula.<br>Assim como ocorrer\u00e1 nos outros munic\u00edpios da Regi\u00e3o Metropolitana, na Serra, inicialmente os pais poder\u00e3o escolher se mandam os filhos para a escola ou se eles ficar\u00e3o em casa e receber\u00e3o o conte\u00fado de forma remota (pelo celular ou computador). Para que todos os alunos e professores tenham total acesso \u00e0s plataformas adotadas, novas tecnologias est\u00e3o em fase de implanta\u00e7\u00e3o.<br>Todos os insumos necess\u00e1rios para garantir a seguran\u00e7a dos envolvidos no ambiente escolar j\u00e1 foram adquiridos pela Prefeitura da Serra, como \u00e1lcool gel, sabonete l\u00edquido e m\u00e1scaras, que ser\u00e3o distribu\u00eddas gratuitamente a todos, alunos e trabalhadores. Al\u00e9m disso, ser\u00e3o realizadas adequa\u00e7\u00f5es estruturais, como a constru\u00e7\u00e3o de mais banheiros e abertura de janelas em algumas unidades de ensino, dentre outras melhorias, como forma de atender as medidas de biosseguran\u00e7a determinadas pelas Normas Reguladoras 1 e 2, da Secretaria Estadual de Sa\u00fade.<br>Veja abaixo o calend\u00e1rio atualizado de volta \u00e0s aulas na Serra:<br>1\u00ba de mar\u00e7o: 8\u00ba e 9\u00ba anos \u2014 Ensino Fundamental e Educa\u00e7\u00e3o de Jovens e Adultos (EJA)<br>15 de mar\u00e7o: 6\u00ba e 7\u00ba anos \u2014 Ensino Fundamental<br>29 de mar\u00e7o: 1\u00ba ao 5\u00ba ano \u2014 Ensino Fundamental<\/p>\n\n\n\n<h4 class=\"wp-block-heading\">Creches<\/h4>\n\n\n\n<p>As atividades para alunos dos Centros Municipais de Educa\u00e7\u00e3o Infantil (CMEIs) da Serra ser\u00e3o retomadas de forma remota no dia 1\u00ba de mar\u00e7o, para todas as turmas, considerando a Portaria Conjunta SEDU\/SESA n\u00ba 1-R de 08\/08\/2020, artigo 21, que inclui crian\u00e7as menores de 5 anos como grupo de risco.<\/p>\n\n\n\n<p><strong><em>Fonte: <a href=\"http:\/\/www.serra.es.gov.br\/noticias\/volta-as-aulas-na-serra-tem-calendario-atualizado#:~:text=Nova%20data%20para%20retorno%20dos,dia%201%C2%BA%20do%20mesmo%20m%C3%AAs.&amp;text=A%20Secretaria%20de%20Educa%C3%A7%C3%A3o%20da,%C3%A0s%20aulas%20na%20rede%20municipal.\">serra.es.gov.br<\/a><\/em><\/strong><\/p>\n","protected":false},"excerpt":{"rendered":"<p>Alunos do 1\u00ba ao 5\u00ba ano retornam \u00e0s atividades no dia 29 de mar\u00e7o. Creches retomam as atividades no dia 1\u00ba do mesmo m\u00eas A Secretaria de Educa\u00e7\u00e3o da Serra (Sedu) anunciou pequenas altera\u00e7\u00f5es no calend\u00e1rio de volta \u00e0s aulas na rede municipal. Os alunos do 1\u00ba ao 5\u00ba ano, por exemplo, voltam no dia [&hellip;]<\/p>\n","protected":false},"author":2,"featured_media":14692,"comment_status":"open","ping_status":"open","sticky":false,"template":"","format":"standard","meta":{"footnotes":""},"categories":[7],"tags":[5948,2203,7494,7493],"class_list":["post-14691","post","type-post","status-publish","format-standard","has-post-thumbnail","hentry","category-educacao","tag-creches","tag-ensino-fundamental","tag-retorno-dos-alunos","tag-volta-as-aulas-serra"],"yoast_head":"<!-- This site is optimized with the Yoast SEO plugin v26.5 - https:\/\/yoast.com\/wordpress\/plugins\/seo\/ -->\n<title>Nova data para retorno dos alunos do 1\u00ba ao 5\u00ba ano na Serra - Jornal Fatos e Not\u00edcias<\/title>\n<meta name=\"robots\" content=\"index, follow, max-snippet:-1, max-image-preview:large, max-video-preview:-1\" \/>\n<link rel=\"canonical\" href=\"https:\/\/jornalfatosenoticias.com.br\/index.php\/2021\/02\/12\/nova-data-para-retorno-dos-alunos-do-1o-ao-5o-ano-na-serra\/\" \/>\n<meta property=\"og:locale\" content=\"pt_BR\" \/>\n<meta property=\"og:type\" content=\"article\" \/>\n<meta property=\"og:title\" content=\"Nova data para retorno dos alunos do 1\u00ba ao 5\u00ba ano na Serra - Jornal Fatos e Not\u00edcias\" \/>\n<meta property=\"og:description\" content=\"Alunos do 1\u00ba ao 5\u00ba ano retornam \u00e0s atividades no dia 29 de mar\u00e7o. Creches retomam as atividades no dia 1\u00ba do mesmo m\u00eas A Secretaria de Educa\u00e7\u00e3o da Serra (Sedu) anunciou pequenas altera\u00e7\u00f5es no calend\u00e1rio de volta \u00e0s aulas na rede municipal. Os alunos do 1\u00ba ao 5\u00ba ano, por exemplo, voltam no dia [&hellip;]\" \/>\n<meta property=\"og:url\" content=\"https:\/\/jornalfatosenoticias.com.br\/index.php\/2021\/02\/12\/nova-data-para-retorno-dos-alunos-do-1o-ao-5o-ano-na-serra\/\" \/>\n<meta property=\"og:site_name\" content=\"Jornal Fatos e Not\u00edcias\" \/>\n<meta property=\"article:published_time\" content=\"2021-02-12T21:51:07+00:00\" \/>\n<meta property=\"article:modified_time\" content=\"2021-02-12T21:51:12+00:00\" \/>\n<meta property=\"og:image\" content=\"https:\/\/jornalfatosenoticias.com.br\/wp-content\/uploads\/2021\/02\/VOLTA-AS-AULAS_SERRA.jpg\" \/>\n\t<meta property=\"og:image:width\" content=\"1000\" \/>\n\t<meta property=\"og:image:height\" content=\"666\" \/>\n\t<meta property=\"og:image:type\" content=\"image\/jpeg\" \/>\n<meta name=\"author\" content=\"Luzimara Fernandes\" \/>\n<meta name=\"twitter:card\" content=\"summary_large_image\" \/>\n<meta name=\"twitter:label1\" content=\"Escrito por\" \/>\n\t<meta name=\"twitter:data1\" content=\"Luzimara Fernandes\" \/>\n\t<meta name=\"twitter:label2\" content=\"Est. tempo de leitura\" \/>\n\t<meta name=\"twitter:data2\" content=\"2 minutos\" \/>\n<script type=\"application\/ld+json\" class=\"yoast-schema-graph\">{\"@context\":\"https:\/\/schema.org\",\"@graph\":[{\"@type\":\"Article\",\"@id\":\"https:\/\/jornalfatosenoticias.com.br\/index.php\/2021\/02\/12\/nova-data-para-retorno-dos-alunos-do-1o-ao-5o-ano-na-serra\/#article\",\"isPartOf\":{\"@id\":\"https:\/\/jornalfatosenoticias.com.br\/index.php\/2021\/02\/12\/nova-data-para-retorno-dos-alunos-do-1o-ao-5o-ano-na-serra\/\"},\"author\":{\"name\":\"Luzimara Fernandes\",\"@id\":\"https:\/\/jornalfatosenoticias.com.br\/#\/schema\/person\/d63837fa13ac8666eb9e74e0985d6f81\"},\"headline\":\"Nova data para retorno dos alunos do 1\u00ba ao 5\u00ba ano na Serra\",\"datePublished\":\"2021-02-12T21:51:07+00:00\",\"dateModified\":\"2021-02-12T21:51:12+00:00\",\"mainEntityOfPage\":{\"@id\":\"https:\/\/jornalfatosenoticias.com.br\/index.php\/2021\/02\/12\/nova-data-para-retorno-dos-alunos-do-1o-ao-5o-ano-na-serra\/\"},\"wordCount\":443,\"commentCount\":0,\"publisher\":{\"@id\":\"https:\/\/jornalfatosenoticias.com.br\/#organization\"},\"image\":{\"@id\":\"https:\/\/jornalfatosenoticias.com.br\/index.php\/2021\/02\/12\/nova-data-para-retorno-dos-alunos-do-1o-ao-5o-ano-na-serra\/#primaryimage\"},\"thumbnailUrl\":\"https:\/\/jornalfatosenoticias.com.br\/wp-content\/uploads\/2021\/02\/VOLTA-AS-AULAS_SERRA.jpg\",\"keywords\":[\"creches\",\"ensino fundamental\",\"retorno dos alunos\",\"volta \u00e0s aulas Serra\"],\"articleSection\":[\"Educa\u00e7\u00e3o\"],\"inLanguage\":\"pt-BR\",\"potentialAction\":[{\"@type\":\"CommentAction\",\"name\":\"Comment\",\"target\":[\"https:\/\/jornalfatosenoticias.com.br\/index.php\/2021\/02\/12\/nova-data-para-retorno-dos-alunos-do-1o-ao-5o-ano-na-serra\/#respond\"]}]},{\"@type\":\"WebPage\",\"@id\":\"https:\/\/jornalfatosenoticias.com.br\/index.php\/2021\/02\/12\/nova-data-para-retorno-dos-alunos-do-1o-ao-5o-ano-na-serra\/\",\"url\":\"https:\/\/jornalfatosenoticias.com.br\/index.php\/2021\/02\/12\/nova-data-para-retorno-dos-alunos-do-1o-ao-5o-ano-na-serra\/\",\"name\":\"Nova data para retorno dos alunos do 1\u00ba ao 5\u00ba ano na Serra - Jornal Fatos e Not\u00edcias\",\"isPartOf\":{\"@id\":\"https:\/\/jornalfatosenoticias.com.br\/#website\"},\"primaryImageOfPage\":{\"@id\":\"https:\/\/jornalfatosenoticias.com.br\/index.php\/2021\/02\/12\/nova-data-para-retorno-dos-alunos-do-1o-ao-5o-ano-na-serra\/#primaryimage\"},\"image\":{\"@id\":\"https:\/\/jornalfatosenoticias.com.br\/index.php\/2021\/02\/12\/nova-data-para-retorno-dos-alunos-do-1o-ao-5o-ano-na-serra\/#primaryimage\"},\"thumbnailUrl\":\"https:\/\/jornalfatosenoticias.com.br\/wp-content\/uploads\/2021\/02\/VOLTA-AS-AULAS_SERRA.jpg\",\"datePublished\":\"2021-02-12T21:51:07+00:00\",\"dateModified\":\"2021-02-12T21:51:12+00:00\",\"breadcrumb\":{\"@id\":\"https:\/\/jornalfatosenoticias.com.br\/index.php\/2021\/02\/12\/nova-data-para-retorno-dos-alunos-do-1o-ao-5o-ano-na-serra\/#breadcrumb\"},\"inLanguage\":\"pt-BR\",\"potentialAction\":[{\"@type\":\"ReadAction\",\"target\":[\"https:\/\/jornalfatosenoticias.com.br\/index.php\/2021\/02\/12\/nova-data-para-retorno-dos-alunos-do-1o-ao-5o-ano-na-serra\/\"]}]},{\"@type\":\"ImageObject\",\"inLanguage\":\"pt-BR\",\"@id\":\"https:\/\/jornalfatosenoticias.com.br\/index.php\/2021\/02\/12\/nova-data-para-retorno-dos-alunos-do-1o-ao-5o-ano-na-serra\/#primaryimage\",\"url\":\"https:\/\/jornalfatosenoticias.com.br\/wp-content\/uploads\/2021\/02\/VOLTA-AS-AULAS_SERRA.jpg\",\"contentUrl\":\"https:\/\/jornalfatosenoticias.com.br\/wp-content\/uploads\/2021\/02\/VOLTA-AS-AULAS_SERRA.jpg\",\"width\":1000,\"height\":666},{\"@type\":\"BreadcrumbList\",\"@id\":\"https:\/\/jornalfatosenoticias.com.br\/index.php\/2021\/02\/12\/nova-data-para-retorno-dos-alunos-do-1o-ao-5o-ano-na-serra\/#breadcrumb\",\"itemListElement\":[{\"@type\":\"ListItem\",\"position\":1,\"name\":\"In\u00edcio\",\"item\":\"https:\/\/jornalfatosenoticias.com.br\/\"},{\"@type\":\"ListItem\",\"position\":2,\"name\":\"Nova data para retorno dos alunos do 1\u00ba ao 5\u00ba ano na Serra\"}]},{\"@type\":\"WebSite\",\"@id\":\"https:\/\/jornalfatosenoticias.com.br\/#website\",\"url\":\"https:\/\/jornalfatosenoticias.com.br\/\",\"name\":\"Jornal Fatos e Not\u00edcias\",\"description\":\"Not\u00edcias em geral\",\"publisher\":{\"@id\":\"https:\/\/jornalfatosenoticias.com.br\/#organization\"},\"potentialAction\":[{\"@type\":\"SearchAction\",\"target\":{\"@type\":\"EntryPoint\",\"urlTemplate\":\"https:\/\/jornalfatosenoticias.com.br\/?s={search_term_string}\"},\"query-input\":{\"@type\":\"PropertyValueSpecification\",\"valueRequired\":true,\"valueName\":\"search_term_string\"}}],\"inLanguage\":\"pt-BR\"},{\"@type\":\"Organization\",\"@id\":\"https:\/\/jornalfatosenoticias.com.br\/#organization\",\"name\":\"Jornal Fatos e Not\u00edcias\",\"url\":\"https:\/\/jornalfatosenoticias.com.br\/\",\"logo\":{\"@type\":\"ImageObject\",\"inLanguage\":\"pt-BR\",\"@id\":\"https:\/\/jornalfatosenoticias.com.br\/#\/schema\/logo\/image\/\",\"url\":\"https:\/\/jornalfatosenoticias.com.br\/wp-content\/uploads\/2020\/02\/logo120.png\",\"contentUrl\":\"https:\/\/jornalfatosenoticias.com.br\/wp-content\/uploads\/2020\/02\/logo120.png\",\"width\":1227,\"height\":120,\"caption\":\"Jornal Fatos e Not\u00edcias\"},\"image\":{\"@id\":\"https:\/\/jornalfatosenoticias.com.br\/#\/schema\/logo\/image\/\"}},{\"@type\":\"Person\",\"@id\":\"https:\/\/jornalfatosenoticias.com.br\/#\/schema\/person\/d63837fa13ac8666eb9e74e0985d6f81\",\"name\":\"Luzimara Fernandes\",\"image\":{\"@type\":\"ImageObject\",\"inLanguage\":\"pt-BR\",\"@id\":\"https:\/\/jornalfatosenoticias.com.br\/#\/schema\/person\/image\/\",\"url\":\"https:\/\/jornalfatosenoticias.com.br\/wp-content\/uploads\/2025\/05\/EU_portal.jpg\",\"contentUrl\":\"https:\/\/jornalfatosenoticias.com.br\/wp-content\/uploads\/2025\/05\/EU_portal.jpg\",\"caption\":\"Luzimara Fernandes\"},\"description\":\"Jornalista MTB 2358-ES\",\"sameAs\":[\"https:\/\/jornalfatosenoticias.com.br\"],\"url\":\"https:\/\/jornalfatosenoticias.com.br\/index.php\/author\/luzimara\/\"}]}<\/script>\n<!-- \/ Yoast SEO plugin. -->","yoast_head_json":{"title":"Nova data para retorno dos alunos do 1\u00ba ao 5\u00ba ano na Serra - Jornal Fatos e Not\u00edcias","robots":{"index":"index","follow":"follow","max-snippet":"max-snippet:-1","max-image-preview":"max-image-preview:large","max-video-preview":"max-video-preview:-1"},"canonical":"https:\/\/jornalfatosenoticias.com.br\/index.php\/2021\/02\/12\/nova-data-para-retorno-dos-alunos-do-1o-ao-5o-ano-na-serra\/","og_locale":"pt_BR","og_type":"article","og_title":"Nova data para retorno dos alunos do 1\u00ba ao 5\u00ba ano na Serra - Jornal Fatos e Not\u00edcias","og_description":"Alunos do 1\u00ba ao 5\u00ba ano retornam \u00e0s atividades no dia 29 de mar\u00e7o. Creches retomam as atividades no dia 1\u00ba do mesmo m\u00eas A Secretaria de Educa\u00e7\u00e3o da Serra (Sedu) anunciou pequenas altera\u00e7\u00f5es no calend\u00e1rio de volta \u00e0s aulas na rede municipal. Os alunos do 1\u00ba ao 5\u00ba ano, por exemplo, voltam no dia [&hellip;]","og_url":"https:\/\/jornalfatosenoticias.com.br\/index.php\/2021\/02\/12\/nova-data-para-retorno-dos-alunos-do-1o-ao-5o-ano-na-serra\/","og_site_name":"Jornal Fatos e Not\u00edcias","article_published_time":"2021-02-12T21:51:07+00:00","article_modified_time":"2021-02-12T21:51:12+00:00","og_image":[{"width":1000,"height":666,"url":"https:\/\/jornalfatosenoticias.com.br\/wp-content\/uploads\/2021\/02\/VOLTA-AS-AULAS_SERRA.jpg","type":"image\/jpeg"}],"author":"Luzimara Fernandes","twitter_card":"summary_large_image","twitter_misc":{"Escrito por":"Luzimara Fernandes","Est. tempo de leitura":"2 minutos"},"schema":{"@context":"https:\/\/schema.org","@graph":[{"@type":"Article","@id":"https:\/\/jornalfatosenoticias.com.br\/index.php\/2021\/02\/12\/nova-data-para-retorno-dos-alunos-do-1o-ao-5o-ano-na-serra\/#article","isPartOf":{"@id":"https:\/\/jornalfatosenoticias.com.br\/index.php\/2021\/02\/12\/nova-data-para-retorno-dos-alunos-do-1o-ao-5o-ano-na-serra\/"},"author":{"name":"Luzimara Fernandes","@id":"https:\/\/jornalfatosenoticias.com.br\/#\/schema\/person\/d63837fa13ac8666eb9e74e0985d6f81"},"headline":"Nova data para retorno dos alunos do 1\u00ba ao 5\u00ba ano na Serra","datePublished":"2021-02-12T21:51:07+00:00","dateModified":"2021-02-12T21:51:12+00:00","mainEntityOfPage":{"@id":"https:\/\/jornalfatosenoticias.com.br\/index.php\/2021\/02\/12\/nova-data-para-retorno-dos-alunos-do-1o-ao-5o-ano-na-serra\/"},"wordCount":443,"commentCount":0,"publisher":{"@id":"https:\/\/jornalfatosenoticias.com.br\/#organization"},"image":{"@id":"https:\/\/jornalfatosenoticias.com.br\/index.php\/2021\/02\/12\/nova-data-para-retorno-dos-alunos-do-1o-ao-5o-ano-na-serra\/#primaryimage"},"thumbnailUrl":"https:\/\/jornalfatosenoticias.com.br\/wp-content\/uploads\/2021\/02\/VOLTA-AS-AULAS_SERRA.jpg","keywords":["creches","ensino fundamental","retorno dos alunos","volta \u00e0s aulas Serra"],"articleSection":["Educa\u00e7\u00e3o"],"inLanguage":"pt-BR","potentialAction":[{"@type":"CommentAction","name":"Comment","target":["https:\/\/jornalfatosenoticias.com.br\/index.php\/2021\/02\/12\/nova-data-para-retorno-dos-alunos-do-1o-ao-5o-ano-na-serra\/#respond"]}]},{"@type":"WebPage","@id":"https:\/\/jornalfatosenoticias.com.br\/index.php\/2021\/02\/12\/nova-data-para-retorno-dos-alunos-do-1o-ao-5o-ano-na-serra\/","url":"https:\/\/jornalfatosenoticias.com.br\/index.php\/2021\/02\/12\/nova-data-para-retorno-dos-alunos-do-1o-ao-5o-ano-na-serra\/","name":"Nova data para retorno dos alunos do 1\u00ba ao 5\u00ba ano na Serra - Jornal Fatos e Not\u00edcias","isPartOf":{"@id":"https:\/\/jornalfatosenoticias.com.br\/#website"},"primaryImageOfPage":{"@id":"https:\/\/jornalfatosenoticias.com.br\/index.php\/2021\/02\/12\/nova-data-para-retorno-dos-alunos-do-1o-ao-5o-ano-na-serra\/#primaryimage"},"image":{"@id":"https:\/\/jornalfatosenoticias.com.br\/index.php\/2021\/02\/12\/nova-data-para-retorno-dos-alunos-do-1o-ao-5o-ano-na-serra\/#primaryimage"},"thumbnailUrl":"https:\/\/jornalfatosenoticias.com.br\/wp-content\/uploads\/2021\/02\/VOLTA-AS-AULAS_SERRA.jpg","datePublished":"2021-02-12T21:51:07+00:00","dateModified":"2021-02-12T21:51:12+00:00","breadcrumb":{"@id":"https:\/\/jornalfatosenoticias.com.br\/index.php\/2021\/02\/12\/nova-data-para-retorno-dos-alunos-do-1o-ao-5o-ano-na-serra\/#breadcrumb"},"inLanguage":"pt-BR","potentialAction":[{"@type":"ReadAction","target":["https:\/\/jornalfatosenoticias.com.br\/index.php\/2021\/02\/12\/nova-data-para-retorno-dos-alunos-do-1o-ao-5o-ano-na-serra\/"]}]},{"@type":"ImageObject","inLanguage":"pt-BR","@id":"https:\/\/jornalfatosenoticias.com.br\/index.php\/2021\/02\/12\/nova-data-para-retorno-dos-alunos-do-1o-ao-5o-ano-na-serra\/#primaryimage","url":"https:\/\/jornalfatosenoticias.com.br\/wp-content\/uploads\/2021\/02\/VOLTA-AS-AULAS_SERRA.jpg","contentUrl":"https:\/\/jornalfatosenoticias.com.br\/wp-content\/uploads\/2021\/02\/VOLTA-AS-AULAS_SERRA.jpg","width":1000,"height":666},{"@type":"BreadcrumbList","@id":"https:\/\/jornalfatosenoticias.com.br\/index.php\/2021\/02\/12\/nova-data-para-retorno-dos-alunos-do-1o-ao-5o-ano-na-serra\/#breadcrumb","itemListElement":[{"@type":"ListItem","position":1,"name":"In\u00edcio","item":"https:\/\/jornalfatosenoticias.com.br\/"},{"@type":"ListItem","position":2,"name":"Nova data para retorno dos alunos do 1\u00ba ao 5\u00ba ano na Serra"}]},{"@type":"WebSite","@id":"https:\/\/jornalfatosenoticias.com.br\/#website","url":"https:\/\/jornalfatosenoticias.com.br\/","name":"Jornal Fatos e Not\u00edcias","description":"Not\u00edcias em geral","publisher":{"@id":"https:\/\/jornalfatosenoticias.com.br\/#organization"},"potentialAction":[{"@type":"SearchAction","target":{"@type":"EntryPoint","urlTemplate":"https:\/\/jornalfatosenoticias.com.br\/?s={search_term_string}"},"query-input":{"@type":"PropertyValueSpecification","valueRequired":true,"valueName":"search_term_string"}}],"inLanguage":"pt-BR"},{"@type":"Organization","@id":"https:\/\/jornalfatosenoticias.com.br\/#organization","name":"Jornal Fatos e Not\u00edcias","url":"https:\/\/jornalfatosenoticias.com.br\/","logo":{"@type":"ImageObject","inLanguage":"pt-BR","@id":"https:\/\/jornalfatosenoticias.com.br\/#\/schema\/logo\/image\/","url":"https:\/\/jornalfatosenoticias.com.br\/wp-content\/uploads\/2020\/02\/logo120.png","contentUrl":"https:\/\/jornalfatosenoticias.com.br\/wp-content\/uploads\/2020\/02\/logo120.png","width":1227,"height":120,"caption":"Jornal Fatos e Not\u00edcias"},"image":{"@id":"https:\/\/jornalfatosenoticias.com.br\/#\/schema\/logo\/image\/"}},{"@type":"Person","@id":"https:\/\/jornalfatosenoticias.com.br\/#\/schema\/person\/d63837fa13ac8666eb9e74e0985d6f81","name":"Luzimara Fernandes","image":{"@type":"ImageObject","inLanguage":"pt-BR","@id":"https:\/\/jornalfatosenoticias.com.br\/#\/schema\/person\/image\/","url":"https:\/\/jornalfatosenoticias.com.br\/wp-content\/uploads\/2025\/05\/EU_portal.jpg","contentUrl":"https:\/\/jornalfatosenoticias.com.br\/wp-content\/uploads\/2025\/05\/EU_portal.jpg","caption":"Luzimara Fernandes"},"description":"Jornalista MTB 2358-ES","sameAs":["https:\/\/jornalfatosenoticias.com.br"],"url":"https:\/\/jornalfatosenoticias.com.br\/index.php\/author\/luzimara\/"}]}},"cc_featured_image_caption":{"caption_text":"(Foto: \u00a9Freepik) ","source_text":"","source_url":""},"jetpack_featured_media_url":"https:\/\/jornalfatosenoticias.com.br\/wp-content\/uploads\/2021\/02\/VOLTA-AS-AULAS_SERRA.jpg","_links":{"self":[{"href":"https:\/\/jornalfatosenoticias.com.br\/index.php\/wp-json\/wp\/v2\/posts\/14691","targetHints":{"allow":["GET"]}}],"collection":[{"href":"https:\/\/jornalfatosenoticias.com.br\/index.php\/wp-json\/wp\/v2\/posts"}],"about":[{"href":"https:\/\/jornalfatosenoticias.com.br\/index.php\/wp-json\/wp\/v2\/types\/post"}],"author":[{"embeddable":true,"href":"https:\/\/jornalfatosenoticias.com.br\/index.php\/wp-json\/wp\/v2\/users\/2"}],"replies":[{"embeddable":true,"href":"https:\/\/jornalfatosenoticias.com.br\/index.php\/wp-json\/wp\/v2\/comments?post=14691"}],"version-history":[{"count":0,"href":"https:\/\/jornalfatosenoticias.com.br\/index.php\/wp-json\/wp\/v2\/posts\/14691\/revisions"}],"wp:featuredmedia":[{"embeddable":true,"href":"https:\/\/jornalfatosenoticias.com.br\/index.php\/wp-json\/wp\/v2\/media\/14692"}],"wp:attachment":[{"href":"https:\/\/jornalfatosenoticias.com.br\/index.php\/wp-json\/wp\/v2\/media?parent=14691"}],"wp:term":[{"taxonomy":"category","embeddable":true,"href":"https:\/\/jornalfatosenoticias.com.br\/index.php\/wp-json\/wp\/v2\/categories?post=14691"},{"taxonomy":"post_tag","embeddable":true,"href":"https:\/\/jornalfatosenoticias.com.br\/index.php\/wp-json\/wp\/v2\/tags?post=14691"}],"curies":[{"name":"wp","href":"https:\/\/api.w.org\/{rel}","templated":true}]}}