{"id":14724,"date":"2021-02-15T11:27:20","date_gmt":"2021-02-15T14:27:20","guid":{"rendered":"https:\/\/jornalfatosenoticias.com.br\/?p=14724"},"modified":"2021-02-15T11:27:25","modified_gmt":"2021-02-15T14:27:25","slug":"cidade-invisivel-saiba-mais-sobre-os-seres-folcloricos-da-serie","status":"publish","type":"post","link":"https:\/\/jornalfatosenoticias.com.br\/index.php\/2021\/02\/15\/cidade-invisivel-saiba-mais-sobre-os-seres-folcloricos-da-serie\/","title":{"rendered":"Cidade Invis\u00edvel: saiba mais sobre os seres folcl\u00f3ricos da s\u00e9rie"},"content":{"rendered":"\n<p>Disponibilizada no \u00faltimo dia 5, a s\u00e9rie brasileira Cidade Invis\u00edvel vem fazendo os assinantes da Netflix ficarem cada vez mais interessados no <a href=\"https:\/\/www.megacurioso.com.br\/educacao\/108767-dia-do-folclore-7-lendas-brasileiras-para-celebrarmos-a-nossa-cultura.htm\" rel=\"noreferrer noopener\" target=\"_blank\">folclore do Brasil<\/a>. Para suprir essa curiosidade, trouxemos uma lista com um pouco da hist\u00f3ria de cada um desses personagens que fazem parte do imagin\u00e1rio dos brasileiros.<\/p>\n\n\n\n<ol class=\"wp-block-list\"><li><strong>Cuca<\/strong><\/li><\/ol>\n\n\n\n<figure class=\"wp-block-image size-large\"><img loading=\"lazy\" decoding=\"async\" width=\"1000\" height=\"525\" src=\"https:\/\/jornalfatosenoticias.com.br\/wp-content\/uploads\/2021\/02\/cuca.jpg\" alt=\"\" class=\"wp-image-14725\" srcset=\"https:\/\/jornalfatosenoticias.com.br\/wp-content\/uploads\/2021\/02\/cuca.jpg 1000w, https:\/\/jornalfatosenoticias.com.br\/wp-content\/uploads\/2021\/02\/cuca-300x158.jpg 300w, https:\/\/jornalfatosenoticias.com.br\/wp-content\/uploads\/2021\/02\/cuca-768x403.jpg 768w\" sizes=\"auto, (max-width: 1000px) 100vw, 1000px\" \/><figcaption><em>(Foto: Toda Mat\u00e9ria\/Reprodu\u00e7\u00e3o)<\/em><\/figcaption><\/figure>\n\n\n\n<p>Na lenda brasileira, a Cuca \u00e9 uma feiticeira \u2014 \u00e0s vezes representada com cara de jacar\u00e9 \u2014 que rapta crian\u00e7as. Ela se tornou popular nas hist\u00f3rias de Monteiro Lobato, assombrando as crian\u00e7as do S\u00edtio do Pica-Pau Amarelo. Em Cidade Invis\u00edvel, a bruxa ser\u00e1 vivida por Alessandra Negrini.<\/p>\n\n\n\n<ol class=\"wp-block-list\" start=\"2\"><li><strong>Saci Perer\u00ea<\/strong><\/li><\/ol>\n\n\n\n<figure class=\"wp-block-image size-large\"><img loading=\"lazy\" decoding=\"async\" width=\"1000\" height=\"561\" src=\"https:\/\/jornalfatosenoticias.com.br\/wp-content\/uploads\/2021\/02\/saci-perere.jpg\" alt=\"\" class=\"wp-image-14726\" srcset=\"https:\/\/jornalfatosenoticias.com.br\/wp-content\/uploads\/2021\/02\/saci-perere.jpg 1000w, https:\/\/jornalfatosenoticias.com.br\/wp-content\/uploads\/2021\/02\/saci-perere-300x168.jpg 300w, https:\/\/jornalfatosenoticias.com.br\/wp-content\/uploads\/2021\/02\/saci-perere-768x431.jpg 768w\" sizes=\"auto, (max-width: 1000px) 100vw, 1000px\" \/><figcaption><em>(Foto: Toda Mat\u00e9ria\/Reprodu\u00e7\u00e3o)<\/em><\/figcaption><\/figure>\n\n\n\n<p>Vivido por Wesley Guimar\u00e3es, o Saci n\u00e3o \u00e9 um dos protagonistas da s\u00e9rie, por\u00e9m, \u00e9 o ser mais famoso dela. Conhecido por ser um menino pequeno, levado e que adora pregar pe\u00e7as nas pessoas, o Saci possui apenas uma perna, mas consegue correr rapidamente ou, em outras vers\u00f5es, se move em um tornado.<\/p>\n\n\n\n<ol class=\"wp-block-list\" start=\"3\"><li><strong>Curupira<\/strong><\/li><\/ol>\n\n\n\n<figure class=\"wp-block-image size-large\"><img loading=\"lazy\" decoding=\"async\" width=\"1000\" height=\"612\" src=\"https:\/\/jornalfatosenoticias.com.br\/wp-content\/uploads\/2021\/02\/curupira.jpg\" alt=\"\" class=\"wp-image-14727\" srcset=\"https:\/\/jornalfatosenoticias.com.br\/wp-content\/uploads\/2021\/02\/curupira.jpg 1000w, https:\/\/jornalfatosenoticias.com.br\/wp-content\/uploads\/2021\/02\/curupira-300x184.jpg 300w, https:\/\/jornalfatosenoticias.com.br\/wp-content\/uploads\/2021\/02\/curupira-768x470.jpg 768w\" sizes=\"auto, (max-width: 1000px) 100vw, 1000px\" \/><figcaption><em>(Foto: Toda Mat\u00e9ria\/Reprodu\u00e7\u00e3o)<\/em><\/figcaption><\/figure>\n\n\n\n<p>Esse personagem \u00e9 um dos grandes mist\u00e9rios da s\u00e9rie, por isso, n\u00e3o vamos contar spoiler! Entretanto, a lenda do Curupira, mostra o personagem como um menino (ou an\u00e3o) de cabelos de fogo (literalmente), corpo peludo e, sua principal caracter\u00edstica: p\u00e9s virados para tr\u00e1s. O Curupira engana e faz com que ca\u00e7adores se percam nas florestas, j\u00e1 que \u00e9 um protetor da natureza.<\/p>\n\n\n\n<ol class=\"wp-block-list\" start=\"4\"><li><strong>Iara<\/strong><\/li><\/ol>\n\n\n\n<figure class=\"wp-block-image size-large\"><img loading=\"lazy\" decoding=\"async\" width=\"1000\" height=\"727\" src=\"https:\/\/jornalfatosenoticias.com.br\/wp-content\/uploads\/2021\/02\/iara.jpg\" alt=\"\" class=\"wp-image-14728\" srcset=\"https:\/\/jornalfatosenoticias.com.br\/wp-content\/uploads\/2021\/02\/iara.jpg 1000w, https:\/\/jornalfatosenoticias.com.br\/wp-content\/uploads\/2021\/02\/iara-300x218.jpg 300w, https:\/\/jornalfatosenoticias.com.br\/wp-content\/uploads\/2021\/02\/iara-768x558.jpg 768w\" sizes=\"auto, (max-width: 1000px) 100vw, 1000px\" \/><figcaption><em>(Foto: Wikimedia Commons\/Reprodu\u00e7\u00e3o)<\/em><\/figcaption><\/figure>\n\n\n\n<p>A sereia brasileira vem de uma lenda triste: <a href=\"https:\/\/www.megacurioso.com.br\/desenhos-animados\/71531-3-princesas-polemicas-demais-para-os-filmes-infantis.htm\" rel=\"noreferrer noopener\" target=\"_blank\">Iara era filha<\/a> de um paj\u00e9 e despertou a inveja dos seus irm\u00e3os, que tentaram mat\u00e1-la. Por\u00e9m, como era uma grande guerreira, ela acabou matando-os. Assim, seu pai a jogou na jun\u00e7\u00e3o entre os rios Negro e Solim\u00f5es, por\u00e9m, os peixes salvaram Iara, transformando-a na rainha das \u00e1guas. Na s\u00e9rie, Iara \u00e9 vivida por J\u00e9ssica C\u00f3res.<\/p>\n\n\n\n<ol class=\"wp-block-list\" start=\"5\"><li><strong>Boto-cor-de-Rosa<\/strong><\/li><\/ol>\n\n\n\n<figure class=\"wp-block-image size-large\"><img loading=\"lazy\" decoding=\"async\" width=\"1000\" height=\"666\" src=\"https:\/\/jornalfatosenoticias.com.br\/wp-content\/uploads\/2021\/02\/boto-cor-de-rosa.jpg\" alt=\"\" class=\"wp-image-14729\" srcset=\"https:\/\/jornalfatosenoticias.com.br\/wp-content\/uploads\/2021\/02\/boto-cor-de-rosa.jpg 1000w, https:\/\/jornalfatosenoticias.com.br\/wp-content\/uploads\/2021\/02\/boto-cor-de-rosa-300x200.jpg 300w, https:\/\/jornalfatosenoticias.com.br\/wp-content\/uploads\/2021\/02\/boto-cor-de-rosa-768x511.jpg 768w\" sizes=\"auto, (max-width: 1000px) 100vw, 1000px\" \/><figcaption><em>(Foto: Wikimedia Commons\/Reprodu\u00e7\u00e3o)<\/em><\/figcaption><\/figure>\n\n\n\n<p>Na lenda brasileira, o boto sai das \u00e1guas transformado em um jovem charmoso, com um grande chap\u00e9u, nas noites de Lua cheia. Seu objetivo \u00e9 encontrar a solteira mais desejada, engravid\u00e1-la e, depois, abandon\u00e1-la com o beb\u00ea.<\/p>\n\n\n\n<ol class=\"wp-block-list\" start=\"6\"><li><strong>Corpo-Seco<\/strong><\/li><\/ol>\n\n\n\n<figure class=\"wp-block-image size-large\"><img loading=\"lazy\" decoding=\"async\" width=\"1000\" height=\"742\" src=\"https:\/\/jornalfatosenoticias.com.br\/wp-content\/uploads\/2021\/02\/corpo-seco.jpg\" alt=\"\" class=\"wp-image-14730\" srcset=\"https:\/\/jornalfatosenoticias.com.br\/wp-content\/uploads\/2021\/02\/corpo-seco.jpg 1000w, https:\/\/jornalfatosenoticias.com.br\/wp-content\/uploads\/2021\/02\/corpo-seco-300x223.jpg 300w, https:\/\/jornalfatosenoticias.com.br\/wp-content\/uploads\/2021\/02\/corpo-seco-768x570.jpg 768w\" sizes=\"auto, (max-width: 1000px) 100vw, 1000px\" \/><figcaption><em>(Foto: Mari Morgan\/Divulga\u00e7\u00e3o)<\/em><\/figcaption><\/figure>\n\n\n\n<p>Essa \u00e9 uma das lendas menos conhecidas da s\u00e9rie, por\u00e9m, bastante assustadora. O Corpo-Seco seria um menino que passou a vida sendo desobediente. Ent\u00e3o, quando morreu, foi dispensado tanto pelo c\u00e9u quanto pelo inferno, e ainda a pr\u00f3pria terra n\u00e3o quis aceitar seu corpo e o cuspiu para fora. Logo, ele passa a eternidade nas florestas, camuflado nas \u00e1rvores, abra\u00e7ando os desavisados que passam por ele com o seu corpo decomposto.<\/p>\n\n\n\n<ol class=\"wp-block-list\" start=\"7\"><li><strong>Tutu Maramb\u00e1<\/strong><\/li><\/ol>\n\n\n\n<figure class=\"wp-block-image size-large\"><img loading=\"lazy\" decoding=\"async\" width=\"1000\" height=\"664\" src=\"https:\/\/jornalfatosenoticias.com.br\/wp-content\/uploads\/2021\/02\/tutu-maramba.jpg\" alt=\"\" class=\"wp-image-14731\" srcset=\"https:\/\/jornalfatosenoticias.com.br\/wp-content\/uploads\/2021\/02\/tutu-maramba.jpg 1000w, https:\/\/jornalfatosenoticias.com.br\/wp-content\/uploads\/2021\/02\/tutu-maramba-300x199.jpg 300w, https:\/\/jornalfatosenoticias.com.br\/wp-content\/uploads\/2021\/02\/tutu-maramba-768x510.jpg 768w\" sizes=\"auto, (max-width: 1000px) 100vw, 1000px\" \/><figcaption><em>(Foto: MitoseLendas\/Reprodu\u00e7\u00e3o)<\/em><\/figcaption><\/figure>\n\n\n\n<p>Uma esp\u00e9cie de <a href=\"https:\/\/www.megacurioso.com.br\/historias-macabras\/85570-canibal-e-serial-killer-saiba-a-historia-macabra-do-verdadeiro-bicho-papao.htm\" rel=\"noreferrer noopener\" target=\"_blank\">Bicho-Pap\u00e3o<\/a>, o Tutu Maramb\u00e1 \u00e9 um ser que n\u00e3o possui forma definida e est\u00e1 sempre na escurid\u00e3o. Esse personagem tem suas ra\u00edzes nas lendas sobre ogros da \u00c1frica e \u00e9 mais conhecido por uma can\u00e7\u00e3o popular onde \u00e9 dito que pega crian\u00e7as arteiras.<\/p>\n\n\n\n<p><strong><em>Fonte: <a href=\"https:\/\/www.megacurioso.com.br\/artes-cultura\/117591-cidade-invisivel-saiba-mais-sobre-os-seres-folcloricos-da-serie.htm\">Megacurioso<\/a><\/em><\/strong><\/p>\n","protected":false},"excerpt":{"rendered":"<p>Disponibilizada no \u00faltimo dia 5, a s\u00e9rie brasileira Cidade Invis\u00edvel vem fazendo os assinantes da Netflix ficarem cada vez mais interessados no folclore do Brasil. Para suprir essa curiosidade, trouxemos uma lista com um pouco da hist\u00f3ria de cada um desses personagens que fazem parte do imagin\u00e1rio dos brasileiros. Cuca Na lenda brasileira, a Cuca [&hellip;]<\/p>\n","protected":false},"author":2,"featured_media":14732,"comment_status":"open","ping_status":"open","sticky":false,"template":"","format":"standard","meta":{"footnotes":""},"categories":[4],"tags":[7511,6804,7513,7514],"class_list":["post-14724","post","type-post","status-publish","format-standard","has-post-thumbnail","hentry","category-cultura","tag-cultura-nerd","tag-folclore","tag-folclore-brasileiro","tag-seriado"],"yoast_head":"<!-- This site is optimized with the Yoast SEO plugin v26.5 - https:\/\/yoast.com\/wordpress\/plugins\/seo\/ -->\n<title>Cidade Invis\u00edvel: saiba mais sobre os seres folcl\u00f3ricos da s\u00e9rie - Jornal Fatos e Not\u00edcias<\/title>\n<meta name=\"robots\" content=\"index, follow, max-snippet:-1, max-image-preview:large, max-video-preview:-1\" \/>\n<link rel=\"canonical\" href=\"https:\/\/jornalfatosenoticias.com.br\/index.php\/2021\/02\/15\/cidade-invisivel-saiba-mais-sobre-os-seres-folcloricos-da-serie\/\" \/>\n<meta property=\"og:locale\" content=\"pt_BR\" \/>\n<meta property=\"og:type\" content=\"article\" \/>\n<meta property=\"og:title\" content=\"Cidade Invis\u00edvel: saiba mais sobre os seres folcl\u00f3ricos da s\u00e9rie - Jornal Fatos e Not\u00edcias\" \/>\n<meta property=\"og:description\" content=\"Disponibilizada no \u00faltimo dia 5, a s\u00e9rie brasileira Cidade Invis\u00edvel vem fazendo os assinantes da Netflix ficarem cada vez mais interessados no folclore do Brasil. Para suprir essa curiosidade, trouxemos uma lista com um pouco da hist\u00f3ria de cada um desses personagens que fazem parte do imagin\u00e1rio dos brasileiros. Cuca Na lenda brasileira, a Cuca [&hellip;]\" \/>\n<meta property=\"og:url\" content=\"https:\/\/jornalfatosenoticias.com.br\/index.php\/2021\/02\/15\/cidade-invisivel-saiba-mais-sobre-os-seres-folcloricos-da-serie\/\" \/>\n<meta property=\"og:site_name\" content=\"Jornal Fatos e Not\u00edcias\" \/>\n<meta property=\"article:published_time\" content=\"2021-02-15T14:27:20+00:00\" \/>\n<meta property=\"article:modified_time\" content=\"2021-02-15T14:27:25+00:00\" \/>\n<meta property=\"og:image\" content=\"https:\/\/jornalfatosenoticias.com.br\/wp-content\/uploads\/2021\/02\/cidade-invisivel.jpg\" \/>\n\t<meta property=\"og:image:width\" content=\"1000\" \/>\n\t<meta property=\"og:image:height\" content=\"400\" \/>\n\t<meta property=\"og:image:type\" content=\"image\/jpeg\" \/>\n<meta name=\"author\" content=\"Luzimara Fernandes\" \/>\n<meta name=\"twitter:card\" content=\"summary_large_image\" \/>\n<meta name=\"twitter:label1\" content=\"Escrito por\" \/>\n\t<meta name=\"twitter:data1\" content=\"Luzimara Fernandes\" \/>\n\t<meta name=\"twitter:label2\" content=\"Est. tempo de leitura\" \/>\n\t<meta name=\"twitter:data2\" content=\"3 minutos\" \/>\n<script type=\"application\/ld+json\" class=\"yoast-schema-graph\">{\"@context\":\"https:\/\/schema.org\",\"@graph\":[{\"@type\":\"Article\",\"@id\":\"https:\/\/jornalfatosenoticias.com.br\/index.php\/2021\/02\/15\/cidade-invisivel-saiba-mais-sobre-os-seres-folcloricos-da-serie\/#article\",\"isPartOf\":{\"@id\":\"https:\/\/jornalfatosenoticias.com.br\/index.php\/2021\/02\/15\/cidade-invisivel-saiba-mais-sobre-os-seres-folcloricos-da-serie\/\"},\"author\":{\"name\":\"Luzimara Fernandes\",\"@id\":\"https:\/\/jornalfatosenoticias.com.br\/#\/schema\/person\/d63837fa13ac8666eb9e74e0985d6f81\"},\"headline\":\"Cidade Invis\u00edvel: saiba mais sobre os seres folcl\u00f3ricos da s\u00e9rie\",\"datePublished\":\"2021-02-15T14:27:20+00:00\",\"dateModified\":\"2021-02-15T14:27:25+00:00\",\"mainEntityOfPage\":{\"@id\":\"https:\/\/jornalfatosenoticias.com.br\/index.php\/2021\/02\/15\/cidade-invisivel-saiba-mais-sobre-os-seres-folcloricos-da-serie\/\"},\"wordCount\":525,\"commentCount\":0,\"publisher\":{\"@id\":\"https:\/\/jornalfatosenoticias.com.br\/#organization\"},\"image\":{\"@id\":\"https:\/\/jornalfatosenoticias.com.br\/index.php\/2021\/02\/15\/cidade-invisivel-saiba-mais-sobre-os-seres-folcloricos-da-serie\/#primaryimage\"},\"thumbnailUrl\":\"https:\/\/jornalfatosenoticias.com.br\/wp-content\/uploads\/2021\/02\/cidade-invisivel.jpg\",\"keywords\":[\"cultura nerd\",\"folclore\",\"folclore brasileiro\",\"seriado\"],\"articleSection\":[\"Cultura\"],\"inLanguage\":\"pt-BR\",\"potentialAction\":[{\"@type\":\"CommentAction\",\"name\":\"Comment\",\"target\":[\"https:\/\/jornalfatosenoticias.com.br\/index.php\/2021\/02\/15\/cidade-invisivel-saiba-mais-sobre-os-seres-folcloricos-da-serie\/#respond\"]}]},{\"@type\":\"WebPage\",\"@id\":\"https:\/\/jornalfatosenoticias.com.br\/index.php\/2021\/02\/15\/cidade-invisivel-saiba-mais-sobre-os-seres-folcloricos-da-serie\/\",\"url\":\"https:\/\/jornalfatosenoticias.com.br\/index.php\/2021\/02\/15\/cidade-invisivel-saiba-mais-sobre-os-seres-folcloricos-da-serie\/\",\"name\":\"Cidade Invis\u00edvel: saiba mais sobre os seres folcl\u00f3ricos da s\u00e9rie - Jornal Fatos e Not\u00edcias\",\"isPartOf\":{\"@id\":\"https:\/\/jornalfatosenoticias.com.br\/#website\"},\"primaryImageOfPage\":{\"@id\":\"https:\/\/jornalfatosenoticias.com.br\/index.php\/2021\/02\/15\/cidade-invisivel-saiba-mais-sobre-os-seres-folcloricos-da-serie\/#primaryimage\"},\"image\":{\"@id\":\"https:\/\/jornalfatosenoticias.com.br\/index.php\/2021\/02\/15\/cidade-invisivel-saiba-mais-sobre-os-seres-folcloricos-da-serie\/#primaryimage\"},\"thumbnailUrl\":\"https:\/\/jornalfatosenoticias.com.br\/wp-content\/uploads\/2021\/02\/cidade-invisivel.jpg\",\"datePublished\":\"2021-02-15T14:27:20+00:00\",\"dateModified\":\"2021-02-15T14:27:25+00:00\",\"breadcrumb\":{\"@id\":\"https:\/\/jornalfatosenoticias.com.br\/index.php\/2021\/02\/15\/cidade-invisivel-saiba-mais-sobre-os-seres-folcloricos-da-serie\/#breadcrumb\"},\"inLanguage\":\"pt-BR\",\"potentialAction\":[{\"@type\":\"ReadAction\",\"target\":[\"https:\/\/jornalfatosenoticias.com.br\/index.php\/2021\/02\/15\/cidade-invisivel-saiba-mais-sobre-os-seres-folcloricos-da-serie\/\"]}]},{\"@type\":\"ImageObject\",\"inLanguage\":\"pt-BR\",\"@id\":\"https:\/\/jornalfatosenoticias.com.br\/index.php\/2021\/02\/15\/cidade-invisivel-saiba-mais-sobre-os-seres-folcloricos-da-serie\/#primaryimage\",\"url\":\"https:\/\/jornalfatosenoticias.com.br\/wp-content\/uploads\/2021\/02\/cidade-invisivel.jpg\",\"contentUrl\":\"https:\/\/jornalfatosenoticias.com.br\/wp-content\/uploads\/2021\/02\/cidade-invisivel.jpg\",\"width\":1000,\"height\":400},{\"@type\":\"BreadcrumbList\",\"@id\":\"https:\/\/jornalfatosenoticias.com.br\/index.php\/2021\/02\/15\/cidade-invisivel-saiba-mais-sobre-os-seres-folcloricos-da-serie\/#breadcrumb\",\"itemListElement\":[{\"@type\":\"ListItem\",\"position\":1,\"name\":\"In\u00edcio\",\"item\":\"https:\/\/jornalfatosenoticias.com.br\/\"},{\"@type\":\"ListItem\",\"position\":2,\"name\":\"Cidade Invis\u00edvel: saiba mais sobre os seres folcl\u00f3ricos da s\u00e9rie\"}]},{\"@type\":\"WebSite\",\"@id\":\"https:\/\/jornalfatosenoticias.com.br\/#website\",\"url\":\"https:\/\/jornalfatosenoticias.com.br\/\",\"name\":\"Jornal Fatos e Not\u00edcias\",\"description\":\"Not\u00edcias em geral\",\"publisher\":{\"@id\":\"https:\/\/jornalfatosenoticias.com.br\/#organization\"},\"potentialAction\":[{\"@type\":\"SearchAction\",\"target\":{\"@type\":\"EntryPoint\",\"urlTemplate\":\"https:\/\/jornalfatosenoticias.com.br\/?s={search_term_string}\"},\"query-input\":{\"@type\":\"PropertyValueSpecification\",\"valueRequired\":true,\"valueName\":\"search_term_string\"}}],\"inLanguage\":\"pt-BR\"},{\"@type\":\"Organization\",\"@id\":\"https:\/\/jornalfatosenoticias.com.br\/#organization\",\"name\":\"Jornal Fatos e Not\u00edcias\",\"url\":\"https:\/\/jornalfatosenoticias.com.br\/\",\"logo\":{\"@type\":\"ImageObject\",\"inLanguage\":\"pt-BR\",\"@id\":\"https:\/\/jornalfatosenoticias.com.br\/#\/schema\/logo\/image\/\",\"url\":\"https:\/\/jornalfatosenoticias.com.br\/wp-content\/uploads\/2020\/02\/logo120.png\",\"contentUrl\":\"https:\/\/jornalfatosenoticias.com.br\/wp-content\/uploads\/2020\/02\/logo120.png\",\"width\":1227,\"height\":120,\"caption\":\"Jornal Fatos e Not\u00edcias\"},\"image\":{\"@id\":\"https:\/\/jornalfatosenoticias.com.br\/#\/schema\/logo\/image\/\"}},{\"@type\":\"Person\",\"@id\":\"https:\/\/jornalfatosenoticias.com.br\/#\/schema\/person\/d63837fa13ac8666eb9e74e0985d6f81\",\"name\":\"Luzimara Fernandes\",\"image\":{\"@type\":\"ImageObject\",\"inLanguage\":\"pt-BR\",\"@id\":\"https:\/\/jornalfatosenoticias.com.br\/#\/schema\/person\/image\/\",\"url\":\"https:\/\/jornalfatosenoticias.com.br\/wp-content\/uploads\/2025\/05\/EU_portal.jpg\",\"contentUrl\":\"https:\/\/jornalfatosenoticias.com.br\/wp-content\/uploads\/2025\/05\/EU_portal.jpg\",\"caption\":\"Luzimara Fernandes\"},\"description\":\"Jornalista MTB 2358-ES\",\"sameAs\":[\"https:\/\/jornalfatosenoticias.com.br\"],\"url\":\"https:\/\/jornalfatosenoticias.com.br\/index.php\/author\/luzimara\/\"}]}<\/script>\n<!-- \/ Yoast SEO plugin. -->","yoast_head_json":{"title":"Cidade Invis\u00edvel: saiba mais sobre os seres folcl\u00f3ricos da s\u00e9rie - Jornal Fatos e Not\u00edcias","robots":{"index":"index","follow":"follow","max-snippet":"max-snippet:-1","max-image-preview":"max-image-preview:large","max-video-preview":"max-video-preview:-1"},"canonical":"https:\/\/jornalfatosenoticias.com.br\/index.php\/2021\/02\/15\/cidade-invisivel-saiba-mais-sobre-os-seres-folcloricos-da-serie\/","og_locale":"pt_BR","og_type":"article","og_title":"Cidade Invis\u00edvel: saiba mais sobre os seres folcl\u00f3ricos da s\u00e9rie - Jornal Fatos e Not\u00edcias","og_description":"Disponibilizada no \u00faltimo dia 5, a s\u00e9rie brasileira Cidade Invis\u00edvel vem fazendo os assinantes da Netflix ficarem cada vez mais interessados no folclore do Brasil. Para suprir essa curiosidade, trouxemos uma lista com um pouco da hist\u00f3ria de cada um desses personagens que fazem parte do imagin\u00e1rio dos brasileiros. Cuca Na lenda brasileira, a Cuca [&hellip;]","og_url":"https:\/\/jornalfatosenoticias.com.br\/index.php\/2021\/02\/15\/cidade-invisivel-saiba-mais-sobre-os-seres-folcloricos-da-serie\/","og_site_name":"Jornal Fatos e Not\u00edcias","article_published_time":"2021-02-15T14:27:20+00:00","article_modified_time":"2021-02-15T14:27:25+00:00","og_image":[{"width":1000,"height":400,"url":"https:\/\/jornalfatosenoticias.com.br\/wp-content\/uploads\/2021\/02\/cidade-invisivel.jpg","type":"image\/jpeg"}],"author":"Luzimara Fernandes","twitter_card":"summary_large_image","twitter_misc":{"Escrito por":"Luzimara Fernandes","Est. tempo de leitura":"3 minutos"},"schema":{"@context":"https:\/\/schema.org","@graph":[{"@type":"Article","@id":"https:\/\/jornalfatosenoticias.com.br\/index.php\/2021\/02\/15\/cidade-invisivel-saiba-mais-sobre-os-seres-folcloricos-da-serie\/#article","isPartOf":{"@id":"https:\/\/jornalfatosenoticias.com.br\/index.php\/2021\/02\/15\/cidade-invisivel-saiba-mais-sobre-os-seres-folcloricos-da-serie\/"},"author":{"name":"Luzimara Fernandes","@id":"https:\/\/jornalfatosenoticias.com.br\/#\/schema\/person\/d63837fa13ac8666eb9e74e0985d6f81"},"headline":"Cidade Invis\u00edvel: saiba mais sobre os seres folcl\u00f3ricos da s\u00e9rie","datePublished":"2021-02-15T14:27:20+00:00","dateModified":"2021-02-15T14:27:25+00:00","mainEntityOfPage":{"@id":"https:\/\/jornalfatosenoticias.com.br\/index.php\/2021\/02\/15\/cidade-invisivel-saiba-mais-sobre-os-seres-folcloricos-da-serie\/"},"wordCount":525,"commentCount":0,"publisher":{"@id":"https:\/\/jornalfatosenoticias.com.br\/#organization"},"image":{"@id":"https:\/\/jornalfatosenoticias.com.br\/index.php\/2021\/02\/15\/cidade-invisivel-saiba-mais-sobre-os-seres-folcloricos-da-serie\/#primaryimage"},"thumbnailUrl":"https:\/\/jornalfatosenoticias.com.br\/wp-content\/uploads\/2021\/02\/cidade-invisivel.jpg","keywords":["cultura nerd","folclore","folclore brasileiro","seriado"],"articleSection":["Cultura"],"inLanguage":"pt-BR","potentialAction":[{"@type":"CommentAction","name":"Comment","target":["https:\/\/jornalfatosenoticias.com.br\/index.php\/2021\/02\/15\/cidade-invisivel-saiba-mais-sobre-os-seres-folcloricos-da-serie\/#respond"]}]},{"@type":"WebPage","@id":"https:\/\/jornalfatosenoticias.com.br\/index.php\/2021\/02\/15\/cidade-invisivel-saiba-mais-sobre-os-seres-folcloricos-da-serie\/","url":"https:\/\/jornalfatosenoticias.com.br\/index.php\/2021\/02\/15\/cidade-invisivel-saiba-mais-sobre-os-seres-folcloricos-da-serie\/","name":"Cidade Invis\u00edvel: saiba mais sobre os seres folcl\u00f3ricos da s\u00e9rie - Jornal Fatos e Not\u00edcias","isPartOf":{"@id":"https:\/\/jornalfatosenoticias.com.br\/#website"},"primaryImageOfPage":{"@id":"https:\/\/jornalfatosenoticias.com.br\/index.php\/2021\/02\/15\/cidade-invisivel-saiba-mais-sobre-os-seres-folcloricos-da-serie\/#primaryimage"},"image":{"@id":"https:\/\/jornalfatosenoticias.com.br\/index.php\/2021\/02\/15\/cidade-invisivel-saiba-mais-sobre-os-seres-folcloricos-da-serie\/#primaryimage"},"thumbnailUrl":"https:\/\/jornalfatosenoticias.com.br\/wp-content\/uploads\/2021\/02\/cidade-invisivel.jpg","datePublished":"2021-02-15T14:27:20+00:00","dateModified":"2021-02-15T14:27:25+00:00","breadcrumb":{"@id":"https:\/\/jornalfatosenoticias.com.br\/index.php\/2021\/02\/15\/cidade-invisivel-saiba-mais-sobre-os-seres-folcloricos-da-serie\/#breadcrumb"},"inLanguage":"pt-BR","potentialAction":[{"@type":"ReadAction","target":["https:\/\/jornalfatosenoticias.com.br\/index.php\/2021\/02\/15\/cidade-invisivel-saiba-mais-sobre-os-seres-folcloricos-da-serie\/"]}]},{"@type":"ImageObject","inLanguage":"pt-BR","@id":"https:\/\/jornalfatosenoticias.com.br\/index.php\/2021\/02\/15\/cidade-invisivel-saiba-mais-sobre-os-seres-folcloricos-da-serie\/#primaryimage","url":"https:\/\/jornalfatosenoticias.com.br\/wp-content\/uploads\/2021\/02\/cidade-invisivel.jpg","contentUrl":"https:\/\/jornalfatosenoticias.com.br\/wp-content\/uploads\/2021\/02\/cidade-invisivel.jpg","width":1000,"height":400},{"@type":"BreadcrumbList","@id":"https:\/\/jornalfatosenoticias.com.br\/index.php\/2021\/02\/15\/cidade-invisivel-saiba-mais-sobre-os-seres-folcloricos-da-serie\/#breadcrumb","itemListElement":[{"@type":"ListItem","position":1,"name":"In\u00edcio","item":"https:\/\/jornalfatosenoticias.com.br\/"},{"@type":"ListItem","position":2,"name":"Cidade Invis\u00edvel: saiba mais sobre os seres folcl\u00f3ricos da s\u00e9rie"}]},{"@type":"WebSite","@id":"https:\/\/jornalfatosenoticias.com.br\/#website","url":"https:\/\/jornalfatosenoticias.com.br\/","name":"Jornal Fatos e Not\u00edcias","description":"Not\u00edcias em geral","publisher":{"@id":"https:\/\/jornalfatosenoticias.com.br\/#organization"},"potentialAction":[{"@type":"SearchAction","target":{"@type":"EntryPoint","urlTemplate":"https:\/\/jornalfatosenoticias.com.br\/?s={search_term_string}"},"query-input":{"@type":"PropertyValueSpecification","valueRequired":true,"valueName":"search_term_string"}}],"inLanguage":"pt-BR"},{"@type":"Organization","@id":"https:\/\/jornalfatosenoticias.com.br\/#organization","name":"Jornal Fatos e Not\u00edcias","url":"https:\/\/jornalfatosenoticias.com.br\/","logo":{"@type":"ImageObject","inLanguage":"pt-BR","@id":"https:\/\/jornalfatosenoticias.com.br\/#\/schema\/logo\/image\/","url":"https:\/\/jornalfatosenoticias.com.br\/wp-content\/uploads\/2020\/02\/logo120.png","contentUrl":"https:\/\/jornalfatosenoticias.com.br\/wp-content\/uploads\/2020\/02\/logo120.png","width":1227,"height":120,"caption":"Jornal Fatos e Not\u00edcias"},"image":{"@id":"https:\/\/jornalfatosenoticias.com.br\/#\/schema\/logo\/image\/"}},{"@type":"Person","@id":"https:\/\/jornalfatosenoticias.com.br\/#\/schema\/person\/d63837fa13ac8666eb9e74e0985d6f81","name":"Luzimara Fernandes","image":{"@type":"ImageObject","inLanguage":"pt-BR","@id":"https:\/\/jornalfatosenoticias.com.br\/#\/schema\/person\/image\/","url":"https:\/\/jornalfatosenoticias.com.br\/wp-content\/uploads\/2025\/05\/EU_portal.jpg","contentUrl":"https:\/\/jornalfatosenoticias.com.br\/wp-content\/uploads\/2025\/05\/EU_portal.jpg","caption":"Luzimara Fernandes"},"description":"Jornalista MTB 2358-ES","sameAs":["https:\/\/jornalfatosenoticias.com.br"],"url":"https:\/\/jornalfatosenoticias.com.br\/index.php\/author\/luzimara\/"}]}},"cc_featured_image_caption":{"caption_text":"(Toda Mat\u00e9ria\/Reprodu\u00e7\u00e3o)","source_text":"","source_url":""},"jetpack_featured_media_url":"https:\/\/jornalfatosenoticias.com.br\/wp-content\/uploads\/2021\/02\/cidade-invisivel.jpg","_links":{"self":[{"href":"https:\/\/jornalfatosenoticias.com.br\/index.php\/wp-json\/wp\/v2\/posts\/14724","targetHints":{"allow":["GET"]}}],"collection":[{"href":"https:\/\/jornalfatosenoticias.com.br\/index.php\/wp-json\/wp\/v2\/posts"}],"about":[{"href":"https:\/\/jornalfatosenoticias.com.br\/index.php\/wp-json\/wp\/v2\/types\/post"}],"author":[{"embeddable":true,"href":"https:\/\/jornalfatosenoticias.com.br\/index.php\/wp-json\/wp\/v2\/users\/2"}],"replies":[{"embeddable":true,"href":"https:\/\/jornalfatosenoticias.com.br\/index.php\/wp-json\/wp\/v2\/comments?post=14724"}],"version-history":[{"count":0,"href":"https:\/\/jornalfatosenoticias.com.br\/index.php\/wp-json\/wp\/v2\/posts\/14724\/revisions"}],"wp:featuredmedia":[{"embeddable":true,"href":"https:\/\/jornalfatosenoticias.com.br\/index.php\/wp-json\/wp\/v2\/media\/14732"}],"wp:attachment":[{"href":"https:\/\/jornalfatosenoticias.com.br\/index.php\/wp-json\/wp\/v2\/media?parent=14724"}],"wp:term":[{"taxonomy":"category","embeddable":true,"href":"https:\/\/jornalfatosenoticias.com.br\/index.php\/wp-json\/wp\/v2\/categories?post=14724"},{"taxonomy":"post_tag","embeddable":true,"href":"https:\/\/jornalfatosenoticias.com.br\/index.php\/wp-json\/wp\/v2\/tags?post=14724"}],"curies":[{"name":"wp","href":"https:\/\/api.w.org\/{rel}","templated":true}]}}