{"id":14757,"date":"2021-02-17T09:26:31","date_gmt":"2021-02-17T12:26:31","guid":{"rendered":"https:\/\/jornalfatosenoticias.com.br\/?p=14757"},"modified":"2021-02-17T09:26:37","modified_gmt":"2021-02-17T12:26:37","slug":"estamos-diante-da-diversidade-cosmica-diz-astronomo-sobre-exoplanetas","status":"publish","type":"post","link":"https:\/\/jornalfatosenoticias.com.br\/index.php\/2021\/02\/17\/estamos-diante-da-diversidade-cosmica-diz-astronomo-sobre-exoplanetas\/","title":{"rendered":"Estamos diante da diversidade c\u00f3smica, diz astr\u00f4nomo sobre exoplanetas"},"content":{"rendered":"\n<h6 class=\"wp-block-heading\"><em>Com dados da Nasa, grupo da UFRN colaborou com descoberta de planeta<\/em><\/h6>\n\n\n\n<p>\u201cEu sou de uma gera\u00e7\u00e3o que cresceu escutando que n\u00f3s s\u00f3 t\u00ednhamos os planetas do sistema solar. N\u00e3o existia essa hist\u00f3ria de outros planetas e ningu\u00e9m perguntava se era o \u00fanico. Ent\u00e3o houve, sim, uma pequena revolu\u00e7\u00e3o&#8221;.<br>A declara\u00e7\u00e3o \u00e9 do astr\u00f4nomo Jos\u00e9 Dias do Nascimento que hoje tem n\u00e3o s\u00f3 testemunhado revolu\u00e7\u00f5es envolvendo o espa\u00e7o, como participado delas.<br>A \u00faltima colabora\u00e7\u00e3o foi com a descoberta, anunciada este m\u00eas, de um exoplaneta raro, do tipo subSaturno, localizado a 250 anos-luz da Terra. \u00c9 o TOI 257-b, que leva 18 dias para dar uma volta ao redor de sua estrela.<br>Um mundo quente, gigante e gasoso, como ele explica. \u201cS\u00e3o planetas maiores que Netuno e menores que Saturno. \u00c9 um mundo gigante! Um planeta gigante, gasoso, com essa caracter\u00edstica. No entanto, apesar desse tamanho ele est\u00e1 ali colado na estrela. Ent\u00e3o, \u00e9 um planeta do tipo Saturno: muito quente e muito pr\u00f3ximo da estrela. E isso \u00e9 realmente uma coisa espantosa. Esse sistema subSaturno tem propriedades bastante interessantes e, por que n\u00e3o dizer, raras. O nosso sistema solar, por exemplo, n\u00e3o tem um planeta do tipo\u201d, afirma.<br>Jos\u00e9 Dias e o aluno de doutorado Leandro Almeida s\u00e3o integrantes do Grupo de Estrutura, Evolu\u00e7\u00e3o Estelar e Exoplanetas da Universidade Federal do Rio Grande do Norte (UFRN) e colaboraram com a descoberta, utilizando dados da miss\u00e3o TESS, da Ag\u00eancia Espacial Norte-Americana (Nasa).<br>Essa miss\u00e3o ca\u00e7a-planetas da Nasa est\u00e1 focada em localizar novos mundos, orbitando estrelas brilhantes nas redondezas do Sol.<br>Para quem aprendeu a contar nos dedos das m\u00e3os o total de planetas conhecidos, hoje lidar com os n\u00fameros que apontam a exist\u00eancia de mais de quatro mil planetas representa o conhecimento sobre a hist\u00f3ria do nosso sistema solar e do universo.<\/p>\n\n\n\n<blockquote class=\"wp-block-quote is-layout-flow wp-block-quote-is-layout-flow\"><p>\u201cN\u00f3s sabemos hoje que muitas estrelas, praticamente uma quantidade gigantesca de estrelas brilhantes, t\u00eam planetas. Ent\u00e3o, qualquer teoria que tente explicar quais s\u00e3o, na verdade, as condi\u00e7\u00f5es para se formar planetas gasosos e rochosos, pr\u00f3ximos ou longe da estrela, precisa explicar tamb\u00e9m a diversidade c\u00f3smica que estamos encontrando. Isso tudo \u00e9 um processo cient\u00edfico bastante complexo e que estamos vivendo hoje&#8221;, afirma.<\/p><\/blockquote>\n\n\n\n<p>O TOI-257b \u00e9 o segundo exoplaneta descoberto pelo grupo de pesquisadores, que espera ainda para este ano a localiza\u00e7\u00e3o do TOI-257c.<br>Sobre revolu\u00e7\u00f5es, Jos\u00e9 Dias destaca o ano de 2021. Especialmente pelas miss\u00f5es a caminho de Marte, como a Persevarance, da Nasa, que est\u00e1 prevista para chegar ao planeta vermelho nesta semana.<\/p>\n\n\n\n<blockquote class=\"wp-block-quote is-layout-flow wp-block-quote-is-layout-flow\"><p>&#8221;&#8217;Marte vai ser ainda o grande desafio, porque \u00e9 exatamente o limite. \u00c9 o que representava a Lua l\u00e1 na d\u00e9cada de 70. Ent\u00e3o, Marte recebe a\u00ed tr\u00eas ou quatro sondas nos pr\u00f3ximos anos&#8221;, diz.<\/p><\/blockquote>\n\n\n\n<p>Para Dias, este ano \u00e9 o momento espetacular porque cada uma dessas miss\u00f5es &#8221;traz as perguntas essenciais: como \u00e9 que o sistema solar se formou? Como \u00e9 que as coisas come\u00e7aram do ponto de vista de vida? A vida surgiu a partir de qual momento? Por que Marte n\u00e3o \u00e9 habit\u00e1vel? Ent\u00e3o, n\u00f3s temos de fato um ano extraordin\u00e1rio com rela\u00e7\u00e3o ao espa\u00e7o&#8221;.<br>De acordo com o astr\u00f4nomo, a &#8221;disputa&#8221; pela conquista espacial tem se destacado tamb\u00e9m em pa\u00edses fora do eixo Estados Unidos- Europa, como, por exemplo, China, \u00cdndia, Emirados \u00c1rabes e Jap\u00e3o.<br>Sobre as perspectivas para as miss\u00f5es envolvendo exoplanetas, ele chama a aten\u00e7\u00e3o para a miss\u00e3o europeia Plato, prevista para ser lan\u00e7ada em 2026.<\/p>\n\n\n\n<p><em>Ilustra\u00e7\u00e3o art\u00edstica do exoplaneta descoberto TOI-257b<\/em> <em><strong>(Foto: TESS\/Nasa) <\/strong><\/em><\/p>\n\n\n\n<p><strong><em>Fonte: <a href=\"https:\/\/agenciabrasil.ebc.com.br\/geral\/noticia\/2021-02\/estamos-diante-da-diversidade-cosmica-diz-astronomo-sobre-exoplanetas\">Ag\u00eancia Brasil<\/a><\/em><\/strong><\/p>\n","protected":false},"excerpt":{"rendered":"<p>Com dados da Nasa, grupo da UFRN colaborou com descoberta de planeta \u201cEu sou de uma gera\u00e7\u00e3o que cresceu escutando que n\u00f3s s\u00f3 t\u00ednhamos os planetas do sistema solar. N\u00e3o existia essa hist\u00f3ria de outros planetas e ningu\u00e9m perguntava se era o \u00fanico. Ent\u00e3o houve, sim, uma pequena revolu\u00e7\u00e3o&#8221;.A declara\u00e7\u00e3o \u00e9 do astr\u00f4nomo Jos\u00e9 Dias [&hellip;]<\/p>\n","protected":false},"author":2,"featured_media":14758,"comment_status":"open","ping_status":"open","sticky":false,"template":"","format":"standard","meta":{"footnotes":""},"categories":[2],"tags":[7532,7533,7534,2695],"class_list":["post-14757","post","type-post","status-publish","format-standard","has-post-thumbnail","hentry","category-ciencia","tag-astronomo","tag-exoplaneta","tag-toi-257b","tag-ufrn"],"yoast_head":"<!-- This site is optimized with the Yoast SEO plugin v26.5 - https:\/\/yoast.com\/wordpress\/plugins\/seo\/ -->\n<title>Estamos diante da diversidade c\u00f3smica, diz astr\u00f4nomo sobre exoplanetas - Jornal Fatos e Not\u00edcias<\/title>\n<meta name=\"robots\" content=\"index, follow, max-snippet:-1, max-image-preview:large, max-video-preview:-1\" \/>\n<link rel=\"canonical\" href=\"https:\/\/jornalfatosenoticias.com.br\/index.php\/2021\/02\/17\/estamos-diante-da-diversidade-cosmica-diz-astronomo-sobre-exoplanetas\/\" \/>\n<meta property=\"og:locale\" content=\"pt_BR\" \/>\n<meta property=\"og:type\" content=\"article\" \/>\n<meta property=\"og:title\" content=\"Estamos diante da diversidade c\u00f3smica, diz astr\u00f4nomo sobre exoplanetas - Jornal Fatos e Not\u00edcias\" \/>\n<meta property=\"og:description\" content=\"Com dados da Nasa, grupo da UFRN colaborou com descoberta de planeta \u201cEu sou de uma gera\u00e7\u00e3o que cresceu escutando que n\u00f3s s\u00f3 t\u00ednhamos os planetas do sistema solar. N\u00e3o existia essa hist\u00f3ria de outros planetas e ningu\u00e9m perguntava se era o \u00fanico. Ent\u00e3o houve, sim, uma pequena revolu\u00e7\u00e3o&#8221;.A declara\u00e7\u00e3o \u00e9 do astr\u00f4nomo Jos\u00e9 Dias [&hellip;]\" \/>\n<meta property=\"og:url\" content=\"https:\/\/jornalfatosenoticias.com.br\/index.php\/2021\/02\/17\/estamos-diante-da-diversidade-cosmica-diz-astronomo-sobre-exoplanetas\/\" \/>\n<meta property=\"og:site_name\" content=\"Jornal Fatos e Not\u00edcias\" \/>\n<meta property=\"article:published_time\" content=\"2021-02-17T12:26:31+00:00\" \/>\n<meta property=\"article:modified_time\" content=\"2021-02-17T12:26:37+00:00\" \/>\n<meta property=\"og:image\" content=\"https:\/\/jornalfatosenoticias.com.br\/wp-content\/uploads\/2021\/02\/ilustracao_artistica_do_exoplaneta_descoberto_toi-257b.jpg\" \/>\n\t<meta property=\"og:image:width\" content=\"1000\" \/>\n\t<meta property=\"og:image:height\" content=\"598\" \/>\n\t<meta property=\"og:image:type\" content=\"image\/jpeg\" \/>\n<meta name=\"author\" content=\"Luzimara Fernandes\" \/>\n<meta name=\"twitter:card\" content=\"summary_large_image\" \/>\n<meta name=\"twitter:label1\" content=\"Escrito por\" \/>\n\t<meta name=\"twitter:data1\" content=\"Luzimara Fernandes\" \/>\n\t<meta name=\"twitter:label2\" content=\"Est. tempo de leitura\" \/>\n\t<meta name=\"twitter:data2\" content=\"3 minutos\" \/>\n<script type=\"application\/ld+json\" class=\"yoast-schema-graph\">{\"@context\":\"https:\/\/schema.org\",\"@graph\":[{\"@type\":\"Article\",\"@id\":\"https:\/\/jornalfatosenoticias.com.br\/index.php\/2021\/02\/17\/estamos-diante-da-diversidade-cosmica-diz-astronomo-sobre-exoplanetas\/#article\",\"isPartOf\":{\"@id\":\"https:\/\/jornalfatosenoticias.com.br\/index.php\/2021\/02\/17\/estamos-diante-da-diversidade-cosmica-diz-astronomo-sobre-exoplanetas\/\"},\"author\":{\"name\":\"Luzimara Fernandes\",\"@id\":\"https:\/\/jornalfatosenoticias.com.br\/#\/schema\/person\/d63837fa13ac8666eb9e74e0985d6f81\"},\"headline\":\"Estamos diante da diversidade c\u00f3smica, diz astr\u00f4nomo sobre exoplanetas\",\"datePublished\":\"2021-02-17T12:26:31+00:00\",\"dateModified\":\"2021-02-17T12:26:37+00:00\",\"mainEntityOfPage\":{\"@id\":\"https:\/\/jornalfatosenoticias.com.br\/index.php\/2021\/02\/17\/estamos-diante-da-diversidade-cosmica-diz-astronomo-sobre-exoplanetas\/\"},\"wordCount\":642,\"commentCount\":0,\"publisher\":{\"@id\":\"https:\/\/jornalfatosenoticias.com.br\/#organization\"},\"image\":{\"@id\":\"https:\/\/jornalfatosenoticias.com.br\/index.php\/2021\/02\/17\/estamos-diante-da-diversidade-cosmica-diz-astronomo-sobre-exoplanetas\/#primaryimage\"},\"thumbnailUrl\":\"https:\/\/jornalfatosenoticias.com.br\/wp-content\/uploads\/2021\/02\/ilustracao_artistica_do_exoplaneta_descoberto_toi-257b.jpg\",\"keywords\":[\"astr\u00f4nomo\",\"exoplaneta\",\"TOI-257b\",\"UFRN\"],\"articleSection\":[\"Ci\u00eancia\"],\"inLanguage\":\"pt-BR\",\"potentialAction\":[{\"@type\":\"CommentAction\",\"name\":\"Comment\",\"target\":[\"https:\/\/jornalfatosenoticias.com.br\/index.php\/2021\/02\/17\/estamos-diante-da-diversidade-cosmica-diz-astronomo-sobre-exoplanetas\/#respond\"]}]},{\"@type\":\"WebPage\",\"@id\":\"https:\/\/jornalfatosenoticias.com.br\/index.php\/2021\/02\/17\/estamos-diante-da-diversidade-cosmica-diz-astronomo-sobre-exoplanetas\/\",\"url\":\"https:\/\/jornalfatosenoticias.com.br\/index.php\/2021\/02\/17\/estamos-diante-da-diversidade-cosmica-diz-astronomo-sobre-exoplanetas\/\",\"name\":\"Estamos diante da diversidade c\u00f3smica, diz astr\u00f4nomo sobre exoplanetas - Jornal Fatos e Not\u00edcias\",\"isPartOf\":{\"@id\":\"https:\/\/jornalfatosenoticias.com.br\/#website\"},\"primaryImageOfPage\":{\"@id\":\"https:\/\/jornalfatosenoticias.com.br\/index.php\/2021\/02\/17\/estamos-diante-da-diversidade-cosmica-diz-astronomo-sobre-exoplanetas\/#primaryimage\"},\"image\":{\"@id\":\"https:\/\/jornalfatosenoticias.com.br\/index.php\/2021\/02\/17\/estamos-diante-da-diversidade-cosmica-diz-astronomo-sobre-exoplanetas\/#primaryimage\"},\"thumbnailUrl\":\"https:\/\/jornalfatosenoticias.com.br\/wp-content\/uploads\/2021\/02\/ilustracao_artistica_do_exoplaneta_descoberto_toi-257b.jpg\",\"datePublished\":\"2021-02-17T12:26:31+00:00\",\"dateModified\":\"2021-02-17T12:26:37+00:00\",\"breadcrumb\":{\"@id\":\"https:\/\/jornalfatosenoticias.com.br\/index.php\/2021\/02\/17\/estamos-diante-da-diversidade-cosmica-diz-astronomo-sobre-exoplanetas\/#breadcrumb\"},\"inLanguage\":\"pt-BR\",\"potentialAction\":[{\"@type\":\"ReadAction\",\"target\":[\"https:\/\/jornalfatosenoticias.com.br\/index.php\/2021\/02\/17\/estamos-diante-da-diversidade-cosmica-diz-astronomo-sobre-exoplanetas\/\"]}]},{\"@type\":\"ImageObject\",\"inLanguage\":\"pt-BR\",\"@id\":\"https:\/\/jornalfatosenoticias.com.br\/index.php\/2021\/02\/17\/estamos-diante-da-diversidade-cosmica-diz-astronomo-sobre-exoplanetas\/#primaryimage\",\"url\":\"https:\/\/jornalfatosenoticias.com.br\/wp-content\/uploads\/2021\/02\/ilustracao_artistica_do_exoplaneta_descoberto_toi-257b.jpg\",\"contentUrl\":\"https:\/\/jornalfatosenoticias.com.br\/wp-content\/uploads\/2021\/02\/ilustracao_artistica_do_exoplaneta_descoberto_toi-257b.jpg\",\"width\":1000,\"height\":598},{\"@type\":\"BreadcrumbList\",\"@id\":\"https:\/\/jornalfatosenoticias.com.br\/index.php\/2021\/02\/17\/estamos-diante-da-diversidade-cosmica-diz-astronomo-sobre-exoplanetas\/#breadcrumb\",\"itemListElement\":[{\"@type\":\"ListItem\",\"position\":1,\"name\":\"In\u00edcio\",\"item\":\"https:\/\/jornalfatosenoticias.com.br\/\"},{\"@type\":\"ListItem\",\"position\":2,\"name\":\"Estamos diante da diversidade c\u00f3smica, diz astr\u00f4nomo sobre exoplanetas\"}]},{\"@type\":\"WebSite\",\"@id\":\"https:\/\/jornalfatosenoticias.com.br\/#website\",\"url\":\"https:\/\/jornalfatosenoticias.com.br\/\",\"name\":\"Jornal Fatos e Not\u00edcias\",\"description\":\"Not\u00edcias em geral\",\"publisher\":{\"@id\":\"https:\/\/jornalfatosenoticias.com.br\/#organization\"},\"potentialAction\":[{\"@type\":\"SearchAction\",\"target\":{\"@type\":\"EntryPoint\",\"urlTemplate\":\"https:\/\/jornalfatosenoticias.com.br\/?s={search_term_string}\"},\"query-input\":{\"@type\":\"PropertyValueSpecification\",\"valueRequired\":true,\"valueName\":\"search_term_string\"}}],\"inLanguage\":\"pt-BR\"},{\"@type\":\"Organization\",\"@id\":\"https:\/\/jornalfatosenoticias.com.br\/#organization\",\"name\":\"Jornal Fatos e Not\u00edcias\",\"url\":\"https:\/\/jornalfatosenoticias.com.br\/\",\"logo\":{\"@type\":\"ImageObject\",\"inLanguage\":\"pt-BR\",\"@id\":\"https:\/\/jornalfatosenoticias.com.br\/#\/schema\/logo\/image\/\",\"url\":\"https:\/\/jornalfatosenoticias.com.br\/wp-content\/uploads\/2020\/02\/logo120.png\",\"contentUrl\":\"https:\/\/jornalfatosenoticias.com.br\/wp-content\/uploads\/2020\/02\/logo120.png\",\"width\":1227,\"height\":120,\"caption\":\"Jornal Fatos e Not\u00edcias\"},\"image\":{\"@id\":\"https:\/\/jornalfatosenoticias.com.br\/#\/schema\/logo\/image\/\"}},{\"@type\":\"Person\",\"@id\":\"https:\/\/jornalfatosenoticias.com.br\/#\/schema\/person\/d63837fa13ac8666eb9e74e0985d6f81\",\"name\":\"Luzimara Fernandes\",\"image\":{\"@type\":\"ImageObject\",\"inLanguage\":\"pt-BR\",\"@id\":\"https:\/\/jornalfatosenoticias.com.br\/#\/schema\/person\/image\/\",\"url\":\"https:\/\/jornalfatosenoticias.com.br\/wp-content\/uploads\/2025\/05\/EU_portal.jpg\",\"contentUrl\":\"https:\/\/jornalfatosenoticias.com.br\/wp-content\/uploads\/2025\/05\/EU_portal.jpg\",\"caption\":\"Luzimara Fernandes\"},\"description\":\"Jornalista MTB 2358-ES\",\"sameAs\":[\"https:\/\/jornalfatosenoticias.com.br\"],\"url\":\"https:\/\/jornalfatosenoticias.com.br\/index.php\/author\/luzimara\/\"}]}<\/script>\n<!-- \/ Yoast SEO plugin. -->","yoast_head_json":{"title":"Estamos diante da diversidade c\u00f3smica, diz astr\u00f4nomo sobre exoplanetas - Jornal Fatos e Not\u00edcias","robots":{"index":"index","follow":"follow","max-snippet":"max-snippet:-1","max-image-preview":"max-image-preview:large","max-video-preview":"max-video-preview:-1"},"canonical":"https:\/\/jornalfatosenoticias.com.br\/index.php\/2021\/02\/17\/estamos-diante-da-diversidade-cosmica-diz-astronomo-sobre-exoplanetas\/","og_locale":"pt_BR","og_type":"article","og_title":"Estamos diante da diversidade c\u00f3smica, diz astr\u00f4nomo sobre exoplanetas - Jornal Fatos e Not\u00edcias","og_description":"Com dados da Nasa, grupo da UFRN colaborou com descoberta de planeta \u201cEu sou de uma gera\u00e7\u00e3o que cresceu escutando que n\u00f3s s\u00f3 t\u00ednhamos os planetas do sistema solar. N\u00e3o existia essa hist\u00f3ria de outros planetas e ningu\u00e9m perguntava se era o \u00fanico. Ent\u00e3o houve, sim, uma pequena revolu\u00e7\u00e3o&#8221;.A declara\u00e7\u00e3o \u00e9 do astr\u00f4nomo Jos\u00e9 Dias [&hellip;]","og_url":"https:\/\/jornalfatosenoticias.com.br\/index.php\/2021\/02\/17\/estamos-diante-da-diversidade-cosmica-diz-astronomo-sobre-exoplanetas\/","og_site_name":"Jornal Fatos e Not\u00edcias","article_published_time":"2021-02-17T12:26:31+00:00","article_modified_time":"2021-02-17T12:26:37+00:00","og_image":[{"width":1000,"height":598,"url":"https:\/\/jornalfatosenoticias.com.br\/wp-content\/uploads\/2021\/02\/ilustracao_artistica_do_exoplaneta_descoberto_toi-257b.jpg","type":"image\/jpeg"}],"author":"Luzimara Fernandes","twitter_card":"summary_large_image","twitter_misc":{"Escrito por":"Luzimara Fernandes","Est. tempo de leitura":"3 minutos"},"schema":{"@context":"https:\/\/schema.org","@graph":[{"@type":"Article","@id":"https:\/\/jornalfatosenoticias.com.br\/index.php\/2021\/02\/17\/estamos-diante-da-diversidade-cosmica-diz-astronomo-sobre-exoplanetas\/#article","isPartOf":{"@id":"https:\/\/jornalfatosenoticias.com.br\/index.php\/2021\/02\/17\/estamos-diante-da-diversidade-cosmica-diz-astronomo-sobre-exoplanetas\/"},"author":{"name":"Luzimara Fernandes","@id":"https:\/\/jornalfatosenoticias.com.br\/#\/schema\/person\/d63837fa13ac8666eb9e74e0985d6f81"},"headline":"Estamos diante da diversidade c\u00f3smica, diz astr\u00f4nomo sobre exoplanetas","datePublished":"2021-02-17T12:26:31+00:00","dateModified":"2021-02-17T12:26:37+00:00","mainEntityOfPage":{"@id":"https:\/\/jornalfatosenoticias.com.br\/index.php\/2021\/02\/17\/estamos-diante-da-diversidade-cosmica-diz-astronomo-sobre-exoplanetas\/"},"wordCount":642,"commentCount":0,"publisher":{"@id":"https:\/\/jornalfatosenoticias.com.br\/#organization"},"image":{"@id":"https:\/\/jornalfatosenoticias.com.br\/index.php\/2021\/02\/17\/estamos-diante-da-diversidade-cosmica-diz-astronomo-sobre-exoplanetas\/#primaryimage"},"thumbnailUrl":"https:\/\/jornalfatosenoticias.com.br\/wp-content\/uploads\/2021\/02\/ilustracao_artistica_do_exoplaneta_descoberto_toi-257b.jpg","keywords":["astr\u00f4nomo","exoplaneta","TOI-257b","UFRN"],"articleSection":["Ci\u00eancia"],"inLanguage":"pt-BR","potentialAction":[{"@type":"CommentAction","name":"Comment","target":["https:\/\/jornalfatosenoticias.com.br\/index.php\/2021\/02\/17\/estamos-diante-da-diversidade-cosmica-diz-astronomo-sobre-exoplanetas\/#respond"]}]},{"@type":"WebPage","@id":"https:\/\/jornalfatosenoticias.com.br\/index.php\/2021\/02\/17\/estamos-diante-da-diversidade-cosmica-diz-astronomo-sobre-exoplanetas\/","url":"https:\/\/jornalfatosenoticias.com.br\/index.php\/2021\/02\/17\/estamos-diante-da-diversidade-cosmica-diz-astronomo-sobre-exoplanetas\/","name":"Estamos diante da diversidade c\u00f3smica, diz astr\u00f4nomo sobre exoplanetas - Jornal Fatos e Not\u00edcias","isPartOf":{"@id":"https:\/\/jornalfatosenoticias.com.br\/#website"},"primaryImageOfPage":{"@id":"https:\/\/jornalfatosenoticias.com.br\/index.php\/2021\/02\/17\/estamos-diante-da-diversidade-cosmica-diz-astronomo-sobre-exoplanetas\/#primaryimage"},"image":{"@id":"https:\/\/jornalfatosenoticias.com.br\/index.php\/2021\/02\/17\/estamos-diante-da-diversidade-cosmica-diz-astronomo-sobre-exoplanetas\/#primaryimage"},"thumbnailUrl":"https:\/\/jornalfatosenoticias.com.br\/wp-content\/uploads\/2021\/02\/ilustracao_artistica_do_exoplaneta_descoberto_toi-257b.jpg","datePublished":"2021-02-17T12:26:31+00:00","dateModified":"2021-02-17T12:26:37+00:00","breadcrumb":{"@id":"https:\/\/jornalfatosenoticias.com.br\/index.php\/2021\/02\/17\/estamos-diante-da-diversidade-cosmica-diz-astronomo-sobre-exoplanetas\/#breadcrumb"},"inLanguage":"pt-BR","potentialAction":[{"@type":"ReadAction","target":["https:\/\/jornalfatosenoticias.com.br\/index.php\/2021\/02\/17\/estamos-diante-da-diversidade-cosmica-diz-astronomo-sobre-exoplanetas\/"]}]},{"@type":"ImageObject","inLanguage":"pt-BR","@id":"https:\/\/jornalfatosenoticias.com.br\/index.php\/2021\/02\/17\/estamos-diante-da-diversidade-cosmica-diz-astronomo-sobre-exoplanetas\/#primaryimage","url":"https:\/\/jornalfatosenoticias.com.br\/wp-content\/uploads\/2021\/02\/ilustracao_artistica_do_exoplaneta_descoberto_toi-257b.jpg","contentUrl":"https:\/\/jornalfatosenoticias.com.br\/wp-content\/uploads\/2021\/02\/ilustracao_artistica_do_exoplaneta_descoberto_toi-257b.jpg","width":1000,"height":598},{"@type":"BreadcrumbList","@id":"https:\/\/jornalfatosenoticias.com.br\/index.php\/2021\/02\/17\/estamos-diante-da-diversidade-cosmica-diz-astronomo-sobre-exoplanetas\/#breadcrumb","itemListElement":[{"@type":"ListItem","position":1,"name":"In\u00edcio","item":"https:\/\/jornalfatosenoticias.com.br\/"},{"@type":"ListItem","position":2,"name":"Estamos diante da diversidade c\u00f3smica, diz astr\u00f4nomo sobre exoplanetas"}]},{"@type":"WebSite","@id":"https:\/\/jornalfatosenoticias.com.br\/#website","url":"https:\/\/jornalfatosenoticias.com.br\/","name":"Jornal Fatos e Not\u00edcias","description":"Not\u00edcias em geral","publisher":{"@id":"https:\/\/jornalfatosenoticias.com.br\/#organization"},"potentialAction":[{"@type":"SearchAction","target":{"@type":"EntryPoint","urlTemplate":"https:\/\/jornalfatosenoticias.com.br\/?s={search_term_string}"},"query-input":{"@type":"PropertyValueSpecification","valueRequired":true,"valueName":"search_term_string"}}],"inLanguage":"pt-BR"},{"@type":"Organization","@id":"https:\/\/jornalfatosenoticias.com.br\/#organization","name":"Jornal Fatos e Not\u00edcias","url":"https:\/\/jornalfatosenoticias.com.br\/","logo":{"@type":"ImageObject","inLanguage":"pt-BR","@id":"https:\/\/jornalfatosenoticias.com.br\/#\/schema\/logo\/image\/","url":"https:\/\/jornalfatosenoticias.com.br\/wp-content\/uploads\/2020\/02\/logo120.png","contentUrl":"https:\/\/jornalfatosenoticias.com.br\/wp-content\/uploads\/2020\/02\/logo120.png","width":1227,"height":120,"caption":"Jornal Fatos e Not\u00edcias"},"image":{"@id":"https:\/\/jornalfatosenoticias.com.br\/#\/schema\/logo\/image\/"}},{"@type":"Person","@id":"https:\/\/jornalfatosenoticias.com.br\/#\/schema\/person\/d63837fa13ac8666eb9e74e0985d6f81","name":"Luzimara Fernandes","image":{"@type":"ImageObject","inLanguage":"pt-BR","@id":"https:\/\/jornalfatosenoticias.com.br\/#\/schema\/person\/image\/","url":"https:\/\/jornalfatosenoticias.com.br\/wp-content\/uploads\/2025\/05\/EU_portal.jpg","contentUrl":"https:\/\/jornalfatosenoticias.com.br\/wp-content\/uploads\/2025\/05\/EU_portal.jpg","caption":"Luzimara Fernandes"},"description":"Jornalista MTB 2358-ES","sameAs":["https:\/\/jornalfatosenoticias.com.br"],"url":"https:\/\/jornalfatosenoticias.com.br\/index.php\/author\/luzimara\/"}]}},"cc_featured_image_caption":{"caption_text":"","source_text":"","source_url":""},"jetpack_featured_media_url":"https:\/\/jornalfatosenoticias.com.br\/wp-content\/uploads\/2021\/02\/ilustracao_artistica_do_exoplaneta_descoberto_toi-257b.jpg","_links":{"self":[{"href":"https:\/\/jornalfatosenoticias.com.br\/index.php\/wp-json\/wp\/v2\/posts\/14757","targetHints":{"allow":["GET"]}}],"collection":[{"href":"https:\/\/jornalfatosenoticias.com.br\/index.php\/wp-json\/wp\/v2\/posts"}],"about":[{"href":"https:\/\/jornalfatosenoticias.com.br\/index.php\/wp-json\/wp\/v2\/types\/post"}],"author":[{"embeddable":true,"href":"https:\/\/jornalfatosenoticias.com.br\/index.php\/wp-json\/wp\/v2\/users\/2"}],"replies":[{"embeddable":true,"href":"https:\/\/jornalfatosenoticias.com.br\/index.php\/wp-json\/wp\/v2\/comments?post=14757"}],"version-history":[{"count":0,"href":"https:\/\/jornalfatosenoticias.com.br\/index.php\/wp-json\/wp\/v2\/posts\/14757\/revisions"}],"wp:featuredmedia":[{"embeddable":true,"href":"https:\/\/jornalfatosenoticias.com.br\/index.php\/wp-json\/wp\/v2\/media\/14758"}],"wp:attachment":[{"href":"https:\/\/jornalfatosenoticias.com.br\/index.php\/wp-json\/wp\/v2\/media?parent=14757"}],"wp:term":[{"taxonomy":"category","embeddable":true,"href":"https:\/\/jornalfatosenoticias.com.br\/index.php\/wp-json\/wp\/v2\/categories?post=14757"},{"taxonomy":"post_tag","embeddable":true,"href":"https:\/\/jornalfatosenoticias.com.br\/index.php\/wp-json\/wp\/v2\/tags?post=14757"}],"curies":[{"name":"wp","href":"https:\/\/api.w.org\/{rel}","templated":true}]}}