{"id":14779,"date":"2021-02-17T10:49:39","date_gmt":"2021-02-17T13:49:39","guid":{"rendered":"https:\/\/jornalfatosenoticias.com.br\/?p=14779"},"modified":"2021-02-17T10:49:44","modified_gmt":"2021-02-17T13:49:44","slug":"torre-de-babel-algumas-evidencias-de-que-o-monumento-existiu","status":"publish","type":"post","link":"https:\/\/jornalfatosenoticias.com.br\/index.php\/2021\/02\/17\/torre-de-babel-algumas-evidencias-de-que-o-monumento-existiu\/","title":{"rendered":"Torre de Babel: algumas evid\u00eancias de que o monumento existiu"},"content":{"rendered":"\n<p>Antes de falar sobre a Torre de Babel, \u00e9 importante um esclarecimento sobre os mitos, pois simplesmente dizer que esse monumento \u00e9 s\u00f3 um mito de origem constitui uma defini\u00e7\u00e3o muito reducionista de um conceito que, por s\u00e9culos, explicou um fen\u00f4meno muito caro \u00e0 sociedade humana, que \u00e9 a pluralidade das l\u00ednguas faladas.<br>Os mitos de origem, assim como os cosmog\u00f4nicos (que explicam o surgimento do Universo), s\u00e3o formas encontradas pelos povos antigos para <a href=\"https:\/\/www.megacurioso.com.br\/lugares-surpreendentes\/100573-5-lugares-lendarios-que-ninguem-sabe-ao-certo-se-existiram-de-verdade.htm\" rel=\"noreferrer noopener\" target=\"_blank\">explicar a sua realidade<\/a>\u00a0ou, no caso, a origem de uma tradi\u00e7\u00e3o. Mitos n\u00e3o s\u00e3o fantasias, mas tamb\u00e9m\u00a0<a href=\"https:\/\/www.megacurioso.com.br\/religiao\/72991-9-vezes-que-o-criacionismo-bater-o-evolucionismo-para-explicar-o-universo.htm\" rel=\"noreferrer noopener\" target=\"_blank\">n\u00e3o s\u00e3o verdades cient\u00edficas<\/a>.<br>A Torre de Babel sempre foi um tema misterioso que <a href=\"https:\/\/www.megacurioso.com.br\/artes\/102306-20-cenas-de-filmes-que-foram-baseadas-em-famosas-obras-de-artes.htm\" rel=\"noreferrer noopener\" target=\"_blank\">habitou o imagin\u00e1rio<\/a> tanto dos que acham que mitos s\u00e3o reais quanto dos cientistas, estes n\u00e3o no sentido de negar a exist\u00eancia do monumento, mas de pesquisar evid\u00eancias hist\u00f3ricas relacionadas \u00e0 constru\u00e7\u00e3o hist\u00f3rica, como o templo de Marduk (ou Babel) ao sul da antiga Mesopot\u00e2mia.<\/p>\n\n\n\n<h4 class=\"wp-block-heading\">Seria a Torre de Babel um zigurate da Mesopot\u00e2mia?<\/h4>\n\n\n\n<figure class=\"wp-block-image size-large\"><img loading=\"lazy\" decoding=\"async\" width=\"1000\" height=\"832\" src=\"https:\/\/jornalfatosenoticias.com.br\/wp-content\/uploads\/2021\/02\/torre-de-babel2.jpg\" alt=\"\" class=\"wp-image-14780\" srcset=\"https:\/\/jornalfatosenoticias.com.br\/wp-content\/uploads\/2021\/02\/torre-de-babel2.jpg 1000w, https:\/\/jornalfatosenoticias.com.br\/wp-content\/uploads\/2021\/02\/torre-de-babel2-300x250.jpg 300w, https:\/\/jornalfatosenoticias.com.br\/wp-content\/uploads\/2021\/02\/torre-de-babel2-768x639.jpg 768w\" sizes=\"auto, (max-width: 1000px) 100vw, 1000px\" \/><figcaption><em>(Foto: Apaixonados por Hist\u00f3ria\/Reprodu\u00e7\u00e3o)<\/em><\/figcaption><\/figure>\n\n\n\n<p>Os que defendem a exist\u00eancia factual da Torre de Babel, como o Dr. Douglas Petrovich, da Universidade de Toronto no Canad\u00e1, especulam que o monumento b\u00edblico possa estar relacionado com o zigurate de Etemenanki. <a href=\"https:\/\/www.megacurioso.com.br\/educacao\/110739-a-curiosa-construcao-babilonica-que-ja-foi-chamada-de-torre-de-babel.htm\" rel=\"noreferrer noopener\" target=\"_blank\">O zigurate<\/a> era um tipo de constru\u00e7\u00e3o arquitet\u00f4nica de car\u00e1ter religioso, datada entre o quarto mil\u00eanio a.C. e o s\u00e9culo VII a.C.<br>Essas edifica\u00e7\u00f5es apresentam algumas similaridades com as pir\u00e2mides eg\u00edpcias e eram erigidas por meio de fiadas de tijolos dispostos de maneira a estruturar um conjunto de degraus, que levavam at\u00e9 um templo constru\u00eddo no topo do edif\u00edcio. Um desses templos, o de Marduk, foi reconstru\u00eddo pelo rei Nabucodonosor II e pelo seu pai Nabopolassar, no s\u00e9culo VII a. C., na Babil\u00f4nia.<br>Em entrevista \u00e0 Smithsonian Magazine, o professor da Universidade de Londres Andrew George fala de um estudo realizado em 2017, sobre uma pedra encontrada na antiga Babil\u00f4nia (hoje Iraque) h\u00e1 mais de 100 anos e que, teoricamente, poderia comprovar a exist\u00eancia da Torre de Babel.<br>No referido objeto, h\u00e1 o desenho de uma torre com degraus e, ao lado, uma pessoa usando um chap\u00e9u em forma de cone segurando uma lan\u00e7a. Abaixo h\u00e1 uma inscri\u00e7\u00e3o que, segundo George, diz: &#8220;<a href=\"https:\/\/www.megacurioso.com.br\/estilo-de-vida\/110000-o-zigurate-de-chogha-zanbil.htm\" rel=\"noreferrer noopener\" target=\"_blank\">zigurate<\/a>&#8220;. Datada do s\u00e9culo VI a.C., a pedra revela detalhes da constru\u00e7\u00e3o da estrutura, situando-a no reinado do imperador Nabucodonosor II.<\/p>\n\n\n\n<h4 class=\"wp-block-heading\">O que diz a B\u00edblia?<\/h4>\n\n\n\n<p>Muitos detalhes escritos na rocha confirmam os relatos b\u00edblicos. O Antigo Testamento afirma, em G\u00eanesis 10, que depois do Dil\u00favio, diferentes grupos de pessoas se dispersaram pelo mundo, com origem nas tr\u00eas linhagens dos filhos de No\u00e9, ou seja, foram divididos em l\u00ednguas, cl\u00e3s e na\u00e7\u00f5es.<br>Mais adiante, no entanto, Mois\u00e9s explica em uma Tabela das Na\u00e7\u00f5es que: \u201cagora, toda <a href=\"https:\/\/www.megacurioso.com.br\/comportamento\/51317-e-se-todo-mundo-falasse-o-mesmo-idioma.htm\" rel=\"noreferrer noopener\" target=\"_blank\">a terra tinha uma l\u00edngua<\/a> e as mesmas palavras. E como as pessoas migraram do leste, eles encontraram uma plan\u00edcie na terra de Shinar e se estabeleceram l\u00e1\u201d (G\u00eanesis 10: 32-11: 2).<br>Analisando essas passagens b\u00edblicas, Petrovich observa que a palavra \u201cShinar\u201d \u00e9 o equivalente hebraico do termo acadiano \u201cShumer\u201d, que os historiadores atuais chamam de \u201cSum\u00e9ria\u201d. Nessa passagem, ap\u00f3s falar da dispers\u00e3o, Mois\u00e9s retorna \u00e0 hist\u00f3ria para explicar como as diferentes l\u00ednguas se formaram, um estilo narrativo caracter\u00edstico dos textos hebraicos.<\/p>\n\n\n\n<figure class=\"wp-block-image size-large\"><img loading=\"lazy\" decoding=\"async\" width=\"1000\" height=\"793\" src=\"https:\/\/jornalfatosenoticias.com.br\/wp-content\/uploads\/2021\/02\/torre-de-babel3.png\" alt=\"\" class=\"wp-image-14781\" srcset=\"https:\/\/jornalfatosenoticias.com.br\/wp-content\/uploads\/2021\/02\/torre-de-babel3.png 1000w, https:\/\/jornalfatosenoticias.com.br\/wp-content\/uploads\/2021\/02\/torre-de-babel3-300x238.png 300w, https:\/\/jornalfatosenoticias.com.br\/wp-content\/uploads\/2021\/02\/torre-de-babel3-768x609.png 768w, https:\/\/jornalfatosenoticias.com.br\/wp-content\/uploads\/2021\/02\/torre-de-babel3-580x460.png 580w\" sizes=\"auto, (max-width: 1000px) 100vw, 1000px\" \/><figcaption><em>(Foto: Smithsonian Magazine\/Reprodu\u00e7\u00e3o)<\/em><\/figcaption><\/figure>\n\n\n\n<h4 class=\"wp-block-heading\">A dispers\u00e3o e as linguagens<\/h4>\n\n\n\n<p>Doug Petrovich afirma, com base em G\u00eanesis 10, que, ap\u00f3s o evento diluviano, diversos agrupamentos humanos come\u00e7aram a se espalhar gradualmente pela face da terra. Essas pessoas viviam em pequenas comunidades, com baixo desenvolvimento tecnol\u00f3gico, o que \u00e9 vis\u00edvel nos registros arqueol\u00f3gicos existentes.<br>G\u00eanesis 11, por\u00e9m, revela um evento tecnol\u00f3gico para o arque\u00f3logo, quando um grupo de pessoas muda-se para as plan\u00edcies de Shinar e come\u00e7a a construir a primeira grande metr\u00f3pole. Conforme o relato de Mois\u00e9s, esse \u00e9 um povo orgulhoso, capaz de organizar uma comunidade urbana cujo potencial tecnol\u00f3gico permitiria construir um edif\u00edcio com \u201cseu topo nos c\u00e9us\u201d, em uma clara afronta a Deus.<br>Como consequ\u00eancia desse orgulho, Deus os pune confundindo suas linguagens e os dispersando pela terra. Novamente, o registro arqueol\u00f3gico revela que esses habitantes, em determinado momento, passaram a construir novas comunidades em regi\u00f5es menos desenvolvidas, invadiram outras j\u00e1 existentes ou mudaram-se para cidades maiores onde passaram a viver em \u00e1reas separadas (bairros?).<br>O trabalho de tentar sincronizar os achados arqueol\u00f3gicos com os relatos b\u00edblicos \u00e9 um campo ainda pouco explorado, com car\u00eancia de pesquisadores dispostos a encarar a tarefa com um esp\u00edrito verdadeiramente cient\u00edfico. Al\u00e9m disso, h\u00e1 v\u00e1rios desafios a conciliar, como os diferentes m\u00e9todos de data\u00e7\u00e3o, <a href=\"https:\/\/www.megacurioso.com.br\/ciencia\/117287-sutton-hoo-sitio-arqueologico-que-revelou-mais-sobre-a-inglaterra-medieval.htm\" rel=\"noreferrer noopener\" target=\"_blank\">novas ferramentas de pesquisa<\/a> arqueol\u00f3gica, diferentes tradi\u00e7\u00f5es cronol\u00f3gicas e tradu\u00e7\u00f5es b\u00edblicas distintas.<\/p>\n\n\n\n<p><em><strong>Foto de capa:<\/strong> Smithsonian Magazine\/Reprodu\u00e7\u00e3o<\/em><\/p>\n\n\n\n<p><em><strong>Fonte: <a href=\"https:\/\/www.megacurioso.com.br\/artes-cultura\/117638-torre-de-babel-algumas-evidencias-de-que-o-monumento-existiu.htm\">Megacurioso<\/a><\/strong><\/em><\/p>\n","protected":false},"excerpt":{"rendered":"<p>Antes de falar sobre a Torre de Babel, \u00e9 importante um esclarecimento sobre os mitos, pois simplesmente dizer que esse monumento \u00e9 s\u00f3 um mito de origem constitui uma defini\u00e7\u00e3o muito reducionista de um conceito que, por s\u00e9culos, explicou um fen\u00f4meno muito caro \u00e0 sociedade humana, que \u00e9 a pluralidade das l\u00ednguas faladas.Os mitos de [&hellip;]<\/p>\n","protected":false},"author":2,"featured_media":14782,"comment_status":"open","ping_status":"open","sticky":false,"template":"","format":"standard","meta":{"footnotes":""},"categories":[4],"tags":[1478,3168,7536,3294,7535],"class_list":["post-14779","post","type-post","status-publish","format-standard","has-post-thumbnail","hentry","category-cultura","tag-arqueologia","tag-biblia","tag-linguas","tag-religiao","tag-torre-de-babel"],"yoast_head":"<!-- This site is optimized with the Yoast SEO plugin v26.5 - https:\/\/yoast.com\/wordpress\/plugins\/seo\/ -->\n<title>Torre de Babel: algumas evid\u00eancias de que o monumento existiu - Jornal Fatos e Not\u00edcias<\/title>\n<meta name=\"robots\" content=\"index, follow, max-snippet:-1, max-image-preview:large, max-video-preview:-1\" \/>\n<link rel=\"canonical\" href=\"https:\/\/jornalfatosenoticias.com.br\/index.php\/2021\/02\/17\/torre-de-babel-algumas-evidencias-de-que-o-monumento-existiu\/\" \/>\n<meta property=\"og:locale\" content=\"pt_BR\" \/>\n<meta property=\"og:type\" content=\"article\" \/>\n<meta property=\"og:title\" content=\"Torre de Babel: algumas evid\u00eancias de que o monumento existiu - Jornal Fatos e Not\u00edcias\" \/>\n<meta property=\"og:description\" content=\"Antes de falar sobre a Torre de Babel, \u00e9 importante um esclarecimento sobre os mitos, pois simplesmente dizer que esse monumento \u00e9 s\u00f3 um mito de origem constitui uma defini\u00e7\u00e3o muito reducionista de um conceito que, por s\u00e9culos, explicou um fen\u00f4meno muito caro \u00e0 sociedade humana, que \u00e9 a pluralidade das l\u00ednguas faladas.Os mitos de [&hellip;]\" \/>\n<meta property=\"og:url\" content=\"https:\/\/jornalfatosenoticias.com.br\/index.php\/2021\/02\/17\/torre-de-babel-algumas-evidencias-de-que-o-monumento-existiu\/\" \/>\n<meta property=\"og:site_name\" content=\"Jornal Fatos e Not\u00edcias\" \/>\n<meta property=\"article:published_time\" content=\"2021-02-17T13:49:39+00:00\" \/>\n<meta property=\"article:modified_time\" content=\"2021-02-17T13:49:44+00:00\" \/>\n<meta property=\"og:image\" content=\"https:\/\/jornalfatosenoticias.com.br\/wp-content\/uploads\/2021\/02\/torre-de-babel.jpg\" \/>\n\t<meta property=\"og:image:width\" content=\"1000\" \/>\n\t<meta property=\"og:image:height\" content=\"655\" \/>\n\t<meta property=\"og:image:type\" content=\"image\/jpeg\" \/>\n<meta name=\"author\" content=\"Luzimara Fernandes\" \/>\n<meta name=\"twitter:card\" content=\"summary_large_image\" \/>\n<meta name=\"twitter:label1\" content=\"Escrito por\" \/>\n\t<meta name=\"twitter:data1\" content=\"Luzimara Fernandes\" \/>\n\t<meta name=\"twitter:label2\" content=\"Est. tempo de leitura\" \/>\n\t<meta name=\"twitter:data2\" content=\"4 minutos\" \/>\n<script type=\"application\/ld+json\" class=\"yoast-schema-graph\">{\"@context\":\"https:\/\/schema.org\",\"@graph\":[{\"@type\":\"Article\",\"@id\":\"https:\/\/jornalfatosenoticias.com.br\/index.php\/2021\/02\/17\/torre-de-babel-algumas-evidencias-de-que-o-monumento-existiu\/#article\",\"isPartOf\":{\"@id\":\"https:\/\/jornalfatosenoticias.com.br\/index.php\/2021\/02\/17\/torre-de-babel-algumas-evidencias-de-que-o-monumento-existiu\/\"},\"author\":{\"name\":\"Luzimara Fernandes\",\"@id\":\"https:\/\/jornalfatosenoticias.com.br\/#\/schema\/person\/d63837fa13ac8666eb9e74e0985d6f81\"},\"headline\":\"Torre de Babel: algumas evid\u00eancias de que o monumento existiu\",\"datePublished\":\"2021-02-17T13:49:39+00:00\",\"dateModified\":\"2021-02-17T13:49:44+00:00\",\"mainEntityOfPage\":{\"@id\":\"https:\/\/jornalfatosenoticias.com.br\/index.php\/2021\/02\/17\/torre-de-babel-algumas-evidencias-de-que-o-monumento-existiu\/\"},\"wordCount\":862,\"commentCount\":0,\"publisher\":{\"@id\":\"https:\/\/jornalfatosenoticias.com.br\/#organization\"},\"image\":{\"@id\":\"https:\/\/jornalfatosenoticias.com.br\/index.php\/2021\/02\/17\/torre-de-babel-algumas-evidencias-de-que-o-monumento-existiu\/#primaryimage\"},\"thumbnailUrl\":\"https:\/\/jornalfatosenoticias.com.br\/wp-content\/uploads\/2021\/02\/torre-de-babel.jpg\",\"keywords\":[\"arqueologia\",\"B\u00edblia\",\"l\u00ednguas\",\"religi\u00e3o\",\"Torre de Babel\"],\"articleSection\":[\"Cultura\"],\"inLanguage\":\"pt-BR\",\"potentialAction\":[{\"@type\":\"CommentAction\",\"name\":\"Comment\",\"target\":[\"https:\/\/jornalfatosenoticias.com.br\/index.php\/2021\/02\/17\/torre-de-babel-algumas-evidencias-de-que-o-monumento-existiu\/#respond\"]}]},{\"@type\":\"WebPage\",\"@id\":\"https:\/\/jornalfatosenoticias.com.br\/index.php\/2021\/02\/17\/torre-de-babel-algumas-evidencias-de-que-o-monumento-existiu\/\",\"url\":\"https:\/\/jornalfatosenoticias.com.br\/index.php\/2021\/02\/17\/torre-de-babel-algumas-evidencias-de-que-o-monumento-existiu\/\",\"name\":\"Torre de Babel: algumas evid\u00eancias de que o monumento existiu - Jornal Fatos e Not\u00edcias\",\"isPartOf\":{\"@id\":\"https:\/\/jornalfatosenoticias.com.br\/#website\"},\"primaryImageOfPage\":{\"@id\":\"https:\/\/jornalfatosenoticias.com.br\/index.php\/2021\/02\/17\/torre-de-babel-algumas-evidencias-de-que-o-monumento-existiu\/#primaryimage\"},\"image\":{\"@id\":\"https:\/\/jornalfatosenoticias.com.br\/index.php\/2021\/02\/17\/torre-de-babel-algumas-evidencias-de-que-o-monumento-existiu\/#primaryimage\"},\"thumbnailUrl\":\"https:\/\/jornalfatosenoticias.com.br\/wp-content\/uploads\/2021\/02\/torre-de-babel.jpg\",\"datePublished\":\"2021-02-17T13:49:39+00:00\",\"dateModified\":\"2021-02-17T13:49:44+00:00\",\"breadcrumb\":{\"@id\":\"https:\/\/jornalfatosenoticias.com.br\/index.php\/2021\/02\/17\/torre-de-babel-algumas-evidencias-de-que-o-monumento-existiu\/#breadcrumb\"},\"inLanguage\":\"pt-BR\",\"potentialAction\":[{\"@type\":\"ReadAction\",\"target\":[\"https:\/\/jornalfatosenoticias.com.br\/index.php\/2021\/02\/17\/torre-de-babel-algumas-evidencias-de-que-o-monumento-existiu\/\"]}]},{\"@type\":\"ImageObject\",\"inLanguage\":\"pt-BR\",\"@id\":\"https:\/\/jornalfatosenoticias.com.br\/index.php\/2021\/02\/17\/torre-de-babel-algumas-evidencias-de-que-o-monumento-existiu\/#primaryimage\",\"url\":\"https:\/\/jornalfatosenoticias.com.br\/wp-content\/uploads\/2021\/02\/torre-de-babel.jpg\",\"contentUrl\":\"https:\/\/jornalfatosenoticias.com.br\/wp-content\/uploads\/2021\/02\/torre-de-babel.jpg\",\"width\":1000,\"height\":655},{\"@type\":\"BreadcrumbList\",\"@id\":\"https:\/\/jornalfatosenoticias.com.br\/index.php\/2021\/02\/17\/torre-de-babel-algumas-evidencias-de-que-o-monumento-existiu\/#breadcrumb\",\"itemListElement\":[{\"@type\":\"ListItem\",\"position\":1,\"name\":\"In\u00edcio\",\"item\":\"https:\/\/jornalfatosenoticias.com.br\/\"},{\"@type\":\"ListItem\",\"position\":2,\"name\":\"Torre de Babel: algumas evid\u00eancias de que o monumento existiu\"}]},{\"@type\":\"WebSite\",\"@id\":\"https:\/\/jornalfatosenoticias.com.br\/#website\",\"url\":\"https:\/\/jornalfatosenoticias.com.br\/\",\"name\":\"Jornal Fatos e Not\u00edcias\",\"description\":\"Not\u00edcias em geral\",\"publisher\":{\"@id\":\"https:\/\/jornalfatosenoticias.com.br\/#organization\"},\"potentialAction\":[{\"@type\":\"SearchAction\",\"target\":{\"@type\":\"EntryPoint\",\"urlTemplate\":\"https:\/\/jornalfatosenoticias.com.br\/?s={search_term_string}\"},\"query-input\":{\"@type\":\"PropertyValueSpecification\",\"valueRequired\":true,\"valueName\":\"search_term_string\"}}],\"inLanguage\":\"pt-BR\"},{\"@type\":\"Organization\",\"@id\":\"https:\/\/jornalfatosenoticias.com.br\/#organization\",\"name\":\"Jornal Fatos e Not\u00edcias\",\"url\":\"https:\/\/jornalfatosenoticias.com.br\/\",\"logo\":{\"@type\":\"ImageObject\",\"inLanguage\":\"pt-BR\",\"@id\":\"https:\/\/jornalfatosenoticias.com.br\/#\/schema\/logo\/image\/\",\"url\":\"https:\/\/jornalfatosenoticias.com.br\/wp-content\/uploads\/2020\/02\/logo120.png\",\"contentUrl\":\"https:\/\/jornalfatosenoticias.com.br\/wp-content\/uploads\/2020\/02\/logo120.png\",\"width\":1227,\"height\":120,\"caption\":\"Jornal Fatos e Not\u00edcias\"},\"image\":{\"@id\":\"https:\/\/jornalfatosenoticias.com.br\/#\/schema\/logo\/image\/\"}},{\"@type\":\"Person\",\"@id\":\"https:\/\/jornalfatosenoticias.com.br\/#\/schema\/person\/d63837fa13ac8666eb9e74e0985d6f81\",\"name\":\"Luzimara Fernandes\",\"image\":{\"@type\":\"ImageObject\",\"inLanguage\":\"pt-BR\",\"@id\":\"https:\/\/jornalfatosenoticias.com.br\/#\/schema\/person\/image\/\",\"url\":\"https:\/\/jornalfatosenoticias.com.br\/wp-content\/uploads\/2025\/05\/EU_portal.jpg\",\"contentUrl\":\"https:\/\/jornalfatosenoticias.com.br\/wp-content\/uploads\/2025\/05\/EU_portal.jpg\",\"caption\":\"Luzimara Fernandes\"},\"description\":\"Jornalista MTB 2358-ES\",\"sameAs\":[\"https:\/\/jornalfatosenoticias.com.br\"],\"url\":\"https:\/\/jornalfatosenoticias.com.br\/index.php\/author\/luzimara\/\"}]}<\/script>\n<!-- \/ Yoast SEO plugin. -->","yoast_head_json":{"title":"Torre de Babel: algumas evid\u00eancias de que o monumento existiu - Jornal Fatos e Not\u00edcias","robots":{"index":"index","follow":"follow","max-snippet":"max-snippet:-1","max-image-preview":"max-image-preview:large","max-video-preview":"max-video-preview:-1"},"canonical":"https:\/\/jornalfatosenoticias.com.br\/index.php\/2021\/02\/17\/torre-de-babel-algumas-evidencias-de-que-o-monumento-existiu\/","og_locale":"pt_BR","og_type":"article","og_title":"Torre de Babel: algumas evid\u00eancias de que o monumento existiu - Jornal Fatos e Not\u00edcias","og_description":"Antes de falar sobre a Torre de Babel, \u00e9 importante um esclarecimento sobre os mitos, pois simplesmente dizer que esse monumento \u00e9 s\u00f3 um mito de origem constitui uma defini\u00e7\u00e3o muito reducionista de um conceito que, por s\u00e9culos, explicou um fen\u00f4meno muito caro \u00e0 sociedade humana, que \u00e9 a pluralidade das l\u00ednguas faladas.Os mitos de [&hellip;]","og_url":"https:\/\/jornalfatosenoticias.com.br\/index.php\/2021\/02\/17\/torre-de-babel-algumas-evidencias-de-que-o-monumento-existiu\/","og_site_name":"Jornal Fatos e Not\u00edcias","article_published_time":"2021-02-17T13:49:39+00:00","article_modified_time":"2021-02-17T13:49:44+00:00","og_image":[{"width":1000,"height":655,"url":"https:\/\/jornalfatosenoticias.com.br\/wp-content\/uploads\/2021\/02\/torre-de-babel.jpg","type":"image\/jpeg"}],"author":"Luzimara Fernandes","twitter_card":"summary_large_image","twitter_misc":{"Escrito por":"Luzimara Fernandes","Est. tempo de leitura":"4 minutos"},"schema":{"@context":"https:\/\/schema.org","@graph":[{"@type":"Article","@id":"https:\/\/jornalfatosenoticias.com.br\/index.php\/2021\/02\/17\/torre-de-babel-algumas-evidencias-de-que-o-monumento-existiu\/#article","isPartOf":{"@id":"https:\/\/jornalfatosenoticias.com.br\/index.php\/2021\/02\/17\/torre-de-babel-algumas-evidencias-de-que-o-monumento-existiu\/"},"author":{"name":"Luzimara Fernandes","@id":"https:\/\/jornalfatosenoticias.com.br\/#\/schema\/person\/d63837fa13ac8666eb9e74e0985d6f81"},"headline":"Torre de Babel: algumas evid\u00eancias de que o monumento existiu","datePublished":"2021-02-17T13:49:39+00:00","dateModified":"2021-02-17T13:49:44+00:00","mainEntityOfPage":{"@id":"https:\/\/jornalfatosenoticias.com.br\/index.php\/2021\/02\/17\/torre-de-babel-algumas-evidencias-de-que-o-monumento-existiu\/"},"wordCount":862,"commentCount":0,"publisher":{"@id":"https:\/\/jornalfatosenoticias.com.br\/#organization"},"image":{"@id":"https:\/\/jornalfatosenoticias.com.br\/index.php\/2021\/02\/17\/torre-de-babel-algumas-evidencias-de-que-o-monumento-existiu\/#primaryimage"},"thumbnailUrl":"https:\/\/jornalfatosenoticias.com.br\/wp-content\/uploads\/2021\/02\/torre-de-babel.jpg","keywords":["arqueologia","B\u00edblia","l\u00ednguas","religi\u00e3o","Torre de Babel"],"articleSection":["Cultura"],"inLanguage":"pt-BR","potentialAction":[{"@type":"CommentAction","name":"Comment","target":["https:\/\/jornalfatosenoticias.com.br\/index.php\/2021\/02\/17\/torre-de-babel-algumas-evidencias-de-que-o-monumento-existiu\/#respond"]}]},{"@type":"WebPage","@id":"https:\/\/jornalfatosenoticias.com.br\/index.php\/2021\/02\/17\/torre-de-babel-algumas-evidencias-de-que-o-monumento-existiu\/","url":"https:\/\/jornalfatosenoticias.com.br\/index.php\/2021\/02\/17\/torre-de-babel-algumas-evidencias-de-que-o-monumento-existiu\/","name":"Torre de Babel: algumas evid\u00eancias de que o monumento existiu - Jornal Fatos e Not\u00edcias","isPartOf":{"@id":"https:\/\/jornalfatosenoticias.com.br\/#website"},"primaryImageOfPage":{"@id":"https:\/\/jornalfatosenoticias.com.br\/index.php\/2021\/02\/17\/torre-de-babel-algumas-evidencias-de-que-o-monumento-existiu\/#primaryimage"},"image":{"@id":"https:\/\/jornalfatosenoticias.com.br\/index.php\/2021\/02\/17\/torre-de-babel-algumas-evidencias-de-que-o-monumento-existiu\/#primaryimage"},"thumbnailUrl":"https:\/\/jornalfatosenoticias.com.br\/wp-content\/uploads\/2021\/02\/torre-de-babel.jpg","datePublished":"2021-02-17T13:49:39+00:00","dateModified":"2021-02-17T13:49:44+00:00","breadcrumb":{"@id":"https:\/\/jornalfatosenoticias.com.br\/index.php\/2021\/02\/17\/torre-de-babel-algumas-evidencias-de-que-o-monumento-existiu\/#breadcrumb"},"inLanguage":"pt-BR","potentialAction":[{"@type":"ReadAction","target":["https:\/\/jornalfatosenoticias.com.br\/index.php\/2021\/02\/17\/torre-de-babel-algumas-evidencias-de-que-o-monumento-existiu\/"]}]},{"@type":"ImageObject","inLanguage":"pt-BR","@id":"https:\/\/jornalfatosenoticias.com.br\/index.php\/2021\/02\/17\/torre-de-babel-algumas-evidencias-de-que-o-monumento-existiu\/#primaryimage","url":"https:\/\/jornalfatosenoticias.com.br\/wp-content\/uploads\/2021\/02\/torre-de-babel.jpg","contentUrl":"https:\/\/jornalfatosenoticias.com.br\/wp-content\/uploads\/2021\/02\/torre-de-babel.jpg","width":1000,"height":655},{"@type":"BreadcrumbList","@id":"https:\/\/jornalfatosenoticias.com.br\/index.php\/2021\/02\/17\/torre-de-babel-algumas-evidencias-de-que-o-monumento-existiu\/#breadcrumb","itemListElement":[{"@type":"ListItem","position":1,"name":"In\u00edcio","item":"https:\/\/jornalfatosenoticias.com.br\/"},{"@type":"ListItem","position":2,"name":"Torre de Babel: algumas evid\u00eancias de que o monumento existiu"}]},{"@type":"WebSite","@id":"https:\/\/jornalfatosenoticias.com.br\/#website","url":"https:\/\/jornalfatosenoticias.com.br\/","name":"Jornal Fatos e Not\u00edcias","description":"Not\u00edcias em geral","publisher":{"@id":"https:\/\/jornalfatosenoticias.com.br\/#organization"},"potentialAction":[{"@type":"SearchAction","target":{"@type":"EntryPoint","urlTemplate":"https:\/\/jornalfatosenoticias.com.br\/?s={search_term_string}"},"query-input":{"@type":"PropertyValueSpecification","valueRequired":true,"valueName":"search_term_string"}}],"inLanguage":"pt-BR"},{"@type":"Organization","@id":"https:\/\/jornalfatosenoticias.com.br\/#organization","name":"Jornal Fatos e Not\u00edcias","url":"https:\/\/jornalfatosenoticias.com.br\/","logo":{"@type":"ImageObject","inLanguage":"pt-BR","@id":"https:\/\/jornalfatosenoticias.com.br\/#\/schema\/logo\/image\/","url":"https:\/\/jornalfatosenoticias.com.br\/wp-content\/uploads\/2020\/02\/logo120.png","contentUrl":"https:\/\/jornalfatosenoticias.com.br\/wp-content\/uploads\/2020\/02\/logo120.png","width":1227,"height":120,"caption":"Jornal Fatos e Not\u00edcias"},"image":{"@id":"https:\/\/jornalfatosenoticias.com.br\/#\/schema\/logo\/image\/"}},{"@type":"Person","@id":"https:\/\/jornalfatosenoticias.com.br\/#\/schema\/person\/d63837fa13ac8666eb9e74e0985d6f81","name":"Luzimara Fernandes","image":{"@type":"ImageObject","inLanguage":"pt-BR","@id":"https:\/\/jornalfatosenoticias.com.br\/#\/schema\/person\/image\/","url":"https:\/\/jornalfatosenoticias.com.br\/wp-content\/uploads\/2025\/05\/EU_portal.jpg","contentUrl":"https:\/\/jornalfatosenoticias.com.br\/wp-content\/uploads\/2025\/05\/EU_portal.jpg","caption":"Luzimara Fernandes"},"description":"Jornalista MTB 2358-ES","sameAs":["https:\/\/jornalfatosenoticias.com.br"],"url":"https:\/\/jornalfatosenoticias.com.br\/index.php\/author\/luzimara\/"}]}},"cc_featured_image_caption":{"caption_text":"","source_text":"","source_url":""},"jetpack_featured_media_url":"https:\/\/jornalfatosenoticias.com.br\/wp-content\/uploads\/2021\/02\/torre-de-babel.jpg","_links":{"self":[{"href":"https:\/\/jornalfatosenoticias.com.br\/index.php\/wp-json\/wp\/v2\/posts\/14779","targetHints":{"allow":["GET"]}}],"collection":[{"href":"https:\/\/jornalfatosenoticias.com.br\/index.php\/wp-json\/wp\/v2\/posts"}],"about":[{"href":"https:\/\/jornalfatosenoticias.com.br\/index.php\/wp-json\/wp\/v2\/types\/post"}],"author":[{"embeddable":true,"href":"https:\/\/jornalfatosenoticias.com.br\/index.php\/wp-json\/wp\/v2\/users\/2"}],"replies":[{"embeddable":true,"href":"https:\/\/jornalfatosenoticias.com.br\/index.php\/wp-json\/wp\/v2\/comments?post=14779"}],"version-history":[{"count":0,"href":"https:\/\/jornalfatosenoticias.com.br\/index.php\/wp-json\/wp\/v2\/posts\/14779\/revisions"}],"wp:featuredmedia":[{"embeddable":true,"href":"https:\/\/jornalfatosenoticias.com.br\/index.php\/wp-json\/wp\/v2\/media\/14782"}],"wp:attachment":[{"href":"https:\/\/jornalfatosenoticias.com.br\/index.php\/wp-json\/wp\/v2\/media?parent=14779"}],"wp:term":[{"taxonomy":"category","embeddable":true,"href":"https:\/\/jornalfatosenoticias.com.br\/index.php\/wp-json\/wp\/v2\/categories?post=14779"},{"taxonomy":"post_tag","embeddable":true,"href":"https:\/\/jornalfatosenoticias.com.br\/index.php\/wp-json\/wp\/v2\/tags?post=14779"}],"curies":[{"name":"wp","href":"https:\/\/api.w.org\/{rel}","templated":true}]}}