{"id":1483,"date":"2020-02-27T10:55:06","date_gmt":"2020-02-27T13:55:06","guid":{"rendered":"https:\/\/jornalfatosenoticias.com.br\/?p=1483"},"modified":"2020-02-27T10:56:19","modified_gmt":"2020-02-27T13:56:19","slug":"orquestra-sinfonica-do-espirito-santo-divulga-temporada-de-concertos-de-2020","status":"publish","type":"post","link":"https:\/\/jornalfatosenoticias.com.br\/index.php\/2020\/02\/27\/orquestra-sinfonica-do-espirito-santo-divulga-temporada-de-concertos-de-2020\/","title":{"rendered":"Orquestra Sinf\u00f4nica do Esp\u00edrito Santo divulga temporada de concertos de 2020"},"content":{"rendered":"\n<h6 class=\"wp-block-heading\"><em>Calend\u00e1rio contempla datas especiais como Dia das M\u00e3es e Festa da Penha<\/em><\/h6>\n\n\n\n<h4 class=\"wp-block-heading\">TEMPORADA 2020 \u2013 MAR\u00c7O A MAIO<\/h4>\n\n\n\n<p><strong>MAR\u00c7O<\/strong><\/p>\n\n\n\n<p><strong>08\/03 \u2013 Sinf\u00f4nica no Parque<br><\/strong> 11h \u2013 Parque Bot\u00e2nico da Vale. Obras de Tchaikovsky, Beethoven e Chaminade.     <br> Solista: Jos\u00e9 Benedito Viana Gomes, flauta<br> Regente: Leonard David <\/p>\n\n\n\n<p><strong>\u2013 Sonhos de Inverno<br><\/strong> 11\/03 \u2013 S\u00e9rie Quarta Cl\u00e1ssica<br> 20h \u2013 Centro Cultural Sesc Gl\u00f3ria<\/p>\n\n\n\n<p><strong>12\/03 \u2013 S\u00e9rie Quinta Cl\u00e1ssica<br><\/strong> 20h \u2013 Centro Cultural Sesc Gl\u00f3ria<br> Mendelssohn \u2013 Concerto para violino em mi menor, Op. 64<br> Tchaikovsky \u2013 Sinfonia n\u00ba 1 em sol menor, Op.13 \u201cSonhos de inverno\u201d<br> Solista: Diego Adinolfi, violino<br> Regente: Leonard David<\/p>\n\n\n\n<p><strong>\u2013 S\u00e9rie Fam\u00edlias<br><\/strong> 12\/03 \u2013 Abertura da temporada <br> 20h \u2013 Centro Cultural Sesc Gl\u00f3ria<\/p>\n\n\n\n<p><strong>13\/03 \u2013 S\u00e9rie Quarta Cl\u00e1ssica<br><\/strong> 20h \u2013 Centro Cultural Sesc Gl\u00f3ria<br> Beethoven \u2013 Abertura em D\u00f3 Maior, Namensfeier, Op.115<br> Beethoven \u2013 Concerto para piano n.\u00ba 1 Op. 15 <br> Beethoven \u2013 Sinfonia n\u00ba 1, Op. 21<br> Solista: Alyelson Scopel, piano<br> Regente: Helder Trefzger <\/p>\n\n\n\n<p><strong>\u2013 No Ritmo de Carnaval <br><\/strong> 20\/03 \u2013 Concertos Especiais <br> 20h \u2013 Centro Cultural Sesc Gl\u00f3ria<br> Berlioz\u2013 \u201cCarnaval Romano\u201d<br> Aguiar \u2013 Sinfonietta Seconda \u201cCarnevale\u201d<br> Especial Sambas Enredos<br> Especial Marchinhas de Carnaval<br> Regente: Leonard David<\/p>\n\n\n\n<p><strong>22\/03 \u2013 S\u00e9rie Fam\u00edlias<br><\/strong> 11h \u2013 Teatro Universit\u00e1rio \u2013 Ufes. Obras de Beethoven e Mendelssohn.<br> Solista: Diego Adinolfi, violino<br> Regente: Leonard David<\/p>\n\n\n\n<p><strong>\u2013 Beethoven 250 anos<br><\/strong> 25\/03 \u2013 S\u00e9rie pr\u00e9-estreia<br> 20h \u2013 Centro Cultural Sesc Gl\u00f3ria<\/p>\n\n\n\n<p><strong>26\/03 \u2013 S\u00e9rie Concertos Sinf\u00f4nicos<br><\/strong> 20h \u2013 Centro Cultural Sesc Gl\u00f3ria<br> Beethoven \u2013 Abertura As Criaturas de Prometheus, Op. 43<br> Beethoven \u2013 Concerto para piano n.\u00ba 3, em d\u00f3 menor, Op. 37<br> Beethoven \u2013 Sinfonia n\u00ba 2, Op. 36<br> Solista: Linda Bustani, piano<br> Regente: Luiz Fernando Malheiro<\/p>\n\n\n\n<p><strong>ABRIL<br> \u2013 A Era Rom\u00e2ntica<\/strong><br> 08\/04 \u2013 S\u00e9rie Quarta Cl\u00e1ssica<br> 20h \u2013 Teatro Universit\u00e1rio \u2013 Ufes<\/p>\n\n\n\n<p><strong>09\/04 \u2013 S\u00e9rie Quinta Cl\u00e1ssica<br><\/strong> 20h \u2013 Teatro Universit\u00e1rio \u2013 Ufes<br> Weber \u2013 Abertura da \u00f3pera Oberon<br> Wagner \u2013 Id\u00edlio, da \u00f3pera Siegfried<br> Brahms \u2013 Concerto para violino em r\u00e9 maior, Op. 77 <br> Solista: Nicolas Koeckert, violino<br> Regente: Helder Trefzger <\/p>\n\n\n\n<p><strong>\u2013 Festa da Penha<br><\/strong> 16\/04 \u2013 Concertos Especiais  <br> 20h \u2013 Santu\u00e1rio do Divino Esp\u00edrito Santo (Santu\u00e1rio de Vila Velha)<br> Handel \u2013 O Messias: Abertura<br> Handel \u2013 O Messias: The trumpet shall sound<br> Haydn \u2013 A Cria\u00e7\u00e3o: Nun scheint in vollem Glanze der Himmel<br> Verdi \u2013 Nabucco: Abertura<br> Rossini \u2013 O Barbeiro de Sevilha: Cavatina \u201cLargo AL factotum\u201d<br> Mozart \u2013 Don Giovanni: Madamina, Il cat\u00e1logo \u00e9 questo<br> Offenbach  \u2013 Os Contos de Hoffman: Scintille, diamant <br> Schubert \u2013 Ave Maria<br> Di Capua \u2013 O sole mio<br> Solista: L\u00edcio Bruno, baixo-bar\u00edtono<br> Regente: Helder Trefzger  <\/p>\n\n\n\n<p><strong>\u2013 Orquestra nas Escolas \u2013 Estado Presente<br><\/strong> (27 a 30) \u2013 Escolas p\u00fablicas da Regi\u00e3o Metropolitana de Vit\u00f3ria<\/p>\n\n\n\n<p><strong>MAIO<br> 10\/05 \u2013 Sinf\u00f4nica no Parque \u2013 Concerto do Dia das M\u00e3es<br><\/strong> 11h  \u2013 Parque Bot\u00e2nico da Vale. Obras de Bach, Mozart e Beethoven.     <br> Regente: Leonard David<\/p>\n\n\n\n<p><strong>\u2013 Fran\u00e7a em tr\u00eas momentos<br><\/strong> 13\/05 \u2013 S\u00e9rie Quarta Cl\u00e1ssica <br> 20h \u2013 Teatro Universit\u00e1rio \u2013 Ufes<\/p>\n\n\n\n<p><strong>14\/05 \u2013 S\u00e9rie Quinta Cl\u00e1ssica <br><\/strong> 20h \u2013 Teatro Universit\u00e1rio \u2013 Ufes<br> Faur\u00e9 \u2013 Su\u00edte Masques et Bergamasques, Op. 112 (2,2,2,2-2,2,0,0, timp, hp, cordas) 14 min<br> S\u00e9journ\u00e9 \u2013 Concerto duplo para vibrafone, marimba e orquestra (2012) (2+1,1,2,1-2,2,2,1, timp, 3perc, cordas) 25 min<br> Ravel \u2013 Ma Mere L\u2019oye (2d1,2d1,2,2d1-2,0,0,0, timp, perc, hp, cle, cordas) 18 min<br> Solistas: Ronni Kot Wenzell, vibrafone e Ksenija Komljenovic, marimba<br> Regente: Marcos Arakaki <\/p>\n\n\n\n<p><strong>\u2013 Sinf\u00f4nica no Convento da Penha<br><\/strong> 21\/05 \u2013 Concertos Especiais<br> 19h \u2013 Campinho do Convento da Penha<\/p>\n\n\n\n<p><strong>\u2013 Beethoven 250 anos<br><\/strong> 27\/05 \u2013 S\u00e9rie pr\u00e9-estreia<br> 20h \u2013 Centro Cultural Sesc Gl\u00f3ria<\/p>\n\n\n\n<p><strong>28\/05 \u2013 S\u00e9rie Concertos Sinf\u00f4nicos<br><\/strong> 20h \u2013 Centro Cultural Sesc Gl\u00f3ria<br> Beethoven \u2013 Concerto para piano e orquestra n.\u00ba 5, em mib maior, Op 73 (2,2,2,2-2,2,0,0, timp, cordas) 37 min<br> Beethoven \u2013 Sinfonia n.\u00ba 5, em d\u00f3 menor, Op. 67 (2+1,2,2,2+1-2,2,3,0, timp, cordas) 30 min<br> Solista: Juliana Steinbach, piano<br> Regente: Helder Trefzger  <\/p>\n\n\n\n<p><strong><em>Fonte: Secult-ES<\/em><\/strong><\/p>\n","protected":false},"excerpt":{"rendered":"<p>Calend\u00e1rio contempla datas especiais como Dia das M\u00e3es e Festa da Penha TEMPORADA 2020 \u2013 MAR\u00c7O A MAIO MAR\u00c7O 08\/03 \u2013 Sinf\u00f4nica no Parque 11h \u2013 Parque Bot\u00e2nico da Vale. Obras de Tchaikovsky, Beethoven e Chaminade. Solista: Jos\u00e9 Benedito Viana Gomes, flauta Regente: Leonard David \u2013 Sonhos de Inverno 11\/03 \u2013 S\u00e9rie Quarta Cl\u00e1ssica 20h [&hellip;]<\/p>\n","protected":false},"author":2,"featured_media":1484,"comment_status":"open","ping_status":"open","sticky":false,"template":"","format":"standard","meta":{"footnotes":""},"categories":[4],"tags":[101,100,98,97,99],"class_list":["post-1483","post","type-post","status-publish","format-standard","has-post-thumbnail","hentry","category-cultura","tag-dia-das-maes","tag-espirito-santo","tag-festa-da-penha","tag-orquestra","tag-sinfonica"],"yoast_head":"<!-- This site is optimized with the Yoast SEO plugin v26.5 - https:\/\/yoast.com\/wordpress\/plugins\/seo\/ -->\n<title>Orquestra Sinf\u00f4nica do Esp\u00edrito Santo divulga temporada de concertos de 2020 - Jornal Fatos e Not\u00edcias<\/title>\n<meta name=\"robots\" content=\"index, follow, max-snippet:-1, max-image-preview:large, max-video-preview:-1\" \/>\n<link rel=\"canonical\" href=\"https:\/\/jornalfatosenoticias.com.br\/index.php\/2020\/02\/27\/orquestra-sinfonica-do-espirito-santo-divulga-temporada-de-concertos-de-2020\/\" \/>\n<meta property=\"og:locale\" content=\"pt_BR\" \/>\n<meta property=\"og:type\" content=\"article\" \/>\n<meta property=\"og:title\" content=\"Orquestra Sinf\u00f4nica do Esp\u00edrito Santo divulga temporada de concertos de 2020 - Jornal Fatos e Not\u00edcias\" \/>\n<meta property=\"og:description\" content=\"Calend\u00e1rio contempla datas especiais como Dia das M\u00e3es e Festa da Penha TEMPORADA 2020 \u2013 MAR\u00c7O A MAIO MAR\u00c7O 08\/03 \u2013 Sinf\u00f4nica no Parque 11h \u2013 Parque Bot\u00e2nico da Vale. Obras de Tchaikovsky, Beethoven e Chaminade. Solista: Jos\u00e9 Benedito Viana Gomes, flauta Regente: Leonard David \u2013 Sonhos de Inverno 11\/03 \u2013 S\u00e9rie Quarta Cl\u00e1ssica 20h [&hellip;]\" \/>\n<meta property=\"og:url\" content=\"https:\/\/jornalfatosenoticias.com.br\/index.php\/2020\/02\/27\/orquestra-sinfonica-do-espirito-santo-divulga-temporada-de-concertos-de-2020\/\" \/>\n<meta property=\"og:site_name\" content=\"Jornal Fatos e Not\u00edcias\" \/>\n<meta property=\"article:published_time\" content=\"2020-02-27T13:55:06+00:00\" \/>\n<meta property=\"article:modified_time\" content=\"2020-02-27T13:56:19+00:00\" \/>\n<meta property=\"og:image\" content=\"https:\/\/jornalfatosenoticias.com.br\/wp-content\/uploads\/2020\/02\/Oses_Divulgacao.jpg\" \/>\n\t<meta property=\"og:image:width\" content=\"960\" \/>\n\t<meta property=\"og:image:height\" content=\"640\" \/>\n\t<meta property=\"og:image:type\" content=\"image\/jpeg\" \/>\n<meta name=\"author\" content=\"Luzimara Fernandes\" \/>\n<meta name=\"twitter:card\" content=\"summary_large_image\" \/>\n<meta name=\"twitter:label1\" content=\"Escrito por\" \/>\n\t<meta name=\"twitter:data1\" content=\"Luzimara Fernandes\" \/>\n\t<meta name=\"twitter:label2\" content=\"Est. tempo de leitura\" \/>\n\t<meta name=\"twitter:data2\" content=\"3 minutos\" \/>\n<script type=\"application\/ld+json\" class=\"yoast-schema-graph\">{\"@context\":\"https:\/\/schema.org\",\"@graph\":[{\"@type\":\"Article\",\"@id\":\"https:\/\/jornalfatosenoticias.com.br\/index.php\/2020\/02\/27\/orquestra-sinfonica-do-espirito-santo-divulga-temporada-de-concertos-de-2020\/#article\",\"isPartOf\":{\"@id\":\"https:\/\/jornalfatosenoticias.com.br\/index.php\/2020\/02\/27\/orquestra-sinfonica-do-espirito-santo-divulga-temporada-de-concertos-de-2020\/\"},\"author\":{\"name\":\"Luzimara Fernandes\",\"@id\":\"https:\/\/jornalfatosenoticias.com.br\/#\/schema\/person\/d63837fa13ac8666eb9e74e0985d6f81\"},\"headline\":\"Orquestra Sinf\u00f4nica do Esp\u00edrito Santo divulga temporada de concertos de 2020\",\"datePublished\":\"2020-02-27T13:55:06+00:00\",\"dateModified\":\"2020-02-27T13:56:19+00:00\",\"mainEntityOfPage\":{\"@id\":\"https:\/\/jornalfatosenoticias.com.br\/index.php\/2020\/02\/27\/orquestra-sinfonica-do-espirito-santo-divulga-temporada-de-concertos-de-2020\/\"},\"wordCount\":585,\"commentCount\":0,\"publisher\":{\"@id\":\"https:\/\/jornalfatosenoticias.com.br\/#organization\"},\"image\":{\"@id\":\"https:\/\/jornalfatosenoticias.com.br\/index.php\/2020\/02\/27\/orquestra-sinfonica-do-espirito-santo-divulga-temporada-de-concertos-de-2020\/#primaryimage\"},\"thumbnailUrl\":\"https:\/\/jornalfatosenoticias.com.br\/wp-content\/uploads\/2020\/02\/Oses_Divulgacao.jpg\",\"keywords\":[\"dia das m\u00e3es\",\"Esp\u00edrito Santo\",\"festa da penha\",\"orquestra\",\"sinf\u00f4nica\"],\"articleSection\":[\"Cultura\"],\"inLanguage\":\"pt-BR\",\"potentialAction\":[{\"@type\":\"CommentAction\",\"name\":\"Comment\",\"target\":[\"https:\/\/jornalfatosenoticias.com.br\/index.php\/2020\/02\/27\/orquestra-sinfonica-do-espirito-santo-divulga-temporada-de-concertos-de-2020\/#respond\"]}]},{\"@type\":\"WebPage\",\"@id\":\"https:\/\/jornalfatosenoticias.com.br\/index.php\/2020\/02\/27\/orquestra-sinfonica-do-espirito-santo-divulga-temporada-de-concertos-de-2020\/\",\"url\":\"https:\/\/jornalfatosenoticias.com.br\/index.php\/2020\/02\/27\/orquestra-sinfonica-do-espirito-santo-divulga-temporada-de-concertos-de-2020\/\",\"name\":\"Orquestra Sinf\u00f4nica do Esp\u00edrito Santo divulga temporada de concertos de 2020 - Jornal Fatos e Not\u00edcias\",\"isPartOf\":{\"@id\":\"https:\/\/jornalfatosenoticias.com.br\/#website\"},\"primaryImageOfPage\":{\"@id\":\"https:\/\/jornalfatosenoticias.com.br\/index.php\/2020\/02\/27\/orquestra-sinfonica-do-espirito-santo-divulga-temporada-de-concertos-de-2020\/#primaryimage\"},\"image\":{\"@id\":\"https:\/\/jornalfatosenoticias.com.br\/index.php\/2020\/02\/27\/orquestra-sinfonica-do-espirito-santo-divulga-temporada-de-concertos-de-2020\/#primaryimage\"},\"thumbnailUrl\":\"https:\/\/jornalfatosenoticias.com.br\/wp-content\/uploads\/2020\/02\/Oses_Divulgacao.jpg\",\"datePublished\":\"2020-02-27T13:55:06+00:00\",\"dateModified\":\"2020-02-27T13:56:19+00:00\",\"breadcrumb\":{\"@id\":\"https:\/\/jornalfatosenoticias.com.br\/index.php\/2020\/02\/27\/orquestra-sinfonica-do-espirito-santo-divulga-temporada-de-concertos-de-2020\/#breadcrumb\"},\"inLanguage\":\"pt-BR\",\"potentialAction\":[{\"@type\":\"ReadAction\",\"target\":[\"https:\/\/jornalfatosenoticias.com.br\/index.php\/2020\/02\/27\/orquestra-sinfonica-do-espirito-santo-divulga-temporada-de-concertos-de-2020\/\"]}]},{\"@type\":\"ImageObject\",\"inLanguage\":\"pt-BR\",\"@id\":\"https:\/\/jornalfatosenoticias.com.br\/index.php\/2020\/02\/27\/orquestra-sinfonica-do-espirito-santo-divulga-temporada-de-concertos-de-2020\/#primaryimage\",\"url\":\"https:\/\/jornalfatosenoticias.com.br\/wp-content\/uploads\/2020\/02\/Oses_Divulgacao.jpg\",\"contentUrl\":\"https:\/\/jornalfatosenoticias.com.br\/wp-content\/uploads\/2020\/02\/Oses_Divulgacao.jpg\",\"width\":960,\"height\":640},{\"@type\":\"BreadcrumbList\",\"@id\":\"https:\/\/jornalfatosenoticias.com.br\/index.php\/2020\/02\/27\/orquestra-sinfonica-do-espirito-santo-divulga-temporada-de-concertos-de-2020\/#breadcrumb\",\"itemListElement\":[{\"@type\":\"ListItem\",\"position\":1,\"name\":\"In\u00edcio\",\"item\":\"https:\/\/jornalfatosenoticias.com.br\/\"},{\"@type\":\"ListItem\",\"position\":2,\"name\":\"Orquestra Sinf\u00f4nica do Esp\u00edrito Santo divulga temporada de concertos de 2020\"}]},{\"@type\":\"WebSite\",\"@id\":\"https:\/\/jornalfatosenoticias.com.br\/#website\",\"url\":\"https:\/\/jornalfatosenoticias.com.br\/\",\"name\":\"Jornal Fatos e Not\u00edcias\",\"description\":\"Not\u00edcias em geral\",\"publisher\":{\"@id\":\"https:\/\/jornalfatosenoticias.com.br\/#organization\"},\"potentialAction\":[{\"@type\":\"SearchAction\",\"target\":{\"@type\":\"EntryPoint\",\"urlTemplate\":\"https:\/\/jornalfatosenoticias.com.br\/?s={search_term_string}\"},\"query-input\":{\"@type\":\"PropertyValueSpecification\",\"valueRequired\":true,\"valueName\":\"search_term_string\"}}],\"inLanguage\":\"pt-BR\"},{\"@type\":\"Organization\",\"@id\":\"https:\/\/jornalfatosenoticias.com.br\/#organization\",\"name\":\"Jornal Fatos e Not\u00edcias\",\"url\":\"https:\/\/jornalfatosenoticias.com.br\/\",\"logo\":{\"@type\":\"ImageObject\",\"inLanguage\":\"pt-BR\",\"@id\":\"https:\/\/jornalfatosenoticias.com.br\/#\/schema\/logo\/image\/\",\"url\":\"https:\/\/jornalfatosenoticias.com.br\/wp-content\/uploads\/2020\/02\/logo120.png\",\"contentUrl\":\"https:\/\/jornalfatosenoticias.com.br\/wp-content\/uploads\/2020\/02\/logo120.png\",\"width\":1227,\"height\":120,\"caption\":\"Jornal Fatos e Not\u00edcias\"},\"image\":{\"@id\":\"https:\/\/jornalfatosenoticias.com.br\/#\/schema\/logo\/image\/\"}},{\"@type\":\"Person\",\"@id\":\"https:\/\/jornalfatosenoticias.com.br\/#\/schema\/person\/d63837fa13ac8666eb9e74e0985d6f81\",\"name\":\"Luzimara Fernandes\",\"image\":{\"@type\":\"ImageObject\",\"inLanguage\":\"pt-BR\",\"@id\":\"https:\/\/jornalfatosenoticias.com.br\/#\/schema\/person\/image\/\",\"url\":\"https:\/\/jornalfatosenoticias.com.br\/wp-content\/uploads\/2025\/05\/EU_portal.jpg\",\"contentUrl\":\"https:\/\/jornalfatosenoticias.com.br\/wp-content\/uploads\/2025\/05\/EU_portal.jpg\",\"caption\":\"Luzimara Fernandes\"},\"description\":\"Jornalista MTB 2358-ES\",\"sameAs\":[\"https:\/\/jornalfatosenoticias.com.br\"],\"url\":\"https:\/\/jornalfatosenoticias.com.br\/index.php\/author\/luzimara\/\"}]}<\/script>\n<!-- \/ Yoast SEO plugin. -->","yoast_head_json":{"title":"Orquestra Sinf\u00f4nica do Esp\u00edrito Santo divulga temporada de concertos de 2020 - Jornal Fatos e Not\u00edcias","robots":{"index":"index","follow":"follow","max-snippet":"max-snippet:-1","max-image-preview":"max-image-preview:large","max-video-preview":"max-video-preview:-1"},"canonical":"https:\/\/jornalfatosenoticias.com.br\/index.php\/2020\/02\/27\/orquestra-sinfonica-do-espirito-santo-divulga-temporada-de-concertos-de-2020\/","og_locale":"pt_BR","og_type":"article","og_title":"Orquestra Sinf\u00f4nica do Esp\u00edrito Santo divulga temporada de concertos de 2020 - Jornal Fatos e Not\u00edcias","og_description":"Calend\u00e1rio contempla datas especiais como Dia das M\u00e3es e Festa da Penha TEMPORADA 2020 \u2013 MAR\u00c7O A MAIO MAR\u00c7O 08\/03 \u2013 Sinf\u00f4nica no Parque 11h \u2013 Parque Bot\u00e2nico da Vale. Obras de Tchaikovsky, Beethoven e Chaminade. Solista: Jos\u00e9 Benedito Viana Gomes, flauta Regente: Leonard David \u2013 Sonhos de Inverno 11\/03 \u2013 S\u00e9rie Quarta Cl\u00e1ssica 20h [&hellip;]","og_url":"https:\/\/jornalfatosenoticias.com.br\/index.php\/2020\/02\/27\/orquestra-sinfonica-do-espirito-santo-divulga-temporada-de-concertos-de-2020\/","og_site_name":"Jornal Fatos e Not\u00edcias","article_published_time":"2020-02-27T13:55:06+00:00","article_modified_time":"2020-02-27T13:56:19+00:00","og_image":[{"width":960,"height":640,"url":"https:\/\/jornalfatosenoticias.com.br\/wp-content\/uploads\/2020\/02\/Oses_Divulgacao.jpg","type":"image\/jpeg"}],"author":"Luzimara Fernandes","twitter_card":"summary_large_image","twitter_misc":{"Escrito por":"Luzimara Fernandes","Est. tempo de leitura":"3 minutos"},"schema":{"@context":"https:\/\/schema.org","@graph":[{"@type":"Article","@id":"https:\/\/jornalfatosenoticias.com.br\/index.php\/2020\/02\/27\/orquestra-sinfonica-do-espirito-santo-divulga-temporada-de-concertos-de-2020\/#article","isPartOf":{"@id":"https:\/\/jornalfatosenoticias.com.br\/index.php\/2020\/02\/27\/orquestra-sinfonica-do-espirito-santo-divulga-temporada-de-concertos-de-2020\/"},"author":{"name":"Luzimara Fernandes","@id":"https:\/\/jornalfatosenoticias.com.br\/#\/schema\/person\/d63837fa13ac8666eb9e74e0985d6f81"},"headline":"Orquestra Sinf\u00f4nica do Esp\u00edrito Santo divulga temporada de concertos de 2020","datePublished":"2020-02-27T13:55:06+00:00","dateModified":"2020-02-27T13:56:19+00:00","mainEntityOfPage":{"@id":"https:\/\/jornalfatosenoticias.com.br\/index.php\/2020\/02\/27\/orquestra-sinfonica-do-espirito-santo-divulga-temporada-de-concertos-de-2020\/"},"wordCount":585,"commentCount":0,"publisher":{"@id":"https:\/\/jornalfatosenoticias.com.br\/#organization"},"image":{"@id":"https:\/\/jornalfatosenoticias.com.br\/index.php\/2020\/02\/27\/orquestra-sinfonica-do-espirito-santo-divulga-temporada-de-concertos-de-2020\/#primaryimage"},"thumbnailUrl":"https:\/\/jornalfatosenoticias.com.br\/wp-content\/uploads\/2020\/02\/Oses_Divulgacao.jpg","keywords":["dia das m\u00e3es","Esp\u00edrito Santo","festa da penha","orquestra","sinf\u00f4nica"],"articleSection":["Cultura"],"inLanguage":"pt-BR","potentialAction":[{"@type":"CommentAction","name":"Comment","target":["https:\/\/jornalfatosenoticias.com.br\/index.php\/2020\/02\/27\/orquestra-sinfonica-do-espirito-santo-divulga-temporada-de-concertos-de-2020\/#respond"]}]},{"@type":"WebPage","@id":"https:\/\/jornalfatosenoticias.com.br\/index.php\/2020\/02\/27\/orquestra-sinfonica-do-espirito-santo-divulga-temporada-de-concertos-de-2020\/","url":"https:\/\/jornalfatosenoticias.com.br\/index.php\/2020\/02\/27\/orquestra-sinfonica-do-espirito-santo-divulga-temporada-de-concertos-de-2020\/","name":"Orquestra Sinf\u00f4nica do Esp\u00edrito Santo divulga temporada de concertos de 2020 - Jornal Fatos e Not\u00edcias","isPartOf":{"@id":"https:\/\/jornalfatosenoticias.com.br\/#website"},"primaryImageOfPage":{"@id":"https:\/\/jornalfatosenoticias.com.br\/index.php\/2020\/02\/27\/orquestra-sinfonica-do-espirito-santo-divulga-temporada-de-concertos-de-2020\/#primaryimage"},"image":{"@id":"https:\/\/jornalfatosenoticias.com.br\/index.php\/2020\/02\/27\/orquestra-sinfonica-do-espirito-santo-divulga-temporada-de-concertos-de-2020\/#primaryimage"},"thumbnailUrl":"https:\/\/jornalfatosenoticias.com.br\/wp-content\/uploads\/2020\/02\/Oses_Divulgacao.jpg","datePublished":"2020-02-27T13:55:06+00:00","dateModified":"2020-02-27T13:56:19+00:00","breadcrumb":{"@id":"https:\/\/jornalfatosenoticias.com.br\/index.php\/2020\/02\/27\/orquestra-sinfonica-do-espirito-santo-divulga-temporada-de-concertos-de-2020\/#breadcrumb"},"inLanguage":"pt-BR","potentialAction":[{"@type":"ReadAction","target":["https:\/\/jornalfatosenoticias.com.br\/index.php\/2020\/02\/27\/orquestra-sinfonica-do-espirito-santo-divulga-temporada-de-concertos-de-2020\/"]}]},{"@type":"ImageObject","inLanguage":"pt-BR","@id":"https:\/\/jornalfatosenoticias.com.br\/index.php\/2020\/02\/27\/orquestra-sinfonica-do-espirito-santo-divulga-temporada-de-concertos-de-2020\/#primaryimage","url":"https:\/\/jornalfatosenoticias.com.br\/wp-content\/uploads\/2020\/02\/Oses_Divulgacao.jpg","contentUrl":"https:\/\/jornalfatosenoticias.com.br\/wp-content\/uploads\/2020\/02\/Oses_Divulgacao.jpg","width":960,"height":640},{"@type":"BreadcrumbList","@id":"https:\/\/jornalfatosenoticias.com.br\/index.php\/2020\/02\/27\/orquestra-sinfonica-do-espirito-santo-divulga-temporada-de-concertos-de-2020\/#breadcrumb","itemListElement":[{"@type":"ListItem","position":1,"name":"In\u00edcio","item":"https:\/\/jornalfatosenoticias.com.br\/"},{"@type":"ListItem","position":2,"name":"Orquestra Sinf\u00f4nica do Esp\u00edrito Santo divulga temporada de concertos de 2020"}]},{"@type":"WebSite","@id":"https:\/\/jornalfatosenoticias.com.br\/#website","url":"https:\/\/jornalfatosenoticias.com.br\/","name":"Jornal Fatos e Not\u00edcias","description":"Not\u00edcias em geral","publisher":{"@id":"https:\/\/jornalfatosenoticias.com.br\/#organization"},"potentialAction":[{"@type":"SearchAction","target":{"@type":"EntryPoint","urlTemplate":"https:\/\/jornalfatosenoticias.com.br\/?s={search_term_string}"},"query-input":{"@type":"PropertyValueSpecification","valueRequired":true,"valueName":"search_term_string"}}],"inLanguage":"pt-BR"},{"@type":"Organization","@id":"https:\/\/jornalfatosenoticias.com.br\/#organization","name":"Jornal Fatos e Not\u00edcias","url":"https:\/\/jornalfatosenoticias.com.br\/","logo":{"@type":"ImageObject","inLanguage":"pt-BR","@id":"https:\/\/jornalfatosenoticias.com.br\/#\/schema\/logo\/image\/","url":"https:\/\/jornalfatosenoticias.com.br\/wp-content\/uploads\/2020\/02\/logo120.png","contentUrl":"https:\/\/jornalfatosenoticias.com.br\/wp-content\/uploads\/2020\/02\/logo120.png","width":1227,"height":120,"caption":"Jornal Fatos e Not\u00edcias"},"image":{"@id":"https:\/\/jornalfatosenoticias.com.br\/#\/schema\/logo\/image\/"}},{"@type":"Person","@id":"https:\/\/jornalfatosenoticias.com.br\/#\/schema\/person\/d63837fa13ac8666eb9e74e0985d6f81","name":"Luzimara Fernandes","image":{"@type":"ImageObject","inLanguage":"pt-BR","@id":"https:\/\/jornalfatosenoticias.com.br\/#\/schema\/person\/image\/","url":"https:\/\/jornalfatosenoticias.com.br\/wp-content\/uploads\/2025\/05\/EU_portal.jpg","contentUrl":"https:\/\/jornalfatosenoticias.com.br\/wp-content\/uploads\/2025\/05\/EU_portal.jpg","caption":"Luzimara Fernandes"},"description":"Jornalista MTB 2358-ES","sameAs":["https:\/\/jornalfatosenoticias.com.br"],"url":"https:\/\/jornalfatosenoticias.com.br\/index.php\/author\/luzimara\/"}]}},"cc_featured_image_caption":{"caption_text":"Orquestra Sinf\u00f4nica do Estado do Esp\u00edrito Santo (Foto: Ascom Secult-ES\/Divulga\u00e7\u00e3o)","source_text":"","source_url":""},"jetpack_featured_media_url":"https:\/\/jornalfatosenoticias.com.br\/wp-content\/uploads\/2020\/02\/Oses_Divulgacao.jpg","_links":{"self":[{"href":"https:\/\/jornalfatosenoticias.com.br\/index.php\/wp-json\/wp\/v2\/posts\/1483","targetHints":{"allow":["GET"]}}],"collection":[{"href":"https:\/\/jornalfatosenoticias.com.br\/index.php\/wp-json\/wp\/v2\/posts"}],"about":[{"href":"https:\/\/jornalfatosenoticias.com.br\/index.php\/wp-json\/wp\/v2\/types\/post"}],"author":[{"embeddable":true,"href":"https:\/\/jornalfatosenoticias.com.br\/index.php\/wp-json\/wp\/v2\/users\/2"}],"replies":[{"embeddable":true,"href":"https:\/\/jornalfatosenoticias.com.br\/index.php\/wp-json\/wp\/v2\/comments?post=1483"}],"version-history":[{"count":0,"href":"https:\/\/jornalfatosenoticias.com.br\/index.php\/wp-json\/wp\/v2\/posts\/1483\/revisions"}],"wp:featuredmedia":[{"embeddable":true,"href":"https:\/\/jornalfatosenoticias.com.br\/index.php\/wp-json\/wp\/v2\/media\/1484"}],"wp:attachment":[{"href":"https:\/\/jornalfatosenoticias.com.br\/index.php\/wp-json\/wp\/v2\/media?parent=1483"}],"wp:term":[{"taxonomy":"category","embeddable":true,"href":"https:\/\/jornalfatosenoticias.com.br\/index.php\/wp-json\/wp\/v2\/categories?post=1483"},{"taxonomy":"post_tag","embeddable":true,"href":"https:\/\/jornalfatosenoticias.com.br\/index.php\/wp-json\/wp\/v2\/tags?post=1483"}],"curies":[{"name":"wp","href":"https:\/\/api.w.org\/{rel}","templated":true}]}}