{"id":14842,"date":"2021-02-18T15:34:15","date_gmt":"2021-02-18T18:34:15","guid":{"rendered":"https:\/\/jornalfatosenoticias.com.br\/?p=14842"},"modified":"2021-02-18T15:34:20","modified_gmt":"2021-02-18T18:34:20","slug":"homens-com-cancer-de-mama-podem-ter-mais-problemas-cardiacos","status":"publish","type":"post","link":"https:\/\/jornalfatosenoticias.com.br\/index.php\/2021\/02\/18\/homens-com-cancer-de-mama-podem-ter-mais-problemas-cardiacos\/","title":{"rendered":"Homens com c\u00e2ncer de mama podem ter mais problemas card\u00edacos"},"content":{"rendered":"\n<p>Fatores de risco de doen\u00e7as card\u00edacas s\u00e3o comuns entre homens com c\u00e2ncer de mama, descobriu um pequeno estudo realizado pela Universidade de Georgetown, nos Estados Unidos.<br>Os pesquisadores analisaram os prontu\u00e1rios m\u00e9dicos de 24 pacientes do sexo masculino com c\u00e2ncer de mama, com idades entre 38 e 79 anos. Metade tinha hist\u00f3rico familiar de c\u00e2ncer de mama.<br>Quase oito em cada 10 pacientes tinham carcinoma ductal invasivo, que \u00e9 o tipo mais comum de c\u00e2ncer de mama e ocorre quando o c\u00e2ncer come\u00e7a nos dutos mam\u00e1rios e se espalha para o tecido mam\u00e1rio circundante. Cerca de nove em cada 10 dos pacientes estavam acima do peso, 58% tinham press\u00e3o alta e 54% tinham colesterol alto. Seis dos homens foram diagnosticados com uma malignidade prim\u00e1ria secund\u00e1ria e tr\u00eas com uma terceira malignidade prim\u00e1ria.<br>Todos os pacientes foram submetidos a mastectomia, 4% receberam quimioterapia com antraciclina, 8% receberam terapia direcionada a HER2, 16% receberam radia\u00e7\u00e3o e 71% receberam terapia hormonal.<br>Uma frequ\u00eancia card\u00edaca anormalmente aumentada (taquiarritmia) j\u00e1 estava presente em 8% dos pacientes e se desenvolveu em 13% dos pacientes durante o tratamento. Dois pacientes tiveram a fra\u00e7\u00e3o de eje\u00e7\u00e3o diminu\u00edda \u2014 uma diminui\u00e7\u00e3o na quantidade de sangue que o cora\u00e7\u00e3o bombeia a cada batimento \u2014 e dois pacientes desenvolveram insufici\u00eancia card\u00edaca ap\u00f3s o tratamento.<br>De acordo com os pesquisadores, a alta taxa de problemas card\u00edacos em pacientes com c\u00e2ncer de mama do sexo masculino justifica uma investiga\u00e7\u00e3o mais aprofundada para entender melhor o risco de doen\u00e7a card\u00edaca preexistente em resultados de longo prazo para esses pacientes.<br>As descobertas tamb\u00e9m mostram que os cardiologistas e cardio-oncologistas precisam estar envolvidos no tratamento do c\u00e2ncer de mama masculino devido aos fatores de risco card\u00edacos comuns e aos efeitos t\u00f3xicos potenciais no cora\u00e7\u00e3o do tratamento do c\u00e2ncer de mama.<br>Essa pesquisa \u00e9 considerada preliminar at\u00e9 ser publicada em um peri\u00f3dico com revis\u00e3o por pares.<\/p>\n\n\n\n<p><strong><em>Fonte: <a href=\"https:\/\/www.boasaude.com.br\/noticias\/13538\/homens-com-cancer-de-mama-podem-ter-mais-problemas-cardiacos.html\">Boa Sa\u00fade<\/a><\/em><\/strong><\/p>\n","protected":false},"excerpt":{"rendered":"<p>Fatores de risco de doen\u00e7as card\u00edacas s\u00e3o comuns entre homens com c\u00e2ncer de mama, descobriu um pequeno estudo realizado pela Universidade de Georgetown, nos Estados Unidos.Os pesquisadores analisaram os prontu\u00e1rios m\u00e9dicos de 24 pacientes do sexo masculino com c\u00e2ncer de mama, com idades entre 38 e 79 anos. Metade tinha hist\u00f3rico familiar de c\u00e2ncer de [&hellip;]<\/p>\n","protected":false},"author":2,"featured_media":14843,"comment_status":"open","ping_status":"open","sticky":false,"template":"","format":"standard","meta":{"footnotes":""},"categories":[11],"tags":[3383,7577,5673],"class_list":["post-14842","post","type-post","status-publish","format-standard","has-post-thumbnail","hentry","category-saude","tag-cancer-de-mama","tag-cancer-de-mama-masculino","tag-problemas-cardiacos"],"yoast_head":"<!-- This site is optimized with the Yoast SEO plugin v26.5 - https:\/\/yoast.com\/wordpress\/plugins\/seo\/ -->\n<title>Homens com c\u00e2ncer de mama podem ter mais problemas card\u00edacos - Jornal Fatos e Not\u00edcias<\/title>\n<meta name=\"robots\" content=\"index, follow, max-snippet:-1, max-image-preview:large, max-video-preview:-1\" \/>\n<link rel=\"canonical\" href=\"https:\/\/jornalfatosenoticias.com.br\/index.php\/2021\/02\/18\/homens-com-cancer-de-mama-podem-ter-mais-problemas-cardiacos\/\" \/>\n<meta property=\"og:locale\" content=\"pt_BR\" \/>\n<meta property=\"og:type\" content=\"article\" \/>\n<meta property=\"og:title\" content=\"Homens com c\u00e2ncer de mama podem ter mais problemas card\u00edacos - Jornal Fatos e Not\u00edcias\" \/>\n<meta property=\"og:description\" content=\"Fatores de risco de doen\u00e7as card\u00edacas s\u00e3o comuns entre homens com c\u00e2ncer de mama, descobriu um pequeno estudo realizado pela Universidade de Georgetown, nos Estados Unidos.Os pesquisadores analisaram os prontu\u00e1rios m\u00e9dicos de 24 pacientes do sexo masculino com c\u00e2ncer de mama, com idades entre 38 e 79 anos. Metade tinha hist\u00f3rico familiar de c\u00e2ncer de [&hellip;]\" \/>\n<meta property=\"og:url\" content=\"https:\/\/jornalfatosenoticias.com.br\/index.php\/2021\/02\/18\/homens-com-cancer-de-mama-podem-ter-mais-problemas-cardiacos\/\" \/>\n<meta property=\"og:site_name\" content=\"Jornal Fatos e Not\u00edcias\" \/>\n<meta property=\"article:published_time\" content=\"2021-02-18T18:34:15+00:00\" \/>\n<meta property=\"article:modified_time\" content=\"2021-02-18T18:34:20+00:00\" \/>\n<meta property=\"og:image\" content=\"https:\/\/jornalfatosenoticias.com.br\/wp-content\/uploads\/2021\/02\/cancer-de-mama-homem-getty-images_istockphoto.jpg\" \/>\n\t<meta property=\"og:image:width\" content=\"1000\" \/>\n\t<meta property=\"og:image:height\" content=\"666\" \/>\n\t<meta property=\"og:image:type\" content=\"image\/jpeg\" \/>\n<meta name=\"author\" content=\"Luzimara Fernandes\" \/>\n<meta name=\"twitter:card\" content=\"summary_large_image\" \/>\n<meta name=\"twitter:label1\" content=\"Escrito por\" \/>\n\t<meta name=\"twitter:data1\" content=\"Luzimara Fernandes\" \/>\n\t<meta name=\"twitter:label2\" content=\"Est. tempo de leitura\" \/>\n\t<meta name=\"twitter:data2\" content=\"2 minutos\" \/>\n<script type=\"application\/ld+json\" class=\"yoast-schema-graph\">{\"@context\":\"https:\/\/schema.org\",\"@graph\":[{\"@type\":\"Article\",\"@id\":\"https:\/\/jornalfatosenoticias.com.br\/index.php\/2021\/02\/18\/homens-com-cancer-de-mama-podem-ter-mais-problemas-cardiacos\/#article\",\"isPartOf\":{\"@id\":\"https:\/\/jornalfatosenoticias.com.br\/index.php\/2021\/02\/18\/homens-com-cancer-de-mama-podem-ter-mais-problemas-cardiacos\/\"},\"author\":{\"name\":\"Luzimara Fernandes\",\"@id\":\"https:\/\/jornalfatosenoticias.com.br\/#\/schema\/person\/d63837fa13ac8666eb9e74e0985d6f81\"},\"headline\":\"Homens com c\u00e2ncer de mama podem ter mais problemas card\u00edacos\",\"datePublished\":\"2021-02-18T18:34:15+00:00\",\"dateModified\":\"2021-02-18T18:34:20+00:00\",\"mainEntityOfPage\":{\"@id\":\"https:\/\/jornalfatosenoticias.com.br\/index.php\/2021\/02\/18\/homens-com-cancer-de-mama-podem-ter-mais-problemas-cardiacos\/\"},\"wordCount\":351,\"commentCount\":0,\"publisher\":{\"@id\":\"https:\/\/jornalfatosenoticias.com.br\/#organization\"},\"image\":{\"@id\":\"https:\/\/jornalfatosenoticias.com.br\/index.php\/2021\/02\/18\/homens-com-cancer-de-mama-podem-ter-mais-problemas-cardiacos\/#primaryimage\"},\"thumbnailUrl\":\"https:\/\/jornalfatosenoticias.com.br\/wp-content\/uploads\/2021\/02\/cancer-de-mama-homem-getty-images_istockphoto.jpg\",\"keywords\":[\"c\u00e2ncer de mama\",\"c\u00e2ncer de mama masculino\",\"problemas card\u00edacos\"],\"articleSection\":[\"Sa\u00fade\"],\"inLanguage\":\"pt-BR\",\"potentialAction\":[{\"@type\":\"CommentAction\",\"name\":\"Comment\",\"target\":[\"https:\/\/jornalfatosenoticias.com.br\/index.php\/2021\/02\/18\/homens-com-cancer-de-mama-podem-ter-mais-problemas-cardiacos\/#respond\"]}]},{\"@type\":\"WebPage\",\"@id\":\"https:\/\/jornalfatosenoticias.com.br\/index.php\/2021\/02\/18\/homens-com-cancer-de-mama-podem-ter-mais-problemas-cardiacos\/\",\"url\":\"https:\/\/jornalfatosenoticias.com.br\/index.php\/2021\/02\/18\/homens-com-cancer-de-mama-podem-ter-mais-problemas-cardiacos\/\",\"name\":\"Homens com c\u00e2ncer de mama podem ter mais problemas card\u00edacos - Jornal Fatos e Not\u00edcias\",\"isPartOf\":{\"@id\":\"https:\/\/jornalfatosenoticias.com.br\/#website\"},\"primaryImageOfPage\":{\"@id\":\"https:\/\/jornalfatosenoticias.com.br\/index.php\/2021\/02\/18\/homens-com-cancer-de-mama-podem-ter-mais-problemas-cardiacos\/#primaryimage\"},\"image\":{\"@id\":\"https:\/\/jornalfatosenoticias.com.br\/index.php\/2021\/02\/18\/homens-com-cancer-de-mama-podem-ter-mais-problemas-cardiacos\/#primaryimage\"},\"thumbnailUrl\":\"https:\/\/jornalfatosenoticias.com.br\/wp-content\/uploads\/2021\/02\/cancer-de-mama-homem-getty-images_istockphoto.jpg\",\"datePublished\":\"2021-02-18T18:34:15+00:00\",\"dateModified\":\"2021-02-18T18:34:20+00:00\",\"breadcrumb\":{\"@id\":\"https:\/\/jornalfatosenoticias.com.br\/index.php\/2021\/02\/18\/homens-com-cancer-de-mama-podem-ter-mais-problemas-cardiacos\/#breadcrumb\"},\"inLanguage\":\"pt-BR\",\"potentialAction\":[{\"@type\":\"ReadAction\",\"target\":[\"https:\/\/jornalfatosenoticias.com.br\/index.php\/2021\/02\/18\/homens-com-cancer-de-mama-podem-ter-mais-problemas-cardiacos\/\"]}]},{\"@type\":\"ImageObject\",\"inLanguage\":\"pt-BR\",\"@id\":\"https:\/\/jornalfatosenoticias.com.br\/index.php\/2021\/02\/18\/homens-com-cancer-de-mama-podem-ter-mais-problemas-cardiacos\/#primaryimage\",\"url\":\"https:\/\/jornalfatosenoticias.com.br\/wp-content\/uploads\/2021\/02\/cancer-de-mama-homem-getty-images_istockphoto.jpg\",\"contentUrl\":\"https:\/\/jornalfatosenoticias.com.br\/wp-content\/uploads\/2021\/02\/cancer-de-mama-homem-getty-images_istockphoto.jpg\",\"width\":1000,\"height\":666,\"caption\":\"Young man holding hand to spot chest pain\"},{\"@type\":\"BreadcrumbList\",\"@id\":\"https:\/\/jornalfatosenoticias.com.br\/index.php\/2021\/02\/18\/homens-com-cancer-de-mama-podem-ter-mais-problemas-cardiacos\/#breadcrumb\",\"itemListElement\":[{\"@type\":\"ListItem\",\"position\":1,\"name\":\"In\u00edcio\",\"item\":\"https:\/\/jornalfatosenoticias.com.br\/\"},{\"@type\":\"ListItem\",\"position\":2,\"name\":\"Homens com c\u00e2ncer de mama podem ter mais problemas card\u00edacos\"}]},{\"@type\":\"WebSite\",\"@id\":\"https:\/\/jornalfatosenoticias.com.br\/#website\",\"url\":\"https:\/\/jornalfatosenoticias.com.br\/\",\"name\":\"Jornal Fatos e Not\u00edcias\",\"description\":\"Not\u00edcias em geral\",\"publisher\":{\"@id\":\"https:\/\/jornalfatosenoticias.com.br\/#organization\"},\"potentialAction\":[{\"@type\":\"SearchAction\",\"target\":{\"@type\":\"EntryPoint\",\"urlTemplate\":\"https:\/\/jornalfatosenoticias.com.br\/?s={search_term_string}\"},\"query-input\":{\"@type\":\"PropertyValueSpecification\",\"valueRequired\":true,\"valueName\":\"search_term_string\"}}],\"inLanguage\":\"pt-BR\"},{\"@type\":\"Organization\",\"@id\":\"https:\/\/jornalfatosenoticias.com.br\/#organization\",\"name\":\"Jornal Fatos e Not\u00edcias\",\"url\":\"https:\/\/jornalfatosenoticias.com.br\/\",\"logo\":{\"@type\":\"ImageObject\",\"inLanguage\":\"pt-BR\",\"@id\":\"https:\/\/jornalfatosenoticias.com.br\/#\/schema\/logo\/image\/\",\"url\":\"https:\/\/jornalfatosenoticias.com.br\/wp-content\/uploads\/2020\/02\/logo120.png\",\"contentUrl\":\"https:\/\/jornalfatosenoticias.com.br\/wp-content\/uploads\/2020\/02\/logo120.png\",\"width\":1227,\"height\":120,\"caption\":\"Jornal Fatos e Not\u00edcias\"},\"image\":{\"@id\":\"https:\/\/jornalfatosenoticias.com.br\/#\/schema\/logo\/image\/\"}},{\"@type\":\"Person\",\"@id\":\"https:\/\/jornalfatosenoticias.com.br\/#\/schema\/person\/d63837fa13ac8666eb9e74e0985d6f81\",\"name\":\"Luzimara Fernandes\",\"image\":{\"@type\":\"ImageObject\",\"inLanguage\":\"pt-BR\",\"@id\":\"https:\/\/jornalfatosenoticias.com.br\/#\/schema\/person\/image\/\",\"url\":\"https:\/\/jornalfatosenoticias.com.br\/wp-content\/uploads\/2025\/05\/EU_portal.jpg\",\"contentUrl\":\"https:\/\/jornalfatosenoticias.com.br\/wp-content\/uploads\/2025\/05\/EU_portal.jpg\",\"caption\":\"Luzimara Fernandes\"},\"description\":\"Jornalista MTB 2358-ES\",\"sameAs\":[\"https:\/\/jornalfatosenoticias.com.br\"],\"url\":\"https:\/\/jornalfatosenoticias.com.br\/index.php\/author\/luzimara\/\"}]}<\/script>\n<!-- \/ Yoast SEO plugin. -->","yoast_head_json":{"title":"Homens com c\u00e2ncer de mama podem ter mais problemas card\u00edacos - Jornal Fatos e Not\u00edcias","robots":{"index":"index","follow":"follow","max-snippet":"max-snippet:-1","max-image-preview":"max-image-preview:large","max-video-preview":"max-video-preview:-1"},"canonical":"https:\/\/jornalfatosenoticias.com.br\/index.php\/2021\/02\/18\/homens-com-cancer-de-mama-podem-ter-mais-problemas-cardiacos\/","og_locale":"pt_BR","og_type":"article","og_title":"Homens com c\u00e2ncer de mama podem ter mais problemas card\u00edacos - Jornal Fatos e Not\u00edcias","og_description":"Fatores de risco de doen\u00e7as card\u00edacas s\u00e3o comuns entre homens com c\u00e2ncer de mama, descobriu um pequeno estudo realizado pela Universidade de Georgetown, nos Estados Unidos.Os pesquisadores analisaram os prontu\u00e1rios m\u00e9dicos de 24 pacientes do sexo masculino com c\u00e2ncer de mama, com idades entre 38 e 79 anos. Metade tinha hist\u00f3rico familiar de c\u00e2ncer de [&hellip;]","og_url":"https:\/\/jornalfatosenoticias.com.br\/index.php\/2021\/02\/18\/homens-com-cancer-de-mama-podem-ter-mais-problemas-cardiacos\/","og_site_name":"Jornal Fatos e Not\u00edcias","article_published_time":"2021-02-18T18:34:15+00:00","article_modified_time":"2021-02-18T18:34:20+00:00","og_image":[{"width":1000,"height":666,"url":"https:\/\/jornalfatosenoticias.com.br\/wp-content\/uploads\/2021\/02\/cancer-de-mama-homem-getty-images_istockphoto.jpg","type":"image\/jpeg"}],"author":"Luzimara Fernandes","twitter_card":"summary_large_image","twitter_misc":{"Escrito por":"Luzimara Fernandes","Est. tempo de leitura":"2 minutos"},"schema":{"@context":"https:\/\/schema.org","@graph":[{"@type":"Article","@id":"https:\/\/jornalfatosenoticias.com.br\/index.php\/2021\/02\/18\/homens-com-cancer-de-mama-podem-ter-mais-problemas-cardiacos\/#article","isPartOf":{"@id":"https:\/\/jornalfatosenoticias.com.br\/index.php\/2021\/02\/18\/homens-com-cancer-de-mama-podem-ter-mais-problemas-cardiacos\/"},"author":{"name":"Luzimara Fernandes","@id":"https:\/\/jornalfatosenoticias.com.br\/#\/schema\/person\/d63837fa13ac8666eb9e74e0985d6f81"},"headline":"Homens com c\u00e2ncer de mama podem ter mais problemas card\u00edacos","datePublished":"2021-02-18T18:34:15+00:00","dateModified":"2021-02-18T18:34:20+00:00","mainEntityOfPage":{"@id":"https:\/\/jornalfatosenoticias.com.br\/index.php\/2021\/02\/18\/homens-com-cancer-de-mama-podem-ter-mais-problemas-cardiacos\/"},"wordCount":351,"commentCount":0,"publisher":{"@id":"https:\/\/jornalfatosenoticias.com.br\/#organization"},"image":{"@id":"https:\/\/jornalfatosenoticias.com.br\/index.php\/2021\/02\/18\/homens-com-cancer-de-mama-podem-ter-mais-problemas-cardiacos\/#primaryimage"},"thumbnailUrl":"https:\/\/jornalfatosenoticias.com.br\/wp-content\/uploads\/2021\/02\/cancer-de-mama-homem-getty-images_istockphoto.jpg","keywords":["c\u00e2ncer de mama","c\u00e2ncer de mama masculino","problemas card\u00edacos"],"articleSection":["Sa\u00fade"],"inLanguage":"pt-BR","potentialAction":[{"@type":"CommentAction","name":"Comment","target":["https:\/\/jornalfatosenoticias.com.br\/index.php\/2021\/02\/18\/homens-com-cancer-de-mama-podem-ter-mais-problemas-cardiacos\/#respond"]}]},{"@type":"WebPage","@id":"https:\/\/jornalfatosenoticias.com.br\/index.php\/2021\/02\/18\/homens-com-cancer-de-mama-podem-ter-mais-problemas-cardiacos\/","url":"https:\/\/jornalfatosenoticias.com.br\/index.php\/2021\/02\/18\/homens-com-cancer-de-mama-podem-ter-mais-problemas-cardiacos\/","name":"Homens com c\u00e2ncer de mama podem ter mais problemas card\u00edacos - Jornal Fatos e Not\u00edcias","isPartOf":{"@id":"https:\/\/jornalfatosenoticias.com.br\/#website"},"primaryImageOfPage":{"@id":"https:\/\/jornalfatosenoticias.com.br\/index.php\/2021\/02\/18\/homens-com-cancer-de-mama-podem-ter-mais-problemas-cardiacos\/#primaryimage"},"image":{"@id":"https:\/\/jornalfatosenoticias.com.br\/index.php\/2021\/02\/18\/homens-com-cancer-de-mama-podem-ter-mais-problemas-cardiacos\/#primaryimage"},"thumbnailUrl":"https:\/\/jornalfatosenoticias.com.br\/wp-content\/uploads\/2021\/02\/cancer-de-mama-homem-getty-images_istockphoto.jpg","datePublished":"2021-02-18T18:34:15+00:00","dateModified":"2021-02-18T18:34:20+00:00","breadcrumb":{"@id":"https:\/\/jornalfatosenoticias.com.br\/index.php\/2021\/02\/18\/homens-com-cancer-de-mama-podem-ter-mais-problemas-cardiacos\/#breadcrumb"},"inLanguage":"pt-BR","potentialAction":[{"@type":"ReadAction","target":["https:\/\/jornalfatosenoticias.com.br\/index.php\/2021\/02\/18\/homens-com-cancer-de-mama-podem-ter-mais-problemas-cardiacos\/"]}]},{"@type":"ImageObject","inLanguage":"pt-BR","@id":"https:\/\/jornalfatosenoticias.com.br\/index.php\/2021\/02\/18\/homens-com-cancer-de-mama-podem-ter-mais-problemas-cardiacos\/#primaryimage","url":"https:\/\/jornalfatosenoticias.com.br\/wp-content\/uploads\/2021\/02\/cancer-de-mama-homem-getty-images_istockphoto.jpg","contentUrl":"https:\/\/jornalfatosenoticias.com.br\/wp-content\/uploads\/2021\/02\/cancer-de-mama-homem-getty-images_istockphoto.jpg","width":1000,"height":666,"caption":"Young man holding hand to spot chest pain"},{"@type":"BreadcrumbList","@id":"https:\/\/jornalfatosenoticias.com.br\/index.php\/2021\/02\/18\/homens-com-cancer-de-mama-podem-ter-mais-problemas-cardiacos\/#breadcrumb","itemListElement":[{"@type":"ListItem","position":1,"name":"In\u00edcio","item":"https:\/\/jornalfatosenoticias.com.br\/"},{"@type":"ListItem","position":2,"name":"Homens com c\u00e2ncer de mama podem ter mais problemas card\u00edacos"}]},{"@type":"WebSite","@id":"https:\/\/jornalfatosenoticias.com.br\/#website","url":"https:\/\/jornalfatosenoticias.com.br\/","name":"Jornal Fatos e Not\u00edcias","description":"Not\u00edcias em geral","publisher":{"@id":"https:\/\/jornalfatosenoticias.com.br\/#organization"},"potentialAction":[{"@type":"SearchAction","target":{"@type":"EntryPoint","urlTemplate":"https:\/\/jornalfatosenoticias.com.br\/?s={search_term_string}"},"query-input":{"@type":"PropertyValueSpecification","valueRequired":true,"valueName":"search_term_string"}}],"inLanguage":"pt-BR"},{"@type":"Organization","@id":"https:\/\/jornalfatosenoticias.com.br\/#organization","name":"Jornal Fatos e Not\u00edcias","url":"https:\/\/jornalfatosenoticias.com.br\/","logo":{"@type":"ImageObject","inLanguage":"pt-BR","@id":"https:\/\/jornalfatosenoticias.com.br\/#\/schema\/logo\/image\/","url":"https:\/\/jornalfatosenoticias.com.br\/wp-content\/uploads\/2020\/02\/logo120.png","contentUrl":"https:\/\/jornalfatosenoticias.com.br\/wp-content\/uploads\/2020\/02\/logo120.png","width":1227,"height":120,"caption":"Jornal Fatos e Not\u00edcias"},"image":{"@id":"https:\/\/jornalfatosenoticias.com.br\/#\/schema\/logo\/image\/"}},{"@type":"Person","@id":"https:\/\/jornalfatosenoticias.com.br\/#\/schema\/person\/d63837fa13ac8666eb9e74e0985d6f81","name":"Luzimara Fernandes","image":{"@type":"ImageObject","inLanguage":"pt-BR","@id":"https:\/\/jornalfatosenoticias.com.br\/#\/schema\/person\/image\/","url":"https:\/\/jornalfatosenoticias.com.br\/wp-content\/uploads\/2025\/05\/EU_portal.jpg","contentUrl":"https:\/\/jornalfatosenoticias.com.br\/wp-content\/uploads\/2025\/05\/EU_portal.jpg","caption":"Luzimara Fernandes"},"description":"Jornalista MTB 2358-ES","sameAs":["https:\/\/jornalfatosenoticias.com.br"],"url":"https:\/\/jornalfatosenoticias.com.br\/index.php\/author\/luzimara\/"}]}},"cc_featured_image_caption":{"caption_text":"(Getty Images\/iStockphoto)","source_text":"","source_url":""},"jetpack_featured_media_url":"https:\/\/jornalfatosenoticias.com.br\/wp-content\/uploads\/2021\/02\/cancer-de-mama-homem-getty-images_istockphoto.jpg","_links":{"self":[{"href":"https:\/\/jornalfatosenoticias.com.br\/index.php\/wp-json\/wp\/v2\/posts\/14842","targetHints":{"allow":["GET"]}}],"collection":[{"href":"https:\/\/jornalfatosenoticias.com.br\/index.php\/wp-json\/wp\/v2\/posts"}],"about":[{"href":"https:\/\/jornalfatosenoticias.com.br\/index.php\/wp-json\/wp\/v2\/types\/post"}],"author":[{"embeddable":true,"href":"https:\/\/jornalfatosenoticias.com.br\/index.php\/wp-json\/wp\/v2\/users\/2"}],"replies":[{"embeddable":true,"href":"https:\/\/jornalfatosenoticias.com.br\/index.php\/wp-json\/wp\/v2\/comments?post=14842"}],"version-history":[{"count":0,"href":"https:\/\/jornalfatosenoticias.com.br\/index.php\/wp-json\/wp\/v2\/posts\/14842\/revisions"}],"wp:featuredmedia":[{"embeddable":true,"href":"https:\/\/jornalfatosenoticias.com.br\/index.php\/wp-json\/wp\/v2\/media\/14843"}],"wp:attachment":[{"href":"https:\/\/jornalfatosenoticias.com.br\/index.php\/wp-json\/wp\/v2\/media?parent=14842"}],"wp:term":[{"taxonomy":"category","embeddable":true,"href":"https:\/\/jornalfatosenoticias.com.br\/index.php\/wp-json\/wp\/v2\/categories?post=14842"},{"taxonomy":"post_tag","embeddable":true,"href":"https:\/\/jornalfatosenoticias.com.br\/index.php\/wp-json\/wp\/v2\/tags?post=14842"}],"curies":[{"name":"wp","href":"https:\/\/api.w.org\/{rel}","templated":true}]}}