{"id":14848,"date":"2021-02-18T16:20:49","date_gmt":"2021-02-18T19:20:49","guid":{"rendered":"https:\/\/jornalfatosenoticias.com.br\/?p=14848"},"modified":"2021-02-18T16:20:54","modified_gmt":"2021-02-18T19:20:54","slug":"coluna-jorge-pacheco","status":"publish","type":"post","link":"https:\/\/jornalfatosenoticias.com.br\/index.php\/2021\/02\/18\/coluna-jorge-pacheco\/","title":{"rendered":"Coluna Jorge Pacheco"},"content":{"rendered":"\n<div class=\"wp-block-image\"><figure class=\"alignright size-large is-resized\"><img loading=\"lazy\" decoding=\"async\" src=\"https:\/\/jornalfatosenoticias.com.br\/wp-content\/uploads\/2021\/02\/Paulo-Francis.jpg\" alt=\"\" class=\"wp-image-14849\" width=\"79\" height=\"88\" srcset=\"https:\/\/jornalfatosenoticias.com.br\/wp-content\/uploads\/2021\/02\/Paulo-Francis.jpg 333w, https:\/\/jornalfatosenoticias.com.br\/wp-content\/uploads\/2021\/02\/Paulo-Francis-269x300.jpg 269w\" sizes=\"auto, (max-width: 79px) 100vw, 79px\" \/><\/figure><\/div>\n\n\n\n<p><em>O Brasil \u00e9 um asilo de lun\u00e1ticos onde os pacientes assumiram o controle\/\/Apenas os idiotas n\u00e3o se contradizem\/\/Quem n\u00e3o l\u00ea n\u00e3o pensa, e quem n\u00e3o pensa ser\u00e1 para sempre um servo. A Ignor\u00e2ncia \u00e9 o nosso grande patrim\u00f4nio nacional\/\/Talvez o Brasil j\u00e1 tenha acabado e a gente n\u00e3o tenha se dado conta disso\/\/N\u00e3o h\u00e1 quem n\u00e3o cometa erros, e grandes homens cometem grandes erros\/\/Qualquer pessoa inteligente \u00e9 contradit\u00f3ria\u201d, <strong>Paulo Francis<\/strong><\/em><\/p>\n\n\n\n<h4 class=\"wp-block-heading\">Gilmar Mendes: A Lava Jato prendeu o Lula, apoiou elei\u00e7\u00e3o de Bolsonaro e integrou governo<\/h4>\n\n\n\n<p>Perto de liberar para julgamento a a\u00e7\u00e3o em que o ex-presidente Luiz In\u00e1cio Lula da Silva pede a anula\u00e7\u00e3o da sua condena\u00e7\u00e3o no caso do Tr\u00edplex do Guaruj\u00e1, Gilmar Mendes afirmou tamb\u00e9m que o ex-juiz federal e ex-ministro da Justi\u00e7a S\u00e9rgio Moro &#8220;fez tudo o que n\u00e3o condiz&#8221; com o que se espera da rela\u00e7\u00e3o entre juiz e Minist\u00e9rio P\u00fablico numa investiga\u00e7\u00e3o criminal.<br>O julgamento do recurso de Lula teve in\u00edcio em dezembro de 2018 e foi interrompido por um pedido de vista de Mendes. Na \u00e9poca, dois ministros chegaram a votar contra o pedido do ex-presidente: o relator Luiz Edson Fachin e C\u00e1rmen L\u00facia. Segundo Mendes, o caso ser\u00e1 liberado para vota\u00e7\u00e3o neste semestre.<br>Na a\u00e7\u00e3o, a defesa de Lula questiona a imparcialidade de Moro e cita como uma das provas disso o fato de o juiz ter aceitado ser ministro da Justi\u00e7a do governo Bolsonaro.<br>Moro foi o primeiro a condenar Lula, em 2017, no processo em que o ex-presidente \u00e9 acusado de ter recebido a propriedade de um tr\u00edplex no Guaruj\u00e1 da empreiteira OAS como parte de propina em troca de contratos da empresa com a Petrobras. Depois a condena\u00e7\u00e3o foi confirmada pelo Tribunal Regional Federal (TRF) da 4\u00aa Regi\u00e3o e pelo Superior Tribunal de Justi\u00e7a (STJ).<br>&#8220;A Lava Jato tinha candidato e tinha programa no processo eleitoral&#8221;, disse Mendes \u00e0 BBC News Brasil.<br>&#8220;Primeiro a Lava Jato atua na pris\u00e3o do Lula. Prestes \u00e0 elei\u00e7\u00e3o, a Lava Jato divulga o chamado depoimento ou dela\u00e7\u00e3o do Palocci, tentando influenciar o processo eleitoral. Depois, o Moro vai para o governo Bolsonaro, portanto eles n\u00e3o s\u00f3 apoiaram como depois passam a integrar o governo Bolsonaro&#8221;, exemplificou o ministro.<\/p>\n\n\n\n<figure class=\"wp-block-image size-large\"><img loading=\"lazy\" decoding=\"async\" width=\"1000\" height=\"562\" src=\"https:\/\/jornalfatosenoticias.com.br\/wp-content\/uploads\/2021\/02\/gilmar-bocao_inimigo-do-brasil.jpg\" alt=\"\" class=\"wp-image-14851\" srcset=\"https:\/\/jornalfatosenoticias.com.br\/wp-content\/uploads\/2021\/02\/gilmar-bocao_inimigo-do-brasil.jpg 1000w, https:\/\/jornalfatosenoticias.com.br\/wp-content\/uploads\/2021\/02\/gilmar-bocao_inimigo-do-brasil-300x169.jpg 300w, https:\/\/jornalfatosenoticias.com.br\/wp-content\/uploads\/2021\/02\/gilmar-bocao_inimigo-do-brasil-768x432.jpg 768w\" sizes=\"auto, (max-width: 1000px) 100vw, 1000px\" \/><figcaption><em>(Foto: Fellipe Sampaio\/STF)<\/em><\/figcaption><\/figure>\n\n\n\n<p>Questionado se uma eventual anula\u00e7\u00e3o da condena\u00e7\u00e3o de Lula n\u00e3o poderia gerar efeito cascata, beneficiando os demais r\u00e9us da Lava Jato, o ministro do STF disse que cada caso ser\u00e1 analisado individualmente.<br>Ele destacou, por\u00e9m, que condena\u00e7\u00f5es que se basearam na colabora\u00e7\u00e3o informal entre procuradores da Lava Jato e autoridades estrangeiras podem ser reavaliadas. E disse haver &#8220;indica\u00e7\u00f5es de que houve v\u00edcios nos acordos de dela\u00e7\u00e3o premiada e indu\u00e7\u00f5es de declara\u00e7\u00f5es&#8221; dos r\u00e9us na Lava Jato.<br>Sobre a pandemia de coronav\u00edrus, Gilmar Mendes afirmou que, em parte, o elevado n\u00famero de mortes se deve \u00e0 aus\u00eancia de coordena\u00e7\u00e3o entre o Executivo Federal e governos estaduais, por causa de &#8220;cren\u00e7as que dominavam o governo federal&#8221;, como a rejei\u00e7\u00e3o de medidas de isolamento social.<br>Apesar disso, o ministro disse n\u00e3o achar que seria &#8220;salutar&#8221; para o pa\u00eds abrir processos de impeachment contra o presidente Jair Bolsonaro. Mais de 60 pedidos foram protocolados no Congresso Nacional, mas a decis\u00e3o sobre abertura cabe ao presidente da C\u00e2mara, Arthur Lira (PP), aliado de Bolsonaro.<\/p>\n\n\n\n<h4 class=\"wp-block-heading\">Apoiadores de Daniel Silveira agridem homem com placa de Marielle, no Rio<\/h4>\n\n\n\n<figure class=\"wp-block-image size-large\"><img loading=\"lazy\" decoding=\"async\" width=\"1000\" height=\"642\" src=\"https:\/\/jornalfatosenoticias.com.br\/wp-content\/uploads\/2021\/02\/idiota.jpg\" alt=\"\" class=\"wp-image-14852\" srcset=\"https:\/\/jornalfatosenoticias.com.br\/wp-content\/uploads\/2021\/02\/idiota.jpg 1000w, https:\/\/jornalfatosenoticias.com.br\/wp-content\/uploads\/2021\/02\/idiota-300x193.jpg 300w, https:\/\/jornalfatosenoticias.com.br\/wp-content\/uploads\/2021\/02\/idiota-768x493.jpg 768w\" sizes=\"auto, (max-width: 1000px) 100vw, 1000px\" \/><figcaption><em>(Foto: Reprodu\u00e7\u00e3o\/R\u00e1dio Tupi)<\/em><\/figcaption><\/figure>\n\n\n\n<p>Ap\u00f3s fazer ataques ao Supremo Tribunal Federal (STF) e enaltecer o Ato Institucional n\u00b0 5, o AI-5, o deputado federal Daniel Silveira (PSL-RJ) foi condenado \u00e0 pris\u00e3o nesta quarta-feira (17\/2). Ap\u00f3s a decis\u00e3o do STF, grupos bolsonaristas se concentraram nas entradas da Superintend\u00eancia da Pol\u00edcia Federal do Rio, no Centro da cidade, onde ele est\u00e1 preso, pedindo a libera\u00e7\u00e3o do parlamentar. Bolsonaristas ficaram na porta da Superintend\u00eancia da Pol\u00edcia Federal do Rio, pedindo a libera\u00e7\u00e3o do parlamentar.<br>Bolsonaristas, que apoiam o deputado, agrediram um homem que levou uma placa com o nome da vereadora Marielle Franco. Ela \u00e9 semelhante \u00e0 que foi quebrada pelo pol\u00edtico, junto ao deputado estadual Rodrigo Amorim (PSL-RJ), em 2018.<br>STF confirma, por unanimidade, pris\u00e3o do deputado Daniel Silveira. O grupo, que em maioria estava sem m\u00e1scara, tamb\u00e9m atacou equipes de imprensa. Jornalistas e cinegrafistas precisaram se abrigar na sede da Pol\u00edcia Federal e em seguida foram escoltados para deixar o local.<br>Gritos como \u201cMarielle Franco levou pouco tiro\u201d, \u201cj\u00e1 foi tarde pro inferno\u201d e \u201cquem manda no Pa\u00eds \u00e9 o Jair [Bolsonaro]\u201d, foram registrados junto a pedidos de pris\u00e3o do ministro Alexandre de Moraes, do STF.<\/p>\n\n\n\n<h4 class=\"wp-block-heading\">Plen\u00e1rio do STF mant\u00e9m pris\u00e3o em flagrante do deputado Daniel Silveira<\/h4>\n\n\n\n<figure class=\"wp-block-image size-large\"><img loading=\"lazy\" decoding=\"async\" width=\"1000\" height=\"598\" src=\"https:\/\/jornalfatosenoticias.com.br\/wp-content\/uploads\/2021\/02\/daniel-silveira.jpg\" alt=\"\" class=\"wp-image-14853\" srcset=\"https:\/\/jornalfatosenoticias.com.br\/wp-content\/uploads\/2021\/02\/daniel-silveira.jpg 1000w, https:\/\/jornalfatosenoticias.com.br\/wp-content\/uploads\/2021\/02\/daniel-silveira-300x179.jpg 300w, https:\/\/jornalfatosenoticias.com.br\/wp-content\/uploads\/2021\/02\/daniel-silveira-768x459.jpg 768w\" sizes=\"auto, (max-width: 1000px) 100vw, 1000px\" \/><figcaption><em>Deputado Daniel Silveira (Foto: Pablo Valadares\/C\u00e2mara dos Deputados)<\/em><\/figcaption><\/figure>\n\n\n\n<p>Declara\u00e7\u00f5es de deputado contra a democracia e o Estado de Direito n\u00e3o est\u00e3o cobertas pela imunidade parlamentar, j\u00e1 que esta garantia busca preservar a pr\u00f3pria democracia e o Estado de Direito. Com esse entendimento, o Plen\u00e1rio do Supremo Tribunal Federal confirmou, na quarta-feira (17), a pris\u00e3o em flagrante do deputado Daniel Silveira (PSL-RJ) por atentar contra o funcionamento do Judici\u00e1rio e o Estado Democr\u00e1tico de Direito. Deputado amea\u00e7ou Fachin e outros ministros do Supremo, al\u00e9m de defender a ditadura.<br>Silveira foi preso em flagrante na ter\u00e7a (16) por ordem do ministro do STF Alexandre de Moraes devido \u00e0 publica\u00e7\u00e3o de um v\u00eddeo com ataques e incita\u00e7\u00e3o de viol\u00eancia contra integrantes do Supremo. Diante de uma nota do ministro Luiz Edson Fachin repudiando tentativas de intimida\u00e7\u00e3o da corte, o deputado o classificou de &#8220;filha da puta&#8221; e disse que n\u00e3o poderia ser punido por querer dar uma surra nele.<br>&#8220;Eu tamb\u00e9m vou perseguir voc\u00eas. Eu n\u00e3o tenho medo de vagabundo, n\u00e3o tenho medo de traficante, n\u00e3o tenho medo de assassino, vou ter medo de 11? Que n\u00e3o servem para porra nenhuma para esse Pa\u00eds? N\u00e3o\u2026 n\u00e3o vou ter. S\u00f3 que eu sei muito bem com quem voc\u00eas andam, o que voc\u00eas fazem&#8221;, completou a amea\u00e7a.<br>Na sess\u00e3o de quarta-feira, Alexandre de Moraes votou pela manuten\u00e7\u00e3o da pris\u00e3o em flagrante do deputado. Segundo o ministro, as declara\u00e7\u00f5es de Silveira s\u00e3o \u201cgrav\u00edssimas\u201d, e n\u00e3o somente do ponto de vista pessoal dos ministros, mas do ponto de vista institucional e de manuten\u00e7\u00e3o do Estado Democr\u00e1tico de Direito.<br>\u201cMuito mais do que os crimes contra a honra contra ministros e o STF, muito mais do que amea\u00e7a contra a integridade f\u00edsica e a vida de ministros, muito mais do que ofensas pesadas, as manifesta\u00e7\u00f5es tiveram o intuito de corroer o sistema democr\u00e1tico brasileiro e as institui\u00e7\u00f5es e de abalar o regime jur\u00eddico do Estado Democr\u00e1tico de Direito\u201d, disse o magistrado.<br>Conforme Alexandre de Moraes, o parlamentar cometeu os crimes de tentar mudar o Estado de Direito; tentar impedir o funcionamento do Judici\u00e1rio; incitar \u00e0 subvers\u00e3o da ordem pol\u00edtica e social, \u00e0 animosidade entre as For\u00e7as Armadas e as institui\u00e7\u00f5es e \u00e0 pr\u00e1tica de crimes; e caluniar ou difamar ministros do STF. As condutas s\u00e3o previstas na Lei de Seguran\u00e7a Nacional (Lei 7.170\/1983), artigos 17, 18, 22, incisos I e IV, 23, incisos I, II e IV e 26.<br>Para o relator, Silveira em liberdade amea\u00e7a a ordem p\u00fablica e representa risco social. De acordo com Alexandre, as declara\u00e7\u00f5es do deputado contra a democracia e o Estado de Direito n\u00e3o est\u00e3o cobertas pela imunidade parlamentar, j\u00e1 que essa garantia busca preservar aqueles princ\u00edpios.<\/p>\n\n\n\n<h4 class=\"wp-block-heading\">Presidente ataca a imprensa e sugere tirar jornais de circula\u00e7\u00e3o<\/h4>\n\n\n\n<figure class=\"wp-block-image size-large\"><img loading=\"lazy\" decoding=\"async\" width=\"1000\" height=\"597\" src=\"https:\/\/jornalfatosenoticias.com.br\/wp-content\/uploads\/2021\/02\/bolsonaro.jpg\" alt=\"\" class=\"wp-image-14854\" srcset=\"https:\/\/jornalfatosenoticias.com.br\/wp-content\/uploads\/2021\/02\/bolsonaro.jpg 1000w, https:\/\/jornalfatosenoticias.com.br\/wp-content\/uploads\/2021\/02\/bolsonaro-300x179.jpg 300w, https:\/\/jornalfatosenoticias.com.br\/wp-content\/uploads\/2021\/02\/bolsonaro-768x458.jpg 768w\" sizes=\"auto, (max-width: 1000px) 100vw, 1000px\" \/><figcaption><em>(Foto: Marcelo Camargo\/Ag\u00eancia Brasil)<\/em><\/figcaption><\/figure>\n\n\n\n<p>Bolsonaro voltou a reclamar de restri\u00e7\u00e3o imposta pelo Facebook, que proibiu divulga\u00e7\u00e3o de imagens em p\u00e1ginas de conte\u00fado pol\u00edtico para que recebesse de apoiadores imagens sobre os impostos cobrados em combust\u00edveis e disse que seria &#8220;certo&#8221; tirar jornais de circula\u00e7\u00e3o.<br>Segundo o presidente, a Advocacia-Geral da Uni\u00e3o (AGU) foi acionada para que investigue o bloqueio imposto pela plataforma, que proibiu a publica\u00e7\u00e3o de imagens em p\u00e1ginas de conte\u00fado pol\u00edtico.<br>&#8220;O certo \u00e9 tirar de circula\u00e7\u00e3o Globo, Folha de S.Paulo, Estad\u00e3o, Antagonista. S\u00e3o f\u00e1bricas de fake news. Agora deixa o povo se libertar, ter liberdade. Logicamente, se algu\u00e9m extrapolar alguma coisa, tem a Justi\u00e7a para recorrer. Agora o Facebook vir bloquear a mim e a popula\u00e7\u00e3o. \u00c9 inacredit\u00e1vel que isso impere no Brasil. E n\u00e3o h\u00e1 rea\u00e7\u00e3o da pr\u00f3pria m\u00eddia&#8221;, afirmou Bolsonaro do litoral catarinense onde passou o per\u00edodo de carnaval.<br>Apesar da declara\u00e7\u00e3o, Bolsonaro disse que n\u00e3o tomaria provid\u00eancias para a censura aos jornais por ser \u201cum democrata!\u201d. Sob press\u00e3o de setores de transporte e caminhoneiros pelo pre\u00e7o dos combust\u00edveis, no \u00faltimo dia 11, o presidente pediu a apoiadores para que abaste\u00e7am os ve\u00edculos em postos de combust\u00edveis e enviem foto de notas fiscais com os valores pagos.<br>Segundo o presidente, o intuito \u00e9 encontrar ind\u00edcios de bitributa\u00e7\u00e3o e esclarecer as al\u00edquotas pagas em impostos federais e estaduais. O presidente afirma que sofreu bloqueio do Facebook para se comunicar, receber imagens e utilizar a rede social.<br>&#8220;Aos cr\u00edticos, fiquem tranquilos, voc\u00eas est\u00e3o sempre preocupados com alguma coisa. Os combust\u00edveis continuam a\u00ed com uma nuvem muito carregada no horizonte mas vamos resolver esse problema&#8221;, afirmou o presidente em transmiss\u00e3o feita nas redes do filho, o deputado federal Eduardo Bolsonaro (PSL-SP).<\/p>\n\n\n\n<h4 class=\"wp-block-heading\">Fachin homologa desist\u00eancia de Lula em habeas frustrado para cessar mensagens<\/h4>\n\n\n\n<figure class=\"wp-block-image size-large\"><img loading=\"lazy\" decoding=\"async\" width=\"1000\" height=\"717\" src=\"https:\/\/jornalfatosenoticias.com.br\/wp-content\/uploads\/2021\/02\/edson-fachin.jpg\" alt=\"\" class=\"wp-image-14855\" srcset=\"https:\/\/jornalfatosenoticias.com.br\/wp-content\/uploads\/2021\/02\/edson-fachin.jpg 1000w, https:\/\/jornalfatosenoticias.com.br\/wp-content\/uploads\/2021\/02\/edson-fachin-300x215.jpg 300w, https:\/\/jornalfatosenoticias.com.br\/wp-content\/uploads\/2021\/02\/edson-fachin-768x551.jpg 768w\" sizes=\"auto, (max-width: 1000px) 100vw, 1000px\" \/><figcaption><em>(Foto: Rosinei Coutinho\/SCO\/STF)<\/em><\/figcaption><\/figure>\n\n\n\n<p>O ministro Edson Fachin, do Supremo Tribunal Federal (STF), homologou nesta ter\u00e7a-feira, 9, a desist\u00eancia da defesa do ex-presidente Luiz In\u00e1cio Lula da Silva (PT) em um habeas corpus apresentado h\u00e1 mais um ano para tentar obter as mensagens apreendidas Opera\u00e7\u00e3o Spoofing. A investiga\u00e7\u00e3o reuniu conversas roubadas por hackers que invadiram os celulares do ex-ministro S\u00e9rgio Moro e de procuradores da Lava Jato.<br>Na \u00e9poca, o pedido foi negado em car\u00e1ter liminar pelo ministro. O caso foi enviado ent\u00e3o para an\u00e1lise no plen\u00e1rio, mas ainda n\u00e3o havia sido julgado. Neste meio tempo, os advogados de Lula conseguiram a autoriza\u00e7\u00e3o para acessar as mensagens por outra via. A ordem saiu do gabinete do ministro Ricardo Lewandowski.<br>A desist\u00eancia do HC anterior chegou a ser contestada no tribunal pelos procuradores que integravam a for\u00e7a-tarefa da Lava Jato. Na avalia\u00e7\u00e3o dos advogados do grupo, a defesa do ex-presidente tenta &#8216;driblar&#8217; a prefer\u00eancia de Fachin para decidir sobre o pedido. A estrat\u00e9gia j\u00e1 havia sido questionada pela Procuradoria-Geral da Rep\u00fablica na semana passada.<br>Os defensores argumentaram ainda que, em \u00faltima inst\u00e2ncia, a ministra Rosa Weber \u00e9 quem deveria ter recebido os requerimentos do petista. Isso porque ela foi definida relatora, por preven\u00e7\u00e3o, dos processos relacionados \u00e0 Opera\u00e7\u00e3o Spoofing.<br>Fachin, no entanto, lembrou que o debate sobre o acesso \u00e0s mensagens j\u00e1 est\u00e1 agendado no plen\u00e1rio. &#8220;Nada obstante a veicula\u00e7\u00e3o nestes autos de tema de imprescind\u00edvel debate a ser realizado pelo Plen\u00e1rio do Supremo Tribunal Federal, o qual transcende os interesses subjetivos do paciente almejados na presente impetra\u00e7\u00e3o, consubstanciado nos limites da garantia disposta no art. 5o, VI, da Constitui\u00e7\u00e3o Federal, os impetrantes manifestam superveniente desinteresse no prosseguimento da presta\u00e7\u00e3o jurisdicional reclamada. Ante o exposto, homologo o pedido de desist\u00eancia&#8221;, diz um trecho do despacho.<\/p>\n","protected":false},"excerpt":{"rendered":"<p>O Brasil \u00e9 um asilo de lun\u00e1ticos onde os pacientes assumiram o controle\/\/Apenas os idiotas n\u00e3o se contradizem\/\/Quem n\u00e3o l\u00ea n\u00e3o pensa, e quem n\u00e3o pensa ser\u00e1 para sempre um servo. A Ignor\u00e2ncia \u00e9 o nosso grande patrim\u00f4nio nacional\/\/Talvez o Brasil j\u00e1 tenha acabado e a gente n\u00e3o tenha se dado conta disso\/\/N\u00e3o h\u00e1 quem [&hellip;]<\/p>\n","protected":false},"author":6,"featured_media":14850,"comment_status":"open","ping_status":"open","sticky":false,"template":"","format":"standard","meta":{"footnotes":""},"categories":[10],"tags":[2129,7582,7581,7580,294],"class_list":["post-14848","post","type-post","status-publish","format-standard","has-post-thumbnail","hentry","category-politica","tag-corrupcao","tag-corruptos-brasileiros","tag-gilmar-mendes","tag-lula","tag-stf"],"yoast_head":"<!-- This site is optimized with the Yoast SEO plugin v26.5 - https:\/\/yoast.com\/wordpress\/plugins\/seo\/ -->\n<title>Coluna Jorge Pacheco - Jornal Fatos e Not\u00edcias<\/title>\n<meta name=\"robots\" content=\"index, follow, max-snippet:-1, max-image-preview:large, max-video-preview:-1\" \/>\n<link rel=\"canonical\" href=\"https:\/\/jornalfatosenoticias.com.br\/index.php\/2021\/02\/18\/coluna-jorge-pacheco\/\" \/>\n<meta property=\"og:locale\" content=\"pt_BR\" \/>\n<meta property=\"og:type\" content=\"article\" \/>\n<meta property=\"og:title\" content=\"Coluna Jorge Pacheco - Jornal Fatos e Not\u00edcias\" \/>\n<meta property=\"og:description\" content=\"O Brasil \u00e9 um asilo de lun\u00e1ticos onde os pacientes assumiram o controle\/\/Apenas os idiotas n\u00e3o se contradizem\/\/Quem n\u00e3o l\u00ea n\u00e3o pensa, e quem n\u00e3o pensa ser\u00e1 para sempre um servo. A Ignor\u00e2ncia \u00e9 o nosso grande patrim\u00f4nio nacional\/\/Talvez o Brasil j\u00e1 tenha acabado e a gente n\u00e3o tenha se dado conta disso\/\/N\u00e3o h\u00e1 quem [&hellip;]\" \/>\n<meta property=\"og:url\" content=\"https:\/\/jornalfatosenoticias.com.br\/index.php\/2021\/02\/18\/coluna-jorge-pacheco\/\" \/>\n<meta property=\"og:site_name\" content=\"Jornal Fatos e Not\u00edcias\" \/>\n<meta property=\"article:published_time\" content=\"2021-02-18T19:20:49+00:00\" \/>\n<meta property=\"article:modified_time\" content=\"2021-02-18T19:20:54+00:00\" \/>\n<meta property=\"og:image\" content=\"https:\/\/jornalfatosenoticias.com.br\/wp-content\/uploads\/2021\/02\/Gilmar-BocaovsLuladrao.jpg\" \/>\n\t<meta property=\"og:image:width\" content=\"1000\" \/>\n\t<meta property=\"og:image:height\" content=\"600\" \/>\n\t<meta property=\"og:image:type\" content=\"image\/jpeg\" \/>\n<meta name=\"author\" content=\"Jorge Rodrigues Pacheco\" \/>\n<meta name=\"twitter:card\" content=\"summary_large_image\" \/>\n<meta name=\"twitter:label1\" content=\"Escrito por\" \/>\n\t<meta name=\"twitter:data1\" content=\"Jorge Rodrigues Pacheco\" \/>\n\t<meta name=\"twitter:label2\" content=\"Est. tempo de leitura\" \/>\n\t<meta name=\"twitter:data2\" content=\"10 minutos\" \/>\n<script type=\"application\/ld+json\" class=\"yoast-schema-graph\">{\"@context\":\"https:\/\/schema.org\",\"@graph\":[{\"@type\":\"Article\",\"@id\":\"https:\/\/jornalfatosenoticias.com.br\/index.php\/2021\/02\/18\/coluna-jorge-pacheco\/#article\",\"isPartOf\":{\"@id\":\"https:\/\/jornalfatosenoticias.com.br\/index.php\/2021\/02\/18\/coluna-jorge-pacheco\/\"},\"author\":{\"name\":\"Jorge Rodrigues Pacheco\",\"@id\":\"https:\/\/jornalfatosenoticias.com.br\/#\/schema\/person\/14f3ce803c6ccf68a7d8fd0ab749dbb4\"},\"headline\":\"Coluna Jorge Pacheco\",\"datePublished\":\"2021-02-18T19:20:49+00:00\",\"dateModified\":\"2021-02-18T19:20:54+00:00\",\"mainEntityOfPage\":{\"@id\":\"https:\/\/jornalfatosenoticias.com.br\/index.php\/2021\/02\/18\/coluna-jorge-pacheco\/\"},\"wordCount\":1990,\"commentCount\":0,\"publisher\":{\"@id\":\"https:\/\/jornalfatosenoticias.com.br\/#organization\"},\"image\":{\"@id\":\"https:\/\/jornalfatosenoticias.com.br\/index.php\/2021\/02\/18\/coluna-jorge-pacheco\/#primaryimage\"},\"thumbnailUrl\":\"https:\/\/jornalfatosenoticias.com.br\/wp-content\/uploads\/2021\/02\/Gilmar-BocaovsLuladrao.jpg\",\"keywords\":[\"corrup\u00e7\u00e3o\",\"corruptos brasileiros\",\"Gilmar Mendes\",\"Lula\",\"STF\"],\"articleSection\":[\"Pol\u00edtica\"],\"inLanguage\":\"pt-BR\",\"potentialAction\":[{\"@type\":\"CommentAction\",\"name\":\"Comment\",\"target\":[\"https:\/\/jornalfatosenoticias.com.br\/index.php\/2021\/02\/18\/coluna-jorge-pacheco\/#respond\"]}]},{\"@type\":\"WebPage\",\"@id\":\"https:\/\/jornalfatosenoticias.com.br\/index.php\/2021\/02\/18\/coluna-jorge-pacheco\/\",\"url\":\"https:\/\/jornalfatosenoticias.com.br\/index.php\/2021\/02\/18\/coluna-jorge-pacheco\/\",\"name\":\"Coluna Jorge Pacheco - Jornal Fatos e Not\u00edcias\",\"isPartOf\":{\"@id\":\"https:\/\/jornalfatosenoticias.com.br\/#website\"},\"primaryImageOfPage\":{\"@id\":\"https:\/\/jornalfatosenoticias.com.br\/index.php\/2021\/02\/18\/coluna-jorge-pacheco\/#primaryimage\"},\"image\":{\"@id\":\"https:\/\/jornalfatosenoticias.com.br\/index.php\/2021\/02\/18\/coluna-jorge-pacheco\/#primaryimage\"},\"thumbnailUrl\":\"https:\/\/jornalfatosenoticias.com.br\/wp-content\/uploads\/2021\/02\/Gilmar-BocaovsLuladrao.jpg\",\"datePublished\":\"2021-02-18T19:20:49+00:00\",\"dateModified\":\"2021-02-18T19:20:54+00:00\",\"breadcrumb\":{\"@id\":\"https:\/\/jornalfatosenoticias.com.br\/index.php\/2021\/02\/18\/coluna-jorge-pacheco\/#breadcrumb\"},\"inLanguage\":\"pt-BR\",\"potentialAction\":[{\"@type\":\"ReadAction\",\"target\":[\"https:\/\/jornalfatosenoticias.com.br\/index.php\/2021\/02\/18\/coluna-jorge-pacheco\/\"]}]},{\"@type\":\"ImageObject\",\"inLanguage\":\"pt-BR\",\"@id\":\"https:\/\/jornalfatosenoticias.com.br\/index.php\/2021\/02\/18\/coluna-jorge-pacheco\/#primaryimage\",\"url\":\"https:\/\/jornalfatosenoticias.com.br\/wp-content\/uploads\/2021\/02\/Gilmar-BocaovsLuladrao.jpg\",\"contentUrl\":\"https:\/\/jornalfatosenoticias.com.br\/wp-content\/uploads\/2021\/02\/Gilmar-BocaovsLuladrao.jpg\",\"width\":1000,\"height\":600},{\"@type\":\"BreadcrumbList\",\"@id\":\"https:\/\/jornalfatosenoticias.com.br\/index.php\/2021\/02\/18\/coluna-jorge-pacheco\/#breadcrumb\",\"itemListElement\":[{\"@type\":\"ListItem\",\"position\":1,\"name\":\"In\u00edcio\",\"item\":\"https:\/\/jornalfatosenoticias.com.br\/\"},{\"@type\":\"ListItem\",\"position\":2,\"name\":\"Coluna Jorge Pacheco\"}]},{\"@type\":\"WebSite\",\"@id\":\"https:\/\/jornalfatosenoticias.com.br\/#website\",\"url\":\"https:\/\/jornalfatosenoticias.com.br\/\",\"name\":\"Jornal Fatos e Not\u00edcias\",\"description\":\"Not\u00edcias em geral\",\"publisher\":{\"@id\":\"https:\/\/jornalfatosenoticias.com.br\/#organization\"},\"potentialAction\":[{\"@type\":\"SearchAction\",\"target\":{\"@type\":\"EntryPoint\",\"urlTemplate\":\"https:\/\/jornalfatosenoticias.com.br\/?s={search_term_string}\"},\"query-input\":{\"@type\":\"PropertyValueSpecification\",\"valueRequired\":true,\"valueName\":\"search_term_string\"}}],\"inLanguage\":\"pt-BR\"},{\"@type\":\"Organization\",\"@id\":\"https:\/\/jornalfatosenoticias.com.br\/#organization\",\"name\":\"Jornal Fatos e Not\u00edcias\",\"url\":\"https:\/\/jornalfatosenoticias.com.br\/\",\"logo\":{\"@type\":\"ImageObject\",\"inLanguage\":\"pt-BR\",\"@id\":\"https:\/\/jornalfatosenoticias.com.br\/#\/schema\/logo\/image\/\",\"url\":\"https:\/\/jornalfatosenoticias.com.br\/wp-content\/uploads\/2020\/02\/logo120.png\",\"contentUrl\":\"https:\/\/jornalfatosenoticias.com.br\/wp-content\/uploads\/2020\/02\/logo120.png\",\"width\":1227,\"height\":120,\"caption\":\"Jornal Fatos e Not\u00edcias\"},\"image\":{\"@id\":\"https:\/\/jornalfatosenoticias.com.br\/#\/schema\/logo\/image\/\"}},{\"@type\":\"Person\",\"@id\":\"https:\/\/jornalfatosenoticias.com.br\/#\/schema\/person\/14f3ce803c6ccf68a7d8fd0ab749dbb4\",\"name\":\"Jorge Rodrigues Pacheco\",\"image\":{\"@type\":\"ImageObject\",\"inLanguage\":\"pt-BR\",\"@id\":\"https:\/\/jornalfatosenoticias.com.br\/#\/schema\/person\/image\/\",\"url\":\"https:\/\/jornalfatosenoticias.com.br\/wp-content\/uploads\/2020\/02\/Pacheco-2-150x150.png\",\"contentUrl\":\"https:\/\/jornalfatosenoticias.com.br\/wp-content\/uploads\/2020\/02\/Pacheco-2-150x150.png\",\"caption\":\"Jorge Rodrigues Pacheco\"},\"description\":\"Analista pol\u00edtica Advogado, Jornalista e Radialista\",\"url\":\"https:\/\/jornalfatosenoticias.com.br\/index.php\/author\/jorge\/\"}]}<\/script>\n<!-- \/ Yoast SEO plugin. -->","yoast_head_json":{"title":"Coluna Jorge Pacheco - Jornal Fatos e Not\u00edcias","robots":{"index":"index","follow":"follow","max-snippet":"max-snippet:-1","max-image-preview":"max-image-preview:large","max-video-preview":"max-video-preview:-1"},"canonical":"https:\/\/jornalfatosenoticias.com.br\/index.php\/2021\/02\/18\/coluna-jorge-pacheco\/","og_locale":"pt_BR","og_type":"article","og_title":"Coluna Jorge Pacheco - Jornal Fatos e Not\u00edcias","og_description":"O Brasil \u00e9 um asilo de lun\u00e1ticos onde os pacientes assumiram o controle\/\/Apenas os idiotas n\u00e3o se contradizem\/\/Quem n\u00e3o l\u00ea n\u00e3o pensa, e quem n\u00e3o pensa ser\u00e1 para sempre um servo. A Ignor\u00e2ncia \u00e9 o nosso grande patrim\u00f4nio nacional\/\/Talvez o Brasil j\u00e1 tenha acabado e a gente n\u00e3o tenha se dado conta disso\/\/N\u00e3o h\u00e1 quem [&hellip;]","og_url":"https:\/\/jornalfatosenoticias.com.br\/index.php\/2021\/02\/18\/coluna-jorge-pacheco\/","og_site_name":"Jornal Fatos e Not\u00edcias","article_published_time":"2021-02-18T19:20:49+00:00","article_modified_time":"2021-02-18T19:20:54+00:00","og_image":[{"width":1000,"height":600,"url":"https:\/\/jornalfatosenoticias.com.br\/wp-content\/uploads\/2021\/02\/Gilmar-BocaovsLuladrao.jpg","type":"image\/jpeg"}],"author":"Jorge Rodrigues Pacheco","twitter_card":"summary_large_image","twitter_misc":{"Escrito por":"Jorge Rodrigues Pacheco","Est. tempo de leitura":"10 minutos"},"schema":{"@context":"https:\/\/schema.org","@graph":[{"@type":"Article","@id":"https:\/\/jornalfatosenoticias.com.br\/index.php\/2021\/02\/18\/coluna-jorge-pacheco\/#article","isPartOf":{"@id":"https:\/\/jornalfatosenoticias.com.br\/index.php\/2021\/02\/18\/coluna-jorge-pacheco\/"},"author":{"name":"Jorge Rodrigues Pacheco","@id":"https:\/\/jornalfatosenoticias.com.br\/#\/schema\/person\/14f3ce803c6ccf68a7d8fd0ab749dbb4"},"headline":"Coluna Jorge Pacheco","datePublished":"2021-02-18T19:20:49+00:00","dateModified":"2021-02-18T19:20:54+00:00","mainEntityOfPage":{"@id":"https:\/\/jornalfatosenoticias.com.br\/index.php\/2021\/02\/18\/coluna-jorge-pacheco\/"},"wordCount":1990,"commentCount":0,"publisher":{"@id":"https:\/\/jornalfatosenoticias.com.br\/#organization"},"image":{"@id":"https:\/\/jornalfatosenoticias.com.br\/index.php\/2021\/02\/18\/coluna-jorge-pacheco\/#primaryimage"},"thumbnailUrl":"https:\/\/jornalfatosenoticias.com.br\/wp-content\/uploads\/2021\/02\/Gilmar-BocaovsLuladrao.jpg","keywords":["corrup\u00e7\u00e3o","corruptos brasileiros","Gilmar Mendes","Lula","STF"],"articleSection":["Pol\u00edtica"],"inLanguage":"pt-BR","potentialAction":[{"@type":"CommentAction","name":"Comment","target":["https:\/\/jornalfatosenoticias.com.br\/index.php\/2021\/02\/18\/coluna-jorge-pacheco\/#respond"]}]},{"@type":"WebPage","@id":"https:\/\/jornalfatosenoticias.com.br\/index.php\/2021\/02\/18\/coluna-jorge-pacheco\/","url":"https:\/\/jornalfatosenoticias.com.br\/index.php\/2021\/02\/18\/coluna-jorge-pacheco\/","name":"Coluna Jorge Pacheco - Jornal Fatos e Not\u00edcias","isPartOf":{"@id":"https:\/\/jornalfatosenoticias.com.br\/#website"},"primaryImageOfPage":{"@id":"https:\/\/jornalfatosenoticias.com.br\/index.php\/2021\/02\/18\/coluna-jorge-pacheco\/#primaryimage"},"image":{"@id":"https:\/\/jornalfatosenoticias.com.br\/index.php\/2021\/02\/18\/coluna-jorge-pacheco\/#primaryimage"},"thumbnailUrl":"https:\/\/jornalfatosenoticias.com.br\/wp-content\/uploads\/2021\/02\/Gilmar-BocaovsLuladrao.jpg","datePublished":"2021-02-18T19:20:49+00:00","dateModified":"2021-02-18T19:20:54+00:00","breadcrumb":{"@id":"https:\/\/jornalfatosenoticias.com.br\/index.php\/2021\/02\/18\/coluna-jorge-pacheco\/#breadcrumb"},"inLanguage":"pt-BR","potentialAction":[{"@type":"ReadAction","target":["https:\/\/jornalfatosenoticias.com.br\/index.php\/2021\/02\/18\/coluna-jorge-pacheco\/"]}]},{"@type":"ImageObject","inLanguage":"pt-BR","@id":"https:\/\/jornalfatosenoticias.com.br\/index.php\/2021\/02\/18\/coluna-jorge-pacheco\/#primaryimage","url":"https:\/\/jornalfatosenoticias.com.br\/wp-content\/uploads\/2021\/02\/Gilmar-BocaovsLuladrao.jpg","contentUrl":"https:\/\/jornalfatosenoticias.com.br\/wp-content\/uploads\/2021\/02\/Gilmar-BocaovsLuladrao.jpg","width":1000,"height":600},{"@type":"BreadcrumbList","@id":"https:\/\/jornalfatosenoticias.com.br\/index.php\/2021\/02\/18\/coluna-jorge-pacheco\/#breadcrumb","itemListElement":[{"@type":"ListItem","position":1,"name":"In\u00edcio","item":"https:\/\/jornalfatosenoticias.com.br\/"},{"@type":"ListItem","position":2,"name":"Coluna Jorge Pacheco"}]},{"@type":"WebSite","@id":"https:\/\/jornalfatosenoticias.com.br\/#website","url":"https:\/\/jornalfatosenoticias.com.br\/","name":"Jornal Fatos e Not\u00edcias","description":"Not\u00edcias em geral","publisher":{"@id":"https:\/\/jornalfatosenoticias.com.br\/#organization"},"potentialAction":[{"@type":"SearchAction","target":{"@type":"EntryPoint","urlTemplate":"https:\/\/jornalfatosenoticias.com.br\/?s={search_term_string}"},"query-input":{"@type":"PropertyValueSpecification","valueRequired":true,"valueName":"search_term_string"}}],"inLanguage":"pt-BR"},{"@type":"Organization","@id":"https:\/\/jornalfatosenoticias.com.br\/#organization","name":"Jornal Fatos e Not\u00edcias","url":"https:\/\/jornalfatosenoticias.com.br\/","logo":{"@type":"ImageObject","inLanguage":"pt-BR","@id":"https:\/\/jornalfatosenoticias.com.br\/#\/schema\/logo\/image\/","url":"https:\/\/jornalfatosenoticias.com.br\/wp-content\/uploads\/2020\/02\/logo120.png","contentUrl":"https:\/\/jornalfatosenoticias.com.br\/wp-content\/uploads\/2020\/02\/logo120.png","width":1227,"height":120,"caption":"Jornal Fatos e Not\u00edcias"},"image":{"@id":"https:\/\/jornalfatosenoticias.com.br\/#\/schema\/logo\/image\/"}},{"@type":"Person","@id":"https:\/\/jornalfatosenoticias.com.br\/#\/schema\/person\/14f3ce803c6ccf68a7d8fd0ab749dbb4","name":"Jorge Rodrigues Pacheco","image":{"@type":"ImageObject","inLanguage":"pt-BR","@id":"https:\/\/jornalfatosenoticias.com.br\/#\/schema\/person\/image\/","url":"https:\/\/jornalfatosenoticias.com.br\/wp-content\/uploads\/2020\/02\/Pacheco-2-150x150.png","contentUrl":"https:\/\/jornalfatosenoticias.com.br\/wp-content\/uploads\/2020\/02\/Pacheco-2-150x150.png","caption":"Jorge Rodrigues Pacheco"},"description":"Analista pol\u00edtica Advogado, Jornalista e Radialista","url":"https:\/\/jornalfatosenoticias.com.br\/index.php\/author\/jorge\/"}]}},"cc_featured_image_caption":{"caption_text":"Gilmar e Lula (Foto: Reprodu\u00e7\u00e3o)","source_text":"","source_url":""},"jetpack_featured_media_url":"https:\/\/jornalfatosenoticias.com.br\/wp-content\/uploads\/2021\/02\/Gilmar-BocaovsLuladrao.jpg","_links":{"self":[{"href":"https:\/\/jornalfatosenoticias.com.br\/index.php\/wp-json\/wp\/v2\/posts\/14848","targetHints":{"allow":["GET"]}}],"collection":[{"href":"https:\/\/jornalfatosenoticias.com.br\/index.php\/wp-json\/wp\/v2\/posts"}],"about":[{"href":"https:\/\/jornalfatosenoticias.com.br\/index.php\/wp-json\/wp\/v2\/types\/post"}],"author":[{"embeddable":true,"href":"https:\/\/jornalfatosenoticias.com.br\/index.php\/wp-json\/wp\/v2\/users\/6"}],"replies":[{"embeddable":true,"href":"https:\/\/jornalfatosenoticias.com.br\/index.php\/wp-json\/wp\/v2\/comments?post=14848"}],"version-history":[{"count":0,"href":"https:\/\/jornalfatosenoticias.com.br\/index.php\/wp-json\/wp\/v2\/posts\/14848\/revisions"}],"wp:featuredmedia":[{"embeddable":true,"href":"https:\/\/jornalfatosenoticias.com.br\/index.php\/wp-json\/wp\/v2\/media\/14850"}],"wp:attachment":[{"href":"https:\/\/jornalfatosenoticias.com.br\/index.php\/wp-json\/wp\/v2\/media?parent=14848"}],"wp:term":[{"taxonomy":"category","embeddable":true,"href":"https:\/\/jornalfatosenoticias.com.br\/index.php\/wp-json\/wp\/v2\/categories?post=14848"},{"taxonomy":"post_tag","embeddable":true,"href":"https:\/\/jornalfatosenoticias.com.br\/index.php\/wp-json\/wp\/v2\/tags?post=14848"}],"curies":[{"name":"wp","href":"https:\/\/api.w.org\/{rel}","templated":true}]}}