{"id":14880,"date":"2021-02-19T10:30:08","date_gmt":"2021-02-19T13:30:08","guid":{"rendered":"https:\/\/jornalfatosenoticias.com.br\/?p=14880"},"modified":"2021-02-19T10:30:13","modified_gmt":"2021-02-19T13:30:13","slug":"empresa-quer-impulsionar-uso-de-energia-solar-nas-classes-b-c-e-d","status":"publish","type":"post","link":"https:\/\/jornalfatosenoticias.com.br\/index.php\/2021\/02\/19\/empresa-quer-impulsionar-uso-de-energia-solar-nas-classes-b-c-e-d\/","title":{"rendered":"Empresa quer impulsionar uso de energia solar nas classes B, C e D"},"content":{"rendered":"\n<h6 class=\"wp-block-heading\"><em>Com o sistema fotovoltaico, morador do Rio de Janeiro conseguiu reduzir em 80% a conta de luz<\/em><\/h6>\n\n\n\n<p>Os custos de equipamentos e instala\u00e7\u00e3o de energia solar ainda s\u00e3o empecilhos para a ades\u00e3o popular da fonte renov\u00e1vel. O paradoxo \u00e9 que gerar a pr\u00f3pria energia em casa \u00e9 justamente uma forma de contornar o aumento da tarifa da conta de luz, j\u00e1 alertada pela Aneel. O reajuste pode ser de 13% em 2021.<br>De olho nas classes B, C e D, a distribuidora de equipamentos fotovoltaicos Win Energias Renov\u00e1veis est\u00e1 buscando parcerias comerciais com empresas integradoras e instaladoras de energia solar. A ideia \u00e9 ampliar os projetos para consumidores residenciais, sobretudo das classes m\u00e9dia e baixa.<\/p>\n\n\n\n<blockquote class=\"wp-block-quote is-layout-flow wp-block-quote-is-layout-flow\"><p>\u201cComo os consumidores residenciais pagam os maiores pre\u00e7os do Pa\u00eds pela energia el\u00e9trica que consomem, a energia solar \u00e9 uma grande aliada neste momento cr\u00edtico da economia brasileira e mundial\u201d, afirma Camila Nascimento, diretora comercial da Win Energias Renov\u00e1veis.<\/p><\/blockquote>\n\n\n\n<p>Um exemplo \u00e9 Pedro Fiuza, 60 anos, morador da cidade do Rio de Janeiro, que conseguiu reduzir em 80% a conta de luz com o sistema fotovoltaico instalado em sua resid\u00eancia. Antes de instalar a gera\u00e7\u00e3o pr\u00f3pria de eletricidade, o gasto mensal era de cerca de R$ 500, por conta do uso intenso de ar-condicionado e de demais equipamentos el\u00e9tricos.<\/p>\n\n\n\n<blockquote class=\"wp-block-quote is-layout-flow wp-block-quote-is-layout-flow\"><p>\u201cAgora, minha conta de luz n\u00e3o chega a R$ 100 e ainda consigo distribuir a energia gerada para meu filho que reside embaixo\u201d, comenta. \u201cCom essa redu\u00e7\u00e3o de gasto, vou transferir esse recurso economizado para uma poupan\u00e7a\u201d, acrescenta.<\/p><\/blockquote>\n\n\n\n<p>\u201cUm sistema solar bem dimensionado pode reduzir em at\u00e9 95% os gastos dos consumidores com eletricidade. Isso alivia o or\u00e7amento das fam\u00edlias e permite destinar os recursos para outras necessidades essenciais, como alimenta\u00e7\u00e3o, sa\u00fade e educa\u00e7\u00e3o\u201d, ressalta Camila.<\/p>\n\n\n\n<p><strong><em>Fonte: <a href=\"https:\/\/ciclovivo.com.br\/inovacao\/negocios\/impulsionar-energia-solar-classes-baixa\/\">CicloVivo<\/a><\/em><\/strong><\/p>\n","protected":false},"excerpt":{"rendered":"<p>Com o sistema fotovoltaico, morador do Rio de Janeiro conseguiu reduzir em 80% a conta de luz Os custos de equipamentos e instala\u00e7\u00e3o de energia solar ainda s\u00e3o empecilhos para a ades\u00e3o popular da fonte renov\u00e1vel. O paradoxo \u00e9 que gerar a pr\u00f3pria energia em casa \u00e9 justamente uma forma de contornar o aumento da [&hellip;]<\/p>\n","protected":false},"author":2,"featured_media":14881,"comment_status":"open","ping_status":"open","sticky":false,"template":"","format":"standard","meta":{"footnotes":""},"categories":[9],"tags":[2509,2528,240,599],"class_list":["post-14880","post","type-post","status-publish","format-standard","has-post-thumbnail","hentry","category-economia","tag-aneel","tag-conta-de-luz","tag-economia","tag-energia-solar"],"yoast_head":"<!-- This site is optimized with the Yoast SEO plugin v26.5 - https:\/\/yoast.com\/wordpress\/plugins\/seo\/ -->\n<title>Empresa quer impulsionar uso de energia solar nas classes B, C e D - Jornal Fatos e Not\u00edcias<\/title>\n<meta name=\"robots\" content=\"index, follow, max-snippet:-1, max-image-preview:large, max-video-preview:-1\" \/>\n<link rel=\"canonical\" href=\"https:\/\/jornalfatosenoticias.com.br\/index.php\/2021\/02\/19\/empresa-quer-impulsionar-uso-de-energia-solar-nas-classes-b-c-e-d\/\" \/>\n<meta property=\"og:locale\" content=\"pt_BR\" \/>\n<meta property=\"og:type\" content=\"article\" \/>\n<meta property=\"og:title\" content=\"Empresa quer impulsionar uso de energia solar nas classes B, C e D - Jornal Fatos e Not\u00edcias\" \/>\n<meta property=\"og:description\" content=\"Com o sistema fotovoltaico, morador do Rio de Janeiro conseguiu reduzir em 80% a conta de luz Os custos de equipamentos e instala\u00e7\u00e3o de energia solar ainda s\u00e3o empecilhos para a ades\u00e3o popular da fonte renov\u00e1vel. O paradoxo \u00e9 que gerar a pr\u00f3pria energia em casa \u00e9 justamente uma forma de contornar o aumento da [&hellip;]\" \/>\n<meta property=\"og:url\" content=\"https:\/\/jornalfatosenoticias.com.br\/index.php\/2021\/02\/19\/empresa-quer-impulsionar-uso-de-energia-solar-nas-classes-b-c-e-d\/\" \/>\n<meta property=\"og:site_name\" content=\"Jornal Fatos e Not\u00edcias\" \/>\n<meta property=\"article:published_time\" content=\"2021-02-19T13:30:08+00:00\" \/>\n<meta property=\"article:modified_time\" content=\"2021-02-19T13:30:13+00:00\" \/>\n<meta property=\"og:image\" content=\"https:\/\/jornalfatosenoticias.com.br\/wp-content\/uploads\/2021\/02\/Win-Energias-solar.jpg\" \/>\n\t<meta property=\"og:image:width\" content=\"1000\" \/>\n\t<meta property=\"og:image:height\" content=\"600\" \/>\n\t<meta property=\"og:image:type\" content=\"image\/jpeg\" \/>\n<meta name=\"author\" content=\"Luzimara Fernandes\" \/>\n<meta name=\"twitter:card\" content=\"summary_large_image\" \/>\n<meta name=\"twitter:label1\" content=\"Escrito por\" \/>\n\t<meta name=\"twitter:data1\" content=\"Luzimara Fernandes\" \/>\n\t<meta name=\"twitter:label2\" content=\"Est. tempo de leitura\" \/>\n\t<meta name=\"twitter:data2\" content=\"2 minutos\" \/>\n<script type=\"application\/ld+json\" class=\"yoast-schema-graph\">{\"@context\":\"https:\/\/schema.org\",\"@graph\":[{\"@type\":\"Article\",\"@id\":\"https:\/\/jornalfatosenoticias.com.br\/index.php\/2021\/02\/19\/empresa-quer-impulsionar-uso-de-energia-solar-nas-classes-b-c-e-d\/#article\",\"isPartOf\":{\"@id\":\"https:\/\/jornalfatosenoticias.com.br\/index.php\/2021\/02\/19\/empresa-quer-impulsionar-uso-de-energia-solar-nas-classes-b-c-e-d\/\"},\"author\":{\"name\":\"Luzimara Fernandes\",\"@id\":\"https:\/\/jornalfatosenoticias.com.br\/#\/schema\/person\/d63837fa13ac8666eb9e74e0985d6f81\"},\"headline\":\"Empresa quer impulsionar uso de energia solar nas classes B, C e D\",\"datePublished\":\"2021-02-19T13:30:08+00:00\",\"dateModified\":\"2021-02-19T13:30:13+00:00\",\"mainEntityOfPage\":{\"@id\":\"https:\/\/jornalfatosenoticias.com.br\/index.php\/2021\/02\/19\/empresa-quer-impulsionar-uso-de-energia-solar-nas-classes-b-c-e-d\/\"},\"wordCount\":316,\"commentCount\":0,\"publisher\":{\"@id\":\"https:\/\/jornalfatosenoticias.com.br\/#organization\"},\"image\":{\"@id\":\"https:\/\/jornalfatosenoticias.com.br\/index.php\/2021\/02\/19\/empresa-quer-impulsionar-uso-de-energia-solar-nas-classes-b-c-e-d\/#primaryimage\"},\"thumbnailUrl\":\"https:\/\/jornalfatosenoticias.com.br\/wp-content\/uploads\/2021\/02\/Win-Energias-solar.jpg\",\"keywords\":[\"Aneel\",\"conta de luz\",\"economia\",\"energia solar\"],\"articleSection\":[\"Economia\"],\"inLanguage\":\"pt-BR\",\"potentialAction\":[{\"@type\":\"CommentAction\",\"name\":\"Comment\",\"target\":[\"https:\/\/jornalfatosenoticias.com.br\/index.php\/2021\/02\/19\/empresa-quer-impulsionar-uso-de-energia-solar-nas-classes-b-c-e-d\/#respond\"]}]},{\"@type\":\"WebPage\",\"@id\":\"https:\/\/jornalfatosenoticias.com.br\/index.php\/2021\/02\/19\/empresa-quer-impulsionar-uso-de-energia-solar-nas-classes-b-c-e-d\/\",\"url\":\"https:\/\/jornalfatosenoticias.com.br\/index.php\/2021\/02\/19\/empresa-quer-impulsionar-uso-de-energia-solar-nas-classes-b-c-e-d\/\",\"name\":\"Empresa quer impulsionar uso de energia solar nas classes B, C e D - Jornal Fatos e Not\u00edcias\",\"isPartOf\":{\"@id\":\"https:\/\/jornalfatosenoticias.com.br\/#website\"},\"primaryImageOfPage\":{\"@id\":\"https:\/\/jornalfatosenoticias.com.br\/index.php\/2021\/02\/19\/empresa-quer-impulsionar-uso-de-energia-solar-nas-classes-b-c-e-d\/#primaryimage\"},\"image\":{\"@id\":\"https:\/\/jornalfatosenoticias.com.br\/index.php\/2021\/02\/19\/empresa-quer-impulsionar-uso-de-energia-solar-nas-classes-b-c-e-d\/#primaryimage\"},\"thumbnailUrl\":\"https:\/\/jornalfatosenoticias.com.br\/wp-content\/uploads\/2021\/02\/Win-Energias-solar.jpg\",\"datePublished\":\"2021-02-19T13:30:08+00:00\",\"dateModified\":\"2021-02-19T13:30:13+00:00\",\"breadcrumb\":{\"@id\":\"https:\/\/jornalfatosenoticias.com.br\/index.php\/2021\/02\/19\/empresa-quer-impulsionar-uso-de-energia-solar-nas-classes-b-c-e-d\/#breadcrumb\"},\"inLanguage\":\"pt-BR\",\"potentialAction\":[{\"@type\":\"ReadAction\",\"target\":[\"https:\/\/jornalfatosenoticias.com.br\/index.php\/2021\/02\/19\/empresa-quer-impulsionar-uso-de-energia-solar-nas-classes-b-c-e-d\/\"]}]},{\"@type\":\"ImageObject\",\"inLanguage\":\"pt-BR\",\"@id\":\"https:\/\/jornalfatosenoticias.com.br\/index.php\/2021\/02\/19\/empresa-quer-impulsionar-uso-de-energia-solar-nas-classes-b-c-e-d\/#primaryimage\",\"url\":\"https:\/\/jornalfatosenoticias.com.br\/wp-content\/uploads\/2021\/02\/Win-Energias-solar.jpg\",\"contentUrl\":\"https:\/\/jornalfatosenoticias.com.br\/wp-content\/uploads\/2021\/02\/Win-Energias-solar.jpg\",\"width\":1000,\"height\":600},{\"@type\":\"BreadcrumbList\",\"@id\":\"https:\/\/jornalfatosenoticias.com.br\/index.php\/2021\/02\/19\/empresa-quer-impulsionar-uso-de-energia-solar-nas-classes-b-c-e-d\/#breadcrumb\",\"itemListElement\":[{\"@type\":\"ListItem\",\"position\":1,\"name\":\"In\u00edcio\",\"item\":\"https:\/\/jornalfatosenoticias.com.br\/\"},{\"@type\":\"ListItem\",\"position\":2,\"name\":\"Empresa quer impulsionar uso de energia solar nas classes B, C e D\"}]},{\"@type\":\"WebSite\",\"@id\":\"https:\/\/jornalfatosenoticias.com.br\/#website\",\"url\":\"https:\/\/jornalfatosenoticias.com.br\/\",\"name\":\"Jornal Fatos e Not\u00edcias\",\"description\":\"Not\u00edcias em geral\",\"publisher\":{\"@id\":\"https:\/\/jornalfatosenoticias.com.br\/#organization\"},\"potentialAction\":[{\"@type\":\"SearchAction\",\"target\":{\"@type\":\"EntryPoint\",\"urlTemplate\":\"https:\/\/jornalfatosenoticias.com.br\/?s={search_term_string}\"},\"query-input\":{\"@type\":\"PropertyValueSpecification\",\"valueRequired\":true,\"valueName\":\"search_term_string\"}}],\"inLanguage\":\"pt-BR\"},{\"@type\":\"Organization\",\"@id\":\"https:\/\/jornalfatosenoticias.com.br\/#organization\",\"name\":\"Jornal Fatos e Not\u00edcias\",\"url\":\"https:\/\/jornalfatosenoticias.com.br\/\",\"logo\":{\"@type\":\"ImageObject\",\"inLanguage\":\"pt-BR\",\"@id\":\"https:\/\/jornalfatosenoticias.com.br\/#\/schema\/logo\/image\/\",\"url\":\"https:\/\/jornalfatosenoticias.com.br\/wp-content\/uploads\/2020\/02\/logo120.png\",\"contentUrl\":\"https:\/\/jornalfatosenoticias.com.br\/wp-content\/uploads\/2020\/02\/logo120.png\",\"width\":1227,\"height\":120,\"caption\":\"Jornal Fatos e Not\u00edcias\"},\"image\":{\"@id\":\"https:\/\/jornalfatosenoticias.com.br\/#\/schema\/logo\/image\/\"}},{\"@type\":\"Person\",\"@id\":\"https:\/\/jornalfatosenoticias.com.br\/#\/schema\/person\/d63837fa13ac8666eb9e74e0985d6f81\",\"name\":\"Luzimara Fernandes\",\"image\":{\"@type\":\"ImageObject\",\"inLanguage\":\"pt-BR\",\"@id\":\"https:\/\/jornalfatosenoticias.com.br\/#\/schema\/person\/image\/\",\"url\":\"https:\/\/jornalfatosenoticias.com.br\/wp-content\/uploads\/2025\/05\/EU_portal.jpg\",\"contentUrl\":\"https:\/\/jornalfatosenoticias.com.br\/wp-content\/uploads\/2025\/05\/EU_portal.jpg\",\"caption\":\"Luzimara Fernandes\"},\"description\":\"Jornalista MTB 2358-ES\",\"sameAs\":[\"https:\/\/jornalfatosenoticias.com.br\"],\"url\":\"https:\/\/jornalfatosenoticias.com.br\/index.php\/author\/luzimara\/\"}]}<\/script>\n<!-- \/ Yoast SEO plugin. -->","yoast_head_json":{"title":"Empresa quer impulsionar uso de energia solar nas classes B, C e D - Jornal Fatos e Not\u00edcias","robots":{"index":"index","follow":"follow","max-snippet":"max-snippet:-1","max-image-preview":"max-image-preview:large","max-video-preview":"max-video-preview:-1"},"canonical":"https:\/\/jornalfatosenoticias.com.br\/index.php\/2021\/02\/19\/empresa-quer-impulsionar-uso-de-energia-solar-nas-classes-b-c-e-d\/","og_locale":"pt_BR","og_type":"article","og_title":"Empresa quer impulsionar uso de energia solar nas classes B, C e D - Jornal Fatos e Not\u00edcias","og_description":"Com o sistema fotovoltaico, morador do Rio de Janeiro conseguiu reduzir em 80% a conta de luz Os custos de equipamentos e instala\u00e7\u00e3o de energia solar ainda s\u00e3o empecilhos para a ades\u00e3o popular da fonte renov\u00e1vel. O paradoxo \u00e9 que gerar a pr\u00f3pria energia em casa \u00e9 justamente uma forma de contornar o aumento da [&hellip;]","og_url":"https:\/\/jornalfatosenoticias.com.br\/index.php\/2021\/02\/19\/empresa-quer-impulsionar-uso-de-energia-solar-nas-classes-b-c-e-d\/","og_site_name":"Jornal Fatos e Not\u00edcias","article_published_time":"2021-02-19T13:30:08+00:00","article_modified_time":"2021-02-19T13:30:13+00:00","og_image":[{"width":1000,"height":600,"url":"https:\/\/jornalfatosenoticias.com.br\/wp-content\/uploads\/2021\/02\/Win-Energias-solar.jpg","type":"image\/jpeg"}],"author":"Luzimara Fernandes","twitter_card":"summary_large_image","twitter_misc":{"Escrito por":"Luzimara Fernandes","Est. tempo de leitura":"2 minutos"},"schema":{"@context":"https:\/\/schema.org","@graph":[{"@type":"Article","@id":"https:\/\/jornalfatosenoticias.com.br\/index.php\/2021\/02\/19\/empresa-quer-impulsionar-uso-de-energia-solar-nas-classes-b-c-e-d\/#article","isPartOf":{"@id":"https:\/\/jornalfatosenoticias.com.br\/index.php\/2021\/02\/19\/empresa-quer-impulsionar-uso-de-energia-solar-nas-classes-b-c-e-d\/"},"author":{"name":"Luzimara Fernandes","@id":"https:\/\/jornalfatosenoticias.com.br\/#\/schema\/person\/d63837fa13ac8666eb9e74e0985d6f81"},"headline":"Empresa quer impulsionar uso de energia solar nas classes B, C e D","datePublished":"2021-02-19T13:30:08+00:00","dateModified":"2021-02-19T13:30:13+00:00","mainEntityOfPage":{"@id":"https:\/\/jornalfatosenoticias.com.br\/index.php\/2021\/02\/19\/empresa-quer-impulsionar-uso-de-energia-solar-nas-classes-b-c-e-d\/"},"wordCount":316,"commentCount":0,"publisher":{"@id":"https:\/\/jornalfatosenoticias.com.br\/#organization"},"image":{"@id":"https:\/\/jornalfatosenoticias.com.br\/index.php\/2021\/02\/19\/empresa-quer-impulsionar-uso-de-energia-solar-nas-classes-b-c-e-d\/#primaryimage"},"thumbnailUrl":"https:\/\/jornalfatosenoticias.com.br\/wp-content\/uploads\/2021\/02\/Win-Energias-solar.jpg","keywords":["Aneel","conta de luz","economia","energia solar"],"articleSection":["Economia"],"inLanguage":"pt-BR","potentialAction":[{"@type":"CommentAction","name":"Comment","target":["https:\/\/jornalfatosenoticias.com.br\/index.php\/2021\/02\/19\/empresa-quer-impulsionar-uso-de-energia-solar-nas-classes-b-c-e-d\/#respond"]}]},{"@type":"WebPage","@id":"https:\/\/jornalfatosenoticias.com.br\/index.php\/2021\/02\/19\/empresa-quer-impulsionar-uso-de-energia-solar-nas-classes-b-c-e-d\/","url":"https:\/\/jornalfatosenoticias.com.br\/index.php\/2021\/02\/19\/empresa-quer-impulsionar-uso-de-energia-solar-nas-classes-b-c-e-d\/","name":"Empresa quer impulsionar uso de energia solar nas classes B, C e D - Jornal Fatos e Not\u00edcias","isPartOf":{"@id":"https:\/\/jornalfatosenoticias.com.br\/#website"},"primaryImageOfPage":{"@id":"https:\/\/jornalfatosenoticias.com.br\/index.php\/2021\/02\/19\/empresa-quer-impulsionar-uso-de-energia-solar-nas-classes-b-c-e-d\/#primaryimage"},"image":{"@id":"https:\/\/jornalfatosenoticias.com.br\/index.php\/2021\/02\/19\/empresa-quer-impulsionar-uso-de-energia-solar-nas-classes-b-c-e-d\/#primaryimage"},"thumbnailUrl":"https:\/\/jornalfatosenoticias.com.br\/wp-content\/uploads\/2021\/02\/Win-Energias-solar.jpg","datePublished":"2021-02-19T13:30:08+00:00","dateModified":"2021-02-19T13:30:13+00:00","breadcrumb":{"@id":"https:\/\/jornalfatosenoticias.com.br\/index.php\/2021\/02\/19\/empresa-quer-impulsionar-uso-de-energia-solar-nas-classes-b-c-e-d\/#breadcrumb"},"inLanguage":"pt-BR","potentialAction":[{"@type":"ReadAction","target":["https:\/\/jornalfatosenoticias.com.br\/index.php\/2021\/02\/19\/empresa-quer-impulsionar-uso-de-energia-solar-nas-classes-b-c-e-d\/"]}]},{"@type":"ImageObject","inLanguage":"pt-BR","@id":"https:\/\/jornalfatosenoticias.com.br\/index.php\/2021\/02\/19\/empresa-quer-impulsionar-uso-de-energia-solar-nas-classes-b-c-e-d\/#primaryimage","url":"https:\/\/jornalfatosenoticias.com.br\/wp-content\/uploads\/2021\/02\/Win-Energias-solar.jpg","contentUrl":"https:\/\/jornalfatosenoticias.com.br\/wp-content\/uploads\/2021\/02\/Win-Energias-solar.jpg","width":1000,"height":600},{"@type":"BreadcrumbList","@id":"https:\/\/jornalfatosenoticias.com.br\/index.php\/2021\/02\/19\/empresa-quer-impulsionar-uso-de-energia-solar-nas-classes-b-c-e-d\/#breadcrumb","itemListElement":[{"@type":"ListItem","position":1,"name":"In\u00edcio","item":"https:\/\/jornalfatosenoticias.com.br\/"},{"@type":"ListItem","position":2,"name":"Empresa quer impulsionar uso de energia solar nas classes B, C e D"}]},{"@type":"WebSite","@id":"https:\/\/jornalfatosenoticias.com.br\/#website","url":"https:\/\/jornalfatosenoticias.com.br\/","name":"Jornal Fatos e Not\u00edcias","description":"Not\u00edcias em geral","publisher":{"@id":"https:\/\/jornalfatosenoticias.com.br\/#organization"},"potentialAction":[{"@type":"SearchAction","target":{"@type":"EntryPoint","urlTemplate":"https:\/\/jornalfatosenoticias.com.br\/?s={search_term_string}"},"query-input":{"@type":"PropertyValueSpecification","valueRequired":true,"valueName":"search_term_string"}}],"inLanguage":"pt-BR"},{"@type":"Organization","@id":"https:\/\/jornalfatosenoticias.com.br\/#organization","name":"Jornal Fatos e Not\u00edcias","url":"https:\/\/jornalfatosenoticias.com.br\/","logo":{"@type":"ImageObject","inLanguage":"pt-BR","@id":"https:\/\/jornalfatosenoticias.com.br\/#\/schema\/logo\/image\/","url":"https:\/\/jornalfatosenoticias.com.br\/wp-content\/uploads\/2020\/02\/logo120.png","contentUrl":"https:\/\/jornalfatosenoticias.com.br\/wp-content\/uploads\/2020\/02\/logo120.png","width":1227,"height":120,"caption":"Jornal Fatos e Not\u00edcias"},"image":{"@id":"https:\/\/jornalfatosenoticias.com.br\/#\/schema\/logo\/image\/"}},{"@type":"Person","@id":"https:\/\/jornalfatosenoticias.com.br\/#\/schema\/person\/d63837fa13ac8666eb9e74e0985d6f81","name":"Luzimara Fernandes","image":{"@type":"ImageObject","inLanguage":"pt-BR","@id":"https:\/\/jornalfatosenoticias.com.br\/#\/schema\/person\/image\/","url":"https:\/\/jornalfatosenoticias.com.br\/wp-content\/uploads\/2025\/05\/EU_portal.jpg","contentUrl":"https:\/\/jornalfatosenoticias.com.br\/wp-content\/uploads\/2025\/05\/EU_portal.jpg","caption":"Luzimara Fernandes"},"description":"Jornalista MTB 2358-ES","sameAs":["https:\/\/jornalfatosenoticias.com.br"],"url":"https:\/\/jornalfatosenoticias.com.br\/index.php\/author\/luzimara\/"}]}},"cc_featured_image_caption":{"caption_text":"(Win Energias Renov\u00e1veis)","source_text":"","source_url":""},"jetpack_featured_media_url":"https:\/\/jornalfatosenoticias.com.br\/wp-content\/uploads\/2021\/02\/Win-Energias-solar.jpg","_links":{"self":[{"href":"https:\/\/jornalfatosenoticias.com.br\/index.php\/wp-json\/wp\/v2\/posts\/14880","targetHints":{"allow":["GET"]}}],"collection":[{"href":"https:\/\/jornalfatosenoticias.com.br\/index.php\/wp-json\/wp\/v2\/posts"}],"about":[{"href":"https:\/\/jornalfatosenoticias.com.br\/index.php\/wp-json\/wp\/v2\/types\/post"}],"author":[{"embeddable":true,"href":"https:\/\/jornalfatosenoticias.com.br\/index.php\/wp-json\/wp\/v2\/users\/2"}],"replies":[{"embeddable":true,"href":"https:\/\/jornalfatosenoticias.com.br\/index.php\/wp-json\/wp\/v2\/comments?post=14880"}],"version-history":[{"count":0,"href":"https:\/\/jornalfatosenoticias.com.br\/index.php\/wp-json\/wp\/v2\/posts\/14880\/revisions"}],"wp:featuredmedia":[{"embeddable":true,"href":"https:\/\/jornalfatosenoticias.com.br\/index.php\/wp-json\/wp\/v2\/media\/14881"}],"wp:attachment":[{"href":"https:\/\/jornalfatosenoticias.com.br\/index.php\/wp-json\/wp\/v2\/media?parent=14880"}],"wp:term":[{"taxonomy":"category","embeddable":true,"href":"https:\/\/jornalfatosenoticias.com.br\/index.php\/wp-json\/wp\/v2\/categories?post=14880"},{"taxonomy":"post_tag","embeddable":true,"href":"https:\/\/jornalfatosenoticias.com.br\/index.php\/wp-json\/wp\/v2\/tags?post=14880"}],"curies":[{"name":"wp","href":"https:\/\/api.w.org\/{rel}","templated":true}]}}