{"id":14904,"date":"2021-02-19T14:09:07","date_gmt":"2021-02-19T17:09:07","guid":{"rendered":"https:\/\/jornalfatosenoticias.com.br\/?p=14904"},"modified":"2021-02-19T14:09:08","modified_gmt":"2021-02-19T17:09:08","slug":"inscricoes-abertas-para-concurso-fotografico-abelhas-sem-ferrao","status":"publish","type":"post","link":"https:\/\/jornalfatosenoticias.com.br\/index.php\/2021\/02\/19\/inscricoes-abertas-para-concurso-fotografico-abelhas-sem-ferrao\/","title":{"rendered":"Inscri\u00e7\u00f5es abertas para concurso fotogr\u00e1fico Abelhas sem Ferr\u00e3o"},"content":{"rendered":"\n<h6 class=\"wp-block-heading\"><em>Todos os interessados podem participar: estudantes, profissionais, entusiastas da abelhas e cidad\u00e3os amantes da natureza<\/em><\/h6>\n\n\n\n<p>Est\u00e3o abertas as inscri\u00e7\u00f5es para o Concurso Fotogr\u00e1fico Abelhas sem Ferr\u00e3o em Foco. Com o tema \u201cAs abelhas sem ferr\u00e3o do Brasil e suas intera\u00e7\u00f5es com o ambiente\u201d, a competi\u00e7\u00e3o \u00e9 promovida pelo Laborat\u00f3rio de Ensino, Pesquisa e Extens\u00e3o em Apicultura e Meliponicultura (LApis) do Instituto Federal do Rio Grande do Sul (IFRS) Campus Ibirub\u00e1 em conjunto com a A.B.E.L.H.A., no \u00e2mbito do projeto Melipon\u00e1rio Escola, uma coopera\u00e7\u00e3o entre a universidade e a Associa\u00e7\u00e3o.<\/p>\n\n\n\n<div class=\"wp-block-image\"><figure class=\"alignleft size-large\"><img loading=\"lazy\" decoding=\"async\" width=\"300\" height=\"300\" src=\"https:\/\/jornalfatosenoticias.com.br\/wp-content\/uploads\/2021\/02\/concurso-abelhas-2.jpg\" alt=\"\" class=\"wp-image-14906\" srcset=\"https:\/\/jornalfatosenoticias.com.br\/wp-content\/uploads\/2021\/02\/concurso-abelhas-2.jpg 300w, https:\/\/jornalfatosenoticias.com.br\/wp-content\/uploads\/2021\/02\/concurso-abelhas-2-150x150.jpg 150w\" sizes=\"auto, (max-width: 300px) 100vw, 300px\" \/><\/figure><\/div>\n\n\n\n<p>A ideia \u00e9 que todos os interessados possam participar, estudantes, profissionais, entusiastas das abelhas e cidad\u00e3os amantes da natureza. Por meio dos registros da intera\u00e7\u00e3o de abelhas sem ferr\u00e3o em seu ambiente, visitando as flores ou na col\u00f4nia, o objetivo \u00e9 estimular os momentos de contempla\u00e7\u00e3o da biodiversidade por meio da observa\u00e7\u00e3o das abelhas em seu habitat e contar hist\u00f3rias por meio das imagens.<br>Os participantes dar\u00e3o ainda uma grande contribui\u00e7\u00e3o para conscientizar a popula\u00e7\u00e3o em geral sobre a import\u00e2ncia das abelhas sem ferr\u00e3o para o meio ambiente e a agricultura.<\/p>\n\n\n\n<h4 class=\"wp-block-heading\">Como participar<\/h4>\n\n\n\n<p>A inscri\u00e7\u00e3o \u00e9 gratuita e pode ser feita at\u00e9 o dia 10 de mar\u00e7o por meio do formul\u00e1rio: <a href=\"https:\/\/bit.ly\/abelhas2021.\">https:\/\/bit.ly\/abelhas2021.<\/a> No endere\u00e7o est\u00e1 dispon\u00edvel tamb\u00e9m o regulamento completo, com todas as informa\u00e7\u00f5es sobre o concurso, incluindo as especifica\u00e7\u00f5es das fotos, a mec\u00e2nica da vota\u00e7\u00e3o e a premia\u00e7\u00e3o dos vencedores.<\/p>\n\n\n\n<div class=\"wp-block-image\"><figure class=\"alignright size-large is-resized\"><img loading=\"lazy\" decoding=\"async\" src=\"https:\/\/jornalfatosenoticias.com.br\/wp-content\/uploads\/2021\/02\/concurso-abelhas-3.jpg\" alt=\"\" class=\"wp-image-14905\" width=\"378\" height=\"673\" srcset=\"https:\/\/jornalfatosenoticias.com.br\/wp-content\/uploads\/2021\/02\/concurso-abelhas-3.jpg 562w, https:\/\/jornalfatosenoticias.com.br\/wp-content\/uploads\/2021\/02\/concurso-abelhas-3-169x300.jpg 169w\" sizes=\"auto, (max-width: 378px) 100vw, 378px\" \/><\/figure><\/div>\n\n\n\n<p>As fotos que estiverem de acordo com o regulamento ser\u00e3o publicadas no perfil do <a href=\"https:\/\/www.instagram.com\/lapisibiruba\/\" target=\"_blank\" rel=\"noreferrer noopener\">LApis no\u00a0Instagram<\/a> no dia 15 de mar\u00e7o de 2021. De 15 a 28 de mar\u00e7o as fotos publicadas ser\u00e3o avaliadas em vota\u00e7\u00e3o popular, por meio de curtidas pelo p\u00fablico em geral.<br>A apura\u00e7\u00e3o ser\u00e1 feita em 29 de mar\u00e7o pela comiss\u00e3o organizadora e o resultado ser\u00e1 divulgado no dia 20 de maio, em comemora\u00e7\u00e3o do Dia Mundial das Abelhas, e publicado nos perfis do LApis e da A.B.E.L.H.A. nas redes sociais Instagram e Facebook, bem como no <a href=\"https:\/\/abelha.org.br\/\" target=\"_blank\" rel=\"noreferrer noopener\">website da A.B.E.L.H.A<\/a>.<br>As 12 fotos mais curtidas far\u00e3o parte do Calend\u00e1rio A.B.E.L.H.A. 2022, que \u00e9 produzido anualmente pela associa\u00e7\u00e3o e distribu\u00eddo gratuitamente em sua vers\u00e3o digital. Al\u00e9m disso, cada um dos 12 vencedores receber\u00e1 10 calend\u00e1rios impressos via correio.<br>Confira o regulamento completo e o formul\u00e1rio de <a href=\"https:\/\/yonlaverabienxe.i-mpr.com\/link.php?code=bDpodHRwcyUzQSUyRiUyRmRvY3MuZ29vZ2xlLmNvbSUyRmZvcm1zJTJGZCUyRmUlMkYxRkFJcFFMU2N0VWgyZ2hnaFRRWjF6aERGcVA5SVNTa1VFcDNPT29PMWNZYVhhejFzdWFBM1FOUSUyRnZpZXdmb3JtOjI2NTcwMjE2Mzc6bWFyY2lhQGNpY2xvdml2by5jb20uYnI6NTkwN2Q2\" target=\"_blank\" rel=\"noreferrer noopener\">inscri\u00e7\u00e3o aqui.<\/a>\u00a0Se tiver d\u00favidas, envie e-mail para\u00a0<a href=\"mailto:lapis@ibiruba.ifrs.edu.br\" target=\"_blank\" rel=\"noreferrer noopener\">lapis@ibiruba.ifrs.edu.br<\/a> ou mensagem pelas redes sociais do LApis (Instagram: @lapisibiruba e Facebook: LApis \u2013 IFRS Campus Ibirub\u00e1).<\/p>\n\n\n\n<p><strong><em>Fonte: <a href=\"https:\/\/ciclovivo.com.br\/fique-ligado\/oportunidades\/inscricoes-concurso-fotografico-abelhas\/\">CicloVivo<\/a><\/em><\/strong><\/p>\n","protected":false},"excerpt":{"rendered":"<p>Todos os interessados podem participar: estudantes, profissionais, entusiastas da abelhas e cidad\u00e3os amantes da natureza Est\u00e3o abertas as inscri\u00e7\u00f5es para o Concurso Fotogr\u00e1fico Abelhas sem Ferr\u00e3o em Foco. Com o tema \u201cAs abelhas sem ferr\u00e3o do Brasil e suas intera\u00e7\u00f5es com o ambiente\u201d, a competi\u00e7\u00e3o \u00e9 promovida pelo Laborat\u00f3rio de Ensino, Pesquisa e Extens\u00e3o em [&hellip;]<\/p>\n","protected":false},"author":2,"featured_media":14907,"comment_status":"open","ping_status":"open","sticky":false,"template":"","format":"standard","meta":{"footnotes":""},"categories":[4],"tags":[59,7607,4269,7606,655],"class_list":["post-14904","post","type-post","status-publish","format-standard","has-post-thumbnail","hentry","category-cultura","tag-abelhas","tag-abelhas-sem-ferrao","tag-concurso-fotografico","tag-dia-mundial-das-abelhas","tag-natureza"],"yoast_head":"<!-- This site is optimized with the Yoast SEO plugin v26.5 - https:\/\/yoast.com\/wordpress\/plugins\/seo\/ -->\n<title>Inscri\u00e7\u00f5es abertas para concurso fotogr\u00e1fico Abelhas sem Ferr\u00e3o - Jornal Fatos e Not\u00edcias<\/title>\n<meta name=\"robots\" content=\"index, follow, max-snippet:-1, max-image-preview:large, max-video-preview:-1\" \/>\n<link rel=\"canonical\" href=\"https:\/\/jornalfatosenoticias.com.br\/index.php\/2021\/02\/19\/inscricoes-abertas-para-concurso-fotografico-abelhas-sem-ferrao\/\" \/>\n<meta property=\"og:locale\" content=\"pt_BR\" \/>\n<meta property=\"og:type\" content=\"article\" \/>\n<meta property=\"og:title\" content=\"Inscri\u00e7\u00f5es abertas para concurso fotogr\u00e1fico Abelhas sem Ferr\u00e3o - Jornal Fatos e Not\u00edcias\" \/>\n<meta property=\"og:description\" content=\"Todos os interessados podem participar: estudantes, profissionais, entusiastas da abelhas e cidad\u00e3os amantes da natureza Est\u00e3o abertas as inscri\u00e7\u00f5es para o Concurso Fotogr\u00e1fico Abelhas sem Ferr\u00e3o em Foco. Com o tema \u201cAs abelhas sem ferr\u00e3o do Brasil e suas intera\u00e7\u00f5es com o ambiente\u201d, a competi\u00e7\u00e3o \u00e9 promovida pelo Laborat\u00f3rio de Ensino, Pesquisa e Extens\u00e3o em [&hellip;]\" \/>\n<meta property=\"og:url\" content=\"https:\/\/jornalfatosenoticias.com.br\/index.php\/2021\/02\/19\/inscricoes-abertas-para-concurso-fotografico-abelhas-sem-ferrao\/\" \/>\n<meta property=\"og:site_name\" content=\"Jornal Fatos e Not\u00edcias\" \/>\n<meta property=\"article:published_time\" content=\"2021-02-19T17:09:07+00:00\" \/>\n<meta property=\"article:modified_time\" content=\"2021-02-19T17:09:08+00:00\" \/>\n<meta property=\"og:image\" content=\"https:\/\/jornalfatosenoticias.com.br\/wp-content\/uploads\/2021\/02\/criar-abelha.jpg\" \/>\n\t<meta property=\"og:image:width\" content=\"1000\" \/>\n\t<meta property=\"og:image:height\" content=\"548\" \/>\n\t<meta property=\"og:image:type\" content=\"image\/jpeg\" \/>\n<meta name=\"author\" content=\"Luzimara Fernandes\" \/>\n<meta name=\"twitter:card\" content=\"summary_large_image\" \/>\n<meta name=\"twitter:label1\" content=\"Escrito por\" \/>\n\t<meta name=\"twitter:data1\" content=\"Luzimara Fernandes\" \/>\n\t<meta name=\"twitter:label2\" content=\"Est. tempo de leitura\" \/>\n\t<meta name=\"twitter:data2\" content=\"2 minutos\" \/>\n<script type=\"application\/ld+json\" class=\"yoast-schema-graph\">{\"@context\":\"https:\/\/schema.org\",\"@graph\":[{\"@type\":\"Article\",\"@id\":\"https:\/\/jornalfatosenoticias.com.br\/index.php\/2021\/02\/19\/inscricoes-abertas-para-concurso-fotografico-abelhas-sem-ferrao\/#article\",\"isPartOf\":{\"@id\":\"https:\/\/jornalfatosenoticias.com.br\/index.php\/2021\/02\/19\/inscricoes-abertas-para-concurso-fotografico-abelhas-sem-ferrao\/\"},\"author\":{\"name\":\"Luzimara Fernandes\",\"@id\":\"https:\/\/jornalfatosenoticias.com.br\/#\/schema\/person\/d63837fa13ac8666eb9e74e0985d6f81\"},\"headline\":\"Inscri\u00e7\u00f5es abertas para concurso fotogr\u00e1fico Abelhas sem Ferr\u00e3o\",\"datePublished\":\"2021-02-19T17:09:07+00:00\",\"dateModified\":\"2021-02-19T17:09:08+00:00\",\"mainEntityOfPage\":{\"@id\":\"https:\/\/jornalfatosenoticias.com.br\/index.php\/2021\/02\/19\/inscricoes-abertas-para-concurso-fotografico-abelhas-sem-ferrao\/\"},\"wordCount\":474,\"commentCount\":0,\"publisher\":{\"@id\":\"https:\/\/jornalfatosenoticias.com.br\/#organization\"},\"image\":{\"@id\":\"https:\/\/jornalfatosenoticias.com.br\/index.php\/2021\/02\/19\/inscricoes-abertas-para-concurso-fotografico-abelhas-sem-ferrao\/#primaryimage\"},\"thumbnailUrl\":\"https:\/\/jornalfatosenoticias.com.br\/wp-content\/uploads\/2021\/02\/criar-abelha.jpg\",\"keywords\":[\"abelhas\",\"abelhas sem ferr\u00e3o\",\"concurso fotogr\u00e1fico\",\"Dia Mundial das Abelhas\",\"natureza\"],\"articleSection\":[\"Cultura\"],\"inLanguage\":\"pt-BR\",\"potentialAction\":[{\"@type\":\"CommentAction\",\"name\":\"Comment\",\"target\":[\"https:\/\/jornalfatosenoticias.com.br\/index.php\/2021\/02\/19\/inscricoes-abertas-para-concurso-fotografico-abelhas-sem-ferrao\/#respond\"]}]},{\"@type\":\"WebPage\",\"@id\":\"https:\/\/jornalfatosenoticias.com.br\/index.php\/2021\/02\/19\/inscricoes-abertas-para-concurso-fotografico-abelhas-sem-ferrao\/\",\"url\":\"https:\/\/jornalfatosenoticias.com.br\/index.php\/2021\/02\/19\/inscricoes-abertas-para-concurso-fotografico-abelhas-sem-ferrao\/\",\"name\":\"Inscri\u00e7\u00f5es abertas para concurso fotogr\u00e1fico Abelhas sem Ferr\u00e3o - Jornal Fatos e Not\u00edcias\",\"isPartOf\":{\"@id\":\"https:\/\/jornalfatosenoticias.com.br\/#website\"},\"primaryImageOfPage\":{\"@id\":\"https:\/\/jornalfatosenoticias.com.br\/index.php\/2021\/02\/19\/inscricoes-abertas-para-concurso-fotografico-abelhas-sem-ferrao\/#primaryimage\"},\"image\":{\"@id\":\"https:\/\/jornalfatosenoticias.com.br\/index.php\/2021\/02\/19\/inscricoes-abertas-para-concurso-fotografico-abelhas-sem-ferrao\/#primaryimage\"},\"thumbnailUrl\":\"https:\/\/jornalfatosenoticias.com.br\/wp-content\/uploads\/2021\/02\/criar-abelha.jpg\",\"datePublished\":\"2021-02-19T17:09:07+00:00\",\"dateModified\":\"2021-02-19T17:09:08+00:00\",\"breadcrumb\":{\"@id\":\"https:\/\/jornalfatosenoticias.com.br\/index.php\/2021\/02\/19\/inscricoes-abertas-para-concurso-fotografico-abelhas-sem-ferrao\/#breadcrumb\"},\"inLanguage\":\"pt-BR\",\"potentialAction\":[{\"@type\":\"ReadAction\",\"target\":[\"https:\/\/jornalfatosenoticias.com.br\/index.php\/2021\/02\/19\/inscricoes-abertas-para-concurso-fotografico-abelhas-sem-ferrao\/\"]}]},{\"@type\":\"ImageObject\",\"inLanguage\":\"pt-BR\",\"@id\":\"https:\/\/jornalfatosenoticias.com.br\/index.php\/2021\/02\/19\/inscricoes-abertas-para-concurso-fotografico-abelhas-sem-ferrao\/#primaryimage\",\"url\":\"https:\/\/jornalfatosenoticias.com.br\/wp-content\/uploads\/2021\/02\/criar-abelha.jpg\",\"contentUrl\":\"https:\/\/jornalfatosenoticias.com.br\/wp-content\/uploads\/2021\/02\/criar-abelha.jpg\",\"width\":1000,\"height\":548},{\"@type\":\"BreadcrumbList\",\"@id\":\"https:\/\/jornalfatosenoticias.com.br\/index.php\/2021\/02\/19\/inscricoes-abertas-para-concurso-fotografico-abelhas-sem-ferrao\/#breadcrumb\",\"itemListElement\":[{\"@type\":\"ListItem\",\"position\":1,\"name\":\"In\u00edcio\",\"item\":\"https:\/\/jornalfatosenoticias.com.br\/\"},{\"@type\":\"ListItem\",\"position\":2,\"name\":\"Inscri\u00e7\u00f5es abertas para concurso fotogr\u00e1fico Abelhas sem Ferr\u00e3o\"}]},{\"@type\":\"WebSite\",\"@id\":\"https:\/\/jornalfatosenoticias.com.br\/#website\",\"url\":\"https:\/\/jornalfatosenoticias.com.br\/\",\"name\":\"Jornal Fatos e Not\u00edcias\",\"description\":\"Not\u00edcias em geral\",\"publisher\":{\"@id\":\"https:\/\/jornalfatosenoticias.com.br\/#organization\"},\"potentialAction\":[{\"@type\":\"SearchAction\",\"target\":{\"@type\":\"EntryPoint\",\"urlTemplate\":\"https:\/\/jornalfatosenoticias.com.br\/?s={search_term_string}\"},\"query-input\":{\"@type\":\"PropertyValueSpecification\",\"valueRequired\":true,\"valueName\":\"search_term_string\"}}],\"inLanguage\":\"pt-BR\"},{\"@type\":\"Organization\",\"@id\":\"https:\/\/jornalfatosenoticias.com.br\/#organization\",\"name\":\"Jornal Fatos e Not\u00edcias\",\"url\":\"https:\/\/jornalfatosenoticias.com.br\/\",\"logo\":{\"@type\":\"ImageObject\",\"inLanguage\":\"pt-BR\",\"@id\":\"https:\/\/jornalfatosenoticias.com.br\/#\/schema\/logo\/image\/\",\"url\":\"https:\/\/jornalfatosenoticias.com.br\/wp-content\/uploads\/2020\/02\/logo120.png\",\"contentUrl\":\"https:\/\/jornalfatosenoticias.com.br\/wp-content\/uploads\/2020\/02\/logo120.png\",\"width\":1227,\"height\":120,\"caption\":\"Jornal Fatos e Not\u00edcias\"},\"image\":{\"@id\":\"https:\/\/jornalfatosenoticias.com.br\/#\/schema\/logo\/image\/\"}},{\"@type\":\"Person\",\"@id\":\"https:\/\/jornalfatosenoticias.com.br\/#\/schema\/person\/d63837fa13ac8666eb9e74e0985d6f81\",\"name\":\"Luzimara Fernandes\",\"image\":{\"@type\":\"ImageObject\",\"inLanguage\":\"pt-BR\",\"@id\":\"https:\/\/jornalfatosenoticias.com.br\/#\/schema\/person\/image\/\",\"url\":\"https:\/\/jornalfatosenoticias.com.br\/wp-content\/uploads\/2025\/05\/EU_portal.jpg\",\"contentUrl\":\"https:\/\/jornalfatosenoticias.com.br\/wp-content\/uploads\/2025\/05\/EU_portal.jpg\",\"caption\":\"Luzimara Fernandes\"},\"description\":\"Jornalista MTB 2358-ES\",\"sameAs\":[\"https:\/\/jornalfatosenoticias.com.br\"],\"url\":\"https:\/\/jornalfatosenoticias.com.br\/index.php\/author\/luzimara\/\"}]}<\/script>\n<!-- \/ Yoast SEO plugin. -->","yoast_head_json":{"title":"Inscri\u00e7\u00f5es abertas para concurso fotogr\u00e1fico Abelhas sem Ferr\u00e3o - Jornal Fatos e Not\u00edcias","robots":{"index":"index","follow":"follow","max-snippet":"max-snippet:-1","max-image-preview":"max-image-preview:large","max-video-preview":"max-video-preview:-1"},"canonical":"https:\/\/jornalfatosenoticias.com.br\/index.php\/2021\/02\/19\/inscricoes-abertas-para-concurso-fotografico-abelhas-sem-ferrao\/","og_locale":"pt_BR","og_type":"article","og_title":"Inscri\u00e7\u00f5es abertas para concurso fotogr\u00e1fico Abelhas sem Ferr\u00e3o - Jornal Fatos e Not\u00edcias","og_description":"Todos os interessados podem participar: estudantes, profissionais, entusiastas da abelhas e cidad\u00e3os amantes da natureza Est\u00e3o abertas as inscri\u00e7\u00f5es para o Concurso Fotogr\u00e1fico Abelhas sem Ferr\u00e3o em Foco. Com o tema \u201cAs abelhas sem ferr\u00e3o do Brasil e suas intera\u00e7\u00f5es com o ambiente\u201d, a competi\u00e7\u00e3o \u00e9 promovida pelo Laborat\u00f3rio de Ensino, Pesquisa e Extens\u00e3o em [&hellip;]","og_url":"https:\/\/jornalfatosenoticias.com.br\/index.php\/2021\/02\/19\/inscricoes-abertas-para-concurso-fotografico-abelhas-sem-ferrao\/","og_site_name":"Jornal Fatos e Not\u00edcias","article_published_time":"2021-02-19T17:09:07+00:00","article_modified_time":"2021-02-19T17:09:08+00:00","og_image":[{"width":1000,"height":548,"url":"https:\/\/jornalfatosenoticias.com.br\/wp-content\/uploads\/2021\/02\/criar-abelha.jpg","type":"image\/jpeg"}],"author":"Luzimara Fernandes","twitter_card":"summary_large_image","twitter_misc":{"Escrito por":"Luzimara Fernandes","Est. tempo de leitura":"2 minutos"},"schema":{"@context":"https:\/\/schema.org","@graph":[{"@type":"Article","@id":"https:\/\/jornalfatosenoticias.com.br\/index.php\/2021\/02\/19\/inscricoes-abertas-para-concurso-fotografico-abelhas-sem-ferrao\/#article","isPartOf":{"@id":"https:\/\/jornalfatosenoticias.com.br\/index.php\/2021\/02\/19\/inscricoes-abertas-para-concurso-fotografico-abelhas-sem-ferrao\/"},"author":{"name":"Luzimara Fernandes","@id":"https:\/\/jornalfatosenoticias.com.br\/#\/schema\/person\/d63837fa13ac8666eb9e74e0985d6f81"},"headline":"Inscri\u00e7\u00f5es abertas para concurso fotogr\u00e1fico Abelhas sem Ferr\u00e3o","datePublished":"2021-02-19T17:09:07+00:00","dateModified":"2021-02-19T17:09:08+00:00","mainEntityOfPage":{"@id":"https:\/\/jornalfatosenoticias.com.br\/index.php\/2021\/02\/19\/inscricoes-abertas-para-concurso-fotografico-abelhas-sem-ferrao\/"},"wordCount":474,"commentCount":0,"publisher":{"@id":"https:\/\/jornalfatosenoticias.com.br\/#organization"},"image":{"@id":"https:\/\/jornalfatosenoticias.com.br\/index.php\/2021\/02\/19\/inscricoes-abertas-para-concurso-fotografico-abelhas-sem-ferrao\/#primaryimage"},"thumbnailUrl":"https:\/\/jornalfatosenoticias.com.br\/wp-content\/uploads\/2021\/02\/criar-abelha.jpg","keywords":["abelhas","abelhas sem ferr\u00e3o","concurso fotogr\u00e1fico","Dia Mundial das Abelhas","natureza"],"articleSection":["Cultura"],"inLanguage":"pt-BR","potentialAction":[{"@type":"CommentAction","name":"Comment","target":["https:\/\/jornalfatosenoticias.com.br\/index.php\/2021\/02\/19\/inscricoes-abertas-para-concurso-fotografico-abelhas-sem-ferrao\/#respond"]}]},{"@type":"WebPage","@id":"https:\/\/jornalfatosenoticias.com.br\/index.php\/2021\/02\/19\/inscricoes-abertas-para-concurso-fotografico-abelhas-sem-ferrao\/","url":"https:\/\/jornalfatosenoticias.com.br\/index.php\/2021\/02\/19\/inscricoes-abertas-para-concurso-fotografico-abelhas-sem-ferrao\/","name":"Inscri\u00e7\u00f5es abertas para concurso fotogr\u00e1fico Abelhas sem Ferr\u00e3o - Jornal Fatos e Not\u00edcias","isPartOf":{"@id":"https:\/\/jornalfatosenoticias.com.br\/#website"},"primaryImageOfPage":{"@id":"https:\/\/jornalfatosenoticias.com.br\/index.php\/2021\/02\/19\/inscricoes-abertas-para-concurso-fotografico-abelhas-sem-ferrao\/#primaryimage"},"image":{"@id":"https:\/\/jornalfatosenoticias.com.br\/index.php\/2021\/02\/19\/inscricoes-abertas-para-concurso-fotografico-abelhas-sem-ferrao\/#primaryimage"},"thumbnailUrl":"https:\/\/jornalfatosenoticias.com.br\/wp-content\/uploads\/2021\/02\/criar-abelha.jpg","datePublished":"2021-02-19T17:09:07+00:00","dateModified":"2021-02-19T17:09:08+00:00","breadcrumb":{"@id":"https:\/\/jornalfatosenoticias.com.br\/index.php\/2021\/02\/19\/inscricoes-abertas-para-concurso-fotografico-abelhas-sem-ferrao\/#breadcrumb"},"inLanguage":"pt-BR","potentialAction":[{"@type":"ReadAction","target":["https:\/\/jornalfatosenoticias.com.br\/index.php\/2021\/02\/19\/inscricoes-abertas-para-concurso-fotografico-abelhas-sem-ferrao\/"]}]},{"@type":"ImageObject","inLanguage":"pt-BR","@id":"https:\/\/jornalfatosenoticias.com.br\/index.php\/2021\/02\/19\/inscricoes-abertas-para-concurso-fotografico-abelhas-sem-ferrao\/#primaryimage","url":"https:\/\/jornalfatosenoticias.com.br\/wp-content\/uploads\/2021\/02\/criar-abelha.jpg","contentUrl":"https:\/\/jornalfatosenoticias.com.br\/wp-content\/uploads\/2021\/02\/criar-abelha.jpg","width":1000,"height":548},{"@type":"BreadcrumbList","@id":"https:\/\/jornalfatosenoticias.com.br\/index.php\/2021\/02\/19\/inscricoes-abertas-para-concurso-fotografico-abelhas-sem-ferrao\/#breadcrumb","itemListElement":[{"@type":"ListItem","position":1,"name":"In\u00edcio","item":"https:\/\/jornalfatosenoticias.com.br\/"},{"@type":"ListItem","position":2,"name":"Inscri\u00e7\u00f5es abertas para concurso fotogr\u00e1fico Abelhas sem Ferr\u00e3o"}]},{"@type":"WebSite","@id":"https:\/\/jornalfatosenoticias.com.br\/#website","url":"https:\/\/jornalfatosenoticias.com.br\/","name":"Jornal Fatos e Not\u00edcias","description":"Not\u00edcias em geral","publisher":{"@id":"https:\/\/jornalfatosenoticias.com.br\/#organization"},"potentialAction":[{"@type":"SearchAction","target":{"@type":"EntryPoint","urlTemplate":"https:\/\/jornalfatosenoticias.com.br\/?s={search_term_string}"},"query-input":{"@type":"PropertyValueSpecification","valueRequired":true,"valueName":"search_term_string"}}],"inLanguage":"pt-BR"},{"@type":"Organization","@id":"https:\/\/jornalfatosenoticias.com.br\/#organization","name":"Jornal Fatos e Not\u00edcias","url":"https:\/\/jornalfatosenoticias.com.br\/","logo":{"@type":"ImageObject","inLanguage":"pt-BR","@id":"https:\/\/jornalfatosenoticias.com.br\/#\/schema\/logo\/image\/","url":"https:\/\/jornalfatosenoticias.com.br\/wp-content\/uploads\/2020\/02\/logo120.png","contentUrl":"https:\/\/jornalfatosenoticias.com.br\/wp-content\/uploads\/2020\/02\/logo120.png","width":1227,"height":120,"caption":"Jornal Fatos e Not\u00edcias"},"image":{"@id":"https:\/\/jornalfatosenoticias.com.br\/#\/schema\/logo\/image\/"}},{"@type":"Person","@id":"https:\/\/jornalfatosenoticias.com.br\/#\/schema\/person\/d63837fa13ac8666eb9e74e0985d6f81","name":"Luzimara Fernandes","image":{"@type":"ImageObject","inLanguage":"pt-BR","@id":"https:\/\/jornalfatosenoticias.com.br\/#\/schema\/person\/image\/","url":"https:\/\/jornalfatosenoticias.com.br\/wp-content\/uploads\/2025\/05\/EU_portal.jpg","contentUrl":"https:\/\/jornalfatosenoticias.com.br\/wp-content\/uploads\/2025\/05\/EU_portal.jpg","caption":"Luzimara Fernandes"},"description":"Jornalista MTB 2358-ES","sameAs":["https:\/\/jornalfatosenoticias.com.br"],"url":"https:\/\/jornalfatosenoticias.com.br\/index.php\/author\/luzimara\/"}]}},"cc_featured_image_caption":{"caption_text":"(Foto: Creative Commons CC0)","source_text":"","source_url":""},"jetpack_featured_media_url":"https:\/\/jornalfatosenoticias.com.br\/wp-content\/uploads\/2021\/02\/criar-abelha.jpg","_links":{"self":[{"href":"https:\/\/jornalfatosenoticias.com.br\/index.php\/wp-json\/wp\/v2\/posts\/14904","targetHints":{"allow":["GET"]}}],"collection":[{"href":"https:\/\/jornalfatosenoticias.com.br\/index.php\/wp-json\/wp\/v2\/posts"}],"about":[{"href":"https:\/\/jornalfatosenoticias.com.br\/index.php\/wp-json\/wp\/v2\/types\/post"}],"author":[{"embeddable":true,"href":"https:\/\/jornalfatosenoticias.com.br\/index.php\/wp-json\/wp\/v2\/users\/2"}],"replies":[{"embeddable":true,"href":"https:\/\/jornalfatosenoticias.com.br\/index.php\/wp-json\/wp\/v2\/comments?post=14904"}],"version-history":[{"count":0,"href":"https:\/\/jornalfatosenoticias.com.br\/index.php\/wp-json\/wp\/v2\/posts\/14904\/revisions"}],"wp:featuredmedia":[{"embeddable":true,"href":"https:\/\/jornalfatosenoticias.com.br\/index.php\/wp-json\/wp\/v2\/media\/14907"}],"wp:attachment":[{"href":"https:\/\/jornalfatosenoticias.com.br\/index.php\/wp-json\/wp\/v2\/media?parent=14904"}],"wp:term":[{"taxonomy":"category","embeddable":true,"href":"https:\/\/jornalfatosenoticias.com.br\/index.php\/wp-json\/wp\/v2\/categories?post=14904"},{"taxonomy":"post_tag","embeddable":true,"href":"https:\/\/jornalfatosenoticias.com.br\/index.php\/wp-json\/wp\/v2\/tags?post=14904"}],"curies":[{"name":"wp","href":"https:\/\/api.w.org\/{rel}","templated":true}]}}