{"id":14918,"date":"2021-02-19T14:30:58","date_gmt":"2021-02-19T17:30:58","guid":{"rendered":"https:\/\/jornalfatosenoticias.com.br\/?p=14918"},"modified":"2021-02-19T14:31:02","modified_gmt":"2021-02-19T17:31:02","slug":"vereador-leandro-piquet-recebe-representantes-das-escolas-de-samba-na-camara-de-vitoria","status":"publish","type":"post","link":"https:\/\/jornalfatosenoticias.com.br\/index.php\/2021\/02\/19\/vereador-leandro-piquet-recebe-representantes-das-escolas-de-samba-na-camara-de-vitoria\/","title":{"rendered":"Vereador Leandro Piquet recebe representantes das Escolas de Samba na C\u00e2mara de Vit\u00f3ria"},"content":{"rendered":"\n<p>Na manh\u00e3 desta quinta-feira (18), o vereador Leandro Piquet (Republicanos) recebeu os presidentes das escolas de samba de Vit\u00f3ria e tamb\u00e9m a presid\u00eancia da Liga das Escolas de Samba do Grupo Especial (Liesge) para uma conversa na C\u00e2mara Municipal da Capital.<br>As lideran\u00e7as do samba debateram sobre o futuro do Carnaval da cidade j\u00e1 que, por conta da pandemia do coronav\u00edrus, este ano n\u00e3o foi poss\u00edvel acontecer o tradicional desfile no Samb\u00e3o do Povo. O l\u00edder do governo se colocou \u00e0 disposi\u00e7\u00e3o em continuar a dialogar com os representantes, que se comprometeram a apresentar um projeto, com presta\u00e7\u00e3o de contas, para o pr\u00f3ximo carnaval.<\/p>\n\n\n\n<blockquote class=\"wp-block-quote is-layout-flow wp-block-quote-is-layout-flow\"><p>\u201cA pandemia deixou o mundo mais pobre e voc\u00eas, representantes do samba, v\u00e3o precisar pensar em como se reinventar para fazer mais com menos. Vamos continuar dialogando, mas a proposta que tenho \u00e9 que voc\u00eas fa\u00e7am um projeto e mais adiante a gente marque uma reuni\u00e3o com o prefeito Lorenzo Pazolini, para que voc\u00eas cheguem com um modelo pronto, com presta\u00e7\u00e3o de contas, com organiza\u00e7\u00e3o. Sabemos que o carnaval gera emprego, renda e \u00e9 a maior festa do mundo. Mas por conta da pandemia e a atual situa\u00e7\u00e3o econ\u00f4mica, a cobran\u00e7a na divis\u00e3o de recursos e na presta\u00e7\u00e3o de contas vai ser ainda maior\u201d, disse o vereador.<\/p><\/blockquote>\n\n\n\n<p>Presidente da Escola de Samba \u201cChegou O Que Faltava\u201d, de Goiabeiras, Rafael Cavalieri ressaltou a import\u00e2ncia social que o carnaval agrega \u00e0 cidade, al\u00e9m tamb\u00e9m de fazer girar a economia.<\/p>\n\n\n\n<blockquote class=\"wp-block-quote is-layout-flow wp-block-quote-is-layout-flow\"><p>\u201cAl\u00e9m da cultura popular, de movimentar dinheiro, gerar emprego e renda, n\u00f3s, que somos volunt\u00e1rios nas escolas de samba, desenvolvemos projetos durante todo o ano, como fizemos recentemente com a confec\u00e7\u00e3o e distribui\u00e7\u00e3o de m\u00e1scaras, doa\u00e7\u00f5es de sangue, trabalhos com escolinhas de dan\u00e7a e futebol. Enfim, s\u00e3o a\u00e7\u00f5es que muitas vezes n\u00e3o s\u00e3o divulgadas, mas que s\u00e3o essenciais para as comunidades que est\u00e3o em \u00e1reas delicadas de Vit\u00f3ria e precisam se preocupar com este lado social tamb\u00e9m\u201d.<\/p><\/blockquote>\n\n\n\n<p>Estiveram presentes na reuni\u00e3o o presidente da Liga das Escolas de Samba do Grupo Especial<br>(Liesge) Edson Neto e os presidentes Valdir Lopes de S\u00e1 (Piedade), Rafael Cavalieri (Chegou O Que Faltava), Sandro Rosa (Pega no Samba), Thiago Bandeira (Andara\u00ed), Nemo (Eucalipto), Luciano de Paula (Mocidade da Praia).<\/p>\n\n\n\n<p><strong><em>Texto: Divulga\u00e7\u00e3o<\/em><\/strong><\/p>\n","protected":false},"excerpt":{"rendered":"<p>Na manh\u00e3 desta quinta-feira (18), o vereador Leandro Piquet (Republicanos) recebeu os presidentes das escolas de samba de Vit\u00f3ria e tamb\u00e9m a presid\u00eancia da Liga das Escolas de Samba do Grupo Especial (Liesge) para uma conversa na C\u00e2mara Municipal da Capital.As lideran\u00e7as do samba debateram sobre o futuro do Carnaval da cidade j\u00e1 que, por [&hellip;]<\/p>\n","protected":false},"author":2,"featured_media":14919,"comment_status":"open","ping_status":"open","sticky":false,"template":"","format":"standard","meta":{"footnotes":""},"categories":[10],"tags":[7611,7610,7612,1430],"class_list":["post-14918","post","type-post","status-publish","format-standard","has-post-thumbnail","hentry","category-politica","tag-camara-de-vitoria","tag-escolas-de-samba-de-vitoria","tag-liesge","tag-sambao-do-povo"],"yoast_head":"<!-- This site is optimized with the Yoast SEO plugin v26.5 - https:\/\/yoast.com\/wordpress\/plugins\/seo\/ -->\n<title>Vereador Leandro Piquet recebe representantes das Escolas de Samba na C\u00e2mara de Vit\u00f3ria - Jornal Fatos e Not\u00edcias<\/title>\n<meta name=\"robots\" content=\"index, follow, max-snippet:-1, max-image-preview:large, max-video-preview:-1\" \/>\n<link rel=\"canonical\" href=\"https:\/\/jornalfatosenoticias.com.br\/index.php\/2021\/02\/19\/vereador-leandro-piquet-recebe-representantes-das-escolas-de-samba-na-camara-de-vitoria\/\" \/>\n<meta property=\"og:locale\" content=\"pt_BR\" \/>\n<meta property=\"og:type\" content=\"article\" \/>\n<meta property=\"og:title\" content=\"Vereador Leandro Piquet recebe representantes das Escolas de Samba na C\u00e2mara de Vit\u00f3ria - Jornal Fatos e Not\u00edcias\" \/>\n<meta property=\"og:description\" content=\"Na manh\u00e3 desta quinta-feira (18), o vereador Leandro Piquet (Republicanos) recebeu os presidentes das escolas de samba de Vit\u00f3ria e tamb\u00e9m a presid\u00eancia da Liga das Escolas de Samba do Grupo Especial (Liesge) para uma conversa na C\u00e2mara Municipal da Capital.As lideran\u00e7as do samba debateram sobre o futuro do Carnaval da cidade j\u00e1 que, por [&hellip;]\" \/>\n<meta property=\"og:url\" content=\"https:\/\/jornalfatosenoticias.com.br\/index.php\/2021\/02\/19\/vereador-leandro-piquet-recebe-representantes-das-escolas-de-samba-na-camara-de-vitoria\/\" \/>\n<meta property=\"og:site_name\" content=\"Jornal Fatos e Not\u00edcias\" \/>\n<meta property=\"article:published_time\" content=\"2021-02-19T17:30:58+00:00\" \/>\n<meta property=\"article:modified_time\" content=\"2021-02-19T17:31:02+00:00\" \/>\n<meta property=\"og:image\" content=\"https:\/\/jornalfatosenoticias.com.br\/wp-content\/uploads\/2021\/02\/Piquet.jpg\" \/>\n\t<meta property=\"og:image:width\" content=\"1000\" \/>\n\t<meta property=\"og:image:height\" content=\"760\" \/>\n\t<meta property=\"og:image:type\" content=\"image\/jpeg\" \/>\n<meta name=\"author\" content=\"Luzimara Fernandes\" \/>\n<meta name=\"twitter:card\" content=\"summary_large_image\" \/>\n<meta name=\"twitter:label1\" content=\"Escrito por\" \/>\n\t<meta name=\"twitter:data1\" content=\"Luzimara Fernandes\" \/>\n\t<meta name=\"twitter:label2\" content=\"Est. tempo de leitura\" \/>\n\t<meta name=\"twitter:data2\" content=\"2 minutos\" \/>\n<script type=\"application\/ld+json\" class=\"yoast-schema-graph\">{\"@context\":\"https:\/\/schema.org\",\"@graph\":[{\"@type\":\"Article\",\"@id\":\"https:\/\/jornalfatosenoticias.com.br\/index.php\/2021\/02\/19\/vereador-leandro-piquet-recebe-representantes-das-escolas-de-samba-na-camara-de-vitoria\/#article\",\"isPartOf\":{\"@id\":\"https:\/\/jornalfatosenoticias.com.br\/index.php\/2021\/02\/19\/vereador-leandro-piquet-recebe-representantes-das-escolas-de-samba-na-camara-de-vitoria\/\"},\"author\":{\"name\":\"Luzimara Fernandes\",\"@id\":\"https:\/\/jornalfatosenoticias.com.br\/#\/schema\/person\/d63837fa13ac8666eb9e74e0985d6f81\"},\"headline\":\"Vereador Leandro Piquet recebe representantes das Escolas de Samba na C\u00e2mara de Vit\u00f3ria\",\"datePublished\":\"2021-02-19T17:30:58+00:00\",\"dateModified\":\"2021-02-19T17:31:02+00:00\",\"mainEntityOfPage\":{\"@id\":\"https:\/\/jornalfatosenoticias.com.br\/index.php\/2021\/02\/19\/vereador-leandro-piquet-recebe-representantes-das-escolas-de-samba-na-camara-de-vitoria\/\"},\"wordCount\":425,\"commentCount\":0,\"publisher\":{\"@id\":\"https:\/\/jornalfatosenoticias.com.br\/#organization\"},\"image\":{\"@id\":\"https:\/\/jornalfatosenoticias.com.br\/index.php\/2021\/02\/19\/vereador-leandro-piquet-recebe-representantes-das-escolas-de-samba-na-camara-de-vitoria\/#primaryimage\"},\"thumbnailUrl\":\"https:\/\/jornalfatosenoticias.com.br\/wp-content\/uploads\/2021\/02\/Piquet.jpg\",\"keywords\":[\"C\u00e2mara de Vit\u00f3ria\",\"escolas de samba de Vit\u00f3ria\",\"Liesge\",\"Samb\u00e3o do Povo\"],\"articleSection\":[\"Pol\u00edtica\"],\"inLanguage\":\"pt-BR\",\"potentialAction\":[{\"@type\":\"CommentAction\",\"name\":\"Comment\",\"target\":[\"https:\/\/jornalfatosenoticias.com.br\/index.php\/2021\/02\/19\/vereador-leandro-piquet-recebe-representantes-das-escolas-de-samba-na-camara-de-vitoria\/#respond\"]}]},{\"@type\":\"WebPage\",\"@id\":\"https:\/\/jornalfatosenoticias.com.br\/index.php\/2021\/02\/19\/vereador-leandro-piquet-recebe-representantes-das-escolas-de-samba-na-camara-de-vitoria\/\",\"url\":\"https:\/\/jornalfatosenoticias.com.br\/index.php\/2021\/02\/19\/vereador-leandro-piquet-recebe-representantes-das-escolas-de-samba-na-camara-de-vitoria\/\",\"name\":\"Vereador Leandro Piquet recebe representantes das Escolas de Samba na C\u00e2mara de Vit\u00f3ria - Jornal Fatos e Not\u00edcias\",\"isPartOf\":{\"@id\":\"https:\/\/jornalfatosenoticias.com.br\/#website\"},\"primaryImageOfPage\":{\"@id\":\"https:\/\/jornalfatosenoticias.com.br\/index.php\/2021\/02\/19\/vereador-leandro-piquet-recebe-representantes-das-escolas-de-samba-na-camara-de-vitoria\/#primaryimage\"},\"image\":{\"@id\":\"https:\/\/jornalfatosenoticias.com.br\/index.php\/2021\/02\/19\/vereador-leandro-piquet-recebe-representantes-das-escolas-de-samba-na-camara-de-vitoria\/#primaryimage\"},\"thumbnailUrl\":\"https:\/\/jornalfatosenoticias.com.br\/wp-content\/uploads\/2021\/02\/Piquet.jpg\",\"datePublished\":\"2021-02-19T17:30:58+00:00\",\"dateModified\":\"2021-02-19T17:31:02+00:00\",\"breadcrumb\":{\"@id\":\"https:\/\/jornalfatosenoticias.com.br\/index.php\/2021\/02\/19\/vereador-leandro-piquet-recebe-representantes-das-escolas-de-samba-na-camara-de-vitoria\/#breadcrumb\"},\"inLanguage\":\"pt-BR\",\"potentialAction\":[{\"@type\":\"ReadAction\",\"target\":[\"https:\/\/jornalfatosenoticias.com.br\/index.php\/2021\/02\/19\/vereador-leandro-piquet-recebe-representantes-das-escolas-de-samba-na-camara-de-vitoria\/\"]}]},{\"@type\":\"ImageObject\",\"inLanguage\":\"pt-BR\",\"@id\":\"https:\/\/jornalfatosenoticias.com.br\/index.php\/2021\/02\/19\/vereador-leandro-piquet-recebe-representantes-das-escolas-de-samba-na-camara-de-vitoria\/#primaryimage\",\"url\":\"https:\/\/jornalfatosenoticias.com.br\/wp-content\/uploads\/2021\/02\/Piquet.jpg\",\"contentUrl\":\"https:\/\/jornalfatosenoticias.com.br\/wp-content\/uploads\/2021\/02\/Piquet.jpg\",\"width\":1000,\"height\":760},{\"@type\":\"BreadcrumbList\",\"@id\":\"https:\/\/jornalfatosenoticias.com.br\/index.php\/2021\/02\/19\/vereador-leandro-piquet-recebe-representantes-das-escolas-de-samba-na-camara-de-vitoria\/#breadcrumb\",\"itemListElement\":[{\"@type\":\"ListItem\",\"position\":1,\"name\":\"In\u00edcio\",\"item\":\"https:\/\/jornalfatosenoticias.com.br\/\"},{\"@type\":\"ListItem\",\"position\":2,\"name\":\"Vereador Leandro Piquet recebe representantes das Escolas de Samba na C\u00e2mara de Vit\u00f3ria\"}]},{\"@type\":\"WebSite\",\"@id\":\"https:\/\/jornalfatosenoticias.com.br\/#website\",\"url\":\"https:\/\/jornalfatosenoticias.com.br\/\",\"name\":\"Jornal Fatos e Not\u00edcias\",\"description\":\"Not\u00edcias em geral\",\"publisher\":{\"@id\":\"https:\/\/jornalfatosenoticias.com.br\/#organization\"},\"potentialAction\":[{\"@type\":\"SearchAction\",\"target\":{\"@type\":\"EntryPoint\",\"urlTemplate\":\"https:\/\/jornalfatosenoticias.com.br\/?s={search_term_string}\"},\"query-input\":{\"@type\":\"PropertyValueSpecification\",\"valueRequired\":true,\"valueName\":\"search_term_string\"}}],\"inLanguage\":\"pt-BR\"},{\"@type\":\"Organization\",\"@id\":\"https:\/\/jornalfatosenoticias.com.br\/#organization\",\"name\":\"Jornal Fatos e Not\u00edcias\",\"url\":\"https:\/\/jornalfatosenoticias.com.br\/\",\"logo\":{\"@type\":\"ImageObject\",\"inLanguage\":\"pt-BR\",\"@id\":\"https:\/\/jornalfatosenoticias.com.br\/#\/schema\/logo\/image\/\",\"url\":\"https:\/\/jornalfatosenoticias.com.br\/wp-content\/uploads\/2020\/02\/logo120.png\",\"contentUrl\":\"https:\/\/jornalfatosenoticias.com.br\/wp-content\/uploads\/2020\/02\/logo120.png\",\"width\":1227,\"height\":120,\"caption\":\"Jornal Fatos e Not\u00edcias\"},\"image\":{\"@id\":\"https:\/\/jornalfatosenoticias.com.br\/#\/schema\/logo\/image\/\"}},{\"@type\":\"Person\",\"@id\":\"https:\/\/jornalfatosenoticias.com.br\/#\/schema\/person\/d63837fa13ac8666eb9e74e0985d6f81\",\"name\":\"Luzimara Fernandes\",\"image\":{\"@type\":\"ImageObject\",\"inLanguage\":\"pt-BR\",\"@id\":\"https:\/\/jornalfatosenoticias.com.br\/#\/schema\/person\/image\/\",\"url\":\"https:\/\/jornalfatosenoticias.com.br\/wp-content\/uploads\/2025\/05\/EU_portal.jpg\",\"contentUrl\":\"https:\/\/jornalfatosenoticias.com.br\/wp-content\/uploads\/2025\/05\/EU_portal.jpg\",\"caption\":\"Luzimara Fernandes\"},\"description\":\"Jornalista MTB 2358-ES\",\"sameAs\":[\"https:\/\/jornalfatosenoticias.com.br\"],\"url\":\"https:\/\/jornalfatosenoticias.com.br\/index.php\/author\/luzimara\/\"}]}<\/script>\n<!-- \/ Yoast SEO plugin. -->","yoast_head_json":{"title":"Vereador Leandro Piquet recebe representantes das Escolas de Samba na C\u00e2mara de Vit\u00f3ria - Jornal Fatos e Not\u00edcias","robots":{"index":"index","follow":"follow","max-snippet":"max-snippet:-1","max-image-preview":"max-image-preview:large","max-video-preview":"max-video-preview:-1"},"canonical":"https:\/\/jornalfatosenoticias.com.br\/index.php\/2021\/02\/19\/vereador-leandro-piquet-recebe-representantes-das-escolas-de-samba-na-camara-de-vitoria\/","og_locale":"pt_BR","og_type":"article","og_title":"Vereador Leandro Piquet recebe representantes das Escolas de Samba na C\u00e2mara de Vit\u00f3ria - Jornal Fatos e Not\u00edcias","og_description":"Na manh\u00e3 desta quinta-feira (18), o vereador Leandro Piquet (Republicanos) recebeu os presidentes das escolas de samba de Vit\u00f3ria e tamb\u00e9m a presid\u00eancia da Liga das Escolas de Samba do Grupo Especial (Liesge) para uma conversa na C\u00e2mara Municipal da Capital.As lideran\u00e7as do samba debateram sobre o futuro do Carnaval da cidade j\u00e1 que, por [&hellip;]","og_url":"https:\/\/jornalfatosenoticias.com.br\/index.php\/2021\/02\/19\/vereador-leandro-piquet-recebe-representantes-das-escolas-de-samba-na-camara-de-vitoria\/","og_site_name":"Jornal Fatos e Not\u00edcias","article_published_time":"2021-02-19T17:30:58+00:00","article_modified_time":"2021-02-19T17:31:02+00:00","og_image":[{"width":1000,"height":760,"url":"https:\/\/jornalfatosenoticias.com.br\/wp-content\/uploads\/2021\/02\/Piquet.jpg","type":"image\/jpeg"}],"author":"Luzimara Fernandes","twitter_card":"summary_large_image","twitter_misc":{"Escrito por":"Luzimara Fernandes","Est. tempo de leitura":"2 minutos"},"schema":{"@context":"https:\/\/schema.org","@graph":[{"@type":"Article","@id":"https:\/\/jornalfatosenoticias.com.br\/index.php\/2021\/02\/19\/vereador-leandro-piquet-recebe-representantes-das-escolas-de-samba-na-camara-de-vitoria\/#article","isPartOf":{"@id":"https:\/\/jornalfatosenoticias.com.br\/index.php\/2021\/02\/19\/vereador-leandro-piquet-recebe-representantes-das-escolas-de-samba-na-camara-de-vitoria\/"},"author":{"name":"Luzimara Fernandes","@id":"https:\/\/jornalfatosenoticias.com.br\/#\/schema\/person\/d63837fa13ac8666eb9e74e0985d6f81"},"headline":"Vereador Leandro Piquet recebe representantes das Escolas de Samba na C\u00e2mara de Vit\u00f3ria","datePublished":"2021-02-19T17:30:58+00:00","dateModified":"2021-02-19T17:31:02+00:00","mainEntityOfPage":{"@id":"https:\/\/jornalfatosenoticias.com.br\/index.php\/2021\/02\/19\/vereador-leandro-piquet-recebe-representantes-das-escolas-de-samba-na-camara-de-vitoria\/"},"wordCount":425,"commentCount":0,"publisher":{"@id":"https:\/\/jornalfatosenoticias.com.br\/#organization"},"image":{"@id":"https:\/\/jornalfatosenoticias.com.br\/index.php\/2021\/02\/19\/vereador-leandro-piquet-recebe-representantes-das-escolas-de-samba-na-camara-de-vitoria\/#primaryimage"},"thumbnailUrl":"https:\/\/jornalfatosenoticias.com.br\/wp-content\/uploads\/2021\/02\/Piquet.jpg","keywords":["C\u00e2mara de Vit\u00f3ria","escolas de samba de Vit\u00f3ria","Liesge","Samb\u00e3o do Povo"],"articleSection":["Pol\u00edtica"],"inLanguage":"pt-BR","potentialAction":[{"@type":"CommentAction","name":"Comment","target":["https:\/\/jornalfatosenoticias.com.br\/index.php\/2021\/02\/19\/vereador-leandro-piquet-recebe-representantes-das-escolas-de-samba-na-camara-de-vitoria\/#respond"]}]},{"@type":"WebPage","@id":"https:\/\/jornalfatosenoticias.com.br\/index.php\/2021\/02\/19\/vereador-leandro-piquet-recebe-representantes-das-escolas-de-samba-na-camara-de-vitoria\/","url":"https:\/\/jornalfatosenoticias.com.br\/index.php\/2021\/02\/19\/vereador-leandro-piquet-recebe-representantes-das-escolas-de-samba-na-camara-de-vitoria\/","name":"Vereador Leandro Piquet recebe representantes das Escolas de Samba na C\u00e2mara de Vit\u00f3ria - Jornal Fatos e Not\u00edcias","isPartOf":{"@id":"https:\/\/jornalfatosenoticias.com.br\/#website"},"primaryImageOfPage":{"@id":"https:\/\/jornalfatosenoticias.com.br\/index.php\/2021\/02\/19\/vereador-leandro-piquet-recebe-representantes-das-escolas-de-samba-na-camara-de-vitoria\/#primaryimage"},"image":{"@id":"https:\/\/jornalfatosenoticias.com.br\/index.php\/2021\/02\/19\/vereador-leandro-piquet-recebe-representantes-das-escolas-de-samba-na-camara-de-vitoria\/#primaryimage"},"thumbnailUrl":"https:\/\/jornalfatosenoticias.com.br\/wp-content\/uploads\/2021\/02\/Piquet.jpg","datePublished":"2021-02-19T17:30:58+00:00","dateModified":"2021-02-19T17:31:02+00:00","breadcrumb":{"@id":"https:\/\/jornalfatosenoticias.com.br\/index.php\/2021\/02\/19\/vereador-leandro-piquet-recebe-representantes-das-escolas-de-samba-na-camara-de-vitoria\/#breadcrumb"},"inLanguage":"pt-BR","potentialAction":[{"@type":"ReadAction","target":["https:\/\/jornalfatosenoticias.com.br\/index.php\/2021\/02\/19\/vereador-leandro-piquet-recebe-representantes-das-escolas-de-samba-na-camara-de-vitoria\/"]}]},{"@type":"ImageObject","inLanguage":"pt-BR","@id":"https:\/\/jornalfatosenoticias.com.br\/index.php\/2021\/02\/19\/vereador-leandro-piquet-recebe-representantes-das-escolas-de-samba-na-camara-de-vitoria\/#primaryimage","url":"https:\/\/jornalfatosenoticias.com.br\/wp-content\/uploads\/2021\/02\/Piquet.jpg","contentUrl":"https:\/\/jornalfatosenoticias.com.br\/wp-content\/uploads\/2021\/02\/Piquet.jpg","width":1000,"height":760},{"@type":"BreadcrumbList","@id":"https:\/\/jornalfatosenoticias.com.br\/index.php\/2021\/02\/19\/vereador-leandro-piquet-recebe-representantes-das-escolas-de-samba-na-camara-de-vitoria\/#breadcrumb","itemListElement":[{"@type":"ListItem","position":1,"name":"In\u00edcio","item":"https:\/\/jornalfatosenoticias.com.br\/"},{"@type":"ListItem","position":2,"name":"Vereador Leandro Piquet recebe representantes das Escolas de Samba na C\u00e2mara de Vit\u00f3ria"}]},{"@type":"WebSite","@id":"https:\/\/jornalfatosenoticias.com.br\/#website","url":"https:\/\/jornalfatosenoticias.com.br\/","name":"Jornal Fatos e Not\u00edcias","description":"Not\u00edcias em geral","publisher":{"@id":"https:\/\/jornalfatosenoticias.com.br\/#organization"},"potentialAction":[{"@type":"SearchAction","target":{"@type":"EntryPoint","urlTemplate":"https:\/\/jornalfatosenoticias.com.br\/?s={search_term_string}"},"query-input":{"@type":"PropertyValueSpecification","valueRequired":true,"valueName":"search_term_string"}}],"inLanguage":"pt-BR"},{"@type":"Organization","@id":"https:\/\/jornalfatosenoticias.com.br\/#organization","name":"Jornal Fatos e Not\u00edcias","url":"https:\/\/jornalfatosenoticias.com.br\/","logo":{"@type":"ImageObject","inLanguage":"pt-BR","@id":"https:\/\/jornalfatosenoticias.com.br\/#\/schema\/logo\/image\/","url":"https:\/\/jornalfatosenoticias.com.br\/wp-content\/uploads\/2020\/02\/logo120.png","contentUrl":"https:\/\/jornalfatosenoticias.com.br\/wp-content\/uploads\/2020\/02\/logo120.png","width":1227,"height":120,"caption":"Jornal Fatos e Not\u00edcias"},"image":{"@id":"https:\/\/jornalfatosenoticias.com.br\/#\/schema\/logo\/image\/"}},{"@type":"Person","@id":"https:\/\/jornalfatosenoticias.com.br\/#\/schema\/person\/d63837fa13ac8666eb9e74e0985d6f81","name":"Luzimara Fernandes","image":{"@type":"ImageObject","inLanguage":"pt-BR","@id":"https:\/\/jornalfatosenoticias.com.br\/#\/schema\/person\/image\/","url":"https:\/\/jornalfatosenoticias.com.br\/wp-content\/uploads\/2025\/05\/EU_portal.jpg","contentUrl":"https:\/\/jornalfatosenoticias.com.br\/wp-content\/uploads\/2025\/05\/EU_portal.jpg","caption":"Luzimara Fernandes"},"description":"Jornalista MTB 2358-ES","sameAs":["https:\/\/jornalfatosenoticias.com.br"],"url":"https:\/\/jornalfatosenoticias.com.br\/index.php\/author\/luzimara\/"}]}},"cc_featured_image_caption":{"caption_text":"(Foto: Divulga\u00e7\u00e3o)\r\n","source_text":"","source_url":""},"jetpack_featured_media_url":"https:\/\/jornalfatosenoticias.com.br\/wp-content\/uploads\/2021\/02\/Piquet.jpg","_links":{"self":[{"href":"https:\/\/jornalfatosenoticias.com.br\/index.php\/wp-json\/wp\/v2\/posts\/14918","targetHints":{"allow":["GET"]}}],"collection":[{"href":"https:\/\/jornalfatosenoticias.com.br\/index.php\/wp-json\/wp\/v2\/posts"}],"about":[{"href":"https:\/\/jornalfatosenoticias.com.br\/index.php\/wp-json\/wp\/v2\/types\/post"}],"author":[{"embeddable":true,"href":"https:\/\/jornalfatosenoticias.com.br\/index.php\/wp-json\/wp\/v2\/users\/2"}],"replies":[{"embeddable":true,"href":"https:\/\/jornalfatosenoticias.com.br\/index.php\/wp-json\/wp\/v2\/comments?post=14918"}],"version-history":[{"count":0,"href":"https:\/\/jornalfatosenoticias.com.br\/index.php\/wp-json\/wp\/v2\/posts\/14918\/revisions"}],"wp:featuredmedia":[{"embeddable":true,"href":"https:\/\/jornalfatosenoticias.com.br\/index.php\/wp-json\/wp\/v2\/media\/14919"}],"wp:attachment":[{"href":"https:\/\/jornalfatosenoticias.com.br\/index.php\/wp-json\/wp\/v2\/media?parent=14918"}],"wp:term":[{"taxonomy":"category","embeddable":true,"href":"https:\/\/jornalfatosenoticias.com.br\/index.php\/wp-json\/wp\/v2\/categories?post=14918"},{"taxonomy":"post_tag","embeddable":true,"href":"https:\/\/jornalfatosenoticias.com.br\/index.php\/wp-json\/wp\/v2\/tags?post=14918"}],"curies":[{"name":"wp","href":"https:\/\/api.w.org\/{rel}","templated":true}]}}