{"id":14966,"date":"2021-02-22T10:28:27","date_gmt":"2021-02-22T13:28:27","guid":{"rendered":"https:\/\/jornalfatosenoticias.com.br\/?p=14966"},"modified":"2021-02-22T10:28:33","modified_gmt":"2021-02-22T13:28:33","slug":"cientistas-conversam-pela-primeira-vez-com-pessoas-durante-o-sonho","status":"publish","type":"post","link":"https:\/\/jornalfatosenoticias.com.br\/index.php\/2021\/02\/22\/cientistas-conversam-pela-primeira-vez-com-pessoas-durante-o-sonho\/","title":{"rendered":"Cientistas \u201cconversam\u201d pela primeira vez com pessoas durante o sonho"},"content":{"rendered":"\n<p>Pela primeira vez, pesquisadores conseguiram abrir uma linha de comunica\u00e7\u00e3o bidirecional em tempo real com <a rel=\"noreferrer noopener\" href=\"https:\/\/olhardigital.com.br\/2020\/09\/24\/noticias\/sono-desregulado-causa-perda-cognitiva-saiba-quantas-horas-dormir\/\" target=\"_blank\">volunt\u00e1rios adormecidos<\/a>\u00a0durante um\u00a0<a rel=\"noreferrer noopener\" href=\"https:\/\/olhardigital.com.br\/2020\/07\/30\/noticias\/pesquisadores-criam-dispositivo-capaz-de-manipular-sonhos\/\" target=\"_blank\">sonho<\/a> l\u00facido, que \u00e9 quando algu\u00e9m se torna autoconsciente durante o sono. Ou seja, nesse estudo, os cientistas conseguiram \u201cconversar\u201d com pessoas que estavam dormindo e sonhando.<br>A experi\u00eancia \u00e9 semelhante \u00e0 vivida por personagens de \u201cA Origem\u201d ou <a href=\"https:\/\/olhardigital.com.br\/2019\/08\/21\/cinema-e-streaming\/o-que-esperar-do-novo-matrix\/\" target=\"_blank\" rel=\"noreferrer noopener\">\u201cMatrix\u201d<\/a>. Trata-se de uma excentricidade psicol\u00f3gica que h\u00e1 muito tempo desperta os interesses dos pesquisadores.<\/p>\n\n\n\n<h4 class=\"wp-block-heading\">Comunica\u00e7\u00e3o durante o sonho \u00e9 feita por movimentos oculares<\/h4>\n\n\n\n<p>Cientistas da Northwestern University e de v\u00e1rias institui\u00e7\u00f5es europeias puderam conversar com os chamados sonhadores l\u00facidos e fazer perguntas, recebendo respostas em tempo real na forma de movimentos oculares espec\u00edficos.<br>Os participantes da pesquisa, publicada na revista Current Biology, se comunicaram com cientistas movendo os olhos para a esquerda e para a direita. Al\u00e9m de responderem perguntas simples, alguns chegaram a resolver problemas matem\u00e1ticos.<br>Os sonhadores relataram ter ouvido as vozes dos pesquisadores como uma esp\u00e9cie de narrador intang\u00edvel, identificando-o claramente como algo vindo de fora de seu sonho.<br>Os cientistas conseguiram se comunicar com precis\u00e3o com os sonhadores cerca de 18% das vezes. No entanto, outros 20% produziram respostas incorretas ou incoerentes, sugerindo que havia pelo menos alguma forma de comunica\u00e7\u00e3o em andamento.<\/p>\n\n\n\n<figure class=\"wp-block-image size-large\"><img loading=\"lazy\" decoding=\"async\" width=\"1000\" height=\"666\" src=\"https:\/\/jornalfatosenoticias.com.br\/wp-content\/uploads\/2021\/02\/comunicacao-sonhos_pexels-ketut-subiyanto.jpg\" alt=\"\" class=\"wp-image-14967\" srcset=\"https:\/\/jornalfatosenoticias.com.br\/wp-content\/uploads\/2021\/02\/comunicacao-sonhos_pexels-ketut-subiyanto.jpg 1000w, https:\/\/jornalfatosenoticias.com.br\/wp-content\/uploads\/2021\/02\/comunicacao-sonhos_pexels-ketut-subiyanto-300x200.jpg 300w, https:\/\/jornalfatosenoticias.com.br\/wp-content\/uploads\/2021\/02\/comunicacao-sonhos_pexels-ketut-subiyanto-768x511.jpg 768w\" sizes=\"auto, (max-width: 1000px) 100vw, 1000px\" \/><figcaption><em>Volunt\u00e1rios se comunicaram por meio de movimentos oculares (Foto: Pexels\/Ketut Subiyanto)<\/em><\/figcaption><\/figure>\n\n\n\n<h4 class=\"wp-block-heading\">Estudo pode desvendar mist\u00e9rios sobre a estrutura do sono<\/h4>\n\n\n\n<p>Para Karen Konkoly, autora principal da pesquisa, comemora os resultados. \u201c\u00c9 um tipo de experimento imediatamente gratificante de se fazer. Voc\u00ea n\u00e3o precisa esperar para analisar seus dados ou algo parecido. Voc\u00ea pode ver isso a\u00ed enquanto eles ainda est\u00e3o dormindo\u201d, afirmou.<br>Estudos deste tipo pode ajudar os pesquisadores a obter um novo n\u00edvel de percep\u00e7\u00e3o sobre o conte\u00fado e a estrutura do sono \u2013 sem mencionar a abertura de novas fronteiras para a tecnologia, entretenimento e, quem sabe, at\u00e9 mesmo comercializa\u00e7\u00e3o de sonhos.<\/p>\n\n\n\n<p><strong><em>Fonte: <a href=\"https:\/\/olhardigital.com.br\/2021\/02\/21\/medicina-e-saude\/cientistas-conversam-pela-primeira-vez-com-pessoas-durante-o-sonho\/\">Olhar Digital<\/a><\/em><\/strong><\/p>\n","protected":false},"excerpt":{"rendered":"<p>Pela primeira vez, pesquisadores conseguiram abrir uma linha de comunica\u00e7\u00e3o bidirecional em tempo real com volunt\u00e1rios adormecidos\u00a0durante um\u00a0sonho l\u00facido, que \u00e9 quando algu\u00e9m se torna autoconsciente durante o sono. Ou seja, nesse estudo, os cientistas conseguiram \u201cconversar\u201d com pessoas que estavam dormindo e sonhando.A experi\u00eancia \u00e9 semelhante \u00e0 vivida por personagens de \u201cA Origem\u201d ou [&hellip;]<\/p>\n","protected":false},"author":2,"featured_media":14968,"comment_status":"open","ping_status":"open","sticky":false,"template":"","format":"standard","meta":{"footnotes":""},"categories":[2522],"tags":[166,714,2251,1138],"class_list":["post-14966","post","type-post","status-publish","format-standard","has-post-thumbnail","hentry","category-comportamento","tag-ciencia","tag-estudo","tag-sonhos","tag-sono"],"yoast_head":"<!-- This site is optimized with the Yoast SEO plugin v26.5 - https:\/\/yoast.com\/wordpress\/plugins\/seo\/ -->\n<title>Cientistas \u201cconversam\u201d pela primeira vez com pessoas durante o sonho - Jornal Fatos e Not\u00edcias<\/title>\n<meta name=\"robots\" content=\"index, follow, max-snippet:-1, max-image-preview:large, max-video-preview:-1\" \/>\n<link rel=\"canonical\" href=\"https:\/\/jornalfatosenoticias.com.br\/index.php\/2021\/02\/22\/cientistas-conversam-pela-primeira-vez-com-pessoas-durante-o-sonho\/\" \/>\n<meta property=\"og:locale\" content=\"pt_BR\" \/>\n<meta property=\"og:type\" content=\"article\" \/>\n<meta property=\"og:title\" content=\"Cientistas \u201cconversam\u201d pela primeira vez com pessoas durante o sonho - Jornal Fatos e Not\u00edcias\" \/>\n<meta property=\"og:description\" content=\"Pela primeira vez, pesquisadores conseguiram abrir uma linha de comunica\u00e7\u00e3o bidirecional em tempo real com volunt\u00e1rios adormecidos\u00a0durante um\u00a0sonho l\u00facido, que \u00e9 quando algu\u00e9m se torna autoconsciente durante o sono. Ou seja, nesse estudo, os cientistas conseguiram \u201cconversar\u201d com pessoas que estavam dormindo e sonhando.A experi\u00eancia \u00e9 semelhante \u00e0 vivida por personagens de \u201cA Origem\u201d ou [&hellip;]\" \/>\n<meta property=\"og:url\" content=\"https:\/\/jornalfatosenoticias.com.br\/index.php\/2021\/02\/22\/cientistas-conversam-pela-primeira-vez-com-pessoas-durante-o-sonho\/\" \/>\n<meta property=\"og:site_name\" content=\"Jornal Fatos e Not\u00edcias\" \/>\n<meta property=\"article:published_time\" content=\"2021-02-22T13:28:27+00:00\" \/>\n<meta property=\"article:modified_time\" content=\"2021-02-22T13:28:33+00:00\" \/>\n<meta property=\"og:image\" content=\"https:\/\/jornalfatosenoticias.com.br\/wp-content\/uploads\/2021\/02\/COMUNICACAO_SONHO.jpeg\" \/>\n\t<meta property=\"og:image:width\" content=\"1000\" \/>\n\t<meta property=\"og:image:height\" content=\"666\" \/>\n\t<meta property=\"og:image:type\" content=\"image\/jpeg\" \/>\n<meta name=\"author\" content=\"Luzimara Fernandes\" \/>\n<meta name=\"twitter:card\" content=\"summary_large_image\" \/>\n<meta name=\"twitter:label1\" content=\"Escrito por\" \/>\n\t<meta name=\"twitter:data1\" content=\"Luzimara Fernandes\" \/>\n\t<meta name=\"twitter:label2\" content=\"Est. tempo de leitura\" \/>\n\t<meta name=\"twitter:data2\" content=\"2 minutos\" \/>\n<script type=\"application\/ld+json\" class=\"yoast-schema-graph\">{\"@context\":\"https:\/\/schema.org\",\"@graph\":[{\"@type\":\"Article\",\"@id\":\"https:\/\/jornalfatosenoticias.com.br\/index.php\/2021\/02\/22\/cientistas-conversam-pela-primeira-vez-com-pessoas-durante-o-sonho\/#article\",\"isPartOf\":{\"@id\":\"https:\/\/jornalfatosenoticias.com.br\/index.php\/2021\/02\/22\/cientistas-conversam-pela-primeira-vez-com-pessoas-durante-o-sonho\/\"},\"author\":{\"name\":\"Luzimara Fernandes\",\"@id\":\"https:\/\/jornalfatosenoticias.com.br\/#\/schema\/person\/d63837fa13ac8666eb9e74e0985d6f81\"},\"headline\":\"Cientistas \u201cconversam\u201d pela primeira vez com pessoas durante o sonho\",\"datePublished\":\"2021-02-22T13:28:27+00:00\",\"dateModified\":\"2021-02-22T13:28:33+00:00\",\"mainEntityOfPage\":{\"@id\":\"https:\/\/jornalfatosenoticias.com.br\/index.php\/2021\/02\/22\/cientistas-conversam-pela-primeira-vez-com-pessoas-durante-o-sonho\/\"},\"wordCount\":341,\"commentCount\":0,\"publisher\":{\"@id\":\"https:\/\/jornalfatosenoticias.com.br\/#organization\"},\"image\":{\"@id\":\"https:\/\/jornalfatosenoticias.com.br\/index.php\/2021\/02\/22\/cientistas-conversam-pela-primeira-vez-com-pessoas-durante-o-sonho\/#primaryimage\"},\"thumbnailUrl\":\"https:\/\/jornalfatosenoticias.com.br\/wp-content\/uploads\/2021\/02\/COMUNICACAO_SONHO.jpeg\",\"keywords\":[\"ci\u00eancia\",\"Estudo\",\"sonhos\",\"sono\"],\"articleSection\":[\"Comportamento &amp; Equil\u00edbrio\"],\"inLanguage\":\"pt-BR\",\"potentialAction\":[{\"@type\":\"CommentAction\",\"name\":\"Comment\",\"target\":[\"https:\/\/jornalfatosenoticias.com.br\/index.php\/2021\/02\/22\/cientistas-conversam-pela-primeira-vez-com-pessoas-durante-o-sonho\/#respond\"]}]},{\"@type\":\"WebPage\",\"@id\":\"https:\/\/jornalfatosenoticias.com.br\/index.php\/2021\/02\/22\/cientistas-conversam-pela-primeira-vez-com-pessoas-durante-o-sonho\/\",\"url\":\"https:\/\/jornalfatosenoticias.com.br\/index.php\/2021\/02\/22\/cientistas-conversam-pela-primeira-vez-com-pessoas-durante-o-sonho\/\",\"name\":\"Cientistas \u201cconversam\u201d pela primeira vez com pessoas durante o sonho - Jornal Fatos e Not\u00edcias\",\"isPartOf\":{\"@id\":\"https:\/\/jornalfatosenoticias.com.br\/#website\"},\"primaryImageOfPage\":{\"@id\":\"https:\/\/jornalfatosenoticias.com.br\/index.php\/2021\/02\/22\/cientistas-conversam-pela-primeira-vez-com-pessoas-durante-o-sonho\/#primaryimage\"},\"image\":{\"@id\":\"https:\/\/jornalfatosenoticias.com.br\/index.php\/2021\/02\/22\/cientistas-conversam-pela-primeira-vez-com-pessoas-durante-o-sonho\/#primaryimage\"},\"thumbnailUrl\":\"https:\/\/jornalfatosenoticias.com.br\/wp-content\/uploads\/2021\/02\/COMUNICACAO_SONHO.jpeg\",\"datePublished\":\"2021-02-22T13:28:27+00:00\",\"dateModified\":\"2021-02-22T13:28:33+00:00\",\"breadcrumb\":{\"@id\":\"https:\/\/jornalfatosenoticias.com.br\/index.php\/2021\/02\/22\/cientistas-conversam-pela-primeira-vez-com-pessoas-durante-o-sonho\/#breadcrumb\"},\"inLanguage\":\"pt-BR\",\"potentialAction\":[{\"@type\":\"ReadAction\",\"target\":[\"https:\/\/jornalfatosenoticias.com.br\/index.php\/2021\/02\/22\/cientistas-conversam-pela-primeira-vez-com-pessoas-durante-o-sonho\/\"]}]},{\"@type\":\"ImageObject\",\"inLanguage\":\"pt-BR\",\"@id\":\"https:\/\/jornalfatosenoticias.com.br\/index.php\/2021\/02\/22\/cientistas-conversam-pela-primeira-vez-com-pessoas-durante-o-sonho\/#primaryimage\",\"url\":\"https:\/\/jornalfatosenoticias.com.br\/wp-content\/uploads\/2021\/02\/COMUNICACAO_SONHO.jpeg\",\"contentUrl\":\"https:\/\/jornalfatosenoticias.com.br\/wp-content\/uploads\/2021\/02\/COMUNICACAO_SONHO.jpeg\",\"width\":1000,\"height\":666},{\"@type\":\"BreadcrumbList\",\"@id\":\"https:\/\/jornalfatosenoticias.com.br\/index.php\/2021\/02\/22\/cientistas-conversam-pela-primeira-vez-com-pessoas-durante-o-sonho\/#breadcrumb\",\"itemListElement\":[{\"@type\":\"ListItem\",\"position\":1,\"name\":\"In\u00edcio\",\"item\":\"https:\/\/jornalfatosenoticias.com.br\/\"},{\"@type\":\"ListItem\",\"position\":2,\"name\":\"Cientistas \u201cconversam\u201d pela primeira vez com pessoas durante o sonho\"}]},{\"@type\":\"WebSite\",\"@id\":\"https:\/\/jornalfatosenoticias.com.br\/#website\",\"url\":\"https:\/\/jornalfatosenoticias.com.br\/\",\"name\":\"Jornal Fatos e Not\u00edcias\",\"description\":\"Not\u00edcias em geral\",\"publisher\":{\"@id\":\"https:\/\/jornalfatosenoticias.com.br\/#organization\"},\"potentialAction\":[{\"@type\":\"SearchAction\",\"target\":{\"@type\":\"EntryPoint\",\"urlTemplate\":\"https:\/\/jornalfatosenoticias.com.br\/?s={search_term_string}\"},\"query-input\":{\"@type\":\"PropertyValueSpecification\",\"valueRequired\":true,\"valueName\":\"search_term_string\"}}],\"inLanguage\":\"pt-BR\"},{\"@type\":\"Organization\",\"@id\":\"https:\/\/jornalfatosenoticias.com.br\/#organization\",\"name\":\"Jornal Fatos e Not\u00edcias\",\"url\":\"https:\/\/jornalfatosenoticias.com.br\/\",\"logo\":{\"@type\":\"ImageObject\",\"inLanguage\":\"pt-BR\",\"@id\":\"https:\/\/jornalfatosenoticias.com.br\/#\/schema\/logo\/image\/\",\"url\":\"https:\/\/jornalfatosenoticias.com.br\/wp-content\/uploads\/2020\/02\/logo120.png\",\"contentUrl\":\"https:\/\/jornalfatosenoticias.com.br\/wp-content\/uploads\/2020\/02\/logo120.png\",\"width\":1227,\"height\":120,\"caption\":\"Jornal Fatos e Not\u00edcias\"},\"image\":{\"@id\":\"https:\/\/jornalfatosenoticias.com.br\/#\/schema\/logo\/image\/\"}},{\"@type\":\"Person\",\"@id\":\"https:\/\/jornalfatosenoticias.com.br\/#\/schema\/person\/d63837fa13ac8666eb9e74e0985d6f81\",\"name\":\"Luzimara Fernandes\",\"image\":{\"@type\":\"ImageObject\",\"inLanguage\":\"pt-BR\",\"@id\":\"https:\/\/jornalfatosenoticias.com.br\/#\/schema\/person\/image\/\",\"url\":\"https:\/\/jornalfatosenoticias.com.br\/wp-content\/uploads\/2025\/05\/EU_portal.jpg\",\"contentUrl\":\"https:\/\/jornalfatosenoticias.com.br\/wp-content\/uploads\/2025\/05\/EU_portal.jpg\",\"caption\":\"Luzimara Fernandes\"},\"description\":\"Jornalista MTB 2358-ES\",\"sameAs\":[\"https:\/\/jornalfatosenoticias.com.br\"],\"url\":\"https:\/\/jornalfatosenoticias.com.br\/index.php\/author\/luzimara\/\"}]}<\/script>\n<!-- \/ Yoast SEO plugin. -->","yoast_head_json":{"title":"Cientistas \u201cconversam\u201d pela primeira vez com pessoas durante o sonho - Jornal Fatos e Not\u00edcias","robots":{"index":"index","follow":"follow","max-snippet":"max-snippet:-1","max-image-preview":"max-image-preview:large","max-video-preview":"max-video-preview:-1"},"canonical":"https:\/\/jornalfatosenoticias.com.br\/index.php\/2021\/02\/22\/cientistas-conversam-pela-primeira-vez-com-pessoas-durante-o-sonho\/","og_locale":"pt_BR","og_type":"article","og_title":"Cientistas \u201cconversam\u201d pela primeira vez com pessoas durante o sonho - Jornal Fatos e Not\u00edcias","og_description":"Pela primeira vez, pesquisadores conseguiram abrir uma linha de comunica\u00e7\u00e3o bidirecional em tempo real com volunt\u00e1rios adormecidos\u00a0durante um\u00a0sonho l\u00facido, que \u00e9 quando algu\u00e9m se torna autoconsciente durante o sono. Ou seja, nesse estudo, os cientistas conseguiram \u201cconversar\u201d com pessoas que estavam dormindo e sonhando.A experi\u00eancia \u00e9 semelhante \u00e0 vivida por personagens de \u201cA Origem\u201d ou [&hellip;]","og_url":"https:\/\/jornalfatosenoticias.com.br\/index.php\/2021\/02\/22\/cientistas-conversam-pela-primeira-vez-com-pessoas-durante-o-sonho\/","og_site_name":"Jornal Fatos e Not\u00edcias","article_published_time":"2021-02-22T13:28:27+00:00","article_modified_time":"2021-02-22T13:28:33+00:00","og_image":[{"width":1000,"height":666,"url":"https:\/\/jornalfatosenoticias.com.br\/wp-content\/uploads\/2021\/02\/COMUNICACAO_SONHO.jpeg","type":"image\/jpeg"}],"author":"Luzimara Fernandes","twitter_card":"summary_large_image","twitter_misc":{"Escrito por":"Luzimara Fernandes","Est. tempo de leitura":"2 minutos"},"schema":{"@context":"https:\/\/schema.org","@graph":[{"@type":"Article","@id":"https:\/\/jornalfatosenoticias.com.br\/index.php\/2021\/02\/22\/cientistas-conversam-pela-primeira-vez-com-pessoas-durante-o-sonho\/#article","isPartOf":{"@id":"https:\/\/jornalfatosenoticias.com.br\/index.php\/2021\/02\/22\/cientistas-conversam-pela-primeira-vez-com-pessoas-durante-o-sonho\/"},"author":{"name":"Luzimara Fernandes","@id":"https:\/\/jornalfatosenoticias.com.br\/#\/schema\/person\/d63837fa13ac8666eb9e74e0985d6f81"},"headline":"Cientistas \u201cconversam\u201d pela primeira vez com pessoas durante o sonho","datePublished":"2021-02-22T13:28:27+00:00","dateModified":"2021-02-22T13:28:33+00:00","mainEntityOfPage":{"@id":"https:\/\/jornalfatosenoticias.com.br\/index.php\/2021\/02\/22\/cientistas-conversam-pela-primeira-vez-com-pessoas-durante-o-sonho\/"},"wordCount":341,"commentCount":0,"publisher":{"@id":"https:\/\/jornalfatosenoticias.com.br\/#organization"},"image":{"@id":"https:\/\/jornalfatosenoticias.com.br\/index.php\/2021\/02\/22\/cientistas-conversam-pela-primeira-vez-com-pessoas-durante-o-sonho\/#primaryimage"},"thumbnailUrl":"https:\/\/jornalfatosenoticias.com.br\/wp-content\/uploads\/2021\/02\/COMUNICACAO_SONHO.jpeg","keywords":["ci\u00eancia","Estudo","sonhos","sono"],"articleSection":["Comportamento &amp; Equil\u00edbrio"],"inLanguage":"pt-BR","potentialAction":[{"@type":"CommentAction","name":"Comment","target":["https:\/\/jornalfatosenoticias.com.br\/index.php\/2021\/02\/22\/cientistas-conversam-pela-primeira-vez-com-pessoas-durante-o-sonho\/#respond"]}]},{"@type":"WebPage","@id":"https:\/\/jornalfatosenoticias.com.br\/index.php\/2021\/02\/22\/cientistas-conversam-pela-primeira-vez-com-pessoas-durante-o-sonho\/","url":"https:\/\/jornalfatosenoticias.com.br\/index.php\/2021\/02\/22\/cientistas-conversam-pela-primeira-vez-com-pessoas-durante-o-sonho\/","name":"Cientistas \u201cconversam\u201d pela primeira vez com pessoas durante o sonho - Jornal Fatos e Not\u00edcias","isPartOf":{"@id":"https:\/\/jornalfatosenoticias.com.br\/#website"},"primaryImageOfPage":{"@id":"https:\/\/jornalfatosenoticias.com.br\/index.php\/2021\/02\/22\/cientistas-conversam-pela-primeira-vez-com-pessoas-durante-o-sonho\/#primaryimage"},"image":{"@id":"https:\/\/jornalfatosenoticias.com.br\/index.php\/2021\/02\/22\/cientistas-conversam-pela-primeira-vez-com-pessoas-durante-o-sonho\/#primaryimage"},"thumbnailUrl":"https:\/\/jornalfatosenoticias.com.br\/wp-content\/uploads\/2021\/02\/COMUNICACAO_SONHO.jpeg","datePublished":"2021-02-22T13:28:27+00:00","dateModified":"2021-02-22T13:28:33+00:00","breadcrumb":{"@id":"https:\/\/jornalfatosenoticias.com.br\/index.php\/2021\/02\/22\/cientistas-conversam-pela-primeira-vez-com-pessoas-durante-o-sonho\/#breadcrumb"},"inLanguage":"pt-BR","potentialAction":[{"@type":"ReadAction","target":["https:\/\/jornalfatosenoticias.com.br\/index.php\/2021\/02\/22\/cientistas-conversam-pela-primeira-vez-com-pessoas-durante-o-sonho\/"]}]},{"@type":"ImageObject","inLanguage":"pt-BR","@id":"https:\/\/jornalfatosenoticias.com.br\/index.php\/2021\/02\/22\/cientistas-conversam-pela-primeira-vez-com-pessoas-durante-o-sonho\/#primaryimage","url":"https:\/\/jornalfatosenoticias.com.br\/wp-content\/uploads\/2021\/02\/COMUNICACAO_SONHO.jpeg","contentUrl":"https:\/\/jornalfatosenoticias.com.br\/wp-content\/uploads\/2021\/02\/COMUNICACAO_SONHO.jpeg","width":1000,"height":666},{"@type":"BreadcrumbList","@id":"https:\/\/jornalfatosenoticias.com.br\/index.php\/2021\/02\/22\/cientistas-conversam-pela-primeira-vez-com-pessoas-durante-o-sonho\/#breadcrumb","itemListElement":[{"@type":"ListItem","position":1,"name":"In\u00edcio","item":"https:\/\/jornalfatosenoticias.com.br\/"},{"@type":"ListItem","position":2,"name":"Cientistas \u201cconversam\u201d pela primeira vez com pessoas durante o sonho"}]},{"@type":"WebSite","@id":"https:\/\/jornalfatosenoticias.com.br\/#website","url":"https:\/\/jornalfatosenoticias.com.br\/","name":"Jornal Fatos e Not\u00edcias","description":"Not\u00edcias em geral","publisher":{"@id":"https:\/\/jornalfatosenoticias.com.br\/#organization"},"potentialAction":[{"@type":"SearchAction","target":{"@type":"EntryPoint","urlTemplate":"https:\/\/jornalfatosenoticias.com.br\/?s={search_term_string}"},"query-input":{"@type":"PropertyValueSpecification","valueRequired":true,"valueName":"search_term_string"}}],"inLanguage":"pt-BR"},{"@type":"Organization","@id":"https:\/\/jornalfatosenoticias.com.br\/#organization","name":"Jornal Fatos e Not\u00edcias","url":"https:\/\/jornalfatosenoticias.com.br\/","logo":{"@type":"ImageObject","inLanguage":"pt-BR","@id":"https:\/\/jornalfatosenoticias.com.br\/#\/schema\/logo\/image\/","url":"https:\/\/jornalfatosenoticias.com.br\/wp-content\/uploads\/2020\/02\/logo120.png","contentUrl":"https:\/\/jornalfatosenoticias.com.br\/wp-content\/uploads\/2020\/02\/logo120.png","width":1227,"height":120,"caption":"Jornal Fatos e Not\u00edcias"},"image":{"@id":"https:\/\/jornalfatosenoticias.com.br\/#\/schema\/logo\/image\/"}},{"@type":"Person","@id":"https:\/\/jornalfatosenoticias.com.br\/#\/schema\/person\/d63837fa13ac8666eb9e74e0985d6f81","name":"Luzimara Fernandes","image":{"@type":"ImageObject","inLanguage":"pt-BR","@id":"https:\/\/jornalfatosenoticias.com.br\/#\/schema\/person\/image\/","url":"https:\/\/jornalfatosenoticias.com.br\/wp-content\/uploads\/2025\/05\/EU_portal.jpg","contentUrl":"https:\/\/jornalfatosenoticias.com.br\/wp-content\/uploads\/2025\/05\/EU_portal.jpg","caption":"Luzimara Fernandes"},"description":"Jornalista MTB 2358-ES","sameAs":["https:\/\/jornalfatosenoticias.com.br"],"url":"https:\/\/jornalfatosenoticias.com.br\/index.php\/author\/luzimara\/"}]}},"cc_featured_image_caption":{"caption_text":"(Foto: Pexels)","source_text":"","source_url":""},"jetpack_featured_media_url":"https:\/\/jornalfatosenoticias.com.br\/wp-content\/uploads\/2021\/02\/COMUNICACAO_SONHO.jpeg","_links":{"self":[{"href":"https:\/\/jornalfatosenoticias.com.br\/index.php\/wp-json\/wp\/v2\/posts\/14966","targetHints":{"allow":["GET"]}}],"collection":[{"href":"https:\/\/jornalfatosenoticias.com.br\/index.php\/wp-json\/wp\/v2\/posts"}],"about":[{"href":"https:\/\/jornalfatosenoticias.com.br\/index.php\/wp-json\/wp\/v2\/types\/post"}],"author":[{"embeddable":true,"href":"https:\/\/jornalfatosenoticias.com.br\/index.php\/wp-json\/wp\/v2\/users\/2"}],"replies":[{"embeddable":true,"href":"https:\/\/jornalfatosenoticias.com.br\/index.php\/wp-json\/wp\/v2\/comments?post=14966"}],"version-history":[{"count":0,"href":"https:\/\/jornalfatosenoticias.com.br\/index.php\/wp-json\/wp\/v2\/posts\/14966\/revisions"}],"wp:featuredmedia":[{"embeddable":true,"href":"https:\/\/jornalfatosenoticias.com.br\/index.php\/wp-json\/wp\/v2\/media\/14968"}],"wp:attachment":[{"href":"https:\/\/jornalfatosenoticias.com.br\/index.php\/wp-json\/wp\/v2\/media?parent=14966"}],"wp:term":[{"taxonomy":"category","embeddable":true,"href":"https:\/\/jornalfatosenoticias.com.br\/index.php\/wp-json\/wp\/v2\/categories?post=14966"},{"taxonomy":"post_tag","embeddable":true,"href":"https:\/\/jornalfatosenoticias.com.br\/index.php\/wp-json\/wp\/v2\/tags?post=14966"}],"curies":[{"name":"wp","href":"https:\/\/api.w.org\/{rel}","templated":true}]}}