{"id":14970,"date":"2021-02-22T10:43:20","date_gmt":"2021-02-22T13:43:20","guid":{"rendered":"https:\/\/jornalfatosenoticias.com.br\/?p=14970"},"modified":"2021-02-22T10:43:20","modified_gmt":"2021-02-22T13:43:20","slug":"por-que-devemos-abolir-o-termo-judiar-do-nosso-vocabulario","status":"publish","type":"post","link":"https:\/\/jornalfatosenoticias.com.br\/index.php\/2021\/02\/22\/por-que-devemos-abolir-o-termo-judiar-do-nosso-vocabulario\/","title":{"rendered":"Por que devemos abolir o termo &#8216;judiar&#8217; do nosso vocabul\u00e1rio?"},"content":{"rendered":"\n<h6 class=\"wp-block-heading\"><em>A origem antissemita da palavra nos leva de volta a um dos momentos mais sombrios da humanidade<\/em><\/h6>\n\n\n\n<p>Conforme evolu\u00edmos como sociedade, pr\u00e1ticas que antes eram vistas como normais e aceit\u00e1veis, hoje j\u00e1 s\u00e3o encaradas de modo hostil. Nessa lista de atitudes politicamente incorretas, n\u00e3o podemos esquecer alguns termos e express\u00f5es que \u2018envelheceram mal\u2019.<br>Assim como a palavra \u2018denegrir\u2019, fortemente associada \u00e0 deprecia\u00e7\u00e3o dos negros, n\u00e3o \u00e9 t\u00e3o bem aceita em tempos atuais, outras pe\u00e7as do nosso vocabul\u00e1rio, que parecem inofensivas, carregam com si uma origem, no m\u00ednimo, controversa.<\/p>\n\n\n\n<h4 class=\"wp-block-heading\">Devemos abolir a palavra \u2018judiar\u2019<\/h4>\n\n\n\n<p>O dicion\u00e1rio brasileiro define \u2018judiar\u2019 como: maltratar, atormentar, zombar, fazer sofrer. A princ\u00edpio, para muitos, o termo pode parecer banal como outro qualquer, mas devemos olhar mais a fundo. A palavra \u00e9 composta por \u2018judeu\u2019 e o sufixo \u2018iar\u2019, trazendo consigo uma carga ofensiva que nos remonta a um per\u00edodo sombrio do s\u00e9culo 20.<br>Apesar de n\u00e3o ter nascido no s\u00e9culo 20 e, muito menos, na Segunda Guerra, de fato o antissemitismo se tornou mais forte e popular nessa \u00e9poca. O preconceito contra judeus levou \u00e0 morte de milh\u00f5es de pessoas, nos terr\u00edveis <a href=\"https:\/\/aventurasnahistoria.uol.com.br\/noticias\/almanaque\/20-obras-horrores-cometidos-campo-de-concentracao-auschwitz.phtml\" rel=\"noreferrer noopener\" target=\"_blank\">campos de concentra\u00e7\u00e3o<\/a>\u00a0da Alemanha Nazista, como o de\u00a0<a href=\"https:\/\/aventurasnahistoria.uol.com.br\/noticias\/reportagem\/a-vida-me-compensou-de-verdade-andor-stern-o-sobrevivente-brasileiro-de-auschwitz.phtml\" rel=\"noreferrer noopener\" target=\"_blank\">Auschwitz<\/a>.<br>Basta uma pequena an\u00e1lise para notar que a palavra \u2018judiar\u2019 faz refer\u00eancia ao tratamento desumano que os <a href=\"https:\/\/aventurasnahistoria.uol.com.br\/noticias\/reportagem\/minha-mae-costumava-dizer-que-auschwitz-sempre-estava-sentado-nossa-mesa-na-cozinha-relata-filho-de-sobrevivente-de-campo-de-concentracao.phtml\" rel=\"noreferrer noopener\" target=\"_blank\">judeus<\/a>\u00a0sofreram durante o\u00a0<a href=\"https:\/\/aventurasnahistoria.uol.com.br\/noticias\/reportagem\/o-diario-e-um-espelho-para-a-sociedade-a-importancia-dos-relatos-de-anne-frank-para-jovens-leitores.phtml\" rel=\"noreferrer noopener\" target=\"_blank\">Holocausto<\/a>. Logo, algu\u00e9m que judia de outro ser humano est\u00e1 tratando esta pessoa como os judeus foram tratados.<br>Muito antes da implos\u00e3o da guerra, o tratamento feroz contra os judeus j\u00e1 estava estabelecido em meio aos povos de diferentes partes do mundo.<\/p>\n\n\n\n<figure class=\"wp-block-image size-large\"><img loading=\"lazy\" decoding=\"async\" width=\"1000\" height=\"562\" src=\"https:\/\/jornalfatosenoticias.com.br\/wp-content\/uploads\/2021\/02\/auschwitz.jpg\" alt=\"\" class=\"wp-image-14971\" srcset=\"https:\/\/jornalfatosenoticias.com.br\/wp-content\/uploads\/2021\/02\/auschwitz.jpg 1000w, https:\/\/jornalfatosenoticias.com.br\/wp-content\/uploads\/2021\/02\/auschwitz-300x169.jpg 300w, https:\/\/jornalfatosenoticias.com.br\/wp-content\/uploads\/2021\/02\/auschwitz-768x432.jpg 768w\" sizes=\"auto, (max-width: 1000px) 100vw, 1000px\" \/><figcaption><em>Entrada de trem de Auschwitz (Foto: Getty Images)<\/em><\/figcaption><\/figure>\n\n\n\n<p>\u201cO mais terr\u00edvel s\u00e3o as vers\u00f5es das acusa\u00e7\u00f5es de assassinato ritual, ofensa fantasiosa em que judeus continuam a crucificar vers\u00f5es de Cristo, depois disseminadas na Idade M\u00e9dia. Come\u00e7ou cedo a apresenta\u00e7\u00e3o dos judeus como vampiros religiosos, que t\u00eam de torturar crian\u00e7as, crucific\u00e1-las e despejar seu sangue. Isso persiste\u201d, disse Simon Schama, historiador brit\u00e2nico, em entrevista ao site \u00c9poca em 2005.<br>Dentre muitas minorias, no entanto, os judeus se destacavam por suas heran\u00e7as e vidas economicamente promissoras, algo visto como uma amea\u00e7a. Hannah Arendt, fil\u00f3sofa alem\u00e3, explica que \u201co antissemitismo alcan\u00e7ou o seu cl\u00edmax quando os judeus haviam, de modo an\u00e1logo, perdido as fun\u00e7\u00f5es p\u00fablicas e a influ\u00eancia, e quando nada lhes restava sen\u00e3o sua riqueza\u201d.<br>Reproduzir o termo \u2018judiar\u2019 \u00e9 perpetuar uma ideia err\u00f4nea de que um povo deve sofrer por conta de suas cren\u00e7as religiosas. Assim, maltratar algu\u00e9m \u00e9 saudar os momentos de horror a que milh\u00f5es foram submetidos.<br>A melhor solu\u00e7\u00e3o talvez seja substituir a express\u00e3o por outras que possuem um significado semelhante: ao inv\u00e9s de \u2018judiar\u2019, use sin\u00f4nimos. Prefira \u2018maltratar\u2019, \u2018importunar\u2019, \u2018provocar\u2019. Gestos simples que ajudam a manter a mem\u00f3ria de um tempo marcado pela intoler\u00e2ncia e o respeito pelas vidas ceifadas no passado.<\/p>\n\n\n\n<p><strong><em>Fonte: <a href=\"https:\/\/aventurasnahistoria.uol.com.br\/noticias\/almanaque\/por-que-devemos-abolir-o-termo-judiar-do-nosso-vocabulario.phtml\">Aventuras na Hist\u00f3ria<\/a><\/em><\/strong><\/p>\n","protected":false},"excerpt":{"rendered":"<p>A origem antissemita da palavra nos leva de volta a um dos momentos mais sombrios da humanidade Conforme evolu\u00edmos como sociedade, pr\u00e1ticas que antes eram vistas como normais e aceit\u00e1veis, hoje j\u00e1 s\u00e3o encaradas de modo hostil. Nessa lista de atitudes politicamente incorretas, n\u00e3o podemos esquecer alguns termos e express\u00f5es que \u2018envelheceram mal\u2019.Assim como a [&hellip;]<\/p>\n","protected":false},"author":2,"featured_media":14972,"comment_status":"open","ping_status":"open","sticky":false,"template":"","format":"standard","meta":{"footnotes":""},"categories":[7],"tags":[7631,597,2301,2153,7632],"class_list":["post-14970","post","type-post","status-publish","format-standard","has-post-thumbnail","hentry","category-educacao","tag-antissemitismo","tag-brasil","tag-holocausto","tag-judeus","tag-palavra"],"yoast_head":"<!-- This site is optimized with the Yoast SEO plugin v26.5 - https:\/\/yoast.com\/wordpress\/plugins\/seo\/ -->\n<title>Por que devemos abolir o termo &#039;judiar&#039; do nosso vocabul\u00e1rio? - Jornal Fatos e Not\u00edcias<\/title>\n<meta name=\"robots\" content=\"index, follow, max-snippet:-1, max-image-preview:large, max-video-preview:-1\" \/>\n<link rel=\"canonical\" href=\"https:\/\/jornalfatosenoticias.com.br\/index.php\/2021\/02\/22\/por-que-devemos-abolir-o-termo-judiar-do-nosso-vocabulario\/\" \/>\n<meta property=\"og:locale\" content=\"pt_BR\" \/>\n<meta property=\"og:type\" content=\"article\" \/>\n<meta property=\"og:title\" content=\"Por que devemos abolir o termo &#039;judiar&#039; do nosso vocabul\u00e1rio? - Jornal Fatos e Not\u00edcias\" \/>\n<meta property=\"og:description\" content=\"A origem antissemita da palavra nos leva de volta a um dos momentos mais sombrios da humanidade Conforme evolu\u00edmos como sociedade, pr\u00e1ticas que antes eram vistas como normais e aceit\u00e1veis, hoje j\u00e1 s\u00e3o encaradas de modo hostil. Nessa lista de atitudes politicamente incorretas, n\u00e3o podemos esquecer alguns termos e express\u00f5es que \u2018envelheceram mal\u2019.Assim como a [&hellip;]\" \/>\n<meta property=\"og:url\" content=\"https:\/\/jornalfatosenoticias.com.br\/index.php\/2021\/02\/22\/por-que-devemos-abolir-o-termo-judiar-do-nosso-vocabulario\/\" \/>\n<meta property=\"og:site_name\" content=\"Jornal Fatos e Not\u00edcias\" \/>\n<meta property=\"article:published_time\" content=\"2021-02-22T13:43:20+00:00\" \/>\n<meta property=\"og:image\" content=\"https:\/\/jornalfatosenoticias.com.br\/wp-content\/uploads\/2021\/02\/judeus_campo_de_concentracao_capa.jpeg\" \/>\n\t<meta property=\"og:image:width\" content=\"1000\" \/>\n\t<meta property=\"og:image:height\" content=\"562\" \/>\n\t<meta property=\"og:image:type\" content=\"image\/jpeg\" \/>\n<meta name=\"author\" content=\"Luzimara Fernandes\" \/>\n<meta name=\"twitter:card\" content=\"summary_large_image\" \/>\n<meta name=\"twitter:label1\" content=\"Escrito por\" \/>\n\t<meta name=\"twitter:data1\" content=\"Luzimara Fernandes\" \/>\n\t<meta name=\"twitter:label2\" content=\"Est. tempo de leitura\" \/>\n\t<meta name=\"twitter:data2\" content=\"3 minutos\" \/>\n<script type=\"application\/ld+json\" class=\"yoast-schema-graph\">{\"@context\":\"https:\/\/schema.org\",\"@graph\":[{\"@type\":\"Article\",\"@id\":\"https:\/\/jornalfatosenoticias.com.br\/index.php\/2021\/02\/22\/por-que-devemos-abolir-o-termo-judiar-do-nosso-vocabulario\/#article\",\"isPartOf\":{\"@id\":\"https:\/\/jornalfatosenoticias.com.br\/index.php\/2021\/02\/22\/por-que-devemos-abolir-o-termo-judiar-do-nosso-vocabulario\/\"},\"author\":{\"name\":\"Luzimara Fernandes\",\"@id\":\"https:\/\/jornalfatosenoticias.com.br\/#\/schema\/person\/d63837fa13ac8666eb9e74e0985d6f81\"},\"headline\":\"Por que devemos abolir o termo &#8216;judiar&#8217; do nosso vocabul\u00e1rio?\",\"datePublished\":\"2021-02-22T13:43:20+00:00\",\"mainEntityOfPage\":{\"@id\":\"https:\/\/jornalfatosenoticias.com.br\/index.php\/2021\/02\/22\/por-que-devemos-abolir-o-termo-judiar-do-nosso-vocabulario\/\"},\"wordCount\":528,\"commentCount\":0,\"publisher\":{\"@id\":\"https:\/\/jornalfatosenoticias.com.br\/#organization\"},\"image\":{\"@id\":\"https:\/\/jornalfatosenoticias.com.br\/index.php\/2021\/02\/22\/por-que-devemos-abolir-o-termo-judiar-do-nosso-vocabulario\/#primaryimage\"},\"thumbnailUrl\":\"https:\/\/jornalfatosenoticias.com.br\/wp-content\/uploads\/2021\/02\/judeus_campo_de_concentracao_capa.jpeg\",\"keywords\":[\"antissemitismo\",\"Brasil\",\"Holocausto\",\"judeus\",\"palavra\"],\"articleSection\":[\"Educa\u00e7\u00e3o\"],\"inLanguage\":\"pt-BR\",\"potentialAction\":[{\"@type\":\"CommentAction\",\"name\":\"Comment\",\"target\":[\"https:\/\/jornalfatosenoticias.com.br\/index.php\/2021\/02\/22\/por-que-devemos-abolir-o-termo-judiar-do-nosso-vocabulario\/#respond\"]}]},{\"@type\":\"WebPage\",\"@id\":\"https:\/\/jornalfatosenoticias.com.br\/index.php\/2021\/02\/22\/por-que-devemos-abolir-o-termo-judiar-do-nosso-vocabulario\/\",\"url\":\"https:\/\/jornalfatosenoticias.com.br\/index.php\/2021\/02\/22\/por-que-devemos-abolir-o-termo-judiar-do-nosso-vocabulario\/\",\"name\":\"Por que devemos abolir o termo 'judiar' do nosso vocabul\u00e1rio? - Jornal Fatos e Not\u00edcias\",\"isPartOf\":{\"@id\":\"https:\/\/jornalfatosenoticias.com.br\/#website\"},\"primaryImageOfPage\":{\"@id\":\"https:\/\/jornalfatosenoticias.com.br\/index.php\/2021\/02\/22\/por-que-devemos-abolir-o-termo-judiar-do-nosso-vocabulario\/#primaryimage\"},\"image\":{\"@id\":\"https:\/\/jornalfatosenoticias.com.br\/index.php\/2021\/02\/22\/por-que-devemos-abolir-o-termo-judiar-do-nosso-vocabulario\/#primaryimage\"},\"thumbnailUrl\":\"https:\/\/jornalfatosenoticias.com.br\/wp-content\/uploads\/2021\/02\/judeus_campo_de_concentracao_capa.jpeg\",\"datePublished\":\"2021-02-22T13:43:20+00:00\",\"breadcrumb\":{\"@id\":\"https:\/\/jornalfatosenoticias.com.br\/index.php\/2021\/02\/22\/por-que-devemos-abolir-o-termo-judiar-do-nosso-vocabulario\/#breadcrumb\"},\"inLanguage\":\"pt-BR\",\"potentialAction\":[{\"@type\":\"ReadAction\",\"target\":[\"https:\/\/jornalfatosenoticias.com.br\/index.php\/2021\/02\/22\/por-que-devemos-abolir-o-termo-judiar-do-nosso-vocabulario\/\"]}]},{\"@type\":\"ImageObject\",\"inLanguage\":\"pt-BR\",\"@id\":\"https:\/\/jornalfatosenoticias.com.br\/index.php\/2021\/02\/22\/por-que-devemos-abolir-o-termo-judiar-do-nosso-vocabulario\/#primaryimage\",\"url\":\"https:\/\/jornalfatosenoticias.com.br\/wp-content\/uploads\/2021\/02\/judeus_campo_de_concentracao_capa.jpeg\",\"contentUrl\":\"https:\/\/jornalfatosenoticias.com.br\/wp-content\/uploads\/2021\/02\/judeus_campo_de_concentracao_capa.jpeg\",\"width\":1000,\"height\":562},{\"@type\":\"BreadcrumbList\",\"@id\":\"https:\/\/jornalfatosenoticias.com.br\/index.php\/2021\/02\/22\/por-que-devemos-abolir-o-termo-judiar-do-nosso-vocabulario\/#breadcrumb\",\"itemListElement\":[{\"@type\":\"ListItem\",\"position\":1,\"name\":\"In\u00edcio\",\"item\":\"https:\/\/jornalfatosenoticias.com.br\/\"},{\"@type\":\"ListItem\",\"position\":2,\"name\":\"Por que devemos abolir o termo &#8216;judiar&#8217; do nosso vocabul\u00e1rio?\"}]},{\"@type\":\"WebSite\",\"@id\":\"https:\/\/jornalfatosenoticias.com.br\/#website\",\"url\":\"https:\/\/jornalfatosenoticias.com.br\/\",\"name\":\"Jornal Fatos e Not\u00edcias\",\"description\":\"Not\u00edcias em geral\",\"publisher\":{\"@id\":\"https:\/\/jornalfatosenoticias.com.br\/#organization\"},\"potentialAction\":[{\"@type\":\"SearchAction\",\"target\":{\"@type\":\"EntryPoint\",\"urlTemplate\":\"https:\/\/jornalfatosenoticias.com.br\/?s={search_term_string}\"},\"query-input\":{\"@type\":\"PropertyValueSpecification\",\"valueRequired\":true,\"valueName\":\"search_term_string\"}}],\"inLanguage\":\"pt-BR\"},{\"@type\":\"Organization\",\"@id\":\"https:\/\/jornalfatosenoticias.com.br\/#organization\",\"name\":\"Jornal Fatos e Not\u00edcias\",\"url\":\"https:\/\/jornalfatosenoticias.com.br\/\",\"logo\":{\"@type\":\"ImageObject\",\"inLanguage\":\"pt-BR\",\"@id\":\"https:\/\/jornalfatosenoticias.com.br\/#\/schema\/logo\/image\/\",\"url\":\"https:\/\/jornalfatosenoticias.com.br\/wp-content\/uploads\/2020\/02\/logo120.png\",\"contentUrl\":\"https:\/\/jornalfatosenoticias.com.br\/wp-content\/uploads\/2020\/02\/logo120.png\",\"width\":1227,\"height\":120,\"caption\":\"Jornal Fatos e Not\u00edcias\"},\"image\":{\"@id\":\"https:\/\/jornalfatosenoticias.com.br\/#\/schema\/logo\/image\/\"}},{\"@type\":\"Person\",\"@id\":\"https:\/\/jornalfatosenoticias.com.br\/#\/schema\/person\/d63837fa13ac8666eb9e74e0985d6f81\",\"name\":\"Luzimara Fernandes\",\"image\":{\"@type\":\"ImageObject\",\"inLanguage\":\"pt-BR\",\"@id\":\"https:\/\/jornalfatosenoticias.com.br\/#\/schema\/person\/image\/\",\"url\":\"https:\/\/jornalfatosenoticias.com.br\/wp-content\/uploads\/2025\/05\/EU_portal.jpg\",\"contentUrl\":\"https:\/\/jornalfatosenoticias.com.br\/wp-content\/uploads\/2025\/05\/EU_portal.jpg\",\"caption\":\"Luzimara Fernandes\"},\"description\":\"Jornalista MTB 2358-ES\",\"sameAs\":[\"https:\/\/jornalfatosenoticias.com.br\"],\"url\":\"https:\/\/jornalfatosenoticias.com.br\/index.php\/author\/luzimara\/\"}]}<\/script>\n<!-- \/ Yoast SEO plugin. -->","yoast_head_json":{"title":"Por que devemos abolir o termo 'judiar' do nosso vocabul\u00e1rio? - Jornal Fatos e Not\u00edcias","robots":{"index":"index","follow":"follow","max-snippet":"max-snippet:-1","max-image-preview":"max-image-preview:large","max-video-preview":"max-video-preview:-1"},"canonical":"https:\/\/jornalfatosenoticias.com.br\/index.php\/2021\/02\/22\/por-que-devemos-abolir-o-termo-judiar-do-nosso-vocabulario\/","og_locale":"pt_BR","og_type":"article","og_title":"Por que devemos abolir o termo 'judiar' do nosso vocabul\u00e1rio? - Jornal Fatos e Not\u00edcias","og_description":"A origem antissemita da palavra nos leva de volta a um dos momentos mais sombrios da humanidade Conforme evolu\u00edmos como sociedade, pr\u00e1ticas que antes eram vistas como normais e aceit\u00e1veis, hoje j\u00e1 s\u00e3o encaradas de modo hostil. Nessa lista de atitudes politicamente incorretas, n\u00e3o podemos esquecer alguns termos e express\u00f5es que \u2018envelheceram mal\u2019.Assim como a [&hellip;]","og_url":"https:\/\/jornalfatosenoticias.com.br\/index.php\/2021\/02\/22\/por-que-devemos-abolir-o-termo-judiar-do-nosso-vocabulario\/","og_site_name":"Jornal Fatos e Not\u00edcias","article_published_time":"2021-02-22T13:43:20+00:00","og_image":[{"width":1000,"height":562,"url":"https:\/\/jornalfatosenoticias.com.br\/wp-content\/uploads\/2021\/02\/judeus_campo_de_concentracao_capa.jpeg","type":"image\/jpeg"}],"author":"Luzimara Fernandes","twitter_card":"summary_large_image","twitter_misc":{"Escrito por":"Luzimara Fernandes","Est. tempo de leitura":"3 minutos"},"schema":{"@context":"https:\/\/schema.org","@graph":[{"@type":"Article","@id":"https:\/\/jornalfatosenoticias.com.br\/index.php\/2021\/02\/22\/por-que-devemos-abolir-o-termo-judiar-do-nosso-vocabulario\/#article","isPartOf":{"@id":"https:\/\/jornalfatosenoticias.com.br\/index.php\/2021\/02\/22\/por-que-devemos-abolir-o-termo-judiar-do-nosso-vocabulario\/"},"author":{"name":"Luzimara Fernandes","@id":"https:\/\/jornalfatosenoticias.com.br\/#\/schema\/person\/d63837fa13ac8666eb9e74e0985d6f81"},"headline":"Por que devemos abolir o termo &#8216;judiar&#8217; do nosso vocabul\u00e1rio?","datePublished":"2021-02-22T13:43:20+00:00","mainEntityOfPage":{"@id":"https:\/\/jornalfatosenoticias.com.br\/index.php\/2021\/02\/22\/por-que-devemos-abolir-o-termo-judiar-do-nosso-vocabulario\/"},"wordCount":528,"commentCount":0,"publisher":{"@id":"https:\/\/jornalfatosenoticias.com.br\/#organization"},"image":{"@id":"https:\/\/jornalfatosenoticias.com.br\/index.php\/2021\/02\/22\/por-que-devemos-abolir-o-termo-judiar-do-nosso-vocabulario\/#primaryimage"},"thumbnailUrl":"https:\/\/jornalfatosenoticias.com.br\/wp-content\/uploads\/2021\/02\/judeus_campo_de_concentracao_capa.jpeg","keywords":["antissemitismo","Brasil","Holocausto","judeus","palavra"],"articleSection":["Educa\u00e7\u00e3o"],"inLanguage":"pt-BR","potentialAction":[{"@type":"CommentAction","name":"Comment","target":["https:\/\/jornalfatosenoticias.com.br\/index.php\/2021\/02\/22\/por-que-devemos-abolir-o-termo-judiar-do-nosso-vocabulario\/#respond"]}]},{"@type":"WebPage","@id":"https:\/\/jornalfatosenoticias.com.br\/index.php\/2021\/02\/22\/por-que-devemos-abolir-o-termo-judiar-do-nosso-vocabulario\/","url":"https:\/\/jornalfatosenoticias.com.br\/index.php\/2021\/02\/22\/por-que-devemos-abolir-o-termo-judiar-do-nosso-vocabulario\/","name":"Por que devemos abolir o termo 'judiar' do nosso vocabul\u00e1rio? - Jornal Fatos e Not\u00edcias","isPartOf":{"@id":"https:\/\/jornalfatosenoticias.com.br\/#website"},"primaryImageOfPage":{"@id":"https:\/\/jornalfatosenoticias.com.br\/index.php\/2021\/02\/22\/por-que-devemos-abolir-o-termo-judiar-do-nosso-vocabulario\/#primaryimage"},"image":{"@id":"https:\/\/jornalfatosenoticias.com.br\/index.php\/2021\/02\/22\/por-que-devemos-abolir-o-termo-judiar-do-nosso-vocabulario\/#primaryimage"},"thumbnailUrl":"https:\/\/jornalfatosenoticias.com.br\/wp-content\/uploads\/2021\/02\/judeus_campo_de_concentracao_capa.jpeg","datePublished":"2021-02-22T13:43:20+00:00","breadcrumb":{"@id":"https:\/\/jornalfatosenoticias.com.br\/index.php\/2021\/02\/22\/por-que-devemos-abolir-o-termo-judiar-do-nosso-vocabulario\/#breadcrumb"},"inLanguage":"pt-BR","potentialAction":[{"@type":"ReadAction","target":["https:\/\/jornalfatosenoticias.com.br\/index.php\/2021\/02\/22\/por-que-devemos-abolir-o-termo-judiar-do-nosso-vocabulario\/"]}]},{"@type":"ImageObject","inLanguage":"pt-BR","@id":"https:\/\/jornalfatosenoticias.com.br\/index.php\/2021\/02\/22\/por-que-devemos-abolir-o-termo-judiar-do-nosso-vocabulario\/#primaryimage","url":"https:\/\/jornalfatosenoticias.com.br\/wp-content\/uploads\/2021\/02\/judeus_campo_de_concentracao_capa.jpeg","contentUrl":"https:\/\/jornalfatosenoticias.com.br\/wp-content\/uploads\/2021\/02\/judeus_campo_de_concentracao_capa.jpeg","width":1000,"height":562},{"@type":"BreadcrumbList","@id":"https:\/\/jornalfatosenoticias.com.br\/index.php\/2021\/02\/22\/por-que-devemos-abolir-o-termo-judiar-do-nosso-vocabulario\/#breadcrumb","itemListElement":[{"@type":"ListItem","position":1,"name":"In\u00edcio","item":"https:\/\/jornalfatosenoticias.com.br\/"},{"@type":"ListItem","position":2,"name":"Por que devemos abolir o termo &#8216;judiar&#8217; do nosso vocabul\u00e1rio?"}]},{"@type":"WebSite","@id":"https:\/\/jornalfatosenoticias.com.br\/#website","url":"https:\/\/jornalfatosenoticias.com.br\/","name":"Jornal Fatos e Not\u00edcias","description":"Not\u00edcias em geral","publisher":{"@id":"https:\/\/jornalfatosenoticias.com.br\/#organization"},"potentialAction":[{"@type":"SearchAction","target":{"@type":"EntryPoint","urlTemplate":"https:\/\/jornalfatosenoticias.com.br\/?s={search_term_string}"},"query-input":{"@type":"PropertyValueSpecification","valueRequired":true,"valueName":"search_term_string"}}],"inLanguage":"pt-BR"},{"@type":"Organization","@id":"https:\/\/jornalfatosenoticias.com.br\/#organization","name":"Jornal Fatos e Not\u00edcias","url":"https:\/\/jornalfatosenoticias.com.br\/","logo":{"@type":"ImageObject","inLanguage":"pt-BR","@id":"https:\/\/jornalfatosenoticias.com.br\/#\/schema\/logo\/image\/","url":"https:\/\/jornalfatosenoticias.com.br\/wp-content\/uploads\/2020\/02\/logo120.png","contentUrl":"https:\/\/jornalfatosenoticias.com.br\/wp-content\/uploads\/2020\/02\/logo120.png","width":1227,"height":120,"caption":"Jornal Fatos e Not\u00edcias"},"image":{"@id":"https:\/\/jornalfatosenoticias.com.br\/#\/schema\/logo\/image\/"}},{"@type":"Person","@id":"https:\/\/jornalfatosenoticias.com.br\/#\/schema\/person\/d63837fa13ac8666eb9e74e0985d6f81","name":"Luzimara Fernandes","image":{"@type":"ImageObject","inLanguage":"pt-BR","@id":"https:\/\/jornalfatosenoticias.com.br\/#\/schema\/person\/image\/","url":"https:\/\/jornalfatosenoticias.com.br\/wp-content\/uploads\/2025\/05\/EU_portal.jpg","contentUrl":"https:\/\/jornalfatosenoticias.com.br\/wp-content\/uploads\/2025\/05\/EU_portal.jpg","caption":"Luzimara Fernandes"},"description":"Jornalista MTB 2358-ES","sameAs":["https:\/\/jornalfatosenoticias.com.br"],"url":"https:\/\/jornalfatosenoticias.com.br\/index.php\/author\/luzimara\/"}]}},"cc_featured_image_caption":{"caption_text":"(Foto: Getty Images)","source_text":"","source_url":""},"jetpack_featured_media_url":"https:\/\/jornalfatosenoticias.com.br\/wp-content\/uploads\/2021\/02\/judeus_campo_de_concentracao_capa.jpeg","_links":{"self":[{"href":"https:\/\/jornalfatosenoticias.com.br\/index.php\/wp-json\/wp\/v2\/posts\/14970","targetHints":{"allow":["GET"]}}],"collection":[{"href":"https:\/\/jornalfatosenoticias.com.br\/index.php\/wp-json\/wp\/v2\/posts"}],"about":[{"href":"https:\/\/jornalfatosenoticias.com.br\/index.php\/wp-json\/wp\/v2\/types\/post"}],"author":[{"embeddable":true,"href":"https:\/\/jornalfatosenoticias.com.br\/index.php\/wp-json\/wp\/v2\/users\/2"}],"replies":[{"embeddable":true,"href":"https:\/\/jornalfatosenoticias.com.br\/index.php\/wp-json\/wp\/v2\/comments?post=14970"}],"version-history":[{"count":0,"href":"https:\/\/jornalfatosenoticias.com.br\/index.php\/wp-json\/wp\/v2\/posts\/14970\/revisions"}],"wp:featuredmedia":[{"embeddable":true,"href":"https:\/\/jornalfatosenoticias.com.br\/index.php\/wp-json\/wp\/v2\/media\/14972"}],"wp:attachment":[{"href":"https:\/\/jornalfatosenoticias.com.br\/index.php\/wp-json\/wp\/v2\/media?parent=14970"}],"wp:term":[{"taxonomy":"category","embeddable":true,"href":"https:\/\/jornalfatosenoticias.com.br\/index.php\/wp-json\/wp\/v2\/categories?post=14970"},{"taxonomy":"post_tag","embeddable":true,"href":"https:\/\/jornalfatosenoticias.com.br\/index.php\/wp-json\/wp\/v2\/tags?post=14970"}],"curies":[{"name":"wp","href":"https:\/\/api.w.org\/{rel}","templated":true}]}}