{"id":15113,"date":"2021-02-24T11:41:25","date_gmt":"2021-02-24T14:41:25","guid":{"rendered":"https:\/\/jornalfatosenoticias.com.br\/?p=15113"},"modified":"2021-02-24T11:41:31","modified_gmt":"2021-02-24T14:41:31","slug":"crise-dos-chips-escassez-preocupa-joe-biden-e-congresso-americano","status":"publish","type":"post","link":"https:\/\/jornalfatosenoticias.com.br\/index.php\/2021\/02\/24\/crise-dos-chips-escassez-preocupa-joe-biden-e-congresso-americano\/","title":{"rendered":"Crise dos chips: escassez preocupa Joe Biden e Congresso americano"},"content":{"rendered":"\n<p>O presidente dos Estados Unidos, Joe Biden, convocou para esta quarta-feira (24) uma reuni\u00e3o com um grupo bipartid\u00e1rio do Congresso americano para discutir solu\u00e7\u00f5es para a crise dos chips <a href=\"https:\/\/olhardigital.com.br\/2021\/02\/01\/noticias\/huawei-e-xiaomi-se-unem-para-alavancar-setor-de-semicondutores-na-china\/\" target=\"_blank\" rel=\"noreferrer noopener\">semicondutores<\/a>. A situa\u00e7\u00e3o preocupa\u00a0principalmente as\u00a0<a href=\"https:\/\/olhardigital.com.br\/2021\/02\/04\/carros-e-tecnologia\/falta-de-chips-causa-paralisacao-em-montadoras\/\" target=\"_blank\" rel=\"noreferrer noopener\">montadoras de autom\u00f3veis<\/a>, que precisaram cortar sua produ\u00e7\u00e3o pela falta de insumos.<br>A reuni\u00e3o foi confirmada pelo l\u00edder da maioria no Senado, o democrata Charles E. Schumer, de Nova York, que pediu ao Congresso que se apropriasse de fundos autorizados para a fabrica\u00e7\u00e3o de chips semicondutores em territ\u00f3rio americano, descrevendo a escassez do produto como um ponto fraco na economia e na seguran\u00e7a nacional do pa\u00eds.<br>A falta do produto no mercado fez com que algumas das maiores montadoras dos Estados Unidos diminu\u00edssem sua produ\u00e7\u00e3o. A Ford, por exemplo precisou paralisar a fabrica\u00e7\u00e3o de ve\u00edculos em sua f\u00e1brica no Kentucky em dezembro de 2020, o que deve afetar a produ\u00e7\u00e3o da empresa em at\u00e9 20% para o primeiro trimestre de 2021.<br>A montadora foi for\u00e7ada at\u00e9 mesmo a reduzir a produ\u00e7\u00e3o da picape F-150, o modelo mais vendido do pa\u00eds, nas f\u00e1bricas de Michigan e Missouri. J\u00e1 a GM, cortou a produ\u00e7\u00e3o em suas f\u00e1bricas no estado do Kansas, Canad\u00e1 e M\u00e9xico at\u00e9 o m\u00eas de mar\u00e7o, quando far\u00e1 uma reavalia\u00e7\u00e3o dos planos.<\/p>\n\n\n\n<figure class=\"wp-block-image size-large\"><img loading=\"lazy\" decoding=\"async\" width=\"1000\" height=\"516\" src=\"https:\/\/jornalfatosenoticias.com.br\/wp-content\/uploads\/2021\/02\/Fabrica-da-Ford-no-Kentucky-crise-dos-chips.jpg\" alt=\"\" class=\"wp-image-15114\" srcset=\"https:\/\/jornalfatosenoticias.com.br\/wp-content\/uploads\/2021\/02\/Fabrica-da-Ford-no-Kentucky-crise-dos-chips.jpg 1000w, https:\/\/jornalfatosenoticias.com.br\/wp-content\/uploads\/2021\/02\/Fabrica-da-Ford-no-Kentucky-crise-dos-chips-300x155.jpg 300w, https:\/\/jornalfatosenoticias.com.br\/wp-content\/uploads\/2021\/02\/Fabrica-da-Ford-no-Kentucky-crise-dos-chips-768x396.jpg 768w\" sizes=\"auto, (max-width: 1000px) 100vw, 1000px\" \/><figcaption><em>Ford paralisou a produ\u00e7\u00e3o na f\u00e1brica do Kentucky (Foto: Ford Motors USA)<\/em><\/figcaption><\/figure>\n\n\n\n<h4 class=\"wp-block-heading\">Crise \u00e9 mais um efeito da pandemia<\/h4>\n\n\n\n<p>A escassez dos chips semicondutores \u00e9 um problema global que foi causado pela pandemia da Covid-19. Apesar desses insumos serem usados em quase toda a ind\u00fastria, como para a fabrica\u00e7\u00e3o de smartphones, computadores e modelos mais modernos de refrigeradores, a ind\u00fastria de autom\u00f3veis \u00e9 a maior compradora desses chips.<br>No in\u00edcio da pandemia, a demanda pelos chips caiu por conta do desaquecimento do mercado de autom\u00f3veis. Por\u00e9m, ela disparou por parte das empresas que fabricam computadores e outros equipamentos que permitiam que os funcion\u00e1rios trabalhassem em casa.<br>Mas quando a ind\u00fastria automotiva retomou sua produ\u00e7\u00e3o, as demais seguiram com a mesma demanda do produto, o que fez com que ele ficasse em falta no mercado. De acordo com grandes fabricantes de microchips, como <a href=\"https:\/\/olhardigital.com.br\/2021\/02\/05\/noticias\/escassez-de-microchips-deve-continuar-ate-o-meio-de-2021\/\" target=\"_blank\" rel=\"noreferrer noopener\">Qualcomm\u00a0e AMD<\/a>, a crise deve continuar at\u00e9 pelo menos a metade de 2021.<\/p>\n\n\n\n<figure class=\"wp-block-embed-youtube wp-block-embed is-type-video is-provider-youtube wp-embed-aspect-16-9 wp-has-aspect-ratio\"><div class=\"wp-block-embed__wrapper\">\n<iframe loading=\"lazy\" title=\"Huawei ter\u00e1 f\u00e1brica de chips\" width=\"660\" height=\"371\" src=\"https:\/\/www.youtube.com\/embed\/W42iu5o2K80?feature=oembed\" frameborder=\"0\" allow=\"accelerometer; autoplay; clipboard-write; encrypted-media; gyroscope; picture-in-picture; web-share\" referrerpolicy=\"strict-origin-when-cross-origin\" allowfullscreen><\/iframe>\n<\/div><\/figure>\n\n\n\n<p><em><strong>Fonte: <a href=\"https:\/\/olhardigital.com.br\/2021\/02\/24\/carros-e-tecnologia\/crise-dos-chips-escassez-preocupa-joe-biden-e-congresso-americano\/\">Olhar Digital<\/a><\/strong><\/em><\/p>\n","protected":false},"excerpt":{"rendered":"<p>O presidente dos Estados Unidos, Joe Biden, convocou para esta quarta-feira (24) uma reuni\u00e3o com um grupo bipartid\u00e1rio do Congresso americano para discutir solu\u00e7\u00f5es para a crise dos chips semicondutores. A situa\u00e7\u00e3o preocupa\u00a0principalmente as\u00a0montadoras de autom\u00f3veis, que precisaram cortar sua produ\u00e7\u00e3o pela falta de insumos.A reuni\u00e3o foi confirmada pelo l\u00edder da maioria no Senado, o [&hellip;]<\/p>\n","protected":false},"author":2,"featured_media":15115,"comment_status":"open","ping_status":"open","sticky":false,"template":"","format":"standard","meta":{"footnotes":""},"categories":[3],"tags":[7702,3597,581,7703,7704],"class_list":["post-15113","post","type-post","status-publish","format-standard","has-post-thumbnail","hentry","category-tecnologia","tag-chips","tag-ford","tag-gm","tag-joe-biden","tag-semicondutores"],"yoast_head":"<!-- This site is optimized with the Yoast SEO plugin v26.5 - https:\/\/yoast.com\/wordpress\/plugins\/seo\/ -->\n<title>Crise dos chips: escassez preocupa Joe Biden e Congresso americano - Jornal Fatos e Not\u00edcias<\/title>\n<meta name=\"robots\" content=\"index, follow, max-snippet:-1, max-image-preview:large, max-video-preview:-1\" \/>\n<link rel=\"canonical\" href=\"https:\/\/jornalfatosenoticias.com.br\/index.php\/2021\/02\/24\/crise-dos-chips-escassez-preocupa-joe-biden-e-congresso-americano\/\" \/>\n<meta property=\"og:locale\" content=\"pt_BR\" \/>\n<meta property=\"og:type\" content=\"article\" \/>\n<meta property=\"og:title\" content=\"Crise dos chips: escassez preocupa Joe Biden e Congresso americano - Jornal Fatos e Not\u00edcias\" \/>\n<meta property=\"og:description\" content=\"O presidente dos Estados Unidos, Joe Biden, convocou para esta quarta-feira (24) uma reuni\u00e3o com um grupo bipartid\u00e1rio do Congresso americano para discutir solu\u00e7\u00f5es para a crise dos chips semicondutores. A situa\u00e7\u00e3o preocupa\u00a0principalmente as\u00a0montadoras de autom\u00f3veis, que precisaram cortar sua produ\u00e7\u00e3o pela falta de insumos.A reuni\u00e3o foi confirmada pelo l\u00edder da maioria no Senado, o [&hellip;]\" \/>\n<meta property=\"og:url\" content=\"https:\/\/jornalfatosenoticias.com.br\/index.php\/2021\/02\/24\/crise-dos-chips-escassez-preocupa-joe-biden-e-congresso-americano\/\" \/>\n<meta property=\"og:site_name\" content=\"Jornal Fatos e Not\u00edcias\" \/>\n<meta property=\"article:published_time\" content=\"2021-02-24T14:41:25+00:00\" \/>\n<meta property=\"article:modified_time\" content=\"2021-02-24T14:41:31+00:00\" \/>\n<meta property=\"og:image\" content=\"https:\/\/jornalfatosenoticias.com.br\/wp-content\/uploads\/2021\/02\/crise-dos-chips_shutterstock.jpg\" \/>\n\t<meta property=\"og:image:width\" content=\"1000\" \/>\n\t<meta property=\"og:image:height\" content=\"225\" \/>\n\t<meta property=\"og:image:type\" content=\"image\/jpeg\" \/>\n<meta name=\"author\" content=\"Luzimara Fernandes\" \/>\n<meta name=\"twitter:card\" content=\"summary_large_image\" \/>\n<meta name=\"twitter:label1\" content=\"Escrito por\" \/>\n\t<meta name=\"twitter:data1\" content=\"Luzimara Fernandes\" \/>\n\t<meta name=\"twitter:label2\" content=\"Est. tempo de leitura\" \/>\n\t<meta name=\"twitter:data2\" content=\"2 minutos\" \/>\n<script type=\"application\/ld+json\" class=\"yoast-schema-graph\">{\"@context\":\"https:\/\/schema.org\",\"@graph\":[{\"@type\":\"Article\",\"@id\":\"https:\/\/jornalfatosenoticias.com.br\/index.php\/2021\/02\/24\/crise-dos-chips-escassez-preocupa-joe-biden-e-congresso-americano\/#article\",\"isPartOf\":{\"@id\":\"https:\/\/jornalfatosenoticias.com.br\/index.php\/2021\/02\/24\/crise-dos-chips-escassez-preocupa-joe-biden-e-congresso-americano\/\"},\"author\":{\"name\":\"Luzimara Fernandes\",\"@id\":\"https:\/\/jornalfatosenoticias.com.br\/#\/schema\/person\/d63837fa13ac8666eb9e74e0985d6f81\"},\"headline\":\"Crise dos chips: escassez preocupa Joe Biden e Congresso americano\",\"datePublished\":\"2021-02-24T14:41:25+00:00\",\"dateModified\":\"2021-02-24T14:41:31+00:00\",\"mainEntityOfPage\":{\"@id\":\"https:\/\/jornalfatosenoticias.com.br\/index.php\/2021\/02\/24\/crise-dos-chips-escassez-preocupa-joe-biden-e-congresso-americano\/\"},\"wordCount\":423,\"commentCount\":0,\"publisher\":{\"@id\":\"https:\/\/jornalfatosenoticias.com.br\/#organization\"},\"image\":{\"@id\":\"https:\/\/jornalfatosenoticias.com.br\/index.php\/2021\/02\/24\/crise-dos-chips-escassez-preocupa-joe-biden-e-congresso-americano\/#primaryimage\"},\"thumbnailUrl\":\"https:\/\/jornalfatosenoticias.com.br\/wp-content\/uploads\/2021\/02\/crise-dos-chips_shutterstock.jpg\",\"keywords\":[\"chips\",\"Ford\",\"GM\",\"Joe Biden\",\"semicondutores\"],\"articleSection\":[\"Tecnologia &amp; Inova\u00e7\u00e3o\"],\"inLanguage\":\"pt-BR\",\"potentialAction\":[{\"@type\":\"CommentAction\",\"name\":\"Comment\",\"target\":[\"https:\/\/jornalfatosenoticias.com.br\/index.php\/2021\/02\/24\/crise-dos-chips-escassez-preocupa-joe-biden-e-congresso-americano\/#respond\"]}]},{\"@type\":\"WebPage\",\"@id\":\"https:\/\/jornalfatosenoticias.com.br\/index.php\/2021\/02\/24\/crise-dos-chips-escassez-preocupa-joe-biden-e-congresso-americano\/\",\"url\":\"https:\/\/jornalfatosenoticias.com.br\/index.php\/2021\/02\/24\/crise-dos-chips-escassez-preocupa-joe-biden-e-congresso-americano\/\",\"name\":\"Crise dos chips: escassez preocupa Joe Biden e Congresso americano - Jornal Fatos e Not\u00edcias\",\"isPartOf\":{\"@id\":\"https:\/\/jornalfatosenoticias.com.br\/#website\"},\"primaryImageOfPage\":{\"@id\":\"https:\/\/jornalfatosenoticias.com.br\/index.php\/2021\/02\/24\/crise-dos-chips-escassez-preocupa-joe-biden-e-congresso-americano\/#primaryimage\"},\"image\":{\"@id\":\"https:\/\/jornalfatosenoticias.com.br\/index.php\/2021\/02\/24\/crise-dos-chips-escassez-preocupa-joe-biden-e-congresso-americano\/#primaryimage\"},\"thumbnailUrl\":\"https:\/\/jornalfatosenoticias.com.br\/wp-content\/uploads\/2021\/02\/crise-dos-chips_shutterstock.jpg\",\"datePublished\":\"2021-02-24T14:41:25+00:00\",\"dateModified\":\"2021-02-24T14:41:31+00:00\",\"breadcrumb\":{\"@id\":\"https:\/\/jornalfatosenoticias.com.br\/index.php\/2021\/02\/24\/crise-dos-chips-escassez-preocupa-joe-biden-e-congresso-americano\/#breadcrumb\"},\"inLanguage\":\"pt-BR\",\"potentialAction\":[{\"@type\":\"ReadAction\",\"target\":[\"https:\/\/jornalfatosenoticias.com.br\/index.php\/2021\/02\/24\/crise-dos-chips-escassez-preocupa-joe-biden-e-congresso-americano\/\"]}]},{\"@type\":\"ImageObject\",\"inLanguage\":\"pt-BR\",\"@id\":\"https:\/\/jornalfatosenoticias.com.br\/index.php\/2021\/02\/24\/crise-dos-chips-escassez-preocupa-joe-biden-e-congresso-americano\/#primaryimage\",\"url\":\"https:\/\/jornalfatosenoticias.com.br\/wp-content\/uploads\/2021\/02\/crise-dos-chips_shutterstock.jpg\",\"contentUrl\":\"https:\/\/jornalfatosenoticias.com.br\/wp-content\/uploads\/2021\/02\/crise-dos-chips_shutterstock.jpg\",\"width\":1000,\"height\":225},{\"@type\":\"BreadcrumbList\",\"@id\":\"https:\/\/jornalfatosenoticias.com.br\/index.php\/2021\/02\/24\/crise-dos-chips-escassez-preocupa-joe-biden-e-congresso-americano\/#breadcrumb\",\"itemListElement\":[{\"@type\":\"ListItem\",\"position\":1,\"name\":\"In\u00edcio\",\"item\":\"https:\/\/jornalfatosenoticias.com.br\/\"},{\"@type\":\"ListItem\",\"position\":2,\"name\":\"Crise dos chips: escassez preocupa Joe Biden e Congresso americano\"}]},{\"@type\":\"WebSite\",\"@id\":\"https:\/\/jornalfatosenoticias.com.br\/#website\",\"url\":\"https:\/\/jornalfatosenoticias.com.br\/\",\"name\":\"Jornal Fatos e Not\u00edcias\",\"description\":\"Not\u00edcias em geral\",\"publisher\":{\"@id\":\"https:\/\/jornalfatosenoticias.com.br\/#organization\"},\"potentialAction\":[{\"@type\":\"SearchAction\",\"target\":{\"@type\":\"EntryPoint\",\"urlTemplate\":\"https:\/\/jornalfatosenoticias.com.br\/?s={search_term_string}\"},\"query-input\":{\"@type\":\"PropertyValueSpecification\",\"valueRequired\":true,\"valueName\":\"search_term_string\"}}],\"inLanguage\":\"pt-BR\"},{\"@type\":\"Organization\",\"@id\":\"https:\/\/jornalfatosenoticias.com.br\/#organization\",\"name\":\"Jornal Fatos e Not\u00edcias\",\"url\":\"https:\/\/jornalfatosenoticias.com.br\/\",\"logo\":{\"@type\":\"ImageObject\",\"inLanguage\":\"pt-BR\",\"@id\":\"https:\/\/jornalfatosenoticias.com.br\/#\/schema\/logo\/image\/\",\"url\":\"https:\/\/jornalfatosenoticias.com.br\/wp-content\/uploads\/2020\/02\/logo120.png\",\"contentUrl\":\"https:\/\/jornalfatosenoticias.com.br\/wp-content\/uploads\/2020\/02\/logo120.png\",\"width\":1227,\"height\":120,\"caption\":\"Jornal Fatos e Not\u00edcias\"},\"image\":{\"@id\":\"https:\/\/jornalfatosenoticias.com.br\/#\/schema\/logo\/image\/\"}},{\"@type\":\"Person\",\"@id\":\"https:\/\/jornalfatosenoticias.com.br\/#\/schema\/person\/d63837fa13ac8666eb9e74e0985d6f81\",\"name\":\"Luzimara Fernandes\",\"image\":{\"@type\":\"ImageObject\",\"inLanguage\":\"pt-BR\",\"@id\":\"https:\/\/jornalfatosenoticias.com.br\/#\/schema\/person\/image\/\",\"url\":\"https:\/\/jornalfatosenoticias.com.br\/wp-content\/uploads\/2025\/05\/EU_portal.jpg\",\"contentUrl\":\"https:\/\/jornalfatosenoticias.com.br\/wp-content\/uploads\/2025\/05\/EU_portal.jpg\",\"caption\":\"Luzimara Fernandes\"},\"description\":\"Jornalista MTB 2358-ES\",\"sameAs\":[\"https:\/\/jornalfatosenoticias.com.br\"],\"url\":\"https:\/\/jornalfatosenoticias.com.br\/index.php\/author\/luzimara\/\"}]}<\/script>\n<!-- \/ Yoast SEO plugin. -->","yoast_head_json":{"title":"Crise dos chips: escassez preocupa Joe Biden e Congresso americano - Jornal Fatos e Not\u00edcias","robots":{"index":"index","follow":"follow","max-snippet":"max-snippet:-1","max-image-preview":"max-image-preview:large","max-video-preview":"max-video-preview:-1"},"canonical":"https:\/\/jornalfatosenoticias.com.br\/index.php\/2021\/02\/24\/crise-dos-chips-escassez-preocupa-joe-biden-e-congresso-americano\/","og_locale":"pt_BR","og_type":"article","og_title":"Crise dos chips: escassez preocupa Joe Biden e Congresso americano - Jornal Fatos e Not\u00edcias","og_description":"O presidente dos Estados Unidos, Joe Biden, convocou para esta quarta-feira (24) uma reuni\u00e3o com um grupo bipartid\u00e1rio do Congresso americano para discutir solu\u00e7\u00f5es para a crise dos chips semicondutores. A situa\u00e7\u00e3o preocupa\u00a0principalmente as\u00a0montadoras de autom\u00f3veis, que precisaram cortar sua produ\u00e7\u00e3o pela falta de insumos.A reuni\u00e3o foi confirmada pelo l\u00edder da maioria no Senado, o [&hellip;]","og_url":"https:\/\/jornalfatosenoticias.com.br\/index.php\/2021\/02\/24\/crise-dos-chips-escassez-preocupa-joe-biden-e-congresso-americano\/","og_site_name":"Jornal Fatos e Not\u00edcias","article_published_time":"2021-02-24T14:41:25+00:00","article_modified_time":"2021-02-24T14:41:31+00:00","og_image":[{"width":1000,"height":225,"url":"https:\/\/jornalfatosenoticias.com.br\/wp-content\/uploads\/2021\/02\/crise-dos-chips_shutterstock.jpg","type":"image\/jpeg"}],"author":"Luzimara Fernandes","twitter_card":"summary_large_image","twitter_misc":{"Escrito por":"Luzimara Fernandes","Est. tempo de leitura":"2 minutos"},"schema":{"@context":"https:\/\/schema.org","@graph":[{"@type":"Article","@id":"https:\/\/jornalfatosenoticias.com.br\/index.php\/2021\/02\/24\/crise-dos-chips-escassez-preocupa-joe-biden-e-congresso-americano\/#article","isPartOf":{"@id":"https:\/\/jornalfatosenoticias.com.br\/index.php\/2021\/02\/24\/crise-dos-chips-escassez-preocupa-joe-biden-e-congresso-americano\/"},"author":{"name":"Luzimara Fernandes","@id":"https:\/\/jornalfatosenoticias.com.br\/#\/schema\/person\/d63837fa13ac8666eb9e74e0985d6f81"},"headline":"Crise dos chips: escassez preocupa Joe Biden e Congresso americano","datePublished":"2021-02-24T14:41:25+00:00","dateModified":"2021-02-24T14:41:31+00:00","mainEntityOfPage":{"@id":"https:\/\/jornalfatosenoticias.com.br\/index.php\/2021\/02\/24\/crise-dos-chips-escassez-preocupa-joe-biden-e-congresso-americano\/"},"wordCount":423,"commentCount":0,"publisher":{"@id":"https:\/\/jornalfatosenoticias.com.br\/#organization"},"image":{"@id":"https:\/\/jornalfatosenoticias.com.br\/index.php\/2021\/02\/24\/crise-dos-chips-escassez-preocupa-joe-biden-e-congresso-americano\/#primaryimage"},"thumbnailUrl":"https:\/\/jornalfatosenoticias.com.br\/wp-content\/uploads\/2021\/02\/crise-dos-chips_shutterstock.jpg","keywords":["chips","Ford","GM","Joe Biden","semicondutores"],"articleSection":["Tecnologia &amp; Inova\u00e7\u00e3o"],"inLanguage":"pt-BR","potentialAction":[{"@type":"CommentAction","name":"Comment","target":["https:\/\/jornalfatosenoticias.com.br\/index.php\/2021\/02\/24\/crise-dos-chips-escassez-preocupa-joe-biden-e-congresso-americano\/#respond"]}]},{"@type":"WebPage","@id":"https:\/\/jornalfatosenoticias.com.br\/index.php\/2021\/02\/24\/crise-dos-chips-escassez-preocupa-joe-biden-e-congresso-americano\/","url":"https:\/\/jornalfatosenoticias.com.br\/index.php\/2021\/02\/24\/crise-dos-chips-escassez-preocupa-joe-biden-e-congresso-americano\/","name":"Crise dos chips: escassez preocupa Joe Biden e Congresso americano - Jornal Fatos e Not\u00edcias","isPartOf":{"@id":"https:\/\/jornalfatosenoticias.com.br\/#website"},"primaryImageOfPage":{"@id":"https:\/\/jornalfatosenoticias.com.br\/index.php\/2021\/02\/24\/crise-dos-chips-escassez-preocupa-joe-biden-e-congresso-americano\/#primaryimage"},"image":{"@id":"https:\/\/jornalfatosenoticias.com.br\/index.php\/2021\/02\/24\/crise-dos-chips-escassez-preocupa-joe-biden-e-congresso-americano\/#primaryimage"},"thumbnailUrl":"https:\/\/jornalfatosenoticias.com.br\/wp-content\/uploads\/2021\/02\/crise-dos-chips_shutterstock.jpg","datePublished":"2021-02-24T14:41:25+00:00","dateModified":"2021-02-24T14:41:31+00:00","breadcrumb":{"@id":"https:\/\/jornalfatosenoticias.com.br\/index.php\/2021\/02\/24\/crise-dos-chips-escassez-preocupa-joe-biden-e-congresso-americano\/#breadcrumb"},"inLanguage":"pt-BR","potentialAction":[{"@type":"ReadAction","target":["https:\/\/jornalfatosenoticias.com.br\/index.php\/2021\/02\/24\/crise-dos-chips-escassez-preocupa-joe-biden-e-congresso-americano\/"]}]},{"@type":"ImageObject","inLanguage":"pt-BR","@id":"https:\/\/jornalfatosenoticias.com.br\/index.php\/2021\/02\/24\/crise-dos-chips-escassez-preocupa-joe-biden-e-congresso-americano\/#primaryimage","url":"https:\/\/jornalfatosenoticias.com.br\/wp-content\/uploads\/2021\/02\/crise-dos-chips_shutterstock.jpg","contentUrl":"https:\/\/jornalfatosenoticias.com.br\/wp-content\/uploads\/2021\/02\/crise-dos-chips_shutterstock.jpg","width":1000,"height":225},{"@type":"BreadcrumbList","@id":"https:\/\/jornalfatosenoticias.com.br\/index.php\/2021\/02\/24\/crise-dos-chips-escassez-preocupa-joe-biden-e-congresso-americano\/#breadcrumb","itemListElement":[{"@type":"ListItem","position":1,"name":"In\u00edcio","item":"https:\/\/jornalfatosenoticias.com.br\/"},{"@type":"ListItem","position":2,"name":"Crise dos chips: escassez preocupa Joe Biden e Congresso americano"}]},{"@type":"WebSite","@id":"https:\/\/jornalfatosenoticias.com.br\/#website","url":"https:\/\/jornalfatosenoticias.com.br\/","name":"Jornal Fatos e Not\u00edcias","description":"Not\u00edcias em geral","publisher":{"@id":"https:\/\/jornalfatosenoticias.com.br\/#organization"},"potentialAction":[{"@type":"SearchAction","target":{"@type":"EntryPoint","urlTemplate":"https:\/\/jornalfatosenoticias.com.br\/?s={search_term_string}"},"query-input":{"@type":"PropertyValueSpecification","valueRequired":true,"valueName":"search_term_string"}}],"inLanguage":"pt-BR"},{"@type":"Organization","@id":"https:\/\/jornalfatosenoticias.com.br\/#organization","name":"Jornal Fatos e Not\u00edcias","url":"https:\/\/jornalfatosenoticias.com.br\/","logo":{"@type":"ImageObject","inLanguage":"pt-BR","@id":"https:\/\/jornalfatosenoticias.com.br\/#\/schema\/logo\/image\/","url":"https:\/\/jornalfatosenoticias.com.br\/wp-content\/uploads\/2020\/02\/logo120.png","contentUrl":"https:\/\/jornalfatosenoticias.com.br\/wp-content\/uploads\/2020\/02\/logo120.png","width":1227,"height":120,"caption":"Jornal Fatos e Not\u00edcias"},"image":{"@id":"https:\/\/jornalfatosenoticias.com.br\/#\/schema\/logo\/image\/"}},{"@type":"Person","@id":"https:\/\/jornalfatosenoticias.com.br\/#\/schema\/person\/d63837fa13ac8666eb9e74e0985d6f81","name":"Luzimara Fernandes","image":{"@type":"ImageObject","inLanguage":"pt-BR","@id":"https:\/\/jornalfatosenoticias.com.br\/#\/schema\/person\/image\/","url":"https:\/\/jornalfatosenoticias.com.br\/wp-content\/uploads\/2025\/05\/EU_portal.jpg","contentUrl":"https:\/\/jornalfatosenoticias.com.br\/wp-content\/uploads\/2025\/05\/EU_portal.jpg","caption":"Luzimara Fernandes"},"description":"Jornalista MTB 2358-ES","sameAs":["https:\/\/jornalfatosenoticias.com.br"],"url":"https:\/\/jornalfatosenoticias.com.br\/index.php\/author\/luzimara\/"}]}},"cc_featured_image_caption":{"caption_text":"(Foto: Shutterstock)","source_text":"","source_url":""},"jetpack_featured_media_url":"https:\/\/jornalfatosenoticias.com.br\/wp-content\/uploads\/2021\/02\/crise-dos-chips_shutterstock.jpg","_links":{"self":[{"href":"https:\/\/jornalfatosenoticias.com.br\/index.php\/wp-json\/wp\/v2\/posts\/15113","targetHints":{"allow":["GET"]}}],"collection":[{"href":"https:\/\/jornalfatosenoticias.com.br\/index.php\/wp-json\/wp\/v2\/posts"}],"about":[{"href":"https:\/\/jornalfatosenoticias.com.br\/index.php\/wp-json\/wp\/v2\/types\/post"}],"author":[{"embeddable":true,"href":"https:\/\/jornalfatosenoticias.com.br\/index.php\/wp-json\/wp\/v2\/users\/2"}],"replies":[{"embeddable":true,"href":"https:\/\/jornalfatosenoticias.com.br\/index.php\/wp-json\/wp\/v2\/comments?post=15113"}],"version-history":[{"count":0,"href":"https:\/\/jornalfatosenoticias.com.br\/index.php\/wp-json\/wp\/v2\/posts\/15113\/revisions"}],"wp:featuredmedia":[{"embeddable":true,"href":"https:\/\/jornalfatosenoticias.com.br\/index.php\/wp-json\/wp\/v2\/media\/15115"}],"wp:attachment":[{"href":"https:\/\/jornalfatosenoticias.com.br\/index.php\/wp-json\/wp\/v2\/media?parent=15113"}],"wp:term":[{"taxonomy":"category","embeddable":true,"href":"https:\/\/jornalfatosenoticias.com.br\/index.php\/wp-json\/wp\/v2\/categories?post=15113"},{"taxonomy":"post_tag","embeddable":true,"href":"https:\/\/jornalfatosenoticias.com.br\/index.php\/wp-json\/wp\/v2\/tags?post=15113"}],"curies":[{"name":"wp","href":"https:\/\/api.w.org\/{rel}","templated":true}]}}