{"id":15133,"date":"2021-02-25T16:27:26","date_gmt":"2021-02-25T19:27:26","guid":{"rendered":"https:\/\/jornalfatosenoticias.com.br\/?p=15133"},"modified":"2021-02-25T16:27:31","modified_gmt":"2021-02-25T19:27:31","slug":"america-do-sul-volta-as-aulas-com-cautela-e-receio","status":"publish","type":"post","link":"https:\/\/jornalfatosenoticias.com.br\/index.php\/2021\/02\/25\/america-do-sul-volta-as-aulas-com-cautela-e-receio\/","title":{"rendered":"Am\u00e9rica do Sul volta \u00e0s aulas com cautela e receio"},"content":{"rendered":"\n<p>O ano letivo havia acabado de come\u00e7ar no ano passado quando a covid-19 mandou quase todos os alunos da Am\u00e9rica do Sul para casa. Com o fim do ver\u00e3o, as escolas agora tentam reabrir suas portas, apesar do receio de pais e professores.<br>Segundo pa\u00eds com mais mortes por coronav\u00edrus, o Brasil foi duramente atingido por uma pandemia que fechou grande parte de suas escolas durante quase um ano. Ap\u00f3s o recesso de ver\u00e3o, algumas institui\u00e7\u00f5es come\u00e7aram a reabrir, como os col\u00e9gios estaduais de S\u00e3o Paulo, que retomaram as atividades presenciais com uma capacidade de entre 35% e 70%, em sistema de rota\u00e7\u00e3o. As escolas privadas, que concentram 19% dos estudantes de ensino fundamental e m\u00e9dio do Brasil, tamb\u00e9m est\u00e3o retomando suas atividades, alternando aulas presenciais opcionais com aulas remotas.<br>No Rio, por\u00e9m, apenas 38 escolas da rede municipal foram autorizadas a receber alunos, por serem as \u00fanicas com as infraestruturas de higiene e espa\u00e7o em dia. A suspens\u00e3o das aulas presenciais tamb\u00e9m afetou a qualidade da educa\u00e7\u00e3o de um continente que j\u00e1 apresentava fortes desigualdades. &#8220;Meus filhos foram aprovados porque n\u00e3o havia muita op\u00e7\u00e3o, mas a aprendizagem n\u00e3o teve a mesma qualidade do que teria se estivessem frequentando a escola&#8221;, relata V\u00e2nia Ribeiro, uma empregada dom\u00e9stica com dois filhos adolescentes que estudam em uma escola estadual do interior do Rio de Janeiro.<br>J\u00e1 na Argentina, as aulas presenciais de 2020 foram suspensas apenas uma semana ap\u00f3s o in\u00edcio. Era 15 de mar\u00e7o, e a pandemia j\u00e1 chegava em grande parte do mundo nas primeiras etapas de uma crise mundial que, em maio, chegaria a deixar 1,2 bilh\u00e3o de estudantes fora da sala de aula, segundo dados da Organiza\u00e7\u00e3o das Na\u00e7\u00f5es Unidas para a Educa\u00e7\u00e3o, a Ci\u00eancia e a Cultura (Unesco). Mais de 160 milh\u00f5es deles est\u00e3o na regi\u00e3o da Am\u00e9rica Latina e Caribe.<br>Na semana passada, algumas escolas argentinas iniciaram um plano de retorno gradual \u00e0s aulas, que deve ser conclu\u00eddo em 8 de mar\u00e7o. Mas o temor continua presente neste pa\u00eds que conta 51.100 mortes por coronav\u00edrus e mais de dois milh\u00f5es de casos. A situa\u00e7\u00e3o no Chile n\u00e3o \u00e9 muito diferente. O conselho de professores chileno pediu para adiar o in\u00edcio das aulas presenciais para 15 de abril, quando a campanha de vacina\u00e7\u00e3o em massa j\u00e1 estiver mais avan\u00e7ada.<br>No entanto, a data de in\u00edcio se mant\u00e9m em 1\u00ba de mar\u00e7o, quando cerca de nove mil col\u00e9gios \u2014 1.600 deles privados \u2014 devem come\u00e7ar o ano letivo sob um modelo h\u00edbrido de aulas presenciais, que at\u00e9 o momento s\u00e3o volunt\u00e1rias, e virtuais. Mais ambicioso \u00e9 o objetivo do Uruguai, onde em 1\u00ba mar\u00e7o come\u00e7a o ano letivo com presen\u00e7a obrigat\u00f3ria para os alunos da rede p\u00fablica, apesar dos receios dos sindicatos de professores.<\/p>\n\n\n\n<figure class=\"wp-block-image size-large\"><img loading=\"lazy\" decoding=\"async\" width=\"1000\" height=\"1000\" src=\"https:\/\/jornalfatosenoticias.com.br\/wp-content\/uploads\/2021\/02\/volta-as-aulas-america-do-sul.jpg\" alt=\"\" class=\"wp-image-15134\" srcset=\"https:\/\/jornalfatosenoticias.com.br\/wp-content\/uploads\/2021\/02\/volta-as-aulas-america-do-sul.jpg 1000w, https:\/\/jornalfatosenoticias.com.br\/wp-content\/uploads\/2021\/02\/volta-as-aulas-america-do-sul-300x300.jpg 300w, https:\/\/jornalfatosenoticias.com.br\/wp-content\/uploads\/2021\/02\/volta-as-aulas-america-do-sul-150x150.jpg 150w, https:\/\/jornalfatosenoticias.com.br\/wp-content\/uploads\/2021\/02\/volta-as-aulas-america-do-sul-768x768.jpg 768w\" sizes=\"auto, (max-width: 1000px) 100vw, 1000px\" \/><figcaption><em>Mapa da Am\u00e9rica do Sul com detalhe da forma de ensino em que foram retomadas as aulas em cada pa\u00eds, em meio \u00e0 pandemia da covid-19 (Foto: \u00a9 Tatiana Magarinos)<\/em><\/figcaption><\/figure>\n\n\n\n<p>Elogiado por suas baixas taxas de cont\u00e1gio na primeira onda, o pequeno pa\u00eds sul-americano chegou a retomar as aulas presenciais voluntariamente desde junho passado, mas muitos pais continuaram optando pelo modo virtual.<br>Em um caminho parecido est\u00e1 a Col\u00f4mbia, onde o Minist\u00e9rio da Educa\u00e7\u00e3o calcula que hoje h\u00e1 aulas presenciais em 60% do pa\u00eds. Este regresso paulatino, que combina aulas f\u00edsicas e virtuais para quem assim desejar, come\u00e7ou em setembro. Foi interrompido, por\u00e9m, devido ao aumento de casos registrados em dezembro e janeiro em algumas regi\u00f5es do pa\u00eds.<br>Enquanto isso, no Equador, onde as aulas presenciais est\u00e3o h\u00e1 quase um ano suspensas para 4,1 milh\u00f5es de estudantes, o que preocupa \u00e9 especialmente a situa\u00e7\u00e3o de mais de um milh\u00e3o deles que n\u00e3o t\u00eam computador, ou acesso \u00e0 internet, em casa. O Peru tamb\u00e9m n\u00e3o tem uma data marcada para o retorno f\u00edsico \u00e0s aulas, que come\u00e7ar\u00e1 o pr\u00f3ximo ano letivo de forma virtual em 15 de mar\u00e7o, \u00e0 espera da evolu\u00e7\u00e3o da pandemia.<\/p>\n\n\n\n<p><strong><em>Fonte:<a href=\"https:\/\/www.msn.com\/pt-br\/noticias\/educacao\/am%C3%A9rica-do-sul-volta-%C3%A0s-aulas-com-cautela-e-receio\/ar-BB1dWd65\"> MSN Not\u00edcias<\/a><\/em><\/strong><\/p>\n","protected":false},"excerpt":{"rendered":"<p>O ano letivo havia acabado de come\u00e7ar no ano passado quando a covid-19 mandou quase todos os alunos da Am\u00e9rica do Sul para casa. Com o fim do ver\u00e3o, as escolas agora tentam reabrir suas portas, apesar do receio de pais e professores.Segundo pa\u00eds com mais mortes por coronav\u00edrus, o Brasil foi duramente atingido por [&hellip;]<\/p>\n","protected":false},"author":2,"featured_media":15135,"comment_status":"open","ping_status":"open","sticky":false,"template":"","format":"standard","meta":{"footnotes":""},"categories":[7],"tags":[208,7716,330,7717,4692],"class_list":["post-15133","post","type-post","status-publish","format-standard","has-post-thumbnail","hentry","category-educacao","tag-america-do-sul","tag-cautela","tag-pandemia","tag-receio","tag-volta-as-aulas"],"yoast_head":"<!-- This site is optimized with the Yoast SEO plugin v26.5 - https:\/\/yoast.com\/wordpress\/plugins\/seo\/ -->\n<title>Am\u00e9rica do Sul volta \u00e0s aulas com cautela e receio - Jornal Fatos e Not\u00edcias<\/title>\n<meta name=\"robots\" content=\"index, follow, max-snippet:-1, max-image-preview:large, max-video-preview:-1\" \/>\n<link rel=\"canonical\" href=\"https:\/\/jornalfatosenoticias.com.br\/index.php\/2021\/02\/25\/america-do-sul-volta-as-aulas-com-cautela-e-receio\/\" \/>\n<meta property=\"og:locale\" content=\"pt_BR\" \/>\n<meta property=\"og:type\" content=\"article\" \/>\n<meta property=\"og:title\" content=\"Am\u00e9rica do Sul volta \u00e0s aulas com cautela e receio - Jornal Fatos e Not\u00edcias\" \/>\n<meta property=\"og:description\" content=\"O ano letivo havia acabado de come\u00e7ar no ano passado quando a covid-19 mandou quase todos os alunos da Am\u00e9rica do Sul para casa. Com o fim do ver\u00e3o, as escolas agora tentam reabrir suas portas, apesar do receio de pais e professores.Segundo pa\u00eds com mais mortes por coronav\u00edrus, o Brasil foi duramente atingido por [&hellip;]\" \/>\n<meta property=\"og:url\" content=\"https:\/\/jornalfatosenoticias.com.br\/index.php\/2021\/02\/25\/america-do-sul-volta-as-aulas-com-cautela-e-receio\/\" \/>\n<meta property=\"og:site_name\" content=\"Jornal Fatos e Not\u00edcias\" \/>\n<meta property=\"article:published_time\" content=\"2021-02-25T19:27:26+00:00\" \/>\n<meta property=\"article:modified_time\" content=\"2021-02-25T19:27:31+00:00\" \/>\n<meta property=\"og:image\" content=\"https:\/\/jornalfatosenoticias.com.br\/wp-content\/uploads\/2021\/02\/aulas-america-do-sul.jpg\" \/>\n\t<meta property=\"og:image:width\" content=\"1000\" \/>\n\t<meta property=\"og:image:height\" content=\"641\" \/>\n\t<meta property=\"og:image:type\" content=\"image\/jpeg\" \/>\n<meta name=\"author\" content=\"Luzimara Fernandes\" \/>\n<meta name=\"twitter:card\" content=\"summary_large_image\" \/>\n<meta name=\"twitter:label1\" content=\"Escrito por\" \/>\n\t<meta name=\"twitter:data1\" content=\"Luzimara Fernandes\" \/>\n\t<meta name=\"twitter:label2\" content=\"Est. tempo de leitura\" \/>\n\t<meta name=\"twitter:data2\" content=\"4 minutos\" \/>\n<script type=\"application\/ld+json\" class=\"yoast-schema-graph\">{\"@context\":\"https:\/\/schema.org\",\"@graph\":[{\"@type\":\"Article\",\"@id\":\"https:\/\/jornalfatosenoticias.com.br\/index.php\/2021\/02\/25\/america-do-sul-volta-as-aulas-com-cautela-e-receio\/#article\",\"isPartOf\":{\"@id\":\"https:\/\/jornalfatosenoticias.com.br\/index.php\/2021\/02\/25\/america-do-sul-volta-as-aulas-com-cautela-e-receio\/\"},\"author\":{\"name\":\"Luzimara Fernandes\",\"@id\":\"https:\/\/jornalfatosenoticias.com.br\/#\/schema\/person\/d63837fa13ac8666eb9e74e0985d6f81\"},\"headline\":\"Am\u00e9rica do Sul volta \u00e0s aulas com cautela e receio\",\"datePublished\":\"2021-02-25T19:27:26+00:00\",\"dateModified\":\"2021-02-25T19:27:31+00:00\",\"mainEntityOfPage\":{\"@id\":\"https:\/\/jornalfatosenoticias.com.br\/index.php\/2021\/02\/25\/america-do-sul-volta-as-aulas-com-cautela-e-receio\/\"},\"wordCount\":724,\"commentCount\":0,\"publisher\":{\"@id\":\"https:\/\/jornalfatosenoticias.com.br\/#organization\"},\"image\":{\"@id\":\"https:\/\/jornalfatosenoticias.com.br\/index.php\/2021\/02\/25\/america-do-sul-volta-as-aulas-com-cautela-e-receio\/#primaryimage\"},\"thumbnailUrl\":\"https:\/\/jornalfatosenoticias.com.br\/wp-content\/uploads\/2021\/02\/aulas-america-do-sul.jpg\",\"keywords\":[\"Am\u00e9rica do Sul\",\"cautela\",\"pandemia\",\"receio\",\"volta \u00e0s aulas\"],\"articleSection\":[\"Educa\u00e7\u00e3o\"],\"inLanguage\":\"pt-BR\",\"potentialAction\":[{\"@type\":\"CommentAction\",\"name\":\"Comment\",\"target\":[\"https:\/\/jornalfatosenoticias.com.br\/index.php\/2021\/02\/25\/america-do-sul-volta-as-aulas-com-cautela-e-receio\/#respond\"]}]},{\"@type\":\"WebPage\",\"@id\":\"https:\/\/jornalfatosenoticias.com.br\/index.php\/2021\/02\/25\/america-do-sul-volta-as-aulas-com-cautela-e-receio\/\",\"url\":\"https:\/\/jornalfatosenoticias.com.br\/index.php\/2021\/02\/25\/america-do-sul-volta-as-aulas-com-cautela-e-receio\/\",\"name\":\"Am\u00e9rica do Sul volta \u00e0s aulas com cautela e receio - Jornal Fatos e Not\u00edcias\",\"isPartOf\":{\"@id\":\"https:\/\/jornalfatosenoticias.com.br\/#website\"},\"primaryImageOfPage\":{\"@id\":\"https:\/\/jornalfatosenoticias.com.br\/index.php\/2021\/02\/25\/america-do-sul-volta-as-aulas-com-cautela-e-receio\/#primaryimage\"},\"image\":{\"@id\":\"https:\/\/jornalfatosenoticias.com.br\/index.php\/2021\/02\/25\/america-do-sul-volta-as-aulas-com-cautela-e-receio\/#primaryimage\"},\"thumbnailUrl\":\"https:\/\/jornalfatosenoticias.com.br\/wp-content\/uploads\/2021\/02\/aulas-america-do-sul.jpg\",\"datePublished\":\"2021-02-25T19:27:26+00:00\",\"dateModified\":\"2021-02-25T19:27:31+00:00\",\"breadcrumb\":{\"@id\":\"https:\/\/jornalfatosenoticias.com.br\/index.php\/2021\/02\/25\/america-do-sul-volta-as-aulas-com-cautela-e-receio\/#breadcrumb\"},\"inLanguage\":\"pt-BR\",\"potentialAction\":[{\"@type\":\"ReadAction\",\"target\":[\"https:\/\/jornalfatosenoticias.com.br\/index.php\/2021\/02\/25\/america-do-sul-volta-as-aulas-com-cautela-e-receio\/\"]}]},{\"@type\":\"ImageObject\",\"inLanguage\":\"pt-BR\",\"@id\":\"https:\/\/jornalfatosenoticias.com.br\/index.php\/2021\/02\/25\/america-do-sul-volta-as-aulas-com-cautela-e-receio\/#primaryimage\",\"url\":\"https:\/\/jornalfatosenoticias.com.br\/wp-content\/uploads\/2021\/02\/aulas-america-do-sul.jpg\",\"contentUrl\":\"https:\/\/jornalfatosenoticias.com.br\/wp-content\/uploads\/2021\/02\/aulas-america-do-sul.jpg\",\"width\":1000,\"height\":641},{\"@type\":\"BreadcrumbList\",\"@id\":\"https:\/\/jornalfatosenoticias.com.br\/index.php\/2021\/02\/25\/america-do-sul-volta-as-aulas-com-cautela-e-receio\/#breadcrumb\",\"itemListElement\":[{\"@type\":\"ListItem\",\"position\":1,\"name\":\"In\u00edcio\",\"item\":\"https:\/\/jornalfatosenoticias.com.br\/\"},{\"@type\":\"ListItem\",\"position\":2,\"name\":\"Am\u00e9rica do Sul volta \u00e0s aulas com cautela e receio\"}]},{\"@type\":\"WebSite\",\"@id\":\"https:\/\/jornalfatosenoticias.com.br\/#website\",\"url\":\"https:\/\/jornalfatosenoticias.com.br\/\",\"name\":\"Jornal Fatos e Not\u00edcias\",\"description\":\"Not\u00edcias em geral\",\"publisher\":{\"@id\":\"https:\/\/jornalfatosenoticias.com.br\/#organization\"},\"potentialAction\":[{\"@type\":\"SearchAction\",\"target\":{\"@type\":\"EntryPoint\",\"urlTemplate\":\"https:\/\/jornalfatosenoticias.com.br\/?s={search_term_string}\"},\"query-input\":{\"@type\":\"PropertyValueSpecification\",\"valueRequired\":true,\"valueName\":\"search_term_string\"}}],\"inLanguage\":\"pt-BR\"},{\"@type\":\"Organization\",\"@id\":\"https:\/\/jornalfatosenoticias.com.br\/#organization\",\"name\":\"Jornal Fatos e Not\u00edcias\",\"url\":\"https:\/\/jornalfatosenoticias.com.br\/\",\"logo\":{\"@type\":\"ImageObject\",\"inLanguage\":\"pt-BR\",\"@id\":\"https:\/\/jornalfatosenoticias.com.br\/#\/schema\/logo\/image\/\",\"url\":\"https:\/\/jornalfatosenoticias.com.br\/wp-content\/uploads\/2020\/02\/logo120.png\",\"contentUrl\":\"https:\/\/jornalfatosenoticias.com.br\/wp-content\/uploads\/2020\/02\/logo120.png\",\"width\":1227,\"height\":120,\"caption\":\"Jornal Fatos e Not\u00edcias\"},\"image\":{\"@id\":\"https:\/\/jornalfatosenoticias.com.br\/#\/schema\/logo\/image\/\"}},{\"@type\":\"Person\",\"@id\":\"https:\/\/jornalfatosenoticias.com.br\/#\/schema\/person\/d63837fa13ac8666eb9e74e0985d6f81\",\"name\":\"Luzimara Fernandes\",\"image\":{\"@type\":\"ImageObject\",\"inLanguage\":\"pt-BR\",\"@id\":\"https:\/\/jornalfatosenoticias.com.br\/#\/schema\/person\/image\/\",\"url\":\"https:\/\/jornalfatosenoticias.com.br\/wp-content\/uploads\/2025\/05\/EU_portal.jpg\",\"contentUrl\":\"https:\/\/jornalfatosenoticias.com.br\/wp-content\/uploads\/2025\/05\/EU_portal.jpg\",\"caption\":\"Luzimara Fernandes\"},\"description\":\"Jornalista MTB 2358-ES\",\"sameAs\":[\"https:\/\/jornalfatosenoticias.com.br\"],\"url\":\"https:\/\/jornalfatosenoticias.com.br\/index.php\/author\/luzimara\/\"}]}<\/script>\n<!-- \/ Yoast SEO plugin. -->","yoast_head_json":{"title":"Am\u00e9rica do Sul volta \u00e0s aulas com cautela e receio - Jornal Fatos e Not\u00edcias","robots":{"index":"index","follow":"follow","max-snippet":"max-snippet:-1","max-image-preview":"max-image-preview:large","max-video-preview":"max-video-preview:-1"},"canonical":"https:\/\/jornalfatosenoticias.com.br\/index.php\/2021\/02\/25\/america-do-sul-volta-as-aulas-com-cautela-e-receio\/","og_locale":"pt_BR","og_type":"article","og_title":"Am\u00e9rica do Sul volta \u00e0s aulas com cautela e receio - Jornal Fatos e Not\u00edcias","og_description":"O ano letivo havia acabado de come\u00e7ar no ano passado quando a covid-19 mandou quase todos os alunos da Am\u00e9rica do Sul para casa. Com o fim do ver\u00e3o, as escolas agora tentam reabrir suas portas, apesar do receio de pais e professores.Segundo pa\u00eds com mais mortes por coronav\u00edrus, o Brasil foi duramente atingido por [&hellip;]","og_url":"https:\/\/jornalfatosenoticias.com.br\/index.php\/2021\/02\/25\/america-do-sul-volta-as-aulas-com-cautela-e-receio\/","og_site_name":"Jornal Fatos e Not\u00edcias","article_published_time":"2021-02-25T19:27:26+00:00","article_modified_time":"2021-02-25T19:27:31+00:00","og_image":[{"width":1000,"height":641,"url":"https:\/\/jornalfatosenoticias.com.br\/wp-content\/uploads\/2021\/02\/aulas-america-do-sul.jpg","type":"image\/jpeg"}],"author":"Luzimara Fernandes","twitter_card":"summary_large_image","twitter_misc":{"Escrito por":"Luzimara Fernandes","Est. tempo de leitura":"4 minutos"},"schema":{"@context":"https:\/\/schema.org","@graph":[{"@type":"Article","@id":"https:\/\/jornalfatosenoticias.com.br\/index.php\/2021\/02\/25\/america-do-sul-volta-as-aulas-com-cautela-e-receio\/#article","isPartOf":{"@id":"https:\/\/jornalfatosenoticias.com.br\/index.php\/2021\/02\/25\/america-do-sul-volta-as-aulas-com-cautela-e-receio\/"},"author":{"name":"Luzimara Fernandes","@id":"https:\/\/jornalfatosenoticias.com.br\/#\/schema\/person\/d63837fa13ac8666eb9e74e0985d6f81"},"headline":"Am\u00e9rica do Sul volta \u00e0s aulas com cautela e receio","datePublished":"2021-02-25T19:27:26+00:00","dateModified":"2021-02-25T19:27:31+00:00","mainEntityOfPage":{"@id":"https:\/\/jornalfatosenoticias.com.br\/index.php\/2021\/02\/25\/america-do-sul-volta-as-aulas-com-cautela-e-receio\/"},"wordCount":724,"commentCount":0,"publisher":{"@id":"https:\/\/jornalfatosenoticias.com.br\/#organization"},"image":{"@id":"https:\/\/jornalfatosenoticias.com.br\/index.php\/2021\/02\/25\/america-do-sul-volta-as-aulas-com-cautela-e-receio\/#primaryimage"},"thumbnailUrl":"https:\/\/jornalfatosenoticias.com.br\/wp-content\/uploads\/2021\/02\/aulas-america-do-sul.jpg","keywords":["Am\u00e9rica do Sul","cautela","pandemia","receio","volta \u00e0s aulas"],"articleSection":["Educa\u00e7\u00e3o"],"inLanguage":"pt-BR","potentialAction":[{"@type":"CommentAction","name":"Comment","target":["https:\/\/jornalfatosenoticias.com.br\/index.php\/2021\/02\/25\/america-do-sul-volta-as-aulas-com-cautela-e-receio\/#respond"]}]},{"@type":"WebPage","@id":"https:\/\/jornalfatosenoticias.com.br\/index.php\/2021\/02\/25\/america-do-sul-volta-as-aulas-com-cautela-e-receio\/","url":"https:\/\/jornalfatosenoticias.com.br\/index.php\/2021\/02\/25\/america-do-sul-volta-as-aulas-com-cautela-e-receio\/","name":"Am\u00e9rica do Sul volta \u00e0s aulas com cautela e receio - Jornal Fatos e Not\u00edcias","isPartOf":{"@id":"https:\/\/jornalfatosenoticias.com.br\/#website"},"primaryImageOfPage":{"@id":"https:\/\/jornalfatosenoticias.com.br\/index.php\/2021\/02\/25\/america-do-sul-volta-as-aulas-com-cautela-e-receio\/#primaryimage"},"image":{"@id":"https:\/\/jornalfatosenoticias.com.br\/index.php\/2021\/02\/25\/america-do-sul-volta-as-aulas-com-cautela-e-receio\/#primaryimage"},"thumbnailUrl":"https:\/\/jornalfatosenoticias.com.br\/wp-content\/uploads\/2021\/02\/aulas-america-do-sul.jpg","datePublished":"2021-02-25T19:27:26+00:00","dateModified":"2021-02-25T19:27:31+00:00","breadcrumb":{"@id":"https:\/\/jornalfatosenoticias.com.br\/index.php\/2021\/02\/25\/america-do-sul-volta-as-aulas-com-cautela-e-receio\/#breadcrumb"},"inLanguage":"pt-BR","potentialAction":[{"@type":"ReadAction","target":["https:\/\/jornalfatosenoticias.com.br\/index.php\/2021\/02\/25\/america-do-sul-volta-as-aulas-com-cautela-e-receio\/"]}]},{"@type":"ImageObject","inLanguage":"pt-BR","@id":"https:\/\/jornalfatosenoticias.com.br\/index.php\/2021\/02\/25\/america-do-sul-volta-as-aulas-com-cautela-e-receio\/#primaryimage","url":"https:\/\/jornalfatosenoticias.com.br\/wp-content\/uploads\/2021\/02\/aulas-america-do-sul.jpg","contentUrl":"https:\/\/jornalfatosenoticias.com.br\/wp-content\/uploads\/2021\/02\/aulas-america-do-sul.jpg","width":1000,"height":641},{"@type":"BreadcrumbList","@id":"https:\/\/jornalfatosenoticias.com.br\/index.php\/2021\/02\/25\/america-do-sul-volta-as-aulas-com-cautela-e-receio\/#breadcrumb","itemListElement":[{"@type":"ListItem","position":1,"name":"In\u00edcio","item":"https:\/\/jornalfatosenoticias.com.br\/"},{"@type":"ListItem","position":2,"name":"Am\u00e9rica do Sul volta \u00e0s aulas com cautela e receio"}]},{"@type":"WebSite","@id":"https:\/\/jornalfatosenoticias.com.br\/#website","url":"https:\/\/jornalfatosenoticias.com.br\/","name":"Jornal Fatos e Not\u00edcias","description":"Not\u00edcias em geral","publisher":{"@id":"https:\/\/jornalfatosenoticias.com.br\/#organization"},"potentialAction":[{"@type":"SearchAction","target":{"@type":"EntryPoint","urlTemplate":"https:\/\/jornalfatosenoticias.com.br\/?s={search_term_string}"},"query-input":{"@type":"PropertyValueSpecification","valueRequired":true,"valueName":"search_term_string"}}],"inLanguage":"pt-BR"},{"@type":"Organization","@id":"https:\/\/jornalfatosenoticias.com.br\/#organization","name":"Jornal Fatos e Not\u00edcias","url":"https:\/\/jornalfatosenoticias.com.br\/","logo":{"@type":"ImageObject","inLanguage":"pt-BR","@id":"https:\/\/jornalfatosenoticias.com.br\/#\/schema\/logo\/image\/","url":"https:\/\/jornalfatosenoticias.com.br\/wp-content\/uploads\/2020\/02\/logo120.png","contentUrl":"https:\/\/jornalfatosenoticias.com.br\/wp-content\/uploads\/2020\/02\/logo120.png","width":1227,"height":120,"caption":"Jornal Fatos e Not\u00edcias"},"image":{"@id":"https:\/\/jornalfatosenoticias.com.br\/#\/schema\/logo\/image\/"}},{"@type":"Person","@id":"https:\/\/jornalfatosenoticias.com.br\/#\/schema\/person\/d63837fa13ac8666eb9e74e0985d6f81","name":"Luzimara Fernandes","image":{"@type":"ImageObject","inLanguage":"pt-BR","@id":"https:\/\/jornalfatosenoticias.com.br\/#\/schema\/person\/image\/","url":"https:\/\/jornalfatosenoticias.com.br\/wp-content\/uploads\/2025\/05\/EU_portal.jpg","contentUrl":"https:\/\/jornalfatosenoticias.com.br\/wp-content\/uploads\/2025\/05\/EU_portal.jpg","caption":"Luzimara Fernandes"},"description":"Jornalista MTB 2358-ES","sameAs":["https:\/\/jornalfatosenoticias.com.br"],"url":"https:\/\/jornalfatosenoticias.com.br\/index.php\/author\/luzimara\/"}]}},"cc_featured_image_caption":{"caption_text":"Alunos (Foto: \u00a9Aizar Raldes) ","source_text":"","source_url":""},"jetpack_featured_media_url":"https:\/\/jornalfatosenoticias.com.br\/wp-content\/uploads\/2021\/02\/aulas-america-do-sul.jpg","_links":{"self":[{"href":"https:\/\/jornalfatosenoticias.com.br\/index.php\/wp-json\/wp\/v2\/posts\/15133","targetHints":{"allow":["GET"]}}],"collection":[{"href":"https:\/\/jornalfatosenoticias.com.br\/index.php\/wp-json\/wp\/v2\/posts"}],"about":[{"href":"https:\/\/jornalfatosenoticias.com.br\/index.php\/wp-json\/wp\/v2\/types\/post"}],"author":[{"embeddable":true,"href":"https:\/\/jornalfatosenoticias.com.br\/index.php\/wp-json\/wp\/v2\/users\/2"}],"replies":[{"embeddable":true,"href":"https:\/\/jornalfatosenoticias.com.br\/index.php\/wp-json\/wp\/v2\/comments?post=15133"}],"version-history":[{"count":0,"href":"https:\/\/jornalfatosenoticias.com.br\/index.php\/wp-json\/wp\/v2\/posts\/15133\/revisions"}],"wp:featuredmedia":[{"embeddable":true,"href":"https:\/\/jornalfatosenoticias.com.br\/index.php\/wp-json\/wp\/v2\/media\/15135"}],"wp:attachment":[{"href":"https:\/\/jornalfatosenoticias.com.br\/index.php\/wp-json\/wp\/v2\/media?parent=15133"}],"wp:term":[{"taxonomy":"category","embeddable":true,"href":"https:\/\/jornalfatosenoticias.com.br\/index.php\/wp-json\/wp\/v2\/categories?post=15133"},{"taxonomy":"post_tag","embeddable":true,"href":"https:\/\/jornalfatosenoticias.com.br\/index.php\/wp-json\/wp\/v2\/tags?post=15133"}],"curies":[{"name":"wp","href":"https:\/\/api.w.org\/{rel}","templated":true}]}}