{"id":15145,"date":"2021-02-25T16:42:18","date_gmt":"2021-02-25T19:42:18","guid":{"rendered":"https:\/\/jornalfatosenoticias.com.br\/?p=15145"},"modified":"2021-02-25T16:42:25","modified_gmt":"2021-02-25T19:42:25","slug":"como-o-lixo-no-mar-causa-prejuizos-ambientais-economicos-e-aos-banhistas","status":"publish","type":"post","link":"https:\/\/jornalfatosenoticias.com.br\/index.php\/2021\/02\/25\/como-o-lixo-no-mar-causa-prejuizos-ambientais-economicos-e-aos-banhistas\/","title":{"rendered":"Como o lixo no mar causa preju\u00edzos ambientais, econ\u00f4micos e aos banhistas"},"content":{"rendered":"\n<h6 class=\"wp-block-heading\"><em>Os dejetos deixados nas praias n\u00e3o s\u00f3 afetam as esp\u00e9cies marinhas, como tamb\u00e9m trazem preju\u00edzo econ\u00f4mico e aos banhistas, que frequentam esses locais<\/em><\/h6>\n\n\n\n<p>O perigo e a amea\u00e7a s\u00e3o reais: o lixo no mar causa preju\u00edzos ambientais, econ\u00f4micos e aos banhistas, por isso a insist\u00eancia neste assunto \u00e9 t\u00e3o urgente e atual, visto que com a pandemia do coronav\u00edrus o uso de materiais descart\u00e1veis aumentou, contribuindo para poluir ainda mais praias e oceanos.<br>Um estudo realizado pela Universidade de Queensland, na Austr\u00e1lia, aponta que a contamina\u00e7\u00e3o dos oceanos, principalmente por pl\u00e1sticos, \u00e9 respons\u00e1vel pela morte de cerca de 100 mil animais todos os anos. Segundo o presidente do conselho da Associa\u00e7\u00e3o MarBrasil, Ariel Scheffer, cerca de 700 esp\u00e9cies marinhas s\u00e3o afetadas pela polui\u00e7\u00e3o pl\u00e1stica nos mares, incluindo mais de 260 esp\u00e9cies sob algum grau de amea\u00e7a de extin\u00e7\u00e3o.<br>\u201cMuitos animais se enroscam e ficam feridos ao terem contato com esse tipo de material, mas o problema principal \u00e9 a ingest\u00e3o do pl\u00e1stico, que n\u00e3o \u00e9 um elemento natural no trato digestivo e acaba causando a morte\u201d, explicou Ariel Scheffer.<br>Mesmo em tempos de pandemia, as pessoas continuam a frequentar as praias e descartar de forma irregular os materiais descart\u00e1veis, principalmente a m\u00e1scara. O fato foi relatado pelo Instituto Argonauta para Conserva\u00e7\u00e3o Costeira e Marinha que identificou o problema em praias de Ubatuba, Ilhabela e outros munic\u00edpios do litoral paulista.<\/p>\n\n\n\n<figure class=\"wp-block-image size-large\"><img loading=\"lazy\" decoding=\"async\" width=\"1000\" height=\"566\" src=\"https:\/\/jornalfatosenoticias.com.br\/wp-content\/uploads\/2021\/02\/cegonha_no_lixo.jpg\" alt=\"\" class=\"wp-image-15146\" srcset=\"https:\/\/jornalfatosenoticias.com.br\/wp-content\/uploads\/2021\/02\/cegonha_no_lixo.jpg 1000w, https:\/\/jornalfatosenoticias.com.br\/wp-content\/uploads\/2021\/02\/cegonha_no_lixo-300x170.jpg 300w, https:\/\/jornalfatosenoticias.com.br\/wp-content\/uploads\/2021\/02\/cegonha_no_lixo-768x435.jpg 768w\" sizes=\"auto, (max-width: 1000px) 100vw, 1000px\" \/><figcaption><em>Cegonha no lixo (Foto: gallinago_media\/iStock\/CASACOR)<\/em><\/figcaption><\/figure>\n\n\n\n<p>\u201cAs m\u00e1scaras t\u00eam componentes org\u00e2nicos e sint\u00e9ticos, e o descarte incorreto tanto pode representar um risco a sa\u00fade humana, porque uma m\u00e1scara de algu\u00e9m contaminado ainda pode conter por algum per\u00edodo o v\u00edrus, quanto elas representam um risco a fauna marinha, como todo res\u00edduo s\u00f3lido humano de uma forma geral\u201d, explica o ocean\u00f3grafo Hugo Gallo Neto, diretor-executivo do Aqu\u00e1rio de Ubatuba e do Instituto Argonauta.<br>Al\u00e9m de impactar as esp\u00e9cies marinhas, os res\u00edduos descartados nas praias tamb\u00e9m interferem na vida dos banhistas, que podem se ferir com determinados objetos. A sujeira tamb\u00e9m reduz a balneabilidade, que \u00e9 o \u00edndice usado para verificar a qualidade da \u00e1gua destinada \u00e0 recrea\u00e7\u00e3o. Desse modo, ela se torna impr\u00f3pria para o banho, podendo gerar contamina\u00e7\u00e3o por doen\u00e7as de pele.<br>Mas o problema n\u00e3o est\u00e1 apenas nos chamados \u201cmacropl\u00e1sticos\u201d, que s\u00e3o facilmente vis\u00edveis por pessoas e animais. As part\u00edculas de pl\u00e1stico com menos de cinco mil\u00edmetros, denominadas de \u201cmicropl\u00e1sticos, podem ser ingeridas indiretamente por peixes, aves, tartarugas e mam\u00edferos marinhos, levando seis vezes mais tempo para serem eliminados do organismo do que o macropl\u00e1stico, que \u00e9 ingerido diretamente.<\/p>\n\n\n\n<figure class=\"wp-block-image size-large\"><img loading=\"lazy\" decoding=\"async\" width=\"1000\" height=\"666\" src=\"https:\/\/jornalfatosenoticias.com.br\/wp-content\/uploads\/2021\/02\/lixo_praia.jpg\" alt=\"\" class=\"wp-image-15147\" srcset=\"https:\/\/jornalfatosenoticias.com.br\/wp-content\/uploads\/2021\/02\/lixo_praia.jpg 1000w, https:\/\/jornalfatosenoticias.com.br\/wp-content\/uploads\/2021\/02\/lixo_praia-300x200.jpg 300w, https:\/\/jornalfatosenoticias.com.br\/wp-content\/uploads\/2021\/02\/lixo_praia-768x511.jpg 768w\" sizes=\"auto, (max-width: 1000px) 100vw, 1000px\" \/><figcaption><em>Lixo na praia (Foto: Gustavo Sim\u00e3o\/O Povo\/ CASACOR)<\/em><\/figcaption><\/figure>\n\n\n\n<p>Em muitos casos, estes micropl\u00e1sticos entram na cadeia alimentar do homem, quando ele se alimenta de frutos do mar. \u201cDos animais encontrados mortos, 100% das tartarugas verdes e 75% das aves marinhas possuem algum tipo de pl\u00e1stico no est\u00f4mago\u201d, explica Ariel Scheffer, presidente do conselho da Associa\u00e7\u00e3o MarBrasil.<br>Por fim, o lixo no mar afeta tamb\u00e9m a economia dos munic\u00edpios, que precisam aumentar as despesas com a limpeza das praias e perdem a receita com o turismo. No setor da navega\u00e7\u00e3o e nas atividades pesqueiras, a produtividade tende a diminuir devido \u00e0 morte dos peixes e \u00e0 polui\u00e7\u00e3o dos oceanos, causada por esse lixo descartado de forma irregular.<\/p>\n\n\n\n<figure class=\"wp-block-image size-large\"><img loading=\"lazy\" decoding=\"async\" width=\"1000\" height=\"581\" src=\"https:\/\/jornalfatosenoticias.com.br\/wp-content\/uploads\/2021\/02\/mascaras-reproduc\u0327a\u0303o.jpg\" alt=\"\" class=\"wp-image-15148\" srcset=\"https:\/\/jornalfatosenoticias.com.br\/wp-content\/uploads\/2021\/02\/mascaras-reproduc\u0327a\u0303o.jpg 1000w, https:\/\/jornalfatosenoticias.com.br\/wp-content\/uploads\/2021\/02\/mascaras-reproduc\u0327a\u0303o-300x174.jpg 300w, https:\/\/jornalfatosenoticias.com.br\/wp-content\/uploads\/2021\/02\/mascaras-reproduc\u0327a\u0303o-768x446.jpg 768w\" sizes=\"auto, (max-width: 1000px) 100vw, 1000px\" \/><figcaption><em>M\u00e1scaras de prote\u00e7\u00e3o s\u00e3o descartadas em praias do litoral paulista (Foto: Reprodu\u00e7\u00e3o\/CASACOR)<\/em><\/figcaption><\/figure>\n\n\n\n<p><em><strong>Fonte: <a href=\"https:\/\/casacor.abril.com.br\/sustentabilidade\/lixo-no-mar-causa-prejuizos-ambientais-economicos\/#:~:text=Al%C3%A9m%20de%20impactar%20as%20esp%C3%A9cies,da%20%C3%A1gua%20destinada%20%C3%A0%20recrea%C3%A7%C3%A3o.\">CASACOR<\/a><\/strong><\/em><\/p>\n","protected":false},"excerpt":{"rendered":"<p>Os dejetos deixados nas praias n\u00e3o s\u00f3 afetam as esp\u00e9cies marinhas, como tamb\u00e9m trazem preju\u00edzo econ\u00f4mico e aos banhistas, que frequentam esses locais O perigo e a amea\u00e7a s\u00e3o reais: o lixo no mar causa preju\u00edzos ambientais, econ\u00f4micos e aos banhistas, por isso a insist\u00eancia neste assunto \u00e9 t\u00e3o urgente e atual, visto que com [&hellip;]<\/p>\n","protected":false},"author":2,"featured_media":15149,"comment_status":"open","ping_status":"open","sticky":false,"template":"","format":"standard","meta":{"footnotes":""},"categories":[8],"tags":[7720,452,577,1279,734],"class_list":["post-15145","post","type-post","status-publish","format-standard","has-post-thumbnail","hentry","category-meio-ambiente","tag-macroplasticos","tag-microplastico","tag-plastico","tag-poluicao","tag-sustentabilidade"],"yoast_head":"<!-- This site is optimized with the Yoast SEO plugin v26.5 - https:\/\/yoast.com\/wordpress\/plugins\/seo\/ -->\n<title>Como o lixo no mar causa preju\u00edzos ambientais, econ\u00f4micos e aos banhistas - Jornal Fatos e Not\u00edcias<\/title>\n<meta name=\"robots\" content=\"index, follow, max-snippet:-1, max-image-preview:large, max-video-preview:-1\" \/>\n<link rel=\"canonical\" href=\"https:\/\/jornalfatosenoticias.com.br\/index.php\/2021\/02\/25\/como-o-lixo-no-mar-causa-prejuizos-ambientais-economicos-e-aos-banhistas\/\" \/>\n<meta property=\"og:locale\" content=\"pt_BR\" \/>\n<meta property=\"og:type\" content=\"article\" \/>\n<meta property=\"og:title\" content=\"Como o lixo no mar causa preju\u00edzos ambientais, econ\u00f4micos e aos banhistas - Jornal Fatos e Not\u00edcias\" \/>\n<meta property=\"og:description\" content=\"Os dejetos deixados nas praias n\u00e3o s\u00f3 afetam as esp\u00e9cies marinhas, como tamb\u00e9m trazem preju\u00edzo econ\u00f4mico e aos banhistas, que frequentam esses locais O perigo e a amea\u00e7a s\u00e3o reais: o lixo no mar causa preju\u00edzos ambientais, econ\u00f4micos e aos banhistas, por isso a insist\u00eancia neste assunto \u00e9 t\u00e3o urgente e atual, visto que com [&hellip;]\" \/>\n<meta property=\"og:url\" content=\"https:\/\/jornalfatosenoticias.com.br\/index.php\/2021\/02\/25\/como-o-lixo-no-mar-causa-prejuizos-ambientais-economicos-e-aos-banhistas\/\" \/>\n<meta property=\"og:site_name\" content=\"Jornal Fatos e Not\u00edcias\" \/>\n<meta property=\"article:published_time\" content=\"2021-02-25T19:42:18+00:00\" \/>\n<meta property=\"article:modified_time\" content=\"2021-02-25T19:42:25+00:00\" \/>\n<meta property=\"og:image\" content=\"https:\/\/jornalfatosenoticias.com.br\/wp-content\/uploads\/2021\/02\/plastico-no-mar.jpg\" \/>\n\t<meta property=\"og:image:width\" content=\"1000\" \/>\n\t<meta property=\"og:image:height\" content=\"560\" \/>\n\t<meta property=\"og:image:type\" content=\"image\/jpeg\" \/>\n<meta name=\"author\" content=\"Luzimara Fernandes\" \/>\n<meta name=\"twitter:card\" content=\"summary_large_image\" \/>\n<meta name=\"twitter:label1\" content=\"Escrito por\" \/>\n\t<meta name=\"twitter:data1\" content=\"Luzimara Fernandes\" \/>\n\t<meta name=\"twitter:label2\" content=\"Est. tempo de leitura\" \/>\n\t<meta name=\"twitter:data2\" content=\"3 minutos\" \/>\n<script type=\"application\/ld+json\" class=\"yoast-schema-graph\">{\"@context\":\"https:\/\/schema.org\",\"@graph\":[{\"@type\":\"Article\",\"@id\":\"https:\/\/jornalfatosenoticias.com.br\/index.php\/2021\/02\/25\/como-o-lixo-no-mar-causa-prejuizos-ambientais-economicos-e-aos-banhistas\/#article\",\"isPartOf\":{\"@id\":\"https:\/\/jornalfatosenoticias.com.br\/index.php\/2021\/02\/25\/como-o-lixo-no-mar-causa-prejuizos-ambientais-economicos-e-aos-banhistas\/\"},\"author\":{\"name\":\"Luzimara Fernandes\",\"@id\":\"https:\/\/jornalfatosenoticias.com.br\/#\/schema\/person\/d63837fa13ac8666eb9e74e0985d6f81\"},\"headline\":\"Como o lixo no mar causa preju\u00edzos ambientais, econ\u00f4micos e aos banhistas\",\"datePublished\":\"2021-02-25T19:42:18+00:00\",\"dateModified\":\"2021-02-25T19:42:25+00:00\",\"mainEntityOfPage\":{\"@id\":\"https:\/\/jornalfatosenoticias.com.br\/index.php\/2021\/02\/25\/como-o-lixo-no-mar-causa-prejuizos-ambientais-economicos-e-aos-banhistas\/\"},\"wordCount\":629,\"commentCount\":0,\"publisher\":{\"@id\":\"https:\/\/jornalfatosenoticias.com.br\/#organization\"},\"image\":{\"@id\":\"https:\/\/jornalfatosenoticias.com.br\/index.php\/2021\/02\/25\/como-o-lixo-no-mar-causa-prejuizos-ambientais-economicos-e-aos-banhistas\/#primaryimage\"},\"thumbnailUrl\":\"https:\/\/jornalfatosenoticias.com.br\/wp-content\/uploads\/2021\/02\/plastico-no-mar.jpg\",\"keywords\":[\"macropl\u00e1sticos\",\"micropl\u00e1stico\",\"pl\u00e1stico\",\"polui\u00e7\u00e3o\",\"sustentabilidade\"],\"articleSection\":[\"Meio ambiente\"],\"inLanguage\":\"pt-BR\",\"potentialAction\":[{\"@type\":\"CommentAction\",\"name\":\"Comment\",\"target\":[\"https:\/\/jornalfatosenoticias.com.br\/index.php\/2021\/02\/25\/como-o-lixo-no-mar-causa-prejuizos-ambientais-economicos-e-aos-banhistas\/#respond\"]}]},{\"@type\":\"WebPage\",\"@id\":\"https:\/\/jornalfatosenoticias.com.br\/index.php\/2021\/02\/25\/como-o-lixo-no-mar-causa-prejuizos-ambientais-economicos-e-aos-banhistas\/\",\"url\":\"https:\/\/jornalfatosenoticias.com.br\/index.php\/2021\/02\/25\/como-o-lixo-no-mar-causa-prejuizos-ambientais-economicos-e-aos-banhistas\/\",\"name\":\"Como o lixo no mar causa preju\u00edzos ambientais, econ\u00f4micos e aos banhistas - Jornal Fatos e Not\u00edcias\",\"isPartOf\":{\"@id\":\"https:\/\/jornalfatosenoticias.com.br\/#website\"},\"primaryImageOfPage\":{\"@id\":\"https:\/\/jornalfatosenoticias.com.br\/index.php\/2021\/02\/25\/como-o-lixo-no-mar-causa-prejuizos-ambientais-economicos-e-aos-banhistas\/#primaryimage\"},\"image\":{\"@id\":\"https:\/\/jornalfatosenoticias.com.br\/index.php\/2021\/02\/25\/como-o-lixo-no-mar-causa-prejuizos-ambientais-economicos-e-aos-banhistas\/#primaryimage\"},\"thumbnailUrl\":\"https:\/\/jornalfatosenoticias.com.br\/wp-content\/uploads\/2021\/02\/plastico-no-mar.jpg\",\"datePublished\":\"2021-02-25T19:42:18+00:00\",\"dateModified\":\"2021-02-25T19:42:25+00:00\",\"breadcrumb\":{\"@id\":\"https:\/\/jornalfatosenoticias.com.br\/index.php\/2021\/02\/25\/como-o-lixo-no-mar-causa-prejuizos-ambientais-economicos-e-aos-banhistas\/#breadcrumb\"},\"inLanguage\":\"pt-BR\",\"potentialAction\":[{\"@type\":\"ReadAction\",\"target\":[\"https:\/\/jornalfatosenoticias.com.br\/index.php\/2021\/02\/25\/como-o-lixo-no-mar-causa-prejuizos-ambientais-economicos-e-aos-banhistas\/\"]}]},{\"@type\":\"ImageObject\",\"inLanguage\":\"pt-BR\",\"@id\":\"https:\/\/jornalfatosenoticias.com.br\/index.php\/2021\/02\/25\/como-o-lixo-no-mar-causa-prejuizos-ambientais-economicos-e-aos-banhistas\/#primaryimage\",\"url\":\"https:\/\/jornalfatosenoticias.com.br\/wp-content\/uploads\/2021\/02\/plastico-no-mar.jpg\",\"contentUrl\":\"https:\/\/jornalfatosenoticias.com.br\/wp-content\/uploads\/2021\/02\/plastico-no-mar.jpg\",\"width\":1000,\"height\":560},{\"@type\":\"BreadcrumbList\",\"@id\":\"https:\/\/jornalfatosenoticias.com.br\/index.php\/2021\/02\/25\/como-o-lixo-no-mar-causa-prejuizos-ambientais-economicos-e-aos-banhistas\/#breadcrumb\",\"itemListElement\":[{\"@type\":\"ListItem\",\"position\":1,\"name\":\"In\u00edcio\",\"item\":\"https:\/\/jornalfatosenoticias.com.br\/\"},{\"@type\":\"ListItem\",\"position\":2,\"name\":\"Como o lixo no mar causa preju\u00edzos ambientais, econ\u00f4micos e aos banhistas\"}]},{\"@type\":\"WebSite\",\"@id\":\"https:\/\/jornalfatosenoticias.com.br\/#website\",\"url\":\"https:\/\/jornalfatosenoticias.com.br\/\",\"name\":\"Jornal Fatos e Not\u00edcias\",\"description\":\"Not\u00edcias em geral\",\"publisher\":{\"@id\":\"https:\/\/jornalfatosenoticias.com.br\/#organization\"},\"potentialAction\":[{\"@type\":\"SearchAction\",\"target\":{\"@type\":\"EntryPoint\",\"urlTemplate\":\"https:\/\/jornalfatosenoticias.com.br\/?s={search_term_string}\"},\"query-input\":{\"@type\":\"PropertyValueSpecification\",\"valueRequired\":true,\"valueName\":\"search_term_string\"}}],\"inLanguage\":\"pt-BR\"},{\"@type\":\"Organization\",\"@id\":\"https:\/\/jornalfatosenoticias.com.br\/#organization\",\"name\":\"Jornal Fatos e Not\u00edcias\",\"url\":\"https:\/\/jornalfatosenoticias.com.br\/\",\"logo\":{\"@type\":\"ImageObject\",\"inLanguage\":\"pt-BR\",\"@id\":\"https:\/\/jornalfatosenoticias.com.br\/#\/schema\/logo\/image\/\",\"url\":\"https:\/\/jornalfatosenoticias.com.br\/wp-content\/uploads\/2020\/02\/logo120.png\",\"contentUrl\":\"https:\/\/jornalfatosenoticias.com.br\/wp-content\/uploads\/2020\/02\/logo120.png\",\"width\":1227,\"height\":120,\"caption\":\"Jornal Fatos e Not\u00edcias\"},\"image\":{\"@id\":\"https:\/\/jornalfatosenoticias.com.br\/#\/schema\/logo\/image\/\"}},{\"@type\":\"Person\",\"@id\":\"https:\/\/jornalfatosenoticias.com.br\/#\/schema\/person\/d63837fa13ac8666eb9e74e0985d6f81\",\"name\":\"Luzimara Fernandes\",\"image\":{\"@type\":\"ImageObject\",\"inLanguage\":\"pt-BR\",\"@id\":\"https:\/\/jornalfatosenoticias.com.br\/#\/schema\/person\/image\/\",\"url\":\"https:\/\/jornalfatosenoticias.com.br\/wp-content\/uploads\/2025\/05\/EU_portal.jpg\",\"contentUrl\":\"https:\/\/jornalfatosenoticias.com.br\/wp-content\/uploads\/2025\/05\/EU_portal.jpg\",\"caption\":\"Luzimara Fernandes\"},\"description\":\"Jornalista MTB 2358-ES\",\"sameAs\":[\"https:\/\/jornalfatosenoticias.com.br\"],\"url\":\"https:\/\/jornalfatosenoticias.com.br\/index.php\/author\/luzimara\/\"}]}<\/script>\n<!-- \/ Yoast SEO plugin. -->","yoast_head_json":{"title":"Como o lixo no mar causa preju\u00edzos ambientais, econ\u00f4micos e aos banhistas - Jornal Fatos e Not\u00edcias","robots":{"index":"index","follow":"follow","max-snippet":"max-snippet:-1","max-image-preview":"max-image-preview:large","max-video-preview":"max-video-preview:-1"},"canonical":"https:\/\/jornalfatosenoticias.com.br\/index.php\/2021\/02\/25\/como-o-lixo-no-mar-causa-prejuizos-ambientais-economicos-e-aos-banhistas\/","og_locale":"pt_BR","og_type":"article","og_title":"Como o lixo no mar causa preju\u00edzos ambientais, econ\u00f4micos e aos banhistas - Jornal Fatos e Not\u00edcias","og_description":"Os dejetos deixados nas praias n\u00e3o s\u00f3 afetam as esp\u00e9cies marinhas, como tamb\u00e9m trazem preju\u00edzo econ\u00f4mico e aos banhistas, que frequentam esses locais O perigo e a amea\u00e7a s\u00e3o reais: o lixo no mar causa preju\u00edzos ambientais, econ\u00f4micos e aos banhistas, por isso a insist\u00eancia neste assunto \u00e9 t\u00e3o urgente e atual, visto que com [&hellip;]","og_url":"https:\/\/jornalfatosenoticias.com.br\/index.php\/2021\/02\/25\/como-o-lixo-no-mar-causa-prejuizos-ambientais-economicos-e-aos-banhistas\/","og_site_name":"Jornal Fatos e Not\u00edcias","article_published_time":"2021-02-25T19:42:18+00:00","article_modified_time":"2021-02-25T19:42:25+00:00","og_image":[{"width":1000,"height":560,"url":"https:\/\/jornalfatosenoticias.com.br\/wp-content\/uploads\/2021\/02\/plastico-no-mar.jpg","type":"image\/jpeg"}],"author":"Luzimara Fernandes","twitter_card":"summary_large_image","twitter_misc":{"Escrito por":"Luzimara Fernandes","Est. tempo de leitura":"3 minutos"},"schema":{"@context":"https:\/\/schema.org","@graph":[{"@type":"Article","@id":"https:\/\/jornalfatosenoticias.com.br\/index.php\/2021\/02\/25\/como-o-lixo-no-mar-causa-prejuizos-ambientais-economicos-e-aos-banhistas\/#article","isPartOf":{"@id":"https:\/\/jornalfatosenoticias.com.br\/index.php\/2021\/02\/25\/como-o-lixo-no-mar-causa-prejuizos-ambientais-economicos-e-aos-banhistas\/"},"author":{"name":"Luzimara Fernandes","@id":"https:\/\/jornalfatosenoticias.com.br\/#\/schema\/person\/d63837fa13ac8666eb9e74e0985d6f81"},"headline":"Como o lixo no mar causa preju\u00edzos ambientais, econ\u00f4micos e aos banhistas","datePublished":"2021-02-25T19:42:18+00:00","dateModified":"2021-02-25T19:42:25+00:00","mainEntityOfPage":{"@id":"https:\/\/jornalfatosenoticias.com.br\/index.php\/2021\/02\/25\/como-o-lixo-no-mar-causa-prejuizos-ambientais-economicos-e-aos-banhistas\/"},"wordCount":629,"commentCount":0,"publisher":{"@id":"https:\/\/jornalfatosenoticias.com.br\/#organization"},"image":{"@id":"https:\/\/jornalfatosenoticias.com.br\/index.php\/2021\/02\/25\/como-o-lixo-no-mar-causa-prejuizos-ambientais-economicos-e-aos-banhistas\/#primaryimage"},"thumbnailUrl":"https:\/\/jornalfatosenoticias.com.br\/wp-content\/uploads\/2021\/02\/plastico-no-mar.jpg","keywords":["macropl\u00e1sticos","micropl\u00e1stico","pl\u00e1stico","polui\u00e7\u00e3o","sustentabilidade"],"articleSection":["Meio ambiente"],"inLanguage":"pt-BR","potentialAction":[{"@type":"CommentAction","name":"Comment","target":["https:\/\/jornalfatosenoticias.com.br\/index.php\/2021\/02\/25\/como-o-lixo-no-mar-causa-prejuizos-ambientais-economicos-e-aos-banhistas\/#respond"]}]},{"@type":"WebPage","@id":"https:\/\/jornalfatosenoticias.com.br\/index.php\/2021\/02\/25\/como-o-lixo-no-mar-causa-prejuizos-ambientais-economicos-e-aos-banhistas\/","url":"https:\/\/jornalfatosenoticias.com.br\/index.php\/2021\/02\/25\/como-o-lixo-no-mar-causa-prejuizos-ambientais-economicos-e-aos-banhistas\/","name":"Como o lixo no mar causa preju\u00edzos ambientais, econ\u00f4micos e aos banhistas - Jornal Fatos e Not\u00edcias","isPartOf":{"@id":"https:\/\/jornalfatosenoticias.com.br\/#website"},"primaryImageOfPage":{"@id":"https:\/\/jornalfatosenoticias.com.br\/index.php\/2021\/02\/25\/como-o-lixo-no-mar-causa-prejuizos-ambientais-economicos-e-aos-banhistas\/#primaryimage"},"image":{"@id":"https:\/\/jornalfatosenoticias.com.br\/index.php\/2021\/02\/25\/como-o-lixo-no-mar-causa-prejuizos-ambientais-economicos-e-aos-banhistas\/#primaryimage"},"thumbnailUrl":"https:\/\/jornalfatosenoticias.com.br\/wp-content\/uploads\/2021\/02\/plastico-no-mar.jpg","datePublished":"2021-02-25T19:42:18+00:00","dateModified":"2021-02-25T19:42:25+00:00","breadcrumb":{"@id":"https:\/\/jornalfatosenoticias.com.br\/index.php\/2021\/02\/25\/como-o-lixo-no-mar-causa-prejuizos-ambientais-economicos-e-aos-banhistas\/#breadcrumb"},"inLanguage":"pt-BR","potentialAction":[{"@type":"ReadAction","target":["https:\/\/jornalfatosenoticias.com.br\/index.php\/2021\/02\/25\/como-o-lixo-no-mar-causa-prejuizos-ambientais-economicos-e-aos-banhistas\/"]}]},{"@type":"ImageObject","inLanguage":"pt-BR","@id":"https:\/\/jornalfatosenoticias.com.br\/index.php\/2021\/02\/25\/como-o-lixo-no-mar-causa-prejuizos-ambientais-economicos-e-aos-banhistas\/#primaryimage","url":"https:\/\/jornalfatosenoticias.com.br\/wp-content\/uploads\/2021\/02\/plastico-no-mar.jpg","contentUrl":"https:\/\/jornalfatosenoticias.com.br\/wp-content\/uploads\/2021\/02\/plastico-no-mar.jpg","width":1000,"height":560},{"@type":"BreadcrumbList","@id":"https:\/\/jornalfatosenoticias.com.br\/index.php\/2021\/02\/25\/como-o-lixo-no-mar-causa-prejuizos-ambientais-economicos-e-aos-banhistas\/#breadcrumb","itemListElement":[{"@type":"ListItem","position":1,"name":"In\u00edcio","item":"https:\/\/jornalfatosenoticias.com.br\/"},{"@type":"ListItem","position":2,"name":"Como o lixo no mar causa preju\u00edzos ambientais, econ\u00f4micos e aos banhistas"}]},{"@type":"WebSite","@id":"https:\/\/jornalfatosenoticias.com.br\/#website","url":"https:\/\/jornalfatosenoticias.com.br\/","name":"Jornal Fatos e Not\u00edcias","description":"Not\u00edcias em geral","publisher":{"@id":"https:\/\/jornalfatosenoticias.com.br\/#organization"},"potentialAction":[{"@type":"SearchAction","target":{"@type":"EntryPoint","urlTemplate":"https:\/\/jornalfatosenoticias.com.br\/?s={search_term_string}"},"query-input":{"@type":"PropertyValueSpecification","valueRequired":true,"valueName":"search_term_string"}}],"inLanguage":"pt-BR"},{"@type":"Organization","@id":"https:\/\/jornalfatosenoticias.com.br\/#organization","name":"Jornal Fatos e Not\u00edcias","url":"https:\/\/jornalfatosenoticias.com.br\/","logo":{"@type":"ImageObject","inLanguage":"pt-BR","@id":"https:\/\/jornalfatosenoticias.com.br\/#\/schema\/logo\/image\/","url":"https:\/\/jornalfatosenoticias.com.br\/wp-content\/uploads\/2020\/02\/logo120.png","contentUrl":"https:\/\/jornalfatosenoticias.com.br\/wp-content\/uploads\/2020\/02\/logo120.png","width":1227,"height":120,"caption":"Jornal Fatos e Not\u00edcias"},"image":{"@id":"https:\/\/jornalfatosenoticias.com.br\/#\/schema\/logo\/image\/"}},{"@type":"Person","@id":"https:\/\/jornalfatosenoticias.com.br\/#\/schema\/person\/d63837fa13ac8666eb9e74e0985d6f81","name":"Luzimara Fernandes","image":{"@type":"ImageObject","inLanguage":"pt-BR","@id":"https:\/\/jornalfatosenoticias.com.br\/#\/schema\/person\/image\/","url":"https:\/\/jornalfatosenoticias.com.br\/wp-content\/uploads\/2025\/05\/EU_portal.jpg","contentUrl":"https:\/\/jornalfatosenoticias.com.br\/wp-content\/uploads\/2025\/05\/EU_portal.jpg","caption":"Luzimara Fernandes"},"description":"Jornalista MTB 2358-ES","sameAs":["https:\/\/jornalfatosenoticias.com.br"],"url":"https:\/\/jornalfatosenoticias.com.br\/index.php\/author\/luzimara\/"}]}},"cc_featured_image_caption":{"caption_text":"(Foto: Reprodu\u00e7\u00e3o\/CASACOR)","source_text":"","source_url":""},"jetpack_featured_media_url":"https:\/\/jornalfatosenoticias.com.br\/wp-content\/uploads\/2021\/02\/plastico-no-mar.jpg","_links":{"self":[{"href":"https:\/\/jornalfatosenoticias.com.br\/index.php\/wp-json\/wp\/v2\/posts\/15145","targetHints":{"allow":["GET"]}}],"collection":[{"href":"https:\/\/jornalfatosenoticias.com.br\/index.php\/wp-json\/wp\/v2\/posts"}],"about":[{"href":"https:\/\/jornalfatosenoticias.com.br\/index.php\/wp-json\/wp\/v2\/types\/post"}],"author":[{"embeddable":true,"href":"https:\/\/jornalfatosenoticias.com.br\/index.php\/wp-json\/wp\/v2\/users\/2"}],"replies":[{"embeddable":true,"href":"https:\/\/jornalfatosenoticias.com.br\/index.php\/wp-json\/wp\/v2\/comments?post=15145"}],"version-history":[{"count":0,"href":"https:\/\/jornalfatosenoticias.com.br\/index.php\/wp-json\/wp\/v2\/posts\/15145\/revisions"}],"wp:featuredmedia":[{"embeddable":true,"href":"https:\/\/jornalfatosenoticias.com.br\/index.php\/wp-json\/wp\/v2\/media\/15149"}],"wp:attachment":[{"href":"https:\/\/jornalfatosenoticias.com.br\/index.php\/wp-json\/wp\/v2\/media?parent=15145"}],"wp:term":[{"taxonomy":"category","embeddable":true,"href":"https:\/\/jornalfatosenoticias.com.br\/index.php\/wp-json\/wp\/v2\/categories?post=15145"},{"taxonomy":"post_tag","embeddable":true,"href":"https:\/\/jornalfatosenoticias.com.br\/index.php\/wp-json\/wp\/v2\/tags?post=15145"}],"curies":[{"name":"wp","href":"https:\/\/api.w.org\/{rel}","templated":true}]}}