{"id":15209,"date":"2021-02-26T11:00:25","date_gmt":"2021-02-26T14:00:25","guid":{"rendered":"https:\/\/jornalfatosenoticias.com.br\/?p=15209"},"modified":"2021-02-26T11:00:32","modified_gmt":"2021-02-26T14:00:32","slug":"estudante-cria-pesticida-natural-usando-casca-do-pequi","status":"publish","type":"post","link":"https:\/\/jornalfatosenoticias.com.br\/index.php\/2021\/02\/26\/estudante-cria-pesticida-natural-usando-casca-do-pequi\/","title":{"rendered":"Estudante cria pesticida natural usando casca do pequi"},"content":{"rendered":"\n<h6 class=\"wp-block-heading\"><em>Produto \u00e9 biodegrad\u00e1vel, n\u00e3o prejudica o solo e ainda tem baixo custo<\/em><\/h6>\n\n\n\n<p>O caminho da agroecologia revela que muitas solu\u00e7\u00f5es podem ser encontradas na pr\u00f3pria natureza. Foi com olhar atento ao seu entorno, que o estudante Jo\u00e3o Matheus Baldu\u00edno, de apenas 19 anos, desenvolveu um biopesticida usando o pequi como mat\u00e9ria-prima.<br>O produto \u00e9 fruto de seu \u00faltimo trabalho como concluinte do ensino m\u00e9dio no Col\u00e9gio Objetivo de Juazeiro do Norte, cidade localizada na Regi\u00e3o Metropolitana do Cariri, no Cear\u00e1. Agora, ele pretende incentivar outros alunos a darem continuidade \u00e0 pesquisa. Fruto do pequizeiro, o pequi \u00e9 muito comum em sua regi\u00e3o e, durante a safra, h\u00e1 muito desperd\u00edcio. A ideia \u00e9 aproveitar o montante desse fruto que iria para o lixo e encaminh\u00e1-lo para a cria\u00e7\u00e3o de um pesticida natural, biodegrad\u00e1vel e n\u00e3o prejudicial ao solo.<br>O produto foi pensado para pequenos agricultores, que sofrem com os ataques de formigas-cortadeiras nas planta\u00e7\u00f5es. O objetivo final \u00e9 que a solu\u00e7\u00e3o ecol\u00f3gica possa chegar at\u00e9 eles gratuitamente. \u201cQuero ajudar os pequenos agricultores. A agricultura \u00e9 a fonte de renda dessas fam\u00edlias e as formigas-cortadeiras podem fazer grandes estragos nas hortas. O produto \u00e9 fabricado com a casca do pequi, uma mat\u00e9ria-prima de baixo custo e de f\u00e1cil produ\u00e7\u00e3o\u201d, afirma o estudante respons\u00e1vel pelo Projeto Biopequi.<\/p>\n\n\n\n<figure class=\"wp-block-image size-large\"><img loading=\"lazy\" decoding=\"async\" width=\"1000\" height=\"818\" src=\"https:\/\/jornalfatosenoticias.com.br\/wp-content\/uploads\/2021\/02\/biopequi.jpg\" alt=\"\" class=\"wp-image-15210\" srcset=\"https:\/\/jornalfatosenoticias.com.br\/wp-content\/uploads\/2021\/02\/biopequi.jpg 1000w, https:\/\/jornalfatosenoticias.com.br\/wp-content\/uploads\/2021\/02\/biopequi-300x245.jpg 300w, https:\/\/jornalfatosenoticias.com.br\/wp-content\/uploads\/2021\/02\/biopequi-768x628.jpg 768w\" sizes=\"auto, (max-width: 1000px) 100vw, 1000px\" \/><\/figure>\n\n\n\n<p>Apesar de seu empenho e paix\u00e3o pela ci\u00eancia, a experi\u00eancia s\u00f3 foi poss\u00edvel com a orienta\u00e7\u00e3o da professora Lilian Duarte. \u201cOs pesticidas causam diversos preju\u00edzos e, atrav\u00e9s do uso do nosso produto, a gente consegue n\u00e3o prejudicar o solo, n\u00e3o prejudicar as plantas e n\u00e3o prejudicar as pessoas que v\u00e3o consumir as hortali\u00e7as. Ent\u00e3o, \u00e9 uma cadeia de benef\u00edcios com baixo custo\u201d, explica.<br>Para seguir com o projeto, Jo\u00e3o abriu financiamento coletivo no site Vakinha. At\u00e9 agora j\u00e1 foram arrecadados mais de R$ 11 mil.<br>Fruto t\u00edpico do Cerrado, o pequi \u00e9 base de v\u00e1rios projetos cient\u00edficos, al\u00e9m de apresentar vantagens \u00e0 sa\u00fade. O extrato do \u00f3leo do pequi possui propriedades anti-inflamat\u00f3rias, antioxidante e antic\u00e2ncer.<\/p>\n\n\n\n<p><strong><em>Fonte: <a href=\"https:\/\/ciclovivo.com.br\/inovacao\/estudante-pesticida-natural-casca-do-pequi\/\">CicloVivo<\/a><\/em><\/strong><\/p>\n","protected":false},"excerpt":{"rendered":"<p>Produto \u00e9 biodegrad\u00e1vel, n\u00e3o prejudica o solo e ainda tem baixo custo O caminho da agroecologia revela que muitas solu\u00e7\u00f5es podem ser encontradas na pr\u00f3pria natureza. Foi com olhar atento ao seu entorno, que o estudante Jo\u00e3o Matheus Baldu\u00edno, de apenas 19 anos, desenvolveu um biopesticida usando o pequi como mat\u00e9ria-prima.O produto \u00e9 fruto de [&hellip;]<\/p>\n","protected":false},"author":2,"featured_media":15211,"comment_status":"open","ping_status":"open","sticky":false,"template":"","format":"standard","meta":{"footnotes":""},"categories":[2,7],"tags":[7747,7748,2276,7753,7752,7751,7750,7749],"class_list":["post-15209","post","type-post","status-publish","format-standard","has-post-thumbnail","hentry","category-ciencia","category-educacao","tag-biopequi","tag-biopesticida","tag-ceara","tag-formigas-cortadeiras","tag-juazeiro-do-norte","tag-pequi","tag-pesticida-natural","tag-projeto-biopequi"],"yoast_head":"<!-- This site is optimized with the Yoast SEO plugin v26.5 - https:\/\/yoast.com\/wordpress\/plugins\/seo\/ -->\n<title>Estudante cria pesticida natural usando casca do pequi - Jornal Fatos e Not\u00edcias<\/title>\n<meta name=\"robots\" content=\"index, follow, max-snippet:-1, max-image-preview:large, max-video-preview:-1\" \/>\n<link rel=\"canonical\" href=\"https:\/\/jornalfatosenoticias.com.br\/index.php\/2021\/02\/26\/estudante-cria-pesticida-natural-usando-casca-do-pequi\/\" \/>\n<meta property=\"og:locale\" content=\"pt_BR\" \/>\n<meta property=\"og:type\" content=\"article\" \/>\n<meta property=\"og:title\" content=\"Estudante cria pesticida natural usando casca do pequi - Jornal Fatos e Not\u00edcias\" \/>\n<meta property=\"og:description\" content=\"Produto \u00e9 biodegrad\u00e1vel, n\u00e3o prejudica o solo e ainda tem baixo custo O caminho da agroecologia revela que muitas solu\u00e7\u00f5es podem ser encontradas na pr\u00f3pria natureza. Foi com olhar atento ao seu entorno, que o estudante Jo\u00e3o Matheus Baldu\u00edno, de apenas 19 anos, desenvolveu um biopesticida usando o pequi como mat\u00e9ria-prima.O produto \u00e9 fruto de [&hellip;]\" \/>\n<meta property=\"og:url\" content=\"https:\/\/jornalfatosenoticias.com.br\/index.php\/2021\/02\/26\/estudante-cria-pesticida-natural-usando-casca-do-pequi\/\" \/>\n<meta property=\"og:site_name\" content=\"Jornal Fatos e Not\u00edcias\" \/>\n<meta property=\"article:published_time\" content=\"2021-02-26T14:00:25+00:00\" \/>\n<meta property=\"article:modified_time\" content=\"2021-02-26T14:00:32+00:00\" \/>\n<meta property=\"og:image\" content=\"https:\/\/jornalfatosenoticias.com.br\/wp-content\/uploads\/2021\/02\/pequi-pesticida.jpg\" \/>\n\t<meta property=\"og:image:width\" content=\"1000\" \/>\n\t<meta property=\"og:image:height\" content=\"563\" \/>\n\t<meta property=\"og:image:type\" content=\"image\/jpeg\" \/>\n<meta name=\"author\" content=\"Luzimara Fernandes\" \/>\n<meta name=\"twitter:card\" content=\"summary_large_image\" \/>\n<meta name=\"twitter:label1\" content=\"Escrito por\" \/>\n\t<meta name=\"twitter:data1\" content=\"Luzimara Fernandes\" \/>\n\t<meta name=\"twitter:label2\" content=\"Est. tempo de leitura\" \/>\n\t<meta name=\"twitter:data2\" content=\"2 minutos\" \/>\n<script type=\"application\/ld+json\" class=\"yoast-schema-graph\">{\"@context\":\"https:\/\/schema.org\",\"@graph\":[{\"@type\":\"Article\",\"@id\":\"https:\/\/jornalfatosenoticias.com.br\/index.php\/2021\/02\/26\/estudante-cria-pesticida-natural-usando-casca-do-pequi\/#article\",\"isPartOf\":{\"@id\":\"https:\/\/jornalfatosenoticias.com.br\/index.php\/2021\/02\/26\/estudante-cria-pesticida-natural-usando-casca-do-pequi\/\"},\"author\":{\"name\":\"Luzimara Fernandes\",\"@id\":\"https:\/\/jornalfatosenoticias.com.br\/#\/schema\/person\/d63837fa13ac8666eb9e74e0985d6f81\"},\"headline\":\"Estudante cria pesticida natural usando casca do pequi\",\"datePublished\":\"2021-02-26T14:00:25+00:00\",\"dateModified\":\"2021-02-26T14:00:32+00:00\",\"mainEntityOfPage\":{\"@id\":\"https:\/\/jornalfatosenoticias.com.br\/index.php\/2021\/02\/26\/estudante-cria-pesticida-natural-usando-casca-do-pequi\/\"},\"wordCount\":372,\"commentCount\":0,\"publisher\":{\"@id\":\"https:\/\/jornalfatosenoticias.com.br\/#organization\"},\"image\":{\"@id\":\"https:\/\/jornalfatosenoticias.com.br\/index.php\/2021\/02\/26\/estudante-cria-pesticida-natural-usando-casca-do-pequi\/#primaryimage\"},\"thumbnailUrl\":\"https:\/\/jornalfatosenoticias.com.br\/wp-content\/uploads\/2021\/02\/pequi-pesticida.jpg\",\"keywords\":[\"biopequi\",\"biopesticida\",\"Cear\u00e1\",\"formigas-cortadeiras\",\"Juazeiro do Norte\",\"pequi\",\"pesticida natural\",\"Projeto Biopequi\"],\"articleSection\":[\"Ci\u00eancia\",\"Educa\u00e7\u00e3o\"],\"inLanguage\":\"pt-BR\",\"potentialAction\":[{\"@type\":\"CommentAction\",\"name\":\"Comment\",\"target\":[\"https:\/\/jornalfatosenoticias.com.br\/index.php\/2021\/02\/26\/estudante-cria-pesticida-natural-usando-casca-do-pequi\/#respond\"]}]},{\"@type\":\"WebPage\",\"@id\":\"https:\/\/jornalfatosenoticias.com.br\/index.php\/2021\/02\/26\/estudante-cria-pesticida-natural-usando-casca-do-pequi\/\",\"url\":\"https:\/\/jornalfatosenoticias.com.br\/index.php\/2021\/02\/26\/estudante-cria-pesticida-natural-usando-casca-do-pequi\/\",\"name\":\"Estudante cria pesticida natural usando casca do pequi - Jornal Fatos e Not\u00edcias\",\"isPartOf\":{\"@id\":\"https:\/\/jornalfatosenoticias.com.br\/#website\"},\"primaryImageOfPage\":{\"@id\":\"https:\/\/jornalfatosenoticias.com.br\/index.php\/2021\/02\/26\/estudante-cria-pesticida-natural-usando-casca-do-pequi\/#primaryimage\"},\"image\":{\"@id\":\"https:\/\/jornalfatosenoticias.com.br\/index.php\/2021\/02\/26\/estudante-cria-pesticida-natural-usando-casca-do-pequi\/#primaryimage\"},\"thumbnailUrl\":\"https:\/\/jornalfatosenoticias.com.br\/wp-content\/uploads\/2021\/02\/pequi-pesticida.jpg\",\"datePublished\":\"2021-02-26T14:00:25+00:00\",\"dateModified\":\"2021-02-26T14:00:32+00:00\",\"breadcrumb\":{\"@id\":\"https:\/\/jornalfatosenoticias.com.br\/index.php\/2021\/02\/26\/estudante-cria-pesticida-natural-usando-casca-do-pequi\/#breadcrumb\"},\"inLanguage\":\"pt-BR\",\"potentialAction\":[{\"@type\":\"ReadAction\",\"target\":[\"https:\/\/jornalfatosenoticias.com.br\/index.php\/2021\/02\/26\/estudante-cria-pesticida-natural-usando-casca-do-pequi\/\"]}]},{\"@type\":\"ImageObject\",\"inLanguage\":\"pt-BR\",\"@id\":\"https:\/\/jornalfatosenoticias.com.br\/index.php\/2021\/02\/26\/estudante-cria-pesticida-natural-usando-casca-do-pequi\/#primaryimage\",\"url\":\"https:\/\/jornalfatosenoticias.com.br\/wp-content\/uploads\/2021\/02\/pequi-pesticida.jpg\",\"contentUrl\":\"https:\/\/jornalfatosenoticias.com.br\/wp-content\/uploads\/2021\/02\/pequi-pesticida.jpg\",\"width\":1000,\"height\":563},{\"@type\":\"BreadcrumbList\",\"@id\":\"https:\/\/jornalfatosenoticias.com.br\/index.php\/2021\/02\/26\/estudante-cria-pesticida-natural-usando-casca-do-pequi\/#breadcrumb\",\"itemListElement\":[{\"@type\":\"ListItem\",\"position\":1,\"name\":\"In\u00edcio\",\"item\":\"https:\/\/jornalfatosenoticias.com.br\/\"},{\"@type\":\"ListItem\",\"position\":2,\"name\":\"Estudante cria pesticida natural usando casca do pequi\"}]},{\"@type\":\"WebSite\",\"@id\":\"https:\/\/jornalfatosenoticias.com.br\/#website\",\"url\":\"https:\/\/jornalfatosenoticias.com.br\/\",\"name\":\"Jornal Fatos e Not\u00edcias\",\"description\":\"Not\u00edcias em geral\",\"publisher\":{\"@id\":\"https:\/\/jornalfatosenoticias.com.br\/#organization\"},\"potentialAction\":[{\"@type\":\"SearchAction\",\"target\":{\"@type\":\"EntryPoint\",\"urlTemplate\":\"https:\/\/jornalfatosenoticias.com.br\/?s={search_term_string}\"},\"query-input\":{\"@type\":\"PropertyValueSpecification\",\"valueRequired\":true,\"valueName\":\"search_term_string\"}}],\"inLanguage\":\"pt-BR\"},{\"@type\":\"Organization\",\"@id\":\"https:\/\/jornalfatosenoticias.com.br\/#organization\",\"name\":\"Jornal Fatos e Not\u00edcias\",\"url\":\"https:\/\/jornalfatosenoticias.com.br\/\",\"logo\":{\"@type\":\"ImageObject\",\"inLanguage\":\"pt-BR\",\"@id\":\"https:\/\/jornalfatosenoticias.com.br\/#\/schema\/logo\/image\/\",\"url\":\"https:\/\/jornalfatosenoticias.com.br\/wp-content\/uploads\/2020\/02\/logo120.png\",\"contentUrl\":\"https:\/\/jornalfatosenoticias.com.br\/wp-content\/uploads\/2020\/02\/logo120.png\",\"width\":1227,\"height\":120,\"caption\":\"Jornal Fatos e Not\u00edcias\"},\"image\":{\"@id\":\"https:\/\/jornalfatosenoticias.com.br\/#\/schema\/logo\/image\/\"}},{\"@type\":\"Person\",\"@id\":\"https:\/\/jornalfatosenoticias.com.br\/#\/schema\/person\/d63837fa13ac8666eb9e74e0985d6f81\",\"name\":\"Luzimara Fernandes\",\"image\":{\"@type\":\"ImageObject\",\"inLanguage\":\"pt-BR\",\"@id\":\"https:\/\/jornalfatosenoticias.com.br\/#\/schema\/person\/image\/\",\"url\":\"https:\/\/jornalfatosenoticias.com.br\/wp-content\/uploads\/2025\/05\/EU_portal.jpg\",\"contentUrl\":\"https:\/\/jornalfatosenoticias.com.br\/wp-content\/uploads\/2025\/05\/EU_portal.jpg\",\"caption\":\"Luzimara Fernandes\"},\"description\":\"Jornalista MTB 2358-ES\",\"sameAs\":[\"https:\/\/jornalfatosenoticias.com.br\"],\"url\":\"https:\/\/jornalfatosenoticias.com.br\/index.php\/author\/luzimara\/\"}]}<\/script>\n<!-- \/ Yoast SEO plugin. -->","yoast_head_json":{"title":"Estudante cria pesticida natural usando casca do pequi - Jornal Fatos e Not\u00edcias","robots":{"index":"index","follow":"follow","max-snippet":"max-snippet:-1","max-image-preview":"max-image-preview:large","max-video-preview":"max-video-preview:-1"},"canonical":"https:\/\/jornalfatosenoticias.com.br\/index.php\/2021\/02\/26\/estudante-cria-pesticida-natural-usando-casca-do-pequi\/","og_locale":"pt_BR","og_type":"article","og_title":"Estudante cria pesticida natural usando casca do pequi - Jornal Fatos e Not\u00edcias","og_description":"Produto \u00e9 biodegrad\u00e1vel, n\u00e3o prejudica o solo e ainda tem baixo custo O caminho da agroecologia revela que muitas solu\u00e7\u00f5es podem ser encontradas na pr\u00f3pria natureza. Foi com olhar atento ao seu entorno, que o estudante Jo\u00e3o Matheus Baldu\u00edno, de apenas 19 anos, desenvolveu um biopesticida usando o pequi como mat\u00e9ria-prima.O produto \u00e9 fruto de [&hellip;]","og_url":"https:\/\/jornalfatosenoticias.com.br\/index.php\/2021\/02\/26\/estudante-cria-pesticida-natural-usando-casca-do-pequi\/","og_site_name":"Jornal Fatos e Not\u00edcias","article_published_time":"2021-02-26T14:00:25+00:00","article_modified_time":"2021-02-26T14:00:32+00:00","og_image":[{"width":1000,"height":563,"url":"https:\/\/jornalfatosenoticias.com.br\/wp-content\/uploads\/2021\/02\/pequi-pesticida.jpg","type":"image\/jpeg"}],"author":"Luzimara Fernandes","twitter_card":"summary_large_image","twitter_misc":{"Escrito por":"Luzimara Fernandes","Est. tempo de leitura":"2 minutos"},"schema":{"@context":"https:\/\/schema.org","@graph":[{"@type":"Article","@id":"https:\/\/jornalfatosenoticias.com.br\/index.php\/2021\/02\/26\/estudante-cria-pesticida-natural-usando-casca-do-pequi\/#article","isPartOf":{"@id":"https:\/\/jornalfatosenoticias.com.br\/index.php\/2021\/02\/26\/estudante-cria-pesticida-natural-usando-casca-do-pequi\/"},"author":{"name":"Luzimara Fernandes","@id":"https:\/\/jornalfatosenoticias.com.br\/#\/schema\/person\/d63837fa13ac8666eb9e74e0985d6f81"},"headline":"Estudante cria pesticida natural usando casca do pequi","datePublished":"2021-02-26T14:00:25+00:00","dateModified":"2021-02-26T14:00:32+00:00","mainEntityOfPage":{"@id":"https:\/\/jornalfatosenoticias.com.br\/index.php\/2021\/02\/26\/estudante-cria-pesticida-natural-usando-casca-do-pequi\/"},"wordCount":372,"commentCount":0,"publisher":{"@id":"https:\/\/jornalfatosenoticias.com.br\/#organization"},"image":{"@id":"https:\/\/jornalfatosenoticias.com.br\/index.php\/2021\/02\/26\/estudante-cria-pesticida-natural-usando-casca-do-pequi\/#primaryimage"},"thumbnailUrl":"https:\/\/jornalfatosenoticias.com.br\/wp-content\/uploads\/2021\/02\/pequi-pesticida.jpg","keywords":["biopequi","biopesticida","Cear\u00e1","formigas-cortadeiras","Juazeiro do Norte","pequi","pesticida natural","Projeto Biopequi"],"articleSection":["Ci\u00eancia","Educa\u00e7\u00e3o"],"inLanguage":"pt-BR","potentialAction":[{"@type":"CommentAction","name":"Comment","target":["https:\/\/jornalfatosenoticias.com.br\/index.php\/2021\/02\/26\/estudante-cria-pesticida-natural-usando-casca-do-pequi\/#respond"]}]},{"@type":"WebPage","@id":"https:\/\/jornalfatosenoticias.com.br\/index.php\/2021\/02\/26\/estudante-cria-pesticida-natural-usando-casca-do-pequi\/","url":"https:\/\/jornalfatosenoticias.com.br\/index.php\/2021\/02\/26\/estudante-cria-pesticida-natural-usando-casca-do-pequi\/","name":"Estudante cria pesticida natural usando casca do pequi - Jornal Fatos e Not\u00edcias","isPartOf":{"@id":"https:\/\/jornalfatosenoticias.com.br\/#website"},"primaryImageOfPage":{"@id":"https:\/\/jornalfatosenoticias.com.br\/index.php\/2021\/02\/26\/estudante-cria-pesticida-natural-usando-casca-do-pequi\/#primaryimage"},"image":{"@id":"https:\/\/jornalfatosenoticias.com.br\/index.php\/2021\/02\/26\/estudante-cria-pesticida-natural-usando-casca-do-pequi\/#primaryimage"},"thumbnailUrl":"https:\/\/jornalfatosenoticias.com.br\/wp-content\/uploads\/2021\/02\/pequi-pesticida.jpg","datePublished":"2021-02-26T14:00:25+00:00","dateModified":"2021-02-26T14:00:32+00:00","breadcrumb":{"@id":"https:\/\/jornalfatosenoticias.com.br\/index.php\/2021\/02\/26\/estudante-cria-pesticida-natural-usando-casca-do-pequi\/#breadcrumb"},"inLanguage":"pt-BR","potentialAction":[{"@type":"ReadAction","target":["https:\/\/jornalfatosenoticias.com.br\/index.php\/2021\/02\/26\/estudante-cria-pesticida-natural-usando-casca-do-pequi\/"]}]},{"@type":"ImageObject","inLanguage":"pt-BR","@id":"https:\/\/jornalfatosenoticias.com.br\/index.php\/2021\/02\/26\/estudante-cria-pesticida-natural-usando-casca-do-pequi\/#primaryimage","url":"https:\/\/jornalfatosenoticias.com.br\/wp-content\/uploads\/2021\/02\/pequi-pesticida.jpg","contentUrl":"https:\/\/jornalfatosenoticias.com.br\/wp-content\/uploads\/2021\/02\/pequi-pesticida.jpg","width":1000,"height":563},{"@type":"BreadcrumbList","@id":"https:\/\/jornalfatosenoticias.com.br\/index.php\/2021\/02\/26\/estudante-cria-pesticida-natural-usando-casca-do-pequi\/#breadcrumb","itemListElement":[{"@type":"ListItem","position":1,"name":"In\u00edcio","item":"https:\/\/jornalfatosenoticias.com.br\/"},{"@type":"ListItem","position":2,"name":"Estudante cria pesticida natural usando casca do pequi"}]},{"@type":"WebSite","@id":"https:\/\/jornalfatosenoticias.com.br\/#website","url":"https:\/\/jornalfatosenoticias.com.br\/","name":"Jornal Fatos e Not\u00edcias","description":"Not\u00edcias em geral","publisher":{"@id":"https:\/\/jornalfatosenoticias.com.br\/#organization"},"potentialAction":[{"@type":"SearchAction","target":{"@type":"EntryPoint","urlTemplate":"https:\/\/jornalfatosenoticias.com.br\/?s={search_term_string}"},"query-input":{"@type":"PropertyValueSpecification","valueRequired":true,"valueName":"search_term_string"}}],"inLanguage":"pt-BR"},{"@type":"Organization","@id":"https:\/\/jornalfatosenoticias.com.br\/#organization","name":"Jornal Fatos e Not\u00edcias","url":"https:\/\/jornalfatosenoticias.com.br\/","logo":{"@type":"ImageObject","inLanguage":"pt-BR","@id":"https:\/\/jornalfatosenoticias.com.br\/#\/schema\/logo\/image\/","url":"https:\/\/jornalfatosenoticias.com.br\/wp-content\/uploads\/2020\/02\/logo120.png","contentUrl":"https:\/\/jornalfatosenoticias.com.br\/wp-content\/uploads\/2020\/02\/logo120.png","width":1227,"height":120,"caption":"Jornal Fatos e Not\u00edcias"},"image":{"@id":"https:\/\/jornalfatosenoticias.com.br\/#\/schema\/logo\/image\/"}},{"@type":"Person","@id":"https:\/\/jornalfatosenoticias.com.br\/#\/schema\/person\/d63837fa13ac8666eb9e74e0985d6f81","name":"Luzimara Fernandes","image":{"@type":"ImageObject","inLanguage":"pt-BR","@id":"https:\/\/jornalfatosenoticias.com.br\/#\/schema\/person\/image\/","url":"https:\/\/jornalfatosenoticias.com.br\/wp-content\/uploads\/2025\/05\/EU_portal.jpg","contentUrl":"https:\/\/jornalfatosenoticias.com.br\/wp-content\/uploads\/2025\/05\/EU_portal.jpg","caption":"Luzimara Fernandes"},"description":"Jornalista MTB 2358-ES","sameAs":["https:\/\/jornalfatosenoticias.com.br"],"url":"https:\/\/jornalfatosenoticias.com.br\/index.php\/author\/luzimara\/"}]}},"cc_featured_image_caption":{"caption_text":"","source_text":"","source_url":""},"jetpack_featured_media_url":"https:\/\/jornalfatosenoticias.com.br\/wp-content\/uploads\/2021\/02\/pequi-pesticida.jpg","_links":{"self":[{"href":"https:\/\/jornalfatosenoticias.com.br\/index.php\/wp-json\/wp\/v2\/posts\/15209","targetHints":{"allow":["GET"]}}],"collection":[{"href":"https:\/\/jornalfatosenoticias.com.br\/index.php\/wp-json\/wp\/v2\/posts"}],"about":[{"href":"https:\/\/jornalfatosenoticias.com.br\/index.php\/wp-json\/wp\/v2\/types\/post"}],"author":[{"embeddable":true,"href":"https:\/\/jornalfatosenoticias.com.br\/index.php\/wp-json\/wp\/v2\/users\/2"}],"replies":[{"embeddable":true,"href":"https:\/\/jornalfatosenoticias.com.br\/index.php\/wp-json\/wp\/v2\/comments?post=15209"}],"version-history":[{"count":0,"href":"https:\/\/jornalfatosenoticias.com.br\/index.php\/wp-json\/wp\/v2\/posts\/15209\/revisions"}],"wp:featuredmedia":[{"embeddable":true,"href":"https:\/\/jornalfatosenoticias.com.br\/index.php\/wp-json\/wp\/v2\/media\/15211"}],"wp:attachment":[{"href":"https:\/\/jornalfatosenoticias.com.br\/index.php\/wp-json\/wp\/v2\/media?parent=15209"}],"wp:term":[{"taxonomy":"category","embeddable":true,"href":"https:\/\/jornalfatosenoticias.com.br\/index.php\/wp-json\/wp\/v2\/categories?post=15209"},{"taxonomy":"post_tag","embeddable":true,"href":"https:\/\/jornalfatosenoticias.com.br\/index.php\/wp-json\/wp\/v2\/tags?post=15209"}],"curies":[{"name":"wp","href":"https:\/\/api.w.org\/{rel}","templated":true}]}}