{"id":15228,"date":"2021-02-26T17:03:32","date_gmt":"2021-02-26T20:03:32","guid":{"rendered":"https:\/\/jornalfatosenoticias.com.br\/?p=15228"},"modified":"2021-02-26T17:03:38","modified_gmt":"2021-02-26T20:03:38","slug":"ouca-a-primeira-musica-com-sons-gravados-em-marte","status":"publish","type":"post","link":"https:\/\/jornalfatosenoticias.com.br\/index.php\/2021\/02\/26\/ouca-a-primeira-musica-com-sons-gravados-em-marte\/","title":{"rendered":"Ou\u00e7a a primeira m\u00fasica com sons gravados em Marte"},"content":{"rendered":"\n<p>Na \u00faltima segunda-feira (22) a Nasa lan\u00e7ou um imenso lote de material captado pelo <a href=\"https:\/\/olhardigital.com.br\/2021\/02\/18\/ciencia-e-espaco\/saiba-como-serao-os-100-primeiros-dias-do-perseverance-em-marte\/\" target=\"_blank\" rel=\"noreferrer noopener\">rover Perseverance<\/a>\u00a0na superf\u00edcie de Marte, incluindo\u00a0<a href=\"https:\/\/olhardigital.com.br\/2021\/02\/22\/ciencia-e-espaco\/nasa-divulga-primeiro-video-em-4k-do-perseverance-pousando-em-marte\/\" target=\"_blank\" rel=\"noreferrer noopener\">v\u00eddeos<\/a>, imagens e os primeiros sons gravados em outro planeta, um registro do vento marciano feito com os microfones incorporados ao rob\u00f4.<br>Com isso Thomas Zurbuchen, administrador da Diretoria de Miss\u00f5es Cient\u00edficas da ag\u00eancia, perguntou: \u201cquem ir\u00e1 compor a primeira m\u00fasica com sons gravados em Marte?\u201d. Quem aceitou o desafio foi Chesea Gohd, jornalista do site Space.com e musicista que usa o nome de palco Foxanne.<br>A m\u00fasica se chama \u201cHello, Mars\u201d e abre com alguns segundos do som do vento marciano, capturado pela Perseverance.<\/p>\n\n\n\n<figure class=\"wp-block-embed-twitter wp-block-embed is-type-rich is-provider-twitter\"><div class=\"wp-block-embed__wrapper\">\n<blockquote class=\"twitter-tweet\" data-width=\"550\" data-dnt=\"true\"><p lang=\"en\" dir=\"ltr\">Yeah &#8211; we have an early entry in the <a href=\"https:\/\/twitter.com\/Dr_ThomasZ?ref_src=twsrc%5Etfw\">@Dr_ThomasZ<\/a> Mars Composition Challenge! <a href=\"https:\/\/twitter.com\/hashtag\/Super?src=hash&amp;ref_src=twsrc%5Etfw\">#Super<\/a> &#8211; <a href=\"https:\/\/twitter.com\/chelsea_gohd?ref_src=twsrc%5Etfw\">@chelsea_gohd<\/a> !! <a href=\"https:\/\/t.co\/FnWqQYl4C5\">https:\/\/t.co\/FnWqQYl4C5<\/a><\/p>&mdash; Thomas Zurbuchen (@Dr_ThomasZ) <a href=\"https:\/\/twitter.com\/Dr_ThomasZ\/status\/1364246812102639616?ref_src=twsrc%5Etfw\">February 23, 2021<\/a><\/blockquote><script async src=\"https:\/\/platform.twitter.com\/widgets.js\" charset=\"utf-8\"><\/script>\n<\/div><\/figure>\n\n\n\n<p>Segundo a compositora, trechos como \u201cI feel like I\u2019m hearing for the first time, seeing for the first time\u201d (\u201cSinto como se estivesse ouvindo pela primeira vez, vendo pela primeira vez\u201d) s\u00e3o uma refer\u00eancia <a rel=\"noreferrer noopener\" href=\"https:\/\/olhardigital.com.br\/2020\/07\/28\/ciencia-e-espaco\/nasa-apresenta-algumas-das-tecnologias-da-missao-mars-2020\/\" target=\"_blank\">aos microfones e conjunto de c\u00e2meras<\/a> a bordo do Perseverance que nos permitem ver e ouvir o planeta vermelho como nunca antes.<br>J\u00e1 a frase \u201chere to discover and here to explore\u201d (\u201caqui para descobrir e aqui para explorar\u201d) \u00e9 uma men\u00e7\u00e3o aos objetivos cient\u00edficos da miss\u00e3o, que incluem a busca por sinais de vida passada na cratera Jezero, local do pouso, que antigamente j\u00e1 foi <a href=\"https:\/\/olhardigital.com.br\/2020\/01\/28\/ciencia-e-espaco\/lagos-antigos-em-marte-tinham-condicoes-de-abrigar-vida\/\" target=\"_blank\" rel=\"noreferrer noopener\">um lago e o delta de um rio<\/a>.<\/p>\n\n\n\n<h4 class=\"wp-block-heading\">Ou\u00e7a a primeira m\u00fasica com sons gravados em Marte<\/h4>\n\n\n\n<figure class=\"wp-block-audio\"><audio controls src=\"https:\/\/jornalfatosenoticias.com.br\/wp-content\/uploads\/2021\/02\/first-sounds-of-Mars.wav\"><\/audio><\/figure>\n\n\n\n<p>Os sons captados pelo Perseverance est\u00e3o <a href=\"https:\/\/mars.nasa.gov\/resources\/25629\/nasas-perseverance-rover-microphone-captures-sounds-from-mars\/\" target=\"_blank\" rel=\"noreferrer noopener\">dispon\u00edveis<\/a>\u00a0no site da Nasa, em duas vers\u00f5es: uma origina, que inclui o ru\u00eddo do equipamento do rover, e outra filtrada, que inclui apenas o som do vento.\u00a0<a href=\"https:\/\/twitter.com\/Dr_ThomasZ\/status\/1364256395760001026?s=20\" target=\"_blank\" rel=\"noreferrer noopener\">Segundo Zurbuchen<\/a>, a grava\u00e7\u00e3o pode ser usada livremente.<br>Recentemente, internautas levaram menos de seis horas para descobrir uma <a href=\"https:\/\/olhardigital.com.br\/2021\/02\/23\/ciencia-e-espaco\/internautas-descobrem-mensagem-secreta-no-paraquedas-do-perseverance\/\" target=\"_blank\" rel=\"noreferrer noopener\">mensagem secreta<\/a> inserida pela Nasa no paraquedas do rover. O padr\u00e3o de faixas brancas e azuis esconde as coordenadas para o Laborat\u00f3rio de Propus\u00e3o a Jato da Nasa, onde o rover foi montado, e o lema da miss\u00e3o: \u201cDare Mighty Things\u201d (algo como \u201cAtreva-se a Pensar Grande\u201d).<\/p>\n\n\n\n<figure class=\"wp-block-embed-twitter wp-block-embed is-type-rich is-provider-twitter\"><div class=\"wp-block-embed__wrapper\">\n<blockquote class=\"twitter-tweet\" data-width=\"550\" data-dnt=\"true\"><p lang=\"en\" dir=\"ltr\">It looks like the internet has cracked the code in something like 6 hours!  Oh internet is there anything you can\u2019t do?  For those who just want to know:  <a href=\"https:\/\/twitter.com\/hashtag\/Mars2020?src=hash&amp;ref_src=twsrc%5Etfw\">#Mars2020<\/a> <a href=\"https:\/\/twitter.com\/hashtag\/CountdownToMars?src=hash&amp;ref_src=twsrc%5Etfw\">#CountdownToMars<\/a> <a href=\"https:\/\/t.co\/yTJCEnbuLY\">pic.twitter.com\/yTJCEnbuLY<\/a><\/p>&mdash; Adam Steltzner (@steltzner) <a href=\"https:\/\/twitter.com\/steltzner\/status\/1364076615932645379?ref_src=twsrc%5Etfw\">February 23, 2021<\/a><\/blockquote><script async src=\"https:\/\/platform.twitter.com\/widgets.js\" charset=\"utf-8\"><\/script>\n<\/div><\/figure>\n\n\n\n<p>Este n\u00e3o \u00e9 o \u00fanico easter egg no Perseverance: uma das muitas imagens enviadas pelo rover mostra uma placa com cinco pequenas figuras alinhadas. \u00c9 um retrato de fam\u00edlia dos rovers que a Nasa j\u00e1 enviou a Marte. Da esquerda para a direita temos Sojourner, Spirit, Opportunity, Curiosity e Perseverance, com o helic\u00f3ptero Ingenuity ao seu lado.<\/p>\n\n\n\n<figure class=\"wp-block-embed-youtube wp-block-embed is-type-video is-provider-youtube wp-embed-aspect-16-9 wp-has-aspect-ratio\"><div class=\"wp-block-embed__wrapper\">\n<iframe loading=\"lazy\" title=\"Perseverance: Nasa divulga 1\u00ba v\u00eddeo em 4K de pouso em Marte\" width=\"660\" height=\"371\" src=\"https:\/\/www.youtube.com\/embed\/Mn8jb_0sKtE?feature=oembed\" frameborder=\"0\" allow=\"accelerometer; autoplay; clipboard-write; encrypted-media; gyroscope; picture-in-picture; web-share\" referrerpolicy=\"strict-origin-when-cross-origin\" allowfullscreen><\/iframe>\n<\/div><\/figure>\n\n\n\n<p><strong><em>Fonte: <a href=\"https:\/\/olhardigital.com.br\/2021\/02\/24\/ciencia-e-espaco\/ouca-a-primeira-musica-com-sons-gravados-em-marte\/\">Olhar Digital<\/a><\/em><\/strong><\/p>\n","protected":false},"excerpt":{"rendered":"<p>Na \u00faltima segunda-feira (22) a Nasa lan\u00e7ou um imenso lote de material captado pelo rover Perseverance\u00a0na superf\u00edcie de Marte, incluindo\u00a0v\u00eddeos, imagens e os primeiros sons gravados em outro planeta, um registro do vento marciano feito com os microfones incorporados ao rob\u00f4.Com isso Thomas Zurbuchen, administrador da Diretoria de Miss\u00f5es Cient\u00edficas da ag\u00eancia, perguntou: \u201cquem ir\u00e1 [&hellip;]<\/p>\n","protected":false},"author":2,"featured_media":15233,"comment_status":"open","ping_status":"open","sticky":false,"template":"","format":"standard","meta":{"footnotes":""},"categories":[2,4],"tags":[3625,7760,434,103,164,4076,7761],"class_list":["post-15228","post","type-post","status-publish","format-standard","has-post-thumbnail","hentry","category-ciencia","category-cultura","tag-corrida-espacial","tag-exploracao-de-marte","tag-marte","tag-musica","tag-nasa","tag-perseverance","tag-rover"],"yoast_head":"<!-- This site is optimized with the Yoast SEO plugin v26.5 - https:\/\/yoast.com\/wordpress\/plugins\/seo\/ -->\n<title>Ou\u00e7a a primeira m\u00fasica com sons gravados em Marte - Jornal Fatos e Not\u00edcias<\/title>\n<meta name=\"robots\" content=\"index, follow, max-snippet:-1, max-image-preview:large, max-video-preview:-1\" \/>\n<link rel=\"canonical\" href=\"https:\/\/jornalfatosenoticias.com.br\/index.php\/2021\/02\/26\/ouca-a-primeira-musica-com-sons-gravados-em-marte\/\" \/>\n<meta property=\"og:locale\" content=\"pt_BR\" \/>\n<meta property=\"og:type\" content=\"article\" \/>\n<meta property=\"og:title\" content=\"Ou\u00e7a a primeira m\u00fasica com sons gravados em Marte - Jornal Fatos e Not\u00edcias\" \/>\n<meta property=\"og:description\" content=\"Na \u00faltima segunda-feira (22) a Nasa lan\u00e7ou um imenso lote de material captado pelo rover Perseverance\u00a0na superf\u00edcie de Marte, incluindo\u00a0v\u00eddeos, imagens e os primeiros sons gravados em outro planeta, um registro do vento marciano feito com os microfones incorporados ao rob\u00f4.Com isso Thomas Zurbuchen, administrador da Diretoria de Miss\u00f5es Cient\u00edficas da ag\u00eancia, perguntou: \u201cquem ir\u00e1 [&hellip;]\" \/>\n<meta property=\"og:url\" content=\"https:\/\/jornalfatosenoticias.com.br\/index.php\/2021\/02\/26\/ouca-a-primeira-musica-com-sons-gravados-em-marte\/\" \/>\n<meta property=\"og:site_name\" content=\"Jornal Fatos e Not\u00edcias\" \/>\n<meta property=\"article:published_time\" content=\"2021-02-26T20:03:32+00:00\" \/>\n<meta property=\"article:modified_time\" content=\"2021-02-26T20:03:38+00:00\" \/>\n<meta property=\"og:image\" content=\"https:\/\/jornalfatosenoticias.com.br\/wp-content\/uploads\/2021\/02\/Ondas_Sonoras-Marte.jpg\" \/>\n\t<meta property=\"og:image:width\" content=\"1000\" \/>\n\t<meta property=\"og:image:height\" content=\"351\" \/>\n\t<meta property=\"og:image:type\" content=\"image\/jpeg\" \/>\n<meta name=\"author\" content=\"Luzimara Fernandes\" \/>\n<meta name=\"twitter:card\" content=\"summary_large_image\" \/>\n<meta name=\"twitter:label1\" content=\"Escrito por\" \/>\n\t<meta name=\"twitter:data1\" content=\"Luzimara Fernandes\" \/>\n\t<meta name=\"twitter:label2\" content=\"Est. tempo de leitura\" \/>\n\t<meta name=\"twitter:data2\" content=\"2 minutos\" \/>\n<script type=\"application\/ld+json\" class=\"yoast-schema-graph\">{\"@context\":\"https:\/\/schema.org\",\"@graph\":[{\"@type\":\"Article\",\"@id\":\"https:\/\/jornalfatosenoticias.com.br\/index.php\/2021\/02\/26\/ouca-a-primeira-musica-com-sons-gravados-em-marte\/#article\",\"isPartOf\":{\"@id\":\"https:\/\/jornalfatosenoticias.com.br\/index.php\/2021\/02\/26\/ouca-a-primeira-musica-com-sons-gravados-em-marte\/\"},\"author\":{\"name\":\"Luzimara Fernandes\",\"@id\":\"https:\/\/jornalfatosenoticias.com.br\/#\/schema\/person\/d63837fa13ac8666eb9e74e0985d6f81\"},\"headline\":\"Ou\u00e7a a primeira m\u00fasica com sons gravados em Marte\",\"datePublished\":\"2021-02-26T20:03:32+00:00\",\"dateModified\":\"2021-02-26T20:03:38+00:00\",\"mainEntityOfPage\":{\"@id\":\"https:\/\/jornalfatosenoticias.com.br\/index.php\/2021\/02\/26\/ouca-a-primeira-musica-com-sons-gravados-em-marte\/\"},\"wordCount\":497,\"commentCount\":0,\"publisher\":{\"@id\":\"https:\/\/jornalfatosenoticias.com.br\/#organization\"},\"image\":{\"@id\":\"https:\/\/jornalfatosenoticias.com.br\/index.php\/2021\/02\/26\/ouca-a-primeira-musica-com-sons-gravados-em-marte\/#primaryimage\"},\"thumbnailUrl\":\"https:\/\/jornalfatosenoticias.com.br\/wp-content\/uploads\/2021\/02\/Ondas_Sonoras-Marte.jpg\",\"keywords\":[\"corrida espacial\",\"explora\u00e7\u00e3o de Marte\",\"Marte\",\"m\u00fasica\",\"Nasa\",\"Perseverance\",\"Rover\"],\"articleSection\":[\"Ci\u00eancia\",\"Cultura\"],\"inLanguage\":\"pt-BR\",\"potentialAction\":[{\"@type\":\"CommentAction\",\"name\":\"Comment\",\"target\":[\"https:\/\/jornalfatosenoticias.com.br\/index.php\/2021\/02\/26\/ouca-a-primeira-musica-com-sons-gravados-em-marte\/#respond\"]}]},{\"@type\":\"WebPage\",\"@id\":\"https:\/\/jornalfatosenoticias.com.br\/index.php\/2021\/02\/26\/ouca-a-primeira-musica-com-sons-gravados-em-marte\/\",\"url\":\"https:\/\/jornalfatosenoticias.com.br\/index.php\/2021\/02\/26\/ouca-a-primeira-musica-com-sons-gravados-em-marte\/\",\"name\":\"Ou\u00e7a a primeira m\u00fasica com sons gravados em Marte - Jornal Fatos e Not\u00edcias\",\"isPartOf\":{\"@id\":\"https:\/\/jornalfatosenoticias.com.br\/#website\"},\"primaryImageOfPage\":{\"@id\":\"https:\/\/jornalfatosenoticias.com.br\/index.php\/2021\/02\/26\/ouca-a-primeira-musica-com-sons-gravados-em-marte\/#primaryimage\"},\"image\":{\"@id\":\"https:\/\/jornalfatosenoticias.com.br\/index.php\/2021\/02\/26\/ouca-a-primeira-musica-com-sons-gravados-em-marte\/#primaryimage\"},\"thumbnailUrl\":\"https:\/\/jornalfatosenoticias.com.br\/wp-content\/uploads\/2021\/02\/Ondas_Sonoras-Marte.jpg\",\"datePublished\":\"2021-02-26T20:03:32+00:00\",\"dateModified\":\"2021-02-26T20:03:38+00:00\",\"breadcrumb\":{\"@id\":\"https:\/\/jornalfatosenoticias.com.br\/index.php\/2021\/02\/26\/ouca-a-primeira-musica-com-sons-gravados-em-marte\/#breadcrumb\"},\"inLanguage\":\"pt-BR\",\"potentialAction\":[{\"@type\":\"ReadAction\",\"target\":[\"https:\/\/jornalfatosenoticias.com.br\/index.php\/2021\/02\/26\/ouca-a-primeira-musica-com-sons-gravados-em-marte\/\"]}]},{\"@type\":\"ImageObject\",\"inLanguage\":\"pt-BR\",\"@id\":\"https:\/\/jornalfatosenoticias.com.br\/index.php\/2021\/02\/26\/ouca-a-primeira-musica-com-sons-gravados-em-marte\/#primaryimage\",\"url\":\"https:\/\/jornalfatosenoticias.com.br\/wp-content\/uploads\/2021\/02\/Ondas_Sonoras-Marte.jpg\",\"contentUrl\":\"https:\/\/jornalfatosenoticias.com.br\/wp-content\/uploads\/2021\/02\/Ondas_Sonoras-Marte.jpg\",\"width\":1000,\"height\":351},{\"@type\":\"BreadcrumbList\",\"@id\":\"https:\/\/jornalfatosenoticias.com.br\/index.php\/2021\/02\/26\/ouca-a-primeira-musica-com-sons-gravados-em-marte\/#breadcrumb\",\"itemListElement\":[{\"@type\":\"ListItem\",\"position\":1,\"name\":\"In\u00edcio\",\"item\":\"https:\/\/jornalfatosenoticias.com.br\/\"},{\"@type\":\"ListItem\",\"position\":2,\"name\":\"Ou\u00e7a a primeira m\u00fasica com sons gravados em Marte\"}]},{\"@type\":\"WebSite\",\"@id\":\"https:\/\/jornalfatosenoticias.com.br\/#website\",\"url\":\"https:\/\/jornalfatosenoticias.com.br\/\",\"name\":\"Jornal Fatos e Not\u00edcias\",\"description\":\"Not\u00edcias em geral\",\"publisher\":{\"@id\":\"https:\/\/jornalfatosenoticias.com.br\/#organization\"},\"potentialAction\":[{\"@type\":\"SearchAction\",\"target\":{\"@type\":\"EntryPoint\",\"urlTemplate\":\"https:\/\/jornalfatosenoticias.com.br\/?s={search_term_string}\"},\"query-input\":{\"@type\":\"PropertyValueSpecification\",\"valueRequired\":true,\"valueName\":\"search_term_string\"}}],\"inLanguage\":\"pt-BR\"},{\"@type\":\"Organization\",\"@id\":\"https:\/\/jornalfatosenoticias.com.br\/#organization\",\"name\":\"Jornal Fatos e Not\u00edcias\",\"url\":\"https:\/\/jornalfatosenoticias.com.br\/\",\"logo\":{\"@type\":\"ImageObject\",\"inLanguage\":\"pt-BR\",\"@id\":\"https:\/\/jornalfatosenoticias.com.br\/#\/schema\/logo\/image\/\",\"url\":\"https:\/\/jornalfatosenoticias.com.br\/wp-content\/uploads\/2020\/02\/logo120.png\",\"contentUrl\":\"https:\/\/jornalfatosenoticias.com.br\/wp-content\/uploads\/2020\/02\/logo120.png\",\"width\":1227,\"height\":120,\"caption\":\"Jornal Fatos e Not\u00edcias\"},\"image\":{\"@id\":\"https:\/\/jornalfatosenoticias.com.br\/#\/schema\/logo\/image\/\"}},{\"@type\":\"Person\",\"@id\":\"https:\/\/jornalfatosenoticias.com.br\/#\/schema\/person\/d63837fa13ac8666eb9e74e0985d6f81\",\"name\":\"Luzimara Fernandes\",\"image\":{\"@type\":\"ImageObject\",\"inLanguage\":\"pt-BR\",\"@id\":\"https:\/\/jornalfatosenoticias.com.br\/#\/schema\/person\/image\/\",\"url\":\"https:\/\/jornalfatosenoticias.com.br\/wp-content\/uploads\/2025\/05\/EU_portal.jpg\",\"contentUrl\":\"https:\/\/jornalfatosenoticias.com.br\/wp-content\/uploads\/2025\/05\/EU_portal.jpg\",\"caption\":\"Luzimara Fernandes\"},\"description\":\"Jornalista MTB 2358-ES\",\"sameAs\":[\"https:\/\/jornalfatosenoticias.com.br\"],\"url\":\"https:\/\/jornalfatosenoticias.com.br\/index.php\/author\/luzimara\/\"}]}<\/script>\n<!-- \/ Yoast SEO plugin. -->","yoast_head_json":{"title":"Ou\u00e7a a primeira m\u00fasica com sons gravados em Marte - Jornal Fatos e Not\u00edcias","robots":{"index":"index","follow":"follow","max-snippet":"max-snippet:-1","max-image-preview":"max-image-preview:large","max-video-preview":"max-video-preview:-1"},"canonical":"https:\/\/jornalfatosenoticias.com.br\/index.php\/2021\/02\/26\/ouca-a-primeira-musica-com-sons-gravados-em-marte\/","og_locale":"pt_BR","og_type":"article","og_title":"Ou\u00e7a a primeira m\u00fasica com sons gravados em Marte - Jornal Fatos e Not\u00edcias","og_description":"Na \u00faltima segunda-feira (22) a Nasa lan\u00e7ou um imenso lote de material captado pelo rover Perseverance\u00a0na superf\u00edcie de Marte, incluindo\u00a0v\u00eddeos, imagens e os primeiros sons gravados em outro planeta, um registro do vento marciano feito com os microfones incorporados ao rob\u00f4.Com isso Thomas Zurbuchen, administrador da Diretoria de Miss\u00f5es Cient\u00edficas da ag\u00eancia, perguntou: \u201cquem ir\u00e1 [&hellip;]","og_url":"https:\/\/jornalfatosenoticias.com.br\/index.php\/2021\/02\/26\/ouca-a-primeira-musica-com-sons-gravados-em-marte\/","og_site_name":"Jornal Fatos e Not\u00edcias","article_published_time":"2021-02-26T20:03:32+00:00","article_modified_time":"2021-02-26T20:03:38+00:00","og_image":[{"width":1000,"height":351,"url":"https:\/\/jornalfatosenoticias.com.br\/wp-content\/uploads\/2021\/02\/Ondas_Sonoras-Marte.jpg","type":"image\/jpeg"}],"author":"Luzimara Fernandes","twitter_card":"summary_large_image","twitter_misc":{"Escrito por":"Luzimara Fernandes","Est. tempo de leitura":"2 minutos"},"schema":{"@context":"https:\/\/schema.org","@graph":[{"@type":"Article","@id":"https:\/\/jornalfatosenoticias.com.br\/index.php\/2021\/02\/26\/ouca-a-primeira-musica-com-sons-gravados-em-marte\/#article","isPartOf":{"@id":"https:\/\/jornalfatosenoticias.com.br\/index.php\/2021\/02\/26\/ouca-a-primeira-musica-com-sons-gravados-em-marte\/"},"author":{"name":"Luzimara Fernandes","@id":"https:\/\/jornalfatosenoticias.com.br\/#\/schema\/person\/d63837fa13ac8666eb9e74e0985d6f81"},"headline":"Ou\u00e7a a primeira m\u00fasica com sons gravados em Marte","datePublished":"2021-02-26T20:03:32+00:00","dateModified":"2021-02-26T20:03:38+00:00","mainEntityOfPage":{"@id":"https:\/\/jornalfatosenoticias.com.br\/index.php\/2021\/02\/26\/ouca-a-primeira-musica-com-sons-gravados-em-marte\/"},"wordCount":497,"commentCount":0,"publisher":{"@id":"https:\/\/jornalfatosenoticias.com.br\/#organization"},"image":{"@id":"https:\/\/jornalfatosenoticias.com.br\/index.php\/2021\/02\/26\/ouca-a-primeira-musica-com-sons-gravados-em-marte\/#primaryimage"},"thumbnailUrl":"https:\/\/jornalfatosenoticias.com.br\/wp-content\/uploads\/2021\/02\/Ondas_Sonoras-Marte.jpg","keywords":["corrida espacial","explora\u00e7\u00e3o de Marte","Marte","m\u00fasica","Nasa","Perseverance","Rover"],"articleSection":["Ci\u00eancia","Cultura"],"inLanguage":"pt-BR","potentialAction":[{"@type":"CommentAction","name":"Comment","target":["https:\/\/jornalfatosenoticias.com.br\/index.php\/2021\/02\/26\/ouca-a-primeira-musica-com-sons-gravados-em-marte\/#respond"]}]},{"@type":"WebPage","@id":"https:\/\/jornalfatosenoticias.com.br\/index.php\/2021\/02\/26\/ouca-a-primeira-musica-com-sons-gravados-em-marte\/","url":"https:\/\/jornalfatosenoticias.com.br\/index.php\/2021\/02\/26\/ouca-a-primeira-musica-com-sons-gravados-em-marte\/","name":"Ou\u00e7a a primeira m\u00fasica com sons gravados em Marte - Jornal Fatos e Not\u00edcias","isPartOf":{"@id":"https:\/\/jornalfatosenoticias.com.br\/#website"},"primaryImageOfPage":{"@id":"https:\/\/jornalfatosenoticias.com.br\/index.php\/2021\/02\/26\/ouca-a-primeira-musica-com-sons-gravados-em-marte\/#primaryimage"},"image":{"@id":"https:\/\/jornalfatosenoticias.com.br\/index.php\/2021\/02\/26\/ouca-a-primeira-musica-com-sons-gravados-em-marte\/#primaryimage"},"thumbnailUrl":"https:\/\/jornalfatosenoticias.com.br\/wp-content\/uploads\/2021\/02\/Ondas_Sonoras-Marte.jpg","datePublished":"2021-02-26T20:03:32+00:00","dateModified":"2021-02-26T20:03:38+00:00","breadcrumb":{"@id":"https:\/\/jornalfatosenoticias.com.br\/index.php\/2021\/02\/26\/ouca-a-primeira-musica-com-sons-gravados-em-marte\/#breadcrumb"},"inLanguage":"pt-BR","potentialAction":[{"@type":"ReadAction","target":["https:\/\/jornalfatosenoticias.com.br\/index.php\/2021\/02\/26\/ouca-a-primeira-musica-com-sons-gravados-em-marte\/"]}]},{"@type":"ImageObject","inLanguage":"pt-BR","@id":"https:\/\/jornalfatosenoticias.com.br\/index.php\/2021\/02\/26\/ouca-a-primeira-musica-com-sons-gravados-em-marte\/#primaryimage","url":"https:\/\/jornalfatosenoticias.com.br\/wp-content\/uploads\/2021\/02\/Ondas_Sonoras-Marte.jpg","contentUrl":"https:\/\/jornalfatosenoticias.com.br\/wp-content\/uploads\/2021\/02\/Ondas_Sonoras-Marte.jpg","width":1000,"height":351},{"@type":"BreadcrumbList","@id":"https:\/\/jornalfatosenoticias.com.br\/index.php\/2021\/02\/26\/ouca-a-primeira-musica-com-sons-gravados-em-marte\/#breadcrumb","itemListElement":[{"@type":"ListItem","position":1,"name":"In\u00edcio","item":"https:\/\/jornalfatosenoticias.com.br\/"},{"@type":"ListItem","position":2,"name":"Ou\u00e7a a primeira m\u00fasica com sons gravados em Marte"}]},{"@type":"WebSite","@id":"https:\/\/jornalfatosenoticias.com.br\/#website","url":"https:\/\/jornalfatosenoticias.com.br\/","name":"Jornal Fatos e Not\u00edcias","description":"Not\u00edcias em geral","publisher":{"@id":"https:\/\/jornalfatosenoticias.com.br\/#organization"},"potentialAction":[{"@type":"SearchAction","target":{"@type":"EntryPoint","urlTemplate":"https:\/\/jornalfatosenoticias.com.br\/?s={search_term_string}"},"query-input":{"@type":"PropertyValueSpecification","valueRequired":true,"valueName":"search_term_string"}}],"inLanguage":"pt-BR"},{"@type":"Organization","@id":"https:\/\/jornalfatosenoticias.com.br\/#organization","name":"Jornal Fatos e Not\u00edcias","url":"https:\/\/jornalfatosenoticias.com.br\/","logo":{"@type":"ImageObject","inLanguage":"pt-BR","@id":"https:\/\/jornalfatosenoticias.com.br\/#\/schema\/logo\/image\/","url":"https:\/\/jornalfatosenoticias.com.br\/wp-content\/uploads\/2020\/02\/logo120.png","contentUrl":"https:\/\/jornalfatosenoticias.com.br\/wp-content\/uploads\/2020\/02\/logo120.png","width":1227,"height":120,"caption":"Jornal Fatos e Not\u00edcias"},"image":{"@id":"https:\/\/jornalfatosenoticias.com.br\/#\/schema\/logo\/image\/"}},{"@type":"Person","@id":"https:\/\/jornalfatosenoticias.com.br\/#\/schema\/person\/d63837fa13ac8666eb9e74e0985d6f81","name":"Luzimara Fernandes","image":{"@type":"ImageObject","inLanguage":"pt-BR","@id":"https:\/\/jornalfatosenoticias.com.br\/#\/schema\/person\/image\/","url":"https:\/\/jornalfatosenoticias.com.br\/wp-content\/uploads\/2025\/05\/EU_portal.jpg","contentUrl":"https:\/\/jornalfatosenoticias.com.br\/wp-content\/uploads\/2025\/05\/EU_portal.jpg","caption":"Luzimara Fernandes"},"description":"Jornalista MTB 2358-ES","sameAs":["https:\/\/jornalfatosenoticias.com.br"],"url":"https:\/\/jornalfatosenoticias.com.br\/index.php\/author\/luzimara\/"}]}},"cc_featured_image_caption":{"caption_text":"(Foto: Reprodu\u00e7\u00e3o) ","source_text":"","source_url":""},"jetpack_featured_media_url":"https:\/\/jornalfatosenoticias.com.br\/wp-content\/uploads\/2021\/02\/Ondas_Sonoras-Marte.jpg","_links":{"self":[{"href":"https:\/\/jornalfatosenoticias.com.br\/index.php\/wp-json\/wp\/v2\/posts\/15228","targetHints":{"allow":["GET"]}}],"collection":[{"href":"https:\/\/jornalfatosenoticias.com.br\/index.php\/wp-json\/wp\/v2\/posts"}],"about":[{"href":"https:\/\/jornalfatosenoticias.com.br\/index.php\/wp-json\/wp\/v2\/types\/post"}],"author":[{"embeddable":true,"href":"https:\/\/jornalfatosenoticias.com.br\/index.php\/wp-json\/wp\/v2\/users\/2"}],"replies":[{"embeddable":true,"href":"https:\/\/jornalfatosenoticias.com.br\/index.php\/wp-json\/wp\/v2\/comments?post=15228"}],"version-history":[{"count":0,"href":"https:\/\/jornalfatosenoticias.com.br\/index.php\/wp-json\/wp\/v2\/posts\/15228\/revisions"}],"wp:featuredmedia":[{"embeddable":true,"href":"https:\/\/jornalfatosenoticias.com.br\/index.php\/wp-json\/wp\/v2\/media\/15233"}],"wp:attachment":[{"href":"https:\/\/jornalfatosenoticias.com.br\/index.php\/wp-json\/wp\/v2\/media?parent=15228"}],"wp:term":[{"taxonomy":"category","embeddable":true,"href":"https:\/\/jornalfatosenoticias.com.br\/index.php\/wp-json\/wp\/v2\/categories?post=15228"},{"taxonomy":"post_tag","embeddable":true,"href":"https:\/\/jornalfatosenoticias.com.br\/index.php\/wp-json\/wp\/v2\/tags?post=15228"}],"curies":[{"name":"wp","href":"https:\/\/api.w.org\/{rel}","templated":true}]}}