{"id":15278,"date":"2021-03-01T15:09:31","date_gmt":"2021-03-01T18:09:31","guid":{"rendered":"https:\/\/jornalfatosenoticias.com.br\/?p=15278"},"modified":"2021-03-01T15:09:36","modified_gmt":"2021-03-01T18:09:36","slug":"e-isso-ai-isso-e-so-uma-gripinha","status":"publish","type":"post","link":"https:\/\/jornalfatosenoticias.com.br\/index.php\/2021\/03\/01\/e-isso-ai-isso-e-so-uma-gripinha\/","title":{"rendered":"\u00c9 Isso A\u00ed \u2014 \u201cISSO \u00c9 S\u00d3 UMA GRIPINHA!\u201d"},"content":{"rendered":"\n<p>Gripinha majestade? Veja s\u00f3 o que apurei atrav\u00e9s de dados que foram divulgados pelo Cons\u00f3rcio de Ve\u00edculos de Imprensa a partir de atualiza\u00e7\u00e3o das secretarias estaduais de Sa\u00fade. Desde o primeiro infectado pelo diab\u00f3lico v\u00edrus at\u00e9 a noite do \u00faltimo s\u00e1bado (27) o Pa\u00eds registrou 1.275 mortes pela covid-19 nas \u00faltimas 24 horas, chegando ao total de 254.263 \u00f3bitos, no dia em que se completou um ano do 1\u00ba caso no Brasil.<br>Com isso, a m\u00e9dia m\u00f3vel de mortes no Pa\u00eds nos \u00faltimos sete dias bateu recorde de 1.180, o maior n\u00famero registrado desde o in\u00edcio da pandemia. A varia\u00e7\u00e3o foi de +7% em compara\u00e7\u00e3o \u00e0 m\u00e9dia de 14 dias atr\u00e1s.<br>Como disse o escritor e senador romano C\u00edcero; &#8220;Quo usque tandem abutere patientia nostra?&#8221; que pode ser livremente traduzida para &#8220;Qu\u00e3o longe voc\u00ea vai abusar da nossa paci\u00eancia?&#8221;.<br>Pois bem excel\u00eancia, passemos a outro dos absurdos desse complicado e atrapalhado governo, ou melhor desgoverno: os seus decretos ampliando o acesso a armas s\u00e3o uma grav\u00edssima amea\u00e7a \u00e0 democracia, pois politizam uma quest\u00e3o de seguran\u00e7a p\u00fablica e estimulam guerra civil, e o Pa\u00eds pode ver repetidas aqui cenas como a invas\u00e3o do Capit\u00f3lio americano na \u00faltima elei\u00e7\u00e3o.<br>N\u00e3o sou eu quem afirma categoricamente mas, sim, o ex-ministro da Seguran\u00e7a P\u00fablica e da Defesa, Raul Jungmann, em um alerta feito em carta aberta aos ministros do Supremo Tribunal Federal. Ele pediu o veto \u00e0s iniciativas. Ser\u00e1 que o reizinho vai gostar, caro Jungmann?<\/p>\n\n\n\n<figure class=\"wp-block-image size-large\"><img loading=\"lazy\" decoding=\"async\" width=\"1000\" height=\"750\" src=\"https:\/\/jornalfatosenoticias.com.br\/wp-content\/uploads\/2021\/03\/Raul-Jungmann.jpg\" alt=\"\" class=\"wp-image-15279\" srcset=\"https:\/\/jornalfatosenoticias.com.br\/wp-content\/uploads\/2021\/03\/Raul-Jungmann.jpg 1000w, https:\/\/jornalfatosenoticias.com.br\/wp-content\/uploads\/2021\/03\/Raul-Jungmann-300x225.jpg 300w, https:\/\/jornalfatosenoticias.com.br\/wp-content\/uploads\/2021\/03\/Raul-Jungmann-768x576.jpg 768w\" sizes=\"auto, (max-width: 1000px) 100vw, 1000px\" \/><figcaption><em>Raul Jungmann (Foto: Marcelo Camargo\/Ag\u00eancia Brasil)<\/em><\/figcaption><\/figure>\n\n\n\n<p>O texto \u00e9 uma cr\u00edtica dura \u00e0s pol\u00edticas armamentistas de Bolsonaro, que Jungmann identifica como &#8220;um nefasto processo&#8221; que gera &#8220;iminente risco de grav\u00edssima les\u00e3o ao sistema democr\u00e1tico&#8221;.<br>Notadamente revoltado, e com toda raz\u00e3o, Raul Jungmann diz na carta: &#8220;\u00c9 inafast\u00e1vel a constata\u00e7\u00e3o de que o armamento da cidadania para \u201ca defesa da liberdade&#8217; evoca o terr\u00edvel flagelo da guerra civil, e do massacre de brasileiros por brasileiros, pois n\u00e3o se vislumbra outra motiva\u00e7\u00e3o ou prop\u00f3sito para t\u00e3o nefasto projeto&#8221;, diz.<br>O reizinho, na v\u00e9spera do carnaval, editou mais quatro decretos flexibilizando regras e ampliando acesso a armas de fogo e muni\u00e7\u00f5es. O PSB e o PT foram ao Supremo questionar a legalidade das regras.<br>Jungmann se diz especialmente preocupado pelo fato de que sua majestade, desde a campanha eleitoral de 2018 defendia armar o cidad\u00e3o contra criminosos e tomou v\u00e1rias medidas nesse sentido, agora fala abertamente que o objetivo \u00e9 pol\u00edtico.<br>Que terr\u00edvel, hein! Em uma narrativa iniciada na famosa reuni\u00e3o ministerial de 22 de abril de 2020, a ideia \u00e9 armar o povo contra eventuais ditadores.<br>O ex-ministro v\u00ea o oposto, como diversos cr\u00edticos do governo t\u00eam feito. &#8220;Ao longo da hist\u00f3ria, o armamento da popula\u00e7\u00e3o serviu a interesses de ditaduras, golpes de Estado, massacre e elimina\u00e7\u00e3o de ra\u00e7as e etnias, separatismos, genoc\u00eddios e de novo da serpente do fascismo italiano e do nazismo alem\u00e3o&#8221;, escreveu. \u00c9 verdade verdadeira Jungmann.<br>E ele encerra a mensagem lembrando a horda de apoiadores de Donald Trump, o ent\u00e3o presidente americano que n\u00e3o aceitava a derrota para Joe Biden no pleito de novembro, que invadiram o Capit\u00f3lio e interromperam a sess\u00e3o que confirmava o triunfo do democrata em 6 de janeiro.<br>&#8220;Lembremo-nos dos recentes fatos ocorridos nos EUA. Nossas elei\u00e7\u00f5es est\u00e3o a\u00ed, em 2022. E pouco tempo nos resta para esconjurar o inomin\u00e1vel press\u00e1gio&#8221;, diz o ex-ministro.<br>Bolsonaro, um admirador de Trump, nunca condenou os eventos \u2014 que levaram ao impeachment do americano na C\u00e2mara, e posterior absolvi\u00e7\u00e3o pelo Senado.<br>Al\u00e9m das a\u00e7\u00f5es no Supremo, h\u00e1 uma s\u00e9rie de projetos visando derrubar as iniciativas de Bolsonaro no Congresso. Deputados e ativistas de esquerda v\u00eam falando o que disse Jungmann, mas a carta do ex-ministro tem outro peso, n\u00e3o s\u00f3 pelos cargos que ocupou.<br>Ele tem bom tr\u00e2nsito no Supremo e tamb\u00e9m nas For\u00e7as Armadas, que comandou como ministro. \u00c9 indisfar\u00e7\u00e1vel entre alguns generais do servi\u00e7o ativo o desconforto com as pol\u00edticas de Bolsonaro para o setor, desde o come\u00e7o do governo.<br>Assim, ressoa tamb\u00e9m um trecho em que ele afirma que o reizinho est\u00e1 usurpando prerrogativas dos militares ao ampliar o acesso a armas.<br>&#8220;O armamento da popula\u00e7\u00e3o proposto \u2013e j\u00e1 em andamento \u2014 atenta frontalmente contra o seu papel constitucional [dos militares], e \u00e9 incontorn\u00e1vel que fa\u00e7amos a defesa das nossas For\u00e7as Armadas&#8221;, afirmou Jungmann, que ocupou os postos no governo de Michel Temer (MDB, 2016-18), e tamb\u00e9m foi ministro do Desenvolvimento Agr\u00e1rio de Fernando Henrique Cardoso (PSDB, de 1996 a 2002).<\/p>\n\n\n\n<p><strong>Moral da hist\u00f3ria:<br><\/strong><em>\u201c\u00c9 tudo uma quest\u00e3o de \u00e9tica e moral um dos maiores problemas existentes no atual cen\u00e1rio pol\u00edtico brasileiro, isto \u00e9, a falta quase que completa de \u00e9tica e a extin\u00e7\u00e3o da moral entre tantos pol\u00edticos do Brasil\u201d.<\/em><\/p>\n\n\n\n<p><em>\u00c9 ISSO A\u00cd<\/em><\/p>\n","protected":false},"excerpt":{"rendered":"<p>Gripinha majestade? Veja s\u00f3 o que apurei atrav\u00e9s de dados que foram divulgados pelo Cons\u00f3rcio de Ve\u00edculos de Imprensa a partir de atualiza\u00e7\u00e3o das secretarias estaduais de Sa\u00fade. Desde o primeiro infectado pelo diab\u00f3lico v\u00edrus at\u00e9 a noite do \u00faltimo s\u00e1bado (27) o Pa\u00eds registrou 1.275 mortes pela covid-19 nas \u00faltimas 24 horas, chegando ao [&hellip;]<\/p>\n","protected":false},"author":6,"featured_media":15280,"comment_status":"open","ping_status":"open","sticky":false,"template":"","format":"standard","meta":{"footnotes":""},"categories":[10],"tags":[239,273,7786,565],"class_list":["post-15278","post","type-post","status-publish","format-standard","has-post-thumbnail","hentry","category-politica","tag-bolsonaro","tag-covid-19","tag-raul-jungmann","tag-virus"],"yoast_head":"<!-- This site is optimized with the Yoast SEO plugin v26.5 - https:\/\/yoast.com\/wordpress\/plugins\/seo\/ -->\n<title>\u00c9 Isso A\u00ed \u2014 \u201cISSO \u00c9 S\u00d3 UMA GRIPINHA!\u201d - Jornal Fatos e Not\u00edcias<\/title>\n<meta name=\"robots\" content=\"index, follow, max-snippet:-1, max-image-preview:large, max-video-preview:-1\" \/>\n<link rel=\"canonical\" href=\"https:\/\/jornalfatosenoticias.com.br\/index.php\/2021\/03\/01\/e-isso-ai-isso-e-so-uma-gripinha\/\" \/>\n<meta property=\"og:locale\" content=\"pt_BR\" \/>\n<meta property=\"og:type\" content=\"article\" \/>\n<meta property=\"og:title\" content=\"\u00c9 Isso A\u00ed \u2014 \u201cISSO \u00c9 S\u00d3 UMA GRIPINHA!\u201d - Jornal Fatos e Not\u00edcias\" \/>\n<meta property=\"og:description\" content=\"Gripinha majestade? Veja s\u00f3 o que apurei atrav\u00e9s de dados que foram divulgados pelo Cons\u00f3rcio de Ve\u00edculos de Imprensa a partir de atualiza\u00e7\u00e3o das secretarias estaduais de Sa\u00fade. Desde o primeiro infectado pelo diab\u00f3lico v\u00edrus at\u00e9 a noite do \u00faltimo s\u00e1bado (27) o Pa\u00eds registrou 1.275 mortes pela covid-19 nas \u00faltimas 24 horas, chegando ao [&hellip;]\" \/>\n<meta property=\"og:url\" content=\"https:\/\/jornalfatosenoticias.com.br\/index.php\/2021\/03\/01\/e-isso-ai-isso-e-so-uma-gripinha\/\" \/>\n<meta property=\"og:site_name\" content=\"Jornal Fatos e Not\u00edcias\" \/>\n<meta property=\"article:published_time\" content=\"2021-03-01T18:09:31+00:00\" \/>\n<meta property=\"article:modified_time\" content=\"2021-03-01T18:09:36+00:00\" \/>\n<meta property=\"og:image\" content=\"https:\/\/jornalfatosenoticias.com.br\/wp-content\/uploads\/2021\/03\/REIZINHO.jpg\" \/>\n\t<meta property=\"og:image:width\" content=\"1000\" \/>\n\t<meta property=\"og:image:height\" content=\"1160\" \/>\n\t<meta property=\"og:image:type\" content=\"image\/jpeg\" \/>\n<meta name=\"author\" content=\"Jorge Rodrigues Pacheco\" \/>\n<meta name=\"twitter:card\" content=\"summary_large_image\" \/>\n<meta name=\"twitter:label1\" content=\"Escrito por\" \/>\n\t<meta name=\"twitter:data1\" content=\"Jorge Rodrigues Pacheco\" \/>\n\t<meta name=\"twitter:label2\" content=\"Est. tempo de leitura\" \/>\n\t<meta name=\"twitter:data2\" content=\"4 minutos\" \/>\n<script type=\"application\/ld+json\" class=\"yoast-schema-graph\">{\"@context\":\"https:\/\/schema.org\",\"@graph\":[{\"@type\":\"Article\",\"@id\":\"https:\/\/jornalfatosenoticias.com.br\/index.php\/2021\/03\/01\/e-isso-ai-isso-e-so-uma-gripinha\/#article\",\"isPartOf\":{\"@id\":\"https:\/\/jornalfatosenoticias.com.br\/index.php\/2021\/03\/01\/e-isso-ai-isso-e-so-uma-gripinha\/\"},\"author\":{\"name\":\"Jorge Rodrigues Pacheco\",\"@id\":\"https:\/\/jornalfatosenoticias.com.br\/#\/schema\/person\/14f3ce803c6ccf68a7d8fd0ab749dbb4\"},\"headline\":\"\u00c9 Isso A\u00ed \u2014 \u201cISSO \u00c9 S\u00d3 UMA GRIPINHA!\u201d\",\"datePublished\":\"2021-03-01T18:09:31+00:00\",\"dateModified\":\"2021-03-01T18:09:36+00:00\",\"mainEntityOfPage\":{\"@id\":\"https:\/\/jornalfatosenoticias.com.br\/index.php\/2021\/03\/01\/e-isso-ai-isso-e-so-uma-gripinha\/\"},\"wordCount\":859,\"commentCount\":0,\"publisher\":{\"@id\":\"https:\/\/jornalfatosenoticias.com.br\/#organization\"},\"image\":{\"@id\":\"https:\/\/jornalfatosenoticias.com.br\/index.php\/2021\/03\/01\/e-isso-ai-isso-e-so-uma-gripinha\/#primaryimage\"},\"thumbnailUrl\":\"https:\/\/jornalfatosenoticias.com.br\/wp-content\/uploads\/2021\/03\/REIZINHO.jpg\",\"keywords\":[\"Bolsonaro\",\"covid-19\",\"Raul Jungmann\",\"v\u00edrus\"],\"articleSection\":[\"Pol\u00edtica\"],\"inLanguage\":\"pt-BR\",\"potentialAction\":[{\"@type\":\"CommentAction\",\"name\":\"Comment\",\"target\":[\"https:\/\/jornalfatosenoticias.com.br\/index.php\/2021\/03\/01\/e-isso-ai-isso-e-so-uma-gripinha\/#respond\"]}]},{\"@type\":\"WebPage\",\"@id\":\"https:\/\/jornalfatosenoticias.com.br\/index.php\/2021\/03\/01\/e-isso-ai-isso-e-so-uma-gripinha\/\",\"url\":\"https:\/\/jornalfatosenoticias.com.br\/index.php\/2021\/03\/01\/e-isso-ai-isso-e-so-uma-gripinha\/\",\"name\":\"\u00c9 Isso A\u00ed \u2014 \u201cISSO \u00c9 S\u00d3 UMA GRIPINHA!\u201d - Jornal Fatos e Not\u00edcias\",\"isPartOf\":{\"@id\":\"https:\/\/jornalfatosenoticias.com.br\/#website\"},\"primaryImageOfPage\":{\"@id\":\"https:\/\/jornalfatosenoticias.com.br\/index.php\/2021\/03\/01\/e-isso-ai-isso-e-so-uma-gripinha\/#primaryimage\"},\"image\":{\"@id\":\"https:\/\/jornalfatosenoticias.com.br\/index.php\/2021\/03\/01\/e-isso-ai-isso-e-so-uma-gripinha\/#primaryimage\"},\"thumbnailUrl\":\"https:\/\/jornalfatosenoticias.com.br\/wp-content\/uploads\/2021\/03\/REIZINHO.jpg\",\"datePublished\":\"2021-03-01T18:09:31+00:00\",\"dateModified\":\"2021-03-01T18:09:36+00:00\",\"breadcrumb\":{\"@id\":\"https:\/\/jornalfatosenoticias.com.br\/index.php\/2021\/03\/01\/e-isso-ai-isso-e-so-uma-gripinha\/#breadcrumb\"},\"inLanguage\":\"pt-BR\",\"potentialAction\":[{\"@type\":\"ReadAction\",\"target\":[\"https:\/\/jornalfatosenoticias.com.br\/index.php\/2021\/03\/01\/e-isso-ai-isso-e-so-uma-gripinha\/\"]}]},{\"@type\":\"ImageObject\",\"inLanguage\":\"pt-BR\",\"@id\":\"https:\/\/jornalfatosenoticias.com.br\/index.php\/2021\/03\/01\/e-isso-ai-isso-e-so-uma-gripinha\/#primaryimage\",\"url\":\"https:\/\/jornalfatosenoticias.com.br\/wp-content\/uploads\/2021\/03\/REIZINHO.jpg\",\"contentUrl\":\"https:\/\/jornalfatosenoticias.com.br\/wp-content\/uploads\/2021\/03\/REIZINHO.jpg\",\"width\":1000,\"height\":1160},{\"@type\":\"BreadcrumbList\",\"@id\":\"https:\/\/jornalfatosenoticias.com.br\/index.php\/2021\/03\/01\/e-isso-ai-isso-e-so-uma-gripinha\/#breadcrumb\",\"itemListElement\":[{\"@type\":\"ListItem\",\"position\":1,\"name\":\"In\u00edcio\",\"item\":\"https:\/\/jornalfatosenoticias.com.br\/\"},{\"@type\":\"ListItem\",\"position\":2,\"name\":\"\u00c9 Isso A\u00ed \u2014 \u201cISSO \u00c9 S\u00d3 UMA GRIPINHA!\u201d\"}]},{\"@type\":\"WebSite\",\"@id\":\"https:\/\/jornalfatosenoticias.com.br\/#website\",\"url\":\"https:\/\/jornalfatosenoticias.com.br\/\",\"name\":\"Jornal Fatos e Not\u00edcias\",\"description\":\"Not\u00edcias em geral\",\"publisher\":{\"@id\":\"https:\/\/jornalfatosenoticias.com.br\/#organization\"},\"potentialAction\":[{\"@type\":\"SearchAction\",\"target\":{\"@type\":\"EntryPoint\",\"urlTemplate\":\"https:\/\/jornalfatosenoticias.com.br\/?s={search_term_string}\"},\"query-input\":{\"@type\":\"PropertyValueSpecification\",\"valueRequired\":true,\"valueName\":\"search_term_string\"}}],\"inLanguage\":\"pt-BR\"},{\"@type\":\"Organization\",\"@id\":\"https:\/\/jornalfatosenoticias.com.br\/#organization\",\"name\":\"Jornal Fatos e Not\u00edcias\",\"url\":\"https:\/\/jornalfatosenoticias.com.br\/\",\"logo\":{\"@type\":\"ImageObject\",\"inLanguage\":\"pt-BR\",\"@id\":\"https:\/\/jornalfatosenoticias.com.br\/#\/schema\/logo\/image\/\",\"url\":\"https:\/\/jornalfatosenoticias.com.br\/wp-content\/uploads\/2020\/02\/logo120.png\",\"contentUrl\":\"https:\/\/jornalfatosenoticias.com.br\/wp-content\/uploads\/2020\/02\/logo120.png\",\"width\":1227,\"height\":120,\"caption\":\"Jornal Fatos e Not\u00edcias\"},\"image\":{\"@id\":\"https:\/\/jornalfatosenoticias.com.br\/#\/schema\/logo\/image\/\"}},{\"@type\":\"Person\",\"@id\":\"https:\/\/jornalfatosenoticias.com.br\/#\/schema\/person\/14f3ce803c6ccf68a7d8fd0ab749dbb4\",\"name\":\"Jorge Rodrigues Pacheco\",\"image\":{\"@type\":\"ImageObject\",\"inLanguage\":\"pt-BR\",\"@id\":\"https:\/\/jornalfatosenoticias.com.br\/#\/schema\/person\/image\/\",\"url\":\"https:\/\/jornalfatosenoticias.com.br\/wp-content\/uploads\/2020\/02\/Pacheco-2-150x150.png\",\"contentUrl\":\"https:\/\/jornalfatosenoticias.com.br\/wp-content\/uploads\/2020\/02\/Pacheco-2-150x150.png\",\"caption\":\"Jorge Rodrigues Pacheco\"},\"description\":\"Analista pol\u00edtica Advogado, Jornalista e Radialista\",\"url\":\"https:\/\/jornalfatosenoticias.com.br\/index.php\/author\/jorge\/\"}]}<\/script>\n<!-- \/ Yoast SEO plugin. -->","yoast_head_json":{"title":"\u00c9 Isso A\u00ed \u2014 \u201cISSO \u00c9 S\u00d3 UMA GRIPINHA!\u201d - Jornal Fatos e Not\u00edcias","robots":{"index":"index","follow":"follow","max-snippet":"max-snippet:-1","max-image-preview":"max-image-preview:large","max-video-preview":"max-video-preview:-1"},"canonical":"https:\/\/jornalfatosenoticias.com.br\/index.php\/2021\/03\/01\/e-isso-ai-isso-e-so-uma-gripinha\/","og_locale":"pt_BR","og_type":"article","og_title":"\u00c9 Isso A\u00ed \u2014 \u201cISSO \u00c9 S\u00d3 UMA GRIPINHA!\u201d - Jornal Fatos e Not\u00edcias","og_description":"Gripinha majestade? Veja s\u00f3 o que apurei atrav\u00e9s de dados que foram divulgados pelo Cons\u00f3rcio de Ve\u00edculos de Imprensa a partir de atualiza\u00e7\u00e3o das secretarias estaduais de Sa\u00fade. Desde o primeiro infectado pelo diab\u00f3lico v\u00edrus at\u00e9 a noite do \u00faltimo s\u00e1bado (27) o Pa\u00eds registrou 1.275 mortes pela covid-19 nas \u00faltimas 24 horas, chegando ao [&hellip;]","og_url":"https:\/\/jornalfatosenoticias.com.br\/index.php\/2021\/03\/01\/e-isso-ai-isso-e-so-uma-gripinha\/","og_site_name":"Jornal Fatos e Not\u00edcias","article_published_time":"2021-03-01T18:09:31+00:00","article_modified_time":"2021-03-01T18:09:36+00:00","og_image":[{"width":1000,"height":1160,"url":"https:\/\/jornalfatosenoticias.com.br\/wp-content\/uploads\/2021\/03\/REIZINHO.jpg","type":"image\/jpeg"}],"author":"Jorge Rodrigues Pacheco","twitter_card":"summary_large_image","twitter_misc":{"Escrito por":"Jorge Rodrigues Pacheco","Est. tempo de leitura":"4 minutos"},"schema":{"@context":"https:\/\/schema.org","@graph":[{"@type":"Article","@id":"https:\/\/jornalfatosenoticias.com.br\/index.php\/2021\/03\/01\/e-isso-ai-isso-e-so-uma-gripinha\/#article","isPartOf":{"@id":"https:\/\/jornalfatosenoticias.com.br\/index.php\/2021\/03\/01\/e-isso-ai-isso-e-so-uma-gripinha\/"},"author":{"name":"Jorge Rodrigues Pacheco","@id":"https:\/\/jornalfatosenoticias.com.br\/#\/schema\/person\/14f3ce803c6ccf68a7d8fd0ab749dbb4"},"headline":"\u00c9 Isso A\u00ed \u2014 \u201cISSO \u00c9 S\u00d3 UMA GRIPINHA!\u201d","datePublished":"2021-03-01T18:09:31+00:00","dateModified":"2021-03-01T18:09:36+00:00","mainEntityOfPage":{"@id":"https:\/\/jornalfatosenoticias.com.br\/index.php\/2021\/03\/01\/e-isso-ai-isso-e-so-uma-gripinha\/"},"wordCount":859,"commentCount":0,"publisher":{"@id":"https:\/\/jornalfatosenoticias.com.br\/#organization"},"image":{"@id":"https:\/\/jornalfatosenoticias.com.br\/index.php\/2021\/03\/01\/e-isso-ai-isso-e-so-uma-gripinha\/#primaryimage"},"thumbnailUrl":"https:\/\/jornalfatosenoticias.com.br\/wp-content\/uploads\/2021\/03\/REIZINHO.jpg","keywords":["Bolsonaro","covid-19","Raul Jungmann","v\u00edrus"],"articleSection":["Pol\u00edtica"],"inLanguage":"pt-BR","potentialAction":[{"@type":"CommentAction","name":"Comment","target":["https:\/\/jornalfatosenoticias.com.br\/index.php\/2021\/03\/01\/e-isso-ai-isso-e-so-uma-gripinha\/#respond"]}]},{"@type":"WebPage","@id":"https:\/\/jornalfatosenoticias.com.br\/index.php\/2021\/03\/01\/e-isso-ai-isso-e-so-uma-gripinha\/","url":"https:\/\/jornalfatosenoticias.com.br\/index.php\/2021\/03\/01\/e-isso-ai-isso-e-so-uma-gripinha\/","name":"\u00c9 Isso A\u00ed \u2014 \u201cISSO \u00c9 S\u00d3 UMA GRIPINHA!\u201d - Jornal Fatos e Not\u00edcias","isPartOf":{"@id":"https:\/\/jornalfatosenoticias.com.br\/#website"},"primaryImageOfPage":{"@id":"https:\/\/jornalfatosenoticias.com.br\/index.php\/2021\/03\/01\/e-isso-ai-isso-e-so-uma-gripinha\/#primaryimage"},"image":{"@id":"https:\/\/jornalfatosenoticias.com.br\/index.php\/2021\/03\/01\/e-isso-ai-isso-e-so-uma-gripinha\/#primaryimage"},"thumbnailUrl":"https:\/\/jornalfatosenoticias.com.br\/wp-content\/uploads\/2021\/03\/REIZINHO.jpg","datePublished":"2021-03-01T18:09:31+00:00","dateModified":"2021-03-01T18:09:36+00:00","breadcrumb":{"@id":"https:\/\/jornalfatosenoticias.com.br\/index.php\/2021\/03\/01\/e-isso-ai-isso-e-so-uma-gripinha\/#breadcrumb"},"inLanguage":"pt-BR","potentialAction":[{"@type":"ReadAction","target":["https:\/\/jornalfatosenoticias.com.br\/index.php\/2021\/03\/01\/e-isso-ai-isso-e-so-uma-gripinha\/"]}]},{"@type":"ImageObject","inLanguage":"pt-BR","@id":"https:\/\/jornalfatosenoticias.com.br\/index.php\/2021\/03\/01\/e-isso-ai-isso-e-so-uma-gripinha\/#primaryimage","url":"https:\/\/jornalfatosenoticias.com.br\/wp-content\/uploads\/2021\/03\/REIZINHO.jpg","contentUrl":"https:\/\/jornalfatosenoticias.com.br\/wp-content\/uploads\/2021\/03\/REIZINHO.jpg","width":1000,"height":1160},{"@type":"BreadcrumbList","@id":"https:\/\/jornalfatosenoticias.com.br\/index.php\/2021\/03\/01\/e-isso-ai-isso-e-so-uma-gripinha\/#breadcrumb","itemListElement":[{"@type":"ListItem","position":1,"name":"In\u00edcio","item":"https:\/\/jornalfatosenoticias.com.br\/"},{"@type":"ListItem","position":2,"name":"\u00c9 Isso A\u00ed \u2014 \u201cISSO \u00c9 S\u00d3 UMA GRIPINHA!\u201d"}]},{"@type":"WebSite","@id":"https:\/\/jornalfatosenoticias.com.br\/#website","url":"https:\/\/jornalfatosenoticias.com.br\/","name":"Jornal Fatos e Not\u00edcias","description":"Not\u00edcias em geral","publisher":{"@id":"https:\/\/jornalfatosenoticias.com.br\/#organization"},"potentialAction":[{"@type":"SearchAction","target":{"@type":"EntryPoint","urlTemplate":"https:\/\/jornalfatosenoticias.com.br\/?s={search_term_string}"},"query-input":{"@type":"PropertyValueSpecification","valueRequired":true,"valueName":"search_term_string"}}],"inLanguage":"pt-BR"},{"@type":"Organization","@id":"https:\/\/jornalfatosenoticias.com.br\/#organization","name":"Jornal Fatos e Not\u00edcias","url":"https:\/\/jornalfatosenoticias.com.br\/","logo":{"@type":"ImageObject","inLanguage":"pt-BR","@id":"https:\/\/jornalfatosenoticias.com.br\/#\/schema\/logo\/image\/","url":"https:\/\/jornalfatosenoticias.com.br\/wp-content\/uploads\/2020\/02\/logo120.png","contentUrl":"https:\/\/jornalfatosenoticias.com.br\/wp-content\/uploads\/2020\/02\/logo120.png","width":1227,"height":120,"caption":"Jornal Fatos e Not\u00edcias"},"image":{"@id":"https:\/\/jornalfatosenoticias.com.br\/#\/schema\/logo\/image\/"}},{"@type":"Person","@id":"https:\/\/jornalfatosenoticias.com.br\/#\/schema\/person\/14f3ce803c6ccf68a7d8fd0ab749dbb4","name":"Jorge Rodrigues Pacheco","image":{"@type":"ImageObject","inLanguage":"pt-BR","@id":"https:\/\/jornalfatosenoticias.com.br\/#\/schema\/person\/image\/","url":"https:\/\/jornalfatosenoticias.com.br\/wp-content\/uploads\/2020\/02\/Pacheco-2-150x150.png","contentUrl":"https:\/\/jornalfatosenoticias.com.br\/wp-content\/uploads\/2020\/02\/Pacheco-2-150x150.png","caption":"Jorge Rodrigues Pacheco"},"description":"Analista pol\u00edtica Advogado, Jornalista e Radialista","url":"https:\/\/jornalfatosenoticias.com.br\/index.php\/author\/jorge\/"}]}},"cc_featured_image_caption":{"caption_text":"(Foto: Reprodu\u00e7\u00e3o)","source_text":"","source_url":""},"jetpack_featured_media_url":"https:\/\/jornalfatosenoticias.com.br\/wp-content\/uploads\/2021\/03\/REIZINHO.jpg","_links":{"self":[{"href":"https:\/\/jornalfatosenoticias.com.br\/index.php\/wp-json\/wp\/v2\/posts\/15278","targetHints":{"allow":["GET"]}}],"collection":[{"href":"https:\/\/jornalfatosenoticias.com.br\/index.php\/wp-json\/wp\/v2\/posts"}],"about":[{"href":"https:\/\/jornalfatosenoticias.com.br\/index.php\/wp-json\/wp\/v2\/types\/post"}],"author":[{"embeddable":true,"href":"https:\/\/jornalfatosenoticias.com.br\/index.php\/wp-json\/wp\/v2\/users\/6"}],"replies":[{"embeddable":true,"href":"https:\/\/jornalfatosenoticias.com.br\/index.php\/wp-json\/wp\/v2\/comments?post=15278"}],"version-history":[{"count":0,"href":"https:\/\/jornalfatosenoticias.com.br\/index.php\/wp-json\/wp\/v2\/posts\/15278\/revisions"}],"wp:featuredmedia":[{"embeddable":true,"href":"https:\/\/jornalfatosenoticias.com.br\/index.php\/wp-json\/wp\/v2\/media\/15280"}],"wp:attachment":[{"href":"https:\/\/jornalfatosenoticias.com.br\/index.php\/wp-json\/wp\/v2\/media?parent=15278"}],"wp:term":[{"taxonomy":"category","embeddable":true,"href":"https:\/\/jornalfatosenoticias.com.br\/index.php\/wp-json\/wp\/v2\/categories?post=15278"},{"taxonomy":"post_tag","embeddable":true,"href":"https:\/\/jornalfatosenoticias.com.br\/index.php\/wp-json\/wp\/v2\/tags?post=15278"}],"curies":[{"name":"wp","href":"https:\/\/api.w.org\/{rel}","templated":true}]}}