{"id":15295,"date":"2021-03-01T16:11:36","date_gmt":"2021-03-01T19:11:36","guid":{"rendered":"https:\/\/jornalfatosenoticias.com.br\/?p=15295"},"modified":"2021-03-01T16:11:38","modified_gmt":"2021-03-01T19:11:38","slug":"sabedoria-pode-combater-solidao-de-idosos-aponta-estudo","status":"publish","type":"post","link":"https:\/\/jornalfatosenoticias.com.br\/index.php\/2021\/03\/01\/sabedoria-pode-combater-solidao-de-idosos-aponta-estudo\/","title":{"rendered":"Sabedoria pode combater solid\u00e3o de idosos, aponta estudo"},"content":{"rendered":"\n<p>Entre os diversos fatores que podem afetar a sa\u00fade de uma pessoa com idade mais avan\u00e7ada, um dos poucos mencionados, mas um dos mais perigosos agravantes na velhice \u00e9 a <a href=\"https:\/\/www.hypeness.com.br\/2018\/10\/fotografo-retrata-o-isolamento-de-pessoas-solitarias-em-serie-poetica-e-melancolica\/\" target=\"_blank\" rel=\"noreferrer noopener\">solid\u00e3o<\/a>. Diversas pesquisas confirmam que as\u00a0<a href=\"https:\/\/www.hypeness.com.br\/2019\/09\/a-maravilhosa-dona-dirce-influencer-de-72-anos-que-posa-nua-e-curte-funk\/\" target=\"_blank\" rel=\"noreferrer noopener\">pessoas idosas<\/a>\u00a0que n\u00e3o conservam companhias ou conex\u00f5es pessoais profundas correm maiores riscos de sa\u00fade \u2013 mas um novo estudo confirma uma correla\u00e7\u00e3o entre\u00a0<a href=\"https:\/\/www.hypeness.com.br\/2013\/01\/uma-escola-com-aulas-e-cursos-para-se-abastecer-da-sabedoria-de-idosos\/\" target=\"_blank\" rel=\"noreferrer noopener\">\u00edndices de sabedoria<\/a> e a manuten\u00e7\u00e3o de relacionamentos. Em resumo, as pessoas mais s\u00e1bias, na velhice mant\u00eam mais conex\u00f5es e contatos com outras pessoas, s\u00e3o menos sozinhas.<br>Realizado em parceria entre pesquisadores da Calif\u00f3rnia e da <a href=\"https:\/\/www.hypeness.com.br\/2021\/02\/fios-de-deus-o-incrivel-macarrao-mais-raro-do-mundo-e-tao-dificil-de-ser-feito-que-esta-ameacado-de-extincao\/\" target=\"_blank\" rel=\"noreferrer noopener\">It\u00e1lia<\/a>, o novo estudo cruzou dados de pessoas de San Diego, na Calif\u00f3rnia, e de Cliento, na It\u00e1lia, entre grupos de adultos entre 50 a 65 anos, e outros mais velhos, passados dos 90 anos. \u201c<a href=\"https:\/\/www.hypeness.com.br\/2018\/05\/solidao-atinge-niveis-de-epidemia-entre-millennials-aponta-estudo\/\" target=\"_blank\" rel=\"noreferrer noopener\">Solid\u00e3o<\/a> sempre foi associada a uma sa\u00fade pior, um sono de pior qualidade e menos felicidade de modo geral, enquanto a medida contr\u00e1ria \u00e9 notada no que diz respeito \u00e0 sabedoria\u201d, afirmou o Dr. Dilip Jeste, m\u00e9dico e cientista da UC Escola de Medicina de San Diego e l\u00edder da pesquisa, que foi realizada em parceria com cientistas da Universidade de Roma La Spaienza.<br>A pesquisa mediu os dados utilizando a Escala de Solid\u00e3o determinada pela Universidade da Calif\u00f3rnia, e a Escala de Sabedoria apontada pela Universidade de San Diego. A sabedoria, no caso, \u00e9 determinada por capacidades como <a href=\"https:\/\/www.hypeness.com.br\/2019\/04\/ter-empatia-nao-e-capaz-de-mudar-as-conviccoes-de-ninguem-aponta-estudo\/\" target=\"_blank\" rel=\"noreferrer noopener\">empatia<\/a>, compaix\u00e3o, autocr\u00edtica e regula\u00e7\u00e3o emocional, tendo a empatia e a compaix\u00e3o determinadas como a mais forte rela\u00e7\u00e3o inversa com a solid\u00e3o: quanto maior for a compaix\u00e3o, menor ser\u00e1 a solid\u00e3o.<\/p>\n\n\n\n<div class=\"wp-block-jetpack-slideshow aligncenter\" data-effect=\"slide\"><div class=\"wp-block-jetpack-slideshow_container swiper-container\"><ul class=\"wp-block-jetpack-slideshow_swiper-wrapper swiper-wrapper\"><li class=\"wp-block-jetpack-slideshow_slide swiper-slide\"><figure><img loading=\"lazy\" decoding=\"async\" width=\"1000\" height=\"667\" alt=\"\" class=\"wp-block-jetpack-slideshow_image wp-image-15296\" data-id=\"15296\" src=\"https:\/\/jornalfatosenoticias.com.br\/wp-content\/uploads\/2021\/03\/sabedoria_solida\u0303o_gettyimages.jpg\" srcset=\"https:\/\/jornalfatosenoticias.com.br\/wp-content\/uploads\/2021\/03\/sabedoria_solida\u0303o_gettyimages.jpg 1000w, https:\/\/jornalfatosenoticias.com.br\/wp-content\/uploads\/2021\/03\/sabedoria_solida\u0303o_gettyimages-300x200.jpg 300w, https:\/\/jornalfatosenoticias.com.br\/wp-content\/uploads\/2021\/03\/sabedoria_solida\u0303o_gettyimages-768x512.jpg 768w\" sizes=\"auto, (max-width: 1000px) 100vw, 1000px\" \/><figcaption class=\"wp-block-jetpack-slideshow_caption gallery-caption\">(Fotos: Getty Images)<\/figcaption><\/figure><\/li><li class=\"wp-block-jetpack-slideshow_slide swiper-slide\"><figure><img loading=\"lazy\" decoding=\"async\" width=\"1000\" height=\"667\" alt=\"\" class=\"wp-block-jetpack-slideshow_image wp-image-15297\" data-id=\"15297\" src=\"https:\/\/jornalfatosenoticias.com.br\/wp-content\/uploads\/2021\/03\/sabedoria_solida\u0303o_gettyimages-2.jpg\" srcset=\"https:\/\/jornalfatosenoticias.com.br\/wp-content\/uploads\/2021\/03\/sabedoria_solida\u0303o_gettyimages-2.jpg 1000w, https:\/\/jornalfatosenoticias.com.br\/wp-content\/uploads\/2021\/03\/sabedoria_solida\u0303o_gettyimages-2-300x200.jpg 300w, https:\/\/jornalfatosenoticias.com.br\/wp-content\/uploads\/2021\/03\/sabedoria_solida\u0303o_gettyimages-2-768x512.jpg 768w\" sizes=\"auto, (max-width: 1000px) 100vw, 1000px\" \/><\/figure><\/li><li class=\"wp-block-jetpack-slideshow_slide swiper-slide\"><figure><img loading=\"lazy\" decoding=\"async\" width=\"1000\" height=\"667\" alt=\"\" class=\"wp-block-jetpack-slideshow_image wp-image-15298\" data-id=\"15298\" src=\"https:\/\/jornalfatosenoticias.com.br\/wp-content\/uploads\/2021\/03\/sabedoria_solida\u0303o_gettyimages-3.jpg\" srcset=\"https:\/\/jornalfatosenoticias.com.br\/wp-content\/uploads\/2021\/03\/sabedoria_solida\u0303o_gettyimages-3.jpg 1000w, https:\/\/jornalfatosenoticias.com.br\/wp-content\/uploads\/2021\/03\/sabedoria_solida\u0303o_gettyimages-3-300x200.jpg 300w, https:\/\/jornalfatosenoticias.com.br\/wp-content\/uploads\/2021\/03\/sabedoria_solida\u0303o_gettyimages-3-768x512.jpg 768w\" sizes=\"auto, (max-width: 1000px) 100vw, 1000px\" \/><\/figure><\/li><\/ul><a class=\"wp-block-jetpack-slideshow_button-prev swiper-button-prev swiper-button-white\" role=\"button\"><\/a><a class=\"wp-block-jetpack-slideshow_button-next swiper-button-next swiper-button-white\" role=\"button\"><\/a><a aria-label=\"Pause Slideshow\" class=\"wp-block-jetpack-slideshow_button-pause\" role=\"button\"><\/a><div class=\"wp-block-jetpack-slideshow_pagination swiper-pagination swiper-pagination-white\"><\/div><\/div><\/div>\n\n\n\n<p>\u201c\u00c9 incr\u00edvel que as descobertas que correlacionam esses dois tra\u00e7os sejam t\u00e3o similares mesmo em dois contextos culturais t\u00e3o diferentes \u2014 uma regi\u00e3o rural do sul da It\u00e1lia e uma \u00e1rea urbana dos EUA, com l\u00ednguas e hist\u00f3ricos educacionais e socioecon\u00f4micos t\u00e3o diferentes\u201d, comentou Salvatore Di Somma, professor de medicina na Universidade de Roma La Spaienza<br>e outro l\u00edder da pesquisa. \u201cTanto a solid\u00e3o quando a sabedoria s\u00e3o tra\u00e7os da personalidade, e a maioria dos tra\u00e7os de personalidade s\u00e3o, em parte, herdados e, em parte, moldados pelo contexto\u201d, apontou Jeste.<br>O estudo foi <a href=\"https:\/\/doi.org\/10.1080\/13607863.2020.1821170\" target=\"_blank\" rel=\"noreferrer noopener\">publicado na revista cient\u00edfica\u00a0<em>Aging and Mental Health<\/em><\/a> (Envelhecimento e Sa\u00fade Mental, em tradu\u00e7\u00e3o livre) em outubro de 2020 e, segundo Jeste, as conclus\u00f5es levam ao pr\u00f3ximo e fundamental passo: criar m\u00e9todos eficazes para ampliar a compaix\u00e3o e, assim, reduzir a solid\u00e3o.<\/p>\n\n\n\n<p><strong><em>Fonte: <a href=\"https:\/\/www.hypeness.com.br\/2021\/02\/sabedoria-pode-combater-solidao-de-idosos-aponta-estudo\/\">Hypness<\/a><\/em><\/strong><\/p>\n","protected":false},"excerpt":{"rendered":"<p>Entre os diversos fatores que podem afetar a sa\u00fade de uma pessoa com idade mais avan\u00e7ada, um dos poucos mencionados, mas um dos mais perigosos agravantes na velhice \u00e9 a solid\u00e3o. Diversas pesquisas confirmam que as\u00a0pessoas idosas\u00a0que n\u00e3o conservam companhias ou conex\u00f5es pessoais profundas correm maiores riscos de sa\u00fade \u2013 mas um novo estudo confirma [&hellip;]<\/p>\n","protected":false},"author":2,"featured_media":15299,"comment_status":"open","ping_status":"open","sticky":false,"template":"","format":"standard","meta":{"footnotes":""},"categories":[2522],"tags":[342,5518,1322,2622,244],"class_list":["post-15295","post","type-post","status-publish","format-standard","has-post-thumbnail","hentry","category-comportamento","tag-empatia","tag-idade","tag-sabedoria","tag-solidao","tag-velhice"],"yoast_head":"<!-- This site is optimized with the Yoast SEO plugin v26.5 - https:\/\/yoast.com\/wordpress\/plugins\/seo\/ -->\n<title>Sabedoria pode combater solid\u00e3o de idosos, aponta estudo - Jornal Fatos e Not\u00edcias<\/title>\n<meta name=\"robots\" content=\"index, follow, max-snippet:-1, max-image-preview:large, max-video-preview:-1\" \/>\n<link rel=\"canonical\" href=\"https:\/\/jornalfatosenoticias.com.br\/index.php\/2021\/03\/01\/sabedoria-pode-combater-solidao-de-idosos-aponta-estudo\/\" \/>\n<meta property=\"og:locale\" content=\"pt_BR\" \/>\n<meta property=\"og:type\" content=\"article\" \/>\n<meta property=\"og:title\" content=\"Sabedoria pode combater solid\u00e3o de idosos, aponta estudo - Jornal Fatos e Not\u00edcias\" \/>\n<meta property=\"og:description\" content=\"Entre os diversos fatores que podem afetar a sa\u00fade de uma pessoa com idade mais avan\u00e7ada, um dos poucos mencionados, mas um dos mais perigosos agravantes na velhice \u00e9 a solid\u00e3o. Diversas pesquisas confirmam que as\u00a0pessoas idosas\u00a0que n\u00e3o conservam companhias ou conex\u00f5es pessoais profundas correm maiores riscos de sa\u00fade \u2013 mas um novo estudo confirma [&hellip;]\" \/>\n<meta property=\"og:url\" content=\"https:\/\/jornalfatosenoticias.com.br\/index.php\/2021\/03\/01\/sabedoria-pode-combater-solidao-de-idosos-aponta-estudo\/\" \/>\n<meta property=\"og:site_name\" content=\"Jornal Fatos e Not\u00edcias\" \/>\n<meta property=\"article:published_time\" content=\"2021-03-01T19:11:36+00:00\" \/>\n<meta property=\"article:modified_time\" content=\"2021-03-01T19:11:38+00:00\" \/>\n<meta property=\"og:image\" content=\"https:\/\/jornalfatosenoticias.com.br\/wp-content\/uploads\/2021\/03\/sabedoria-e-velhice_MarkoGeberGettyImages.jpg\" \/>\n\t<meta property=\"og:image:width\" content=\"1000\" \/>\n\t<meta property=\"og:image:height\" content=\"666\" \/>\n\t<meta property=\"og:image:type\" content=\"image\/jpeg\" \/>\n<meta name=\"author\" content=\"Luzimara Fernandes\" \/>\n<meta name=\"twitter:card\" content=\"summary_large_image\" \/>\n<meta name=\"twitter:label1\" content=\"Escrito por\" \/>\n\t<meta name=\"twitter:data1\" content=\"Luzimara Fernandes\" \/>\n\t<meta name=\"twitter:label2\" content=\"Est. tempo de leitura\" \/>\n\t<meta name=\"twitter:data2\" content=\"2 minutos\" \/>\n<script type=\"application\/ld+json\" class=\"yoast-schema-graph\">{\"@context\":\"https:\/\/schema.org\",\"@graph\":[{\"@type\":\"Article\",\"@id\":\"https:\/\/jornalfatosenoticias.com.br\/index.php\/2021\/03\/01\/sabedoria-pode-combater-solidao-de-idosos-aponta-estudo\/#article\",\"isPartOf\":{\"@id\":\"https:\/\/jornalfatosenoticias.com.br\/index.php\/2021\/03\/01\/sabedoria-pode-combater-solidao-de-idosos-aponta-estudo\/\"},\"author\":{\"name\":\"Luzimara Fernandes\",\"@id\":\"https:\/\/jornalfatosenoticias.com.br\/#\/schema\/person\/d63837fa13ac8666eb9e74e0985d6f81\"},\"headline\":\"Sabedoria pode combater solid\u00e3o de idosos, aponta estudo\",\"datePublished\":\"2021-03-01T19:11:36+00:00\",\"dateModified\":\"2021-03-01T19:11:38+00:00\",\"mainEntityOfPage\":{\"@id\":\"https:\/\/jornalfatosenoticias.com.br\/index.php\/2021\/03\/01\/sabedoria-pode-combater-solidao-de-idosos-aponta-estudo\/\"},\"wordCount\":453,\"commentCount\":0,\"publisher\":{\"@id\":\"https:\/\/jornalfatosenoticias.com.br\/#organization\"},\"image\":{\"@id\":\"https:\/\/jornalfatosenoticias.com.br\/index.php\/2021\/03\/01\/sabedoria-pode-combater-solidao-de-idosos-aponta-estudo\/#primaryimage\"},\"thumbnailUrl\":\"https:\/\/jornalfatosenoticias.com.br\/wp-content\/uploads\/2021\/03\/sabedoria-e-velhice_MarkoGeberGettyImages.jpg\",\"keywords\":[\"empatia\",\"idade\",\"sabedoria\",\"solid\u00e3o\",\"velhice\"],\"articleSection\":[\"Comportamento &amp; Equil\u00edbrio\"],\"inLanguage\":\"pt-BR\",\"potentialAction\":[{\"@type\":\"CommentAction\",\"name\":\"Comment\",\"target\":[\"https:\/\/jornalfatosenoticias.com.br\/index.php\/2021\/03\/01\/sabedoria-pode-combater-solidao-de-idosos-aponta-estudo\/#respond\"]}]},{\"@type\":\"WebPage\",\"@id\":\"https:\/\/jornalfatosenoticias.com.br\/index.php\/2021\/03\/01\/sabedoria-pode-combater-solidao-de-idosos-aponta-estudo\/\",\"url\":\"https:\/\/jornalfatosenoticias.com.br\/index.php\/2021\/03\/01\/sabedoria-pode-combater-solidao-de-idosos-aponta-estudo\/\",\"name\":\"Sabedoria pode combater solid\u00e3o de idosos, aponta estudo - Jornal Fatos e Not\u00edcias\",\"isPartOf\":{\"@id\":\"https:\/\/jornalfatosenoticias.com.br\/#website\"},\"primaryImageOfPage\":{\"@id\":\"https:\/\/jornalfatosenoticias.com.br\/index.php\/2021\/03\/01\/sabedoria-pode-combater-solidao-de-idosos-aponta-estudo\/#primaryimage\"},\"image\":{\"@id\":\"https:\/\/jornalfatosenoticias.com.br\/index.php\/2021\/03\/01\/sabedoria-pode-combater-solidao-de-idosos-aponta-estudo\/#primaryimage\"},\"thumbnailUrl\":\"https:\/\/jornalfatosenoticias.com.br\/wp-content\/uploads\/2021\/03\/sabedoria-e-velhice_MarkoGeberGettyImages.jpg\",\"datePublished\":\"2021-03-01T19:11:36+00:00\",\"dateModified\":\"2021-03-01T19:11:38+00:00\",\"breadcrumb\":{\"@id\":\"https:\/\/jornalfatosenoticias.com.br\/index.php\/2021\/03\/01\/sabedoria-pode-combater-solidao-de-idosos-aponta-estudo\/#breadcrumb\"},\"inLanguage\":\"pt-BR\",\"potentialAction\":[{\"@type\":\"ReadAction\",\"target\":[\"https:\/\/jornalfatosenoticias.com.br\/index.php\/2021\/03\/01\/sabedoria-pode-combater-solidao-de-idosos-aponta-estudo\/\"]}]},{\"@type\":\"ImageObject\",\"inLanguage\":\"pt-BR\",\"@id\":\"https:\/\/jornalfatosenoticias.com.br\/index.php\/2021\/03\/01\/sabedoria-pode-combater-solidao-de-idosos-aponta-estudo\/#primaryimage\",\"url\":\"https:\/\/jornalfatosenoticias.com.br\/wp-content\/uploads\/2021\/03\/sabedoria-e-velhice_MarkoGeberGettyImages.jpg\",\"contentUrl\":\"https:\/\/jornalfatosenoticias.com.br\/wp-content\/uploads\/2021\/03\/sabedoria-e-velhice_MarkoGeberGettyImages.jpg\",\"width\":1000,\"height\":666},{\"@type\":\"BreadcrumbList\",\"@id\":\"https:\/\/jornalfatosenoticias.com.br\/index.php\/2021\/03\/01\/sabedoria-pode-combater-solidao-de-idosos-aponta-estudo\/#breadcrumb\",\"itemListElement\":[{\"@type\":\"ListItem\",\"position\":1,\"name\":\"In\u00edcio\",\"item\":\"https:\/\/jornalfatosenoticias.com.br\/\"},{\"@type\":\"ListItem\",\"position\":2,\"name\":\"Sabedoria pode combater solid\u00e3o de idosos, aponta estudo\"}]},{\"@type\":\"WebSite\",\"@id\":\"https:\/\/jornalfatosenoticias.com.br\/#website\",\"url\":\"https:\/\/jornalfatosenoticias.com.br\/\",\"name\":\"Jornal Fatos e Not\u00edcias\",\"description\":\"Not\u00edcias em geral\",\"publisher\":{\"@id\":\"https:\/\/jornalfatosenoticias.com.br\/#organization\"},\"potentialAction\":[{\"@type\":\"SearchAction\",\"target\":{\"@type\":\"EntryPoint\",\"urlTemplate\":\"https:\/\/jornalfatosenoticias.com.br\/?s={search_term_string}\"},\"query-input\":{\"@type\":\"PropertyValueSpecification\",\"valueRequired\":true,\"valueName\":\"search_term_string\"}}],\"inLanguage\":\"pt-BR\"},{\"@type\":\"Organization\",\"@id\":\"https:\/\/jornalfatosenoticias.com.br\/#organization\",\"name\":\"Jornal Fatos e Not\u00edcias\",\"url\":\"https:\/\/jornalfatosenoticias.com.br\/\",\"logo\":{\"@type\":\"ImageObject\",\"inLanguage\":\"pt-BR\",\"@id\":\"https:\/\/jornalfatosenoticias.com.br\/#\/schema\/logo\/image\/\",\"url\":\"https:\/\/jornalfatosenoticias.com.br\/wp-content\/uploads\/2020\/02\/logo120.png\",\"contentUrl\":\"https:\/\/jornalfatosenoticias.com.br\/wp-content\/uploads\/2020\/02\/logo120.png\",\"width\":1227,\"height\":120,\"caption\":\"Jornal Fatos e Not\u00edcias\"},\"image\":{\"@id\":\"https:\/\/jornalfatosenoticias.com.br\/#\/schema\/logo\/image\/\"}},{\"@type\":\"Person\",\"@id\":\"https:\/\/jornalfatosenoticias.com.br\/#\/schema\/person\/d63837fa13ac8666eb9e74e0985d6f81\",\"name\":\"Luzimara Fernandes\",\"image\":{\"@type\":\"ImageObject\",\"inLanguage\":\"pt-BR\",\"@id\":\"https:\/\/jornalfatosenoticias.com.br\/#\/schema\/person\/image\/\",\"url\":\"https:\/\/jornalfatosenoticias.com.br\/wp-content\/uploads\/2025\/05\/EU_portal.jpg\",\"contentUrl\":\"https:\/\/jornalfatosenoticias.com.br\/wp-content\/uploads\/2025\/05\/EU_portal.jpg\",\"caption\":\"Luzimara Fernandes\"},\"description\":\"Jornalista MTB 2358-ES\",\"sameAs\":[\"https:\/\/jornalfatosenoticias.com.br\"],\"url\":\"https:\/\/jornalfatosenoticias.com.br\/index.php\/author\/luzimara\/\"}]}<\/script>\n<!-- \/ Yoast SEO plugin. -->","yoast_head_json":{"title":"Sabedoria pode combater solid\u00e3o de idosos, aponta estudo - Jornal Fatos e Not\u00edcias","robots":{"index":"index","follow":"follow","max-snippet":"max-snippet:-1","max-image-preview":"max-image-preview:large","max-video-preview":"max-video-preview:-1"},"canonical":"https:\/\/jornalfatosenoticias.com.br\/index.php\/2021\/03\/01\/sabedoria-pode-combater-solidao-de-idosos-aponta-estudo\/","og_locale":"pt_BR","og_type":"article","og_title":"Sabedoria pode combater solid\u00e3o de idosos, aponta estudo - Jornal Fatos e Not\u00edcias","og_description":"Entre os diversos fatores que podem afetar a sa\u00fade de uma pessoa com idade mais avan\u00e7ada, um dos poucos mencionados, mas um dos mais perigosos agravantes na velhice \u00e9 a solid\u00e3o. Diversas pesquisas confirmam que as\u00a0pessoas idosas\u00a0que n\u00e3o conservam companhias ou conex\u00f5es pessoais profundas correm maiores riscos de sa\u00fade \u2013 mas um novo estudo confirma [&hellip;]","og_url":"https:\/\/jornalfatosenoticias.com.br\/index.php\/2021\/03\/01\/sabedoria-pode-combater-solidao-de-idosos-aponta-estudo\/","og_site_name":"Jornal Fatos e Not\u00edcias","article_published_time":"2021-03-01T19:11:36+00:00","article_modified_time":"2021-03-01T19:11:38+00:00","og_image":[{"width":1000,"height":666,"url":"https:\/\/jornalfatosenoticias.com.br\/wp-content\/uploads\/2021\/03\/sabedoria-e-velhice_MarkoGeberGettyImages.jpg","type":"image\/jpeg"}],"author":"Luzimara Fernandes","twitter_card":"summary_large_image","twitter_misc":{"Escrito por":"Luzimara Fernandes","Est. tempo de leitura":"2 minutos"},"schema":{"@context":"https:\/\/schema.org","@graph":[{"@type":"Article","@id":"https:\/\/jornalfatosenoticias.com.br\/index.php\/2021\/03\/01\/sabedoria-pode-combater-solidao-de-idosos-aponta-estudo\/#article","isPartOf":{"@id":"https:\/\/jornalfatosenoticias.com.br\/index.php\/2021\/03\/01\/sabedoria-pode-combater-solidao-de-idosos-aponta-estudo\/"},"author":{"name":"Luzimara Fernandes","@id":"https:\/\/jornalfatosenoticias.com.br\/#\/schema\/person\/d63837fa13ac8666eb9e74e0985d6f81"},"headline":"Sabedoria pode combater solid\u00e3o de idosos, aponta estudo","datePublished":"2021-03-01T19:11:36+00:00","dateModified":"2021-03-01T19:11:38+00:00","mainEntityOfPage":{"@id":"https:\/\/jornalfatosenoticias.com.br\/index.php\/2021\/03\/01\/sabedoria-pode-combater-solidao-de-idosos-aponta-estudo\/"},"wordCount":453,"commentCount":0,"publisher":{"@id":"https:\/\/jornalfatosenoticias.com.br\/#organization"},"image":{"@id":"https:\/\/jornalfatosenoticias.com.br\/index.php\/2021\/03\/01\/sabedoria-pode-combater-solidao-de-idosos-aponta-estudo\/#primaryimage"},"thumbnailUrl":"https:\/\/jornalfatosenoticias.com.br\/wp-content\/uploads\/2021\/03\/sabedoria-e-velhice_MarkoGeberGettyImages.jpg","keywords":["empatia","idade","sabedoria","solid\u00e3o","velhice"],"articleSection":["Comportamento &amp; Equil\u00edbrio"],"inLanguage":"pt-BR","potentialAction":[{"@type":"CommentAction","name":"Comment","target":["https:\/\/jornalfatosenoticias.com.br\/index.php\/2021\/03\/01\/sabedoria-pode-combater-solidao-de-idosos-aponta-estudo\/#respond"]}]},{"@type":"WebPage","@id":"https:\/\/jornalfatosenoticias.com.br\/index.php\/2021\/03\/01\/sabedoria-pode-combater-solidao-de-idosos-aponta-estudo\/","url":"https:\/\/jornalfatosenoticias.com.br\/index.php\/2021\/03\/01\/sabedoria-pode-combater-solidao-de-idosos-aponta-estudo\/","name":"Sabedoria pode combater solid\u00e3o de idosos, aponta estudo - Jornal Fatos e Not\u00edcias","isPartOf":{"@id":"https:\/\/jornalfatosenoticias.com.br\/#website"},"primaryImageOfPage":{"@id":"https:\/\/jornalfatosenoticias.com.br\/index.php\/2021\/03\/01\/sabedoria-pode-combater-solidao-de-idosos-aponta-estudo\/#primaryimage"},"image":{"@id":"https:\/\/jornalfatosenoticias.com.br\/index.php\/2021\/03\/01\/sabedoria-pode-combater-solidao-de-idosos-aponta-estudo\/#primaryimage"},"thumbnailUrl":"https:\/\/jornalfatosenoticias.com.br\/wp-content\/uploads\/2021\/03\/sabedoria-e-velhice_MarkoGeberGettyImages.jpg","datePublished":"2021-03-01T19:11:36+00:00","dateModified":"2021-03-01T19:11:38+00:00","breadcrumb":{"@id":"https:\/\/jornalfatosenoticias.com.br\/index.php\/2021\/03\/01\/sabedoria-pode-combater-solidao-de-idosos-aponta-estudo\/#breadcrumb"},"inLanguage":"pt-BR","potentialAction":[{"@type":"ReadAction","target":["https:\/\/jornalfatosenoticias.com.br\/index.php\/2021\/03\/01\/sabedoria-pode-combater-solidao-de-idosos-aponta-estudo\/"]}]},{"@type":"ImageObject","inLanguage":"pt-BR","@id":"https:\/\/jornalfatosenoticias.com.br\/index.php\/2021\/03\/01\/sabedoria-pode-combater-solidao-de-idosos-aponta-estudo\/#primaryimage","url":"https:\/\/jornalfatosenoticias.com.br\/wp-content\/uploads\/2021\/03\/sabedoria-e-velhice_MarkoGeberGettyImages.jpg","contentUrl":"https:\/\/jornalfatosenoticias.com.br\/wp-content\/uploads\/2021\/03\/sabedoria-e-velhice_MarkoGeberGettyImages.jpg","width":1000,"height":666},{"@type":"BreadcrumbList","@id":"https:\/\/jornalfatosenoticias.com.br\/index.php\/2021\/03\/01\/sabedoria-pode-combater-solidao-de-idosos-aponta-estudo\/#breadcrumb","itemListElement":[{"@type":"ListItem","position":1,"name":"In\u00edcio","item":"https:\/\/jornalfatosenoticias.com.br\/"},{"@type":"ListItem","position":2,"name":"Sabedoria pode combater solid\u00e3o de idosos, aponta estudo"}]},{"@type":"WebSite","@id":"https:\/\/jornalfatosenoticias.com.br\/#website","url":"https:\/\/jornalfatosenoticias.com.br\/","name":"Jornal Fatos e Not\u00edcias","description":"Not\u00edcias em geral","publisher":{"@id":"https:\/\/jornalfatosenoticias.com.br\/#organization"},"potentialAction":[{"@type":"SearchAction","target":{"@type":"EntryPoint","urlTemplate":"https:\/\/jornalfatosenoticias.com.br\/?s={search_term_string}"},"query-input":{"@type":"PropertyValueSpecification","valueRequired":true,"valueName":"search_term_string"}}],"inLanguage":"pt-BR"},{"@type":"Organization","@id":"https:\/\/jornalfatosenoticias.com.br\/#organization","name":"Jornal Fatos e Not\u00edcias","url":"https:\/\/jornalfatosenoticias.com.br\/","logo":{"@type":"ImageObject","inLanguage":"pt-BR","@id":"https:\/\/jornalfatosenoticias.com.br\/#\/schema\/logo\/image\/","url":"https:\/\/jornalfatosenoticias.com.br\/wp-content\/uploads\/2020\/02\/logo120.png","contentUrl":"https:\/\/jornalfatosenoticias.com.br\/wp-content\/uploads\/2020\/02\/logo120.png","width":1227,"height":120,"caption":"Jornal Fatos e Not\u00edcias"},"image":{"@id":"https:\/\/jornalfatosenoticias.com.br\/#\/schema\/logo\/image\/"}},{"@type":"Person","@id":"https:\/\/jornalfatosenoticias.com.br\/#\/schema\/person\/d63837fa13ac8666eb9e74e0985d6f81","name":"Luzimara Fernandes","image":{"@type":"ImageObject","inLanguage":"pt-BR","@id":"https:\/\/jornalfatosenoticias.com.br\/#\/schema\/person\/image\/","url":"https:\/\/jornalfatosenoticias.com.br\/wp-content\/uploads\/2025\/05\/EU_portal.jpg","contentUrl":"https:\/\/jornalfatosenoticias.com.br\/wp-content\/uploads\/2025\/05\/EU_portal.jpg","caption":"Luzimara Fernandes"},"description":"Jornalista MTB 2358-ES","sameAs":["https:\/\/jornalfatosenoticias.com.br"],"url":"https:\/\/jornalfatosenoticias.com.br\/index.php\/author\/luzimara\/"}]}},"cc_featured_image_caption":{"caption_text":"(Marko Geber\/Getty Images)","source_text":"","source_url":""},"jetpack_featured_media_url":"https:\/\/jornalfatosenoticias.com.br\/wp-content\/uploads\/2021\/03\/sabedoria-e-velhice_MarkoGeberGettyImages.jpg","_links":{"self":[{"href":"https:\/\/jornalfatosenoticias.com.br\/index.php\/wp-json\/wp\/v2\/posts\/15295","targetHints":{"allow":["GET"]}}],"collection":[{"href":"https:\/\/jornalfatosenoticias.com.br\/index.php\/wp-json\/wp\/v2\/posts"}],"about":[{"href":"https:\/\/jornalfatosenoticias.com.br\/index.php\/wp-json\/wp\/v2\/types\/post"}],"author":[{"embeddable":true,"href":"https:\/\/jornalfatosenoticias.com.br\/index.php\/wp-json\/wp\/v2\/users\/2"}],"replies":[{"embeddable":true,"href":"https:\/\/jornalfatosenoticias.com.br\/index.php\/wp-json\/wp\/v2\/comments?post=15295"}],"version-history":[{"count":0,"href":"https:\/\/jornalfatosenoticias.com.br\/index.php\/wp-json\/wp\/v2\/posts\/15295\/revisions"}],"wp:featuredmedia":[{"embeddable":true,"href":"https:\/\/jornalfatosenoticias.com.br\/index.php\/wp-json\/wp\/v2\/media\/15299"}],"wp:attachment":[{"href":"https:\/\/jornalfatosenoticias.com.br\/index.php\/wp-json\/wp\/v2\/media?parent=15295"}],"wp:term":[{"taxonomy":"category","embeddable":true,"href":"https:\/\/jornalfatosenoticias.com.br\/index.php\/wp-json\/wp\/v2\/categories?post=15295"},{"taxonomy":"post_tag","embeddable":true,"href":"https:\/\/jornalfatosenoticias.com.br\/index.php\/wp-json\/wp\/v2\/tags?post=15295"}],"curies":[{"name":"wp","href":"https:\/\/api.w.org\/{rel}","templated":true}]}}