{"id":15301,"date":"2021-03-01T16:25:44","date_gmt":"2021-03-01T19:25:44","guid":{"rendered":"https:\/\/jornalfatosenoticias.com.br\/?p=15301"},"modified":"2021-03-01T16:25:49","modified_gmt":"2021-03-01T19:25:49","slug":"1o-de-marco-dia-nacional-do-turismo-ecologico","status":"publish","type":"post","link":"https:\/\/jornalfatosenoticias.com.br\/index.php\/2021\/03\/01\/1o-de-marco-dia-nacional-do-turismo-ecologico\/","title":{"rendered":"1\u00ba de mar\u00e7o \u2014 Dia Nacional do Turismo Ecol\u00f3gico"},"content":{"rendered":"\n<h6 class=\"wp-block-heading\"><em>Turismo ecol\u00f3gico pode ajudar a preservar a natureza. A visita\u00e7\u00e3o sustent\u00e1vel de patrim\u00f4nios naturais promove consci\u00eancia ambiental e traz oportunidades de renda para comunidades locais<\/em><\/h6>\n\n\n\n<p>A conserva\u00e7\u00e3o da natureza tem enorme potencial de desenvolvimento socioecon\u00f4mico, sendo o turismo uma das atividades com maior capacidade de prote\u00e7\u00e3o ao meio ambiente e gera\u00e7\u00e3o de renda e empregos.<br>Ao atrair pessoas para conhecerem, de maneira respons\u00e1vel, paisagens e belezas naturais do Pa\u00eds, o setor \u2014 um dos mais impactados pela pandemia de covid-19 \u2014 mostra que \u00e9 poss\u00edvel unir esses dois pontos. Uma das op\u00e7\u00f5es de turismo mais promissoras e seguras para este momento em que se deve evitar aglomera\u00e7\u00f5es \u00e9 o turismo em \u00e1reas naturais.<br>O <strong>Dia Nacional do Turismo Ecol\u00f3gico<\/strong>, celebrado no dia 1\u00ba de mar\u00e7o, foi institu\u00eddo justamente para incentivar a conex\u00e3o entre as pessoas e a natureza, al\u00e9m de promover a consci\u00eancia ambiental e a import\u00e2ncia da preserva\u00e7\u00e3o da fauna e da flora.<br>\u201cA busca por contato com a natureza e a visita\u00e7\u00e3o de espa\u00e7os naturais sempre foi de grande import\u00e2ncia para a humanidade. A ind\u00fastria do turismo busca se apropriar do desejo humano de contato com paisagens extraordin\u00e1rias e, em \u00faltima an\u00e1lise, com a natureza, como motor econ\u00f4mico. A forma que esta explora\u00e7\u00e3o econ\u00f4mica se d\u00e1 \u00e9 determinante para a sustentabilidade das pr\u00f3prias paisagens e atributos naturais\u201d, afirma o <strong>professor do Instituto de Bioci\u00eancias da Unirio e membro da Rede de Especialistas em Conserva\u00e7\u00e3o da Natureza (RECN), Carlos Augusto Figueiredo<\/strong>.<\/p>\n\n\n\n<h4 class=\"wp-block-heading\">Atividade sustent\u00e1vel<\/h4>\n\n\n\n<p>Segundo dados da Confedera\u00e7\u00e3o Nacional de Com\u00e9rcio, Servi\u00e7os, Bens e Turismo (CNC), o segmento do turismo \u00e9 respons\u00e1vel por mais de 3,5% do Produto Interno Bruno (PIB) do Brasil e, entre mar\u00e7o e dezembro de 2020, por conta da pandemia, acumulou preju\u00edzo de R$ 261,3 bilh\u00f5es.<br>Por ser uma das principais atividades da economia brasileira, o investimento em pol\u00edticas p\u00fablicas para a conserva\u00e7\u00e3o da natureza \u00e9 essencial, somada \u00e0 conscientiza\u00e7\u00e3o da popula\u00e7\u00e3o para que a atividade n\u00e3o seja predat\u00f3ria e continue gerando renda de forma sustent\u00e1vel para as comunidades locais.<br>\u201cO turismo ecol\u00f3gico \u00e9 uma atividade que propicia aliar conserva\u00e7\u00e3o de biodiversidade com a promo\u00e7\u00e3o de atividades socioecon\u00f4micas, fomentando ainda o bem-estar das pessoas e a sa\u00fade do ambiente\u201d, <strong>exalta o professor titular do Departamento de Ecologia da Universidade de S\u00e3o Paulo (USP) e tamb\u00e9m membro da RECN, Jean Paul Metzger.<\/strong><br>\u201cA natureza cada vez mais estar\u00e1 no centro da atividade tur\u00edstica. O longo per\u00edodo de isolamento social provocado pela pandemia tem real\u00e7ado a import\u00e2ncia de valorizarmos e protegermos nossos ambientes naturais, que t\u00eam um papel important\u00edssimo para o bem-estar e a sa\u00fade das pessoas\u201d, <strong>explica o gerente de Conserva\u00e7\u00e3o da Biodiversidade da Funda\u00e7\u00e3o Grupo Botic\u00e1rio de Prote\u00e7\u00e3o \u00e0 Natureza, Emerson Oliveira<\/strong>, ressaltando que qualquer atividade tur\u00edstica exige cuidados individuais para evitar aglomera\u00e7\u00f5es e deve respeitar as recomenda\u00e7\u00f5es das autoridades.<br>Neste contexto, n\u00e3o faltam lugares para serem conhecidos no Brasil. Fernando de Noronha (PE), Chapada dos Guimar\u00e3es (MT), Bonito (MS), Chapada Diamantina (BA), Chapada dos Veadeiros (GO), Len\u00e7\u00f3is Maranhenses (MA), Jalap\u00e3o (TO), Cataratas do Igua\u00e7u e a Reserva Natural Salto Morato (PR) e Brotas (SP) s\u00e3o algumas das op\u00e7\u00f5es para respirar ar puro e entrar em contato com ambientes de belezas espetaculares.<\/p>\n\n\n\n<h4 class=\"wp-block-heading\">Inova\u00e7\u00e3o<\/h4>\n\n\n\n<figure class=\"wp-block-image size-large\"><img loading=\"lazy\" decoding=\"async\" width=\"1000\" height=\"613\" src=\"https:\/\/jornalfatosenoticias.com.br\/wp-content\/uploads\/2021\/03\/turismo-sustenta\u0301vel-3.jpg\" alt=\"\" class=\"wp-image-15302\" srcset=\"https:\/\/jornalfatosenoticias.com.br\/wp-content\/uploads\/2021\/03\/turismo-sustenta\u0301vel-3.jpg 1000w, https:\/\/jornalfatosenoticias.com.br\/wp-content\/uploads\/2021\/03\/turismo-sustenta\u0301vel-3-300x184.jpg 300w, https:\/\/jornalfatosenoticias.com.br\/wp-content\/uploads\/2021\/03\/turismo-sustenta\u0301vel-3-768x471.jpg 768w\" sizes=\"auto, (max-width: 1000px) 100vw, 1000px\" \/><figcaption><em>(Foto: Desafio de Inova\u00e7\u00f5es em Turismo Sustent\u00e1vel)<\/em><\/figcaption><\/figure>\n\n\n\n<p>Propostas de roteiros e experi\u00eancias que aliam conserva\u00e7\u00e3o, turismo respons\u00e1vel e fortalecimento das popula\u00e7\u00f5es locais est\u00e3o atraindo cada vez mais o interesse dos viajantes.<br>A Funda\u00e7\u00e3o Grupo Botic\u00e1rio selecionou, em 2020, projetos inovadores para receber apoio financeiro e serem desenvolvidos a partir deste ano. As iniciativas, descritas a seguir, s\u00e3o escalon\u00e1veis e com capacidade de serem replicadas em todo o Pa\u00eds.<\/p>\n\n\n\n<h4 class=\"wp-block-heading\">eTrilhas<\/h4>\n\n\n\n<p>PLataforma digital que permite a conex\u00e3o entre tr\u00eas vetores das trilhas ecol\u00f3gicas: as unidades de conserva\u00e7\u00e3o, o visitante e a cadeia produtiva do entorno, potencializando uma rela\u00e7\u00e3o de consumo sustent\u00e1vel entre eles. A ferramenta pode ser customizada para diferentes \u00e1reas geogr\u00e1ficas e unidades de conserva\u00e7\u00e3o e seu gerenciamento \u00e9 realizado de forma descentralizada, garantindo escalabilidade global \u00e0 solu\u00e7\u00e3o.<br>Nessa linha, a plataforma espera engajar o p\u00fablico na visita\u00e7\u00e3o de trilhas ecol\u00f3gicas em todo o Brasil e conscientizar os praticantes sobre a import\u00e2ncia da preserva\u00e7\u00e3o. Ao dar mais visibilidade para a pr\u00e1tica, o eTrilhas tamb\u00e9m ampliar\u00e1 o alcance dos prestadores de servi\u00e7os locais, criando um ciclo virtuoso de preserva\u00e7\u00e3o ambiental e gera\u00e7\u00e3o de renda.<\/p>\n\n\n\n<figure class=\"wp-block-image size-large\"><img loading=\"lazy\" decoding=\"async\" width=\"1000\" height=\"750\" src=\"https:\/\/jornalfatosenoticias.com.br\/wp-content\/uploads\/2021\/03\/turismo-de-natureza.jpg\" alt=\"\" class=\"wp-image-15303\" srcset=\"https:\/\/jornalfatosenoticias.com.br\/wp-content\/uploads\/2021\/03\/turismo-de-natureza.jpg 1000w, https:\/\/jornalfatosenoticias.com.br\/wp-content\/uploads\/2021\/03\/turismo-de-natureza-300x225.jpg 300w, https:\/\/jornalfatosenoticias.com.br\/wp-content\/uploads\/2021\/03\/turismo-de-natureza-768x576.jpg 768w\" sizes=\"auto, (max-width: 1000px) 100vw, 1000px\" \/><figcaption><em>Com consci\u00eancia ambiental, turismo pode ajudar a preservar locais visitados (Foto: Patrick Miyaoka\/Unsplash)<\/em><\/figcaption><\/figure>\n\n\n\n<h4 class=\"wp-block-heading\">Vival\u00e1<\/h4>\n\n\n\n<p>Desde 2017, o projeto promove expedi\u00e7\u00f5es tur\u00edsticas para unidades de conserva\u00e7\u00e3o (UCs), com foco na intera\u00e7\u00e3o com a natureza e com as comunidades locais. A empresa atua com o volunturismo e o turismo de base comunit\u00e1ria, modalidades de visita\u00e7\u00e3o respons\u00e1vel em que os viajantes podem contribuir positivamente com as pessoas e as regi\u00f5es que est\u00e3o sendo visitadas.<br>Al\u00e9m de atuar como operadora tur\u00edstica, a Vival\u00e1 tem um bra\u00e7o de capacita\u00e7\u00e3o profissional voltado para micro e pequenos empreendedores locais. O objetivo \u00e9 que os servi\u00e7os contratados durante as expedi\u00e7\u00f5es sejam oferecidos pelas pr\u00f3prias comunidades do entorno das UCs, garantindo emprego e renda por meio da atividade tur\u00edstica sustent\u00e1vel.<\/p>\n\n\n\n<h4 class=\"wp-block-heading\">e-Natureza<\/h4>\n\n\n\n<p>Com foco no bem-estar, o projeto da Sociedade Beneficente Israelita Brasileira Albert Einstein, oferece experi\u00eancias para promover a sa\u00fade e o bem-estar de quem visita \u00e1reas naturais e comunidades vizinhas.<br>A iniciativa ir\u00e1 desenvolver um manual de boas pr\u00e1ticas para o turismo de bem-estar na natureza, que inclua a\u00e7\u00f5es como cursos de forma\u00e7\u00e3o on-line para gestores de unidades de conserva\u00e7\u00e3o e profissionais de sa\u00fade, al\u00e9m de atividades em campo, como contemplativas, observa\u00e7\u00e3o de aves e natureza, banhos de floresta e interpreta\u00e7\u00e3o ambiental. Com isso, espera qualificar, com fundamenta\u00e7\u00e3o cient\u00edfica, o setor em expans\u00e3o de turismo de bem-estar na natureza.<\/p>\n\n\n\n<p><strong><em>Fonte: <a href=\"https:\/\/ciclovivo.com.br\/inovacao\/inspiracao\/turismo-ecologico-pode-ajudar-a-preservar-a-natureza\/\">CicloVivo<\/a><\/em><\/strong><\/p>\n","protected":false},"excerpt":{"rendered":"<p>Turismo ecol\u00f3gico pode ajudar a preservar a natureza. A visita\u00e7\u00e3o sustent\u00e1vel de patrim\u00f4nios naturais promove consci\u00eancia ambiental e traz oportunidades de renda para comunidades locais A conserva\u00e7\u00e3o da natureza tem enorme potencial de desenvolvimento socioecon\u00f4mico, sendo o turismo uma das atividades com maior capacidade de prote\u00e7\u00e3o ao meio ambiente e gera\u00e7\u00e3o de renda e empregos.Ao [&hellip;]<\/p>\n","protected":false},"author":2,"featured_media":15304,"comment_status":"open","ping_status":"open","sticky":false,"template":"","format":"standard","meta":{"footnotes":""},"categories":[8,746],"tags":[7795,7794,2858,2665,655],"class_list":["post-15301","post","type-post","status-publish","format-standard","has-post-thumbnail","hentry","category-meio-ambiente","category-turismo","tag-desenvolvimento-socioeconomico","tag-dia-nacional-do-turismo-ecologico","tag-fauna","tag-flora","tag-natureza"],"yoast_head":"<!-- This site is optimized with the Yoast SEO plugin v26.5 - https:\/\/yoast.com\/wordpress\/plugins\/seo\/ -->\n<title>1\u00ba de mar\u00e7o \u2014 Dia Nacional do Turismo Ecol\u00f3gico - Jornal Fatos e Not\u00edcias<\/title>\n<meta name=\"robots\" content=\"index, follow, max-snippet:-1, max-image-preview:large, max-video-preview:-1\" \/>\n<link rel=\"canonical\" href=\"https:\/\/jornalfatosenoticias.com.br\/index.php\/2021\/03\/01\/1o-de-marco-dia-nacional-do-turismo-ecologico\/\" \/>\n<meta property=\"og:locale\" content=\"pt_BR\" \/>\n<meta property=\"og:type\" content=\"article\" \/>\n<meta property=\"og:title\" content=\"1\u00ba de mar\u00e7o \u2014 Dia Nacional do Turismo Ecol\u00f3gico - Jornal Fatos e Not\u00edcias\" \/>\n<meta property=\"og:description\" content=\"Turismo ecol\u00f3gico pode ajudar a preservar a natureza. A visita\u00e7\u00e3o sustent\u00e1vel de patrim\u00f4nios naturais promove consci\u00eancia ambiental e traz oportunidades de renda para comunidades locais A conserva\u00e7\u00e3o da natureza tem enorme potencial de desenvolvimento socioecon\u00f4mico, sendo o turismo uma das atividades com maior capacidade de prote\u00e7\u00e3o ao meio ambiente e gera\u00e7\u00e3o de renda e empregos.Ao [&hellip;]\" \/>\n<meta property=\"og:url\" content=\"https:\/\/jornalfatosenoticias.com.br\/index.php\/2021\/03\/01\/1o-de-marco-dia-nacional-do-turismo-ecologico\/\" \/>\n<meta property=\"og:site_name\" content=\"Jornal Fatos e Not\u00edcias\" \/>\n<meta property=\"article:published_time\" content=\"2021-03-01T19:25:44+00:00\" \/>\n<meta property=\"article:modified_time\" content=\"2021-03-01T19:25:49+00:00\" \/>\n<meta property=\"og:image\" content=\"https:\/\/jornalfatosenoticias.com.br\/wp-content\/uploads\/2021\/03\/turismo-natureza-capa.jpg\" \/>\n\t<meta property=\"og:image:width\" content=\"1000\" \/>\n\t<meta property=\"og:image:height\" content=\"613\" \/>\n\t<meta property=\"og:image:type\" content=\"image\/jpeg\" \/>\n<meta name=\"author\" content=\"Luzimara Fernandes\" \/>\n<meta name=\"twitter:card\" content=\"summary_large_image\" \/>\n<meta name=\"twitter:label1\" content=\"Escrito por\" \/>\n\t<meta name=\"twitter:data1\" content=\"Luzimara Fernandes\" \/>\n\t<meta name=\"twitter:label2\" content=\"Est. tempo de leitura\" \/>\n\t<meta name=\"twitter:data2\" content=\"5 minutos\" \/>\n<script type=\"application\/ld+json\" class=\"yoast-schema-graph\">{\"@context\":\"https:\/\/schema.org\",\"@graph\":[{\"@type\":\"Article\",\"@id\":\"https:\/\/jornalfatosenoticias.com.br\/index.php\/2021\/03\/01\/1o-de-marco-dia-nacional-do-turismo-ecologico\/#article\",\"isPartOf\":{\"@id\":\"https:\/\/jornalfatosenoticias.com.br\/index.php\/2021\/03\/01\/1o-de-marco-dia-nacional-do-turismo-ecologico\/\"},\"author\":{\"name\":\"Luzimara Fernandes\",\"@id\":\"https:\/\/jornalfatosenoticias.com.br\/#\/schema\/person\/d63837fa13ac8666eb9e74e0985d6f81\"},\"headline\":\"1\u00ba de mar\u00e7o \u2014 Dia Nacional do Turismo Ecol\u00f3gico\",\"datePublished\":\"2021-03-01T19:25:44+00:00\",\"dateModified\":\"2021-03-01T19:25:49+00:00\",\"mainEntityOfPage\":{\"@id\":\"https:\/\/jornalfatosenoticias.com.br\/index.php\/2021\/03\/01\/1o-de-marco-dia-nacional-do-turismo-ecologico\/\"},\"wordCount\":1065,\"commentCount\":0,\"publisher\":{\"@id\":\"https:\/\/jornalfatosenoticias.com.br\/#organization\"},\"image\":{\"@id\":\"https:\/\/jornalfatosenoticias.com.br\/index.php\/2021\/03\/01\/1o-de-marco-dia-nacional-do-turismo-ecologico\/#primaryimage\"},\"thumbnailUrl\":\"https:\/\/jornalfatosenoticias.com.br\/wp-content\/uploads\/2021\/03\/turismo-natureza-capa.jpg\",\"keywords\":[\"desenvolvimento socioecon\u00f4mico\",\"Dia Nacional do Turismo Ecol\u00f3gico\",\"fauna\",\"flora\",\"natureza\"],\"articleSection\":[\"Meio ambiente\",\"Turismo\"],\"inLanguage\":\"pt-BR\",\"potentialAction\":[{\"@type\":\"CommentAction\",\"name\":\"Comment\",\"target\":[\"https:\/\/jornalfatosenoticias.com.br\/index.php\/2021\/03\/01\/1o-de-marco-dia-nacional-do-turismo-ecologico\/#respond\"]}]},{\"@type\":\"WebPage\",\"@id\":\"https:\/\/jornalfatosenoticias.com.br\/index.php\/2021\/03\/01\/1o-de-marco-dia-nacional-do-turismo-ecologico\/\",\"url\":\"https:\/\/jornalfatosenoticias.com.br\/index.php\/2021\/03\/01\/1o-de-marco-dia-nacional-do-turismo-ecologico\/\",\"name\":\"1\u00ba de mar\u00e7o \u2014 Dia Nacional do Turismo Ecol\u00f3gico - Jornal Fatos e Not\u00edcias\",\"isPartOf\":{\"@id\":\"https:\/\/jornalfatosenoticias.com.br\/#website\"},\"primaryImageOfPage\":{\"@id\":\"https:\/\/jornalfatosenoticias.com.br\/index.php\/2021\/03\/01\/1o-de-marco-dia-nacional-do-turismo-ecologico\/#primaryimage\"},\"image\":{\"@id\":\"https:\/\/jornalfatosenoticias.com.br\/index.php\/2021\/03\/01\/1o-de-marco-dia-nacional-do-turismo-ecologico\/#primaryimage\"},\"thumbnailUrl\":\"https:\/\/jornalfatosenoticias.com.br\/wp-content\/uploads\/2021\/03\/turismo-natureza-capa.jpg\",\"datePublished\":\"2021-03-01T19:25:44+00:00\",\"dateModified\":\"2021-03-01T19:25:49+00:00\",\"breadcrumb\":{\"@id\":\"https:\/\/jornalfatosenoticias.com.br\/index.php\/2021\/03\/01\/1o-de-marco-dia-nacional-do-turismo-ecologico\/#breadcrumb\"},\"inLanguage\":\"pt-BR\",\"potentialAction\":[{\"@type\":\"ReadAction\",\"target\":[\"https:\/\/jornalfatosenoticias.com.br\/index.php\/2021\/03\/01\/1o-de-marco-dia-nacional-do-turismo-ecologico\/\"]}]},{\"@type\":\"ImageObject\",\"inLanguage\":\"pt-BR\",\"@id\":\"https:\/\/jornalfatosenoticias.com.br\/index.php\/2021\/03\/01\/1o-de-marco-dia-nacional-do-turismo-ecologico\/#primaryimage\",\"url\":\"https:\/\/jornalfatosenoticias.com.br\/wp-content\/uploads\/2021\/03\/turismo-natureza-capa.jpg\",\"contentUrl\":\"https:\/\/jornalfatosenoticias.com.br\/wp-content\/uploads\/2021\/03\/turismo-natureza-capa.jpg\",\"width\":1000,\"height\":613},{\"@type\":\"BreadcrumbList\",\"@id\":\"https:\/\/jornalfatosenoticias.com.br\/index.php\/2021\/03\/01\/1o-de-marco-dia-nacional-do-turismo-ecologico\/#breadcrumb\",\"itemListElement\":[{\"@type\":\"ListItem\",\"position\":1,\"name\":\"In\u00edcio\",\"item\":\"https:\/\/jornalfatosenoticias.com.br\/\"},{\"@type\":\"ListItem\",\"position\":2,\"name\":\"1\u00ba de mar\u00e7o \u2014 Dia Nacional do Turismo Ecol\u00f3gico\"}]},{\"@type\":\"WebSite\",\"@id\":\"https:\/\/jornalfatosenoticias.com.br\/#website\",\"url\":\"https:\/\/jornalfatosenoticias.com.br\/\",\"name\":\"Jornal Fatos e Not\u00edcias\",\"description\":\"Not\u00edcias em geral\",\"publisher\":{\"@id\":\"https:\/\/jornalfatosenoticias.com.br\/#organization\"},\"potentialAction\":[{\"@type\":\"SearchAction\",\"target\":{\"@type\":\"EntryPoint\",\"urlTemplate\":\"https:\/\/jornalfatosenoticias.com.br\/?s={search_term_string}\"},\"query-input\":{\"@type\":\"PropertyValueSpecification\",\"valueRequired\":true,\"valueName\":\"search_term_string\"}}],\"inLanguage\":\"pt-BR\"},{\"@type\":\"Organization\",\"@id\":\"https:\/\/jornalfatosenoticias.com.br\/#organization\",\"name\":\"Jornal Fatos e Not\u00edcias\",\"url\":\"https:\/\/jornalfatosenoticias.com.br\/\",\"logo\":{\"@type\":\"ImageObject\",\"inLanguage\":\"pt-BR\",\"@id\":\"https:\/\/jornalfatosenoticias.com.br\/#\/schema\/logo\/image\/\",\"url\":\"https:\/\/jornalfatosenoticias.com.br\/wp-content\/uploads\/2020\/02\/logo120.png\",\"contentUrl\":\"https:\/\/jornalfatosenoticias.com.br\/wp-content\/uploads\/2020\/02\/logo120.png\",\"width\":1227,\"height\":120,\"caption\":\"Jornal Fatos e Not\u00edcias\"},\"image\":{\"@id\":\"https:\/\/jornalfatosenoticias.com.br\/#\/schema\/logo\/image\/\"}},{\"@type\":\"Person\",\"@id\":\"https:\/\/jornalfatosenoticias.com.br\/#\/schema\/person\/d63837fa13ac8666eb9e74e0985d6f81\",\"name\":\"Luzimara Fernandes\",\"image\":{\"@type\":\"ImageObject\",\"inLanguage\":\"pt-BR\",\"@id\":\"https:\/\/jornalfatosenoticias.com.br\/#\/schema\/person\/image\/\",\"url\":\"https:\/\/jornalfatosenoticias.com.br\/wp-content\/uploads\/2025\/05\/EU_portal.jpg\",\"contentUrl\":\"https:\/\/jornalfatosenoticias.com.br\/wp-content\/uploads\/2025\/05\/EU_portal.jpg\",\"caption\":\"Luzimara Fernandes\"},\"description\":\"Jornalista MTB 2358-ES\",\"sameAs\":[\"https:\/\/jornalfatosenoticias.com.br\"],\"url\":\"https:\/\/jornalfatosenoticias.com.br\/index.php\/author\/luzimara\/\"}]}<\/script>\n<!-- \/ Yoast SEO plugin. -->","yoast_head_json":{"title":"1\u00ba de mar\u00e7o \u2014 Dia Nacional do Turismo Ecol\u00f3gico - Jornal Fatos e Not\u00edcias","robots":{"index":"index","follow":"follow","max-snippet":"max-snippet:-1","max-image-preview":"max-image-preview:large","max-video-preview":"max-video-preview:-1"},"canonical":"https:\/\/jornalfatosenoticias.com.br\/index.php\/2021\/03\/01\/1o-de-marco-dia-nacional-do-turismo-ecologico\/","og_locale":"pt_BR","og_type":"article","og_title":"1\u00ba de mar\u00e7o \u2014 Dia Nacional do Turismo Ecol\u00f3gico - Jornal Fatos e Not\u00edcias","og_description":"Turismo ecol\u00f3gico pode ajudar a preservar a natureza. A visita\u00e7\u00e3o sustent\u00e1vel de patrim\u00f4nios naturais promove consci\u00eancia ambiental e traz oportunidades de renda para comunidades locais A conserva\u00e7\u00e3o da natureza tem enorme potencial de desenvolvimento socioecon\u00f4mico, sendo o turismo uma das atividades com maior capacidade de prote\u00e7\u00e3o ao meio ambiente e gera\u00e7\u00e3o de renda e empregos.Ao [&hellip;]","og_url":"https:\/\/jornalfatosenoticias.com.br\/index.php\/2021\/03\/01\/1o-de-marco-dia-nacional-do-turismo-ecologico\/","og_site_name":"Jornal Fatos e Not\u00edcias","article_published_time":"2021-03-01T19:25:44+00:00","article_modified_time":"2021-03-01T19:25:49+00:00","og_image":[{"width":1000,"height":613,"url":"https:\/\/jornalfatosenoticias.com.br\/wp-content\/uploads\/2021\/03\/turismo-natureza-capa.jpg","type":"image\/jpeg"}],"author":"Luzimara Fernandes","twitter_card":"summary_large_image","twitter_misc":{"Escrito por":"Luzimara Fernandes","Est. tempo de leitura":"5 minutos"},"schema":{"@context":"https:\/\/schema.org","@graph":[{"@type":"Article","@id":"https:\/\/jornalfatosenoticias.com.br\/index.php\/2021\/03\/01\/1o-de-marco-dia-nacional-do-turismo-ecologico\/#article","isPartOf":{"@id":"https:\/\/jornalfatosenoticias.com.br\/index.php\/2021\/03\/01\/1o-de-marco-dia-nacional-do-turismo-ecologico\/"},"author":{"name":"Luzimara Fernandes","@id":"https:\/\/jornalfatosenoticias.com.br\/#\/schema\/person\/d63837fa13ac8666eb9e74e0985d6f81"},"headline":"1\u00ba de mar\u00e7o \u2014 Dia Nacional do Turismo Ecol\u00f3gico","datePublished":"2021-03-01T19:25:44+00:00","dateModified":"2021-03-01T19:25:49+00:00","mainEntityOfPage":{"@id":"https:\/\/jornalfatosenoticias.com.br\/index.php\/2021\/03\/01\/1o-de-marco-dia-nacional-do-turismo-ecologico\/"},"wordCount":1065,"commentCount":0,"publisher":{"@id":"https:\/\/jornalfatosenoticias.com.br\/#organization"},"image":{"@id":"https:\/\/jornalfatosenoticias.com.br\/index.php\/2021\/03\/01\/1o-de-marco-dia-nacional-do-turismo-ecologico\/#primaryimage"},"thumbnailUrl":"https:\/\/jornalfatosenoticias.com.br\/wp-content\/uploads\/2021\/03\/turismo-natureza-capa.jpg","keywords":["desenvolvimento socioecon\u00f4mico","Dia Nacional do Turismo Ecol\u00f3gico","fauna","flora","natureza"],"articleSection":["Meio ambiente","Turismo"],"inLanguage":"pt-BR","potentialAction":[{"@type":"CommentAction","name":"Comment","target":["https:\/\/jornalfatosenoticias.com.br\/index.php\/2021\/03\/01\/1o-de-marco-dia-nacional-do-turismo-ecologico\/#respond"]}]},{"@type":"WebPage","@id":"https:\/\/jornalfatosenoticias.com.br\/index.php\/2021\/03\/01\/1o-de-marco-dia-nacional-do-turismo-ecologico\/","url":"https:\/\/jornalfatosenoticias.com.br\/index.php\/2021\/03\/01\/1o-de-marco-dia-nacional-do-turismo-ecologico\/","name":"1\u00ba de mar\u00e7o \u2014 Dia Nacional do Turismo Ecol\u00f3gico - Jornal Fatos e Not\u00edcias","isPartOf":{"@id":"https:\/\/jornalfatosenoticias.com.br\/#website"},"primaryImageOfPage":{"@id":"https:\/\/jornalfatosenoticias.com.br\/index.php\/2021\/03\/01\/1o-de-marco-dia-nacional-do-turismo-ecologico\/#primaryimage"},"image":{"@id":"https:\/\/jornalfatosenoticias.com.br\/index.php\/2021\/03\/01\/1o-de-marco-dia-nacional-do-turismo-ecologico\/#primaryimage"},"thumbnailUrl":"https:\/\/jornalfatosenoticias.com.br\/wp-content\/uploads\/2021\/03\/turismo-natureza-capa.jpg","datePublished":"2021-03-01T19:25:44+00:00","dateModified":"2021-03-01T19:25:49+00:00","breadcrumb":{"@id":"https:\/\/jornalfatosenoticias.com.br\/index.php\/2021\/03\/01\/1o-de-marco-dia-nacional-do-turismo-ecologico\/#breadcrumb"},"inLanguage":"pt-BR","potentialAction":[{"@type":"ReadAction","target":["https:\/\/jornalfatosenoticias.com.br\/index.php\/2021\/03\/01\/1o-de-marco-dia-nacional-do-turismo-ecologico\/"]}]},{"@type":"ImageObject","inLanguage":"pt-BR","@id":"https:\/\/jornalfatosenoticias.com.br\/index.php\/2021\/03\/01\/1o-de-marco-dia-nacional-do-turismo-ecologico\/#primaryimage","url":"https:\/\/jornalfatosenoticias.com.br\/wp-content\/uploads\/2021\/03\/turismo-natureza-capa.jpg","contentUrl":"https:\/\/jornalfatosenoticias.com.br\/wp-content\/uploads\/2021\/03\/turismo-natureza-capa.jpg","width":1000,"height":613},{"@type":"BreadcrumbList","@id":"https:\/\/jornalfatosenoticias.com.br\/index.php\/2021\/03\/01\/1o-de-marco-dia-nacional-do-turismo-ecologico\/#breadcrumb","itemListElement":[{"@type":"ListItem","position":1,"name":"In\u00edcio","item":"https:\/\/jornalfatosenoticias.com.br\/"},{"@type":"ListItem","position":2,"name":"1\u00ba de mar\u00e7o \u2014 Dia Nacional do Turismo Ecol\u00f3gico"}]},{"@type":"WebSite","@id":"https:\/\/jornalfatosenoticias.com.br\/#website","url":"https:\/\/jornalfatosenoticias.com.br\/","name":"Jornal Fatos e Not\u00edcias","description":"Not\u00edcias em geral","publisher":{"@id":"https:\/\/jornalfatosenoticias.com.br\/#organization"},"potentialAction":[{"@type":"SearchAction","target":{"@type":"EntryPoint","urlTemplate":"https:\/\/jornalfatosenoticias.com.br\/?s={search_term_string}"},"query-input":{"@type":"PropertyValueSpecification","valueRequired":true,"valueName":"search_term_string"}}],"inLanguage":"pt-BR"},{"@type":"Organization","@id":"https:\/\/jornalfatosenoticias.com.br\/#organization","name":"Jornal Fatos e Not\u00edcias","url":"https:\/\/jornalfatosenoticias.com.br\/","logo":{"@type":"ImageObject","inLanguage":"pt-BR","@id":"https:\/\/jornalfatosenoticias.com.br\/#\/schema\/logo\/image\/","url":"https:\/\/jornalfatosenoticias.com.br\/wp-content\/uploads\/2020\/02\/logo120.png","contentUrl":"https:\/\/jornalfatosenoticias.com.br\/wp-content\/uploads\/2020\/02\/logo120.png","width":1227,"height":120,"caption":"Jornal Fatos e Not\u00edcias"},"image":{"@id":"https:\/\/jornalfatosenoticias.com.br\/#\/schema\/logo\/image\/"}},{"@type":"Person","@id":"https:\/\/jornalfatosenoticias.com.br\/#\/schema\/person\/d63837fa13ac8666eb9e74e0985d6f81","name":"Luzimara Fernandes","image":{"@type":"ImageObject","inLanguage":"pt-BR","@id":"https:\/\/jornalfatosenoticias.com.br\/#\/schema\/person\/image\/","url":"https:\/\/jornalfatosenoticias.com.br\/wp-content\/uploads\/2025\/05\/EU_portal.jpg","contentUrl":"https:\/\/jornalfatosenoticias.com.br\/wp-content\/uploads\/2025\/05\/EU_portal.jpg","caption":"Luzimara Fernandes"},"description":"Jornalista MTB 2358-ES","sameAs":["https:\/\/jornalfatosenoticias.com.br"],"url":"https:\/\/jornalfatosenoticias.com.br\/index.php\/author\/luzimara\/"}]}},"cc_featured_image_caption":{"caption_text":"(Foto: Unsplash)","source_text":"","source_url":""},"jetpack_featured_media_url":"https:\/\/jornalfatosenoticias.com.br\/wp-content\/uploads\/2021\/03\/turismo-natureza-capa.jpg","_links":{"self":[{"href":"https:\/\/jornalfatosenoticias.com.br\/index.php\/wp-json\/wp\/v2\/posts\/15301","targetHints":{"allow":["GET"]}}],"collection":[{"href":"https:\/\/jornalfatosenoticias.com.br\/index.php\/wp-json\/wp\/v2\/posts"}],"about":[{"href":"https:\/\/jornalfatosenoticias.com.br\/index.php\/wp-json\/wp\/v2\/types\/post"}],"author":[{"embeddable":true,"href":"https:\/\/jornalfatosenoticias.com.br\/index.php\/wp-json\/wp\/v2\/users\/2"}],"replies":[{"embeddable":true,"href":"https:\/\/jornalfatosenoticias.com.br\/index.php\/wp-json\/wp\/v2\/comments?post=15301"}],"version-history":[{"count":0,"href":"https:\/\/jornalfatosenoticias.com.br\/index.php\/wp-json\/wp\/v2\/posts\/15301\/revisions"}],"wp:featuredmedia":[{"embeddable":true,"href":"https:\/\/jornalfatosenoticias.com.br\/index.php\/wp-json\/wp\/v2\/media\/15304"}],"wp:attachment":[{"href":"https:\/\/jornalfatosenoticias.com.br\/index.php\/wp-json\/wp\/v2\/media?parent=15301"}],"wp:term":[{"taxonomy":"category","embeddable":true,"href":"https:\/\/jornalfatosenoticias.com.br\/index.php\/wp-json\/wp\/v2\/categories?post=15301"},{"taxonomy":"post_tag","embeddable":true,"href":"https:\/\/jornalfatosenoticias.com.br\/index.php\/wp-json\/wp\/v2\/tags?post=15301"}],"curies":[{"name":"wp","href":"https:\/\/api.w.org\/{rel}","templated":true}]}}