{"id":1535,"date":"2020-02-28T11:07:20","date_gmt":"2020-02-28T14:07:20","guid":{"rendered":"https:\/\/jornalfatosenoticias.com.br\/?p=1535"},"modified":"2020-02-28T11:07:26","modified_gmt":"2020-02-28T14:07:26","slug":"cuauhtemoc-ha-495-anos-cortes-assassinava-o-ultimo-imperador-asteca","status":"publish","type":"post","link":"https:\/\/jornalfatosenoticias.com.br\/index.php\/2020\/02\/28\/cuauhtemoc-ha-495-anos-cortes-assassinava-o-ultimo-imperador-asteca\/","title":{"rendered":"Cuauht\u00e9moc: h\u00e1 495 anos, Cort\u00e9s assassinava o \u00faltimo imperador asteca"},"content":{"rendered":"\n<h6 class=\"wp-block-heading\"><em>Ap\u00f3s a tr\u00e1gica destrui\u00e7\u00e3o de Tenocht\u00edtlan e a execu\u00e7\u00e3o de Moctezuma, o explorador espanhol passou a torturar o seu sobrinho em busca de tesouros ind\u00edgenas<\/em><\/h6>\n\n\n\n<p>Cuauht\u00e9moc foi o \u00faltimo tlatoani <a href=\"https:\/\/aventurasnahistoria.uol.com.br\/noticias\/almanaque\/para-acalmar-os-deuses-moctezuma-ii-um-lider-asteca-destruiu-uma-casa-de-prostituicao.phtml\">asteca<\/a> a realmente governar e que sofreu os mais duros castigos durante a ocupa\u00e7\u00e3o espanhola no M\u00e9xico. Sobrinho do imperador que recebeu <a href=\"https:\/\/aventurasnahistoria.uol.com.br\/noticias\/reportagem\/neste-dia-em-1519-hernan-cortes-era-recebido-pelos-astecas-tenochtitlan.phtml\">Hern\u00e1n Cort\u00e9s<\/a> (Moctezuma), sua vida era desconhecida at\u00e9 se tornar governante dos mexicas em Tlatelolco, em 1515. Para tanto, esse membro da elite ind\u00edgena era formado em temas administrativos e era um guerreiro-\u00e1guia (cuauhtlatoani).<br> Cuauht\u00e9moc foi convocado como tlatoani em 1520, logo ap\u00f3s a destrui\u00e7\u00e3o de Tenocht\u00edtlan pelas tropas de Cort\u00e9s e a morte de Moctezuma e seu sucessor, Cuitlahuac. Ele teria sido eleito por um conselho de nobres mexicas, como segue a tradi\u00e7\u00e3o, mesmo que muitos desses guerreiros da elite asteca tenham morrido com o Massacre do Templo Maior.<br> A situa\u00e7\u00e3o que o tlatoani se deparou era de caos: as partes do <a href=\"https:\/\/aventurasnahistoria.uol.com.br\/noticias\/reportagem\/imperio-asteca.phtml\">Imp\u00e9rio Asteca<\/a> se dissolviam em deser\u00e7\u00f5es em massa fomentadas pelos espanh\u00f3is, enquanto os maiores centros urbanos estavam destru\u00eddos. Cuauht\u00e9moc tentou reatar rela\u00e7\u00f5es com camponeses dissidentes, sem grande sucesso. A destrui\u00e7\u00e3o do reino foi tamanha que, aos p\u00e9s de 1521, somente Tlatelolco mantinha-se fiel ao tlatoani entre os nahuas.<br> Em resist\u00eancia \u00e0 ocupa\u00e7\u00e3o da Armada Espanhola, Cuauht\u00e9moc tentava atravessar o Lago Texcoco, onde Tenocht\u00edtlan ficava, para articular alian\u00e7as com vizinhos, quando foi capturado por Hern\u00e1n Cort\u00e9s. O imperador chegou a suplicar para que fosse morto, mas o l\u00edder europeu n\u00e3o via vantagens naquilo, pelo menos de imediato.<br> Cort\u00e9s passou a usar seu dom\u00ednio sobre o tlatoani como forma de conseguir a submiss\u00e3o das unidades pol\u00edticas ainda submetidas ao antigo reino nahua de Moctezuma. Com a cumplicidade de seu prisioneiro, conseguiu a coopera\u00e7\u00e3o dos <a href=\"https:\/\/aventurasnahistoria.uol.com.br\/noticias\/reportagem\/o-jogo-da-morte-asteca-historia.phtml\">astecas<\/a> na limpeza e reconstru\u00e7\u00e3o da capital, na busca por novos s\u00faditos ao rei de Castela e na busca e ouro para o ganancioso explorador.<\/p>\n\n\n\n<figure class=\"wp-block-image size-large\"><img loading=\"lazy\" decoding=\"async\" width=\"800\" height=\"983\" src=\"https:\/\/jornalfatosenoticias.com.br\/wp-content\/uploads\/2020\/02\/Busto-do-tlatoani.jpg\" alt=\"\" class=\"wp-image-1536\" srcset=\"https:\/\/jornalfatosenoticias.com.br\/wp-content\/uploads\/2020\/02\/Busto-do-tlatoani.jpg 800w, https:\/\/jornalfatosenoticias.com.br\/wp-content\/uploads\/2020\/02\/Busto-do-tlatoani-244x300.jpg 244w, https:\/\/jornalfatosenoticias.com.br\/wp-content\/uploads\/2020\/02\/Busto-do-tlatoani-768x944.jpg 768w\" sizes=\"auto, (max-width: 800px) 100vw, 800px\" \/><figcaption><em>Busto do tlatoani, no M\u00e9xico (Foto: Wikimedia Commons)<\/em><\/figcaption><\/figure>\n\n\n\n<p>Cort\u00e9s, ent\u00e3o, passou a torturar os l\u00edderes ind\u00edgenas, principalmente Cuauht\u00e9moc (e tamb\u00e9m um aliado, Tetlepanquetzal) para que revelassem paradeiros de tesouros escondidos. O <a href=\"https:\/\/aventurasnahistoria.uol.com.br\/noticias\/reportagem\/ha-229-anos-calendario-asteca-era-descoberto-na-cidade-do-mexico.phtml\">tlatoani<\/a> teve seus p\u00e9s queimados e partes arrancadas, mas resistiu e nunca revelou nenhuma informa\u00e7\u00e3o. A resist\u00eancia de Cuauht\u00e9moc fez com que o espanhol temesse a articula\u00e7\u00e3o de uma insurrei\u00e7\u00e3o, optando por levar o prisioneiro a Honduras, longe do centro pol\u00edtico asteca.<br> Como Cuauht\u00e9moc tentava, em cada cidade em que parava, alertar as inten\u00e7\u00f5es de <a href=\"https:\/\/aventurasnahistoria.uol.com.br\/noticias\/reportagem\/malinche-a-judas-do-mexico.phtml\">Cort\u00e9s<\/a>, os invasores europeus perceberam que o tlatoani era um perigo para o empreendimento colonial. Ent\u00e3o, segundo relatou Bernal Diaz de Castilho, Cort\u00e9s ordenou a morte de seu importante prisioneiro, de 23 anos, em 26 de fevereiro de 1525. Ela ocorreria no dia seguinte.<br> Ent\u00e3o, ap\u00f3s a virada da noite, membros do ex\u00e9rcito espanhol enforcaram Cuauht\u00e9moc, como demonstra\u00e7\u00e3o de for\u00e7a e exemplifica\u00e7\u00e3o do que ocorreria com dissidentes e conspiradores. Tetlepanquetzal e Tlacatlec, l\u00edderes de cidades aliadas dos astecas, foram mortos ao mesmo tempo. Contam os relatos de \u00e9poca que Cort\u00e9s sofreu com noites de ins\u00f4nia ap\u00f3s tal horrendo crime.<\/p>\n\n\n\n<p><strong><em>Fonte: <a href=\"https:\/\/aventurasnahistoria.uol.com.br\/noticias\/reportagem\/historia-cuauhtemoc-ha-495-anos-cortes-assassinava-o-ultimo-imperador-asteca.phtml\">aventurasnahistoria.uol.com.br<\/a><\/em><\/strong><\/p>\n","protected":false},"excerpt":{"rendered":"<p>Ap\u00f3s a tr\u00e1gica destrui\u00e7\u00e3o de Tenocht\u00edtlan e a execu\u00e7\u00e3o de Moctezuma, o explorador espanhol passou a torturar o seu sobrinho em busca de tesouros ind\u00edgenas Cuauht\u00e9moc foi o \u00faltimo tlatoani asteca a realmente governar e que sofreu os mais duros castigos durante a ocupa\u00e7\u00e3o espanhola no M\u00e9xico. Sobrinho do imperador que recebeu Hern\u00e1n Cort\u00e9s (Moctezuma), [&hellip;]<\/p>\n","protected":false},"author":2,"featured_media":1537,"comment_status":"open","ping_status":"open","sticky":false,"template":"","format":"standard","meta":{"footnotes":""},"categories":[4],"tags":[154,153,157,155,156],"class_list":["post-1535","post","type-post","status-publish","format-standard","has-post-thumbnail","hentry","category-cultura","tag-astecas","tag-cortes","tag-espanha","tag-imperio","tag-mexico"],"yoast_head":"<!-- This site is optimized with the Yoast SEO plugin v26.5 - https:\/\/yoast.com\/wordpress\/plugins\/seo\/ -->\n<title>Cuauht\u00e9moc: h\u00e1 495 anos, Cort\u00e9s assassinava o \u00faltimo imperador asteca - Jornal Fatos e Not\u00edcias<\/title>\n<meta name=\"robots\" content=\"index, follow, max-snippet:-1, max-image-preview:large, max-video-preview:-1\" \/>\n<link rel=\"canonical\" href=\"https:\/\/jornalfatosenoticias.com.br\/index.php\/2020\/02\/28\/cuauhtemoc-ha-495-anos-cortes-assassinava-o-ultimo-imperador-asteca\/\" \/>\n<meta property=\"og:locale\" content=\"pt_BR\" \/>\n<meta property=\"og:type\" content=\"article\" \/>\n<meta property=\"og:title\" content=\"Cuauht\u00e9moc: h\u00e1 495 anos, Cort\u00e9s assassinava o \u00faltimo imperador asteca - Jornal Fatos e Not\u00edcias\" \/>\n<meta property=\"og:description\" content=\"Ap\u00f3s a tr\u00e1gica destrui\u00e7\u00e3o de Tenocht\u00edtlan e a execu\u00e7\u00e3o de Moctezuma, o explorador espanhol passou a torturar o seu sobrinho em busca de tesouros ind\u00edgenas Cuauht\u00e9moc foi o \u00faltimo tlatoani asteca a realmente governar e que sofreu os mais duros castigos durante a ocupa\u00e7\u00e3o espanhola no M\u00e9xico. Sobrinho do imperador que recebeu Hern\u00e1n Cort\u00e9s (Moctezuma), [&hellip;]\" \/>\n<meta property=\"og:url\" content=\"https:\/\/jornalfatosenoticias.com.br\/index.php\/2020\/02\/28\/cuauhtemoc-ha-495-anos-cortes-assassinava-o-ultimo-imperador-asteca\/\" \/>\n<meta property=\"og:site_name\" content=\"Jornal Fatos e Not\u00edcias\" \/>\n<meta property=\"article:published_time\" content=\"2020-02-28T14:07:20+00:00\" \/>\n<meta property=\"article:modified_time\" content=\"2020-02-28T14:07:26+00:00\" \/>\n<meta property=\"og:image\" content=\"https:\/\/jornalfatosenoticias.com.br\/wp-content\/uploads\/2020\/02\/morte-do-cauausnfieni.jpg\" \/>\n\t<meta property=\"og:image:width\" content=\"980\" \/>\n\t<meta property=\"og:image:height\" content=\"551\" \/>\n\t<meta property=\"og:image:type\" content=\"image\/jpeg\" \/>\n<meta name=\"author\" content=\"Luzimara Fernandes\" \/>\n<meta name=\"twitter:card\" content=\"summary_large_image\" \/>\n<meta name=\"twitter:label1\" content=\"Escrito por\" \/>\n\t<meta name=\"twitter:data1\" content=\"Luzimara Fernandes\" \/>\n\t<meta name=\"twitter:label2\" content=\"Est. tempo de leitura\" \/>\n\t<meta name=\"twitter:data2\" content=\"3 minutos\" \/>\n<script type=\"application\/ld+json\" class=\"yoast-schema-graph\">{\"@context\":\"https:\/\/schema.org\",\"@graph\":[{\"@type\":\"Article\",\"@id\":\"https:\/\/jornalfatosenoticias.com.br\/index.php\/2020\/02\/28\/cuauhtemoc-ha-495-anos-cortes-assassinava-o-ultimo-imperador-asteca\/#article\",\"isPartOf\":{\"@id\":\"https:\/\/jornalfatosenoticias.com.br\/index.php\/2020\/02\/28\/cuauhtemoc-ha-495-anos-cortes-assassinava-o-ultimo-imperador-asteca\/\"},\"author\":{\"name\":\"Luzimara Fernandes\",\"@id\":\"https:\/\/jornalfatosenoticias.com.br\/#\/schema\/person\/d63837fa13ac8666eb9e74e0985d6f81\"},\"headline\":\"Cuauht\u00e9moc: h\u00e1 495 anos, Cort\u00e9s assassinava o \u00faltimo imperador asteca\",\"datePublished\":\"2020-02-28T14:07:20+00:00\",\"dateModified\":\"2020-02-28T14:07:26+00:00\",\"mainEntityOfPage\":{\"@id\":\"https:\/\/jornalfatosenoticias.com.br\/index.php\/2020\/02\/28\/cuauhtemoc-ha-495-anos-cortes-assassinava-o-ultimo-imperador-asteca\/\"},\"wordCount\":580,\"commentCount\":0,\"publisher\":{\"@id\":\"https:\/\/jornalfatosenoticias.com.br\/#organization\"},\"image\":{\"@id\":\"https:\/\/jornalfatosenoticias.com.br\/index.php\/2020\/02\/28\/cuauhtemoc-ha-495-anos-cortes-assassinava-o-ultimo-imperador-asteca\/#primaryimage\"},\"thumbnailUrl\":\"https:\/\/jornalfatosenoticias.com.br\/wp-content\/uploads\/2020\/02\/morte-do-cauausnfieni.jpg\",\"keywords\":[\"astecas\",\"Cort\u00e9s\",\"Espanha\",\"imp\u00e9rio\",\"M\u00e9xico\"],\"articleSection\":[\"Cultura\"],\"inLanguage\":\"pt-BR\",\"potentialAction\":[{\"@type\":\"CommentAction\",\"name\":\"Comment\",\"target\":[\"https:\/\/jornalfatosenoticias.com.br\/index.php\/2020\/02\/28\/cuauhtemoc-ha-495-anos-cortes-assassinava-o-ultimo-imperador-asteca\/#respond\"]}]},{\"@type\":\"WebPage\",\"@id\":\"https:\/\/jornalfatosenoticias.com.br\/index.php\/2020\/02\/28\/cuauhtemoc-ha-495-anos-cortes-assassinava-o-ultimo-imperador-asteca\/\",\"url\":\"https:\/\/jornalfatosenoticias.com.br\/index.php\/2020\/02\/28\/cuauhtemoc-ha-495-anos-cortes-assassinava-o-ultimo-imperador-asteca\/\",\"name\":\"Cuauht\u00e9moc: h\u00e1 495 anos, Cort\u00e9s assassinava o \u00faltimo imperador asteca - Jornal Fatos e Not\u00edcias\",\"isPartOf\":{\"@id\":\"https:\/\/jornalfatosenoticias.com.br\/#website\"},\"primaryImageOfPage\":{\"@id\":\"https:\/\/jornalfatosenoticias.com.br\/index.php\/2020\/02\/28\/cuauhtemoc-ha-495-anos-cortes-assassinava-o-ultimo-imperador-asteca\/#primaryimage\"},\"image\":{\"@id\":\"https:\/\/jornalfatosenoticias.com.br\/index.php\/2020\/02\/28\/cuauhtemoc-ha-495-anos-cortes-assassinava-o-ultimo-imperador-asteca\/#primaryimage\"},\"thumbnailUrl\":\"https:\/\/jornalfatosenoticias.com.br\/wp-content\/uploads\/2020\/02\/morte-do-cauausnfieni.jpg\",\"datePublished\":\"2020-02-28T14:07:20+00:00\",\"dateModified\":\"2020-02-28T14:07:26+00:00\",\"breadcrumb\":{\"@id\":\"https:\/\/jornalfatosenoticias.com.br\/index.php\/2020\/02\/28\/cuauhtemoc-ha-495-anos-cortes-assassinava-o-ultimo-imperador-asteca\/#breadcrumb\"},\"inLanguage\":\"pt-BR\",\"potentialAction\":[{\"@type\":\"ReadAction\",\"target\":[\"https:\/\/jornalfatosenoticias.com.br\/index.php\/2020\/02\/28\/cuauhtemoc-ha-495-anos-cortes-assassinava-o-ultimo-imperador-asteca\/\"]}]},{\"@type\":\"ImageObject\",\"inLanguage\":\"pt-BR\",\"@id\":\"https:\/\/jornalfatosenoticias.com.br\/index.php\/2020\/02\/28\/cuauhtemoc-ha-495-anos-cortes-assassinava-o-ultimo-imperador-asteca\/#primaryimage\",\"url\":\"https:\/\/jornalfatosenoticias.com.br\/wp-content\/uploads\/2020\/02\/morte-do-cauausnfieni.jpg\",\"contentUrl\":\"https:\/\/jornalfatosenoticias.com.br\/wp-content\/uploads\/2020\/02\/morte-do-cauausnfieni.jpg\",\"width\":980,\"height\":551},{\"@type\":\"BreadcrumbList\",\"@id\":\"https:\/\/jornalfatosenoticias.com.br\/index.php\/2020\/02\/28\/cuauhtemoc-ha-495-anos-cortes-assassinava-o-ultimo-imperador-asteca\/#breadcrumb\",\"itemListElement\":[{\"@type\":\"ListItem\",\"position\":1,\"name\":\"In\u00edcio\",\"item\":\"https:\/\/jornalfatosenoticias.com.br\/\"},{\"@type\":\"ListItem\",\"position\":2,\"name\":\"Cuauht\u00e9moc: h\u00e1 495 anos, Cort\u00e9s assassinava o \u00faltimo imperador asteca\"}]},{\"@type\":\"WebSite\",\"@id\":\"https:\/\/jornalfatosenoticias.com.br\/#website\",\"url\":\"https:\/\/jornalfatosenoticias.com.br\/\",\"name\":\"Jornal Fatos e Not\u00edcias\",\"description\":\"Not\u00edcias em geral\",\"publisher\":{\"@id\":\"https:\/\/jornalfatosenoticias.com.br\/#organization\"},\"potentialAction\":[{\"@type\":\"SearchAction\",\"target\":{\"@type\":\"EntryPoint\",\"urlTemplate\":\"https:\/\/jornalfatosenoticias.com.br\/?s={search_term_string}\"},\"query-input\":{\"@type\":\"PropertyValueSpecification\",\"valueRequired\":true,\"valueName\":\"search_term_string\"}}],\"inLanguage\":\"pt-BR\"},{\"@type\":\"Organization\",\"@id\":\"https:\/\/jornalfatosenoticias.com.br\/#organization\",\"name\":\"Jornal Fatos e Not\u00edcias\",\"url\":\"https:\/\/jornalfatosenoticias.com.br\/\",\"logo\":{\"@type\":\"ImageObject\",\"inLanguage\":\"pt-BR\",\"@id\":\"https:\/\/jornalfatosenoticias.com.br\/#\/schema\/logo\/image\/\",\"url\":\"https:\/\/jornalfatosenoticias.com.br\/wp-content\/uploads\/2020\/02\/logo120.png\",\"contentUrl\":\"https:\/\/jornalfatosenoticias.com.br\/wp-content\/uploads\/2020\/02\/logo120.png\",\"width\":1227,\"height\":120,\"caption\":\"Jornal Fatos e Not\u00edcias\"},\"image\":{\"@id\":\"https:\/\/jornalfatosenoticias.com.br\/#\/schema\/logo\/image\/\"}},{\"@type\":\"Person\",\"@id\":\"https:\/\/jornalfatosenoticias.com.br\/#\/schema\/person\/d63837fa13ac8666eb9e74e0985d6f81\",\"name\":\"Luzimara Fernandes\",\"image\":{\"@type\":\"ImageObject\",\"inLanguage\":\"pt-BR\",\"@id\":\"https:\/\/jornalfatosenoticias.com.br\/#\/schema\/person\/image\/\",\"url\":\"https:\/\/jornalfatosenoticias.com.br\/wp-content\/uploads\/2025\/05\/EU_portal.jpg\",\"contentUrl\":\"https:\/\/jornalfatosenoticias.com.br\/wp-content\/uploads\/2025\/05\/EU_portal.jpg\",\"caption\":\"Luzimara Fernandes\"},\"description\":\"Jornalista MTB 2358-ES\",\"sameAs\":[\"https:\/\/jornalfatosenoticias.com.br\"],\"url\":\"https:\/\/jornalfatosenoticias.com.br\/index.php\/author\/luzimara\/\"}]}<\/script>\n<!-- \/ Yoast SEO plugin. -->","yoast_head_json":{"title":"Cuauht\u00e9moc: h\u00e1 495 anos, Cort\u00e9s assassinava o \u00faltimo imperador asteca - Jornal Fatos e Not\u00edcias","robots":{"index":"index","follow":"follow","max-snippet":"max-snippet:-1","max-image-preview":"max-image-preview:large","max-video-preview":"max-video-preview:-1"},"canonical":"https:\/\/jornalfatosenoticias.com.br\/index.php\/2020\/02\/28\/cuauhtemoc-ha-495-anos-cortes-assassinava-o-ultimo-imperador-asteca\/","og_locale":"pt_BR","og_type":"article","og_title":"Cuauht\u00e9moc: h\u00e1 495 anos, Cort\u00e9s assassinava o \u00faltimo imperador asteca - Jornal Fatos e Not\u00edcias","og_description":"Ap\u00f3s a tr\u00e1gica destrui\u00e7\u00e3o de Tenocht\u00edtlan e a execu\u00e7\u00e3o de Moctezuma, o explorador espanhol passou a torturar o seu sobrinho em busca de tesouros ind\u00edgenas Cuauht\u00e9moc foi o \u00faltimo tlatoani asteca a realmente governar e que sofreu os mais duros castigos durante a ocupa\u00e7\u00e3o espanhola no M\u00e9xico. Sobrinho do imperador que recebeu Hern\u00e1n Cort\u00e9s (Moctezuma), [&hellip;]","og_url":"https:\/\/jornalfatosenoticias.com.br\/index.php\/2020\/02\/28\/cuauhtemoc-ha-495-anos-cortes-assassinava-o-ultimo-imperador-asteca\/","og_site_name":"Jornal Fatos e Not\u00edcias","article_published_time":"2020-02-28T14:07:20+00:00","article_modified_time":"2020-02-28T14:07:26+00:00","og_image":[{"width":980,"height":551,"url":"https:\/\/jornalfatosenoticias.com.br\/wp-content\/uploads\/2020\/02\/morte-do-cauausnfieni.jpg","type":"image\/jpeg"}],"author":"Luzimara Fernandes","twitter_card":"summary_large_image","twitter_misc":{"Escrito por":"Luzimara Fernandes","Est. tempo de leitura":"3 minutos"},"schema":{"@context":"https:\/\/schema.org","@graph":[{"@type":"Article","@id":"https:\/\/jornalfatosenoticias.com.br\/index.php\/2020\/02\/28\/cuauhtemoc-ha-495-anos-cortes-assassinava-o-ultimo-imperador-asteca\/#article","isPartOf":{"@id":"https:\/\/jornalfatosenoticias.com.br\/index.php\/2020\/02\/28\/cuauhtemoc-ha-495-anos-cortes-assassinava-o-ultimo-imperador-asteca\/"},"author":{"name":"Luzimara Fernandes","@id":"https:\/\/jornalfatosenoticias.com.br\/#\/schema\/person\/d63837fa13ac8666eb9e74e0985d6f81"},"headline":"Cuauht\u00e9moc: h\u00e1 495 anos, Cort\u00e9s assassinava o \u00faltimo imperador asteca","datePublished":"2020-02-28T14:07:20+00:00","dateModified":"2020-02-28T14:07:26+00:00","mainEntityOfPage":{"@id":"https:\/\/jornalfatosenoticias.com.br\/index.php\/2020\/02\/28\/cuauhtemoc-ha-495-anos-cortes-assassinava-o-ultimo-imperador-asteca\/"},"wordCount":580,"commentCount":0,"publisher":{"@id":"https:\/\/jornalfatosenoticias.com.br\/#organization"},"image":{"@id":"https:\/\/jornalfatosenoticias.com.br\/index.php\/2020\/02\/28\/cuauhtemoc-ha-495-anos-cortes-assassinava-o-ultimo-imperador-asteca\/#primaryimage"},"thumbnailUrl":"https:\/\/jornalfatosenoticias.com.br\/wp-content\/uploads\/2020\/02\/morte-do-cauausnfieni.jpg","keywords":["astecas","Cort\u00e9s","Espanha","imp\u00e9rio","M\u00e9xico"],"articleSection":["Cultura"],"inLanguage":"pt-BR","potentialAction":[{"@type":"CommentAction","name":"Comment","target":["https:\/\/jornalfatosenoticias.com.br\/index.php\/2020\/02\/28\/cuauhtemoc-ha-495-anos-cortes-assassinava-o-ultimo-imperador-asteca\/#respond"]}]},{"@type":"WebPage","@id":"https:\/\/jornalfatosenoticias.com.br\/index.php\/2020\/02\/28\/cuauhtemoc-ha-495-anos-cortes-assassinava-o-ultimo-imperador-asteca\/","url":"https:\/\/jornalfatosenoticias.com.br\/index.php\/2020\/02\/28\/cuauhtemoc-ha-495-anos-cortes-assassinava-o-ultimo-imperador-asteca\/","name":"Cuauht\u00e9moc: h\u00e1 495 anos, Cort\u00e9s assassinava o \u00faltimo imperador asteca - Jornal Fatos e Not\u00edcias","isPartOf":{"@id":"https:\/\/jornalfatosenoticias.com.br\/#website"},"primaryImageOfPage":{"@id":"https:\/\/jornalfatosenoticias.com.br\/index.php\/2020\/02\/28\/cuauhtemoc-ha-495-anos-cortes-assassinava-o-ultimo-imperador-asteca\/#primaryimage"},"image":{"@id":"https:\/\/jornalfatosenoticias.com.br\/index.php\/2020\/02\/28\/cuauhtemoc-ha-495-anos-cortes-assassinava-o-ultimo-imperador-asteca\/#primaryimage"},"thumbnailUrl":"https:\/\/jornalfatosenoticias.com.br\/wp-content\/uploads\/2020\/02\/morte-do-cauausnfieni.jpg","datePublished":"2020-02-28T14:07:20+00:00","dateModified":"2020-02-28T14:07:26+00:00","breadcrumb":{"@id":"https:\/\/jornalfatosenoticias.com.br\/index.php\/2020\/02\/28\/cuauhtemoc-ha-495-anos-cortes-assassinava-o-ultimo-imperador-asteca\/#breadcrumb"},"inLanguage":"pt-BR","potentialAction":[{"@type":"ReadAction","target":["https:\/\/jornalfatosenoticias.com.br\/index.php\/2020\/02\/28\/cuauhtemoc-ha-495-anos-cortes-assassinava-o-ultimo-imperador-asteca\/"]}]},{"@type":"ImageObject","inLanguage":"pt-BR","@id":"https:\/\/jornalfatosenoticias.com.br\/index.php\/2020\/02\/28\/cuauhtemoc-ha-495-anos-cortes-assassinava-o-ultimo-imperador-asteca\/#primaryimage","url":"https:\/\/jornalfatosenoticias.com.br\/wp-content\/uploads\/2020\/02\/morte-do-cauausnfieni.jpg","contentUrl":"https:\/\/jornalfatosenoticias.com.br\/wp-content\/uploads\/2020\/02\/morte-do-cauausnfieni.jpg","width":980,"height":551},{"@type":"BreadcrumbList","@id":"https:\/\/jornalfatosenoticias.com.br\/index.php\/2020\/02\/28\/cuauhtemoc-ha-495-anos-cortes-assassinava-o-ultimo-imperador-asteca\/#breadcrumb","itemListElement":[{"@type":"ListItem","position":1,"name":"In\u00edcio","item":"https:\/\/jornalfatosenoticias.com.br\/"},{"@type":"ListItem","position":2,"name":"Cuauht\u00e9moc: h\u00e1 495 anos, Cort\u00e9s assassinava o \u00faltimo imperador asteca"}]},{"@type":"WebSite","@id":"https:\/\/jornalfatosenoticias.com.br\/#website","url":"https:\/\/jornalfatosenoticias.com.br\/","name":"Jornal Fatos e Not\u00edcias","description":"Not\u00edcias em geral","publisher":{"@id":"https:\/\/jornalfatosenoticias.com.br\/#organization"},"potentialAction":[{"@type":"SearchAction","target":{"@type":"EntryPoint","urlTemplate":"https:\/\/jornalfatosenoticias.com.br\/?s={search_term_string}"},"query-input":{"@type":"PropertyValueSpecification","valueRequired":true,"valueName":"search_term_string"}}],"inLanguage":"pt-BR"},{"@type":"Organization","@id":"https:\/\/jornalfatosenoticias.com.br\/#organization","name":"Jornal Fatos e Not\u00edcias","url":"https:\/\/jornalfatosenoticias.com.br\/","logo":{"@type":"ImageObject","inLanguage":"pt-BR","@id":"https:\/\/jornalfatosenoticias.com.br\/#\/schema\/logo\/image\/","url":"https:\/\/jornalfatosenoticias.com.br\/wp-content\/uploads\/2020\/02\/logo120.png","contentUrl":"https:\/\/jornalfatosenoticias.com.br\/wp-content\/uploads\/2020\/02\/logo120.png","width":1227,"height":120,"caption":"Jornal Fatos e Not\u00edcias"},"image":{"@id":"https:\/\/jornalfatosenoticias.com.br\/#\/schema\/logo\/image\/"}},{"@type":"Person","@id":"https:\/\/jornalfatosenoticias.com.br\/#\/schema\/person\/d63837fa13ac8666eb9e74e0985d6f81","name":"Luzimara Fernandes","image":{"@type":"ImageObject","inLanguage":"pt-BR","@id":"https:\/\/jornalfatosenoticias.com.br\/#\/schema\/person\/image\/","url":"https:\/\/jornalfatosenoticias.com.br\/wp-content\/uploads\/2025\/05\/EU_portal.jpg","contentUrl":"https:\/\/jornalfatosenoticias.com.br\/wp-content\/uploads\/2025\/05\/EU_portal.jpg","caption":"Luzimara Fernandes"},"description":"Jornalista MTB 2358-ES","sameAs":["https:\/\/jornalfatosenoticias.com.br"],"url":"https:\/\/jornalfatosenoticias.com.br\/index.php\/author\/luzimara\/"}]}},"cc_featured_image_caption":{"caption_text":"Cort\u00e9s queima os p\u00e9s de Cuauht\u00e9moc (Foto: Wikimedia Commons)","source_text":"","source_url":""},"jetpack_featured_media_url":"https:\/\/jornalfatosenoticias.com.br\/wp-content\/uploads\/2020\/02\/morte-do-cauausnfieni.jpg","_links":{"self":[{"href":"https:\/\/jornalfatosenoticias.com.br\/index.php\/wp-json\/wp\/v2\/posts\/1535","targetHints":{"allow":["GET"]}}],"collection":[{"href":"https:\/\/jornalfatosenoticias.com.br\/index.php\/wp-json\/wp\/v2\/posts"}],"about":[{"href":"https:\/\/jornalfatosenoticias.com.br\/index.php\/wp-json\/wp\/v2\/types\/post"}],"author":[{"embeddable":true,"href":"https:\/\/jornalfatosenoticias.com.br\/index.php\/wp-json\/wp\/v2\/users\/2"}],"replies":[{"embeddable":true,"href":"https:\/\/jornalfatosenoticias.com.br\/index.php\/wp-json\/wp\/v2\/comments?post=1535"}],"version-history":[{"count":0,"href":"https:\/\/jornalfatosenoticias.com.br\/index.php\/wp-json\/wp\/v2\/posts\/1535\/revisions"}],"wp:featuredmedia":[{"embeddable":true,"href":"https:\/\/jornalfatosenoticias.com.br\/index.php\/wp-json\/wp\/v2\/media\/1537"}],"wp:attachment":[{"href":"https:\/\/jornalfatosenoticias.com.br\/index.php\/wp-json\/wp\/v2\/media?parent=1535"}],"wp:term":[{"taxonomy":"category","embeddable":true,"href":"https:\/\/jornalfatosenoticias.com.br\/index.php\/wp-json\/wp\/v2\/categories?post=1535"},{"taxonomy":"post_tag","embeddable":true,"href":"https:\/\/jornalfatosenoticias.com.br\/index.php\/wp-json\/wp\/v2\/tags?post=1535"}],"curies":[{"name":"wp","href":"https:\/\/api.w.org\/{rel}","templated":true}]}}