{"id":15428,"date":"2021-03-04T17:09:14","date_gmt":"2021-03-04T20:09:14","guid":{"rendered":"https:\/\/jornalfatosenoticias.com.br\/?p=15428"},"modified":"2021-03-04T17:09:19","modified_gmt":"2021-03-04T20:09:19","slug":"maquina-recicla-agua-do-banho-para-lavar-roupas","status":"publish","type":"post","link":"https:\/\/jornalfatosenoticias.com.br\/index.php\/2021\/03\/04\/maquina-recicla-agua-do-banho-para-lavar-roupas\/","title":{"rendered":"M\u00e1quina recicla \u00e1gua do banho para lavar roupas"},"content":{"rendered":"\n<h6 class=\"wp-block-heading\"><em>Desenvolvida para quem disp\u00f5e de pouco espa\u00e7o, m\u00e1quina port\u00e1til foi projetada por dupla de estudantes<\/em><\/h6>\n\n\n\n<p>Dois estudantes da Universidade de Brunel, em Londres, na Inglaterra, desenvolveram uma m\u00e1quina de lavar ecol\u00f3gica. O produto reutiliza a \u00e1gua que cai do chuveiro para lavar roupas. Batizada de Lava Aqua X, a m\u00e1quina port\u00e1til foi pensada para a realidade dos que vivem em alojamentos estudantis e disp\u00f5em de pouco espa\u00e7o. Para a maioria deles, lavar roupa \u00e9 um sacrif\u00edcio. \u00c9 demorado (n\u00e3o h\u00e1 m\u00e1quinas dispon\u00edveis a todo momento), logisticamente complicado (uma vez que \u00e9 preciso transportar a roupa para cima e para baixo nos corredores), al\u00e9m do custo financeiro.<br>\u201cPensei no fato de no meu primeiro ano lavar a maioria das minhas roupas num lavat\u00f3rio. Fiz uma pequena simula\u00e7\u00e3o de uma m\u00e1quina de lavar port\u00e1til, mas me pareceu muito quadrada e feia. Ent\u00e3o pensei \u201cok, quem \u00e9 a melhor pessoa que conhe\u00e7o para marketing e desenho gr\u00e1fico bonitos? Era o Pav. Liguei para ele e o convenci a entrar no projeto, juntos desenvolvemos essa ideia\u201d, explica Joanna Power, uma das idealizadoras do projeto. A dupla \u00e9 formada por ela e pelo estudante Paramveer Bhachu.<br>O foco era criar uma m\u00e1quina pr\u00e1tica, que tornasse a lavagem de roupa mais f\u00e1cil e mais barata. Al\u00e9m de reduzir o gasto de \u00e1gua: em m\u00e9dia, uma \u00fanica pessoa consome 149 litros de \u00e1gua por dia, sendo 12% no banho e 13% na lavanderia. Ali\u00e1s, a dupla descobriu que os alunos passavam quase uma hora e meia por semana no chuveiro, gastando 15 mil litros de \u00e1gua por ano. Reunindo as v\u00e1rias ideias surgiu a Lava Aqua X.<\/p>\n\n\n\n<div class=\"wp-block-jetpack-slideshow aligncenter\" data-effect=\"slide\"><div class=\"wp-block-jetpack-slideshow_container swiper-container\"><ul class=\"wp-block-jetpack-slideshow_swiper-wrapper swiper-wrapper\"><li class=\"wp-block-jetpack-slideshow_slide swiper-slide\"><figure><img loading=\"lazy\" decoding=\"async\" width=\"1000\" height=\"666\" alt=\"\" class=\"wp-block-jetpack-slideshow_image wp-image-15429\" data-id=\"15429\" src=\"https:\/\/jornalfatosenoticias.com.br\/wp-content\/uploads\/2021\/03\/LavaAquaX-2.jpg\" srcset=\"https:\/\/jornalfatosenoticias.com.br\/wp-content\/uploads\/2021\/03\/LavaAquaX-2.jpg 1000w, https:\/\/jornalfatosenoticias.com.br\/wp-content\/uploads\/2021\/03\/LavaAquaX-2-300x200.jpg 300w, https:\/\/jornalfatosenoticias.com.br\/wp-content\/uploads\/2021\/03\/LavaAquaX-2-768x511.jpg 768w\" sizes=\"auto, (max-width: 1000px) 100vw, 1000px\" \/><figcaption class=\"wp-block-jetpack-slideshow_caption gallery-caption\">(Fotos: Divulga\u00e7\u00e3o) <\/figcaption><\/figure><\/li><li class=\"wp-block-jetpack-slideshow_slide swiper-slide\"><figure><img loading=\"lazy\" decoding=\"async\" width=\"1000\" height=\"666\" alt=\"\" class=\"wp-block-jetpack-slideshow_image wp-image-15430\" data-id=\"15430\" src=\"https:\/\/jornalfatosenoticias.com.br\/wp-content\/uploads\/2021\/03\/LavaAquaX-3.jpg\" srcset=\"https:\/\/jornalfatosenoticias.com.br\/wp-content\/uploads\/2021\/03\/LavaAquaX-3.jpg 1000w, https:\/\/jornalfatosenoticias.com.br\/wp-content\/uploads\/2021\/03\/LavaAquaX-3-300x200.jpg 300w, https:\/\/jornalfatosenoticias.com.br\/wp-content\/uploads\/2021\/03\/LavaAquaX-3-768x511.jpg 768w\" sizes=\"auto, (max-width: 1000px) 100vw, 1000px\" \/><\/figure><\/li><li class=\"wp-block-jetpack-slideshow_slide swiper-slide\"><figure><img loading=\"lazy\" decoding=\"async\" width=\"1000\" height=\"666\" alt=\"\" class=\"wp-block-jetpack-slideshow_image wp-image-15431\" data-id=\"15431\" src=\"https:\/\/jornalfatosenoticias.com.br\/wp-content\/uploads\/2021\/03\/LavaAquaX-4.jpg\" srcset=\"https:\/\/jornalfatosenoticias.com.br\/wp-content\/uploads\/2021\/03\/LavaAquaX-4.jpg 1000w, https:\/\/jornalfatosenoticias.com.br\/wp-content\/uploads\/2021\/03\/LavaAquaX-4-300x200.jpg 300w, https:\/\/jornalfatosenoticias.com.br\/wp-content\/uploads\/2021\/03\/LavaAquaX-4-768x511.jpg 768w\" sizes=\"auto, (max-width: 1000px) 100vw, 1000px\" \/><\/figure><\/li><\/ul><a class=\"wp-block-jetpack-slideshow_button-prev swiper-button-prev swiper-button-white\" role=\"button\"><\/a><a class=\"wp-block-jetpack-slideshow_button-next swiper-button-next swiper-button-white\" role=\"button\"><\/a><a aria-label=\"Pause Slideshow\" class=\"wp-block-jetpack-slideshow_button-pause\" role=\"button\"><\/a><div class=\"wp-block-jetpack-slideshow_pagination swiper-pagination swiper-pagination-white\"><\/div><\/div><\/div>\n\n\n\n<p>\u201cUma coisa fundamental para o design do produto \u00e9 que voc\u00ea pode ter uma ideia brilhante que resolve um problema, poupa energia ou \u00e1gua, mas se custar mais do que uma solu\u00e7\u00e3o comum, ningu\u00e9m vai comprar. Criamos um produto que n\u00e3o s\u00f3 faz bem ao planeta, mas \u00e9 uma alternativa mais barata e melhor\u201d, garante Paramveer.<\/p>\n\n\n\n<h4 class=\"wp-block-heading\">Como funciona<\/h4>\n\n\n\n<p>A \u00e1gua \u00e9 coletada no tanque remov\u00edvel da m\u00e1quina, que pode ser colocado abaixo do chuveiro como um tapete. Ap\u00f3s terminar o banho, basta recolocar o tanque na base. A m\u00e1quina filtra a \u00e1gua e a usa para lavar as roupas. \u201cSe todos os alunos de Londres usassem nossa m\u00e1quina de lavar, economizar\u00edamos \u00e1gua suficiente para encher 700 piscinas ol\u00edmpicas por ano\u201d, estima a dupla.<\/p>\n\n\n\n<figure class=\"wp-block-image size-large\"><img loading=\"lazy\" decoding=\"async\" width=\"1000\" height=\"707\" src=\"https:\/\/jornalfatosenoticias.com.br\/wp-content\/uploads\/2021\/03\/LavaAquaX-5.jpg\" alt=\"\" class=\"wp-image-15432\" srcset=\"https:\/\/jornalfatosenoticias.com.br\/wp-content\/uploads\/2021\/03\/LavaAquaX-5.jpg 1000w, https:\/\/jornalfatosenoticias.com.br\/wp-content\/uploads\/2021\/03\/LavaAquaX-5-300x212.jpg 300w, https:\/\/jornalfatosenoticias.com.br\/wp-content\/uploads\/2021\/03\/LavaAquaX-5-768x543.jpg 768w\" sizes=\"auto, (max-width: 1000px) 100vw, 1000px\" \/><\/figure>\n\n\n\n<figure class=\"wp-block-image size-large\"><img loading=\"lazy\" decoding=\"async\" width=\"1000\" height=\"707\" src=\"https:\/\/jornalfatosenoticias.com.br\/wp-content\/uploads\/2021\/03\/LavaAquaX-6.jpg\" alt=\"\" class=\"wp-image-15433\" srcset=\"https:\/\/jornalfatosenoticias.com.br\/wp-content\/uploads\/2021\/03\/LavaAquaX-6.jpg 1000w, https:\/\/jornalfatosenoticias.com.br\/wp-content\/uploads\/2021\/03\/LavaAquaX-6-300x212.jpg 300w, https:\/\/jornalfatosenoticias.com.br\/wp-content\/uploads\/2021\/03\/LavaAquaX-6-768x543.jpg 768w\" sizes=\"auto, (max-width: 1000px) 100vw, 1000px\" \/><figcaption><em>(Fotos: Divulga\u00e7\u00e3o)<\/em><\/figcaption><\/figure>\n\n\n\n<p>A Lava Aqua X \u00e9 capaz de lavar at\u00e9 2,5 kg de roupa em 12 minutos. A rapidez \u00e9 gra\u00e7as ao tambor esf\u00e9rico \u2014 mais eficiente do que o cil\u00edndrico, habitualmente usado pela ind\u00fastria. Entretanto, a m\u00e1quina funciona apenas com pequenas cargas de roupa e \u00e1gua deve ser trocada a cada lavagem. J\u00e1 o filtro de carbono dura 25 lavagens.<br>A m\u00e1quina ecol\u00f3gica venceu um concurso internacional da Red Bull Basement \u2014 onde concorreram estudantes de v\u00e1rias partes do mundo. E a dupla tem o desejo de lan\u00e7ar o produto no mercado. \u201cNosso sonho \u00e9 conseguir dinheiro para investir\u201d, diz Joanna. \u201cNeste momento, estamos na fase de est\u00e1gio em que precisamos de fundos para montar o prot\u00f3tipo, depois terminar o projeto para fabrica\u00e7\u00e3o e fazer o lote. Ter sucesso seria conseguir fundos para tudo isso\u201d, finaliza.<\/p>\n\n\n\n<div class=\"wp-block-jetpack-slideshow aligncenter\" data-effect=\"slide\"><div class=\"wp-block-jetpack-slideshow_container swiper-container\"><ul class=\"wp-block-jetpack-slideshow_swiper-wrapper swiper-wrapper\"><li class=\"wp-block-jetpack-slideshow_slide swiper-slide\"><figure><img loading=\"lazy\" decoding=\"async\" width=\"1000\" height=\"665\" alt=\"\" class=\"wp-block-jetpack-slideshow_image wp-image-15434\" data-id=\"15434\" src=\"https:\/\/jornalfatosenoticias.com.br\/wp-content\/uploads\/2021\/03\/LavaAquaX-7.jpg\" srcset=\"https:\/\/jornalfatosenoticias.com.br\/wp-content\/uploads\/2021\/03\/LavaAquaX-7.jpg 1000w, https:\/\/jornalfatosenoticias.com.br\/wp-content\/uploads\/2021\/03\/LavaAquaX-7-300x200.jpg 300w, https:\/\/jornalfatosenoticias.com.br\/wp-content\/uploads\/2021\/03\/LavaAquaX-7-768x511.jpg 768w\" sizes=\"auto, (max-width: 1000px) 100vw, 1000px\" \/><figcaption class=\"wp-block-jetpack-slideshow_caption gallery-caption\">(Fotos: Divulga\u00e7\u00e3o) <\/figcaption><\/figure><\/li><li class=\"wp-block-jetpack-slideshow_slide swiper-slide\"><figure><img loading=\"lazy\" decoding=\"async\" width=\"1000\" height=\"586\" alt=\"\" class=\"wp-block-jetpack-slideshow_image wp-image-15435\" data-id=\"15435\" src=\"https:\/\/jornalfatosenoticias.com.br\/wp-content\/uploads\/2021\/03\/LavaAquaX-8.jpg\" srcset=\"https:\/\/jornalfatosenoticias.com.br\/wp-content\/uploads\/2021\/03\/LavaAquaX-8.jpg 1000w, https:\/\/jornalfatosenoticias.com.br\/wp-content\/uploads\/2021\/03\/LavaAquaX-8-300x176.jpg 300w, https:\/\/jornalfatosenoticias.com.br\/wp-content\/uploads\/2021\/03\/LavaAquaX-8-768x450.jpg 768w\" sizes=\"auto, (max-width: 1000px) 100vw, 1000px\" \/><\/figure><\/li><\/ul><a class=\"wp-block-jetpack-slideshow_button-prev swiper-button-prev swiper-button-white\" role=\"button\"><\/a><a class=\"wp-block-jetpack-slideshow_button-next swiper-button-next swiper-button-white\" role=\"button\"><\/a><a aria-label=\"Pause Slideshow\" class=\"wp-block-jetpack-slideshow_button-pause\" role=\"button\"><\/a><div class=\"wp-block-jetpack-slideshow_pagination swiper-pagination swiper-pagination-white\"><\/div><\/div><\/div>\n\n\n\n<p><strong><em>Fonte: <a href=\"https:\/\/ciclovivo.com.br\/inovacao\/tecnologia\/maquina-recicla-agua-do-banho-lavar-roupas\/#:~:text=Dois%20estudantes%20da%20Universidade%20de,do%20chuveiro%20para%20lavar%20roupas.&amp;text=Para%20a%20maioria%20deles%2C%20lavar%20roupa%20%C3%A9%20um%20sacrif%C3%ADcio.\">CicloVivo<\/a><\/em><\/strong><\/p>\n","protected":false},"excerpt":{"rendered":"<p>Desenvolvida para quem disp\u00f5e de pouco espa\u00e7o, m\u00e1quina port\u00e1til foi projetada por dupla de estudantes Dois estudantes da Universidade de Brunel, em Londres, na Inglaterra, desenvolveram uma m\u00e1quina de lavar ecol\u00f3gica. O produto reutiliza a \u00e1gua que cai do chuveiro para lavar roupas. Batizada de Lava Aqua X, a m\u00e1quina port\u00e1til foi pensada para a [&hellip;]<\/p>\n","protected":false},"author":2,"featured_media":15436,"comment_status":"open","ping_status":"open","sticky":false,"template":"","format":"standard","meta":{"footnotes":""},"categories":[3],"tags":[7844,7843,7842,7845,2851],"class_list":["post-15428","post","type-post","status-publish","format-standard","has-post-thumbnail","hentry","category-tecnologia","tag-banho","tag-lava-roupas","tag-maquina-recicla-agua","tag-reaproveitamento-de-agua","tag-reciclagem"],"yoast_head":"<!-- This site is optimized with the Yoast SEO plugin v26.5 - https:\/\/yoast.com\/wordpress\/plugins\/seo\/ -->\n<title>M\u00e1quina recicla \u00e1gua do banho para lavar roupas - Jornal Fatos e Not\u00edcias<\/title>\n<meta name=\"robots\" content=\"index, follow, max-snippet:-1, max-image-preview:large, max-video-preview:-1\" \/>\n<link rel=\"canonical\" href=\"https:\/\/jornalfatosenoticias.com.br\/index.php\/2021\/03\/04\/maquina-recicla-agua-do-banho-para-lavar-roupas\/\" \/>\n<meta property=\"og:locale\" content=\"pt_BR\" \/>\n<meta property=\"og:type\" content=\"article\" \/>\n<meta property=\"og:title\" content=\"M\u00e1quina recicla \u00e1gua do banho para lavar roupas - Jornal Fatos e Not\u00edcias\" \/>\n<meta property=\"og:description\" content=\"Desenvolvida para quem disp\u00f5e de pouco espa\u00e7o, m\u00e1quina port\u00e1til foi projetada por dupla de estudantes Dois estudantes da Universidade de Brunel, em Londres, na Inglaterra, desenvolveram uma m\u00e1quina de lavar ecol\u00f3gica. O produto reutiliza a \u00e1gua que cai do chuveiro para lavar roupas. Batizada de Lava Aqua X, a m\u00e1quina port\u00e1til foi pensada para a [&hellip;]\" \/>\n<meta property=\"og:url\" content=\"https:\/\/jornalfatosenoticias.com.br\/index.php\/2021\/03\/04\/maquina-recicla-agua-do-banho-para-lavar-roupas\/\" \/>\n<meta property=\"og:site_name\" content=\"Jornal Fatos e Not\u00edcias\" \/>\n<meta property=\"article:published_time\" content=\"2021-03-04T20:09:14+00:00\" \/>\n<meta property=\"article:modified_time\" content=\"2021-03-04T20:09:19+00:00\" \/>\n<meta property=\"og:image\" content=\"https:\/\/jornalfatosenoticias.com.br\/wp-content\/uploads\/2021\/03\/LavaAquaX-maquina-recicla-agua.jpg\" \/>\n\t<meta property=\"og:image:width\" content=\"1000\" \/>\n\t<meta property=\"og:image:height\" content=\"561\" \/>\n\t<meta property=\"og:image:type\" content=\"image\/jpeg\" \/>\n<meta name=\"author\" content=\"Luzimara Fernandes\" \/>\n<meta name=\"twitter:card\" content=\"summary_large_image\" \/>\n<meta name=\"twitter:label1\" content=\"Escrito por\" \/>\n\t<meta name=\"twitter:data1\" content=\"Luzimara Fernandes\" \/>\n\t<meta name=\"twitter:label2\" content=\"Est. tempo de leitura\" \/>\n\t<meta name=\"twitter:data2\" content=\"3 minutos\" \/>\n<script type=\"application\/ld+json\" class=\"yoast-schema-graph\">{\"@context\":\"https:\/\/schema.org\",\"@graph\":[{\"@type\":\"Article\",\"@id\":\"https:\/\/jornalfatosenoticias.com.br\/index.php\/2021\/03\/04\/maquina-recicla-agua-do-banho-para-lavar-roupas\/#article\",\"isPartOf\":{\"@id\":\"https:\/\/jornalfatosenoticias.com.br\/index.php\/2021\/03\/04\/maquina-recicla-agua-do-banho-para-lavar-roupas\/\"},\"author\":{\"name\":\"Luzimara Fernandes\",\"@id\":\"https:\/\/jornalfatosenoticias.com.br\/#\/schema\/person\/d63837fa13ac8666eb9e74e0985d6f81\"},\"headline\":\"M\u00e1quina recicla \u00e1gua do banho para lavar roupas\",\"datePublished\":\"2021-03-04T20:09:14+00:00\",\"dateModified\":\"2021-03-04T20:09:19+00:00\",\"mainEntityOfPage\":{\"@id\":\"https:\/\/jornalfatosenoticias.com.br\/index.php\/2021\/03\/04\/maquina-recicla-agua-do-banho-para-lavar-roupas\/\"},\"wordCount\":579,\"commentCount\":0,\"publisher\":{\"@id\":\"https:\/\/jornalfatosenoticias.com.br\/#organization\"},\"image\":{\"@id\":\"https:\/\/jornalfatosenoticias.com.br\/index.php\/2021\/03\/04\/maquina-recicla-agua-do-banho-para-lavar-roupas\/#primaryimage\"},\"thumbnailUrl\":\"https:\/\/jornalfatosenoticias.com.br\/wp-content\/uploads\/2021\/03\/LavaAquaX-maquina-recicla-agua.jpg\",\"keywords\":[\"banho\",\"lava roupas\",\"m\u00e1quina recicla \u00e1gua\",\"reaproveitamento de \u00e1gua\",\"reciclagem\"],\"articleSection\":[\"Tecnologia &amp; Inova\u00e7\u00e3o\"],\"inLanguage\":\"pt-BR\",\"potentialAction\":[{\"@type\":\"CommentAction\",\"name\":\"Comment\",\"target\":[\"https:\/\/jornalfatosenoticias.com.br\/index.php\/2021\/03\/04\/maquina-recicla-agua-do-banho-para-lavar-roupas\/#respond\"]}]},{\"@type\":\"WebPage\",\"@id\":\"https:\/\/jornalfatosenoticias.com.br\/index.php\/2021\/03\/04\/maquina-recicla-agua-do-banho-para-lavar-roupas\/\",\"url\":\"https:\/\/jornalfatosenoticias.com.br\/index.php\/2021\/03\/04\/maquina-recicla-agua-do-banho-para-lavar-roupas\/\",\"name\":\"M\u00e1quina recicla \u00e1gua do banho para lavar roupas - Jornal Fatos e Not\u00edcias\",\"isPartOf\":{\"@id\":\"https:\/\/jornalfatosenoticias.com.br\/#website\"},\"primaryImageOfPage\":{\"@id\":\"https:\/\/jornalfatosenoticias.com.br\/index.php\/2021\/03\/04\/maquina-recicla-agua-do-banho-para-lavar-roupas\/#primaryimage\"},\"image\":{\"@id\":\"https:\/\/jornalfatosenoticias.com.br\/index.php\/2021\/03\/04\/maquina-recicla-agua-do-banho-para-lavar-roupas\/#primaryimage\"},\"thumbnailUrl\":\"https:\/\/jornalfatosenoticias.com.br\/wp-content\/uploads\/2021\/03\/LavaAquaX-maquina-recicla-agua.jpg\",\"datePublished\":\"2021-03-04T20:09:14+00:00\",\"dateModified\":\"2021-03-04T20:09:19+00:00\",\"breadcrumb\":{\"@id\":\"https:\/\/jornalfatosenoticias.com.br\/index.php\/2021\/03\/04\/maquina-recicla-agua-do-banho-para-lavar-roupas\/#breadcrumb\"},\"inLanguage\":\"pt-BR\",\"potentialAction\":[{\"@type\":\"ReadAction\",\"target\":[\"https:\/\/jornalfatosenoticias.com.br\/index.php\/2021\/03\/04\/maquina-recicla-agua-do-banho-para-lavar-roupas\/\"]}]},{\"@type\":\"ImageObject\",\"inLanguage\":\"pt-BR\",\"@id\":\"https:\/\/jornalfatosenoticias.com.br\/index.php\/2021\/03\/04\/maquina-recicla-agua-do-banho-para-lavar-roupas\/#primaryimage\",\"url\":\"https:\/\/jornalfatosenoticias.com.br\/wp-content\/uploads\/2021\/03\/LavaAquaX-maquina-recicla-agua.jpg\",\"contentUrl\":\"https:\/\/jornalfatosenoticias.com.br\/wp-content\/uploads\/2021\/03\/LavaAquaX-maquina-recicla-agua.jpg\",\"width\":1000,\"height\":561},{\"@type\":\"BreadcrumbList\",\"@id\":\"https:\/\/jornalfatosenoticias.com.br\/index.php\/2021\/03\/04\/maquina-recicla-agua-do-banho-para-lavar-roupas\/#breadcrumb\",\"itemListElement\":[{\"@type\":\"ListItem\",\"position\":1,\"name\":\"In\u00edcio\",\"item\":\"https:\/\/jornalfatosenoticias.com.br\/\"},{\"@type\":\"ListItem\",\"position\":2,\"name\":\"M\u00e1quina recicla \u00e1gua do banho para lavar roupas\"}]},{\"@type\":\"WebSite\",\"@id\":\"https:\/\/jornalfatosenoticias.com.br\/#website\",\"url\":\"https:\/\/jornalfatosenoticias.com.br\/\",\"name\":\"Jornal Fatos e Not\u00edcias\",\"description\":\"Not\u00edcias em geral\",\"publisher\":{\"@id\":\"https:\/\/jornalfatosenoticias.com.br\/#organization\"},\"potentialAction\":[{\"@type\":\"SearchAction\",\"target\":{\"@type\":\"EntryPoint\",\"urlTemplate\":\"https:\/\/jornalfatosenoticias.com.br\/?s={search_term_string}\"},\"query-input\":{\"@type\":\"PropertyValueSpecification\",\"valueRequired\":true,\"valueName\":\"search_term_string\"}}],\"inLanguage\":\"pt-BR\"},{\"@type\":\"Organization\",\"@id\":\"https:\/\/jornalfatosenoticias.com.br\/#organization\",\"name\":\"Jornal Fatos e Not\u00edcias\",\"url\":\"https:\/\/jornalfatosenoticias.com.br\/\",\"logo\":{\"@type\":\"ImageObject\",\"inLanguage\":\"pt-BR\",\"@id\":\"https:\/\/jornalfatosenoticias.com.br\/#\/schema\/logo\/image\/\",\"url\":\"https:\/\/jornalfatosenoticias.com.br\/wp-content\/uploads\/2020\/02\/logo120.png\",\"contentUrl\":\"https:\/\/jornalfatosenoticias.com.br\/wp-content\/uploads\/2020\/02\/logo120.png\",\"width\":1227,\"height\":120,\"caption\":\"Jornal Fatos e Not\u00edcias\"},\"image\":{\"@id\":\"https:\/\/jornalfatosenoticias.com.br\/#\/schema\/logo\/image\/\"}},{\"@type\":\"Person\",\"@id\":\"https:\/\/jornalfatosenoticias.com.br\/#\/schema\/person\/d63837fa13ac8666eb9e74e0985d6f81\",\"name\":\"Luzimara Fernandes\",\"image\":{\"@type\":\"ImageObject\",\"inLanguage\":\"pt-BR\",\"@id\":\"https:\/\/jornalfatosenoticias.com.br\/#\/schema\/person\/image\/\",\"url\":\"https:\/\/jornalfatosenoticias.com.br\/wp-content\/uploads\/2025\/05\/EU_portal.jpg\",\"contentUrl\":\"https:\/\/jornalfatosenoticias.com.br\/wp-content\/uploads\/2025\/05\/EU_portal.jpg\",\"caption\":\"Luzimara Fernandes\"},\"description\":\"Jornalista MTB 2358-ES\",\"sameAs\":[\"https:\/\/jornalfatosenoticias.com.br\"],\"url\":\"https:\/\/jornalfatosenoticias.com.br\/index.php\/author\/luzimara\/\"}]}<\/script>\n<!-- \/ Yoast SEO plugin. -->","yoast_head_json":{"title":"M\u00e1quina recicla \u00e1gua do banho para lavar roupas - Jornal Fatos e Not\u00edcias","robots":{"index":"index","follow":"follow","max-snippet":"max-snippet:-1","max-image-preview":"max-image-preview:large","max-video-preview":"max-video-preview:-1"},"canonical":"https:\/\/jornalfatosenoticias.com.br\/index.php\/2021\/03\/04\/maquina-recicla-agua-do-banho-para-lavar-roupas\/","og_locale":"pt_BR","og_type":"article","og_title":"M\u00e1quina recicla \u00e1gua do banho para lavar roupas - Jornal Fatos e Not\u00edcias","og_description":"Desenvolvida para quem disp\u00f5e de pouco espa\u00e7o, m\u00e1quina port\u00e1til foi projetada por dupla de estudantes Dois estudantes da Universidade de Brunel, em Londres, na Inglaterra, desenvolveram uma m\u00e1quina de lavar ecol\u00f3gica. O produto reutiliza a \u00e1gua que cai do chuveiro para lavar roupas. Batizada de Lava Aqua X, a m\u00e1quina port\u00e1til foi pensada para a [&hellip;]","og_url":"https:\/\/jornalfatosenoticias.com.br\/index.php\/2021\/03\/04\/maquina-recicla-agua-do-banho-para-lavar-roupas\/","og_site_name":"Jornal Fatos e Not\u00edcias","article_published_time":"2021-03-04T20:09:14+00:00","article_modified_time":"2021-03-04T20:09:19+00:00","og_image":[{"width":1000,"height":561,"url":"https:\/\/jornalfatosenoticias.com.br\/wp-content\/uploads\/2021\/03\/LavaAquaX-maquina-recicla-agua.jpg","type":"image\/jpeg"}],"author":"Luzimara Fernandes","twitter_card":"summary_large_image","twitter_misc":{"Escrito por":"Luzimara Fernandes","Est. tempo de leitura":"3 minutos"},"schema":{"@context":"https:\/\/schema.org","@graph":[{"@type":"Article","@id":"https:\/\/jornalfatosenoticias.com.br\/index.php\/2021\/03\/04\/maquina-recicla-agua-do-banho-para-lavar-roupas\/#article","isPartOf":{"@id":"https:\/\/jornalfatosenoticias.com.br\/index.php\/2021\/03\/04\/maquina-recicla-agua-do-banho-para-lavar-roupas\/"},"author":{"name":"Luzimara Fernandes","@id":"https:\/\/jornalfatosenoticias.com.br\/#\/schema\/person\/d63837fa13ac8666eb9e74e0985d6f81"},"headline":"M\u00e1quina recicla \u00e1gua do banho para lavar roupas","datePublished":"2021-03-04T20:09:14+00:00","dateModified":"2021-03-04T20:09:19+00:00","mainEntityOfPage":{"@id":"https:\/\/jornalfatosenoticias.com.br\/index.php\/2021\/03\/04\/maquina-recicla-agua-do-banho-para-lavar-roupas\/"},"wordCount":579,"commentCount":0,"publisher":{"@id":"https:\/\/jornalfatosenoticias.com.br\/#organization"},"image":{"@id":"https:\/\/jornalfatosenoticias.com.br\/index.php\/2021\/03\/04\/maquina-recicla-agua-do-banho-para-lavar-roupas\/#primaryimage"},"thumbnailUrl":"https:\/\/jornalfatosenoticias.com.br\/wp-content\/uploads\/2021\/03\/LavaAquaX-maquina-recicla-agua.jpg","keywords":["banho","lava roupas","m\u00e1quina recicla \u00e1gua","reaproveitamento de \u00e1gua","reciclagem"],"articleSection":["Tecnologia &amp; Inova\u00e7\u00e3o"],"inLanguage":"pt-BR","potentialAction":[{"@type":"CommentAction","name":"Comment","target":["https:\/\/jornalfatosenoticias.com.br\/index.php\/2021\/03\/04\/maquina-recicla-agua-do-banho-para-lavar-roupas\/#respond"]}]},{"@type":"WebPage","@id":"https:\/\/jornalfatosenoticias.com.br\/index.php\/2021\/03\/04\/maquina-recicla-agua-do-banho-para-lavar-roupas\/","url":"https:\/\/jornalfatosenoticias.com.br\/index.php\/2021\/03\/04\/maquina-recicla-agua-do-banho-para-lavar-roupas\/","name":"M\u00e1quina recicla \u00e1gua do banho para lavar roupas - Jornal Fatos e Not\u00edcias","isPartOf":{"@id":"https:\/\/jornalfatosenoticias.com.br\/#website"},"primaryImageOfPage":{"@id":"https:\/\/jornalfatosenoticias.com.br\/index.php\/2021\/03\/04\/maquina-recicla-agua-do-banho-para-lavar-roupas\/#primaryimage"},"image":{"@id":"https:\/\/jornalfatosenoticias.com.br\/index.php\/2021\/03\/04\/maquina-recicla-agua-do-banho-para-lavar-roupas\/#primaryimage"},"thumbnailUrl":"https:\/\/jornalfatosenoticias.com.br\/wp-content\/uploads\/2021\/03\/LavaAquaX-maquina-recicla-agua.jpg","datePublished":"2021-03-04T20:09:14+00:00","dateModified":"2021-03-04T20:09:19+00:00","breadcrumb":{"@id":"https:\/\/jornalfatosenoticias.com.br\/index.php\/2021\/03\/04\/maquina-recicla-agua-do-banho-para-lavar-roupas\/#breadcrumb"},"inLanguage":"pt-BR","potentialAction":[{"@type":"ReadAction","target":["https:\/\/jornalfatosenoticias.com.br\/index.php\/2021\/03\/04\/maquina-recicla-agua-do-banho-para-lavar-roupas\/"]}]},{"@type":"ImageObject","inLanguage":"pt-BR","@id":"https:\/\/jornalfatosenoticias.com.br\/index.php\/2021\/03\/04\/maquina-recicla-agua-do-banho-para-lavar-roupas\/#primaryimage","url":"https:\/\/jornalfatosenoticias.com.br\/wp-content\/uploads\/2021\/03\/LavaAquaX-maquina-recicla-agua.jpg","contentUrl":"https:\/\/jornalfatosenoticias.com.br\/wp-content\/uploads\/2021\/03\/LavaAquaX-maquina-recicla-agua.jpg","width":1000,"height":561},{"@type":"BreadcrumbList","@id":"https:\/\/jornalfatosenoticias.com.br\/index.php\/2021\/03\/04\/maquina-recicla-agua-do-banho-para-lavar-roupas\/#breadcrumb","itemListElement":[{"@type":"ListItem","position":1,"name":"In\u00edcio","item":"https:\/\/jornalfatosenoticias.com.br\/"},{"@type":"ListItem","position":2,"name":"M\u00e1quina recicla \u00e1gua do banho para lavar roupas"}]},{"@type":"WebSite","@id":"https:\/\/jornalfatosenoticias.com.br\/#website","url":"https:\/\/jornalfatosenoticias.com.br\/","name":"Jornal Fatos e Not\u00edcias","description":"Not\u00edcias em geral","publisher":{"@id":"https:\/\/jornalfatosenoticias.com.br\/#organization"},"potentialAction":[{"@type":"SearchAction","target":{"@type":"EntryPoint","urlTemplate":"https:\/\/jornalfatosenoticias.com.br\/?s={search_term_string}"},"query-input":{"@type":"PropertyValueSpecification","valueRequired":true,"valueName":"search_term_string"}}],"inLanguage":"pt-BR"},{"@type":"Organization","@id":"https:\/\/jornalfatosenoticias.com.br\/#organization","name":"Jornal Fatos e Not\u00edcias","url":"https:\/\/jornalfatosenoticias.com.br\/","logo":{"@type":"ImageObject","inLanguage":"pt-BR","@id":"https:\/\/jornalfatosenoticias.com.br\/#\/schema\/logo\/image\/","url":"https:\/\/jornalfatosenoticias.com.br\/wp-content\/uploads\/2020\/02\/logo120.png","contentUrl":"https:\/\/jornalfatosenoticias.com.br\/wp-content\/uploads\/2020\/02\/logo120.png","width":1227,"height":120,"caption":"Jornal Fatos e Not\u00edcias"},"image":{"@id":"https:\/\/jornalfatosenoticias.com.br\/#\/schema\/logo\/image\/"}},{"@type":"Person","@id":"https:\/\/jornalfatosenoticias.com.br\/#\/schema\/person\/d63837fa13ac8666eb9e74e0985d6f81","name":"Luzimara Fernandes","image":{"@type":"ImageObject","inLanguage":"pt-BR","@id":"https:\/\/jornalfatosenoticias.com.br\/#\/schema\/person\/image\/","url":"https:\/\/jornalfatosenoticias.com.br\/wp-content\/uploads\/2025\/05\/EU_portal.jpg","contentUrl":"https:\/\/jornalfatosenoticias.com.br\/wp-content\/uploads\/2025\/05\/EU_portal.jpg","caption":"Luzimara Fernandes"},"description":"Jornalista MTB 2358-ES","sameAs":["https:\/\/jornalfatosenoticias.com.br"],"url":"https:\/\/jornalfatosenoticias.com.br\/index.php\/author\/luzimara\/"}]}},"cc_featured_image_caption":{"caption_text":"(Foto: Divulga\u00e7\u00e3o) ","source_text":"","source_url":""},"jetpack_featured_media_url":"https:\/\/jornalfatosenoticias.com.br\/wp-content\/uploads\/2021\/03\/LavaAquaX-maquina-recicla-agua.jpg","_links":{"self":[{"href":"https:\/\/jornalfatosenoticias.com.br\/index.php\/wp-json\/wp\/v2\/posts\/15428","targetHints":{"allow":["GET"]}}],"collection":[{"href":"https:\/\/jornalfatosenoticias.com.br\/index.php\/wp-json\/wp\/v2\/posts"}],"about":[{"href":"https:\/\/jornalfatosenoticias.com.br\/index.php\/wp-json\/wp\/v2\/types\/post"}],"author":[{"embeddable":true,"href":"https:\/\/jornalfatosenoticias.com.br\/index.php\/wp-json\/wp\/v2\/users\/2"}],"replies":[{"embeddable":true,"href":"https:\/\/jornalfatosenoticias.com.br\/index.php\/wp-json\/wp\/v2\/comments?post=15428"}],"version-history":[{"count":0,"href":"https:\/\/jornalfatosenoticias.com.br\/index.php\/wp-json\/wp\/v2\/posts\/15428\/revisions"}],"wp:featuredmedia":[{"embeddable":true,"href":"https:\/\/jornalfatosenoticias.com.br\/index.php\/wp-json\/wp\/v2\/media\/15436"}],"wp:attachment":[{"href":"https:\/\/jornalfatosenoticias.com.br\/index.php\/wp-json\/wp\/v2\/media?parent=15428"}],"wp:term":[{"taxonomy":"category","embeddable":true,"href":"https:\/\/jornalfatosenoticias.com.br\/index.php\/wp-json\/wp\/v2\/categories?post=15428"},{"taxonomy":"post_tag","embeddable":true,"href":"https:\/\/jornalfatosenoticias.com.br\/index.php\/wp-json\/wp\/v2\/tags?post=15428"}],"curies":[{"name":"wp","href":"https:\/\/api.w.org\/{rel}","templated":true}]}}