{"id":15487,"date":"2021-03-05T17:02:35","date_gmt":"2021-03-05T20:02:35","guid":{"rendered":"https:\/\/jornalfatosenoticias.com.br\/?p=15487"},"modified":"2021-03-05T17:02:40","modified_gmt":"2021-03-05T20:02:40","slug":"estudo-relaciona-mudancas-climaticas-a-partos-prematuros-na-amazonia","status":"publish","type":"post","link":"https:\/\/jornalfatosenoticias.com.br\/index.php\/2021\/03\/05\/estudo-relaciona-mudancas-climaticas-a-partos-prematuros-na-amazonia\/","title":{"rendered":"Estudo relaciona mudan\u00e7as clim\u00e1ticas a partos prematuros na Amaz\u00f4nia"},"content":{"rendered":"\n<h6 class=\"wp-block-heading\"><em>Argumento \u00e9 que per\u00edodos de seca e enchentes podem privar m\u00e3es de uma alimenta\u00e7\u00e3o adequada e causar quadros de estresse, atingindo diretamente a gravidez<\/em><\/h6>\n\n\n\n<p>Nas \u00faltimas semanas, o estado do Acre tem sido atingido por uma s\u00e9rie de enchentes, que j\u00e1 afetaram mais de 130 mil pessoas. A cheia dos rios e os alagamentos t\u00eam algumas consequ\u00eancias conhecidas, como a dissemina\u00e7\u00e3o de doen\u00e7as infecciosas e, claro, perdas de moradia e infraestrutura.<br>O Acre faz parte da regi\u00e3o conhecida como Amaz\u00f4nia Legal, e seus problemas ambientais podem ser vistos como um reflexo do que ocorre no bioma como um todo. Uma pesquisa publicada na revista Science Advances em 2018 mostra que, devido ao aquecimento global, hoje as inunda\u00e7\u00f5es na bacia amaz\u00f4nica s\u00e3o cerca de cinco vezes mais frequentes do que eram h\u00e1 um s\u00e9culo.<br>Agora, pesquisadores da Universidade de Lancaster, no Reino Unido, e da Funda\u00e7\u00e3o Oswaldo Cruz constataram que essas mudan\u00e7as clim\u00e1ticas est\u00e3o levando a um problema ainda pouco relacionado: o nascimento prematuro de beb\u00eas. Para chegar a esta conclus\u00e3o, os cientistas compararam os n\u00edveis de chuva, dura\u00e7\u00e3o da gravidez e peso de cerca de 300 mil beb\u00eas que nasceram entre 2006 e 2017 na regi\u00e3o amaz\u00f4nica. O estudo foi publicado na \u00faltima segunda-feira (1\u00ba) na revista cient\u00edfica Nature Sustainability.<br>De acordo com os pesquisadores, mulheres de comunidades ribeirinhas que enfrentam secas ou enchentes durante a gesta\u00e7\u00e3o t\u00eam maior probabilidade de terem partos prematuros (antes de completar 37 semanas). Al\u00e9m disso, \u00e9 mais prov\u00e1vel que seus beb\u00eas nas\u00e7am abaixo do peso, n\u00e3o importando se eles chegar\u00e3o antes do tempo ou no per\u00edodo ideal.<br>Os beb\u00eas analisados tinham cerca de 183 gramas a menos do que aqueles nascidos em \u00e9pocas sem climas extremos, sendo que o n\u00famero aumentava para 646 gramas quando considerados grupos menos favorecidos socioeconomicamente. As chuvas intensas, mas n\u00e3o extremas, tamb\u00e9m foram associadas a uma chance 40% maior do beb\u00ea nascer abaixo do peso.<br>Esses resultados podem ser explicados pela sa\u00fade da m\u00e3e. As inunda\u00e7\u00f5es na Amaz\u00f4nia levam a uma quebra de safra, ou seja, uma redu\u00e7\u00e3o do que j\u00e1 estava previsto para a colheita. Menos alimentos significa gr\u00e1vidas com menos acesso a alimenta\u00e7\u00e3o nutritiva.<br>Al\u00e9m disso, as chuvas aumentam a propaga\u00e7\u00e3o de doen\u00e7as infecciosas transmitidas por mosquitos, como a mal\u00e1ria, colocando as m\u00e3es em maior risco. Como se n\u00e3o bastasse, a ansiedade e o estresse causados pelas inunda\u00e7\u00f5es tamb\u00e9m podem afetar diretamente a gravidez. Todos estes problemas podem levar aos partos prematuros e ao nascimento de beb\u00eas mais leves.<br>Neste estudo, foram considerados apenas fatores clim\u00e1ticos relacionados \u00e0 seca e per\u00edodos de chuva intensa, mas o problema pode ser ainda maior quando levadas em conta as queimadas. Um guia desenvolvido pela Universidade de Harvard (EUA) mostra como a polui\u00e7\u00e3o do ar e o calor tamb\u00e9m podem estar relacionados ao nascimento prematuro de beb\u00eas. De janeiro a outubro de 2020, foram registrados na Amaz\u00f4nia mais de 81 mil focos de inc\u00eandio, os quais liberam n\u00e3o apenas gases poluentes na atmosfera, mas tamb\u00e9m material particulado (MP2.5) que j\u00e1 foi relacionado ao maior risco de partos prematuros em estudos feitos nos Estados Unidos.<br>Crian\u00e7as nascidas de partos prematuros podem enfrentar algumas complica\u00e7\u00f5es de sa\u00fade em seus primeiros meses de vida. Por\u00e9m, os problemas n\u00e3o param por a\u00ed: essas pessoas s\u00e3o mais propensas a terem dificuldades no aprendizado e em se relacionarem, podendo desenvolver com mais facilidade problemas de aten\u00e7\u00e3o e ansiedade.<br>O estudo feito pela Universidade de Lancaster e pela Fiocruz aborda discute a necessidade do governo de implantar pol\u00edticas p\u00fablicas que incluam a cobertura de sa\u00fade pr\u00e9-natal e sistemas de alerta melhorados para antecipar inunda\u00e7\u00f5es. Os pesquisadores tamb\u00e9m ressaltam sobre a import\u00e2ncia de oferecer transporte para adolescentes que vivem em \u00e1reas rurais at\u00e9 as escolas, para que elas terminem o ensino m\u00e9dio. Fatores como a escolaridade podem acentuar desigualdades \u2014 e aumentar os riscos.<\/p>\n\n\n\n<p><strong><em>Fonte: <a href=\"https:\/\/super.abril.com.br\/saude\/estudo-relaciona-mudancas-climaticas-a-partos-prematuros-na-amazonia\/\">Super<\/a><\/em><\/strong><\/p>\n","protected":false},"excerpt":{"rendered":"<p>Argumento \u00e9 que per\u00edodos de seca e enchentes podem privar m\u00e3es de uma alimenta\u00e7\u00e3o adequada e causar quadros de estresse, atingindo diretamente a gravidez Nas \u00faltimas semanas, o estado do Acre tem sido atingido por uma s\u00e9rie de enchentes, que j\u00e1 afetaram mais de 130 mil pessoas. A cheia dos rios e os alagamentos t\u00eam [&hellip;]<\/p>\n","protected":false},"author":2,"featured_media":15488,"comment_status":"open","ping_status":"open","sticky":false,"template":"","format":"standard","meta":{"footnotes":""},"categories":[11],"tags":[72,1705,7869,74],"class_list":["post-15487","post","type-post","status-publish","format-standard","has-post-thumbnail","hentry","category-saude","tag-clima","tag-gravidez","tag-parto-prematuro","tag-saude"],"yoast_head":"<!-- This site is optimized with the Yoast SEO plugin v26.5 - https:\/\/yoast.com\/wordpress\/plugins\/seo\/ -->\n<title>Estudo relaciona mudan\u00e7as clim\u00e1ticas a partos prematuros na Amaz\u00f4nia - Jornal Fatos e Not\u00edcias<\/title>\n<meta name=\"robots\" content=\"index, follow, max-snippet:-1, max-image-preview:large, max-video-preview:-1\" \/>\n<link rel=\"canonical\" href=\"https:\/\/jornalfatosenoticias.com.br\/index.php\/2021\/03\/05\/estudo-relaciona-mudancas-climaticas-a-partos-prematuros-na-amazonia\/\" \/>\n<meta property=\"og:locale\" content=\"pt_BR\" \/>\n<meta property=\"og:type\" content=\"article\" \/>\n<meta property=\"og:title\" content=\"Estudo relaciona mudan\u00e7as clim\u00e1ticas a partos prematuros na Amaz\u00f4nia - Jornal Fatos e Not\u00edcias\" \/>\n<meta property=\"og:description\" content=\"Argumento \u00e9 que per\u00edodos de seca e enchentes podem privar m\u00e3es de uma alimenta\u00e7\u00e3o adequada e causar quadros de estresse, atingindo diretamente a gravidez Nas \u00faltimas semanas, o estado do Acre tem sido atingido por uma s\u00e9rie de enchentes, que j\u00e1 afetaram mais de 130 mil pessoas. A cheia dos rios e os alagamentos t\u00eam [&hellip;]\" \/>\n<meta property=\"og:url\" content=\"https:\/\/jornalfatosenoticias.com.br\/index.php\/2021\/03\/05\/estudo-relaciona-mudancas-climaticas-a-partos-prematuros-na-amazonia\/\" \/>\n<meta property=\"og:site_name\" content=\"Jornal Fatos e Not\u00edcias\" \/>\n<meta property=\"article:published_time\" content=\"2021-03-05T20:02:35+00:00\" \/>\n<meta property=\"article:modified_time\" content=\"2021-03-05T20:02:40+00:00\" \/>\n<meta property=\"og:image\" content=\"https:\/\/jornalfatosenoticias.com.br\/wp-content\/uploads\/2021\/03\/mudanc\u0327as-climaticas-amazonia_GRAVIDEZ.jpg\" \/>\n\t<meta property=\"og:image:width\" content=\"1000\" \/>\n\t<meta property=\"og:image:height\" content=\"666\" \/>\n\t<meta property=\"og:image:type\" content=\"image\/jpeg\" \/>\n<meta name=\"author\" content=\"Luzimara Fernandes\" \/>\n<meta name=\"twitter:card\" content=\"summary_large_image\" \/>\n<meta name=\"twitter:label1\" content=\"Escrito por\" \/>\n\t<meta name=\"twitter:data1\" content=\"Luzimara Fernandes\" \/>\n\t<meta name=\"twitter:label2\" content=\"Est. tempo de leitura\" \/>\n\t<meta name=\"twitter:data2\" content=\"4 minutos\" \/>\n<script type=\"application\/ld+json\" class=\"yoast-schema-graph\">{\"@context\":\"https:\/\/schema.org\",\"@graph\":[{\"@type\":\"Article\",\"@id\":\"https:\/\/jornalfatosenoticias.com.br\/index.php\/2021\/03\/05\/estudo-relaciona-mudancas-climaticas-a-partos-prematuros-na-amazonia\/#article\",\"isPartOf\":{\"@id\":\"https:\/\/jornalfatosenoticias.com.br\/index.php\/2021\/03\/05\/estudo-relaciona-mudancas-climaticas-a-partos-prematuros-na-amazonia\/\"},\"author\":{\"name\":\"Luzimara Fernandes\",\"@id\":\"https:\/\/jornalfatosenoticias.com.br\/#\/schema\/person\/d63837fa13ac8666eb9e74e0985d6f81\"},\"headline\":\"Estudo relaciona mudan\u00e7as clim\u00e1ticas a partos prematuros na Amaz\u00f4nia\",\"datePublished\":\"2021-03-05T20:02:35+00:00\",\"dateModified\":\"2021-03-05T20:02:40+00:00\",\"mainEntityOfPage\":{\"@id\":\"https:\/\/jornalfatosenoticias.com.br\/index.php\/2021\/03\/05\/estudo-relaciona-mudancas-climaticas-a-partos-prematuros-na-amazonia\/\"},\"wordCount\":712,\"commentCount\":0,\"publisher\":{\"@id\":\"https:\/\/jornalfatosenoticias.com.br\/#organization\"},\"image\":{\"@id\":\"https:\/\/jornalfatosenoticias.com.br\/index.php\/2021\/03\/05\/estudo-relaciona-mudancas-climaticas-a-partos-prematuros-na-amazonia\/#primaryimage\"},\"thumbnailUrl\":\"https:\/\/jornalfatosenoticias.com.br\/wp-content\/uploads\/2021\/03\/mudanc\u0327as-climaticas-amazonia_GRAVIDEZ.jpg\",\"keywords\":[\"clima\",\"gravidez\",\"parto prematuro\",\"sa\u00fade\"],\"articleSection\":[\"Sa\u00fade\"],\"inLanguage\":\"pt-BR\",\"potentialAction\":[{\"@type\":\"CommentAction\",\"name\":\"Comment\",\"target\":[\"https:\/\/jornalfatosenoticias.com.br\/index.php\/2021\/03\/05\/estudo-relaciona-mudancas-climaticas-a-partos-prematuros-na-amazonia\/#respond\"]}]},{\"@type\":\"WebPage\",\"@id\":\"https:\/\/jornalfatosenoticias.com.br\/index.php\/2021\/03\/05\/estudo-relaciona-mudancas-climaticas-a-partos-prematuros-na-amazonia\/\",\"url\":\"https:\/\/jornalfatosenoticias.com.br\/index.php\/2021\/03\/05\/estudo-relaciona-mudancas-climaticas-a-partos-prematuros-na-amazonia\/\",\"name\":\"Estudo relaciona mudan\u00e7as clim\u00e1ticas a partos prematuros na Amaz\u00f4nia - Jornal Fatos e Not\u00edcias\",\"isPartOf\":{\"@id\":\"https:\/\/jornalfatosenoticias.com.br\/#website\"},\"primaryImageOfPage\":{\"@id\":\"https:\/\/jornalfatosenoticias.com.br\/index.php\/2021\/03\/05\/estudo-relaciona-mudancas-climaticas-a-partos-prematuros-na-amazonia\/#primaryimage\"},\"image\":{\"@id\":\"https:\/\/jornalfatosenoticias.com.br\/index.php\/2021\/03\/05\/estudo-relaciona-mudancas-climaticas-a-partos-prematuros-na-amazonia\/#primaryimage\"},\"thumbnailUrl\":\"https:\/\/jornalfatosenoticias.com.br\/wp-content\/uploads\/2021\/03\/mudanc\u0327as-climaticas-amazonia_GRAVIDEZ.jpg\",\"datePublished\":\"2021-03-05T20:02:35+00:00\",\"dateModified\":\"2021-03-05T20:02:40+00:00\",\"breadcrumb\":{\"@id\":\"https:\/\/jornalfatosenoticias.com.br\/index.php\/2021\/03\/05\/estudo-relaciona-mudancas-climaticas-a-partos-prematuros-na-amazonia\/#breadcrumb\"},\"inLanguage\":\"pt-BR\",\"potentialAction\":[{\"@type\":\"ReadAction\",\"target\":[\"https:\/\/jornalfatosenoticias.com.br\/index.php\/2021\/03\/05\/estudo-relaciona-mudancas-climaticas-a-partos-prematuros-na-amazonia\/\"]}]},{\"@type\":\"ImageObject\",\"inLanguage\":\"pt-BR\",\"@id\":\"https:\/\/jornalfatosenoticias.com.br\/index.php\/2021\/03\/05\/estudo-relaciona-mudancas-climaticas-a-partos-prematuros-na-amazonia\/#primaryimage\",\"url\":\"https:\/\/jornalfatosenoticias.com.br\/wp-content\/uploads\/2021\/03\/mudanc\u0327as-climaticas-amazonia_GRAVIDEZ.jpg\",\"contentUrl\":\"https:\/\/jornalfatosenoticias.com.br\/wp-content\/uploads\/2021\/03\/mudanc\u0327as-climaticas-amazonia_GRAVIDEZ.jpg\",\"width\":1000,\"height\":666},{\"@type\":\"BreadcrumbList\",\"@id\":\"https:\/\/jornalfatosenoticias.com.br\/index.php\/2021\/03\/05\/estudo-relaciona-mudancas-climaticas-a-partos-prematuros-na-amazonia\/#breadcrumb\",\"itemListElement\":[{\"@type\":\"ListItem\",\"position\":1,\"name\":\"In\u00edcio\",\"item\":\"https:\/\/jornalfatosenoticias.com.br\/\"},{\"@type\":\"ListItem\",\"position\":2,\"name\":\"Estudo relaciona mudan\u00e7as clim\u00e1ticas a partos prematuros na Amaz\u00f4nia\"}]},{\"@type\":\"WebSite\",\"@id\":\"https:\/\/jornalfatosenoticias.com.br\/#website\",\"url\":\"https:\/\/jornalfatosenoticias.com.br\/\",\"name\":\"Jornal Fatos e Not\u00edcias\",\"description\":\"Not\u00edcias em geral\",\"publisher\":{\"@id\":\"https:\/\/jornalfatosenoticias.com.br\/#organization\"},\"potentialAction\":[{\"@type\":\"SearchAction\",\"target\":{\"@type\":\"EntryPoint\",\"urlTemplate\":\"https:\/\/jornalfatosenoticias.com.br\/?s={search_term_string}\"},\"query-input\":{\"@type\":\"PropertyValueSpecification\",\"valueRequired\":true,\"valueName\":\"search_term_string\"}}],\"inLanguage\":\"pt-BR\"},{\"@type\":\"Organization\",\"@id\":\"https:\/\/jornalfatosenoticias.com.br\/#organization\",\"name\":\"Jornal Fatos e Not\u00edcias\",\"url\":\"https:\/\/jornalfatosenoticias.com.br\/\",\"logo\":{\"@type\":\"ImageObject\",\"inLanguage\":\"pt-BR\",\"@id\":\"https:\/\/jornalfatosenoticias.com.br\/#\/schema\/logo\/image\/\",\"url\":\"https:\/\/jornalfatosenoticias.com.br\/wp-content\/uploads\/2020\/02\/logo120.png\",\"contentUrl\":\"https:\/\/jornalfatosenoticias.com.br\/wp-content\/uploads\/2020\/02\/logo120.png\",\"width\":1227,\"height\":120,\"caption\":\"Jornal Fatos e Not\u00edcias\"},\"image\":{\"@id\":\"https:\/\/jornalfatosenoticias.com.br\/#\/schema\/logo\/image\/\"}},{\"@type\":\"Person\",\"@id\":\"https:\/\/jornalfatosenoticias.com.br\/#\/schema\/person\/d63837fa13ac8666eb9e74e0985d6f81\",\"name\":\"Luzimara Fernandes\",\"image\":{\"@type\":\"ImageObject\",\"inLanguage\":\"pt-BR\",\"@id\":\"https:\/\/jornalfatosenoticias.com.br\/#\/schema\/person\/image\/\",\"url\":\"https:\/\/jornalfatosenoticias.com.br\/wp-content\/uploads\/2025\/05\/EU_portal.jpg\",\"contentUrl\":\"https:\/\/jornalfatosenoticias.com.br\/wp-content\/uploads\/2025\/05\/EU_portal.jpg\",\"caption\":\"Luzimara Fernandes\"},\"description\":\"Jornalista MTB 2358-ES\",\"sameAs\":[\"https:\/\/jornalfatosenoticias.com.br\"],\"url\":\"https:\/\/jornalfatosenoticias.com.br\/index.php\/author\/luzimara\/\"}]}<\/script>\n<!-- \/ Yoast SEO plugin. -->","yoast_head_json":{"title":"Estudo relaciona mudan\u00e7as clim\u00e1ticas a partos prematuros na Amaz\u00f4nia - Jornal Fatos e Not\u00edcias","robots":{"index":"index","follow":"follow","max-snippet":"max-snippet:-1","max-image-preview":"max-image-preview:large","max-video-preview":"max-video-preview:-1"},"canonical":"https:\/\/jornalfatosenoticias.com.br\/index.php\/2021\/03\/05\/estudo-relaciona-mudancas-climaticas-a-partos-prematuros-na-amazonia\/","og_locale":"pt_BR","og_type":"article","og_title":"Estudo relaciona mudan\u00e7as clim\u00e1ticas a partos prematuros na Amaz\u00f4nia - Jornal Fatos e Not\u00edcias","og_description":"Argumento \u00e9 que per\u00edodos de seca e enchentes podem privar m\u00e3es de uma alimenta\u00e7\u00e3o adequada e causar quadros de estresse, atingindo diretamente a gravidez Nas \u00faltimas semanas, o estado do Acre tem sido atingido por uma s\u00e9rie de enchentes, que j\u00e1 afetaram mais de 130 mil pessoas. A cheia dos rios e os alagamentos t\u00eam [&hellip;]","og_url":"https:\/\/jornalfatosenoticias.com.br\/index.php\/2021\/03\/05\/estudo-relaciona-mudancas-climaticas-a-partos-prematuros-na-amazonia\/","og_site_name":"Jornal Fatos e Not\u00edcias","article_published_time":"2021-03-05T20:02:35+00:00","article_modified_time":"2021-03-05T20:02:40+00:00","og_image":[{"width":1000,"height":666,"url":"https:\/\/jornalfatosenoticias.com.br\/wp-content\/uploads\/2021\/03\/mudanc\u0327as-climaticas-amazonia_GRAVIDEZ.jpg","type":"image\/jpeg"}],"author":"Luzimara Fernandes","twitter_card":"summary_large_image","twitter_misc":{"Escrito por":"Luzimara Fernandes","Est. tempo de leitura":"4 minutos"},"schema":{"@context":"https:\/\/schema.org","@graph":[{"@type":"Article","@id":"https:\/\/jornalfatosenoticias.com.br\/index.php\/2021\/03\/05\/estudo-relaciona-mudancas-climaticas-a-partos-prematuros-na-amazonia\/#article","isPartOf":{"@id":"https:\/\/jornalfatosenoticias.com.br\/index.php\/2021\/03\/05\/estudo-relaciona-mudancas-climaticas-a-partos-prematuros-na-amazonia\/"},"author":{"name":"Luzimara Fernandes","@id":"https:\/\/jornalfatosenoticias.com.br\/#\/schema\/person\/d63837fa13ac8666eb9e74e0985d6f81"},"headline":"Estudo relaciona mudan\u00e7as clim\u00e1ticas a partos prematuros na Amaz\u00f4nia","datePublished":"2021-03-05T20:02:35+00:00","dateModified":"2021-03-05T20:02:40+00:00","mainEntityOfPage":{"@id":"https:\/\/jornalfatosenoticias.com.br\/index.php\/2021\/03\/05\/estudo-relaciona-mudancas-climaticas-a-partos-prematuros-na-amazonia\/"},"wordCount":712,"commentCount":0,"publisher":{"@id":"https:\/\/jornalfatosenoticias.com.br\/#organization"},"image":{"@id":"https:\/\/jornalfatosenoticias.com.br\/index.php\/2021\/03\/05\/estudo-relaciona-mudancas-climaticas-a-partos-prematuros-na-amazonia\/#primaryimage"},"thumbnailUrl":"https:\/\/jornalfatosenoticias.com.br\/wp-content\/uploads\/2021\/03\/mudanc\u0327as-climaticas-amazonia_GRAVIDEZ.jpg","keywords":["clima","gravidez","parto prematuro","sa\u00fade"],"articleSection":["Sa\u00fade"],"inLanguage":"pt-BR","potentialAction":[{"@type":"CommentAction","name":"Comment","target":["https:\/\/jornalfatosenoticias.com.br\/index.php\/2021\/03\/05\/estudo-relaciona-mudancas-climaticas-a-partos-prematuros-na-amazonia\/#respond"]}]},{"@type":"WebPage","@id":"https:\/\/jornalfatosenoticias.com.br\/index.php\/2021\/03\/05\/estudo-relaciona-mudancas-climaticas-a-partos-prematuros-na-amazonia\/","url":"https:\/\/jornalfatosenoticias.com.br\/index.php\/2021\/03\/05\/estudo-relaciona-mudancas-climaticas-a-partos-prematuros-na-amazonia\/","name":"Estudo relaciona mudan\u00e7as clim\u00e1ticas a partos prematuros na Amaz\u00f4nia - Jornal Fatos e Not\u00edcias","isPartOf":{"@id":"https:\/\/jornalfatosenoticias.com.br\/#website"},"primaryImageOfPage":{"@id":"https:\/\/jornalfatosenoticias.com.br\/index.php\/2021\/03\/05\/estudo-relaciona-mudancas-climaticas-a-partos-prematuros-na-amazonia\/#primaryimage"},"image":{"@id":"https:\/\/jornalfatosenoticias.com.br\/index.php\/2021\/03\/05\/estudo-relaciona-mudancas-climaticas-a-partos-prematuros-na-amazonia\/#primaryimage"},"thumbnailUrl":"https:\/\/jornalfatosenoticias.com.br\/wp-content\/uploads\/2021\/03\/mudanc\u0327as-climaticas-amazonia_GRAVIDEZ.jpg","datePublished":"2021-03-05T20:02:35+00:00","dateModified":"2021-03-05T20:02:40+00:00","breadcrumb":{"@id":"https:\/\/jornalfatosenoticias.com.br\/index.php\/2021\/03\/05\/estudo-relaciona-mudancas-climaticas-a-partos-prematuros-na-amazonia\/#breadcrumb"},"inLanguage":"pt-BR","potentialAction":[{"@type":"ReadAction","target":["https:\/\/jornalfatosenoticias.com.br\/index.php\/2021\/03\/05\/estudo-relaciona-mudancas-climaticas-a-partos-prematuros-na-amazonia\/"]}]},{"@type":"ImageObject","inLanguage":"pt-BR","@id":"https:\/\/jornalfatosenoticias.com.br\/index.php\/2021\/03\/05\/estudo-relaciona-mudancas-climaticas-a-partos-prematuros-na-amazonia\/#primaryimage","url":"https:\/\/jornalfatosenoticias.com.br\/wp-content\/uploads\/2021\/03\/mudanc\u0327as-climaticas-amazonia_GRAVIDEZ.jpg","contentUrl":"https:\/\/jornalfatosenoticias.com.br\/wp-content\/uploads\/2021\/03\/mudanc\u0327as-climaticas-amazonia_GRAVIDEZ.jpg","width":1000,"height":666},{"@type":"BreadcrumbList","@id":"https:\/\/jornalfatosenoticias.com.br\/index.php\/2021\/03\/05\/estudo-relaciona-mudancas-climaticas-a-partos-prematuros-na-amazonia\/#breadcrumb","itemListElement":[{"@type":"ListItem","position":1,"name":"In\u00edcio","item":"https:\/\/jornalfatosenoticias.com.br\/"},{"@type":"ListItem","position":2,"name":"Estudo relaciona mudan\u00e7as clim\u00e1ticas a partos prematuros na Amaz\u00f4nia"}]},{"@type":"WebSite","@id":"https:\/\/jornalfatosenoticias.com.br\/#website","url":"https:\/\/jornalfatosenoticias.com.br\/","name":"Jornal Fatos e Not\u00edcias","description":"Not\u00edcias em geral","publisher":{"@id":"https:\/\/jornalfatosenoticias.com.br\/#organization"},"potentialAction":[{"@type":"SearchAction","target":{"@type":"EntryPoint","urlTemplate":"https:\/\/jornalfatosenoticias.com.br\/?s={search_term_string}"},"query-input":{"@type":"PropertyValueSpecification","valueRequired":true,"valueName":"search_term_string"}}],"inLanguage":"pt-BR"},{"@type":"Organization","@id":"https:\/\/jornalfatosenoticias.com.br\/#organization","name":"Jornal Fatos e Not\u00edcias","url":"https:\/\/jornalfatosenoticias.com.br\/","logo":{"@type":"ImageObject","inLanguage":"pt-BR","@id":"https:\/\/jornalfatosenoticias.com.br\/#\/schema\/logo\/image\/","url":"https:\/\/jornalfatosenoticias.com.br\/wp-content\/uploads\/2020\/02\/logo120.png","contentUrl":"https:\/\/jornalfatosenoticias.com.br\/wp-content\/uploads\/2020\/02\/logo120.png","width":1227,"height":120,"caption":"Jornal Fatos e Not\u00edcias"},"image":{"@id":"https:\/\/jornalfatosenoticias.com.br\/#\/schema\/logo\/image\/"}},{"@type":"Person","@id":"https:\/\/jornalfatosenoticias.com.br\/#\/schema\/person\/d63837fa13ac8666eb9e74e0985d6f81","name":"Luzimara Fernandes","image":{"@type":"ImageObject","inLanguage":"pt-BR","@id":"https:\/\/jornalfatosenoticias.com.br\/#\/schema\/person\/image\/","url":"https:\/\/jornalfatosenoticias.com.br\/wp-content\/uploads\/2025\/05\/EU_portal.jpg","contentUrl":"https:\/\/jornalfatosenoticias.com.br\/wp-content\/uploads\/2025\/05\/EU_portal.jpg","caption":"Luzimara Fernandes"},"description":"Jornalista MTB 2358-ES","sameAs":["https:\/\/jornalfatosenoticias.com.br"],"url":"https:\/\/jornalfatosenoticias.com.br\/index.php\/author\/luzimara\/"}]}},"cc_featured_image_caption":{"caption_text":"(Patrick Altmann\/Getty Images) ","source_text":"","source_url":""},"jetpack_featured_media_url":"https:\/\/jornalfatosenoticias.com.br\/wp-content\/uploads\/2021\/03\/mudanc\u0327as-climaticas-amazonia_GRAVIDEZ.jpg","_links":{"self":[{"href":"https:\/\/jornalfatosenoticias.com.br\/index.php\/wp-json\/wp\/v2\/posts\/15487","targetHints":{"allow":["GET"]}}],"collection":[{"href":"https:\/\/jornalfatosenoticias.com.br\/index.php\/wp-json\/wp\/v2\/posts"}],"about":[{"href":"https:\/\/jornalfatosenoticias.com.br\/index.php\/wp-json\/wp\/v2\/types\/post"}],"author":[{"embeddable":true,"href":"https:\/\/jornalfatosenoticias.com.br\/index.php\/wp-json\/wp\/v2\/users\/2"}],"replies":[{"embeddable":true,"href":"https:\/\/jornalfatosenoticias.com.br\/index.php\/wp-json\/wp\/v2\/comments?post=15487"}],"version-history":[{"count":0,"href":"https:\/\/jornalfatosenoticias.com.br\/index.php\/wp-json\/wp\/v2\/posts\/15487\/revisions"}],"wp:featuredmedia":[{"embeddable":true,"href":"https:\/\/jornalfatosenoticias.com.br\/index.php\/wp-json\/wp\/v2\/media\/15488"}],"wp:attachment":[{"href":"https:\/\/jornalfatosenoticias.com.br\/index.php\/wp-json\/wp\/v2\/media?parent=15487"}],"wp:term":[{"taxonomy":"category","embeddable":true,"href":"https:\/\/jornalfatosenoticias.com.br\/index.php\/wp-json\/wp\/v2\/categories?post=15487"},{"taxonomy":"post_tag","embeddable":true,"href":"https:\/\/jornalfatosenoticias.com.br\/index.php\/wp-json\/wp\/v2\/tags?post=15487"}],"curies":[{"name":"wp","href":"https:\/\/api.w.org\/{rel}","templated":true}]}}