{"id":15519,"date":"2021-03-05T17:56:09","date_gmt":"2021-03-05T20:56:09","guid":{"rendered":"https:\/\/jornalfatosenoticias.com.br\/?p=15519"},"modified":"2021-03-05T17:56:13","modified_gmt":"2021-03-05T20:56:13","slug":"maior-tatu-do-mundo-em-risco","status":"publish","type":"post","link":"https:\/\/jornalfatosenoticias.com.br\/index.php\/2021\/03\/05\/maior-tatu-do-mundo-em-risco\/","title":{"rendered":"Maior tatu do mundo em risco"},"content":{"rendered":"\n<h6 class=\"wp-block-heading\"><em>Considerado um engenheiro do ecossistema, o tatu-canastra \u00e9 uma esp\u00e9cie de enorme import\u00e2ncia para o Cerrado<\/em><\/h6>\n\n\n\n<p>Considerado um engenheiro do ecossistema devido a sua import\u00e2ncia, o tatu-canastra \u00e9 o maior de todos, podendo chegar a 1,5 metro de comprimento e pesar 60 kg.<br>Contudo, conforme um estudo realizado por especialistas do Instituto de Conserva\u00e7\u00e3o de Animais Silvestres (Icas), a <a href=\"https:\/\/aventurasnahistoria.uol.com.br\/noticias\/historia-hoje\/nova-especie-de-dinossauro-do-tamanho-de-um-onibus-e-reconhecida-30-anos-depois-de-descoberta.phtml\">esp\u00e9cie<\/a>\u00a0j\u00e1 rara no\u00a0<a href=\"https:\/\/aventurasnahistoria.uol.com.br\/noticias\/almanaque\/lobo-guara-conheca-o-lobo-simbolo-do-brasil.phtml\">Cerrado<\/a> brasileiro, pode deixar de existir no estado do Mato Grosso do Sul.<\/p>\n\n\n\n<blockquote class=\"wp-block-quote is-layout-flow wp-block-quote-is-layout-flow\"><p>\u201cSab\u00edamos que, no Pantanal, a viabilidade da esp\u00e9cie n\u00e3o estava amea\u00e7ada a curto prazo. Mas no Cerrado, pelo que l\u00edamos e v\u00edamos, sab\u00edamos que a situa\u00e7\u00e3o era urgente. Ent\u00e3o, a primeira pergunta que a gente queria fazer era: existe ainda tatu-canastra do Cerrado do Mato Grosso do Sul? E onde?\u201d, disse Arnaud Desbiez, presidente do Icas e fundador do Projeto Tatu-canastra em entrevista ao <a href=\"https:\/\/g1.globo.com\/sp\/campinas-regiao\/terra-da-gente\/noticia\/2021\/02\/23\/tatu-canastra-corre-risco-de-desaparecer-do-cerrado-brasileiro-em-alguns-anos.ghtml\">G1<\/a>.<\/p><\/blockquote>\n\n\n\n<h4 class=\"wp-block-heading\">Importante pesquisa<\/h4>\n\n\n\n<p>Visando entender o caso, os pesquisadores escolheram 37 munic\u00edpios do Mato Grosso do Sul, sendo 22 pertencentes ao Cerrado e os demais \u00e0 <a href=\"https:\/\/aventurasnahistoria.uol.com.br\/noticias\/historia-hoje\/morreu-randau-marques-jornalista-e-fundador-do-sos-mata-atlantica.phtml\">Mata Atl\u00e2ntica<\/a>.<\/p>\n\n\n\n<figure class=\"wp-block-image size-large is-resized\"><img loading=\"lazy\" decoding=\"async\" src=\"https:\/\/jornalfatosenoticias.com.br\/wp-content\/uploads\/2021\/03\/evidencias-recentes-do-tatu-canastra-no-cerrado.jpg\" alt=\"\" class=\"wp-image-15520\" width=\"706\" height=\"401\" srcset=\"https:\/\/jornalfatosenoticias.com.br\/wp-content\/uploads\/2021\/03\/evidencias-recentes-do-tatu-canastra-no-cerrado.jpg 1000w, https:\/\/jornalfatosenoticias.com.br\/wp-content\/uploads\/2021\/03\/evidencias-recentes-do-tatu-canastra-no-cerrado-300x170.jpg 300w, https:\/\/jornalfatosenoticias.com.br\/wp-content\/uploads\/2021\/03\/evidencias-recentes-do-tatu-canastra-no-cerrado-768x436.jpg 768w\" sizes=\"auto, (max-width: 706px) 100vw, 706px\" \/><figcaption><em>Os especialistas se atentaram para os ind\u00edcios da presen\u00e7a da esp\u00e9cie (Foto: Divulga\u00e7\u00e3o\/Icas)<\/em><\/figcaption><\/figure>\n\n\n\n<blockquote class=\"wp-block-quote is-layout-flow wp-block-quote-is-layout-flow\"><p>\u201cDividimos esses locais em microbacias e vimos a porcentagem de \u00e1rea nativa que ainda restava em cada uma delas. Ranqueamos essas \u00e1reas, falamos com os propriet\u00e1rios e \u00edamos visitar o fragmento andando e procurando por sinais do tatu-canastra\u201d, explicou Desbiez.<\/p><\/blockquote>\n\n\n\n<p>Assim como o tamandu\u00e1, o tatu-canastra se alimenta de formigas e cupins. De h\u00e1bitos noturnos, a esp\u00e9cie cava buracos e permanece dentro das tocas durante o dia. Justamente por ser um animal dificilmente encontrado, foi necess\u00e1rio prestar aten\u00e7\u00e3o nos m\u00ednimos detalhes que poderiam indicar a presen\u00e7a do <a href=\"https:\/\/aventurasnahistoria.uol.com.br\/noticias\/historia-hoje\/peixe-boi-20-milhoes-encontrado-canal-panama.phtml\">mam\u00edfero<\/a>.<\/p>\n\n\n\n<h4 class=\"wp-block-heading\">\u00c1reas fragmentadas<\/h4>\n\n\n\n<figure class=\"wp-block-image size-large\"><img loading=\"lazy\" decoding=\"async\" width=\"1000\" height=\"558\" src=\"https:\/\/jornalfatosenoticias.com.br\/wp-content\/uploads\/2021\/03\/rastro-do-tatu-canastra.jpg\" alt=\"\" class=\"wp-image-15521\" srcset=\"https:\/\/jornalfatosenoticias.com.br\/wp-content\/uploads\/2021\/03\/rastro-do-tatu-canastra.jpg 1000w, https:\/\/jornalfatosenoticias.com.br\/wp-content\/uploads\/2021\/03\/rastro-do-tatu-canastra-300x167.jpg 300w, https:\/\/jornalfatosenoticias.com.br\/wp-content\/uploads\/2021\/03\/rastro-do-tatu-canastra-768x429.jpg 768w\" sizes=\"auto, (max-width: 1000px) 100vw, 1000px\" \/><figcaption><em>Rastro de tatu-canastra (Foto: Divulga\u00e7\u00e3o\/Icas)<\/em><\/figcaption><\/figure>\n\n\n\n<p>Os <a href=\"https:\/\/aventurasnahistoria.uol.com.br\/noticias\/historia-hoje\/pesquisa-revela-que-cangurus-podem-se-comunicar-com-humanos-pelo-olhar.phtml\">pesquisadores<\/a> identificaram a exist\u00eancia de diferentes fragmentos de habitat no estado, sendo que o maior deles tem apenas 170 km\u00b2, \u00e1rea na qual menos de sete tatus-canastra podem viver.<\/p>\n\n\n\n<blockquote class=\"wp-block-quote is-layout-flow wp-block-quote-is-layout-flow\"><p>\u201cO resultado assustou muito, porque a gente viu que tinha menos de 70 fragmentos do tamanho da \u00e1rea de vida do tatu-canastra no Pantanal. A pesquisa mostra que essa esp\u00e9cie est\u00e1 muito amea\u00e7ada no Cerrado e que o habitat est\u00e1 muito fragmentado&#8221;, disse o fundador do projeto.<\/p><\/blockquote>\n\n\n\n<p>&#8220;Isso significa que, para trafegar de um fragmento para o outro, o tatu-canastra tem que atravessar rodovias e grandes \u00e1reas de pastagem, correndo o risco de ser perseguido, ca\u00e7ado, atropelado ou at\u00e9 atacado por c\u00e3es, uma situa\u00e7\u00e3o extremamente preocupante\u201d, prosseguiu.<\/p>\n\n\n\n<h4 class=\"wp-block-heading\">Reprodu\u00e7\u00e3o lenta<\/h4>\n\n\n\n<figure class=\"wp-block-image size-large\"><img loading=\"lazy\" decoding=\"async\" width=\"1000\" height=\"557\" src=\"https:\/\/jornalfatosenoticias.com.br\/wp-content\/uploads\/2021\/03\/evidencias-recentes-do-tatu-canastra-no-cerrado2.jpg\" alt=\"\" class=\"wp-image-15522\" srcset=\"https:\/\/jornalfatosenoticias.com.br\/wp-content\/uploads\/2021\/03\/evidencias-recentes-do-tatu-canastra-no-cerrado2.jpg 1000w, https:\/\/jornalfatosenoticias.com.br\/wp-content\/uploads\/2021\/03\/evidencias-recentes-do-tatu-canastra-no-cerrado2-300x167.jpg 300w, https:\/\/jornalfatosenoticias.com.br\/wp-content\/uploads\/2021\/03\/evidencias-recentes-do-tatu-canastra-no-cerrado2-768x428.jpg 768w\" sizes=\"auto, (max-width: 1000px) 100vw, 1000px\" \/><figcaption><em>Buraco cavado por tatu-canastra (Foto: Divulga\u00e7\u00e3o\/Instituto de Conserva\u00e7\u00e3o de Animais Silvestres)<\/em><\/figcaption><\/figure>\n\n\n\n<p>De acordo com o projeto, h\u00e1 outro problema que implica na preserva\u00e7\u00e3o da esp\u00e9cie: a velocidade com que os tatus se reproduzem.<br>Eles atingem a maturidade para reprodu\u00e7\u00e3o apenas aos sete anos de idade, sendo que apenas um filhote \u00e9 gerado a cada gesta\u00e7\u00e3o. Al\u00e9m disso, trata-se de um processo que ocorre a cada tr\u00eas anos.<\/p>\n\n\n\n<blockquote class=\"wp-block-quote is-layout-flow wp-block-quote-is-layout-flow\"><p>\u201c\u00c9 uma esp\u00e9cie que n\u00e3o tem a capacidade de recuperar amea\u00e7as e nos d\u00e1 medo que nos pr\u00f3ximos 15 a 30 anos o tatu-canastra possa se extinguir\u201d, disse Desbiez.<\/p><\/blockquote>\n\n\n\n<p>O objetivo agora \u00e9 descobrir quantos s\u00e3o os indiv\u00edduos que ainda vivem no bioma. Al\u00e9m disso, h\u00e1 o desafio de descobrir uma maneira de conectar os v\u00e1rios fragmentos de habitat para que a esp\u00e9cie possa ser salva.<\/p>\n\n\n\n<p><em><strong>Foto de capa: <\/strong>Divulga\u00e7\u00e3o\/Instituto de Conserva\u00e7\u00e3o de Animais Silvestres (Icas)<\/em><\/p>\n\n\n\n<p><strong><em>Fonte: <a href=\"https:\/\/aventurasnahistoria.uol.com.br\/noticias\/reportagem\/maior-tatu-do-mundo-em-risco-a-realidade-critica-da-especie-tatu-canastra-cerrado-brasileiro-segundo-estudo.phtml#.YEFmdWtKFWc.whatsapp\">Aventuras na Hist\u00f3ria<\/a><\/em><\/strong><\/p>\n","protected":false},"excerpt":{"rendered":"<p>Considerado um engenheiro do ecossistema, o tatu-canastra \u00e9 uma esp\u00e9cie de enorme import\u00e2ncia para o Cerrado Considerado um engenheiro do ecossistema devido a sua import\u00e2ncia, o tatu-canastra \u00e9 o maior de todos, podendo chegar a 1,5 metro de comprimento e pesar 60 kg.Contudo, conforme um estudo realizado por especialistas do Instituto de Conserva\u00e7\u00e3o de Animais [&hellip;]<\/p>\n","protected":false},"author":2,"featured_media":15523,"comment_status":"open","ping_status":"open","sticky":false,"template":"","format":"standard","meta":{"footnotes":""},"categories":[8],"tags":[3016,2442,257,258,115,7884,3447],"class_list":["post-15519","post","type-post","status-publish","format-standard","has-post-thumbnail","hentry","category-meio-ambiente","tag-ameaca-de-extincao","tag-animal","tag-cerrado","tag-mata-atlantica","tag-pesquisa","tag-tatu","tag-tatu-canastra"],"yoast_head":"<!-- This site is optimized with the Yoast SEO plugin v26.5 - https:\/\/yoast.com\/wordpress\/plugins\/seo\/ -->\n<title>Maior tatu do mundo em risco - Jornal Fatos e Not\u00edcias<\/title>\n<meta name=\"robots\" content=\"index, follow, max-snippet:-1, max-image-preview:large, max-video-preview:-1\" \/>\n<link rel=\"canonical\" href=\"https:\/\/jornalfatosenoticias.com.br\/index.php\/2021\/03\/05\/maior-tatu-do-mundo-em-risco\/\" \/>\n<meta property=\"og:locale\" content=\"pt_BR\" \/>\n<meta property=\"og:type\" content=\"article\" \/>\n<meta property=\"og:title\" content=\"Maior tatu do mundo em risco - Jornal Fatos e Not\u00edcias\" \/>\n<meta property=\"og:description\" content=\"Considerado um engenheiro do ecossistema, o tatu-canastra \u00e9 uma esp\u00e9cie de enorme import\u00e2ncia para o Cerrado Considerado um engenheiro do ecossistema devido a sua import\u00e2ncia, o tatu-canastra \u00e9 o maior de todos, podendo chegar a 1,5 metro de comprimento e pesar 60 kg.Contudo, conforme um estudo realizado por especialistas do Instituto de Conserva\u00e7\u00e3o de Animais [&hellip;]\" \/>\n<meta property=\"og:url\" content=\"https:\/\/jornalfatosenoticias.com.br\/index.php\/2021\/03\/05\/maior-tatu-do-mundo-em-risco\/\" \/>\n<meta property=\"og:site_name\" content=\"Jornal Fatos e Not\u00edcias\" \/>\n<meta property=\"article:published_time\" content=\"2021-03-05T20:56:09+00:00\" \/>\n<meta property=\"article:modified_time\" content=\"2021-03-05T20:56:13+00:00\" \/>\n<meta property=\"og:image\" content=\"https:\/\/jornalfatosenoticias.com.br\/wp-content\/uploads\/2021\/03\/tatu-canastra-cerrado.jpg\" \/>\n\t<meta property=\"og:image:width\" content=\"1000\" \/>\n\t<meta property=\"og:image:height\" content=\"562\" \/>\n\t<meta property=\"og:image:type\" content=\"image\/jpeg\" \/>\n<meta name=\"author\" content=\"Luzimara Fernandes\" \/>\n<meta name=\"twitter:card\" content=\"summary_large_image\" \/>\n<meta name=\"twitter:label1\" content=\"Escrito por\" \/>\n\t<meta name=\"twitter:data1\" content=\"Luzimara Fernandes\" \/>\n\t<meta name=\"twitter:label2\" content=\"Est. tempo de leitura\" \/>\n\t<meta name=\"twitter:data2\" content=\"3 minutos\" \/>\n<script type=\"application\/ld+json\" class=\"yoast-schema-graph\">{\"@context\":\"https:\/\/schema.org\",\"@graph\":[{\"@type\":\"Article\",\"@id\":\"https:\/\/jornalfatosenoticias.com.br\/index.php\/2021\/03\/05\/maior-tatu-do-mundo-em-risco\/#article\",\"isPartOf\":{\"@id\":\"https:\/\/jornalfatosenoticias.com.br\/index.php\/2021\/03\/05\/maior-tatu-do-mundo-em-risco\/\"},\"author\":{\"name\":\"Luzimara Fernandes\",\"@id\":\"https:\/\/jornalfatosenoticias.com.br\/#\/schema\/person\/d63837fa13ac8666eb9e74e0985d6f81\"},\"headline\":\"Maior tatu do mundo em risco\",\"datePublished\":\"2021-03-05T20:56:09+00:00\",\"dateModified\":\"2021-03-05T20:56:13+00:00\",\"mainEntityOfPage\":{\"@id\":\"https:\/\/jornalfatosenoticias.com.br\/index.php\/2021\/03\/05\/maior-tatu-do-mundo-em-risco\/\"},\"wordCount\":594,\"commentCount\":0,\"publisher\":{\"@id\":\"https:\/\/jornalfatosenoticias.com.br\/#organization\"},\"image\":{\"@id\":\"https:\/\/jornalfatosenoticias.com.br\/index.php\/2021\/03\/05\/maior-tatu-do-mundo-em-risco\/#primaryimage\"},\"thumbnailUrl\":\"https:\/\/jornalfatosenoticias.com.br\/wp-content\/uploads\/2021\/03\/tatu-canastra-cerrado.jpg\",\"keywords\":[\"amea\u00e7a de extin\u00e7\u00e3o\",\"Animal\",\"cerrado\",\"mata atl\u00e2ntica\",\"pesquisa\",\"tatu\",\"tatu-canastra\"],\"articleSection\":[\"Meio ambiente\"],\"inLanguage\":\"pt-BR\",\"potentialAction\":[{\"@type\":\"CommentAction\",\"name\":\"Comment\",\"target\":[\"https:\/\/jornalfatosenoticias.com.br\/index.php\/2021\/03\/05\/maior-tatu-do-mundo-em-risco\/#respond\"]}]},{\"@type\":\"WebPage\",\"@id\":\"https:\/\/jornalfatosenoticias.com.br\/index.php\/2021\/03\/05\/maior-tatu-do-mundo-em-risco\/\",\"url\":\"https:\/\/jornalfatosenoticias.com.br\/index.php\/2021\/03\/05\/maior-tatu-do-mundo-em-risco\/\",\"name\":\"Maior tatu do mundo em risco - Jornal Fatos e Not\u00edcias\",\"isPartOf\":{\"@id\":\"https:\/\/jornalfatosenoticias.com.br\/#website\"},\"primaryImageOfPage\":{\"@id\":\"https:\/\/jornalfatosenoticias.com.br\/index.php\/2021\/03\/05\/maior-tatu-do-mundo-em-risco\/#primaryimage\"},\"image\":{\"@id\":\"https:\/\/jornalfatosenoticias.com.br\/index.php\/2021\/03\/05\/maior-tatu-do-mundo-em-risco\/#primaryimage\"},\"thumbnailUrl\":\"https:\/\/jornalfatosenoticias.com.br\/wp-content\/uploads\/2021\/03\/tatu-canastra-cerrado.jpg\",\"datePublished\":\"2021-03-05T20:56:09+00:00\",\"dateModified\":\"2021-03-05T20:56:13+00:00\",\"breadcrumb\":{\"@id\":\"https:\/\/jornalfatosenoticias.com.br\/index.php\/2021\/03\/05\/maior-tatu-do-mundo-em-risco\/#breadcrumb\"},\"inLanguage\":\"pt-BR\",\"potentialAction\":[{\"@type\":\"ReadAction\",\"target\":[\"https:\/\/jornalfatosenoticias.com.br\/index.php\/2021\/03\/05\/maior-tatu-do-mundo-em-risco\/\"]}]},{\"@type\":\"ImageObject\",\"inLanguage\":\"pt-BR\",\"@id\":\"https:\/\/jornalfatosenoticias.com.br\/index.php\/2021\/03\/05\/maior-tatu-do-mundo-em-risco\/#primaryimage\",\"url\":\"https:\/\/jornalfatosenoticias.com.br\/wp-content\/uploads\/2021\/03\/tatu-canastra-cerrado.jpg\",\"contentUrl\":\"https:\/\/jornalfatosenoticias.com.br\/wp-content\/uploads\/2021\/03\/tatu-canastra-cerrado.jpg\",\"width\":1000,\"height\":562},{\"@type\":\"BreadcrumbList\",\"@id\":\"https:\/\/jornalfatosenoticias.com.br\/index.php\/2021\/03\/05\/maior-tatu-do-mundo-em-risco\/#breadcrumb\",\"itemListElement\":[{\"@type\":\"ListItem\",\"position\":1,\"name\":\"In\u00edcio\",\"item\":\"https:\/\/jornalfatosenoticias.com.br\/\"},{\"@type\":\"ListItem\",\"position\":2,\"name\":\"Maior tatu do mundo em risco\"}]},{\"@type\":\"WebSite\",\"@id\":\"https:\/\/jornalfatosenoticias.com.br\/#website\",\"url\":\"https:\/\/jornalfatosenoticias.com.br\/\",\"name\":\"Jornal Fatos e Not\u00edcias\",\"description\":\"Not\u00edcias em geral\",\"publisher\":{\"@id\":\"https:\/\/jornalfatosenoticias.com.br\/#organization\"},\"potentialAction\":[{\"@type\":\"SearchAction\",\"target\":{\"@type\":\"EntryPoint\",\"urlTemplate\":\"https:\/\/jornalfatosenoticias.com.br\/?s={search_term_string}\"},\"query-input\":{\"@type\":\"PropertyValueSpecification\",\"valueRequired\":true,\"valueName\":\"search_term_string\"}}],\"inLanguage\":\"pt-BR\"},{\"@type\":\"Organization\",\"@id\":\"https:\/\/jornalfatosenoticias.com.br\/#organization\",\"name\":\"Jornal Fatos e Not\u00edcias\",\"url\":\"https:\/\/jornalfatosenoticias.com.br\/\",\"logo\":{\"@type\":\"ImageObject\",\"inLanguage\":\"pt-BR\",\"@id\":\"https:\/\/jornalfatosenoticias.com.br\/#\/schema\/logo\/image\/\",\"url\":\"https:\/\/jornalfatosenoticias.com.br\/wp-content\/uploads\/2020\/02\/logo120.png\",\"contentUrl\":\"https:\/\/jornalfatosenoticias.com.br\/wp-content\/uploads\/2020\/02\/logo120.png\",\"width\":1227,\"height\":120,\"caption\":\"Jornal Fatos e Not\u00edcias\"},\"image\":{\"@id\":\"https:\/\/jornalfatosenoticias.com.br\/#\/schema\/logo\/image\/\"}},{\"@type\":\"Person\",\"@id\":\"https:\/\/jornalfatosenoticias.com.br\/#\/schema\/person\/d63837fa13ac8666eb9e74e0985d6f81\",\"name\":\"Luzimara Fernandes\",\"image\":{\"@type\":\"ImageObject\",\"inLanguage\":\"pt-BR\",\"@id\":\"https:\/\/jornalfatosenoticias.com.br\/#\/schema\/person\/image\/\",\"url\":\"https:\/\/jornalfatosenoticias.com.br\/wp-content\/uploads\/2025\/05\/EU_portal.jpg\",\"contentUrl\":\"https:\/\/jornalfatosenoticias.com.br\/wp-content\/uploads\/2025\/05\/EU_portal.jpg\",\"caption\":\"Luzimara Fernandes\"},\"description\":\"Jornalista MTB 2358-ES\",\"sameAs\":[\"https:\/\/jornalfatosenoticias.com.br\"],\"url\":\"https:\/\/jornalfatosenoticias.com.br\/index.php\/author\/luzimara\/\"}]}<\/script>\n<!-- \/ Yoast SEO plugin. -->","yoast_head_json":{"title":"Maior tatu do mundo em risco - Jornal Fatos e Not\u00edcias","robots":{"index":"index","follow":"follow","max-snippet":"max-snippet:-1","max-image-preview":"max-image-preview:large","max-video-preview":"max-video-preview:-1"},"canonical":"https:\/\/jornalfatosenoticias.com.br\/index.php\/2021\/03\/05\/maior-tatu-do-mundo-em-risco\/","og_locale":"pt_BR","og_type":"article","og_title":"Maior tatu do mundo em risco - Jornal Fatos e Not\u00edcias","og_description":"Considerado um engenheiro do ecossistema, o tatu-canastra \u00e9 uma esp\u00e9cie de enorme import\u00e2ncia para o Cerrado Considerado um engenheiro do ecossistema devido a sua import\u00e2ncia, o tatu-canastra \u00e9 o maior de todos, podendo chegar a 1,5 metro de comprimento e pesar 60 kg.Contudo, conforme um estudo realizado por especialistas do Instituto de Conserva\u00e7\u00e3o de Animais [&hellip;]","og_url":"https:\/\/jornalfatosenoticias.com.br\/index.php\/2021\/03\/05\/maior-tatu-do-mundo-em-risco\/","og_site_name":"Jornal Fatos e Not\u00edcias","article_published_time":"2021-03-05T20:56:09+00:00","article_modified_time":"2021-03-05T20:56:13+00:00","og_image":[{"width":1000,"height":562,"url":"https:\/\/jornalfatosenoticias.com.br\/wp-content\/uploads\/2021\/03\/tatu-canastra-cerrado.jpg","type":"image\/jpeg"}],"author":"Luzimara Fernandes","twitter_card":"summary_large_image","twitter_misc":{"Escrito por":"Luzimara Fernandes","Est. tempo de leitura":"3 minutos"},"schema":{"@context":"https:\/\/schema.org","@graph":[{"@type":"Article","@id":"https:\/\/jornalfatosenoticias.com.br\/index.php\/2021\/03\/05\/maior-tatu-do-mundo-em-risco\/#article","isPartOf":{"@id":"https:\/\/jornalfatosenoticias.com.br\/index.php\/2021\/03\/05\/maior-tatu-do-mundo-em-risco\/"},"author":{"name":"Luzimara Fernandes","@id":"https:\/\/jornalfatosenoticias.com.br\/#\/schema\/person\/d63837fa13ac8666eb9e74e0985d6f81"},"headline":"Maior tatu do mundo em risco","datePublished":"2021-03-05T20:56:09+00:00","dateModified":"2021-03-05T20:56:13+00:00","mainEntityOfPage":{"@id":"https:\/\/jornalfatosenoticias.com.br\/index.php\/2021\/03\/05\/maior-tatu-do-mundo-em-risco\/"},"wordCount":594,"commentCount":0,"publisher":{"@id":"https:\/\/jornalfatosenoticias.com.br\/#organization"},"image":{"@id":"https:\/\/jornalfatosenoticias.com.br\/index.php\/2021\/03\/05\/maior-tatu-do-mundo-em-risco\/#primaryimage"},"thumbnailUrl":"https:\/\/jornalfatosenoticias.com.br\/wp-content\/uploads\/2021\/03\/tatu-canastra-cerrado.jpg","keywords":["amea\u00e7a de extin\u00e7\u00e3o","Animal","cerrado","mata atl\u00e2ntica","pesquisa","tatu","tatu-canastra"],"articleSection":["Meio ambiente"],"inLanguage":"pt-BR","potentialAction":[{"@type":"CommentAction","name":"Comment","target":["https:\/\/jornalfatosenoticias.com.br\/index.php\/2021\/03\/05\/maior-tatu-do-mundo-em-risco\/#respond"]}]},{"@type":"WebPage","@id":"https:\/\/jornalfatosenoticias.com.br\/index.php\/2021\/03\/05\/maior-tatu-do-mundo-em-risco\/","url":"https:\/\/jornalfatosenoticias.com.br\/index.php\/2021\/03\/05\/maior-tatu-do-mundo-em-risco\/","name":"Maior tatu do mundo em risco - Jornal Fatos e Not\u00edcias","isPartOf":{"@id":"https:\/\/jornalfatosenoticias.com.br\/#website"},"primaryImageOfPage":{"@id":"https:\/\/jornalfatosenoticias.com.br\/index.php\/2021\/03\/05\/maior-tatu-do-mundo-em-risco\/#primaryimage"},"image":{"@id":"https:\/\/jornalfatosenoticias.com.br\/index.php\/2021\/03\/05\/maior-tatu-do-mundo-em-risco\/#primaryimage"},"thumbnailUrl":"https:\/\/jornalfatosenoticias.com.br\/wp-content\/uploads\/2021\/03\/tatu-canastra-cerrado.jpg","datePublished":"2021-03-05T20:56:09+00:00","dateModified":"2021-03-05T20:56:13+00:00","breadcrumb":{"@id":"https:\/\/jornalfatosenoticias.com.br\/index.php\/2021\/03\/05\/maior-tatu-do-mundo-em-risco\/#breadcrumb"},"inLanguage":"pt-BR","potentialAction":[{"@type":"ReadAction","target":["https:\/\/jornalfatosenoticias.com.br\/index.php\/2021\/03\/05\/maior-tatu-do-mundo-em-risco\/"]}]},{"@type":"ImageObject","inLanguage":"pt-BR","@id":"https:\/\/jornalfatosenoticias.com.br\/index.php\/2021\/03\/05\/maior-tatu-do-mundo-em-risco\/#primaryimage","url":"https:\/\/jornalfatosenoticias.com.br\/wp-content\/uploads\/2021\/03\/tatu-canastra-cerrado.jpg","contentUrl":"https:\/\/jornalfatosenoticias.com.br\/wp-content\/uploads\/2021\/03\/tatu-canastra-cerrado.jpg","width":1000,"height":562},{"@type":"BreadcrumbList","@id":"https:\/\/jornalfatosenoticias.com.br\/index.php\/2021\/03\/05\/maior-tatu-do-mundo-em-risco\/#breadcrumb","itemListElement":[{"@type":"ListItem","position":1,"name":"In\u00edcio","item":"https:\/\/jornalfatosenoticias.com.br\/"},{"@type":"ListItem","position":2,"name":"Maior tatu do mundo em risco"}]},{"@type":"WebSite","@id":"https:\/\/jornalfatosenoticias.com.br\/#website","url":"https:\/\/jornalfatosenoticias.com.br\/","name":"Jornal Fatos e Not\u00edcias","description":"Not\u00edcias em geral","publisher":{"@id":"https:\/\/jornalfatosenoticias.com.br\/#organization"},"potentialAction":[{"@type":"SearchAction","target":{"@type":"EntryPoint","urlTemplate":"https:\/\/jornalfatosenoticias.com.br\/?s={search_term_string}"},"query-input":{"@type":"PropertyValueSpecification","valueRequired":true,"valueName":"search_term_string"}}],"inLanguage":"pt-BR"},{"@type":"Organization","@id":"https:\/\/jornalfatosenoticias.com.br\/#organization","name":"Jornal Fatos e Not\u00edcias","url":"https:\/\/jornalfatosenoticias.com.br\/","logo":{"@type":"ImageObject","inLanguage":"pt-BR","@id":"https:\/\/jornalfatosenoticias.com.br\/#\/schema\/logo\/image\/","url":"https:\/\/jornalfatosenoticias.com.br\/wp-content\/uploads\/2020\/02\/logo120.png","contentUrl":"https:\/\/jornalfatosenoticias.com.br\/wp-content\/uploads\/2020\/02\/logo120.png","width":1227,"height":120,"caption":"Jornal Fatos e Not\u00edcias"},"image":{"@id":"https:\/\/jornalfatosenoticias.com.br\/#\/schema\/logo\/image\/"}},{"@type":"Person","@id":"https:\/\/jornalfatosenoticias.com.br\/#\/schema\/person\/d63837fa13ac8666eb9e74e0985d6f81","name":"Luzimara Fernandes","image":{"@type":"ImageObject","inLanguage":"pt-BR","@id":"https:\/\/jornalfatosenoticias.com.br\/#\/schema\/person\/image\/","url":"https:\/\/jornalfatosenoticias.com.br\/wp-content\/uploads\/2025\/05\/EU_portal.jpg","contentUrl":"https:\/\/jornalfatosenoticias.com.br\/wp-content\/uploads\/2025\/05\/EU_portal.jpg","caption":"Luzimara Fernandes"},"description":"Jornalista MTB 2358-ES","sameAs":["https:\/\/jornalfatosenoticias.com.br"],"url":"https:\/\/jornalfatosenoticias.com.br\/index.php\/author\/luzimara\/"}]}},"cc_featured_image_caption":{"caption_text":"","source_text":"","source_url":""},"jetpack_featured_media_url":"https:\/\/jornalfatosenoticias.com.br\/wp-content\/uploads\/2021\/03\/tatu-canastra-cerrado.jpg","_links":{"self":[{"href":"https:\/\/jornalfatosenoticias.com.br\/index.php\/wp-json\/wp\/v2\/posts\/15519","targetHints":{"allow":["GET"]}}],"collection":[{"href":"https:\/\/jornalfatosenoticias.com.br\/index.php\/wp-json\/wp\/v2\/posts"}],"about":[{"href":"https:\/\/jornalfatosenoticias.com.br\/index.php\/wp-json\/wp\/v2\/types\/post"}],"author":[{"embeddable":true,"href":"https:\/\/jornalfatosenoticias.com.br\/index.php\/wp-json\/wp\/v2\/users\/2"}],"replies":[{"embeddable":true,"href":"https:\/\/jornalfatosenoticias.com.br\/index.php\/wp-json\/wp\/v2\/comments?post=15519"}],"version-history":[{"count":0,"href":"https:\/\/jornalfatosenoticias.com.br\/index.php\/wp-json\/wp\/v2\/posts\/15519\/revisions"}],"wp:featuredmedia":[{"embeddable":true,"href":"https:\/\/jornalfatosenoticias.com.br\/index.php\/wp-json\/wp\/v2\/media\/15523"}],"wp:attachment":[{"href":"https:\/\/jornalfatosenoticias.com.br\/index.php\/wp-json\/wp\/v2\/media?parent=15519"}],"wp:term":[{"taxonomy":"category","embeddable":true,"href":"https:\/\/jornalfatosenoticias.com.br\/index.php\/wp-json\/wp\/v2\/categories?post=15519"},{"taxonomy":"post_tag","embeddable":true,"href":"https:\/\/jornalfatosenoticias.com.br\/index.php\/wp-json\/wp\/v2\/tags?post=15519"}],"curies":[{"name":"wp","href":"https:\/\/api.w.org\/{rel}","templated":true}]}}