{"id":15557,"date":"2021-03-08T15:43:04","date_gmt":"2021-03-08T18:43:04","guid":{"rendered":"https:\/\/jornalfatosenoticias.com.br\/?p=15557"},"modified":"2021-03-08T15:43:05","modified_gmt":"2021-03-08T18:43:05","slug":"mulheres-sao-capacitadas-e-levam-energia-solar-para-aldeias-na-tanzania","status":"publish","type":"post","link":"https:\/\/jornalfatosenoticias.com.br\/index.php\/2021\/03\/08\/mulheres-sao-capacitadas-e-levam-energia-solar-para-aldeias-na-tanzania\/","title":{"rendered":"Mulheres s\u00e3o capacitadas e levam energia solar para aldeias na Tanz\u00e2nia"},"content":{"rendered":"\n<h6 class=\"wp-block-heading\"><em>Programa oferece empregos para mulheres em Zanzibar e eletricidade para fam\u00edlias pobres<\/em><\/h6>\n\n\n\n<p>A vida \u00e9 dif\u00edcil para as mulheres que vivem em Zanzibar, uma regi\u00e3o semiaut\u00f4noma da Tanz\u00e2nia formada por um aglomerado de ilhas. Metade da popula\u00e7\u00e3o local vive abaixo da linha da pobreza, e as mulheres t\u00eam menos acesso \u00e0 educa\u00e7\u00e3o e a chance de ter propriedades e at\u00e9 mesmo conta banc\u00e1rias.<br>O acesso \u00e0 eletricidade tamb\u00e9m \u00e9 um problema para fam\u00edlias pobres ou que vivem em zonas rurais, o que aumenta ainda mais os desafios. \u00c9 o exemplo de Salama Husein, m\u00e3e solteira que lutava para ganhar a vida como agricultora.<br>A boa not\u00edcia \u00e9 que um programa est\u00e1 empregando mulheres como Salama, que s\u00e3o treinadas como engenheiras solares e levam luz para comunidades onde n\u00e3o h\u00e1 liga\u00e7\u00e3o com a rede el\u00e9trica de Zanzibar. Hoje Salama pode ter uma renda est\u00e1vel como engenheira solar comunit\u00e1ria.<br>Entre as mulheres selecionadas pelo programa, muitas n\u00e3o sabem ler ou escrever, s\u00e3o m\u00e3es solteiras e av\u00f3s que podem transformar a realidade das aldeias de pescadores e agricultores onde vivem.<br>Sem eletricidade, muitas fam\u00edlias usam lamparinas, cuja fuma\u00e7a pode ser prejudicial \u00e0 sa\u00fade. Al\u00e9m disso, o pre\u00e7o pago pela parafina usada no equipamento nem sempre \u00e9 acess\u00edvel para as fam\u00edlias.<\/p>\n\n\n\n<h4 class=\"wp-block-heading\">Empoderamento feminino<\/h4>\n\n\n\n<figure class=\"wp-block-image size-large\"><img loading=\"lazy\" decoding=\"async\" width=\"1000\" height=\"663\" src=\"https:\/\/jornalfatosenoticias.com.br\/wp-content\/uploads\/2021\/03\/kaspars-eglitis-unsplash.jpg\" alt=\"\" class=\"wp-image-15558\" srcset=\"https:\/\/jornalfatosenoticias.com.br\/wp-content\/uploads\/2021\/03\/kaspars-eglitis-unsplash.jpg 1000w, https:\/\/jornalfatosenoticias.com.br\/wp-content\/uploads\/2021\/03\/kaspars-eglitis-unsplash-300x199.jpg 300w, https:\/\/jornalfatosenoticias.com.br\/wp-content\/uploads\/2021\/03\/kaspars-eglitis-unsplash-768x509.jpg 768w\" sizes=\"auto, (max-width: 1000px) 100vw, 1000px\" \/><figcaption><em>(Foto: Kaspars Eglitis\/Unsplash)<\/em><\/figcaption><\/figure>\n\n\n\n<p>O treinamento \u00e9 oferecido por uma empresa social chamada Barefoot College. O treinamento de mulheres se deve ao fato de que elas t\u00eam menos possibilidades ou ambi\u00e7\u00f5es de deixar suas aldeias, seja por condi\u00e7\u00f5es econ\u00f4micas ou por la\u00e7os familiares, e ao conclu\u00edrem o curso levam os benef\u00edcios para as comunidades.<br>Capacitar mulheres \u00e9 tamb\u00e9m uma possibilidade de dar a elas um trabalho decentemente remunerado em uma sociedade dominada pelos homens da Tanz\u00e2nia.<\/p>\n\n\n\n<h4 class=\"wp-block-heading\">Como funciona<\/h4>\n\n\n\n<p>As comunidades nas aldeias participantes s\u00e3o convidadas a nomear duas mulheres com idade entre 35 e 55 anos para deixar suas fam\u00edlias e viajar para a faculdade. L\u00e1 elas s\u00e3o capacitadas como engenheiras solares, independente de ter ou n\u00e3o uma educa\u00e7\u00e3o formal pr\u00e9via.<br>Estas mulheres s\u00e3o respeitadas e est\u00e3o profundamente conectadas com suas aldeias de origem.<\/p>\n\n\n\n<blockquote class=\"wp-block-quote is-layout-flow wp-block-quote-is-layout-flow\"><p>\u201cQuando voc\u00ea educa uma mulher, voc\u00ea educa uma comunidade inteira\u201d, disse Fatima Juma Haji, engenheira solar da faculdade Barefoot, em Zanzibar.<br>\u201cQuando voc\u00ea educa um homem, ele n\u00e3o fica na aldeia, ele vai embora, mas quando voc\u00ea educa uma mulher, ela volta para sua aldeia e ajuda a melhorar\u201d.<\/p><\/blockquote>\n\n\n\n<div class=\"wp-block-jetpack-slideshow aligncenter\" data-effect=\"slide\"><div class=\"wp-block-jetpack-slideshow_container swiper-container\"><ul class=\"wp-block-jetpack-slideshow_swiper-wrapper swiper-wrapper\"><li class=\"wp-block-jetpack-slideshow_slide swiper-slide\"><figure><img loading=\"lazy\" decoding=\"async\" width=\"1000\" height=\"666\" alt=\"\" class=\"wp-block-jetpack-slideshow_image wp-image-15559\" data-id=\"15559\" src=\"https:\/\/jornalfatosenoticias.com.br\/wp-content\/uploads\/2021\/03\/majkl-velner-unsplash.jpg\" srcset=\"https:\/\/jornalfatosenoticias.com.br\/wp-content\/uploads\/2021\/03\/majkl-velner-unsplash.jpg 1000w, https:\/\/jornalfatosenoticias.com.br\/wp-content\/uploads\/2021\/03\/majkl-velner-unsplash-300x200.jpg 300w, https:\/\/jornalfatosenoticias.com.br\/wp-content\/uploads\/2021\/03\/majkl-velner-unsplash-768x511.jpg 768w\" sizes=\"auto, (max-width: 1000px) 100vw, 1000px\" \/><figcaption class=\"wp-block-jetpack-slideshow_caption gallery-caption\">(Foto: Majkl Velner\/Unsplash)<\/figcaption><\/figure><\/li><li class=\"wp-block-jetpack-slideshow_slide swiper-slide\"><figure><img loading=\"lazy\" decoding=\"async\" width=\"1000\" height=\"472\" alt=\"\" class=\"wp-block-jetpack-slideshow_image wp-image-15560\" data-id=\"15560\" src=\"https:\/\/jornalfatosenoticias.com.br\/wp-content\/uploads\/2021\/03\/mulheres-tanzania-2.png\" srcset=\"https:\/\/jornalfatosenoticias.com.br\/wp-content\/uploads\/2021\/03\/mulheres-tanzania-2.png 1000w, https:\/\/jornalfatosenoticias.com.br\/wp-content\/uploads\/2021\/03\/mulheres-tanzania-2-300x142.png 300w, https:\/\/jornalfatosenoticias.com.br\/wp-content\/uploads\/2021\/03\/mulheres-tanzania-2-768x362.png 768w\" sizes=\"auto, (max-width: 1000px) 100vw, 1000px\" \/><figcaption class=\"wp-block-jetpack-slideshow_caption gallery-caption\">(Foto: Divulga\u00e7\u00e3o) <\/figcaption><\/figure><\/li><li class=\"wp-block-jetpack-slideshow_slide swiper-slide\"><figure><img loading=\"lazy\" decoding=\"async\" width=\"1000\" height=\"666\" alt=\"\" class=\"wp-block-jetpack-slideshow_image wp-image-15561\" data-id=\"15561\" src=\"https:\/\/jornalfatosenoticias.com.br\/wp-content\/uploads\/2021\/03\/mulheres-tanzania-3.jpg\" srcset=\"https:\/\/jornalfatosenoticias.com.br\/wp-content\/uploads\/2021\/03\/mulheres-tanzania-3.jpg 1000w, https:\/\/jornalfatosenoticias.com.br\/wp-content\/uploads\/2021\/03\/mulheres-tanzania-3-300x200.jpg 300w, https:\/\/jornalfatosenoticias.com.br\/wp-content\/uploads\/2021\/03\/mulheres-tanzania-3-768x511.jpg 768w\" sizes=\"auto, (max-width: 1000px) 100vw, 1000px\" \/><figcaption class=\"wp-block-jetpack-slideshow_caption gallery-caption\">(Foto: Nicky Milne\/Thomson Reuters Foundation)<\/figcaption><\/figure><\/li><\/ul><a class=\"wp-block-jetpack-slideshow_button-prev swiper-button-prev swiper-button-white\" role=\"button\"><\/a><a class=\"wp-block-jetpack-slideshow_button-next swiper-button-next swiper-button-white\" role=\"button\"><\/a><a aria-label=\"Pause Slideshow\" class=\"wp-block-jetpack-slideshow_button-pause\" role=\"button\"><\/a><div class=\"wp-block-jetpack-slideshow_pagination swiper-pagination swiper-pagination-white\"><\/div><\/div><\/div>\n\n\n\n<h4 class=\"wp-block-heading\">Sustentabilidade<\/h4>\n\n\n\n<p>Milh\u00f5es de pessoas no continente africano n\u00e3o t\u00eam acesso \u00e0 energia el\u00e9trica e fontes renov\u00e1veis, n\u00e3o ligadas \u00e0 rede p\u00fablica, t\u00eam sido a solu\u00e7\u00e3o para garantir este recurso. De acordo com a Ag\u00eancia Internacional de Energia, o setor de energia renov\u00e1vel deve crescer muito na regi\u00e3o, com uma forte demanda at\u00e9 2022.<\/p>\n\n\n\n<p><em><strong>Fonte: <a href=\"https:\/\/ciclovivo.com.br\/planeta\/energia\/mulheres-sao-capacitadas-e-levam-energia-solar-para-aldeias-na-tanzania\/\">CicloVivo<\/a><\/strong><\/em><\/p>\n","protected":false},"excerpt":{"rendered":"<p>Programa oferece empregos para mulheres em Zanzibar e eletricidade para fam\u00edlias pobres A vida \u00e9 dif\u00edcil para as mulheres que vivem em Zanzibar, uma regi\u00e3o semiaut\u00f4noma da Tanz\u00e2nia formada por um aglomerado de ilhas. Metade da popula\u00e7\u00e3o local vive abaixo da linha da pobreza, e as mulheres t\u00eam menos acesso \u00e0 educa\u00e7\u00e3o e a chance [&hellip;]<\/p>\n","protected":false},"author":2,"featured_media":15562,"comment_status":"open","ping_status":"open","sticky":false,"template":"","format":"standard","meta":{"footnotes":""},"categories":[41],"tags":[201,599,387,7897,7898],"class_list":["post-15557","post","type-post","status-publish","format-standard","has-post-thumbnail","hentry","category-internacional","tag-eletricidade","tag-energia-solar","tag-mulheres","tag-tanzania","tag-zanzibar"],"yoast_head":"<!-- This site is optimized with the Yoast SEO plugin v26.5 - https:\/\/yoast.com\/wordpress\/plugins\/seo\/ -->\n<title>Mulheres s\u00e3o capacitadas e levam energia solar para aldeias na Tanz\u00e2nia - Jornal Fatos e Not\u00edcias<\/title>\n<meta name=\"robots\" content=\"index, follow, max-snippet:-1, max-image-preview:large, max-video-preview:-1\" \/>\n<link rel=\"canonical\" href=\"https:\/\/jornalfatosenoticias.com.br\/index.php\/2021\/03\/08\/mulheres-sao-capacitadas-e-levam-energia-solar-para-aldeias-na-tanzania\/\" \/>\n<meta property=\"og:locale\" content=\"pt_BR\" \/>\n<meta property=\"og:type\" content=\"article\" \/>\n<meta property=\"og:title\" content=\"Mulheres s\u00e3o capacitadas e levam energia solar para aldeias na Tanz\u00e2nia - Jornal Fatos e Not\u00edcias\" \/>\n<meta property=\"og:description\" content=\"Programa oferece empregos para mulheres em Zanzibar e eletricidade para fam\u00edlias pobres A vida \u00e9 dif\u00edcil para as mulheres que vivem em Zanzibar, uma regi\u00e3o semiaut\u00f4noma da Tanz\u00e2nia formada por um aglomerado de ilhas. Metade da popula\u00e7\u00e3o local vive abaixo da linha da pobreza, e as mulheres t\u00eam menos acesso \u00e0 educa\u00e7\u00e3o e a chance [&hellip;]\" \/>\n<meta property=\"og:url\" content=\"https:\/\/jornalfatosenoticias.com.br\/index.php\/2021\/03\/08\/mulheres-sao-capacitadas-e-levam-energia-solar-para-aldeias-na-tanzania\/\" \/>\n<meta property=\"og:site_name\" content=\"Jornal Fatos e Not\u00edcias\" \/>\n<meta property=\"article:published_time\" content=\"2021-03-08T18:43:04+00:00\" \/>\n<meta property=\"article:modified_time\" content=\"2021-03-08T18:43:05+00:00\" \/>\n<meta property=\"og:image\" content=\"https:\/\/jornalfatosenoticias.com.br\/wp-content\/uploads\/2021\/03\/mulheres-tanzania-1.jpg\" \/>\n\t<meta property=\"og:image:width\" content=\"1000\" \/>\n\t<meta property=\"og:image:height\" content=\"600\" \/>\n\t<meta property=\"og:image:type\" content=\"image\/jpeg\" \/>\n<meta name=\"author\" content=\"Luzimara Fernandes\" \/>\n<meta name=\"twitter:card\" content=\"summary_large_image\" \/>\n<meta name=\"twitter:label1\" content=\"Escrito por\" \/>\n\t<meta name=\"twitter:data1\" content=\"Luzimara Fernandes\" \/>\n\t<meta name=\"twitter:label2\" content=\"Est. tempo de leitura\" \/>\n\t<meta name=\"twitter:data2\" content=\"3 minutos\" \/>\n<script type=\"application\/ld+json\" class=\"yoast-schema-graph\">{\"@context\":\"https:\/\/schema.org\",\"@graph\":[{\"@type\":\"Article\",\"@id\":\"https:\/\/jornalfatosenoticias.com.br\/index.php\/2021\/03\/08\/mulheres-sao-capacitadas-e-levam-energia-solar-para-aldeias-na-tanzania\/#article\",\"isPartOf\":{\"@id\":\"https:\/\/jornalfatosenoticias.com.br\/index.php\/2021\/03\/08\/mulheres-sao-capacitadas-e-levam-energia-solar-para-aldeias-na-tanzania\/\"},\"author\":{\"name\":\"Luzimara Fernandes\",\"@id\":\"https:\/\/jornalfatosenoticias.com.br\/#\/schema\/person\/d63837fa13ac8666eb9e74e0985d6f81\"},\"headline\":\"Mulheres s\u00e3o capacitadas e levam energia solar para aldeias na Tanz\u00e2nia\",\"datePublished\":\"2021-03-08T18:43:04+00:00\",\"dateModified\":\"2021-03-08T18:43:05+00:00\",\"mainEntityOfPage\":{\"@id\":\"https:\/\/jornalfatosenoticias.com.br\/index.php\/2021\/03\/08\/mulheres-sao-capacitadas-e-levam-energia-solar-para-aldeias-na-tanzania\/\"},\"wordCount\":518,\"commentCount\":0,\"publisher\":{\"@id\":\"https:\/\/jornalfatosenoticias.com.br\/#organization\"},\"image\":{\"@id\":\"https:\/\/jornalfatosenoticias.com.br\/index.php\/2021\/03\/08\/mulheres-sao-capacitadas-e-levam-energia-solar-para-aldeias-na-tanzania\/#primaryimage\"},\"thumbnailUrl\":\"https:\/\/jornalfatosenoticias.com.br\/wp-content\/uploads\/2021\/03\/mulheres-tanzania-1.jpg\",\"keywords\":[\"eletricidade\",\"energia solar\",\"mulheres\",\"Tanz\u00e2nia\",\"Zanzibar\"],\"articleSection\":[\"Internacional\"],\"inLanguage\":\"pt-BR\",\"potentialAction\":[{\"@type\":\"CommentAction\",\"name\":\"Comment\",\"target\":[\"https:\/\/jornalfatosenoticias.com.br\/index.php\/2021\/03\/08\/mulheres-sao-capacitadas-e-levam-energia-solar-para-aldeias-na-tanzania\/#respond\"]}]},{\"@type\":\"WebPage\",\"@id\":\"https:\/\/jornalfatosenoticias.com.br\/index.php\/2021\/03\/08\/mulheres-sao-capacitadas-e-levam-energia-solar-para-aldeias-na-tanzania\/\",\"url\":\"https:\/\/jornalfatosenoticias.com.br\/index.php\/2021\/03\/08\/mulheres-sao-capacitadas-e-levam-energia-solar-para-aldeias-na-tanzania\/\",\"name\":\"Mulheres s\u00e3o capacitadas e levam energia solar para aldeias na Tanz\u00e2nia - Jornal Fatos e Not\u00edcias\",\"isPartOf\":{\"@id\":\"https:\/\/jornalfatosenoticias.com.br\/#website\"},\"primaryImageOfPage\":{\"@id\":\"https:\/\/jornalfatosenoticias.com.br\/index.php\/2021\/03\/08\/mulheres-sao-capacitadas-e-levam-energia-solar-para-aldeias-na-tanzania\/#primaryimage\"},\"image\":{\"@id\":\"https:\/\/jornalfatosenoticias.com.br\/index.php\/2021\/03\/08\/mulheres-sao-capacitadas-e-levam-energia-solar-para-aldeias-na-tanzania\/#primaryimage\"},\"thumbnailUrl\":\"https:\/\/jornalfatosenoticias.com.br\/wp-content\/uploads\/2021\/03\/mulheres-tanzania-1.jpg\",\"datePublished\":\"2021-03-08T18:43:04+00:00\",\"dateModified\":\"2021-03-08T18:43:05+00:00\",\"breadcrumb\":{\"@id\":\"https:\/\/jornalfatosenoticias.com.br\/index.php\/2021\/03\/08\/mulheres-sao-capacitadas-e-levam-energia-solar-para-aldeias-na-tanzania\/#breadcrumb\"},\"inLanguage\":\"pt-BR\",\"potentialAction\":[{\"@type\":\"ReadAction\",\"target\":[\"https:\/\/jornalfatosenoticias.com.br\/index.php\/2021\/03\/08\/mulheres-sao-capacitadas-e-levam-energia-solar-para-aldeias-na-tanzania\/\"]}]},{\"@type\":\"ImageObject\",\"inLanguage\":\"pt-BR\",\"@id\":\"https:\/\/jornalfatosenoticias.com.br\/index.php\/2021\/03\/08\/mulheres-sao-capacitadas-e-levam-energia-solar-para-aldeias-na-tanzania\/#primaryimage\",\"url\":\"https:\/\/jornalfatosenoticias.com.br\/wp-content\/uploads\/2021\/03\/mulheres-tanzania-1.jpg\",\"contentUrl\":\"https:\/\/jornalfatosenoticias.com.br\/wp-content\/uploads\/2021\/03\/mulheres-tanzania-1.jpg\",\"width\":1000,\"height\":600},{\"@type\":\"BreadcrumbList\",\"@id\":\"https:\/\/jornalfatosenoticias.com.br\/index.php\/2021\/03\/08\/mulheres-sao-capacitadas-e-levam-energia-solar-para-aldeias-na-tanzania\/#breadcrumb\",\"itemListElement\":[{\"@type\":\"ListItem\",\"position\":1,\"name\":\"In\u00edcio\",\"item\":\"https:\/\/jornalfatosenoticias.com.br\/\"},{\"@type\":\"ListItem\",\"position\":2,\"name\":\"Mulheres s\u00e3o capacitadas e levam energia solar para aldeias na Tanz\u00e2nia\"}]},{\"@type\":\"WebSite\",\"@id\":\"https:\/\/jornalfatosenoticias.com.br\/#website\",\"url\":\"https:\/\/jornalfatosenoticias.com.br\/\",\"name\":\"Jornal Fatos e Not\u00edcias\",\"description\":\"Not\u00edcias em geral\",\"publisher\":{\"@id\":\"https:\/\/jornalfatosenoticias.com.br\/#organization\"},\"potentialAction\":[{\"@type\":\"SearchAction\",\"target\":{\"@type\":\"EntryPoint\",\"urlTemplate\":\"https:\/\/jornalfatosenoticias.com.br\/?s={search_term_string}\"},\"query-input\":{\"@type\":\"PropertyValueSpecification\",\"valueRequired\":true,\"valueName\":\"search_term_string\"}}],\"inLanguage\":\"pt-BR\"},{\"@type\":\"Organization\",\"@id\":\"https:\/\/jornalfatosenoticias.com.br\/#organization\",\"name\":\"Jornal Fatos e Not\u00edcias\",\"url\":\"https:\/\/jornalfatosenoticias.com.br\/\",\"logo\":{\"@type\":\"ImageObject\",\"inLanguage\":\"pt-BR\",\"@id\":\"https:\/\/jornalfatosenoticias.com.br\/#\/schema\/logo\/image\/\",\"url\":\"https:\/\/jornalfatosenoticias.com.br\/wp-content\/uploads\/2020\/02\/logo120.png\",\"contentUrl\":\"https:\/\/jornalfatosenoticias.com.br\/wp-content\/uploads\/2020\/02\/logo120.png\",\"width\":1227,\"height\":120,\"caption\":\"Jornal Fatos e Not\u00edcias\"},\"image\":{\"@id\":\"https:\/\/jornalfatosenoticias.com.br\/#\/schema\/logo\/image\/\"}},{\"@type\":\"Person\",\"@id\":\"https:\/\/jornalfatosenoticias.com.br\/#\/schema\/person\/d63837fa13ac8666eb9e74e0985d6f81\",\"name\":\"Luzimara Fernandes\",\"image\":{\"@type\":\"ImageObject\",\"inLanguage\":\"pt-BR\",\"@id\":\"https:\/\/jornalfatosenoticias.com.br\/#\/schema\/person\/image\/\",\"url\":\"https:\/\/jornalfatosenoticias.com.br\/wp-content\/uploads\/2025\/05\/EU_portal.jpg\",\"contentUrl\":\"https:\/\/jornalfatosenoticias.com.br\/wp-content\/uploads\/2025\/05\/EU_portal.jpg\",\"caption\":\"Luzimara Fernandes\"},\"description\":\"Jornalista MTB 2358-ES\",\"sameAs\":[\"https:\/\/jornalfatosenoticias.com.br\"],\"url\":\"https:\/\/jornalfatosenoticias.com.br\/index.php\/author\/luzimara\/\"}]}<\/script>\n<!-- \/ Yoast SEO plugin. -->","yoast_head_json":{"title":"Mulheres s\u00e3o capacitadas e levam energia solar para aldeias na Tanz\u00e2nia - Jornal Fatos e Not\u00edcias","robots":{"index":"index","follow":"follow","max-snippet":"max-snippet:-1","max-image-preview":"max-image-preview:large","max-video-preview":"max-video-preview:-1"},"canonical":"https:\/\/jornalfatosenoticias.com.br\/index.php\/2021\/03\/08\/mulheres-sao-capacitadas-e-levam-energia-solar-para-aldeias-na-tanzania\/","og_locale":"pt_BR","og_type":"article","og_title":"Mulheres s\u00e3o capacitadas e levam energia solar para aldeias na Tanz\u00e2nia - Jornal Fatos e Not\u00edcias","og_description":"Programa oferece empregos para mulheres em Zanzibar e eletricidade para fam\u00edlias pobres A vida \u00e9 dif\u00edcil para as mulheres que vivem em Zanzibar, uma regi\u00e3o semiaut\u00f4noma da Tanz\u00e2nia formada por um aglomerado de ilhas. Metade da popula\u00e7\u00e3o local vive abaixo da linha da pobreza, e as mulheres t\u00eam menos acesso \u00e0 educa\u00e7\u00e3o e a chance [&hellip;]","og_url":"https:\/\/jornalfatosenoticias.com.br\/index.php\/2021\/03\/08\/mulheres-sao-capacitadas-e-levam-energia-solar-para-aldeias-na-tanzania\/","og_site_name":"Jornal Fatos e Not\u00edcias","article_published_time":"2021-03-08T18:43:04+00:00","article_modified_time":"2021-03-08T18:43:05+00:00","og_image":[{"width":1000,"height":600,"url":"https:\/\/jornalfatosenoticias.com.br\/wp-content\/uploads\/2021\/03\/mulheres-tanzania-1.jpg","type":"image\/jpeg"}],"author":"Luzimara Fernandes","twitter_card":"summary_large_image","twitter_misc":{"Escrito por":"Luzimara Fernandes","Est. tempo de leitura":"3 minutos"},"schema":{"@context":"https:\/\/schema.org","@graph":[{"@type":"Article","@id":"https:\/\/jornalfatosenoticias.com.br\/index.php\/2021\/03\/08\/mulheres-sao-capacitadas-e-levam-energia-solar-para-aldeias-na-tanzania\/#article","isPartOf":{"@id":"https:\/\/jornalfatosenoticias.com.br\/index.php\/2021\/03\/08\/mulheres-sao-capacitadas-e-levam-energia-solar-para-aldeias-na-tanzania\/"},"author":{"name":"Luzimara Fernandes","@id":"https:\/\/jornalfatosenoticias.com.br\/#\/schema\/person\/d63837fa13ac8666eb9e74e0985d6f81"},"headline":"Mulheres s\u00e3o capacitadas e levam energia solar para aldeias na Tanz\u00e2nia","datePublished":"2021-03-08T18:43:04+00:00","dateModified":"2021-03-08T18:43:05+00:00","mainEntityOfPage":{"@id":"https:\/\/jornalfatosenoticias.com.br\/index.php\/2021\/03\/08\/mulheres-sao-capacitadas-e-levam-energia-solar-para-aldeias-na-tanzania\/"},"wordCount":518,"commentCount":0,"publisher":{"@id":"https:\/\/jornalfatosenoticias.com.br\/#organization"},"image":{"@id":"https:\/\/jornalfatosenoticias.com.br\/index.php\/2021\/03\/08\/mulheres-sao-capacitadas-e-levam-energia-solar-para-aldeias-na-tanzania\/#primaryimage"},"thumbnailUrl":"https:\/\/jornalfatosenoticias.com.br\/wp-content\/uploads\/2021\/03\/mulheres-tanzania-1.jpg","keywords":["eletricidade","energia solar","mulheres","Tanz\u00e2nia","Zanzibar"],"articleSection":["Internacional"],"inLanguage":"pt-BR","potentialAction":[{"@type":"CommentAction","name":"Comment","target":["https:\/\/jornalfatosenoticias.com.br\/index.php\/2021\/03\/08\/mulheres-sao-capacitadas-e-levam-energia-solar-para-aldeias-na-tanzania\/#respond"]}]},{"@type":"WebPage","@id":"https:\/\/jornalfatosenoticias.com.br\/index.php\/2021\/03\/08\/mulheres-sao-capacitadas-e-levam-energia-solar-para-aldeias-na-tanzania\/","url":"https:\/\/jornalfatosenoticias.com.br\/index.php\/2021\/03\/08\/mulheres-sao-capacitadas-e-levam-energia-solar-para-aldeias-na-tanzania\/","name":"Mulheres s\u00e3o capacitadas e levam energia solar para aldeias na Tanz\u00e2nia - Jornal Fatos e Not\u00edcias","isPartOf":{"@id":"https:\/\/jornalfatosenoticias.com.br\/#website"},"primaryImageOfPage":{"@id":"https:\/\/jornalfatosenoticias.com.br\/index.php\/2021\/03\/08\/mulheres-sao-capacitadas-e-levam-energia-solar-para-aldeias-na-tanzania\/#primaryimage"},"image":{"@id":"https:\/\/jornalfatosenoticias.com.br\/index.php\/2021\/03\/08\/mulheres-sao-capacitadas-e-levam-energia-solar-para-aldeias-na-tanzania\/#primaryimage"},"thumbnailUrl":"https:\/\/jornalfatosenoticias.com.br\/wp-content\/uploads\/2021\/03\/mulheres-tanzania-1.jpg","datePublished":"2021-03-08T18:43:04+00:00","dateModified":"2021-03-08T18:43:05+00:00","breadcrumb":{"@id":"https:\/\/jornalfatosenoticias.com.br\/index.php\/2021\/03\/08\/mulheres-sao-capacitadas-e-levam-energia-solar-para-aldeias-na-tanzania\/#breadcrumb"},"inLanguage":"pt-BR","potentialAction":[{"@type":"ReadAction","target":["https:\/\/jornalfatosenoticias.com.br\/index.php\/2021\/03\/08\/mulheres-sao-capacitadas-e-levam-energia-solar-para-aldeias-na-tanzania\/"]}]},{"@type":"ImageObject","inLanguage":"pt-BR","@id":"https:\/\/jornalfatosenoticias.com.br\/index.php\/2021\/03\/08\/mulheres-sao-capacitadas-e-levam-energia-solar-para-aldeias-na-tanzania\/#primaryimage","url":"https:\/\/jornalfatosenoticias.com.br\/wp-content\/uploads\/2021\/03\/mulheres-tanzania-1.jpg","contentUrl":"https:\/\/jornalfatosenoticias.com.br\/wp-content\/uploads\/2021\/03\/mulheres-tanzania-1.jpg","width":1000,"height":600},{"@type":"BreadcrumbList","@id":"https:\/\/jornalfatosenoticias.com.br\/index.php\/2021\/03\/08\/mulheres-sao-capacitadas-e-levam-energia-solar-para-aldeias-na-tanzania\/#breadcrumb","itemListElement":[{"@type":"ListItem","position":1,"name":"In\u00edcio","item":"https:\/\/jornalfatosenoticias.com.br\/"},{"@type":"ListItem","position":2,"name":"Mulheres s\u00e3o capacitadas e levam energia solar para aldeias na Tanz\u00e2nia"}]},{"@type":"WebSite","@id":"https:\/\/jornalfatosenoticias.com.br\/#website","url":"https:\/\/jornalfatosenoticias.com.br\/","name":"Jornal Fatos e Not\u00edcias","description":"Not\u00edcias em geral","publisher":{"@id":"https:\/\/jornalfatosenoticias.com.br\/#organization"},"potentialAction":[{"@type":"SearchAction","target":{"@type":"EntryPoint","urlTemplate":"https:\/\/jornalfatosenoticias.com.br\/?s={search_term_string}"},"query-input":{"@type":"PropertyValueSpecification","valueRequired":true,"valueName":"search_term_string"}}],"inLanguage":"pt-BR"},{"@type":"Organization","@id":"https:\/\/jornalfatosenoticias.com.br\/#organization","name":"Jornal Fatos e Not\u00edcias","url":"https:\/\/jornalfatosenoticias.com.br\/","logo":{"@type":"ImageObject","inLanguage":"pt-BR","@id":"https:\/\/jornalfatosenoticias.com.br\/#\/schema\/logo\/image\/","url":"https:\/\/jornalfatosenoticias.com.br\/wp-content\/uploads\/2020\/02\/logo120.png","contentUrl":"https:\/\/jornalfatosenoticias.com.br\/wp-content\/uploads\/2020\/02\/logo120.png","width":1227,"height":120,"caption":"Jornal Fatos e Not\u00edcias"},"image":{"@id":"https:\/\/jornalfatosenoticias.com.br\/#\/schema\/logo\/image\/"}},{"@type":"Person","@id":"https:\/\/jornalfatosenoticias.com.br\/#\/schema\/person\/d63837fa13ac8666eb9e74e0985d6f81","name":"Luzimara Fernandes","image":{"@type":"ImageObject","inLanguage":"pt-BR","@id":"https:\/\/jornalfatosenoticias.com.br\/#\/schema\/person\/image\/","url":"https:\/\/jornalfatosenoticias.com.br\/wp-content\/uploads\/2025\/05\/EU_portal.jpg","contentUrl":"https:\/\/jornalfatosenoticias.com.br\/wp-content\/uploads\/2025\/05\/EU_portal.jpg","caption":"Luzimara Fernandes"},"description":"Jornalista MTB 2358-ES","sameAs":["https:\/\/jornalfatosenoticias.com.br"],"url":"https:\/\/jornalfatosenoticias.com.br\/index.php\/author\/luzimara\/"}]}},"cc_featured_image_caption":{"caption_text":"(Foto: Divulga\u00e7\u00e3o) ","source_text":"","source_url":""},"jetpack_featured_media_url":"https:\/\/jornalfatosenoticias.com.br\/wp-content\/uploads\/2021\/03\/mulheres-tanzania-1.jpg","_links":{"self":[{"href":"https:\/\/jornalfatosenoticias.com.br\/index.php\/wp-json\/wp\/v2\/posts\/15557","targetHints":{"allow":["GET"]}}],"collection":[{"href":"https:\/\/jornalfatosenoticias.com.br\/index.php\/wp-json\/wp\/v2\/posts"}],"about":[{"href":"https:\/\/jornalfatosenoticias.com.br\/index.php\/wp-json\/wp\/v2\/types\/post"}],"author":[{"embeddable":true,"href":"https:\/\/jornalfatosenoticias.com.br\/index.php\/wp-json\/wp\/v2\/users\/2"}],"replies":[{"embeddable":true,"href":"https:\/\/jornalfatosenoticias.com.br\/index.php\/wp-json\/wp\/v2\/comments?post=15557"}],"version-history":[{"count":0,"href":"https:\/\/jornalfatosenoticias.com.br\/index.php\/wp-json\/wp\/v2\/posts\/15557\/revisions"}],"wp:featuredmedia":[{"embeddable":true,"href":"https:\/\/jornalfatosenoticias.com.br\/index.php\/wp-json\/wp\/v2\/media\/15562"}],"wp:attachment":[{"href":"https:\/\/jornalfatosenoticias.com.br\/index.php\/wp-json\/wp\/v2\/media?parent=15557"}],"wp:term":[{"taxonomy":"category","embeddable":true,"href":"https:\/\/jornalfatosenoticias.com.br\/index.php\/wp-json\/wp\/v2\/categories?post=15557"},{"taxonomy":"post_tag","embeddable":true,"href":"https:\/\/jornalfatosenoticias.com.br\/index.php\/wp-json\/wp\/v2\/tags?post=15557"}],"curies":[{"name":"wp","href":"https:\/\/api.w.org\/{rel}","templated":true}]}}