{"id":15564,"date":"2021-03-08T15:59:30","date_gmt":"2021-03-08T18:59:30","guid":{"rendered":"https:\/\/jornalfatosenoticias.com.br\/?p=15564"},"modified":"2021-03-08T15:59:35","modified_gmt":"2021-03-08T18:59:35","slug":"japao-inaugura-cafe-com-robos-operados-por-pessoas-com-deficiencias","status":"publish","type":"post","link":"https:\/\/jornalfatosenoticias.com.br\/index.php\/2021\/03\/08\/japao-inaugura-cafe-com-robos-operados-por-pessoas-com-deficiencias\/","title":{"rendered":"Jap\u00e3o inaugura caf\u00e9 com rob\u00f4s operados por pessoas com defici\u00eancias"},"content":{"rendered":"\n<p>Quando Kentaro Yoshifuji criou seu rob\u00f4 OriHime no final de 2011, para conectar pacientes hospitalares com problemas de mobilidade, n\u00e3o imaginou que sua inven\u00e7\u00e3o fosse fazer tanto sucesso, resultando em uma <a href=\"https:\/\/www.megacurioso.com.br\/bizarro\/85461-confira-tecnologias-bizarras-que-voce-encontra-em-banheiros-do-japao.htm\">promissora startup<\/a>, a OryLab, da qual o inventor \u00e9 o CEO.<br>Depois que os graciosos rob\u00f4s foram utilizados, desde 2018, em <a href=\"https:\/\/www.megacurioso.com.br\/estilo-de-vida\/110285-bar-no-japao-permite-que-garcons-com-paralisia-controlem-robos-remotamente.htm\">restaurantes pop-up<\/a> \u201cvers\u00e3o beta\u201d, operados remotamente por funcion\u00e1rios com defici\u00eancia, a OryLab decidiu abrir um caf\u00e9 permanente em T\u00f3quio, com inaugura\u00e7\u00e3o prevista para junho de 2021, durante as Olimp\u00edadas, para servir como uma loja-modelo que usar\u00e1 o OriHime em uma nova participa\u00e7\u00e3o social de pessoas com dificuldades em sair de casa.<\/p>\n\n\n\n<h4 class=\"wp-block-heading\">Como ir\u00e1 funcionar o Avatar Caf\u00e9 DAWN?<\/h4>\n\n\n\n<div class=\"wp-block-jetpack-slideshow aligncenter\" data-effect=\"slide\"><div class=\"wp-block-jetpack-slideshow_container swiper-container\"><ul class=\"wp-block-jetpack-slideshow_swiper-wrapper swiper-wrapper\"><li class=\"wp-block-jetpack-slideshow_slide swiper-slide\"><figure><img loading=\"lazy\" decoding=\"async\" width=\"1000\" height=\"667\" alt=\"\" class=\"wp-block-jetpack-slideshow_image wp-image-15565\" data-id=\"15565\" src=\"https:\/\/jornalfatosenoticias.com.br\/wp-content\/uploads\/2021\/03\/cafe-japones_robos2.jpg\" srcset=\"https:\/\/jornalfatosenoticias.com.br\/wp-content\/uploads\/2021\/03\/cafe-japones_robos2.jpg 1000w, https:\/\/jornalfatosenoticias.com.br\/wp-content\/uploads\/2021\/03\/cafe-japones_robos2-300x200.jpg 300w, https:\/\/jornalfatosenoticias.com.br\/wp-content\/uploads\/2021\/03\/cafe-japones_robos2-768x512.jpg 768w\" sizes=\"auto, (max-width: 1000px) 100vw, 1000px\" \/><figcaption class=\"wp-block-jetpack-slideshow_caption gallery-caption\">(Fotos: OryLab\/Facebook\/Divulga\u00e7\u00e3o) <\/figcaption><\/figure><\/li><li class=\"wp-block-jetpack-slideshow_slide swiper-slide\"><figure><img loading=\"lazy\" decoding=\"async\" width=\"1000\" height=\"544\" alt=\"\" class=\"wp-block-jetpack-slideshow_image wp-image-15566\" data-id=\"15566\" src=\"https:\/\/jornalfatosenoticias.com.br\/wp-content\/uploads\/2021\/03\/cafe-japones_robos.jpg\" srcset=\"https:\/\/jornalfatosenoticias.com.br\/wp-content\/uploads\/2021\/03\/cafe-japones_robos.jpg 1000w, https:\/\/jornalfatosenoticias.com.br\/wp-content\/uploads\/2021\/03\/cafe-japones_robos-300x163.jpg 300w, https:\/\/jornalfatosenoticias.com.br\/wp-content\/uploads\/2021\/03\/cafe-japones_robos-768x418.jpg 768w\" sizes=\"auto, (max-width: 1000px) 100vw, 1000px\" \/><\/figure><\/li><\/ul><a class=\"wp-block-jetpack-slideshow_button-prev swiper-button-prev swiper-button-white\" role=\"button\"><\/a><a class=\"wp-block-jetpack-slideshow_button-next swiper-button-next swiper-button-white\" role=\"button\"><\/a><a aria-label=\"Pause Slideshow\" class=\"wp-block-jetpack-slideshow_button-pause\" role=\"button\"><\/a><div class=\"wp-block-jetpack-slideshow_pagination swiper-pagination swiper-pagination-white\"><\/div><\/div><\/div>\n\n\n\n<p>O Avatar Caf\u00e9 DAWN pretende reduzir a solid\u00e3o humana, permitindo que pessoas que est\u00e3o confinadas em casa (o que se intensificou durante a pandemia) consigam &#8220;sair&#8221; virtualmente para trabalhar como empregados do caf\u00e9 e se comunicar com os clientes, atrav\u00e9s do OriHime como seu avatar, dispon\u00edvel em dois modelos.<br>O primeiro tipo de rob\u00f4 \u00e9 o estacion\u00e1rio, que fica parado ao lado das mesas, recebe os pedidos dos clientes, transmite e fica ao lado se comunicando. Esse modelo posa de gar\u00e7om e o seu controlador visualiza os clientes e interage por voz com eles.<br>O segundo modelo \u00e9 o que tem sido utilizado at\u00e9 agora, <a href=\"https:\/\/www.megacurioso.com.br\/gourmet\/77780-restaurante-saudavel-para-os-fashionistas.htm#:~:text=Estamos%20falando%20de%20Elettra%20Wiedemann,passarelas%20e%20sess%C3%B5es%20de%20foto.\" rel=\"noreferrer noopener\" target=\"_blank\">em eventos e feiras<\/a>, o Orihime-D. Este \u00e9 um rob\u00f4 m\u00f3vel capaz de servir as mesas e entregar alimentos aos clientes. No v\u00eddeo abaixo, \u00e9 poss\u00edvel ver o \u201ccaf\u00e9 remotamente operado&#8221; funcionando como um experimento social, onde pessoas com defici\u00eancia podem trabalhar, interagir com outras e se envolver em pap\u00e9is significativos.<\/p>\n\n\n\n<p><strong><em>Fonte: <a href=\"https:\/\/www.megacurioso.com.br\/estilo-de-vida\/117881-japao-inaugura-cafe-com-robos-operados-por-pessoas-com-deficiencias.htm\">Megacurioso<\/a><\/em><\/strong><\/p>\n","protected":false},"excerpt":{"rendered":"<p>Quando Kentaro Yoshifuji criou seu rob\u00f4 OriHime no final de 2011, para conectar pacientes hospitalares com problemas de mobilidade, n\u00e3o imaginou que sua inven\u00e7\u00e3o fosse fazer tanto sucesso, resultando em uma promissora startup, a OryLab, da qual o inventor \u00e9 o CEO.Depois que os graciosos rob\u00f4s foram utilizados, desde 2018, em restaurantes pop-up \u201cvers\u00e3o beta\u201d, [&hellip;]<\/p>\n","protected":false},"author":2,"featured_media":15567,"comment_status":"open","ping_status":"open","sticky":false,"template":"","format":"standard","meta":{"footnotes":""},"categories":[3],"tags":[7899,7900,233,5522,198],"class_list":["post-15564","post","type-post","status-publish","format-standard","has-post-thumbnail","hentry","category-tecnologia","tag-avatar-cafe-dawn","tag-cotidiano","tag-japao","tag-robos","tag-tecnologia"],"yoast_head":"<!-- This site is optimized with the Yoast SEO plugin v26.5 - https:\/\/yoast.com\/wordpress\/plugins\/seo\/ -->\n<title>Jap\u00e3o inaugura caf\u00e9 com rob\u00f4s operados por pessoas com defici\u00eancias - Jornal Fatos e Not\u00edcias<\/title>\n<meta name=\"robots\" content=\"index, follow, max-snippet:-1, max-image-preview:large, max-video-preview:-1\" \/>\n<link rel=\"canonical\" href=\"https:\/\/jornalfatosenoticias.com.br\/index.php\/2021\/03\/08\/japao-inaugura-cafe-com-robos-operados-por-pessoas-com-deficiencias\/\" \/>\n<meta property=\"og:locale\" content=\"pt_BR\" \/>\n<meta property=\"og:type\" content=\"article\" \/>\n<meta property=\"og:title\" content=\"Jap\u00e3o inaugura caf\u00e9 com rob\u00f4s operados por pessoas com defici\u00eancias - Jornal Fatos e Not\u00edcias\" \/>\n<meta property=\"og:description\" content=\"Quando Kentaro Yoshifuji criou seu rob\u00f4 OriHime no final de 2011, para conectar pacientes hospitalares com problemas de mobilidade, n\u00e3o imaginou que sua inven\u00e7\u00e3o fosse fazer tanto sucesso, resultando em uma promissora startup, a OryLab, da qual o inventor \u00e9 o CEO.Depois que os graciosos rob\u00f4s foram utilizados, desde 2018, em restaurantes pop-up \u201cvers\u00e3o beta\u201d, [&hellip;]\" \/>\n<meta property=\"og:url\" content=\"https:\/\/jornalfatosenoticias.com.br\/index.php\/2021\/03\/08\/japao-inaugura-cafe-com-robos-operados-por-pessoas-com-deficiencias\/\" \/>\n<meta property=\"og:site_name\" content=\"Jornal Fatos e Not\u00edcias\" \/>\n<meta property=\"article:published_time\" content=\"2021-03-08T18:59:30+00:00\" \/>\n<meta property=\"article:modified_time\" content=\"2021-03-08T18:59:35+00:00\" \/>\n<meta property=\"og:image\" content=\"https:\/\/jornalfatosenoticias.com.br\/wp-content\/uploads\/2021\/03\/cafe-japones_robos_capa.jpg\" \/>\n\t<meta property=\"og:image:width\" content=\"1000\" \/>\n\t<meta property=\"og:image:height\" content=\"397\" \/>\n\t<meta property=\"og:image:type\" content=\"image\/jpeg\" \/>\n<meta name=\"author\" content=\"Luzimara Fernandes\" \/>\n<meta name=\"twitter:card\" content=\"summary_large_image\" \/>\n<meta name=\"twitter:label1\" content=\"Escrito por\" \/>\n\t<meta name=\"twitter:data1\" content=\"Luzimara Fernandes\" \/>\n\t<meta name=\"twitter:label2\" content=\"Est. tempo de leitura\" \/>\n\t<meta name=\"twitter:data2\" content=\"1 minuto\" \/>\n<script type=\"application\/ld+json\" class=\"yoast-schema-graph\">{\"@context\":\"https:\/\/schema.org\",\"@graph\":[{\"@type\":\"Article\",\"@id\":\"https:\/\/jornalfatosenoticias.com.br\/index.php\/2021\/03\/08\/japao-inaugura-cafe-com-robos-operados-por-pessoas-com-deficiencias\/#article\",\"isPartOf\":{\"@id\":\"https:\/\/jornalfatosenoticias.com.br\/index.php\/2021\/03\/08\/japao-inaugura-cafe-com-robos-operados-por-pessoas-com-deficiencias\/\"},\"author\":{\"name\":\"Luzimara Fernandes\",\"@id\":\"https:\/\/jornalfatosenoticias.com.br\/#\/schema\/person\/d63837fa13ac8666eb9e74e0985d6f81\"},\"headline\":\"Jap\u00e3o inaugura caf\u00e9 com rob\u00f4s operados por pessoas com defici\u00eancias\",\"datePublished\":\"2021-03-08T18:59:30+00:00\",\"dateModified\":\"2021-03-08T18:59:35+00:00\",\"mainEntityOfPage\":{\"@id\":\"https:\/\/jornalfatosenoticias.com.br\/index.php\/2021\/03\/08\/japao-inaugura-cafe-com-robos-operados-por-pessoas-com-deficiencias\/\"},\"wordCount\":299,\"commentCount\":0,\"publisher\":{\"@id\":\"https:\/\/jornalfatosenoticias.com.br\/#organization\"},\"image\":{\"@id\":\"https:\/\/jornalfatosenoticias.com.br\/index.php\/2021\/03\/08\/japao-inaugura-cafe-com-robos-operados-por-pessoas-com-deficiencias\/#primaryimage\"},\"thumbnailUrl\":\"https:\/\/jornalfatosenoticias.com.br\/wp-content\/uploads\/2021\/03\/cafe-japones_robos_capa.jpg\",\"keywords\":[\"Avatar Caf\u00e9 DAWN\",\"cotidiano\",\"jap\u00e3o\",\"rob\u00f4s\",\"tecnologia\"],\"articleSection\":[\"Tecnologia &amp; Inova\u00e7\u00e3o\"],\"inLanguage\":\"pt-BR\",\"potentialAction\":[{\"@type\":\"CommentAction\",\"name\":\"Comment\",\"target\":[\"https:\/\/jornalfatosenoticias.com.br\/index.php\/2021\/03\/08\/japao-inaugura-cafe-com-robos-operados-por-pessoas-com-deficiencias\/#respond\"]}]},{\"@type\":\"WebPage\",\"@id\":\"https:\/\/jornalfatosenoticias.com.br\/index.php\/2021\/03\/08\/japao-inaugura-cafe-com-robos-operados-por-pessoas-com-deficiencias\/\",\"url\":\"https:\/\/jornalfatosenoticias.com.br\/index.php\/2021\/03\/08\/japao-inaugura-cafe-com-robos-operados-por-pessoas-com-deficiencias\/\",\"name\":\"Jap\u00e3o inaugura caf\u00e9 com rob\u00f4s operados por pessoas com defici\u00eancias - Jornal Fatos e Not\u00edcias\",\"isPartOf\":{\"@id\":\"https:\/\/jornalfatosenoticias.com.br\/#website\"},\"primaryImageOfPage\":{\"@id\":\"https:\/\/jornalfatosenoticias.com.br\/index.php\/2021\/03\/08\/japao-inaugura-cafe-com-robos-operados-por-pessoas-com-deficiencias\/#primaryimage\"},\"image\":{\"@id\":\"https:\/\/jornalfatosenoticias.com.br\/index.php\/2021\/03\/08\/japao-inaugura-cafe-com-robos-operados-por-pessoas-com-deficiencias\/#primaryimage\"},\"thumbnailUrl\":\"https:\/\/jornalfatosenoticias.com.br\/wp-content\/uploads\/2021\/03\/cafe-japones_robos_capa.jpg\",\"datePublished\":\"2021-03-08T18:59:30+00:00\",\"dateModified\":\"2021-03-08T18:59:35+00:00\",\"breadcrumb\":{\"@id\":\"https:\/\/jornalfatosenoticias.com.br\/index.php\/2021\/03\/08\/japao-inaugura-cafe-com-robos-operados-por-pessoas-com-deficiencias\/#breadcrumb\"},\"inLanguage\":\"pt-BR\",\"potentialAction\":[{\"@type\":\"ReadAction\",\"target\":[\"https:\/\/jornalfatosenoticias.com.br\/index.php\/2021\/03\/08\/japao-inaugura-cafe-com-robos-operados-por-pessoas-com-deficiencias\/\"]}]},{\"@type\":\"ImageObject\",\"inLanguage\":\"pt-BR\",\"@id\":\"https:\/\/jornalfatosenoticias.com.br\/index.php\/2021\/03\/08\/japao-inaugura-cafe-com-robos-operados-por-pessoas-com-deficiencias\/#primaryimage\",\"url\":\"https:\/\/jornalfatosenoticias.com.br\/wp-content\/uploads\/2021\/03\/cafe-japones_robos_capa.jpg\",\"contentUrl\":\"https:\/\/jornalfatosenoticias.com.br\/wp-content\/uploads\/2021\/03\/cafe-japones_robos_capa.jpg\",\"width\":1000,\"height\":397},{\"@type\":\"BreadcrumbList\",\"@id\":\"https:\/\/jornalfatosenoticias.com.br\/index.php\/2021\/03\/08\/japao-inaugura-cafe-com-robos-operados-por-pessoas-com-deficiencias\/#breadcrumb\",\"itemListElement\":[{\"@type\":\"ListItem\",\"position\":1,\"name\":\"In\u00edcio\",\"item\":\"https:\/\/jornalfatosenoticias.com.br\/\"},{\"@type\":\"ListItem\",\"position\":2,\"name\":\"Jap\u00e3o inaugura caf\u00e9 com rob\u00f4s operados por pessoas com defici\u00eancias\"}]},{\"@type\":\"WebSite\",\"@id\":\"https:\/\/jornalfatosenoticias.com.br\/#website\",\"url\":\"https:\/\/jornalfatosenoticias.com.br\/\",\"name\":\"Jornal Fatos e Not\u00edcias\",\"description\":\"Not\u00edcias em geral\",\"publisher\":{\"@id\":\"https:\/\/jornalfatosenoticias.com.br\/#organization\"},\"potentialAction\":[{\"@type\":\"SearchAction\",\"target\":{\"@type\":\"EntryPoint\",\"urlTemplate\":\"https:\/\/jornalfatosenoticias.com.br\/?s={search_term_string}\"},\"query-input\":{\"@type\":\"PropertyValueSpecification\",\"valueRequired\":true,\"valueName\":\"search_term_string\"}}],\"inLanguage\":\"pt-BR\"},{\"@type\":\"Organization\",\"@id\":\"https:\/\/jornalfatosenoticias.com.br\/#organization\",\"name\":\"Jornal Fatos e Not\u00edcias\",\"url\":\"https:\/\/jornalfatosenoticias.com.br\/\",\"logo\":{\"@type\":\"ImageObject\",\"inLanguage\":\"pt-BR\",\"@id\":\"https:\/\/jornalfatosenoticias.com.br\/#\/schema\/logo\/image\/\",\"url\":\"https:\/\/jornalfatosenoticias.com.br\/wp-content\/uploads\/2020\/02\/logo120.png\",\"contentUrl\":\"https:\/\/jornalfatosenoticias.com.br\/wp-content\/uploads\/2020\/02\/logo120.png\",\"width\":1227,\"height\":120,\"caption\":\"Jornal Fatos e Not\u00edcias\"},\"image\":{\"@id\":\"https:\/\/jornalfatosenoticias.com.br\/#\/schema\/logo\/image\/\"}},{\"@type\":\"Person\",\"@id\":\"https:\/\/jornalfatosenoticias.com.br\/#\/schema\/person\/d63837fa13ac8666eb9e74e0985d6f81\",\"name\":\"Luzimara Fernandes\",\"image\":{\"@type\":\"ImageObject\",\"inLanguage\":\"pt-BR\",\"@id\":\"https:\/\/jornalfatosenoticias.com.br\/#\/schema\/person\/image\/\",\"url\":\"https:\/\/jornalfatosenoticias.com.br\/wp-content\/uploads\/2025\/05\/EU_portal.jpg\",\"contentUrl\":\"https:\/\/jornalfatosenoticias.com.br\/wp-content\/uploads\/2025\/05\/EU_portal.jpg\",\"caption\":\"Luzimara Fernandes\"},\"description\":\"Jornalista MTB 2358-ES\",\"sameAs\":[\"https:\/\/jornalfatosenoticias.com.br\"],\"url\":\"https:\/\/jornalfatosenoticias.com.br\/index.php\/author\/luzimara\/\"}]}<\/script>\n<!-- \/ Yoast SEO plugin. -->","yoast_head_json":{"title":"Jap\u00e3o inaugura caf\u00e9 com rob\u00f4s operados por pessoas com defici\u00eancias - Jornal Fatos e Not\u00edcias","robots":{"index":"index","follow":"follow","max-snippet":"max-snippet:-1","max-image-preview":"max-image-preview:large","max-video-preview":"max-video-preview:-1"},"canonical":"https:\/\/jornalfatosenoticias.com.br\/index.php\/2021\/03\/08\/japao-inaugura-cafe-com-robos-operados-por-pessoas-com-deficiencias\/","og_locale":"pt_BR","og_type":"article","og_title":"Jap\u00e3o inaugura caf\u00e9 com rob\u00f4s operados por pessoas com defici\u00eancias - Jornal Fatos e Not\u00edcias","og_description":"Quando Kentaro Yoshifuji criou seu rob\u00f4 OriHime no final de 2011, para conectar pacientes hospitalares com problemas de mobilidade, n\u00e3o imaginou que sua inven\u00e7\u00e3o fosse fazer tanto sucesso, resultando em uma promissora startup, a OryLab, da qual o inventor \u00e9 o CEO.Depois que os graciosos rob\u00f4s foram utilizados, desde 2018, em restaurantes pop-up \u201cvers\u00e3o beta\u201d, [&hellip;]","og_url":"https:\/\/jornalfatosenoticias.com.br\/index.php\/2021\/03\/08\/japao-inaugura-cafe-com-robos-operados-por-pessoas-com-deficiencias\/","og_site_name":"Jornal Fatos e Not\u00edcias","article_published_time":"2021-03-08T18:59:30+00:00","article_modified_time":"2021-03-08T18:59:35+00:00","og_image":[{"width":1000,"height":397,"url":"https:\/\/jornalfatosenoticias.com.br\/wp-content\/uploads\/2021\/03\/cafe-japones_robos_capa.jpg","type":"image\/jpeg"}],"author":"Luzimara Fernandes","twitter_card":"summary_large_image","twitter_misc":{"Escrito por":"Luzimara Fernandes","Est. tempo de leitura":"1 minuto"},"schema":{"@context":"https:\/\/schema.org","@graph":[{"@type":"Article","@id":"https:\/\/jornalfatosenoticias.com.br\/index.php\/2021\/03\/08\/japao-inaugura-cafe-com-robos-operados-por-pessoas-com-deficiencias\/#article","isPartOf":{"@id":"https:\/\/jornalfatosenoticias.com.br\/index.php\/2021\/03\/08\/japao-inaugura-cafe-com-robos-operados-por-pessoas-com-deficiencias\/"},"author":{"name":"Luzimara Fernandes","@id":"https:\/\/jornalfatosenoticias.com.br\/#\/schema\/person\/d63837fa13ac8666eb9e74e0985d6f81"},"headline":"Jap\u00e3o inaugura caf\u00e9 com rob\u00f4s operados por pessoas com defici\u00eancias","datePublished":"2021-03-08T18:59:30+00:00","dateModified":"2021-03-08T18:59:35+00:00","mainEntityOfPage":{"@id":"https:\/\/jornalfatosenoticias.com.br\/index.php\/2021\/03\/08\/japao-inaugura-cafe-com-robos-operados-por-pessoas-com-deficiencias\/"},"wordCount":299,"commentCount":0,"publisher":{"@id":"https:\/\/jornalfatosenoticias.com.br\/#organization"},"image":{"@id":"https:\/\/jornalfatosenoticias.com.br\/index.php\/2021\/03\/08\/japao-inaugura-cafe-com-robos-operados-por-pessoas-com-deficiencias\/#primaryimage"},"thumbnailUrl":"https:\/\/jornalfatosenoticias.com.br\/wp-content\/uploads\/2021\/03\/cafe-japones_robos_capa.jpg","keywords":["Avatar Caf\u00e9 DAWN","cotidiano","jap\u00e3o","rob\u00f4s","tecnologia"],"articleSection":["Tecnologia &amp; Inova\u00e7\u00e3o"],"inLanguage":"pt-BR","potentialAction":[{"@type":"CommentAction","name":"Comment","target":["https:\/\/jornalfatosenoticias.com.br\/index.php\/2021\/03\/08\/japao-inaugura-cafe-com-robos-operados-por-pessoas-com-deficiencias\/#respond"]}]},{"@type":"WebPage","@id":"https:\/\/jornalfatosenoticias.com.br\/index.php\/2021\/03\/08\/japao-inaugura-cafe-com-robos-operados-por-pessoas-com-deficiencias\/","url":"https:\/\/jornalfatosenoticias.com.br\/index.php\/2021\/03\/08\/japao-inaugura-cafe-com-robos-operados-por-pessoas-com-deficiencias\/","name":"Jap\u00e3o inaugura caf\u00e9 com rob\u00f4s operados por pessoas com defici\u00eancias - Jornal Fatos e Not\u00edcias","isPartOf":{"@id":"https:\/\/jornalfatosenoticias.com.br\/#website"},"primaryImageOfPage":{"@id":"https:\/\/jornalfatosenoticias.com.br\/index.php\/2021\/03\/08\/japao-inaugura-cafe-com-robos-operados-por-pessoas-com-deficiencias\/#primaryimage"},"image":{"@id":"https:\/\/jornalfatosenoticias.com.br\/index.php\/2021\/03\/08\/japao-inaugura-cafe-com-robos-operados-por-pessoas-com-deficiencias\/#primaryimage"},"thumbnailUrl":"https:\/\/jornalfatosenoticias.com.br\/wp-content\/uploads\/2021\/03\/cafe-japones_robos_capa.jpg","datePublished":"2021-03-08T18:59:30+00:00","dateModified":"2021-03-08T18:59:35+00:00","breadcrumb":{"@id":"https:\/\/jornalfatosenoticias.com.br\/index.php\/2021\/03\/08\/japao-inaugura-cafe-com-robos-operados-por-pessoas-com-deficiencias\/#breadcrumb"},"inLanguage":"pt-BR","potentialAction":[{"@type":"ReadAction","target":["https:\/\/jornalfatosenoticias.com.br\/index.php\/2021\/03\/08\/japao-inaugura-cafe-com-robos-operados-por-pessoas-com-deficiencias\/"]}]},{"@type":"ImageObject","inLanguage":"pt-BR","@id":"https:\/\/jornalfatosenoticias.com.br\/index.php\/2021\/03\/08\/japao-inaugura-cafe-com-robos-operados-por-pessoas-com-deficiencias\/#primaryimage","url":"https:\/\/jornalfatosenoticias.com.br\/wp-content\/uploads\/2021\/03\/cafe-japones_robos_capa.jpg","contentUrl":"https:\/\/jornalfatosenoticias.com.br\/wp-content\/uploads\/2021\/03\/cafe-japones_robos_capa.jpg","width":1000,"height":397},{"@type":"BreadcrumbList","@id":"https:\/\/jornalfatosenoticias.com.br\/index.php\/2021\/03\/08\/japao-inaugura-cafe-com-robos-operados-por-pessoas-com-deficiencias\/#breadcrumb","itemListElement":[{"@type":"ListItem","position":1,"name":"In\u00edcio","item":"https:\/\/jornalfatosenoticias.com.br\/"},{"@type":"ListItem","position":2,"name":"Jap\u00e3o inaugura caf\u00e9 com rob\u00f4s operados por pessoas com defici\u00eancias"}]},{"@type":"WebSite","@id":"https:\/\/jornalfatosenoticias.com.br\/#website","url":"https:\/\/jornalfatosenoticias.com.br\/","name":"Jornal Fatos e Not\u00edcias","description":"Not\u00edcias em geral","publisher":{"@id":"https:\/\/jornalfatosenoticias.com.br\/#organization"},"potentialAction":[{"@type":"SearchAction","target":{"@type":"EntryPoint","urlTemplate":"https:\/\/jornalfatosenoticias.com.br\/?s={search_term_string}"},"query-input":{"@type":"PropertyValueSpecification","valueRequired":true,"valueName":"search_term_string"}}],"inLanguage":"pt-BR"},{"@type":"Organization","@id":"https:\/\/jornalfatosenoticias.com.br\/#organization","name":"Jornal Fatos e Not\u00edcias","url":"https:\/\/jornalfatosenoticias.com.br\/","logo":{"@type":"ImageObject","inLanguage":"pt-BR","@id":"https:\/\/jornalfatosenoticias.com.br\/#\/schema\/logo\/image\/","url":"https:\/\/jornalfatosenoticias.com.br\/wp-content\/uploads\/2020\/02\/logo120.png","contentUrl":"https:\/\/jornalfatosenoticias.com.br\/wp-content\/uploads\/2020\/02\/logo120.png","width":1227,"height":120,"caption":"Jornal Fatos e Not\u00edcias"},"image":{"@id":"https:\/\/jornalfatosenoticias.com.br\/#\/schema\/logo\/image\/"}},{"@type":"Person","@id":"https:\/\/jornalfatosenoticias.com.br\/#\/schema\/person\/d63837fa13ac8666eb9e74e0985d6f81","name":"Luzimara Fernandes","image":{"@type":"ImageObject","inLanguage":"pt-BR","@id":"https:\/\/jornalfatosenoticias.com.br\/#\/schema\/person\/image\/","url":"https:\/\/jornalfatosenoticias.com.br\/wp-content\/uploads\/2025\/05\/EU_portal.jpg","contentUrl":"https:\/\/jornalfatosenoticias.com.br\/wp-content\/uploads\/2025\/05\/EU_portal.jpg","caption":"Luzimara Fernandes"},"description":"Jornalista MTB 2358-ES","sameAs":["https:\/\/jornalfatosenoticias.com.br"],"url":"https:\/\/jornalfatosenoticias.com.br\/index.php\/author\/luzimara\/"}]}},"cc_featured_image_caption":{"caption_text":"(OryLab\/Facebook\/Divulga\u00e7\u00e3o) ","source_text":"","source_url":""},"jetpack_featured_media_url":"https:\/\/jornalfatosenoticias.com.br\/wp-content\/uploads\/2021\/03\/cafe-japones_robos_capa.jpg","_links":{"self":[{"href":"https:\/\/jornalfatosenoticias.com.br\/index.php\/wp-json\/wp\/v2\/posts\/15564","targetHints":{"allow":["GET"]}}],"collection":[{"href":"https:\/\/jornalfatosenoticias.com.br\/index.php\/wp-json\/wp\/v2\/posts"}],"about":[{"href":"https:\/\/jornalfatosenoticias.com.br\/index.php\/wp-json\/wp\/v2\/types\/post"}],"author":[{"embeddable":true,"href":"https:\/\/jornalfatosenoticias.com.br\/index.php\/wp-json\/wp\/v2\/users\/2"}],"replies":[{"embeddable":true,"href":"https:\/\/jornalfatosenoticias.com.br\/index.php\/wp-json\/wp\/v2\/comments?post=15564"}],"version-history":[{"count":0,"href":"https:\/\/jornalfatosenoticias.com.br\/index.php\/wp-json\/wp\/v2\/posts\/15564\/revisions"}],"wp:featuredmedia":[{"embeddable":true,"href":"https:\/\/jornalfatosenoticias.com.br\/index.php\/wp-json\/wp\/v2\/media\/15567"}],"wp:attachment":[{"href":"https:\/\/jornalfatosenoticias.com.br\/index.php\/wp-json\/wp\/v2\/media?parent=15564"}],"wp:term":[{"taxonomy":"category","embeddable":true,"href":"https:\/\/jornalfatosenoticias.com.br\/index.php\/wp-json\/wp\/v2\/categories?post=15564"},{"taxonomy":"post_tag","embeddable":true,"href":"https:\/\/jornalfatosenoticias.com.br\/index.php\/wp-json\/wp\/v2\/tags?post=15564"}],"curies":[{"name":"wp","href":"https:\/\/api.w.org\/{rel}","templated":true}]}}