{"id":15614,"date":"2021-03-09T19:21:35","date_gmt":"2021-03-09T22:21:35","guid":{"rendered":"https:\/\/jornalfatosenoticias.com.br\/?p=15614"},"modified":"2021-03-09T19:21:40","modified_gmt":"2021-03-09T22:21:40","slug":"marco-lilas-como-se-prevenir-do-cancer-do-colo-do-utero","status":"publish","type":"post","link":"https:\/\/jornalfatosenoticias.com.br\/index.php\/2021\/03\/09\/marco-lilas-como-se-prevenir-do-cancer-do-colo-do-utero\/","title":{"rendered":"Mar\u00e7o Lil\u00e1s: como se prevenir do c\u00e2ncer do colo do \u00fatero"},"content":{"rendered":"\n<h6 class=\"wp-block-heading\"><em>Realizar exames preventivos e a vacina contra o HPV s\u00e3o os principais m\u00e9todos para se prevenir o c\u00e2ncer do colo do \u00fatero<\/em><\/h6>\n\n\n\n<p>O m\u00eas de Mar\u00e7o, al\u00e9m do Dia Internacional da Mulher, tamb\u00e9m serve para a conscientiza\u00e7\u00e3o sobre o c\u00e2ncer do colo do \u00fatero. \u00c9 o terceiro tipo de c\u00e2ncer que mais atinge as brasileiras: foram quase 17 mil no \u00faltimo ano! Por isso, o movimento Mar\u00e7o Lil\u00e1s busca conscientizar sobre a import\u00e2ncia dos exames preventivos no diagn\u00f3stico precoce das les\u00f5es e na import\u00e2ncia da vacina do HPV (Papilomav\u00edrus humano).<br>&#8220;A grande maioria dos casos de c\u00e2ncer do colo do \u00fatero est\u00e1 associada \u00e0 infec\u00e7\u00e3o pelo HPV. A evolu\u00e7\u00e3o para c\u00e2ncer \u00e9 lenta, por isso que o rastreamento e a preven\u00e7\u00e3o s\u00e3o t\u00e3o importantes, j\u00e1 que os exames permitem a detec\u00e7\u00e3o precoce de les\u00f5es que podem evoluir para c\u00e2ncer se n\u00e3o tratadas adequadamente&#8221;, explica a Doutora Daniela Franco Leanza, ginecologista e obstetra do Grupo Notre Dame Interm\u00e9dica.<br>Como a doen\u00e7a \u00e9 assintom\u00e1tica em seu estado inicial, \u00e9 fundamental passar com o ginecologista anualmente para avalia\u00e7\u00e3o e para fazer os exames de rastreamento, que devem ser iniciados a partir dos 25 anos de idade e repetidos conforme orienta\u00e7\u00e3o m\u00e9dica. &#8220;O Papanicolau \u00e9 um exame simples, de f\u00e1cil acesso, e de extrema import\u00e2ncia na vida da mulher. Mediante altera\u00e7\u00f5es no Papanicolau, o m\u00e9dico vai solicitar um exame mais espec\u00edfico para visualiza\u00e7\u00e3o e an\u00e1lise do colo do \u00fatero, que se chama colposcopia, com a realiza\u00e7\u00e3o de bi\u00f3psia da regi\u00e3o alterada&#8221;, explica.<br>Quando a paciente apresenta sintomas como sangramento entre as menstrua\u00e7\u00f5es, dor ou desconforto p\u00e9lvico, sangramento ou dor ap\u00f3s a rela\u00e7\u00e3o sexual ou corrimento persistente, o c\u00e2ncer j\u00e1 pode estar em estado avan\u00e7ado.<br>&#8220;O v\u00edrus do HPV causa les\u00f5es no colo do \u00fatero, sendo que muitas se resolvem espontaneamente, sem necessidade de interven\u00e7\u00e3o m\u00e9dica. As les\u00f5es pr\u00e9-neopl\u00e1sicas s\u00e3o preocupantes e precisam de tratamento, pois a evolu\u00e7\u00e3o destas les\u00f5es leva ao c\u00e2ncer de colo uterino. O Papanicolau permite o diagn\u00f3stico precoce dessas altera\u00e7\u00f5es que podem ser tratadas com procedimentos de menor complexidade, com a retirada de uma por\u00e7\u00e3o do colo do \u00fatero atrav\u00e9s da coniza\u00e7\u00e3o ou cirurgia de alta frequ\u00eancia (CAF). O exame preventivo evita a doen\u00e7a grave e o tratamento agressivo, preservando inclusive a capacidade reprodutiva da mulher&#8221;, acrescenta a doutora Daniela.<br>Em condi\u00e7\u00f5es mais graves, quando \u00e9 diagnosticado o c\u00e2ncer, a ginecologista explica que \u00e9 preciso uma cirurgia mais radical e pode ser necess\u00e1rio realizar radioterapia e\/ou quimioterapia. O tratamento depende muito do grau de invas\u00e3o, podendo ser necess\u00e1rio realizar a retirada total colo uterino, ou ainda a retirada total do \u00fatero e do colo do \u00fatero.<br>Sobre a possibilidade de preven\u00e7\u00e3o da doen\u00e7a com a vacina do HPV, a Dra. Daniela explica que a imuniza\u00e7\u00e3o contra o v\u00edrus j\u00e1 faz parte do calend\u00e1rio vacinal do Minist\u00e9rio da Sa\u00fade desde 2014, sendo aplicada em meninas de nove a 14 anos e meninos de 11 a 14. A vacina do HPV previne as les\u00f5es genitais causadas pelo HPV do tipo 6, 11, 16 e 18. O HPV 16 e 18 est\u00e1 relacionado ao c\u00e2ncer de colo de \u00fatero, vagina e vulva nas mulheres e ao c\u00e2ncer de p\u00eanis no homem. O HPV do tipo 6 e 11 est\u00e1 relacionado \u00e0s verrugas genitais em ambos os sexos.<\/p>\n\n\n\n<p><strong><em>Fonte: <a href=\"https:\/\/www.terra.com.br\/vida-e-estilo\/saude\/bem-estar\/marco-lilas-como-se-prevenir-do-cancer-do-colo-do-utero,f6161a3d2838ba692a6646691af80258xddyg0vq.html#:~:text=Realizar%20exames%20preventivos%20e%20a,c%C3%A2ncer%20do%20colo%20do%20%C3%BAtero&amp;text=O%20m%C3%AAs%20de%20Mar%C3%A7o%2C%20al%C3%A9m,c%C3%A2ncer%20do%20colo%20do%20%C3%BAtero.\">Terra<\/a><\/em><\/strong><\/p>\n","protected":false},"excerpt":{"rendered":"<p>Realizar exames preventivos e a vacina contra o HPV s\u00e3o os principais m\u00e9todos para se prevenir o c\u00e2ncer do colo do \u00fatero O m\u00eas de Mar\u00e7o, al\u00e9m do Dia Internacional da Mulher, tamb\u00e9m serve para a conscientiza\u00e7\u00e3o sobre o c\u00e2ncer do colo do \u00fatero. \u00c9 o terceiro tipo de c\u00e2ncer que mais atinge as brasileiras: [&hellip;]<\/p>\n","protected":false},"author":2,"featured_media":15615,"comment_status":"open","ping_status":"open","sticky":false,"template":"","format":"standard","meta":{"footnotes":""},"categories":[11],"tags":[7917,7918,5882,7916],"class_list":["post-15614","post","type-post","status-publish","format-standard","has-post-thumbnail","hentry","category-saude","tag-cancer-do-colo-do-utero","tag-exames-preventivos","tag-hpv","tag-marco-lilas"],"yoast_head":"<!-- This site is optimized with the Yoast SEO plugin v26.5 - https:\/\/yoast.com\/wordpress\/plugins\/seo\/ -->\n<title>Mar\u00e7o Lil\u00e1s: como se prevenir do c\u00e2ncer do colo do \u00fatero - Jornal Fatos e Not\u00edcias<\/title>\n<meta name=\"robots\" content=\"index, follow, max-snippet:-1, max-image-preview:large, max-video-preview:-1\" \/>\n<link rel=\"canonical\" href=\"https:\/\/jornalfatosenoticias.com.br\/index.php\/2021\/03\/09\/marco-lilas-como-se-prevenir-do-cancer-do-colo-do-utero\/\" \/>\n<meta property=\"og:locale\" content=\"pt_BR\" \/>\n<meta property=\"og:type\" content=\"article\" \/>\n<meta property=\"og:title\" content=\"Mar\u00e7o Lil\u00e1s: como se prevenir do c\u00e2ncer do colo do \u00fatero - Jornal Fatos e Not\u00edcias\" \/>\n<meta property=\"og:description\" content=\"Realizar exames preventivos e a vacina contra o HPV s\u00e3o os principais m\u00e9todos para se prevenir o c\u00e2ncer do colo do \u00fatero O m\u00eas de Mar\u00e7o, al\u00e9m do Dia Internacional da Mulher, tamb\u00e9m serve para a conscientiza\u00e7\u00e3o sobre o c\u00e2ncer do colo do \u00fatero. \u00c9 o terceiro tipo de c\u00e2ncer que mais atinge as brasileiras: [&hellip;]\" \/>\n<meta property=\"og:url\" content=\"https:\/\/jornalfatosenoticias.com.br\/index.php\/2021\/03\/09\/marco-lilas-como-se-prevenir-do-cancer-do-colo-do-utero\/\" \/>\n<meta property=\"og:site_name\" content=\"Jornal Fatos e Not\u00edcias\" \/>\n<meta property=\"article:published_time\" content=\"2021-03-09T22:21:35+00:00\" \/>\n<meta property=\"article:modified_time\" content=\"2021-03-09T22:21:40+00:00\" \/>\n<meta property=\"og:image\" content=\"https:\/\/jornalfatosenoticias.com.br\/wp-content\/uploads\/2021\/03\/CANCER-COLO-UTERO_shutterstock.jpg\" \/>\n\t<meta property=\"og:image:width\" content=\"1000\" \/>\n\t<meta property=\"og:image:height\" content=\"666\" \/>\n\t<meta property=\"og:image:type\" content=\"image\/jpeg\" \/>\n<meta name=\"author\" content=\"Luzimara Fernandes\" \/>\n<meta name=\"twitter:card\" content=\"summary_large_image\" \/>\n<meta name=\"twitter:label1\" content=\"Escrito por\" \/>\n\t<meta name=\"twitter:data1\" content=\"Luzimara Fernandes\" \/>\n\t<meta name=\"twitter:label2\" content=\"Est. tempo de leitura\" \/>\n\t<meta name=\"twitter:data2\" content=\"3 minutos\" \/>\n<script type=\"application\/ld+json\" class=\"yoast-schema-graph\">{\"@context\":\"https:\/\/schema.org\",\"@graph\":[{\"@type\":\"Article\",\"@id\":\"https:\/\/jornalfatosenoticias.com.br\/index.php\/2021\/03\/09\/marco-lilas-como-se-prevenir-do-cancer-do-colo-do-utero\/#article\",\"isPartOf\":{\"@id\":\"https:\/\/jornalfatosenoticias.com.br\/index.php\/2021\/03\/09\/marco-lilas-como-se-prevenir-do-cancer-do-colo-do-utero\/\"},\"author\":{\"name\":\"Luzimara Fernandes\",\"@id\":\"https:\/\/jornalfatosenoticias.com.br\/#\/schema\/person\/d63837fa13ac8666eb9e74e0985d6f81\"},\"headline\":\"Mar\u00e7o Lil\u00e1s: como se prevenir do c\u00e2ncer do colo do \u00fatero\",\"datePublished\":\"2021-03-09T22:21:35+00:00\",\"dateModified\":\"2021-03-09T22:21:40+00:00\",\"mainEntityOfPage\":{\"@id\":\"https:\/\/jornalfatosenoticias.com.br\/index.php\/2021\/03\/09\/marco-lilas-como-se-prevenir-do-cancer-do-colo-do-utero\/\"},\"wordCount\":622,\"commentCount\":0,\"publisher\":{\"@id\":\"https:\/\/jornalfatosenoticias.com.br\/#organization\"},\"image\":{\"@id\":\"https:\/\/jornalfatosenoticias.com.br\/index.php\/2021\/03\/09\/marco-lilas-como-se-prevenir-do-cancer-do-colo-do-utero\/#primaryimage\"},\"thumbnailUrl\":\"https:\/\/jornalfatosenoticias.com.br\/wp-content\/uploads\/2021\/03\/CANCER-COLO-UTERO_shutterstock.jpg\",\"keywords\":[\"c\u00e2ncer do colo do \u00fatero\",\"exames preventivos\",\"HPV\",\"Mar\u00e7o Lil\u00e1s\"],\"articleSection\":[\"Sa\u00fade\"],\"inLanguage\":\"pt-BR\",\"potentialAction\":[{\"@type\":\"CommentAction\",\"name\":\"Comment\",\"target\":[\"https:\/\/jornalfatosenoticias.com.br\/index.php\/2021\/03\/09\/marco-lilas-como-se-prevenir-do-cancer-do-colo-do-utero\/#respond\"]}]},{\"@type\":\"WebPage\",\"@id\":\"https:\/\/jornalfatosenoticias.com.br\/index.php\/2021\/03\/09\/marco-lilas-como-se-prevenir-do-cancer-do-colo-do-utero\/\",\"url\":\"https:\/\/jornalfatosenoticias.com.br\/index.php\/2021\/03\/09\/marco-lilas-como-se-prevenir-do-cancer-do-colo-do-utero\/\",\"name\":\"Mar\u00e7o Lil\u00e1s: como se prevenir do c\u00e2ncer do colo do \u00fatero - Jornal Fatos e Not\u00edcias\",\"isPartOf\":{\"@id\":\"https:\/\/jornalfatosenoticias.com.br\/#website\"},\"primaryImageOfPage\":{\"@id\":\"https:\/\/jornalfatosenoticias.com.br\/index.php\/2021\/03\/09\/marco-lilas-como-se-prevenir-do-cancer-do-colo-do-utero\/#primaryimage\"},\"image\":{\"@id\":\"https:\/\/jornalfatosenoticias.com.br\/index.php\/2021\/03\/09\/marco-lilas-como-se-prevenir-do-cancer-do-colo-do-utero\/#primaryimage\"},\"thumbnailUrl\":\"https:\/\/jornalfatosenoticias.com.br\/wp-content\/uploads\/2021\/03\/CANCER-COLO-UTERO_shutterstock.jpg\",\"datePublished\":\"2021-03-09T22:21:35+00:00\",\"dateModified\":\"2021-03-09T22:21:40+00:00\",\"breadcrumb\":{\"@id\":\"https:\/\/jornalfatosenoticias.com.br\/index.php\/2021\/03\/09\/marco-lilas-como-se-prevenir-do-cancer-do-colo-do-utero\/#breadcrumb\"},\"inLanguage\":\"pt-BR\",\"potentialAction\":[{\"@type\":\"ReadAction\",\"target\":[\"https:\/\/jornalfatosenoticias.com.br\/index.php\/2021\/03\/09\/marco-lilas-como-se-prevenir-do-cancer-do-colo-do-utero\/\"]}]},{\"@type\":\"ImageObject\",\"inLanguage\":\"pt-BR\",\"@id\":\"https:\/\/jornalfatosenoticias.com.br\/index.php\/2021\/03\/09\/marco-lilas-como-se-prevenir-do-cancer-do-colo-do-utero\/#primaryimage\",\"url\":\"https:\/\/jornalfatosenoticias.com.br\/wp-content\/uploads\/2021\/03\/CANCER-COLO-UTERO_shutterstock.jpg\",\"contentUrl\":\"https:\/\/jornalfatosenoticias.com.br\/wp-content\/uploads\/2021\/03\/CANCER-COLO-UTERO_shutterstock.jpg\",\"width\":1000,\"height\":666},{\"@type\":\"BreadcrumbList\",\"@id\":\"https:\/\/jornalfatosenoticias.com.br\/index.php\/2021\/03\/09\/marco-lilas-como-se-prevenir-do-cancer-do-colo-do-utero\/#breadcrumb\",\"itemListElement\":[{\"@type\":\"ListItem\",\"position\":1,\"name\":\"In\u00edcio\",\"item\":\"https:\/\/jornalfatosenoticias.com.br\/\"},{\"@type\":\"ListItem\",\"position\":2,\"name\":\"Mar\u00e7o Lil\u00e1s: como se prevenir do c\u00e2ncer do colo do \u00fatero\"}]},{\"@type\":\"WebSite\",\"@id\":\"https:\/\/jornalfatosenoticias.com.br\/#website\",\"url\":\"https:\/\/jornalfatosenoticias.com.br\/\",\"name\":\"Jornal Fatos e Not\u00edcias\",\"description\":\"Not\u00edcias em geral\",\"publisher\":{\"@id\":\"https:\/\/jornalfatosenoticias.com.br\/#organization\"},\"potentialAction\":[{\"@type\":\"SearchAction\",\"target\":{\"@type\":\"EntryPoint\",\"urlTemplate\":\"https:\/\/jornalfatosenoticias.com.br\/?s={search_term_string}\"},\"query-input\":{\"@type\":\"PropertyValueSpecification\",\"valueRequired\":true,\"valueName\":\"search_term_string\"}}],\"inLanguage\":\"pt-BR\"},{\"@type\":\"Organization\",\"@id\":\"https:\/\/jornalfatosenoticias.com.br\/#organization\",\"name\":\"Jornal Fatos e Not\u00edcias\",\"url\":\"https:\/\/jornalfatosenoticias.com.br\/\",\"logo\":{\"@type\":\"ImageObject\",\"inLanguage\":\"pt-BR\",\"@id\":\"https:\/\/jornalfatosenoticias.com.br\/#\/schema\/logo\/image\/\",\"url\":\"https:\/\/jornalfatosenoticias.com.br\/wp-content\/uploads\/2020\/02\/logo120.png\",\"contentUrl\":\"https:\/\/jornalfatosenoticias.com.br\/wp-content\/uploads\/2020\/02\/logo120.png\",\"width\":1227,\"height\":120,\"caption\":\"Jornal Fatos e Not\u00edcias\"},\"image\":{\"@id\":\"https:\/\/jornalfatosenoticias.com.br\/#\/schema\/logo\/image\/\"}},{\"@type\":\"Person\",\"@id\":\"https:\/\/jornalfatosenoticias.com.br\/#\/schema\/person\/d63837fa13ac8666eb9e74e0985d6f81\",\"name\":\"Luzimara Fernandes\",\"image\":{\"@type\":\"ImageObject\",\"inLanguage\":\"pt-BR\",\"@id\":\"https:\/\/jornalfatosenoticias.com.br\/#\/schema\/person\/image\/\",\"url\":\"https:\/\/jornalfatosenoticias.com.br\/wp-content\/uploads\/2025\/05\/EU_portal.jpg\",\"contentUrl\":\"https:\/\/jornalfatosenoticias.com.br\/wp-content\/uploads\/2025\/05\/EU_portal.jpg\",\"caption\":\"Luzimara Fernandes\"},\"description\":\"Jornalista MTB 2358-ES\",\"sameAs\":[\"https:\/\/jornalfatosenoticias.com.br\"],\"url\":\"https:\/\/jornalfatosenoticias.com.br\/index.php\/author\/luzimara\/\"}]}<\/script>\n<!-- \/ Yoast SEO plugin. -->","yoast_head_json":{"title":"Mar\u00e7o Lil\u00e1s: como se prevenir do c\u00e2ncer do colo do \u00fatero - Jornal Fatos e Not\u00edcias","robots":{"index":"index","follow":"follow","max-snippet":"max-snippet:-1","max-image-preview":"max-image-preview:large","max-video-preview":"max-video-preview:-1"},"canonical":"https:\/\/jornalfatosenoticias.com.br\/index.php\/2021\/03\/09\/marco-lilas-como-se-prevenir-do-cancer-do-colo-do-utero\/","og_locale":"pt_BR","og_type":"article","og_title":"Mar\u00e7o Lil\u00e1s: como se prevenir do c\u00e2ncer do colo do \u00fatero - Jornal Fatos e Not\u00edcias","og_description":"Realizar exames preventivos e a vacina contra o HPV s\u00e3o os principais m\u00e9todos para se prevenir o c\u00e2ncer do colo do \u00fatero O m\u00eas de Mar\u00e7o, al\u00e9m do Dia Internacional da Mulher, tamb\u00e9m serve para a conscientiza\u00e7\u00e3o sobre o c\u00e2ncer do colo do \u00fatero. \u00c9 o terceiro tipo de c\u00e2ncer que mais atinge as brasileiras: [&hellip;]","og_url":"https:\/\/jornalfatosenoticias.com.br\/index.php\/2021\/03\/09\/marco-lilas-como-se-prevenir-do-cancer-do-colo-do-utero\/","og_site_name":"Jornal Fatos e Not\u00edcias","article_published_time":"2021-03-09T22:21:35+00:00","article_modified_time":"2021-03-09T22:21:40+00:00","og_image":[{"width":1000,"height":666,"url":"https:\/\/jornalfatosenoticias.com.br\/wp-content\/uploads\/2021\/03\/CANCER-COLO-UTERO_shutterstock.jpg","type":"image\/jpeg"}],"author":"Luzimara Fernandes","twitter_card":"summary_large_image","twitter_misc":{"Escrito por":"Luzimara Fernandes","Est. tempo de leitura":"3 minutos"},"schema":{"@context":"https:\/\/schema.org","@graph":[{"@type":"Article","@id":"https:\/\/jornalfatosenoticias.com.br\/index.php\/2021\/03\/09\/marco-lilas-como-se-prevenir-do-cancer-do-colo-do-utero\/#article","isPartOf":{"@id":"https:\/\/jornalfatosenoticias.com.br\/index.php\/2021\/03\/09\/marco-lilas-como-se-prevenir-do-cancer-do-colo-do-utero\/"},"author":{"name":"Luzimara Fernandes","@id":"https:\/\/jornalfatosenoticias.com.br\/#\/schema\/person\/d63837fa13ac8666eb9e74e0985d6f81"},"headline":"Mar\u00e7o Lil\u00e1s: como se prevenir do c\u00e2ncer do colo do \u00fatero","datePublished":"2021-03-09T22:21:35+00:00","dateModified":"2021-03-09T22:21:40+00:00","mainEntityOfPage":{"@id":"https:\/\/jornalfatosenoticias.com.br\/index.php\/2021\/03\/09\/marco-lilas-como-se-prevenir-do-cancer-do-colo-do-utero\/"},"wordCount":622,"commentCount":0,"publisher":{"@id":"https:\/\/jornalfatosenoticias.com.br\/#organization"},"image":{"@id":"https:\/\/jornalfatosenoticias.com.br\/index.php\/2021\/03\/09\/marco-lilas-como-se-prevenir-do-cancer-do-colo-do-utero\/#primaryimage"},"thumbnailUrl":"https:\/\/jornalfatosenoticias.com.br\/wp-content\/uploads\/2021\/03\/CANCER-COLO-UTERO_shutterstock.jpg","keywords":["c\u00e2ncer do colo do \u00fatero","exames preventivos","HPV","Mar\u00e7o Lil\u00e1s"],"articleSection":["Sa\u00fade"],"inLanguage":"pt-BR","potentialAction":[{"@type":"CommentAction","name":"Comment","target":["https:\/\/jornalfatosenoticias.com.br\/index.php\/2021\/03\/09\/marco-lilas-como-se-prevenir-do-cancer-do-colo-do-utero\/#respond"]}]},{"@type":"WebPage","@id":"https:\/\/jornalfatosenoticias.com.br\/index.php\/2021\/03\/09\/marco-lilas-como-se-prevenir-do-cancer-do-colo-do-utero\/","url":"https:\/\/jornalfatosenoticias.com.br\/index.php\/2021\/03\/09\/marco-lilas-como-se-prevenir-do-cancer-do-colo-do-utero\/","name":"Mar\u00e7o Lil\u00e1s: como se prevenir do c\u00e2ncer do colo do \u00fatero - Jornal Fatos e Not\u00edcias","isPartOf":{"@id":"https:\/\/jornalfatosenoticias.com.br\/#website"},"primaryImageOfPage":{"@id":"https:\/\/jornalfatosenoticias.com.br\/index.php\/2021\/03\/09\/marco-lilas-como-se-prevenir-do-cancer-do-colo-do-utero\/#primaryimage"},"image":{"@id":"https:\/\/jornalfatosenoticias.com.br\/index.php\/2021\/03\/09\/marco-lilas-como-se-prevenir-do-cancer-do-colo-do-utero\/#primaryimage"},"thumbnailUrl":"https:\/\/jornalfatosenoticias.com.br\/wp-content\/uploads\/2021\/03\/CANCER-COLO-UTERO_shutterstock.jpg","datePublished":"2021-03-09T22:21:35+00:00","dateModified":"2021-03-09T22:21:40+00:00","breadcrumb":{"@id":"https:\/\/jornalfatosenoticias.com.br\/index.php\/2021\/03\/09\/marco-lilas-como-se-prevenir-do-cancer-do-colo-do-utero\/#breadcrumb"},"inLanguage":"pt-BR","potentialAction":[{"@type":"ReadAction","target":["https:\/\/jornalfatosenoticias.com.br\/index.php\/2021\/03\/09\/marco-lilas-como-se-prevenir-do-cancer-do-colo-do-utero\/"]}]},{"@type":"ImageObject","inLanguage":"pt-BR","@id":"https:\/\/jornalfatosenoticias.com.br\/index.php\/2021\/03\/09\/marco-lilas-como-se-prevenir-do-cancer-do-colo-do-utero\/#primaryimage","url":"https:\/\/jornalfatosenoticias.com.br\/wp-content\/uploads\/2021\/03\/CANCER-COLO-UTERO_shutterstock.jpg","contentUrl":"https:\/\/jornalfatosenoticias.com.br\/wp-content\/uploads\/2021\/03\/CANCER-COLO-UTERO_shutterstock.jpg","width":1000,"height":666},{"@type":"BreadcrumbList","@id":"https:\/\/jornalfatosenoticias.com.br\/index.php\/2021\/03\/09\/marco-lilas-como-se-prevenir-do-cancer-do-colo-do-utero\/#breadcrumb","itemListElement":[{"@type":"ListItem","position":1,"name":"In\u00edcio","item":"https:\/\/jornalfatosenoticias.com.br\/"},{"@type":"ListItem","position":2,"name":"Mar\u00e7o Lil\u00e1s: como se prevenir do c\u00e2ncer do colo do \u00fatero"}]},{"@type":"WebSite","@id":"https:\/\/jornalfatosenoticias.com.br\/#website","url":"https:\/\/jornalfatosenoticias.com.br\/","name":"Jornal Fatos e Not\u00edcias","description":"Not\u00edcias em geral","publisher":{"@id":"https:\/\/jornalfatosenoticias.com.br\/#organization"},"potentialAction":[{"@type":"SearchAction","target":{"@type":"EntryPoint","urlTemplate":"https:\/\/jornalfatosenoticias.com.br\/?s={search_term_string}"},"query-input":{"@type":"PropertyValueSpecification","valueRequired":true,"valueName":"search_term_string"}}],"inLanguage":"pt-BR"},{"@type":"Organization","@id":"https:\/\/jornalfatosenoticias.com.br\/#organization","name":"Jornal Fatos e Not\u00edcias","url":"https:\/\/jornalfatosenoticias.com.br\/","logo":{"@type":"ImageObject","inLanguage":"pt-BR","@id":"https:\/\/jornalfatosenoticias.com.br\/#\/schema\/logo\/image\/","url":"https:\/\/jornalfatosenoticias.com.br\/wp-content\/uploads\/2020\/02\/logo120.png","contentUrl":"https:\/\/jornalfatosenoticias.com.br\/wp-content\/uploads\/2020\/02\/logo120.png","width":1227,"height":120,"caption":"Jornal Fatos e Not\u00edcias"},"image":{"@id":"https:\/\/jornalfatosenoticias.com.br\/#\/schema\/logo\/image\/"}},{"@type":"Person","@id":"https:\/\/jornalfatosenoticias.com.br\/#\/schema\/person\/d63837fa13ac8666eb9e74e0985d6f81","name":"Luzimara Fernandes","image":{"@type":"ImageObject","inLanguage":"pt-BR","@id":"https:\/\/jornalfatosenoticias.com.br\/#\/schema\/person\/image\/","url":"https:\/\/jornalfatosenoticias.com.br\/wp-content\/uploads\/2025\/05\/EU_portal.jpg","contentUrl":"https:\/\/jornalfatosenoticias.com.br\/wp-content\/uploads\/2025\/05\/EU_portal.jpg","caption":"Luzimara Fernandes"},"description":"Jornalista MTB 2358-ES","sameAs":["https:\/\/jornalfatosenoticias.com.br"],"url":"https:\/\/jornalfatosenoticias.com.br\/index.php\/author\/luzimara\/"}]}},"cc_featured_image_caption":{"caption_text":"(Foto: Shutterstock\/Sport Life) ","source_text":"","source_url":""},"jetpack_featured_media_url":"https:\/\/jornalfatosenoticias.com.br\/wp-content\/uploads\/2021\/03\/CANCER-COLO-UTERO_shutterstock.jpg","_links":{"self":[{"href":"https:\/\/jornalfatosenoticias.com.br\/index.php\/wp-json\/wp\/v2\/posts\/15614","targetHints":{"allow":["GET"]}}],"collection":[{"href":"https:\/\/jornalfatosenoticias.com.br\/index.php\/wp-json\/wp\/v2\/posts"}],"about":[{"href":"https:\/\/jornalfatosenoticias.com.br\/index.php\/wp-json\/wp\/v2\/types\/post"}],"author":[{"embeddable":true,"href":"https:\/\/jornalfatosenoticias.com.br\/index.php\/wp-json\/wp\/v2\/users\/2"}],"replies":[{"embeddable":true,"href":"https:\/\/jornalfatosenoticias.com.br\/index.php\/wp-json\/wp\/v2\/comments?post=15614"}],"version-history":[{"count":0,"href":"https:\/\/jornalfatosenoticias.com.br\/index.php\/wp-json\/wp\/v2\/posts\/15614\/revisions"}],"wp:featuredmedia":[{"embeddable":true,"href":"https:\/\/jornalfatosenoticias.com.br\/index.php\/wp-json\/wp\/v2\/media\/15615"}],"wp:attachment":[{"href":"https:\/\/jornalfatosenoticias.com.br\/index.php\/wp-json\/wp\/v2\/media?parent=15614"}],"wp:term":[{"taxonomy":"category","embeddable":true,"href":"https:\/\/jornalfatosenoticias.com.br\/index.php\/wp-json\/wp\/v2\/categories?post=15614"},{"taxonomy":"post_tag","embeddable":true,"href":"https:\/\/jornalfatosenoticias.com.br\/index.php\/wp-json\/wp\/v2\/tags?post=15614"}],"curies":[{"name":"wp","href":"https:\/\/api.w.org\/{rel}","templated":true}]}}