{"id":15627,"date":"2021-03-09T19:38:03","date_gmt":"2021-03-09T22:38:03","guid":{"rendered":"https:\/\/jornalfatosenoticias.com.br\/?p=15627"},"modified":"2021-03-09T19:39:19","modified_gmt":"2021-03-09T22:39:19","slug":"carapina-i-ou-jardim-de-fatima-o-que-voce-prefere","status":"publish","type":"post","link":"https:\/\/jornalfatosenoticias.com.br\/index.php\/2021\/03\/09\/carapina-i-ou-jardim-de-fatima-o-que-voce-prefere\/","title":{"rendered":"Carapina I ou Jardim de F\u00e1tima, o que voc\u00ea prefere?"},"content":{"rendered":"\n<p>Presidente da comunidade Conjunto Carapina I, um dos conjuntos habitacionais mais antigos do munic\u00edpio da Serra, Alberto Alvarenga, falou um pouco de sua experi\u00eancia \u00e0 frente do Centro Comunit\u00e1rio Castro Alves \u2014 CCCA, desde 2017.<br>Segundo ele, na gest\u00e3o anterior ao do atual prefeito, S\u00e9rgio Vidigal, conseguiu bastante benfeitorias para a comunidade, entretanto, as principais obras ficaram a desejar. \u201cAs faixas elevadas \u00e9 um exemplo do que n\u00e3o foi feito, apenas a sinaliza\u00e7\u00e3o delas \u00e9 que foram instaladas e a ciclovia, que teria extens\u00e3o do Shopping Mestre \u00c1lvaro at\u00e9 o Salesiano, tamb\u00e9m ficou no papel. Era para ter sido feita, mas o recurso acabou desviado para pavimentar uma comunidade de Jacara\u00edpe como estrat\u00e9gia de campanha pol\u00edtica do ex-prefeito e do vereador Guto Lorenzoni, que representava a comunidade na \u00e9poca\u201d, queixa-se.<br>Outra necessidade do bairro \u00e9 a instala\u00e7\u00e3o de outra escola de n\u00edvel m\u00e9dio, pois, de acordo com Alberto, \u201cos col\u00e9gios Dr. H\u00e9lio Ferraz e Clotilde Rato j\u00e1 n\u00e3o atendem mais \u00e0 necessidade dos jovens. Ainda na educa\u00e7\u00e3o, muito em breve, contaremos com um novo Centro Municipal de Educa\u00e7\u00e3o Infantil (Cmei), que atender\u00e1 a nossa comunidade e as comunidades vizinhas, H\u00e9lio Ferraz e Bairro de F\u00e1tima. Para o n\u00edvel m\u00e9dio, estamos vendo, junto com o Estado, uma \u00e1rea que fica atr\u00e1s do col\u00e9gio Clotilde Rato para constru\u00e7\u00e3o de uma escola\u201d, explica.<br>No esporte, o presidente relatou que o \u00fanico bairro do munic\u00edpio que n\u00e3o conta com um campo society \u00e9 o Carapina I, mas que j\u00e1 est\u00e1 empenhando esfor\u00e7os junto ao atual prefeito para conseguir uma \u00e1rea e solucionar essa lacuna. <\/p>\n\n\n\n<div class=\"wp-block-jetpack-slideshow aligncenter\" data-effect=\"slide\"><div class=\"wp-block-jetpack-slideshow_container swiper-container\"><ul class=\"wp-block-jetpack-slideshow_swiper-wrapper swiper-wrapper\"><li class=\"wp-block-jetpack-slideshow_slide swiper-slide\"><figure><img loading=\"lazy\" decoding=\"async\" width=\"1000\" height=\"562\" alt=\"\" class=\"wp-block-jetpack-slideshow_image wp-image-15629\" data-id=\"15629\" src=\"https:\/\/jornalfatosenoticias.com.br\/wp-content\/uploads\/2021\/03\/Carapina-I-foto-drone.jpg\" srcset=\"https:\/\/jornalfatosenoticias.com.br\/wp-content\/uploads\/2021\/03\/Carapina-I-foto-drone.jpg 1000w, https:\/\/jornalfatosenoticias.com.br\/wp-content\/uploads\/2021\/03\/Carapina-I-foto-drone-300x169.jpg 300w, https:\/\/jornalfatosenoticias.com.br\/wp-content\/uploads\/2021\/03\/Carapina-I-foto-drone-768x432.jpg 768w\" sizes=\"auto, (max-width: 1000px) 100vw, 1000px\" \/><figcaption class=\"wp-block-jetpack-slideshow_caption gallery-caption\">Vista a\u00e9rea do Conjunto Carapina I (Fotos: Haroldo Cordeiro Filho) <\/figcaption><\/figure><\/li><li class=\"wp-block-jetpack-slideshow_slide swiper-slide\"><figure><img loading=\"lazy\" decoding=\"async\" width=\"1000\" height=\"666\" alt=\"\" class=\"wp-block-jetpack-slideshow_image wp-image-15630\" data-id=\"15630\" src=\"https:\/\/jornalfatosenoticias.com.br\/wp-content\/uploads\/2021\/03\/DSC_0503.jpg\" srcset=\"https:\/\/jornalfatosenoticias.com.br\/wp-content\/uploads\/2021\/03\/DSC_0503.jpg 1000w, https:\/\/jornalfatosenoticias.com.br\/wp-content\/uploads\/2021\/03\/DSC_0503-300x200.jpg 300w, https:\/\/jornalfatosenoticias.com.br\/wp-content\/uploads\/2021\/03\/DSC_0503-768x511.jpg 768w\" sizes=\"auto, (max-width: 1000px) 100vw, 1000px\" \/><figcaption class=\"wp-block-jetpack-slideshow_caption gallery-caption\">Presidente do Conjunto Carapina I, Alberto Alvarenga<\/figcaption><\/figure><\/li><li class=\"wp-block-jetpack-slideshow_slide swiper-slide\"><figure><img loading=\"lazy\" decoding=\"async\" width=\"1000\" height=\"666\" alt=\"\" class=\"wp-block-jetpack-slideshow_image wp-image-15631\" data-id=\"15631\" src=\"https:\/\/jornalfatosenoticias.com.br\/wp-content\/uploads\/2021\/03\/DSC_0507.jpg\" srcset=\"https:\/\/jornalfatosenoticias.com.br\/wp-content\/uploads\/2021\/03\/DSC_0507.jpg 1000w, https:\/\/jornalfatosenoticias.com.br\/wp-content\/uploads\/2021\/03\/DSC_0507-300x200.jpg 300w, https:\/\/jornalfatosenoticias.com.br\/wp-content\/uploads\/2021\/03\/DSC_0507-768x511.jpg 768w\" sizes=\"auto, (max-width: 1000px) 100vw, 1000px\" \/><figcaption class=\"wp-block-jetpack-slideshow_caption gallery-caption\">Ciclovia<\/figcaption><\/figure><\/li><li class=\"wp-block-jetpack-slideshow_slide swiper-slide\"><figure><img loading=\"lazy\" decoding=\"async\" width=\"1000\" height=\"666\" alt=\"\" class=\"wp-block-jetpack-slideshow_image wp-image-15633\" data-id=\"15633\" src=\"https:\/\/jornalfatosenoticias.com.br\/wp-content\/uploads\/2021\/03\/DSC_0505-1.jpg\" srcset=\"https:\/\/jornalfatosenoticias.com.br\/wp-content\/uploads\/2021\/03\/DSC_0505-1.jpg 1000w, https:\/\/jornalfatosenoticias.com.br\/wp-content\/uploads\/2021\/03\/DSC_0505-1-300x200.jpg 300w, https:\/\/jornalfatosenoticias.com.br\/wp-content\/uploads\/2021\/03\/DSC_0505-1-768x511.jpg 768w\" sizes=\"auto, (max-width: 1000px) 100vw, 1000px\" \/><figcaption class=\"wp-block-jetpack-slideshow_caption gallery-caption\">Alberto na Avenida Jos\u00e9 Rato, que corta o bairro<\/figcaption><\/figure><\/li><\/ul><a class=\"wp-block-jetpack-slideshow_button-prev swiper-button-prev swiper-button-white\" role=\"button\"><\/a><a class=\"wp-block-jetpack-slideshow_button-next swiper-button-next swiper-button-white\" role=\"button\"><\/a><a aria-label=\"Pause Slideshow\" class=\"wp-block-jetpack-slideshow_button-pause\" role=\"button\"><\/a><div class=\"wp-block-jetpack-slideshow_pagination swiper-pagination swiper-pagination-white\"><\/div><\/div><\/div>\n\n\n\n<blockquote class=\"wp-block-quote is-layout-flow wp-block-quote-is-layout-flow\"><p>\u201cTemos o projeto de futsal na nossa quadra do CCCA, cursos de karat\u00ea, artesanato, cozinha, drenagem linf\u00e1tica e o Qualifique Esp\u00edrito Santo, do governo do Estado. Ainda no esporte, no Mirante, contamos com um minicampo que foi feito abaixo do padr\u00e3o e por isso serve somente para recrea\u00e7\u00e3o das crian\u00e7as. A academia popular, a ciclovia e a pra\u00e7a do Mirante est\u00e3o precisando tamb\u00e9m de manuten\u00e7\u00e3o\u201d, lembrou Alberto.<\/p><\/blockquote>\n\n\n\n<p>O presidente, que vem protocolando as demandas comuns da comunidade, disse estar sendo atendido. \u201cEstamos sempre sendo acolhidos pela administra\u00e7\u00e3o, agora, quanto \u00e0s solicita\u00e7\u00f5es mais robustas, estou certo tamb\u00e9m que seremos atendidos. J\u00e1 conversamos com o coordenador de governo, Neto Barros, e outros secret\u00e1rios e todos eles se colocaram \u00e0 disposi\u00e7\u00e3o da popula\u00e7\u00e3o da nossa comunidade\u201d, afirma.<br>\u201cPara finalizar, estamos pensando em fazer uma mudan\u00e7a no nome do bairro para Jardim de F\u00e1tima, se a popula\u00e7\u00e3o aprovar \u00e9 claro. Se concordarem, faremos, se optarem por permanecer com o mesmo nome, continuamos do jeito que est\u00e1\u201d.<\/p>\n","protected":false},"excerpt":{"rendered":"<p>Presidente da comunidade Conjunto Carapina I, um dos conjuntos habitacionais mais antigos do munic\u00edpio da Serra, Alberto Alvarenga, falou um pouco de sua experi\u00eancia \u00e0 frente do Centro Comunit\u00e1rio Castro Alves \u2014 CCCA, desde 2017.Segundo ele, na gest\u00e3o anterior ao do atual prefeito, S\u00e9rgio Vidigal, conseguiu bastante benfeitorias para a comunidade, entretanto, as principais obras [&hellip;]<\/p>\n","protected":false},"author":3,"featured_media":15629,"comment_status":"open","ping_status":"open","sticky":false,"template":"","format":"standard","meta":{"footnotes":""},"categories":[10],"tags":[7922,7921,1310,7923],"class_list":["post-15627","post","type-post","status-publish","format-standard","has-post-thumbnail","hentry","category-politica","tag-alberto-alvarenga","tag-conjunto-carapina-i","tag-obras","tag-presidente-comunitario"],"yoast_head":"<!-- This site is optimized with the Yoast SEO plugin v26.5 - https:\/\/yoast.com\/wordpress\/plugins\/seo\/ -->\n<title>Carapina I ou Jardim de F\u00e1tima, o que voc\u00ea prefere? - Jornal Fatos e Not\u00edcias<\/title>\n<meta name=\"robots\" content=\"index, follow, max-snippet:-1, max-image-preview:large, max-video-preview:-1\" \/>\n<link rel=\"canonical\" href=\"https:\/\/jornalfatosenoticias.com.br\/index.php\/2021\/03\/09\/carapina-i-ou-jardim-de-fatima-o-que-voce-prefere\/\" \/>\n<meta property=\"og:locale\" content=\"pt_BR\" \/>\n<meta property=\"og:type\" content=\"article\" \/>\n<meta property=\"og:title\" content=\"Carapina I ou Jardim de F\u00e1tima, o que voc\u00ea prefere? - Jornal Fatos e Not\u00edcias\" \/>\n<meta property=\"og:description\" content=\"Presidente da comunidade Conjunto Carapina I, um dos conjuntos habitacionais mais antigos do munic\u00edpio da Serra, Alberto Alvarenga, falou um pouco de sua experi\u00eancia \u00e0 frente do Centro Comunit\u00e1rio Castro Alves \u2014 CCCA, desde 2017.Segundo ele, na gest\u00e3o anterior ao do atual prefeito, S\u00e9rgio Vidigal, conseguiu bastante benfeitorias para a comunidade, entretanto, as principais obras [&hellip;]\" \/>\n<meta property=\"og:url\" content=\"https:\/\/jornalfatosenoticias.com.br\/index.php\/2021\/03\/09\/carapina-i-ou-jardim-de-fatima-o-que-voce-prefere\/\" \/>\n<meta property=\"og:site_name\" content=\"Jornal Fatos e Not\u00edcias\" \/>\n<meta property=\"article:published_time\" content=\"2021-03-09T22:38:03+00:00\" \/>\n<meta property=\"article:modified_time\" content=\"2021-03-09T22:39:19+00:00\" \/>\n<meta property=\"og:image\" content=\"https:\/\/jornalfatosenoticias.com.br\/wp-content\/uploads\/2021\/03\/Carapina-I-foto-drone.jpg\" \/>\n\t<meta property=\"og:image:width\" content=\"1000\" \/>\n\t<meta property=\"og:image:height\" content=\"562\" \/>\n\t<meta property=\"og:image:type\" content=\"image\/jpeg\" \/>\n<meta name=\"author\" content=\"Haroldo Filho\" \/>\n<meta name=\"twitter:card\" content=\"summary_large_image\" \/>\n<meta name=\"twitter:label1\" content=\"Escrito por\" \/>\n\t<meta name=\"twitter:data1\" content=\"Haroldo Filho\" \/>\n\t<meta name=\"twitter:label2\" content=\"Est. tempo de leitura\" \/>\n\t<meta name=\"twitter:data2\" content=\"2 minutos\" \/>\n<script type=\"application\/ld+json\" class=\"yoast-schema-graph\">{\"@context\":\"https:\/\/schema.org\",\"@graph\":[{\"@type\":\"Article\",\"@id\":\"https:\/\/jornalfatosenoticias.com.br\/index.php\/2021\/03\/09\/carapina-i-ou-jardim-de-fatima-o-que-voce-prefere\/#article\",\"isPartOf\":{\"@id\":\"https:\/\/jornalfatosenoticias.com.br\/index.php\/2021\/03\/09\/carapina-i-ou-jardim-de-fatima-o-que-voce-prefere\/\"},\"author\":{\"name\":\"Haroldo Filho\",\"@id\":\"https:\/\/jornalfatosenoticias.com.br\/#\/schema\/person\/05c46cc25b42a5c27e004fb0fa6b4965\"},\"headline\":\"Carapina I ou Jardim de F\u00e1tima, o que voc\u00ea prefere?\",\"datePublished\":\"2021-03-09T22:38:03+00:00\",\"dateModified\":\"2021-03-09T22:39:19+00:00\",\"mainEntityOfPage\":{\"@id\":\"https:\/\/jornalfatosenoticias.com.br\/index.php\/2021\/03\/09\/carapina-i-ou-jardim-de-fatima-o-que-voce-prefere\/\"},\"wordCount\":499,\"commentCount\":0,\"publisher\":{\"@id\":\"https:\/\/jornalfatosenoticias.com.br\/#organization\"},\"image\":{\"@id\":\"https:\/\/jornalfatosenoticias.com.br\/index.php\/2021\/03\/09\/carapina-i-ou-jardim-de-fatima-o-que-voce-prefere\/#primaryimage\"},\"thumbnailUrl\":\"https:\/\/jornalfatosenoticias.com.br\/wp-content\/uploads\/2021\/03\/Carapina-I-foto-drone.jpg\",\"keywords\":[\"Alberto Alvarenga\",\"Conjunto Carapina I\",\"obras\",\"presidente comunit\u00e1rio\"],\"articleSection\":[\"Pol\u00edtica\"],\"inLanguage\":\"pt-BR\",\"potentialAction\":[{\"@type\":\"CommentAction\",\"name\":\"Comment\",\"target\":[\"https:\/\/jornalfatosenoticias.com.br\/index.php\/2021\/03\/09\/carapina-i-ou-jardim-de-fatima-o-que-voce-prefere\/#respond\"]}]},{\"@type\":\"WebPage\",\"@id\":\"https:\/\/jornalfatosenoticias.com.br\/index.php\/2021\/03\/09\/carapina-i-ou-jardim-de-fatima-o-que-voce-prefere\/\",\"url\":\"https:\/\/jornalfatosenoticias.com.br\/index.php\/2021\/03\/09\/carapina-i-ou-jardim-de-fatima-o-que-voce-prefere\/\",\"name\":\"Carapina I ou Jardim de F\u00e1tima, o que voc\u00ea prefere? - Jornal Fatos e Not\u00edcias\",\"isPartOf\":{\"@id\":\"https:\/\/jornalfatosenoticias.com.br\/#website\"},\"primaryImageOfPage\":{\"@id\":\"https:\/\/jornalfatosenoticias.com.br\/index.php\/2021\/03\/09\/carapina-i-ou-jardim-de-fatima-o-que-voce-prefere\/#primaryimage\"},\"image\":{\"@id\":\"https:\/\/jornalfatosenoticias.com.br\/index.php\/2021\/03\/09\/carapina-i-ou-jardim-de-fatima-o-que-voce-prefere\/#primaryimage\"},\"thumbnailUrl\":\"https:\/\/jornalfatosenoticias.com.br\/wp-content\/uploads\/2021\/03\/Carapina-I-foto-drone.jpg\",\"datePublished\":\"2021-03-09T22:38:03+00:00\",\"dateModified\":\"2021-03-09T22:39:19+00:00\",\"breadcrumb\":{\"@id\":\"https:\/\/jornalfatosenoticias.com.br\/index.php\/2021\/03\/09\/carapina-i-ou-jardim-de-fatima-o-que-voce-prefere\/#breadcrumb\"},\"inLanguage\":\"pt-BR\",\"potentialAction\":[{\"@type\":\"ReadAction\",\"target\":[\"https:\/\/jornalfatosenoticias.com.br\/index.php\/2021\/03\/09\/carapina-i-ou-jardim-de-fatima-o-que-voce-prefere\/\"]}]},{\"@type\":\"ImageObject\",\"inLanguage\":\"pt-BR\",\"@id\":\"https:\/\/jornalfatosenoticias.com.br\/index.php\/2021\/03\/09\/carapina-i-ou-jardim-de-fatima-o-que-voce-prefere\/#primaryimage\",\"url\":\"https:\/\/jornalfatosenoticias.com.br\/wp-content\/uploads\/2021\/03\/Carapina-I-foto-drone.jpg\",\"contentUrl\":\"https:\/\/jornalfatosenoticias.com.br\/wp-content\/uploads\/2021\/03\/Carapina-I-foto-drone.jpg\",\"width\":1000,\"height\":562,\"caption\":\"Vista a\u00e9rea do Conjunto Carapina I (Fotos: Haroldo Cordeiro Filho)\"},{\"@type\":\"BreadcrumbList\",\"@id\":\"https:\/\/jornalfatosenoticias.com.br\/index.php\/2021\/03\/09\/carapina-i-ou-jardim-de-fatima-o-que-voce-prefere\/#breadcrumb\",\"itemListElement\":[{\"@type\":\"ListItem\",\"position\":1,\"name\":\"In\u00edcio\",\"item\":\"https:\/\/jornalfatosenoticias.com.br\/\"},{\"@type\":\"ListItem\",\"position\":2,\"name\":\"Carapina I ou Jardim de F\u00e1tima, o que voc\u00ea prefere?\"}]},{\"@type\":\"WebSite\",\"@id\":\"https:\/\/jornalfatosenoticias.com.br\/#website\",\"url\":\"https:\/\/jornalfatosenoticias.com.br\/\",\"name\":\"Jornal Fatos e Not\u00edcias\",\"description\":\"Not\u00edcias em geral\",\"publisher\":{\"@id\":\"https:\/\/jornalfatosenoticias.com.br\/#organization\"},\"potentialAction\":[{\"@type\":\"SearchAction\",\"target\":{\"@type\":\"EntryPoint\",\"urlTemplate\":\"https:\/\/jornalfatosenoticias.com.br\/?s={search_term_string}\"},\"query-input\":{\"@type\":\"PropertyValueSpecification\",\"valueRequired\":true,\"valueName\":\"search_term_string\"}}],\"inLanguage\":\"pt-BR\"},{\"@type\":\"Organization\",\"@id\":\"https:\/\/jornalfatosenoticias.com.br\/#organization\",\"name\":\"Jornal Fatos e Not\u00edcias\",\"url\":\"https:\/\/jornalfatosenoticias.com.br\/\",\"logo\":{\"@type\":\"ImageObject\",\"inLanguage\":\"pt-BR\",\"@id\":\"https:\/\/jornalfatosenoticias.com.br\/#\/schema\/logo\/image\/\",\"url\":\"https:\/\/jornalfatosenoticias.com.br\/wp-content\/uploads\/2020\/02\/logo120.png\",\"contentUrl\":\"https:\/\/jornalfatosenoticias.com.br\/wp-content\/uploads\/2020\/02\/logo120.png\",\"width\":1227,\"height\":120,\"caption\":\"Jornal Fatos e Not\u00edcias\"},\"image\":{\"@id\":\"https:\/\/jornalfatosenoticias.com.br\/#\/schema\/logo\/image\/\"}},{\"@type\":\"Person\",\"@id\":\"https:\/\/jornalfatosenoticias.com.br\/#\/schema\/person\/05c46cc25b42a5c27e004fb0fa6b4965\",\"name\":\"Haroldo Filho\",\"image\":{\"@type\":\"ImageObject\",\"inLanguage\":\"pt-BR\",\"@id\":\"https:\/\/jornalfatosenoticias.com.br\/#\/schema\/person\/image\/\",\"url\":\"https:\/\/jornalfatosenoticias.com.br\/wp-content\/uploads\/2025\/08\/WhatsApp-Image-2025-08-18-at-15.30.28-150x150.jpeg\",\"contentUrl\":\"https:\/\/jornalfatosenoticias.com.br\/wp-content\/uploads\/2025\/08\/WhatsApp-Image-2025-08-18-at-15.30.28-150x150.jpeg\",\"caption\":\"Haroldo Filho\"},\"description\":\"Jornalista \u2013 DRT: 0003818\/ES Coordenador-geral da ONG Educar para Crescer\",\"url\":\"https:\/\/jornalfatosenoticias.com.br\/index.php\/author\/haroldo\/\"}]}<\/script>\n<!-- \/ Yoast SEO plugin. -->","yoast_head_json":{"title":"Carapina I ou Jardim de F\u00e1tima, o que voc\u00ea prefere? - Jornal Fatos e Not\u00edcias","robots":{"index":"index","follow":"follow","max-snippet":"max-snippet:-1","max-image-preview":"max-image-preview:large","max-video-preview":"max-video-preview:-1"},"canonical":"https:\/\/jornalfatosenoticias.com.br\/index.php\/2021\/03\/09\/carapina-i-ou-jardim-de-fatima-o-que-voce-prefere\/","og_locale":"pt_BR","og_type":"article","og_title":"Carapina I ou Jardim de F\u00e1tima, o que voc\u00ea prefere? - Jornal Fatos e Not\u00edcias","og_description":"Presidente da comunidade Conjunto Carapina I, um dos conjuntos habitacionais mais antigos do munic\u00edpio da Serra, Alberto Alvarenga, falou um pouco de sua experi\u00eancia \u00e0 frente do Centro Comunit\u00e1rio Castro Alves \u2014 CCCA, desde 2017.Segundo ele, na gest\u00e3o anterior ao do atual prefeito, S\u00e9rgio Vidigal, conseguiu bastante benfeitorias para a comunidade, entretanto, as principais obras [&hellip;]","og_url":"https:\/\/jornalfatosenoticias.com.br\/index.php\/2021\/03\/09\/carapina-i-ou-jardim-de-fatima-o-que-voce-prefere\/","og_site_name":"Jornal Fatos e Not\u00edcias","article_published_time":"2021-03-09T22:38:03+00:00","article_modified_time":"2021-03-09T22:39:19+00:00","og_image":[{"width":1000,"height":562,"url":"https:\/\/jornalfatosenoticias.com.br\/wp-content\/uploads\/2021\/03\/Carapina-I-foto-drone.jpg","type":"image\/jpeg"}],"author":"Haroldo Filho","twitter_card":"summary_large_image","twitter_misc":{"Escrito por":"Haroldo Filho","Est. tempo de leitura":"2 minutos"},"schema":{"@context":"https:\/\/schema.org","@graph":[{"@type":"Article","@id":"https:\/\/jornalfatosenoticias.com.br\/index.php\/2021\/03\/09\/carapina-i-ou-jardim-de-fatima-o-que-voce-prefere\/#article","isPartOf":{"@id":"https:\/\/jornalfatosenoticias.com.br\/index.php\/2021\/03\/09\/carapina-i-ou-jardim-de-fatima-o-que-voce-prefere\/"},"author":{"name":"Haroldo Filho","@id":"https:\/\/jornalfatosenoticias.com.br\/#\/schema\/person\/05c46cc25b42a5c27e004fb0fa6b4965"},"headline":"Carapina I ou Jardim de F\u00e1tima, o que voc\u00ea prefere?","datePublished":"2021-03-09T22:38:03+00:00","dateModified":"2021-03-09T22:39:19+00:00","mainEntityOfPage":{"@id":"https:\/\/jornalfatosenoticias.com.br\/index.php\/2021\/03\/09\/carapina-i-ou-jardim-de-fatima-o-que-voce-prefere\/"},"wordCount":499,"commentCount":0,"publisher":{"@id":"https:\/\/jornalfatosenoticias.com.br\/#organization"},"image":{"@id":"https:\/\/jornalfatosenoticias.com.br\/index.php\/2021\/03\/09\/carapina-i-ou-jardim-de-fatima-o-que-voce-prefere\/#primaryimage"},"thumbnailUrl":"https:\/\/jornalfatosenoticias.com.br\/wp-content\/uploads\/2021\/03\/Carapina-I-foto-drone.jpg","keywords":["Alberto Alvarenga","Conjunto Carapina I","obras","presidente comunit\u00e1rio"],"articleSection":["Pol\u00edtica"],"inLanguage":"pt-BR","potentialAction":[{"@type":"CommentAction","name":"Comment","target":["https:\/\/jornalfatosenoticias.com.br\/index.php\/2021\/03\/09\/carapina-i-ou-jardim-de-fatima-o-que-voce-prefere\/#respond"]}]},{"@type":"WebPage","@id":"https:\/\/jornalfatosenoticias.com.br\/index.php\/2021\/03\/09\/carapina-i-ou-jardim-de-fatima-o-que-voce-prefere\/","url":"https:\/\/jornalfatosenoticias.com.br\/index.php\/2021\/03\/09\/carapina-i-ou-jardim-de-fatima-o-que-voce-prefere\/","name":"Carapina I ou Jardim de F\u00e1tima, o que voc\u00ea prefere? - Jornal Fatos e Not\u00edcias","isPartOf":{"@id":"https:\/\/jornalfatosenoticias.com.br\/#website"},"primaryImageOfPage":{"@id":"https:\/\/jornalfatosenoticias.com.br\/index.php\/2021\/03\/09\/carapina-i-ou-jardim-de-fatima-o-que-voce-prefere\/#primaryimage"},"image":{"@id":"https:\/\/jornalfatosenoticias.com.br\/index.php\/2021\/03\/09\/carapina-i-ou-jardim-de-fatima-o-que-voce-prefere\/#primaryimage"},"thumbnailUrl":"https:\/\/jornalfatosenoticias.com.br\/wp-content\/uploads\/2021\/03\/Carapina-I-foto-drone.jpg","datePublished":"2021-03-09T22:38:03+00:00","dateModified":"2021-03-09T22:39:19+00:00","breadcrumb":{"@id":"https:\/\/jornalfatosenoticias.com.br\/index.php\/2021\/03\/09\/carapina-i-ou-jardim-de-fatima-o-que-voce-prefere\/#breadcrumb"},"inLanguage":"pt-BR","potentialAction":[{"@type":"ReadAction","target":["https:\/\/jornalfatosenoticias.com.br\/index.php\/2021\/03\/09\/carapina-i-ou-jardim-de-fatima-o-que-voce-prefere\/"]}]},{"@type":"ImageObject","inLanguage":"pt-BR","@id":"https:\/\/jornalfatosenoticias.com.br\/index.php\/2021\/03\/09\/carapina-i-ou-jardim-de-fatima-o-que-voce-prefere\/#primaryimage","url":"https:\/\/jornalfatosenoticias.com.br\/wp-content\/uploads\/2021\/03\/Carapina-I-foto-drone.jpg","contentUrl":"https:\/\/jornalfatosenoticias.com.br\/wp-content\/uploads\/2021\/03\/Carapina-I-foto-drone.jpg","width":1000,"height":562,"caption":"Vista a\u00e9rea do Conjunto Carapina I (Fotos: Haroldo Cordeiro Filho)"},{"@type":"BreadcrumbList","@id":"https:\/\/jornalfatosenoticias.com.br\/index.php\/2021\/03\/09\/carapina-i-ou-jardim-de-fatima-o-que-voce-prefere\/#breadcrumb","itemListElement":[{"@type":"ListItem","position":1,"name":"In\u00edcio","item":"https:\/\/jornalfatosenoticias.com.br\/"},{"@type":"ListItem","position":2,"name":"Carapina I ou Jardim de F\u00e1tima, o que voc\u00ea prefere?"}]},{"@type":"WebSite","@id":"https:\/\/jornalfatosenoticias.com.br\/#website","url":"https:\/\/jornalfatosenoticias.com.br\/","name":"Jornal Fatos e Not\u00edcias","description":"Not\u00edcias em geral","publisher":{"@id":"https:\/\/jornalfatosenoticias.com.br\/#organization"},"potentialAction":[{"@type":"SearchAction","target":{"@type":"EntryPoint","urlTemplate":"https:\/\/jornalfatosenoticias.com.br\/?s={search_term_string}"},"query-input":{"@type":"PropertyValueSpecification","valueRequired":true,"valueName":"search_term_string"}}],"inLanguage":"pt-BR"},{"@type":"Organization","@id":"https:\/\/jornalfatosenoticias.com.br\/#organization","name":"Jornal Fatos e Not\u00edcias","url":"https:\/\/jornalfatosenoticias.com.br\/","logo":{"@type":"ImageObject","inLanguage":"pt-BR","@id":"https:\/\/jornalfatosenoticias.com.br\/#\/schema\/logo\/image\/","url":"https:\/\/jornalfatosenoticias.com.br\/wp-content\/uploads\/2020\/02\/logo120.png","contentUrl":"https:\/\/jornalfatosenoticias.com.br\/wp-content\/uploads\/2020\/02\/logo120.png","width":1227,"height":120,"caption":"Jornal Fatos e Not\u00edcias"},"image":{"@id":"https:\/\/jornalfatosenoticias.com.br\/#\/schema\/logo\/image\/"}},{"@type":"Person","@id":"https:\/\/jornalfatosenoticias.com.br\/#\/schema\/person\/05c46cc25b42a5c27e004fb0fa6b4965","name":"Haroldo Filho","image":{"@type":"ImageObject","inLanguage":"pt-BR","@id":"https:\/\/jornalfatosenoticias.com.br\/#\/schema\/person\/image\/","url":"https:\/\/jornalfatosenoticias.com.br\/wp-content\/uploads\/2025\/08\/WhatsApp-Image-2025-08-18-at-15.30.28-150x150.jpeg","contentUrl":"https:\/\/jornalfatosenoticias.com.br\/wp-content\/uploads\/2025\/08\/WhatsApp-Image-2025-08-18-at-15.30.28-150x150.jpeg","caption":"Haroldo Filho"},"description":"Jornalista \u2013 DRT: 0003818\/ES Coordenador-geral da ONG Educar para Crescer","url":"https:\/\/jornalfatosenoticias.com.br\/index.php\/author\/haroldo\/"}]}},"cc_featured_image_caption":{"caption_text":"(Foto: Haroldo Cordeiro Filho)","source_text":"","source_url":""},"jetpack_featured_media_url":"https:\/\/jornalfatosenoticias.com.br\/wp-content\/uploads\/2021\/03\/Carapina-I-foto-drone.jpg","_links":{"self":[{"href":"https:\/\/jornalfatosenoticias.com.br\/index.php\/wp-json\/wp\/v2\/posts\/15627","targetHints":{"allow":["GET"]}}],"collection":[{"href":"https:\/\/jornalfatosenoticias.com.br\/index.php\/wp-json\/wp\/v2\/posts"}],"about":[{"href":"https:\/\/jornalfatosenoticias.com.br\/index.php\/wp-json\/wp\/v2\/types\/post"}],"author":[{"embeddable":true,"href":"https:\/\/jornalfatosenoticias.com.br\/index.php\/wp-json\/wp\/v2\/users\/3"}],"replies":[{"embeddable":true,"href":"https:\/\/jornalfatosenoticias.com.br\/index.php\/wp-json\/wp\/v2\/comments?post=15627"}],"version-history":[{"count":0,"href":"https:\/\/jornalfatosenoticias.com.br\/index.php\/wp-json\/wp\/v2\/posts\/15627\/revisions"}],"wp:featuredmedia":[{"embeddable":true,"href":"https:\/\/jornalfatosenoticias.com.br\/index.php\/wp-json\/wp\/v2\/media\/15629"}],"wp:attachment":[{"href":"https:\/\/jornalfatosenoticias.com.br\/index.php\/wp-json\/wp\/v2\/media?parent=15627"}],"wp:term":[{"taxonomy":"category","embeddable":true,"href":"https:\/\/jornalfatosenoticias.com.br\/index.php\/wp-json\/wp\/v2\/categories?post=15627"},{"taxonomy":"post_tag","embeddable":true,"href":"https:\/\/jornalfatosenoticias.com.br\/index.php\/wp-json\/wp\/v2\/tags?post=15627"}],"curies":[{"name":"wp","href":"https:\/\/api.w.org\/{rel}","templated":true}]}}