{"id":15708,"date":"2021-03-10T10:50:02","date_gmt":"2021-03-10T13:50:02","guid":{"rendered":"https:\/\/jornalfatosenoticias.com.br\/?p=15708"},"modified":"2021-03-10T10:50:03","modified_gmt":"2021-03-10T13:50:03","slug":"mes-da-mulher-escritos-femininos-em-destaque-na-biblioteca-municipal","status":"publish","type":"post","link":"https:\/\/jornalfatosenoticias.com.br\/index.php\/2021\/03\/10\/mes-da-mulher-escritos-femininos-em-destaque-na-biblioteca-municipal\/","title":{"rendered":"M\u00eas da mulher: &#8220;Escritos Femininos&#8221; em destaque na Biblioteca Municipal"},"content":{"rendered":"\n<h6 class=\"wp-block-heading\"><em>Exposi\u00e7\u00e3o traz uma sele\u00e7\u00e3o especial com obras de autoras brasileiras e estrangeiras<\/em><\/h6>\n\n\n\n<p>A a\u00e7\u00e3o, que homenageia o m\u00eas da mulher, disponibiliza uma sele\u00e7\u00e3o especial com obras de autoras brasileiras e estrangeiras \u00e0 popula\u00e7\u00e3o.<\/p>\n\n\n\n<blockquote class=\"wp-block-quote is-layout-flow wp-block-quote-is-layout-flow\"><p>\u201cO intuito \u00e9 que os leitores conhe\u00e7am e leiam obras escritas por grandes nomes femininos n\u00e3o s\u00f3 da literatura, como tamb\u00e9m da m\u00fasica e do teatro\u201d, explica a bibliotec\u00e1ria respons\u00e1vel pelo espa\u00e7o, Elizete Caser Rocha.<\/p><\/blockquote>\n\n\n\n<p>A exposi\u00e7\u00e3o, realizada pela Secretaria Municipal de Cultura (Semc), ficar\u00e1 at\u00e9 o dia 31 de mar\u00e7o na biblioteca, localizada no Casar\u00e3o Cerqueira Lima, que fica na rua Muniz Freire 23, no Centro Hist\u00f3rico.<br>O espa\u00e7o est\u00e1 aberto de segunda a sexta-feira, das 8 \u00e0s 17 horas.<\/p>\n\n\n\n<p><strong>Premia\u00e7\u00e3o<br><\/strong>No m\u00eas dedicado \u00e0 mulher, todos os visitantes que realizarem o cadastro e pegarem um livro emprestado automaticamente receber\u00e3o outra obra de presente. As premia\u00e7\u00f5es s\u00e3o de publica\u00e7\u00f5es da Lei Rubem Braga, da Semc e outros trabalhos.<\/p>\n\n\n\n<p><strong>Cuidados e visita\u00e7\u00e3o<br><\/strong>No local, todos os protocolos e normas de preven\u00e7\u00e3o e prote\u00e7\u00e3o contra a covid-19 est\u00e3o sendo rigorosamente seguidos, conforme as recomenda\u00e7\u00f5es das autoridades sanit\u00e1rias.<br>N\u00e3o \u00e9 necess\u00e1rio realizar o agendamento pr\u00e9vio para visitar a Biblioteca, por\u00e9m, a perman\u00eancia de pessoas no recinto est\u00e1 limitada e o uso da m\u00e1scara em seu interior \u00e9 obrigat\u00f3rio, bem como a utiliza\u00e7\u00e3o de \u00e1lcool em gel.<\/p>\n\n\n\n<p><strong><em>Fonte: <a href=\"https:\/\/www.vitoria.es.gov.br\/noticia\/mes-da-mulher-escritos-femininos-em-destaque-na-biblioteca-municipal-42208\">PMV<\/a><\/em><\/strong><\/p>\n","protected":false},"excerpt":{"rendered":"<p>Exposi\u00e7\u00e3o traz uma sele\u00e7\u00e3o especial com obras de autoras brasileiras e estrangeiras A a\u00e7\u00e3o, que homenageia o m\u00eas da mulher, disponibiliza uma sele\u00e7\u00e3o especial com obras de autoras brasileiras e estrangeiras \u00e0 popula\u00e7\u00e3o. \u201cO intuito \u00e9 que os leitores conhe\u00e7am e leiam obras escritas por grandes nomes femininos n\u00e3o s\u00f3 da literatura, como tamb\u00e9m da [&hellip;]<\/p>\n","protected":false},"author":2,"featured_media":15709,"comment_status":"open","ping_status":"open","sticky":false,"template":"","format":"standard","meta":{"footnotes":""},"categories":[4],"tags":[7971,7972,5390,7970,1310],"class_list":["post-15708","post","type-post","status-publish","format-standard","has-post-thumbnail","hentry","category-cultura","tag-biblioteca-municipal","tag-lei-rubem-braga","tag-livros","tag-mes-da-mulher","tag-obras"],"yoast_head":"<!-- This site is optimized with the Yoast SEO plugin v26.5 - https:\/\/yoast.com\/wordpress\/plugins\/seo\/ -->\n<title>M\u00eas da mulher: &quot;Escritos Femininos&quot; em destaque na Biblioteca Municipal - Jornal Fatos e Not\u00edcias<\/title>\n<meta name=\"robots\" content=\"index, follow, max-snippet:-1, max-image-preview:large, max-video-preview:-1\" \/>\n<link rel=\"canonical\" href=\"https:\/\/jornalfatosenoticias.com.br\/index.php\/2021\/03\/10\/mes-da-mulher-escritos-femininos-em-destaque-na-biblioteca-municipal\/\" \/>\n<meta property=\"og:locale\" content=\"pt_BR\" \/>\n<meta property=\"og:type\" content=\"article\" \/>\n<meta property=\"og:title\" content=\"M\u00eas da mulher: &quot;Escritos Femininos&quot; em destaque na Biblioteca Municipal - Jornal Fatos e Not\u00edcias\" \/>\n<meta property=\"og:description\" content=\"Exposi\u00e7\u00e3o traz uma sele\u00e7\u00e3o especial com obras de autoras brasileiras e estrangeiras A a\u00e7\u00e3o, que homenageia o m\u00eas da mulher, disponibiliza uma sele\u00e7\u00e3o especial com obras de autoras brasileiras e estrangeiras \u00e0 popula\u00e7\u00e3o. \u201cO intuito \u00e9 que os leitores conhe\u00e7am e leiam obras escritas por grandes nomes femininos n\u00e3o s\u00f3 da literatura, como tamb\u00e9m da [&hellip;]\" \/>\n<meta property=\"og:url\" content=\"https:\/\/jornalfatosenoticias.com.br\/index.php\/2021\/03\/10\/mes-da-mulher-escritos-femininos-em-destaque-na-biblioteca-municipal\/\" \/>\n<meta property=\"og:site_name\" content=\"Jornal Fatos e Not\u00edcias\" \/>\n<meta property=\"article:published_time\" content=\"2021-03-10T13:50:02+00:00\" \/>\n<meta property=\"article:modified_time\" content=\"2021-03-10T13:50:03+00:00\" \/>\n<meta property=\"og:image\" content=\"https:\/\/jornalfatosenoticias.com.br\/wp-content\/uploads\/2021\/03\/ESCRITOS-FEMININOS.jpg\" \/>\n\t<meta property=\"og:image:width\" content=\"1000\" \/>\n\t<meta property=\"og:image:height\" content=\"627\" \/>\n\t<meta property=\"og:image:type\" content=\"image\/jpeg\" \/>\n<meta name=\"author\" content=\"Luzimara Fernandes\" \/>\n<meta name=\"twitter:card\" content=\"summary_large_image\" \/>\n<meta name=\"twitter:label1\" content=\"Escrito por\" \/>\n\t<meta name=\"twitter:data1\" content=\"Luzimara Fernandes\" \/>\n\t<meta name=\"twitter:label2\" content=\"Est. tempo de leitura\" \/>\n\t<meta name=\"twitter:data2\" content=\"1 minuto\" \/>\n<script type=\"application\/ld+json\" class=\"yoast-schema-graph\">{\"@context\":\"https:\/\/schema.org\",\"@graph\":[{\"@type\":\"Article\",\"@id\":\"https:\/\/jornalfatosenoticias.com.br\/index.php\/2021\/03\/10\/mes-da-mulher-escritos-femininos-em-destaque-na-biblioteca-municipal\/#article\",\"isPartOf\":{\"@id\":\"https:\/\/jornalfatosenoticias.com.br\/index.php\/2021\/03\/10\/mes-da-mulher-escritos-femininos-em-destaque-na-biblioteca-municipal\/\"},\"author\":{\"name\":\"Luzimara Fernandes\",\"@id\":\"https:\/\/jornalfatosenoticias.com.br\/#\/schema\/person\/d63837fa13ac8666eb9e74e0985d6f81\"},\"headline\":\"M\u00eas da mulher: &#8220;Escritos Femininos&#8221; em destaque na Biblioteca Municipal\",\"datePublished\":\"2021-03-10T13:50:02+00:00\",\"dateModified\":\"2021-03-10T13:50:03+00:00\",\"mainEntityOfPage\":{\"@id\":\"https:\/\/jornalfatosenoticias.com.br\/index.php\/2021\/03\/10\/mes-da-mulher-escritos-femininos-em-destaque-na-biblioteca-municipal\/\"},\"wordCount\":259,\"commentCount\":0,\"publisher\":{\"@id\":\"https:\/\/jornalfatosenoticias.com.br\/#organization\"},\"image\":{\"@id\":\"https:\/\/jornalfatosenoticias.com.br\/index.php\/2021\/03\/10\/mes-da-mulher-escritos-femininos-em-destaque-na-biblioteca-municipal\/#primaryimage\"},\"thumbnailUrl\":\"https:\/\/jornalfatosenoticias.com.br\/wp-content\/uploads\/2021\/03\/ESCRITOS-FEMININOS.jpg\",\"keywords\":[\"Biblioteca Municipal\",\"Lei Rubem Braga\",\"livros\",\"m\u00eas da mulher\",\"obras\"],\"articleSection\":[\"Cultura\"],\"inLanguage\":\"pt-BR\",\"potentialAction\":[{\"@type\":\"CommentAction\",\"name\":\"Comment\",\"target\":[\"https:\/\/jornalfatosenoticias.com.br\/index.php\/2021\/03\/10\/mes-da-mulher-escritos-femininos-em-destaque-na-biblioteca-municipal\/#respond\"]}]},{\"@type\":\"WebPage\",\"@id\":\"https:\/\/jornalfatosenoticias.com.br\/index.php\/2021\/03\/10\/mes-da-mulher-escritos-femininos-em-destaque-na-biblioteca-municipal\/\",\"url\":\"https:\/\/jornalfatosenoticias.com.br\/index.php\/2021\/03\/10\/mes-da-mulher-escritos-femininos-em-destaque-na-biblioteca-municipal\/\",\"name\":\"M\u00eas da mulher: \\\"Escritos Femininos\\\" em destaque na Biblioteca Municipal - Jornal Fatos e Not\u00edcias\",\"isPartOf\":{\"@id\":\"https:\/\/jornalfatosenoticias.com.br\/#website\"},\"primaryImageOfPage\":{\"@id\":\"https:\/\/jornalfatosenoticias.com.br\/index.php\/2021\/03\/10\/mes-da-mulher-escritos-femininos-em-destaque-na-biblioteca-municipal\/#primaryimage\"},\"image\":{\"@id\":\"https:\/\/jornalfatosenoticias.com.br\/index.php\/2021\/03\/10\/mes-da-mulher-escritos-femininos-em-destaque-na-biblioteca-municipal\/#primaryimage\"},\"thumbnailUrl\":\"https:\/\/jornalfatosenoticias.com.br\/wp-content\/uploads\/2021\/03\/ESCRITOS-FEMININOS.jpg\",\"datePublished\":\"2021-03-10T13:50:02+00:00\",\"dateModified\":\"2021-03-10T13:50:03+00:00\",\"breadcrumb\":{\"@id\":\"https:\/\/jornalfatosenoticias.com.br\/index.php\/2021\/03\/10\/mes-da-mulher-escritos-femininos-em-destaque-na-biblioteca-municipal\/#breadcrumb\"},\"inLanguage\":\"pt-BR\",\"potentialAction\":[{\"@type\":\"ReadAction\",\"target\":[\"https:\/\/jornalfatosenoticias.com.br\/index.php\/2021\/03\/10\/mes-da-mulher-escritos-femininos-em-destaque-na-biblioteca-municipal\/\"]}]},{\"@type\":\"ImageObject\",\"inLanguage\":\"pt-BR\",\"@id\":\"https:\/\/jornalfatosenoticias.com.br\/index.php\/2021\/03\/10\/mes-da-mulher-escritos-femininos-em-destaque-na-biblioteca-municipal\/#primaryimage\",\"url\":\"https:\/\/jornalfatosenoticias.com.br\/wp-content\/uploads\/2021\/03\/ESCRITOS-FEMININOS.jpg\",\"contentUrl\":\"https:\/\/jornalfatosenoticias.com.br\/wp-content\/uploads\/2021\/03\/ESCRITOS-FEMININOS.jpg\",\"width\":1000,\"height\":627,\"caption\":\"Exposi\u00e7\u00e3o \\\"Escritos Femininos\"},{\"@type\":\"BreadcrumbList\",\"@id\":\"https:\/\/jornalfatosenoticias.com.br\/index.php\/2021\/03\/10\/mes-da-mulher-escritos-femininos-em-destaque-na-biblioteca-municipal\/#breadcrumb\",\"itemListElement\":[{\"@type\":\"ListItem\",\"position\":1,\"name\":\"In\u00edcio\",\"item\":\"https:\/\/jornalfatosenoticias.com.br\/\"},{\"@type\":\"ListItem\",\"position\":2,\"name\":\"M\u00eas da mulher: &#8220;Escritos Femininos&#8221; em destaque na Biblioteca Municipal\"}]},{\"@type\":\"WebSite\",\"@id\":\"https:\/\/jornalfatosenoticias.com.br\/#website\",\"url\":\"https:\/\/jornalfatosenoticias.com.br\/\",\"name\":\"Jornal Fatos e Not\u00edcias\",\"description\":\"Not\u00edcias em geral\",\"publisher\":{\"@id\":\"https:\/\/jornalfatosenoticias.com.br\/#organization\"},\"potentialAction\":[{\"@type\":\"SearchAction\",\"target\":{\"@type\":\"EntryPoint\",\"urlTemplate\":\"https:\/\/jornalfatosenoticias.com.br\/?s={search_term_string}\"},\"query-input\":{\"@type\":\"PropertyValueSpecification\",\"valueRequired\":true,\"valueName\":\"search_term_string\"}}],\"inLanguage\":\"pt-BR\"},{\"@type\":\"Organization\",\"@id\":\"https:\/\/jornalfatosenoticias.com.br\/#organization\",\"name\":\"Jornal Fatos e Not\u00edcias\",\"url\":\"https:\/\/jornalfatosenoticias.com.br\/\",\"logo\":{\"@type\":\"ImageObject\",\"inLanguage\":\"pt-BR\",\"@id\":\"https:\/\/jornalfatosenoticias.com.br\/#\/schema\/logo\/image\/\",\"url\":\"https:\/\/jornalfatosenoticias.com.br\/wp-content\/uploads\/2020\/02\/logo120.png\",\"contentUrl\":\"https:\/\/jornalfatosenoticias.com.br\/wp-content\/uploads\/2020\/02\/logo120.png\",\"width\":1227,\"height\":120,\"caption\":\"Jornal Fatos e Not\u00edcias\"},\"image\":{\"@id\":\"https:\/\/jornalfatosenoticias.com.br\/#\/schema\/logo\/image\/\"}},{\"@type\":\"Person\",\"@id\":\"https:\/\/jornalfatosenoticias.com.br\/#\/schema\/person\/d63837fa13ac8666eb9e74e0985d6f81\",\"name\":\"Luzimara Fernandes\",\"image\":{\"@type\":\"ImageObject\",\"inLanguage\":\"pt-BR\",\"@id\":\"https:\/\/jornalfatosenoticias.com.br\/#\/schema\/person\/image\/\",\"url\":\"https:\/\/jornalfatosenoticias.com.br\/wp-content\/uploads\/2025\/05\/EU_portal.jpg\",\"contentUrl\":\"https:\/\/jornalfatosenoticias.com.br\/wp-content\/uploads\/2025\/05\/EU_portal.jpg\",\"caption\":\"Luzimara Fernandes\"},\"description\":\"Jornalista MTB 2358-ES\",\"sameAs\":[\"https:\/\/jornalfatosenoticias.com.br\"],\"url\":\"https:\/\/jornalfatosenoticias.com.br\/index.php\/author\/luzimara\/\"}]}<\/script>\n<!-- \/ Yoast SEO plugin. -->","yoast_head_json":{"title":"M\u00eas da mulher: \"Escritos Femininos\" em destaque na Biblioteca Municipal - Jornal Fatos e Not\u00edcias","robots":{"index":"index","follow":"follow","max-snippet":"max-snippet:-1","max-image-preview":"max-image-preview:large","max-video-preview":"max-video-preview:-1"},"canonical":"https:\/\/jornalfatosenoticias.com.br\/index.php\/2021\/03\/10\/mes-da-mulher-escritos-femininos-em-destaque-na-biblioteca-municipal\/","og_locale":"pt_BR","og_type":"article","og_title":"M\u00eas da mulher: \"Escritos Femininos\" em destaque na Biblioteca Municipal - Jornal Fatos e Not\u00edcias","og_description":"Exposi\u00e7\u00e3o traz uma sele\u00e7\u00e3o especial com obras de autoras brasileiras e estrangeiras A a\u00e7\u00e3o, que homenageia o m\u00eas da mulher, disponibiliza uma sele\u00e7\u00e3o especial com obras de autoras brasileiras e estrangeiras \u00e0 popula\u00e7\u00e3o. \u201cO intuito \u00e9 que os leitores conhe\u00e7am e leiam obras escritas por grandes nomes femininos n\u00e3o s\u00f3 da literatura, como tamb\u00e9m da [&hellip;]","og_url":"https:\/\/jornalfatosenoticias.com.br\/index.php\/2021\/03\/10\/mes-da-mulher-escritos-femininos-em-destaque-na-biblioteca-municipal\/","og_site_name":"Jornal Fatos e Not\u00edcias","article_published_time":"2021-03-10T13:50:02+00:00","article_modified_time":"2021-03-10T13:50:03+00:00","og_image":[{"width":1000,"height":627,"url":"https:\/\/jornalfatosenoticias.com.br\/wp-content\/uploads\/2021\/03\/ESCRITOS-FEMININOS.jpg","type":"image\/jpeg"}],"author":"Luzimara Fernandes","twitter_card":"summary_large_image","twitter_misc":{"Escrito por":"Luzimara Fernandes","Est. tempo de leitura":"1 minuto"},"schema":{"@context":"https:\/\/schema.org","@graph":[{"@type":"Article","@id":"https:\/\/jornalfatosenoticias.com.br\/index.php\/2021\/03\/10\/mes-da-mulher-escritos-femininos-em-destaque-na-biblioteca-municipal\/#article","isPartOf":{"@id":"https:\/\/jornalfatosenoticias.com.br\/index.php\/2021\/03\/10\/mes-da-mulher-escritos-femininos-em-destaque-na-biblioteca-municipal\/"},"author":{"name":"Luzimara Fernandes","@id":"https:\/\/jornalfatosenoticias.com.br\/#\/schema\/person\/d63837fa13ac8666eb9e74e0985d6f81"},"headline":"M\u00eas da mulher: &#8220;Escritos Femininos&#8221; em destaque na Biblioteca Municipal","datePublished":"2021-03-10T13:50:02+00:00","dateModified":"2021-03-10T13:50:03+00:00","mainEntityOfPage":{"@id":"https:\/\/jornalfatosenoticias.com.br\/index.php\/2021\/03\/10\/mes-da-mulher-escritos-femininos-em-destaque-na-biblioteca-municipal\/"},"wordCount":259,"commentCount":0,"publisher":{"@id":"https:\/\/jornalfatosenoticias.com.br\/#organization"},"image":{"@id":"https:\/\/jornalfatosenoticias.com.br\/index.php\/2021\/03\/10\/mes-da-mulher-escritos-femininos-em-destaque-na-biblioteca-municipal\/#primaryimage"},"thumbnailUrl":"https:\/\/jornalfatosenoticias.com.br\/wp-content\/uploads\/2021\/03\/ESCRITOS-FEMININOS.jpg","keywords":["Biblioteca Municipal","Lei Rubem Braga","livros","m\u00eas da mulher","obras"],"articleSection":["Cultura"],"inLanguage":"pt-BR","potentialAction":[{"@type":"CommentAction","name":"Comment","target":["https:\/\/jornalfatosenoticias.com.br\/index.php\/2021\/03\/10\/mes-da-mulher-escritos-femininos-em-destaque-na-biblioteca-municipal\/#respond"]}]},{"@type":"WebPage","@id":"https:\/\/jornalfatosenoticias.com.br\/index.php\/2021\/03\/10\/mes-da-mulher-escritos-femininos-em-destaque-na-biblioteca-municipal\/","url":"https:\/\/jornalfatosenoticias.com.br\/index.php\/2021\/03\/10\/mes-da-mulher-escritos-femininos-em-destaque-na-biblioteca-municipal\/","name":"M\u00eas da mulher: \"Escritos Femininos\" em destaque na Biblioteca Municipal - Jornal Fatos e Not\u00edcias","isPartOf":{"@id":"https:\/\/jornalfatosenoticias.com.br\/#website"},"primaryImageOfPage":{"@id":"https:\/\/jornalfatosenoticias.com.br\/index.php\/2021\/03\/10\/mes-da-mulher-escritos-femininos-em-destaque-na-biblioteca-municipal\/#primaryimage"},"image":{"@id":"https:\/\/jornalfatosenoticias.com.br\/index.php\/2021\/03\/10\/mes-da-mulher-escritos-femininos-em-destaque-na-biblioteca-municipal\/#primaryimage"},"thumbnailUrl":"https:\/\/jornalfatosenoticias.com.br\/wp-content\/uploads\/2021\/03\/ESCRITOS-FEMININOS.jpg","datePublished":"2021-03-10T13:50:02+00:00","dateModified":"2021-03-10T13:50:03+00:00","breadcrumb":{"@id":"https:\/\/jornalfatosenoticias.com.br\/index.php\/2021\/03\/10\/mes-da-mulher-escritos-femininos-em-destaque-na-biblioteca-municipal\/#breadcrumb"},"inLanguage":"pt-BR","potentialAction":[{"@type":"ReadAction","target":["https:\/\/jornalfatosenoticias.com.br\/index.php\/2021\/03\/10\/mes-da-mulher-escritos-femininos-em-destaque-na-biblioteca-municipal\/"]}]},{"@type":"ImageObject","inLanguage":"pt-BR","@id":"https:\/\/jornalfatosenoticias.com.br\/index.php\/2021\/03\/10\/mes-da-mulher-escritos-femininos-em-destaque-na-biblioteca-municipal\/#primaryimage","url":"https:\/\/jornalfatosenoticias.com.br\/wp-content\/uploads\/2021\/03\/ESCRITOS-FEMININOS.jpg","contentUrl":"https:\/\/jornalfatosenoticias.com.br\/wp-content\/uploads\/2021\/03\/ESCRITOS-FEMININOS.jpg","width":1000,"height":627,"caption":"Exposi\u00e7\u00e3o \"Escritos Femininos"},{"@type":"BreadcrumbList","@id":"https:\/\/jornalfatosenoticias.com.br\/index.php\/2021\/03\/10\/mes-da-mulher-escritos-femininos-em-destaque-na-biblioteca-municipal\/#breadcrumb","itemListElement":[{"@type":"ListItem","position":1,"name":"In\u00edcio","item":"https:\/\/jornalfatosenoticias.com.br\/"},{"@type":"ListItem","position":2,"name":"M\u00eas da mulher: &#8220;Escritos Femininos&#8221; em destaque na Biblioteca Municipal"}]},{"@type":"WebSite","@id":"https:\/\/jornalfatosenoticias.com.br\/#website","url":"https:\/\/jornalfatosenoticias.com.br\/","name":"Jornal Fatos e Not\u00edcias","description":"Not\u00edcias em geral","publisher":{"@id":"https:\/\/jornalfatosenoticias.com.br\/#organization"},"potentialAction":[{"@type":"SearchAction","target":{"@type":"EntryPoint","urlTemplate":"https:\/\/jornalfatosenoticias.com.br\/?s={search_term_string}"},"query-input":{"@type":"PropertyValueSpecification","valueRequired":true,"valueName":"search_term_string"}}],"inLanguage":"pt-BR"},{"@type":"Organization","@id":"https:\/\/jornalfatosenoticias.com.br\/#organization","name":"Jornal Fatos e Not\u00edcias","url":"https:\/\/jornalfatosenoticias.com.br\/","logo":{"@type":"ImageObject","inLanguage":"pt-BR","@id":"https:\/\/jornalfatosenoticias.com.br\/#\/schema\/logo\/image\/","url":"https:\/\/jornalfatosenoticias.com.br\/wp-content\/uploads\/2020\/02\/logo120.png","contentUrl":"https:\/\/jornalfatosenoticias.com.br\/wp-content\/uploads\/2020\/02\/logo120.png","width":1227,"height":120,"caption":"Jornal Fatos e Not\u00edcias"},"image":{"@id":"https:\/\/jornalfatosenoticias.com.br\/#\/schema\/logo\/image\/"}},{"@type":"Person","@id":"https:\/\/jornalfatosenoticias.com.br\/#\/schema\/person\/d63837fa13ac8666eb9e74e0985d6f81","name":"Luzimara Fernandes","image":{"@type":"ImageObject","inLanguage":"pt-BR","@id":"https:\/\/jornalfatosenoticias.com.br\/#\/schema\/person\/image\/","url":"https:\/\/jornalfatosenoticias.com.br\/wp-content\/uploads\/2025\/05\/EU_portal.jpg","contentUrl":"https:\/\/jornalfatosenoticias.com.br\/wp-content\/uploads\/2025\/05\/EU_portal.jpg","caption":"Luzimara Fernandes"},"description":"Jornalista MTB 2358-ES","sameAs":["https:\/\/jornalfatosenoticias.com.br"],"url":"https:\/\/jornalfatosenoticias.com.br\/index.php\/author\/luzimara\/"}]}},"cc_featured_image_caption":{"caption_text":"(Foto: Divulga\u00e7\u00e3o Semc) ","source_text":"","source_url":""},"jetpack_featured_media_url":"https:\/\/jornalfatosenoticias.com.br\/wp-content\/uploads\/2021\/03\/ESCRITOS-FEMININOS.jpg","_links":{"self":[{"href":"https:\/\/jornalfatosenoticias.com.br\/index.php\/wp-json\/wp\/v2\/posts\/15708","targetHints":{"allow":["GET"]}}],"collection":[{"href":"https:\/\/jornalfatosenoticias.com.br\/index.php\/wp-json\/wp\/v2\/posts"}],"about":[{"href":"https:\/\/jornalfatosenoticias.com.br\/index.php\/wp-json\/wp\/v2\/types\/post"}],"author":[{"embeddable":true,"href":"https:\/\/jornalfatosenoticias.com.br\/index.php\/wp-json\/wp\/v2\/users\/2"}],"replies":[{"embeddable":true,"href":"https:\/\/jornalfatosenoticias.com.br\/index.php\/wp-json\/wp\/v2\/comments?post=15708"}],"version-history":[{"count":0,"href":"https:\/\/jornalfatosenoticias.com.br\/index.php\/wp-json\/wp\/v2\/posts\/15708\/revisions"}],"wp:featuredmedia":[{"embeddable":true,"href":"https:\/\/jornalfatosenoticias.com.br\/index.php\/wp-json\/wp\/v2\/media\/15709"}],"wp:attachment":[{"href":"https:\/\/jornalfatosenoticias.com.br\/index.php\/wp-json\/wp\/v2\/media?parent=15708"}],"wp:term":[{"taxonomy":"category","embeddable":true,"href":"https:\/\/jornalfatosenoticias.com.br\/index.php\/wp-json\/wp\/v2\/categories?post=15708"},{"taxonomy":"post_tag","embeddable":true,"href":"https:\/\/jornalfatosenoticias.com.br\/index.php\/wp-json\/wp\/v2\/tags?post=15708"}],"curies":[{"name":"wp","href":"https:\/\/api.w.org\/{rel}","templated":true}]}}