{"id":15730,"date":"2021-03-11T17:43:12","date_gmt":"2021-03-11T20:43:12","guid":{"rendered":"https:\/\/jornalfatosenoticias.com.br\/?p=15730"},"modified":"2021-03-11T17:43:16","modified_gmt":"2021-03-11T20:43:16","slug":"a-janela-periferica-que-multiplica-os-olhares","status":"publish","type":"post","link":"https:\/\/jornalfatosenoticias.com.br\/index.php\/2021\/03\/11\/a-janela-periferica-que-multiplica-os-olhares\/","title":{"rendered":"A janela perif\u00e9rica que multiplica os olhares"},"content":{"rendered":"\n<h6 class=\"wp-block-heading\"><em>Em seus livros, Ot\u00e1vio J\u00fanior convida o leitor \u2014 principalmente os mais jovens \u2014 a conhecer pelo olhar das crian\u00e7as a realidade da periferia, marcada por injusti\u00e7a, mas tamb\u00e9m cheia de beleza e resist\u00eancia<\/em><\/h6>\n\n\n\n<p>Vencedora do Jabuti 2020 na categoria livro infantil, a obra Da minha janela (ed. Companhia das Letrinhas), de Ot\u00e1vio J\u00fanior com ilustra\u00e7\u00f5es de Vanina Starkoff, narra, em 48 p\u00e1ginas, tudo o que um garoto enxerga de sua janela em uma favela do Rio de Janeiro, como bichos, pessoas, cores e alegrias nas brincadeiras como rodar pi\u00e3o. Para esta obra, o autor se inspirou em sua pr\u00f3pria inf\u00e2ncia, mas tamb\u00e9m circulou por v\u00e1rias favelas com o cuidado de descrever o quanto \u00e9 poss\u00edvel aprender por meio dos olhares.<br>O autor cresceu em uma favela da zona norte do Rio e foi em um lix\u00e3o, ainda crian\u00e7a, que teve contato com o seu primeiro livro. Aos poucos a literatura o transformou. Come\u00e7ou a frequentar bibliotecas p\u00fablicas e salas de leitura. J\u00e1 adulto, ficou conhecido como o \u2018Livreiro do Alem\u00e3o\u2019 ao abrir a primeira biblioteca nas favelas do Complexo do Alem\u00e3o e no Complexo da Penha (RJ). Ciente da necessidade de democratizar a leitura, tamb\u00e9m \u00e9 respons\u00e1vel por projetos de literatura em outras regi\u00f5es carentes.<\/p>\n\n\n\n<p><strong>Leia:&nbsp;<\/strong><strong><a href=\"https:\/\/revistaeducacao.com.br\/2021\/03\/03\/livro-estudantes-refugiados\/\" target=\"_blank\" rel=\"noreferrer noopener\">Livro conta 21 hist\u00f3rias reais de estudantes, incluindo refugiados, que transformaram a educa\u00e7\u00e3o<\/a><\/strong><\/p>\n\n\n\n<h4 class=\"wp-block-heading\">Vozes conectadas pela paz<\/h4>\n\n\n\n<p>Morro dos ventos (ed. do Brasil) \u00e9 uma obra tamb\u00e9m infantil de Ot\u00e1vio J\u00fanior que aborda com certa leveza a necessidade de paz por meio de vozes que v\u00e3o se multiplicando com o vento. Tem o intuito de valorizar a periferia, mas tamb\u00e9m de criticar o quanto o Estado \u00e9 racista. \u201cEsse livro resgata o desejo verdadeiro de uma crian\u00e7a de estar amparada e saber que os seus tamb\u00e9m estar\u00e3o\u201d, destaca um trecho da sinopse.<br>A obra \u00e9 dedicada \u00e0 Vanessa Francisco Sales, m\u00e3e de \u00c1gatha F\u00e9lix, assassinada aos oito anos em uma opera\u00e7\u00e3o policial no RJ, em 2019.<\/p>\n\n\n\n<p><strong><em>Fonte: <a href=\"https:\/\/revistaeducacao.com.br\/2021\/03\/10\/a-janela-periferia-literatura\/\">Revista Educa\u00e7\u00e3o<\/a><\/em><\/strong><\/p>\n","protected":false},"excerpt":{"rendered":"<p>Em seus livros, Ot\u00e1vio J\u00fanior convida o leitor \u2014 principalmente os mais jovens \u2014 a conhecer pelo olhar das crian\u00e7as a realidade da periferia, marcada por injusti\u00e7a, mas tamb\u00e9m cheia de beleza e resist\u00eancia Vencedora do Jabuti 2020 na categoria livro infantil, a obra Da minha janela (ed. Companhia das Letrinhas), de Ot\u00e1vio J\u00fanior com [&hellip;]<\/p>\n","protected":false},"author":2,"featured_media":15731,"comment_status":"open","ping_status":"open","sticky":false,"template":"","format":"standard","meta":{"footnotes":""},"categories":[4],"tags":[7986,1410,6276,7985],"class_list":["post-15730","post","type-post","status-publish","format-standard","has-post-thumbnail","hentry","category-cultura","tag-companhia-das-letrinhas","tag-favelas","tag-livro-infantil","tag-otavio-junior"],"yoast_head":"<!-- This site is optimized with the Yoast SEO plugin v26.5 - https:\/\/yoast.com\/wordpress\/plugins\/seo\/ -->\n<title>A janela perif\u00e9rica que multiplica os olhares - Jornal Fatos e Not\u00edcias<\/title>\n<meta name=\"robots\" content=\"index, follow, max-snippet:-1, max-image-preview:large, max-video-preview:-1\" \/>\n<link rel=\"canonical\" href=\"https:\/\/jornalfatosenoticias.com.br\/index.php\/2021\/03\/11\/a-janela-periferica-que-multiplica-os-olhares\/\" \/>\n<meta property=\"og:locale\" content=\"pt_BR\" \/>\n<meta property=\"og:type\" content=\"article\" \/>\n<meta property=\"og:title\" content=\"A janela perif\u00e9rica que multiplica os olhares - Jornal Fatos e Not\u00edcias\" \/>\n<meta property=\"og:description\" content=\"Em seus livros, Ot\u00e1vio J\u00fanior convida o leitor \u2014 principalmente os mais jovens \u2014 a conhecer pelo olhar das crian\u00e7as a realidade da periferia, marcada por injusti\u00e7a, mas tamb\u00e9m cheia de beleza e resist\u00eancia Vencedora do Jabuti 2020 na categoria livro infantil, a obra Da minha janela (ed. Companhia das Letrinhas), de Ot\u00e1vio J\u00fanior com [&hellip;]\" \/>\n<meta property=\"og:url\" content=\"https:\/\/jornalfatosenoticias.com.br\/index.php\/2021\/03\/11\/a-janela-periferica-que-multiplica-os-olhares\/\" \/>\n<meta property=\"og:site_name\" content=\"Jornal Fatos e Not\u00edcias\" \/>\n<meta property=\"article:published_time\" content=\"2021-03-11T20:43:12+00:00\" \/>\n<meta property=\"article:modified_time\" content=\"2021-03-11T20:43:16+00:00\" \/>\n<meta property=\"og:image\" content=\"https:\/\/jornalfatosenoticias.com.br\/wp-content\/uploads\/2021\/03\/da-minha-janela.jpg\" \/>\n\t<meta property=\"og:image:width\" content=\"1000\" \/>\n\t<meta property=\"og:image:height\" content=\"500\" \/>\n\t<meta property=\"og:image:type\" content=\"image\/jpeg\" \/>\n<meta name=\"author\" content=\"Luzimara Fernandes\" \/>\n<meta name=\"twitter:card\" content=\"summary_large_image\" \/>\n<meta name=\"twitter:label1\" content=\"Escrito por\" \/>\n\t<meta name=\"twitter:data1\" content=\"Luzimara Fernandes\" \/>\n\t<meta name=\"twitter:label2\" content=\"Est. tempo de leitura\" \/>\n\t<meta name=\"twitter:data2\" content=\"2 minutos\" \/>\n<script type=\"application\/ld+json\" class=\"yoast-schema-graph\">{\"@context\":\"https:\/\/schema.org\",\"@graph\":[{\"@type\":\"Article\",\"@id\":\"https:\/\/jornalfatosenoticias.com.br\/index.php\/2021\/03\/11\/a-janela-periferica-que-multiplica-os-olhares\/#article\",\"isPartOf\":{\"@id\":\"https:\/\/jornalfatosenoticias.com.br\/index.php\/2021\/03\/11\/a-janela-periferica-que-multiplica-os-olhares\/\"},\"author\":{\"name\":\"Luzimara Fernandes\",\"@id\":\"https:\/\/jornalfatosenoticias.com.br\/#\/schema\/person\/d63837fa13ac8666eb9e74e0985d6f81\"},\"headline\":\"A janela perif\u00e9rica que multiplica os olhares\",\"datePublished\":\"2021-03-11T20:43:12+00:00\",\"dateModified\":\"2021-03-11T20:43:16+00:00\",\"mainEntityOfPage\":{\"@id\":\"https:\/\/jornalfatosenoticias.com.br\/index.php\/2021\/03\/11\/a-janela-periferica-que-multiplica-os-olhares\/\"},\"wordCount\":362,\"commentCount\":0,\"publisher\":{\"@id\":\"https:\/\/jornalfatosenoticias.com.br\/#organization\"},\"image\":{\"@id\":\"https:\/\/jornalfatosenoticias.com.br\/index.php\/2021\/03\/11\/a-janela-periferica-que-multiplica-os-olhares\/#primaryimage\"},\"thumbnailUrl\":\"https:\/\/jornalfatosenoticias.com.br\/wp-content\/uploads\/2021\/03\/da-minha-janela.jpg\",\"keywords\":[\"Companhia das Letrinhas\",\"favelas\",\"livro infantil\",\"Ot\u00e1vio J\u00fanior\"],\"articleSection\":[\"Cultura\"],\"inLanguage\":\"pt-BR\",\"potentialAction\":[{\"@type\":\"CommentAction\",\"name\":\"Comment\",\"target\":[\"https:\/\/jornalfatosenoticias.com.br\/index.php\/2021\/03\/11\/a-janela-periferica-que-multiplica-os-olhares\/#respond\"]}]},{\"@type\":\"WebPage\",\"@id\":\"https:\/\/jornalfatosenoticias.com.br\/index.php\/2021\/03\/11\/a-janela-periferica-que-multiplica-os-olhares\/\",\"url\":\"https:\/\/jornalfatosenoticias.com.br\/index.php\/2021\/03\/11\/a-janela-periferica-que-multiplica-os-olhares\/\",\"name\":\"A janela perif\u00e9rica que multiplica os olhares - Jornal Fatos e Not\u00edcias\",\"isPartOf\":{\"@id\":\"https:\/\/jornalfatosenoticias.com.br\/#website\"},\"primaryImageOfPage\":{\"@id\":\"https:\/\/jornalfatosenoticias.com.br\/index.php\/2021\/03\/11\/a-janela-periferica-que-multiplica-os-olhares\/#primaryimage\"},\"image\":{\"@id\":\"https:\/\/jornalfatosenoticias.com.br\/index.php\/2021\/03\/11\/a-janela-periferica-que-multiplica-os-olhares\/#primaryimage\"},\"thumbnailUrl\":\"https:\/\/jornalfatosenoticias.com.br\/wp-content\/uploads\/2021\/03\/da-minha-janela.jpg\",\"datePublished\":\"2021-03-11T20:43:12+00:00\",\"dateModified\":\"2021-03-11T20:43:16+00:00\",\"breadcrumb\":{\"@id\":\"https:\/\/jornalfatosenoticias.com.br\/index.php\/2021\/03\/11\/a-janela-periferica-que-multiplica-os-olhares\/#breadcrumb\"},\"inLanguage\":\"pt-BR\",\"potentialAction\":[{\"@type\":\"ReadAction\",\"target\":[\"https:\/\/jornalfatosenoticias.com.br\/index.php\/2021\/03\/11\/a-janela-periferica-que-multiplica-os-olhares\/\"]}]},{\"@type\":\"ImageObject\",\"inLanguage\":\"pt-BR\",\"@id\":\"https:\/\/jornalfatosenoticias.com.br\/index.php\/2021\/03\/11\/a-janela-periferica-que-multiplica-os-olhares\/#primaryimage\",\"url\":\"https:\/\/jornalfatosenoticias.com.br\/wp-content\/uploads\/2021\/03\/da-minha-janela.jpg\",\"contentUrl\":\"https:\/\/jornalfatosenoticias.com.br\/wp-content\/uploads\/2021\/03\/da-minha-janela.jpg\",\"width\":1000,\"height\":500},{\"@type\":\"BreadcrumbList\",\"@id\":\"https:\/\/jornalfatosenoticias.com.br\/index.php\/2021\/03\/11\/a-janela-periferica-que-multiplica-os-olhares\/#breadcrumb\",\"itemListElement\":[{\"@type\":\"ListItem\",\"position\":1,\"name\":\"In\u00edcio\",\"item\":\"https:\/\/jornalfatosenoticias.com.br\/\"},{\"@type\":\"ListItem\",\"position\":2,\"name\":\"A janela perif\u00e9rica que multiplica os olhares\"}]},{\"@type\":\"WebSite\",\"@id\":\"https:\/\/jornalfatosenoticias.com.br\/#website\",\"url\":\"https:\/\/jornalfatosenoticias.com.br\/\",\"name\":\"Jornal Fatos e Not\u00edcias\",\"description\":\"Not\u00edcias em geral\",\"publisher\":{\"@id\":\"https:\/\/jornalfatosenoticias.com.br\/#organization\"},\"potentialAction\":[{\"@type\":\"SearchAction\",\"target\":{\"@type\":\"EntryPoint\",\"urlTemplate\":\"https:\/\/jornalfatosenoticias.com.br\/?s={search_term_string}\"},\"query-input\":{\"@type\":\"PropertyValueSpecification\",\"valueRequired\":true,\"valueName\":\"search_term_string\"}}],\"inLanguage\":\"pt-BR\"},{\"@type\":\"Organization\",\"@id\":\"https:\/\/jornalfatosenoticias.com.br\/#organization\",\"name\":\"Jornal Fatos e Not\u00edcias\",\"url\":\"https:\/\/jornalfatosenoticias.com.br\/\",\"logo\":{\"@type\":\"ImageObject\",\"inLanguage\":\"pt-BR\",\"@id\":\"https:\/\/jornalfatosenoticias.com.br\/#\/schema\/logo\/image\/\",\"url\":\"https:\/\/jornalfatosenoticias.com.br\/wp-content\/uploads\/2020\/02\/logo120.png\",\"contentUrl\":\"https:\/\/jornalfatosenoticias.com.br\/wp-content\/uploads\/2020\/02\/logo120.png\",\"width\":1227,\"height\":120,\"caption\":\"Jornal Fatos e Not\u00edcias\"},\"image\":{\"@id\":\"https:\/\/jornalfatosenoticias.com.br\/#\/schema\/logo\/image\/\"}},{\"@type\":\"Person\",\"@id\":\"https:\/\/jornalfatosenoticias.com.br\/#\/schema\/person\/d63837fa13ac8666eb9e74e0985d6f81\",\"name\":\"Luzimara Fernandes\",\"image\":{\"@type\":\"ImageObject\",\"inLanguage\":\"pt-BR\",\"@id\":\"https:\/\/jornalfatosenoticias.com.br\/#\/schema\/person\/image\/\",\"url\":\"https:\/\/jornalfatosenoticias.com.br\/wp-content\/uploads\/2025\/05\/EU_portal.jpg\",\"contentUrl\":\"https:\/\/jornalfatosenoticias.com.br\/wp-content\/uploads\/2025\/05\/EU_portal.jpg\",\"caption\":\"Luzimara Fernandes\"},\"description\":\"Jornalista MTB 2358-ES\",\"sameAs\":[\"https:\/\/jornalfatosenoticias.com.br\"],\"url\":\"https:\/\/jornalfatosenoticias.com.br\/index.php\/author\/luzimara\/\"}]}<\/script>\n<!-- \/ Yoast SEO plugin. -->","yoast_head_json":{"title":"A janela perif\u00e9rica que multiplica os olhares - Jornal Fatos e Not\u00edcias","robots":{"index":"index","follow":"follow","max-snippet":"max-snippet:-1","max-image-preview":"max-image-preview:large","max-video-preview":"max-video-preview:-1"},"canonical":"https:\/\/jornalfatosenoticias.com.br\/index.php\/2021\/03\/11\/a-janela-periferica-que-multiplica-os-olhares\/","og_locale":"pt_BR","og_type":"article","og_title":"A janela perif\u00e9rica que multiplica os olhares - Jornal Fatos e Not\u00edcias","og_description":"Em seus livros, Ot\u00e1vio J\u00fanior convida o leitor \u2014 principalmente os mais jovens \u2014 a conhecer pelo olhar das crian\u00e7as a realidade da periferia, marcada por injusti\u00e7a, mas tamb\u00e9m cheia de beleza e resist\u00eancia Vencedora do Jabuti 2020 na categoria livro infantil, a obra Da minha janela (ed. Companhia das Letrinhas), de Ot\u00e1vio J\u00fanior com [&hellip;]","og_url":"https:\/\/jornalfatosenoticias.com.br\/index.php\/2021\/03\/11\/a-janela-periferica-que-multiplica-os-olhares\/","og_site_name":"Jornal Fatos e Not\u00edcias","article_published_time":"2021-03-11T20:43:12+00:00","article_modified_time":"2021-03-11T20:43:16+00:00","og_image":[{"width":1000,"height":500,"url":"https:\/\/jornalfatosenoticias.com.br\/wp-content\/uploads\/2021\/03\/da-minha-janela.jpg","type":"image\/jpeg"}],"author":"Luzimara Fernandes","twitter_card":"summary_large_image","twitter_misc":{"Escrito por":"Luzimara Fernandes","Est. tempo de leitura":"2 minutos"},"schema":{"@context":"https:\/\/schema.org","@graph":[{"@type":"Article","@id":"https:\/\/jornalfatosenoticias.com.br\/index.php\/2021\/03\/11\/a-janela-periferica-que-multiplica-os-olhares\/#article","isPartOf":{"@id":"https:\/\/jornalfatosenoticias.com.br\/index.php\/2021\/03\/11\/a-janela-periferica-que-multiplica-os-olhares\/"},"author":{"name":"Luzimara Fernandes","@id":"https:\/\/jornalfatosenoticias.com.br\/#\/schema\/person\/d63837fa13ac8666eb9e74e0985d6f81"},"headline":"A janela perif\u00e9rica que multiplica os olhares","datePublished":"2021-03-11T20:43:12+00:00","dateModified":"2021-03-11T20:43:16+00:00","mainEntityOfPage":{"@id":"https:\/\/jornalfatosenoticias.com.br\/index.php\/2021\/03\/11\/a-janela-periferica-que-multiplica-os-olhares\/"},"wordCount":362,"commentCount":0,"publisher":{"@id":"https:\/\/jornalfatosenoticias.com.br\/#organization"},"image":{"@id":"https:\/\/jornalfatosenoticias.com.br\/index.php\/2021\/03\/11\/a-janela-periferica-que-multiplica-os-olhares\/#primaryimage"},"thumbnailUrl":"https:\/\/jornalfatosenoticias.com.br\/wp-content\/uploads\/2021\/03\/da-minha-janela.jpg","keywords":["Companhia das Letrinhas","favelas","livro infantil","Ot\u00e1vio J\u00fanior"],"articleSection":["Cultura"],"inLanguage":"pt-BR","potentialAction":[{"@type":"CommentAction","name":"Comment","target":["https:\/\/jornalfatosenoticias.com.br\/index.php\/2021\/03\/11\/a-janela-periferica-que-multiplica-os-olhares\/#respond"]}]},{"@type":"WebPage","@id":"https:\/\/jornalfatosenoticias.com.br\/index.php\/2021\/03\/11\/a-janela-periferica-que-multiplica-os-olhares\/","url":"https:\/\/jornalfatosenoticias.com.br\/index.php\/2021\/03\/11\/a-janela-periferica-que-multiplica-os-olhares\/","name":"A janela perif\u00e9rica que multiplica os olhares - Jornal Fatos e Not\u00edcias","isPartOf":{"@id":"https:\/\/jornalfatosenoticias.com.br\/#website"},"primaryImageOfPage":{"@id":"https:\/\/jornalfatosenoticias.com.br\/index.php\/2021\/03\/11\/a-janela-periferica-que-multiplica-os-olhares\/#primaryimage"},"image":{"@id":"https:\/\/jornalfatosenoticias.com.br\/index.php\/2021\/03\/11\/a-janela-periferica-que-multiplica-os-olhares\/#primaryimage"},"thumbnailUrl":"https:\/\/jornalfatosenoticias.com.br\/wp-content\/uploads\/2021\/03\/da-minha-janela.jpg","datePublished":"2021-03-11T20:43:12+00:00","dateModified":"2021-03-11T20:43:16+00:00","breadcrumb":{"@id":"https:\/\/jornalfatosenoticias.com.br\/index.php\/2021\/03\/11\/a-janela-periferica-que-multiplica-os-olhares\/#breadcrumb"},"inLanguage":"pt-BR","potentialAction":[{"@type":"ReadAction","target":["https:\/\/jornalfatosenoticias.com.br\/index.php\/2021\/03\/11\/a-janela-periferica-que-multiplica-os-olhares\/"]}]},{"@type":"ImageObject","inLanguage":"pt-BR","@id":"https:\/\/jornalfatosenoticias.com.br\/index.php\/2021\/03\/11\/a-janela-periferica-que-multiplica-os-olhares\/#primaryimage","url":"https:\/\/jornalfatosenoticias.com.br\/wp-content\/uploads\/2021\/03\/da-minha-janela.jpg","contentUrl":"https:\/\/jornalfatosenoticias.com.br\/wp-content\/uploads\/2021\/03\/da-minha-janela.jpg","width":1000,"height":500},{"@type":"BreadcrumbList","@id":"https:\/\/jornalfatosenoticias.com.br\/index.php\/2021\/03\/11\/a-janela-periferica-que-multiplica-os-olhares\/#breadcrumb","itemListElement":[{"@type":"ListItem","position":1,"name":"In\u00edcio","item":"https:\/\/jornalfatosenoticias.com.br\/"},{"@type":"ListItem","position":2,"name":"A janela perif\u00e9rica que multiplica os olhares"}]},{"@type":"WebSite","@id":"https:\/\/jornalfatosenoticias.com.br\/#website","url":"https:\/\/jornalfatosenoticias.com.br\/","name":"Jornal Fatos e Not\u00edcias","description":"Not\u00edcias em geral","publisher":{"@id":"https:\/\/jornalfatosenoticias.com.br\/#organization"},"potentialAction":[{"@type":"SearchAction","target":{"@type":"EntryPoint","urlTemplate":"https:\/\/jornalfatosenoticias.com.br\/?s={search_term_string}"},"query-input":{"@type":"PropertyValueSpecification","valueRequired":true,"valueName":"search_term_string"}}],"inLanguage":"pt-BR"},{"@type":"Organization","@id":"https:\/\/jornalfatosenoticias.com.br\/#organization","name":"Jornal Fatos e Not\u00edcias","url":"https:\/\/jornalfatosenoticias.com.br\/","logo":{"@type":"ImageObject","inLanguage":"pt-BR","@id":"https:\/\/jornalfatosenoticias.com.br\/#\/schema\/logo\/image\/","url":"https:\/\/jornalfatosenoticias.com.br\/wp-content\/uploads\/2020\/02\/logo120.png","contentUrl":"https:\/\/jornalfatosenoticias.com.br\/wp-content\/uploads\/2020\/02\/logo120.png","width":1227,"height":120,"caption":"Jornal Fatos e Not\u00edcias"},"image":{"@id":"https:\/\/jornalfatosenoticias.com.br\/#\/schema\/logo\/image\/"}},{"@type":"Person","@id":"https:\/\/jornalfatosenoticias.com.br\/#\/schema\/person\/d63837fa13ac8666eb9e74e0985d6f81","name":"Luzimara Fernandes","image":{"@type":"ImageObject","inLanguage":"pt-BR","@id":"https:\/\/jornalfatosenoticias.com.br\/#\/schema\/person\/image\/","url":"https:\/\/jornalfatosenoticias.com.br\/wp-content\/uploads\/2025\/05\/EU_portal.jpg","contentUrl":"https:\/\/jornalfatosenoticias.com.br\/wp-content\/uploads\/2025\/05\/EU_portal.jpg","caption":"Luzimara Fernandes"},"description":"Jornalista MTB 2358-ES","sameAs":["https:\/\/jornalfatosenoticias.com.br"],"url":"https:\/\/jornalfatosenoticias.com.br\/index.php\/author\/luzimara\/"}]}},"cc_featured_image_caption":{"caption_text":"Ilustra\u00e7\u00f5es de Vanina Starkoff ","source_text":"","source_url":""},"jetpack_featured_media_url":"https:\/\/jornalfatosenoticias.com.br\/wp-content\/uploads\/2021\/03\/da-minha-janela.jpg","_links":{"self":[{"href":"https:\/\/jornalfatosenoticias.com.br\/index.php\/wp-json\/wp\/v2\/posts\/15730","targetHints":{"allow":["GET"]}}],"collection":[{"href":"https:\/\/jornalfatosenoticias.com.br\/index.php\/wp-json\/wp\/v2\/posts"}],"about":[{"href":"https:\/\/jornalfatosenoticias.com.br\/index.php\/wp-json\/wp\/v2\/types\/post"}],"author":[{"embeddable":true,"href":"https:\/\/jornalfatosenoticias.com.br\/index.php\/wp-json\/wp\/v2\/users\/2"}],"replies":[{"embeddable":true,"href":"https:\/\/jornalfatosenoticias.com.br\/index.php\/wp-json\/wp\/v2\/comments?post=15730"}],"version-history":[{"count":0,"href":"https:\/\/jornalfatosenoticias.com.br\/index.php\/wp-json\/wp\/v2\/posts\/15730\/revisions"}],"wp:featuredmedia":[{"embeddable":true,"href":"https:\/\/jornalfatosenoticias.com.br\/index.php\/wp-json\/wp\/v2\/media\/15731"}],"wp:attachment":[{"href":"https:\/\/jornalfatosenoticias.com.br\/index.php\/wp-json\/wp\/v2\/media?parent=15730"}],"wp:term":[{"taxonomy":"category","embeddable":true,"href":"https:\/\/jornalfatosenoticias.com.br\/index.php\/wp-json\/wp\/v2\/categories?post=15730"},{"taxonomy":"post_tag","embeddable":true,"href":"https:\/\/jornalfatosenoticias.com.br\/index.php\/wp-json\/wp\/v2\/tags?post=15730"}],"curies":[{"name":"wp","href":"https:\/\/api.w.org\/{rel}","templated":true}]}}