{"id":15733,"date":"2021-03-11T17:47:32","date_gmt":"2021-03-11T20:47:32","guid":{"rendered":"https:\/\/jornalfatosenoticias.com.br\/?p=15733"},"modified":"2021-03-11T17:47:36","modified_gmt":"2021-03-11T20:47:36","slug":"cerrado-recebe-ajuda-para-recuperar-areas-destruidas-por-queimadas","status":"publish","type":"post","link":"https:\/\/jornalfatosenoticias.com.br\/index.php\/2021\/03\/11\/cerrado-recebe-ajuda-para-recuperar-areas-destruidas-por-queimadas\/","title":{"rendered":"Cerrado recebe ajuda para recuperar \u00e1reas destru\u00eddas por queimadas"},"content":{"rendered":"\n<h6 class=\"wp-block-heading\"><em>Empresas firmam contratos com ONGs para recuperar vegeta\u00e7\u00e3o e gerar renda para comunidades quilombolas<\/em><\/h6>\n\n\n\n<p>As unidades de conserva\u00e7\u00e3o que compreendem o Parque Nacional da Chapada dos Veadeiros, em Goi\u00e1s, recebem, a partir desta semana, ajuda da iniciativa privada. Empresas de transporte regular, como a R\u00e1pido Federal e a Real Expresso, que operam na liga\u00e7\u00e3o rodovi\u00e1ria das cidades do Centro-Oeste, iniciam um projeto in\u00e9dito de incentivo \u00e0 restaura\u00e7\u00e3o de grande parte da vegeta\u00e7\u00e3o de cerrado destru\u00edda pelos inc\u00eandios, praticamente 90% do que foi destru\u00eddo nos anos de 2017 e 2019.<br>O Termo de Reciprocidade foi firmado entre as via\u00e7\u00f5es e o Instituto Chico Mendes de Conserva\u00e7\u00e3o da Biodiversidade (ICMBio) em benef\u00edcio direto \u00e0 Associa\u00e7\u00e3o de Coletores de Sementes da Chapada dos Veadeiros, a Cerrado de P\u00e9, em Alto Para\u00edso (GO). A ONG \u00e9 respons\u00e1vel pela conserva\u00e7\u00e3o do Cerrado e pela produ\u00e7\u00e3o de sementes nativas deste bioma. O trabalho de plantio se estender\u00e1 at\u00e9 dezembro de 2021.<br>Segundo Claudomiro de Almeida Cortes, presidente da Cerrado de P\u00e9, a ajuda vem em boa hora j\u00e1 que os inc\u00eandios e desmatamentos v\u00eam destruindo muitas nascentes, veredas, matas ciliares. \u201cEstamos falando de uma \u00e1rea que \u00e9 o ber\u00e7o das \u00e1guas. Temos muito a recuperar e todos os anos, infelizmente, a regi\u00e3o sofre com as queimadas. Al\u00e9m das queimadas, temos a presen\u00e7a de pastagens de fazendeiros, como a cria\u00e7\u00e3o de bois, bastante danosos \u00e0 vegeta\u00e7\u00e3o original\u201d, explica Cortes, que coordena um trabalho de coleta de sementes nativas feito por 400 fam\u00edlias, entre moradores da Chapada e integrantes do territ\u00f3rio Kalunga, o maior do Brasil.<\/p>\n\n\n\n<figure class=\"wp-block-image size-large\"><img loading=\"lazy\" decoding=\"async\" width=\"1000\" height=\"666\" src=\"https:\/\/jornalfatosenoticias.com.br\/wp-content\/uploads\/2021\/03\/matopiba_greenpeace.jpg\" alt=\"\" class=\"wp-image-15734\" srcset=\"https:\/\/jornalfatosenoticias.com.br\/wp-content\/uploads\/2021\/03\/matopiba_greenpeace.jpg 1000w, https:\/\/jornalfatosenoticias.com.br\/wp-content\/uploads\/2021\/03\/matopiba_greenpeace-300x200.jpg 300w, https:\/\/jornalfatosenoticias.com.br\/wp-content\/uploads\/2021\/03\/matopiba_greenpeace-768x511.jpg 768w\" sizes=\"auto, (max-width: 1000px) 100vw, 1000px\" \/><figcaption><em>Matopiba (Foto: Greenpeace Brasil)<\/em><\/figcaption><\/figure>\n\n\n\n<p>As empresas financiam o replantio das \u00e1reas adquirindo as sementes geradas pela associa\u00e7\u00e3o, praticamente a \u00fanica atividade econ\u00f4mica e de sobreviv\u00eancia destas fam\u00edlias tamb\u00e9m bastante afetadas pela pandemia do coronav\u00edrus.<br>\u201cInicialmente iremos recuperar uma \u00e1rea que foi destru\u00edda pelos dois maiores inc\u00eandios da regi\u00e3o e que compreende uma nascente, conhecida como o C\u00f3rrego dos Ingleses, pr\u00f3xima ao vilarejo de S\u00e3o Jorge e estaremos, ainda, desta forma, apoiando a gera\u00e7\u00e3o de renda para estas comunidades\u201d, complementa Alessandra Degaspperi, gerente de marketing da Real Expresso e R\u00e1pido Federal.<br>O plantio ser\u00e1 feito atrav\u00e9s da t\u00e9cnica da semeadura direta utilizando um mix de sementes nativas coletadas pelas fam\u00edlias e aplicado ao solo. Em fevereiro deste ano, a Real Expresso tamb\u00e9m iniciou uma ajuda \u00e0 ONG \u201cRede contra Fogo\u201d, que re\u00fane 120 brigadistas e volunt\u00e1rios que monitoram e combatem os inc\u00eandios na regi\u00e3o da Chapada. A empresa fez a doa\u00e7\u00e3o de equipamentos para as equipes, que inclui uma esta\u00e7\u00e3o meteorol\u00f3gica port\u00e1til para aperfei\u00e7oar o monitoramento de inc\u00eandios e reflorestamento de \u00e1reas. No ano passado, o Parque Nacional da Chapada dos Veadeiros (GO) teve 10% de sua \u00e1rea devastada por outro inc\u00eandio.<\/p>\n\n\n\n<figure class=\"wp-block-image size-large\"><img loading=\"lazy\" decoding=\"async\" width=\"1000\" height=\"567\" src=\"https:\/\/jornalfatosenoticias.com.br\/wp-content\/uploads\/2021\/03\/cerrado-queimado_wwf-brasil.jpg\" alt=\"\" class=\"wp-image-15735\" srcset=\"https:\/\/jornalfatosenoticias.com.br\/wp-content\/uploads\/2021\/03\/cerrado-queimado_wwf-brasil.jpg 1000w, https:\/\/jornalfatosenoticias.com.br\/wp-content\/uploads\/2021\/03\/cerrado-queimado_wwf-brasil-300x170.jpg 300w, https:\/\/jornalfatosenoticias.com.br\/wp-content\/uploads\/2021\/03\/cerrado-queimado_wwf-brasil-768x435.jpg 768w\" sizes=\"auto, (max-width: 1000px) 100vw, 1000px\" \/><figcaption><em>(Foto: Mustafah Abdulaziz\/WWF-Brasil)<\/em><\/figcaption><\/figure>\n\n\n\n<p>Outras empresas decidiram se juntar a iniciativas como esta na Chapada dos Veadeiros. Uma delas \u00e9 a Gipsyy, startup europeia de transporte que iniciou suas atividades no Brasil em janeiro de 2021 e que atua no segmento do turismo verde. \u201cO apoio na recupera\u00e7\u00e3o do Parque Nacional da Chapada dos Veadeiros nos permite prestar uma das primeiras contribui\u00e7\u00f5es ao meio ambiente no Brasil, t\u00e3o carente em pol\u00edticas p\u00fablicas para sua preserva\u00e7\u00e3o. Em Portugal, j\u00e1 mantemos um programa de redu\u00e7\u00e3o e compensa\u00e7\u00e3o de CO2 com mais de 480 toneladas no ano passado. Desenvolveremos o mesmo trabalho aqui apoiando projetos de reflorestamento e a\u00e7\u00f5es relacionadas \u00e0 reciclagem\u201d, explica Rodrigo Dabbieri, Head Digital da Gipsyy.<br>O parque foi criado em 1961 e, em 2001, declarado Patrim\u00f4nio Natural da Humanidade pela Organiza\u00e7\u00e3o das Na\u00e7\u00f5es Unidas para a Educa\u00e7\u00e3o, a Ci\u00eancia e a Cultura (Unesco). Nos \u00faltimos anos, os recursos federais dedicados \u00e0 preserva\u00e7\u00e3o ambiental e combate \u00e0s queimadas caiu regularmente. O governo brasileiro lan\u00e7ou, em fevereiro de 2021, um programa destinado \u00e0 preserva\u00e7\u00e3o de unidades de conserva\u00e7\u00e3o federais que permite o apadrinhamento dessas \u00e1reas.<\/p>\n\n\n\n<p><strong><em>Fonte: CicloVivo<\/em><\/strong><\/p>\n","protected":false},"excerpt":{"rendered":"<p>Empresas firmam contratos com ONGs para recuperar vegeta\u00e7\u00e3o e gerar renda para comunidades quilombolas As unidades de conserva\u00e7\u00e3o que compreendem o Parque Nacional da Chapada dos Veadeiros, em Goi\u00e1s, recebem, a partir desta semana, ajuda da iniciativa privada. Empresas de transporte regular, como a R\u00e1pido Federal e a Real Expresso, que operam na liga\u00e7\u00e3o rodovi\u00e1ria [&hellip;]<\/p>\n","protected":false},"author":2,"featured_media":15736,"comment_status":"open","ping_status":"open","sticky":false,"template":"","format":"standard","meta":{"footnotes":""},"categories":[8],"tags":[257,3460,3463,3889],"class_list":["post-15733","post","type-post","status-publish","format-standard","has-post-thumbnail","hentry","category-meio-ambiente","tag-cerrado","tag-ongs","tag-queimadas","tag-vegetacao"],"yoast_head":"<!-- This site is optimized with the Yoast SEO plugin v26.5 - https:\/\/yoast.com\/wordpress\/plugins\/seo\/ -->\n<title>Cerrado recebe ajuda para recuperar \u00e1reas destru\u00eddas por queimadas - Jornal Fatos e Not\u00edcias<\/title>\n<meta name=\"robots\" content=\"index, follow, max-snippet:-1, max-image-preview:large, max-video-preview:-1\" \/>\n<link rel=\"canonical\" href=\"https:\/\/jornalfatosenoticias.com.br\/index.php\/2021\/03\/11\/cerrado-recebe-ajuda-para-recuperar-areas-destruidas-por-queimadas\/\" \/>\n<meta property=\"og:locale\" content=\"pt_BR\" \/>\n<meta property=\"og:type\" content=\"article\" \/>\n<meta property=\"og:title\" content=\"Cerrado recebe ajuda para recuperar \u00e1reas destru\u00eddas por queimadas - Jornal Fatos e Not\u00edcias\" \/>\n<meta property=\"og:description\" content=\"Empresas firmam contratos com ONGs para recuperar vegeta\u00e7\u00e3o e gerar renda para comunidades quilombolas As unidades de conserva\u00e7\u00e3o que compreendem o Parque Nacional da Chapada dos Veadeiros, em Goi\u00e1s, recebem, a partir desta semana, ajuda da iniciativa privada. Empresas de transporte regular, como a R\u00e1pido Federal e a Real Expresso, que operam na liga\u00e7\u00e3o rodovi\u00e1ria [&hellip;]\" \/>\n<meta property=\"og:url\" content=\"https:\/\/jornalfatosenoticias.com.br\/index.php\/2021\/03\/11\/cerrado-recebe-ajuda-para-recuperar-areas-destruidas-por-queimadas\/\" \/>\n<meta property=\"og:site_name\" content=\"Jornal Fatos e Not\u00edcias\" \/>\n<meta property=\"article:published_time\" content=\"2021-03-11T20:47:32+00:00\" \/>\n<meta property=\"article:modified_time\" content=\"2021-03-11T20:47:36+00:00\" \/>\n<meta property=\"og:image\" content=\"https:\/\/jornalfatosenoticias.com.br\/wp-content\/uploads\/2021\/03\/RECUPERACAO-CERRADO_iStock.jpg\" \/>\n\t<meta property=\"og:image:width\" content=\"1000\" \/>\n\t<meta property=\"og:image:height\" content=\"664\" \/>\n\t<meta property=\"og:image:type\" content=\"image\/jpeg\" \/>\n<meta name=\"author\" content=\"Luzimara Fernandes\" \/>\n<meta name=\"twitter:card\" content=\"summary_large_image\" \/>\n<meta name=\"twitter:label1\" content=\"Escrito por\" \/>\n\t<meta name=\"twitter:data1\" content=\"Luzimara Fernandes\" \/>\n\t<meta name=\"twitter:label2\" content=\"Est. tempo de leitura\" \/>\n\t<meta name=\"twitter:data2\" content=\"3 minutos\" \/>\n<script type=\"application\/ld+json\" class=\"yoast-schema-graph\">{\"@context\":\"https:\/\/schema.org\",\"@graph\":[{\"@type\":\"Article\",\"@id\":\"https:\/\/jornalfatosenoticias.com.br\/index.php\/2021\/03\/11\/cerrado-recebe-ajuda-para-recuperar-areas-destruidas-por-queimadas\/#article\",\"isPartOf\":{\"@id\":\"https:\/\/jornalfatosenoticias.com.br\/index.php\/2021\/03\/11\/cerrado-recebe-ajuda-para-recuperar-areas-destruidas-por-queimadas\/\"},\"author\":{\"name\":\"Luzimara Fernandes\",\"@id\":\"https:\/\/jornalfatosenoticias.com.br\/#\/schema\/person\/d63837fa13ac8666eb9e74e0985d6f81\"},\"headline\":\"Cerrado recebe ajuda para recuperar \u00e1reas destru\u00eddas por queimadas\",\"datePublished\":\"2021-03-11T20:47:32+00:00\",\"dateModified\":\"2021-03-11T20:47:36+00:00\",\"mainEntityOfPage\":{\"@id\":\"https:\/\/jornalfatosenoticias.com.br\/index.php\/2021\/03\/11\/cerrado-recebe-ajuda-para-recuperar-areas-destruidas-por-queimadas\/\"},\"wordCount\":700,\"commentCount\":0,\"publisher\":{\"@id\":\"https:\/\/jornalfatosenoticias.com.br\/#organization\"},\"image\":{\"@id\":\"https:\/\/jornalfatosenoticias.com.br\/index.php\/2021\/03\/11\/cerrado-recebe-ajuda-para-recuperar-areas-destruidas-por-queimadas\/#primaryimage\"},\"thumbnailUrl\":\"https:\/\/jornalfatosenoticias.com.br\/wp-content\/uploads\/2021\/03\/RECUPERACAO-CERRADO_iStock.jpg\",\"keywords\":[\"cerrado\",\"ONGs\",\"queimadas\",\"vegeta\u00e7\u00e3o\"],\"articleSection\":[\"Meio ambiente\"],\"inLanguage\":\"pt-BR\",\"potentialAction\":[{\"@type\":\"CommentAction\",\"name\":\"Comment\",\"target\":[\"https:\/\/jornalfatosenoticias.com.br\/index.php\/2021\/03\/11\/cerrado-recebe-ajuda-para-recuperar-areas-destruidas-por-queimadas\/#respond\"]}]},{\"@type\":\"WebPage\",\"@id\":\"https:\/\/jornalfatosenoticias.com.br\/index.php\/2021\/03\/11\/cerrado-recebe-ajuda-para-recuperar-areas-destruidas-por-queimadas\/\",\"url\":\"https:\/\/jornalfatosenoticias.com.br\/index.php\/2021\/03\/11\/cerrado-recebe-ajuda-para-recuperar-areas-destruidas-por-queimadas\/\",\"name\":\"Cerrado recebe ajuda para recuperar \u00e1reas destru\u00eddas por queimadas - Jornal Fatos e Not\u00edcias\",\"isPartOf\":{\"@id\":\"https:\/\/jornalfatosenoticias.com.br\/#website\"},\"primaryImageOfPage\":{\"@id\":\"https:\/\/jornalfatosenoticias.com.br\/index.php\/2021\/03\/11\/cerrado-recebe-ajuda-para-recuperar-areas-destruidas-por-queimadas\/#primaryimage\"},\"image\":{\"@id\":\"https:\/\/jornalfatosenoticias.com.br\/index.php\/2021\/03\/11\/cerrado-recebe-ajuda-para-recuperar-areas-destruidas-por-queimadas\/#primaryimage\"},\"thumbnailUrl\":\"https:\/\/jornalfatosenoticias.com.br\/wp-content\/uploads\/2021\/03\/RECUPERACAO-CERRADO_iStock.jpg\",\"datePublished\":\"2021-03-11T20:47:32+00:00\",\"dateModified\":\"2021-03-11T20:47:36+00:00\",\"breadcrumb\":{\"@id\":\"https:\/\/jornalfatosenoticias.com.br\/index.php\/2021\/03\/11\/cerrado-recebe-ajuda-para-recuperar-areas-destruidas-por-queimadas\/#breadcrumb\"},\"inLanguage\":\"pt-BR\",\"potentialAction\":[{\"@type\":\"ReadAction\",\"target\":[\"https:\/\/jornalfatosenoticias.com.br\/index.php\/2021\/03\/11\/cerrado-recebe-ajuda-para-recuperar-areas-destruidas-por-queimadas\/\"]}]},{\"@type\":\"ImageObject\",\"inLanguage\":\"pt-BR\",\"@id\":\"https:\/\/jornalfatosenoticias.com.br\/index.php\/2021\/03\/11\/cerrado-recebe-ajuda-para-recuperar-areas-destruidas-por-queimadas\/#primaryimage\",\"url\":\"https:\/\/jornalfatosenoticias.com.br\/wp-content\/uploads\/2021\/03\/RECUPERACAO-CERRADO_iStock.jpg\",\"contentUrl\":\"https:\/\/jornalfatosenoticias.com.br\/wp-content\/uploads\/2021\/03\/RECUPERACAO-CERRADO_iStock.jpg\",\"width\":1000,\"height\":664},{\"@type\":\"BreadcrumbList\",\"@id\":\"https:\/\/jornalfatosenoticias.com.br\/index.php\/2021\/03\/11\/cerrado-recebe-ajuda-para-recuperar-areas-destruidas-por-queimadas\/#breadcrumb\",\"itemListElement\":[{\"@type\":\"ListItem\",\"position\":1,\"name\":\"In\u00edcio\",\"item\":\"https:\/\/jornalfatosenoticias.com.br\/\"},{\"@type\":\"ListItem\",\"position\":2,\"name\":\"Cerrado recebe ajuda para recuperar \u00e1reas destru\u00eddas por queimadas\"}]},{\"@type\":\"WebSite\",\"@id\":\"https:\/\/jornalfatosenoticias.com.br\/#website\",\"url\":\"https:\/\/jornalfatosenoticias.com.br\/\",\"name\":\"Jornal Fatos e Not\u00edcias\",\"description\":\"Not\u00edcias em geral\",\"publisher\":{\"@id\":\"https:\/\/jornalfatosenoticias.com.br\/#organization\"},\"potentialAction\":[{\"@type\":\"SearchAction\",\"target\":{\"@type\":\"EntryPoint\",\"urlTemplate\":\"https:\/\/jornalfatosenoticias.com.br\/?s={search_term_string}\"},\"query-input\":{\"@type\":\"PropertyValueSpecification\",\"valueRequired\":true,\"valueName\":\"search_term_string\"}}],\"inLanguage\":\"pt-BR\"},{\"@type\":\"Organization\",\"@id\":\"https:\/\/jornalfatosenoticias.com.br\/#organization\",\"name\":\"Jornal Fatos e Not\u00edcias\",\"url\":\"https:\/\/jornalfatosenoticias.com.br\/\",\"logo\":{\"@type\":\"ImageObject\",\"inLanguage\":\"pt-BR\",\"@id\":\"https:\/\/jornalfatosenoticias.com.br\/#\/schema\/logo\/image\/\",\"url\":\"https:\/\/jornalfatosenoticias.com.br\/wp-content\/uploads\/2020\/02\/logo120.png\",\"contentUrl\":\"https:\/\/jornalfatosenoticias.com.br\/wp-content\/uploads\/2020\/02\/logo120.png\",\"width\":1227,\"height\":120,\"caption\":\"Jornal Fatos e Not\u00edcias\"},\"image\":{\"@id\":\"https:\/\/jornalfatosenoticias.com.br\/#\/schema\/logo\/image\/\"}},{\"@type\":\"Person\",\"@id\":\"https:\/\/jornalfatosenoticias.com.br\/#\/schema\/person\/d63837fa13ac8666eb9e74e0985d6f81\",\"name\":\"Luzimara Fernandes\",\"image\":{\"@type\":\"ImageObject\",\"inLanguage\":\"pt-BR\",\"@id\":\"https:\/\/jornalfatosenoticias.com.br\/#\/schema\/person\/image\/\",\"url\":\"https:\/\/jornalfatosenoticias.com.br\/wp-content\/uploads\/2025\/05\/EU_portal.jpg\",\"contentUrl\":\"https:\/\/jornalfatosenoticias.com.br\/wp-content\/uploads\/2025\/05\/EU_portal.jpg\",\"caption\":\"Luzimara Fernandes\"},\"description\":\"Jornalista MTB 2358-ES\",\"sameAs\":[\"https:\/\/jornalfatosenoticias.com.br\"],\"url\":\"https:\/\/jornalfatosenoticias.com.br\/index.php\/author\/luzimara\/\"}]}<\/script>\n<!-- \/ Yoast SEO plugin. -->","yoast_head_json":{"title":"Cerrado recebe ajuda para recuperar \u00e1reas destru\u00eddas por queimadas - Jornal Fatos e Not\u00edcias","robots":{"index":"index","follow":"follow","max-snippet":"max-snippet:-1","max-image-preview":"max-image-preview:large","max-video-preview":"max-video-preview:-1"},"canonical":"https:\/\/jornalfatosenoticias.com.br\/index.php\/2021\/03\/11\/cerrado-recebe-ajuda-para-recuperar-areas-destruidas-por-queimadas\/","og_locale":"pt_BR","og_type":"article","og_title":"Cerrado recebe ajuda para recuperar \u00e1reas destru\u00eddas por queimadas - Jornal Fatos e Not\u00edcias","og_description":"Empresas firmam contratos com ONGs para recuperar vegeta\u00e7\u00e3o e gerar renda para comunidades quilombolas As unidades de conserva\u00e7\u00e3o que compreendem o Parque Nacional da Chapada dos Veadeiros, em Goi\u00e1s, recebem, a partir desta semana, ajuda da iniciativa privada. Empresas de transporte regular, como a R\u00e1pido Federal e a Real Expresso, que operam na liga\u00e7\u00e3o rodovi\u00e1ria [&hellip;]","og_url":"https:\/\/jornalfatosenoticias.com.br\/index.php\/2021\/03\/11\/cerrado-recebe-ajuda-para-recuperar-areas-destruidas-por-queimadas\/","og_site_name":"Jornal Fatos e Not\u00edcias","article_published_time":"2021-03-11T20:47:32+00:00","article_modified_time":"2021-03-11T20:47:36+00:00","og_image":[{"width":1000,"height":664,"url":"https:\/\/jornalfatosenoticias.com.br\/wp-content\/uploads\/2021\/03\/RECUPERACAO-CERRADO_iStock.jpg","type":"image\/jpeg"}],"author":"Luzimara Fernandes","twitter_card":"summary_large_image","twitter_misc":{"Escrito por":"Luzimara Fernandes","Est. tempo de leitura":"3 minutos"},"schema":{"@context":"https:\/\/schema.org","@graph":[{"@type":"Article","@id":"https:\/\/jornalfatosenoticias.com.br\/index.php\/2021\/03\/11\/cerrado-recebe-ajuda-para-recuperar-areas-destruidas-por-queimadas\/#article","isPartOf":{"@id":"https:\/\/jornalfatosenoticias.com.br\/index.php\/2021\/03\/11\/cerrado-recebe-ajuda-para-recuperar-areas-destruidas-por-queimadas\/"},"author":{"name":"Luzimara Fernandes","@id":"https:\/\/jornalfatosenoticias.com.br\/#\/schema\/person\/d63837fa13ac8666eb9e74e0985d6f81"},"headline":"Cerrado recebe ajuda para recuperar \u00e1reas destru\u00eddas por queimadas","datePublished":"2021-03-11T20:47:32+00:00","dateModified":"2021-03-11T20:47:36+00:00","mainEntityOfPage":{"@id":"https:\/\/jornalfatosenoticias.com.br\/index.php\/2021\/03\/11\/cerrado-recebe-ajuda-para-recuperar-areas-destruidas-por-queimadas\/"},"wordCount":700,"commentCount":0,"publisher":{"@id":"https:\/\/jornalfatosenoticias.com.br\/#organization"},"image":{"@id":"https:\/\/jornalfatosenoticias.com.br\/index.php\/2021\/03\/11\/cerrado-recebe-ajuda-para-recuperar-areas-destruidas-por-queimadas\/#primaryimage"},"thumbnailUrl":"https:\/\/jornalfatosenoticias.com.br\/wp-content\/uploads\/2021\/03\/RECUPERACAO-CERRADO_iStock.jpg","keywords":["cerrado","ONGs","queimadas","vegeta\u00e7\u00e3o"],"articleSection":["Meio ambiente"],"inLanguage":"pt-BR","potentialAction":[{"@type":"CommentAction","name":"Comment","target":["https:\/\/jornalfatosenoticias.com.br\/index.php\/2021\/03\/11\/cerrado-recebe-ajuda-para-recuperar-areas-destruidas-por-queimadas\/#respond"]}]},{"@type":"WebPage","@id":"https:\/\/jornalfatosenoticias.com.br\/index.php\/2021\/03\/11\/cerrado-recebe-ajuda-para-recuperar-areas-destruidas-por-queimadas\/","url":"https:\/\/jornalfatosenoticias.com.br\/index.php\/2021\/03\/11\/cerrado-recebe-ajuda-para-recuperar-areas-destruidas-por-queimadas\/","name":"Cerrado recebe ajuda para recuperar \u00e1reas destru\u00eddas por queimadas - Jornal Fatos e Not\u00edcias","isPartOf":{"@id":"https:\/\/jornalfatosenoticias.com.br\/#website"},"primaryImageOfPage":{"@id":"https:\/\/jornalfatosenoticias.com.br\/index.php\/2021\/03\/11\/cerrado-recebe-ajuda-para-recuperar-areas-destruidas-por-queimadas\/#primaryimage"},"image":{"@id":"https:\/\/jornalfatosenoticias.com.br\/index.php\/2021\/03\/11\/cerrado-recebe-ajuda-para-recuperar-areas-destruidas-por-queimadas\/#primaryimage"},"thumbnailUrl":"https:\/\/jornalfatosenoticias.com.br\/wp-content\/uploads\/2021\/03\/RECUPERACAO-CERRADO_iStock.jpg","datePublished":"2021-03-11T20:47:32+00:00","dateModified":"2021-03-11T20:47:36+00:00","breadcrumb":{"@id":"https:\/\/jornalfatosenoticias.com.br\/index.php\/2021\/03\/11\/cerrado-recebe-ajuda-para-recuperar-areas-destruidas-por-queimadas\/#breadcrumb"},"inLanguage":"pt-BR","potentialAction":[{"@type":"ReadAction","target":["https:\/\/jornalfatosenoticias.com.br\/index.php\/2021\/03\/11\/cerrado-recebe-ajuda-para-recuperar-areas-destruidas-por-queimadas\/"]}]},{"@type":"ImageObject","inLanguage":"pt-BR","@id":"https:\/\/jornalfatosenoticias.com.br\/index.php\/2021\/03\/11\/cerrado-recebe-ajuda-para-recuperar-areas-destruidas-por-queimadas\/#primaryimage","url":"https:\/\/jornalfatosenoticias.com.br\/wp-content\/uploads\/2021\/03\/RECUPERACAO-CERRADO_iStock.jpg","contentUrl":"https:\/\/jornalfatosenoticias.com.br\/wp-content\/uploads\/2021\/03\/RECUPERACAO-CERRADO_iStock.jpg","width":1000,"height":664},{"@type":"BreadcrumbList","@id":"https:\/\/jornalfatosenoticias.com.br\/index.php\/2021\/03\/11\/cerrado-recebe-ajuda-para-recuperar-areas-destruidas-por-queimadas\/#breadcrumb","itemListElement":[{"@type":"ListItem","position":1,"name":"In\u00edcio","item":"https:\/\/jornalfatosenoticias.com.br\/"},{"@type":"ListItem","position":2,"name":"Cerrado recebe ajuda para recuperar \u00e1reas destru\u00eddas por queimadas"}]},{"@type":"WebSite","@id":"https:\/\/jornalfatosenoticias.com.br\/#website","url":"https:\/\/jornalfatosenoticias.com.br\/","name":"Jornal Fatos e Not\u00edcias","description":"Not\u00edcias em geral","publisher":{"@id":"https:\/\/jornalfatosenoticias.com.br\/#organization"},"potentialAction":[{"@type":"SearchAction","target":{"@type":"EntryPoint","urlTemplate":"https:\/\/jornalfatosenoticias.com.br\/?s={search_term_string}"},"query-input":{"@type":"PropertyValueSpecification","valueRequired":true,"valueName":"search_term_string"}}],"inLanguage":"pt-BR"},{"@type":"Organization","@id":"https:\/\/jornalfatosenoticias.com.br\/#organization","name":"Jornal Fatos e Not\u00edcias","url":"https:\/\/jornalfatosenoticias.com.br\/","logo":{"@type":"ImageObject","inLanguage":"pt-BR","@id":"https:\/\/jornalfatosenoticias.com.br\/#\/schema\/logo\/image\/","url":"https:\/\/jornalfatosenoticias.com.br\/wp-content\/uploads\/2020\/02\/logo120.png","contentUrl":"https:\/\/jornalfatosenoticias.com.br\/wp-content\/uploads\/2020\/02\/logo120.png","width":1227,"height":120,"caption":"Jornal Fatos e Not\u00edcias"},"image":{"@id":"https:\/\/jornalfatosenoticias.com.br\/#\/schema\/logo\/image\/"}},{"@type":"Person","@id":"https:\/\/jornalfatosenoticias.com.br\/#\/schema\/person\/d63837fa13ac8666eb9e74e0985d6f81","name":"Luzimara Fernandes","image":{"@type":"ImageObject","inLanguage":"pt-BR","@id":"https:\/\/jornalfatosenoticias.com.br\/#\/schema\/person\/image\/","url":"https:\/\/jornalfatosenoticias.com.br\/wp-content\/uploads\/2025\/05\/EU_portal.jpg","contentUrl":"https:\/\/jornalfatosenoticias.com.br\/wp-content\/uploads\/2025\/05\/EU_portal.jpg","caption":"Luzimara Fernandes"},"description":"Jornalista MTB 2358-ES","sameAs":["https:\/\/jornalfatosenoticias.com.br"],"url":"https:\/\/jornalfatosenoticias.com.br\/index.php\/author\/luzimara\/"}]}},"cc_featured_image_caption":{"caption_text":"(Foto: iStock) ","source_text":"","source_url":""},"jetpack_featured_media_url":"https:\/\/jornalfatosenoticias.com.br\/wp-content\/uploads\/2021\/03\/RECUPERACAO-CERRADO_iStock.jpg","_links":{"self":[{"href":"https:\/\/jornalfatosenoticias.com.br\/index.php\/wp-json\/wp\/v2\/posts\/15733","targetHints":{"allow":["GET"]}}],"collection":[{"href":"https:\/\/jornalfatosenoticias.com.br\/index.php\/wp-json\/wp\/v2\/posts"}],"about":[{"href":"https:\/\/jornalfatosenoticias.com.br\/index.php\/wp-json\/wp\/v2\/types\/post"}],"author":[{"embeddable":true,"href":"https:\/\/jornalfatosenoticias.com.br\/index.php\/wp-json\/wp\/v2\/users\/2"}],"replies":[{"embeddable":true,"href":"https:\/\/jornalfatosenoticias.com.br\/index.php\/wp-json\/wp\/v2\/comments?post=15733"}],"version-history":[{"count":0,"href":"https:\/\/jornalfatosenoticias.com.br\/index.php\/wp-json\/wp\/v2\/posts\/15733\/revisions"}],"wp:featuredmedia":[{"embeddable":true,"href":"https:\/\/jornalfatosenoticias.com.br\/index.php\/wp-json\/wp\/v2\/media\/15736"}],"wp:attachment":[{"href":"https:\/\/jornalfatosenoticias.com.br\/index.php\/wp-json\/wp\/v2\/media?parent=15733"}],"wp:term":[{"taxonomy":"category","embeddable":true,"href":"https:\/\/jornalfatosenoticias.com.br\/index.php\/wp-json\/wp\/v2\/categories?post=15733"},{"taxonomy":"post_tag","embeddable":true,"href":"https:\/\/jornalfatosenoticias.com.br\/index.php\/wp-json\/wp\/v2\/tags?post=15733"}],"curies":[{"name":"wp","href":"https:\/\/api.w.org\/{rel}","templated":true}]}}