{"id":15738,"date":"2021-03-11T18:53:21","date_gmt":"2021-03-11T21:53:21","guid":{"rendered":"https:\/\/jornalfatosenoticias.com.br\/?p=15738"},"modified":"2021-03-11T18:53:26","modified_gmt":"2021-03-11T21:53:26","slug":"estado-investe-mais-de-r-38-milhoes-na-reforma-de-escolas-em-cariacica-e-serra","status":"publish","type":"post","link":"https:\/\/jornalfatosenoticias.com.br\/index.php\/2021\/03\/11\/estado-investe-mais-de-r-38-milhoes-na-reforma-de-escolas-em-cariacica-e-serra\/","title":{"rendered":"Estado investe mais de R$ 38 milh\u00f5es na reforma de escolas em Cariacica e Serra"},"content":{"rendered":"\n<p>O governo do Estado est\u00e1 investindo mais de R$ 38 milh\u00f5es na reforma de escolas estaduais nos munic\u00edpios de Cariacica e Serra, na regi\u00e3o Metropolitana. Na ter\u00e7a-feira (09), o governador Renato Casagrande fez a entrega das obras na Escola Estadual de Ensino Fundamental e M\u00e9dio (EEEFM) Jesus Cristo Rei, no bairro S\u00e3o Francisco, em Cariacica. Na sequ\u00eancia, Casagrande anunciou a publica\u00e7\u00e3o dos editais para reforma e amplia\u00e7\u00e3o da EEEFM Mestre \u00c1lvaro, EEEFM Clotilde Rato e EEEFM Get\u00falio Pimentel Loureiro, localizadas na Serra.<br>Na Escola Estadual Jesus Cristo Rei, o evento foi presencial, seguindo todos os protocolos de biosseguran\u00e7a em decorr\u00eancia da pandemia do novo coronav\u00edrus (covid-19). A interven\u00e7\u00e3o contemplou a reforma de toda a unidade de ensino, contando com setor administrativo completo, salas de aula, refeit\u00f3rio, apoio e viv\u00eancia, biblioteca, audit\u00f3rio, laborat\u00f3rios e quadra poliesportiva, tornando, assim, o pr\u00e9dio totalmente acess\u00edvel. Ao todo, foram investidos R$ 3.678.195,91.<br>Durante a solenidade, o governador Casagrande falou sobre as dificuldades trazidas pela pandemia tamb\u00e9m na educa\u00e7\u00e3o: \u201cEstamos em um momento dif\u00edcil para a educa\u00e7\u00e3o, que foi impactada diretamente pela pandemia. As aulas presenciais, de forma optativa, tiveram in\u00edcio somente em outubro. As aulas remotas acontecem desde abril do ano passado, n\u00e3o deixando o aluno perder o v\u00ednculo com a escola. Importante ter a busca ativa para n\u00e3o deixar ningu\u00e9m para tr\u00e1s\u201d.<br>Casagrande tamb\u00e9m destacou a import\u00e2ncia da educa\u00e7\u00e3o para o desenvolvimento social e econ\u00f4mico do cidad\u00e3o. \u201cA educa\u00e7\u00e3o \u00e9 o caminho mais curto para se ter oportunidades na vida. Eu sou um exemplo disso: Nasci em uma comunidade pequena do interior do Estado e a educa\u00e7\u00e3o foi abrindo as portas para mim. A educa\u00e7\u00e3o \u00e9 o caminho que nos leva \u00e0s oportunidades. Por isso, estamos realizando um investimento forte em educa\u00e7\u00e3o, na infraestrutura, forma\u00e7\u00e3o dos professores, em tecnologia. O aluno tem que gostar da escola e cuidar dela como cuida da sua casa. Tem que sentir vontade de estar na escola\u201d, afirmou o governador.<br>O subsecret\u00e1rio de Estado de Suporte \u00e0 Educa\u00e7\u00e3o, Aur\u00e9lio Meneguelli, tamb\u00e9m participou do evento. \u201cEu me emociono na entrega de todas as obras, porque sei o trabalho que deu, mas o resultado final dessa, em especial, foi muito bom. Investimento em educa\u00e7\u00e3o \u00e9 prioridade no governo Casagrande, e nossa equipe l\u00e1 na Sedu est\u00e1 \u00e0 disposi\u00e7\u00e3o do governo do Estado e \u00e0 disposi\u00e7\u00e3o de toda a sociedade capixaba\u201d, disse Meneguelli.<br>O subsecret\u00e1rio tamb\u00e9m lembrou da compra de chromebooks para os estudantes da Rede Estadual. \u201cN\u00f3s estamos providenciando uma compra de R$ 100 milh\u00f5es em chromebooks para distribuir para quase todos os alunos. Isso mostra a vontade do governador em investir em tecnologia\u201d, declarou.<br>O deputado estadual Marcelo Santos comemorou mais essa entrega para o munic\u00edpio. &#8220;Parabenizo o governador, que tem feito um \u00f3timo trabalho com efeitos positivos n\u00e3o s\u00f3 no Estado, mas em todo o Pa\u00eds. O governador n\u00e3o mede esfor\u00e7os para investir em educa\u00e7\u00e3o. Fez o seu dever de casa e, por isso, tem uma capacidade diferenciada de investimentos, n\u00e3o somente na educa\u00e7\u00e3o, mas em todas as \u00e1reas. O Governo faz as entregas que se comprometeu a fazer, criou o Fundo Soberano para termos uma garantia no futuro\u201d, ressaltou.<br>A diretora da EEEFM Jesus Cristo Rei, Luciana Caser, se dirigiu aos alunos para falar sobre as melhorias que escola recebeu e poder\u00e1 oferecer em termos de ensino. &#8220;Essa escola foi projetada para voc\u00eas, alunos. Tomem posse dela. Voc\u00eas t\u00eam a oportunidade de estudar em uma das melhores escolas do Estado. Nossa escola ficou moderna e que dar\u00e1 uma \u00f3tima qualidade de ensino aos nossos alunos. Quero agradecer ao governador, em nome de toda a comunidade escolar, pelo olhar que o senhor tem pela educa\u00e7\u00e3o\u201d, expressou.<br>O governador descerrou a fita e placa de inaugura\u00e7\u00e3o, realizou uma visita \u00e0s novas instala\u00e7\u00f5es. Tamb\u00e9m estiveram presentes o secret\u00e1rio de Estado de Governo, Gilson Daniel; o secret\u00e1rio-chefe da Casa Militar, coronel Jocarly Aguiar; o presidente da Junta Comercial do Estado do Esp\u00edrito Santo (JUCEES), Carlos Rafael; o deputado estadual Alexandre Quintino; al\u00e9m de vereadores, secret\u00e1rios e lideran\u00e7as de Cariacica.<\/p>\n\n\n\n<h4 class=\"wp-block-heading\"><strong>Obras na Serra<\/strong><\/h4>\n\n\n\n<p>Tamb\u00e9m na manh\u00e3 desta ter\u00e7a-feira, o governador Renato Casagrande anunciou, em solenidade virtual transmitida ao vivo pelas redes sociais, a publica\u00e7\u00e3o de editais para reforma e amplia\u00e7\u00e3o de tr\u00eas escolas estaduais localizadas no munic\u00edpio da Serra. As obras ser\u00e3o executadas pelo Departamento de Edifica\u00e7\u00f5es e de Rodovias do Esp\u00edrito Santo (DER-ES). Juntas, as interven\u00e7\u00f5es somam um investimento de, aproximadamente, R$ 35 milh\u00f5es.<br>\u201cQuero agradecer e parabenizar as diretoras, os professores, os alunos e toda comunidade escolar dessas tr\u00eas unidades. Iremos pessoalmente, na ordem de servi\u00e7o, em cada uma dessas escolas. N\u00e3o podemos perder nenhum jovem que deva estar em sala de aula. N\u00f3s temos um conjunto grande de investimentos que t\u00eam o objetivo de melhorar a nossa educa\u00e7\u00e3o. Sabemos que o desenvolvimento do Estado est\u00e1 relacionado \u00e0 educa\u00e7\u00e3o, que \u00e9 o caminho mais curto para chegar nas oportunidades. N\u00e3o podemos brincar com a educa\u00e7\u00e3o, temos que investir forte, buscar quem est\u00e1 fora da sala de aula e acompanhar de perto\u201d, pontuou o governador.<br>A Escola Estadual Mestre \u00c1lvaro, localizada na avenida Rio Doce, Bairro Eldorado, ser\u00e1 contemplada com ambientes como sala de leitura, quadra poliesportiva, quadra de areia, audit\u00f3rio, dois laborat\u00f3rios de inform\u00e1tica, sala multiuso, laborat\u00f3rio de qu\u00edmica\/biologia, laborat\u00f3rio f\u00edsica\/matem\u00e1tica, 16 salas de aula, sala de recurso, p\u00e1tio coberto, sala de artes, ambiente administrativo e refeit\u00f3rio. A \u00e1rea total constru\u00edda ser\u00e1 de 4.411,32 metros quadrados.<br>A nova estrutura da Escola Estadual Clotilde Rato, localizada \u00e0 rua Rui Barbosa, Bairro de F\u00e1tima, ter\u00e1 uma \u00e1rea total constru\u00edda de 3.536,04 metros quadrados e disponibilizar\u00e1 para os alunos e corpo docente ambientes como biblioteca, espa\u00e7o esportivo, audit\u00f3rio, dois laborat\u00f3rios de inform\u00e1tica, sala multiuso, laborat\u00f3rio de qu\u00edmica\/biologia, laborat\u00f3rio f\u00edsica\/matem\u00e1tica, 12 salas de aula, sala de recurso, p\u00e1tio coberto, sala de artes, ambiente administrativo e refeit\u00f3rio.<br>Localizada \u00e0 rua Projetada, Bairro Jardim Guanabara, a Escola Estadual Get\u00falio Pimentel Loureiro, ser\u00e1 contemplada com sala de leitura, quadra de esportes, audit\u00f3rio, dois laborat\u00f3rios de inform\u00e1tica, sala multiuso, laborat\u00f3rio de qu\u00edmica\/biologia, laborat\u00f3rio f\u00edsica\/matem\u00e1tica, 16 salas de aula, p\u00e1tio coberto, sala de artes, ambiente administrativo e refeit\u00f3rio. A \u00e1rea total constru\u00edda ser\u00e1 de 5.498,81 metros quadrados.<br>O secret\u00e1rio de Estado da Educa\u00e7\u00e3o, V\u00edtor de \u00c2ngelo, enfatizou que se sentia honrado em fazer parte de um momento de melhoria nas escolas, de atualiza\u00e7\u00e3o e de moderniza\u00e7\u00e3o. \u201cEstamos zelando pelo patrim\u00f4nio p\u00fablico na forma de escola. S\u00e3o pr\u00e9dios nos quais acontecem uma das atividades mais nobres. Gostaria de destacar o fato de que o Governo faz um trabalho sens\u00edvel, porque temos um governador que \u00e9 sens\u00edvel em perceber o que \u00e9 relevante para uma sociedade mais justa e igualit\u00e1ria\u201d, frisou.<br>O subsecret\u00e1rio de Estado de Suporte \u00e0 Educa\u00e7\u00e3o agradeceu a parceria com o DER e ressaltou que o munic\u00edpio da Serra tem recebido o maior investimento na \u00e1rea da Educa\u00e7\u00e3o. \u201cEsse \u00e9 um Governo s\u00e9rio e respons\u00e1vel, e que demonstra isso nos investimentos em educa\u00e7\u00e3o. Al\u00e9m dessas reformas, tamb\u00e9m iremos instalar sistema de microgera\u00e7\u00e3o de energia el\u00e9trica em escolas, no munic\u00edpio da Serra\u201d, informou Aur\u00e9lio Meneguelli.<br>A instala\u00e7\u00e3o do sistema de microgera\u00e7\u00e3o de energia el\u00e9trica a partir de fonte prim\u00e1ria solar acontecer\u00e1 em tr\u00eas unidades, tamb\u00e9m localizadas na Serra: a Escola Estadual de Ensino Fundamental (EEEF) Taquara I, (EEEF) Francisco Alves Mendes, e a Escola Estadual de Ensino Fundamental e M\u00e9dio (EEEFM) Iracema Concei\u00e7\u00e3o Silva, no valor de R$ 861.135,02.<br>\u201cO Governo mostra que est\u00e1 dando a aten\u00e7\u00e3o devida \u00e0 educa\u00e7\u00e3o dos nossos jovens. Al\u00e9m de proporcionar um melhor ambiente de instru\u00e7\u00e3o aos alunos, tamb\u00e9m valoriza e dignifica o ambiente de trabalho dos professores e demais profissionais da escola\u201d afirmou o diretor-presidente do DER, Luiz C\u00e9sar Maretto Coura.<br>O vice-prefeito da Serra, Thiago Carrero, tamb\u00e9m participou da solenidade virtual. \u201cEstou muito feliz em poder participar desse momento da gest\u00e3o do governador, pois estamos fazendo juntos muitas entregas. Entre o sonho e a entrega tem muito trabalho. O impacto de uma reforma nos alunos e nos professores \u00e9 muito positivo. O Governo do Estado tem um olhar muito importante para a educa\u00e7\u00e3o\u201d, comentou.<br>O deputado estadual Alexandre Xambinho fez coro aos agradecimentos por mais esse an\u00fancio: \u201c\u00c9 um momento de alegria, pois investir em educa\u00e7\u00e3o \u00e9 investir no futuro. O seu governo gera oportunidades aos capixabas. S\u00f3 tenho a agradecer por ouvir e atender os anseios da cidade da Serra. Tenho certeza que a popula\u00e7\u00e3o serrana reconhece todo o trabalho que o senhor tem feito pela cidade\u201d, afirmou.<br>As diretoras das tr\u00eas unidades beneficiadas pelas reformas tamb\u00e9m se manifestaram durante a solenidade. Nelma Aparecida Neris, da Escola Mestre \u00c1lvaro, se disse emocionada com o an\u00fancio: \u201cNossos alunos e toda comunidade escolar merecem essa reforma e s\u00f3 temos a agradecer ao governador\u201d. Mesmo sentimento da diretora da Escola Clotilde Rato, Mara Hombre: \u201cN\u00e3o posso deixar de registrar a felicidade de toda comunidade escolar. Agrade\u00e7o imensamente ao governador, a todos que se empenharam para que esse sonho se tornasse realidade\u201d. A diretora da Escola Estadual Get\u00falio Pimentel Loureiro, Rosangela Maria, lembrou outras interven\u00e7\u00f5es na unidade. \u201cEm sua outra gest\u00e3o, o governador construiu a nossa quadra e agora, novamente em sua gest\u00e3o, estamos recebendo essa reforma\u201d.<\/p>\n\n\n\n<p><strong><em>Fonte: <a href=\"https:\/\/www.es.gov.br\/Noticia\/estado-investe-mais-de-r-38-milhoes-na-reforma-de-escolas-em-cariacica-e-serra\">Governo do ES<\/a><\/em><\/strong><\/p>\n","protected":false},"excerpt":{"rendered":"<p>O governo do Estado est\u00e1 investindo mais de R$ 38 milh\u00f5es na reforma de escolas estaduais nos munic\u00edpios de Cariacica e Serra, na regi\u00e3o Metropolitana. Na ter\u00e7a-feira (09), o governador Renato Casagrande fez a entrega das obras na Escola Estadual de Ensino Fundamental e M\u00e9dio (EEEFM) Jesus Cristo Rei, no bairro S\u00e3o Francisco, em Cariacica. [&hellip;]<\/p>\n","protected":false},"author":2,"featured_media":15739,"comment_status":"open","ping_status":"open","sticky":false,"template":"","format":"standard","meta":{"footnotes":""},"categories":[7],"tags":[3283,7987,7988],"class_list":["post-15738","post","type-post","status-publish","format-standard","has-post-thumbnail","hentry","category-educacao","tag-construcao","tag-investimentos-em-educacao","tag-reformas-de-escolas"],"yoast_head":"<!-- This site is optimized with the Yoast SEO plugin v26.5 - https:\/\/yoast.com\/wordpress\/plugins\/seo\/ -->\n<title>Estado investe mais de R$ 38 milh\u00f5es na reforma de escolas em Cariacica e Serra - Jornal Fatos e Not\u00edcias<\/title>\n<meta name=\"robots\" content=\"index, follow, max-snippet:-1, max-image-preview:large, max-video-preview:-1\" \/>\n<link rel=\"canonical\" href=\"https:\/\/jornalfatosenoticias.com.br\/index.php\/2021\/03\/11\/estado-investe-mais-de-r-38-milhoes-na-reforma-de-escolas-em-cariacica-e-serra\/\" \/>\n<meta property=\"og:locale\" content=\"pt_BR\" \/>\n<meta property=\"og:type\" content=\"article\" \/>\n<meta property=\"og:title\" content=\"Estado investe mais de R$ 38 milh\u00f5es na reforma de escolas em Cariacica e Serra - Jornal Fatos e Not\u00edcias\" \/>\n<meta property=\"og:description\" content=\"O governo do Estado est\u00e1 investindo mais de R$ 38 milh\u00f5es na reforma de escolas estaduais nos munic\u00edpios de Cariacica e Serra, na regi\u00e3o Metropolitana. Na ter\u00e7a-feira (09), o governador Renato Casagrande fez a entrega das obras na Escola Estadual de Ensino Fundamental e M\u00e9dio (EEEFM) Jesus Cristo Rei, no bairro S\u00e3o Francisco, em Cariacica. [&hellip;]\" \/>\n<meta property=\"og:url\" content=\"https:\/\/jornalfatosenoticias.com.br\/index.php\/2021\/03\/11\/estado-investe-mais-de-r-38-milhoes-na-reforma-de-escolas-em-cariacica-e-serra\/\" \/>\n<meta property=\"og:site_name\" content=\"Jornal Fatos e Not\u00edcias\" \/>\n<meta property=\"article:published_time\" content=\"2021-03-11T21:53:21+00:00\" \/>\n<meta property=\"article:modified_time\" content=\"2021-03-11T21:53:26+00:00\" \/>\n<meta property=\"og:image\" content=\"https:\/\/jornalfatosenoticias.com.br\/wp-content\/uploads\/2021\/03\/obras-em-escolas_governo-do-estado.jpg\" \/>\n\t<meta property=\"og:image:width\" content=\"1000\" \/>\n\t<meta property=\"og:image:height\" content=\"666\" \/>\n\t<meta property=\"og:image:type\" content=\"image\/jpeg\" \/>\n<meta name=\"author\" content=\"Luzimara Fernandes\" \/>\n<meta name=\"twitter:card\" content=\"summary_large_image\" \/>\n<meta name=\"twitter:label1\" content=\"Escrito por\" \/>\n\t<meta name=\"twitter:data1\" content=\"Luzimara Fernandes\" \/>\n\t<meta name=\"twitter:label2\" content=\"Est. tempo de leitura\" \/>\n\t<meta name=\"twitter:data2\" content=\"8 minutos\" \/>\n<script type=\"application\/ld+json\" class=\"yoast-schema-graph\">{\"@context\":\"https:\/\/schema.org\",\"@graph\":[{\"@type\":\"Article\",\"@id\":\"https:\/\/jornalfatosenoticias.com.br\/index.php\/2021\/03\/11\/estado-investe-mais-de-r-38-milhoes-na-reforma-de-escolas-em-cariacica-e-serra\/#article\",\"isPartOf\":{\"@id\":\"https:\/\/jornalfatosenoticias.com.br\/index.php\/2021\/03\/11\/estado-investe-mais-de-r-38-milhoes-na-reforma-de-escolas-em-cariacica-e-serra\/\"},\"author\":{\"name\":\"Luzimara Fernandes\",\"@id\":\"https:\/\/jornalfatosenoticias.com.br\/#\/schema\/person\/d63837fa13ac8666eb9e74e0985d6f81\"},\"headline\":\"Estado investe mais de R$ 38 milh\u00f5es na reforma de escolas em Cariacica e Serra\",\"datePublished\":\"2021-03-11T21:53:21+00:00\",\"dateModified\":\"2021-03-11T21:53:26+00:00\",\"mainEntityOfPage\":{\"@id\":\"https:\/\/jornalfatosenoticias.com.br\/index.php\/2021\/03\/11\/estado-investe-mais-de-r-38-milhoes-na-reforma-de-escolas-em-cariacica-e-serra\/\"},\"wordCount\":1688,\"commentCount\":0,\"publisher\":{\"@id\":\"https:\/\/jornalfatosenoticias.com.br\/#organization\"},\"image\":{\"@id\":\"https:\/\/jornalfatosenoticias.com.br\/index.php\/2021\/03\/11\/estado-investe-mais-de-r-38-milhoes-na-reforma-de-escolas-em-cariacica-e-serra\/#primaryimage\"},\"thumbnailUrl\":\"https:\/\/jornalfatosenoticias.com.br\/wp-content\/uploads\/2021\/03\/obras-em-escolas_governo-do-estado.jpg\",\"keywords\":[\"constru\u00e7\u00e3o\",\"investimentos em educa\u00e7\u00e3o\",\"reformas de escolas\"],\"articleSection\":[\"Educa\u00e7\u00e3o\"],\"inLanguage\":\"pt-BR\",\"potentialAction\":[{\"@type\":\"CommentAction\",\"name\":\"Comment\",\"target\":[\"https:\/\/jornalfatosenoticias.com.br\/index.php\/2021\/03\/11\/estado-investe-mais-de-r-38-milhoes-na-reforma-de-escolas-em-cariacica-e-serra\/#respond\"]}]},{\"@type\":\"WebPage\",\"@id\":\"https:\/\/jornalfatosenoticias.com.br\/index.php\/2021\/03\/11\/estado-investe-mais-de-r-38-milhoes-na-reforma-de-escolas-em-cariacica-e-serra\/\",\"url\":\"https:\/\/jornalfatosenoticias.com.br\/index.php\/2021\/03\/11\/estado-investe-mais-de-r-38-milhoes-na-reforma-de-escolas-em-cariacica-e-serra\/\",\"name\":\"Estado investe mais de R$ 38 milh\u00f5es na reforma de escolas em Cariacica e Serra - Jornal Fatos e Not\u00edcias\",\"isPartOf\":{\"@id\":\"https:\/\/jornalfatosenoticias.com.br\/#website\"},\"primaryImageOfPage\":{\"@id\":\"https:\/\/jornalfatosenoticias.com.br\/index.php\/2021\/03\/11\/estado-investe-mais-de-r-38-milhoes-na-reforma-de-escolas-em-cariacica-e-serra\/#primaryimage\"},\"image\":{\"@id\":\"https:\/\/jornalfatosenoticias.com.br\/index.php\/2021\/03\/11\/estado-investe-mais-de-r-38-milhoes-na-reforma-de-escolas-em-cariacica-e-serra\/#primaryimage\"},\"thumbnailUrl\":\"https:\/\/jornalfatosenoticias.com.br\/wp-content\/uploads\/2021\/03\/obras-em-escolas_governo-do-estado.jpg\",\"datePublished\":\"2021-03-11T21:53:21+00:00\",\"dateModified\":\"2021-03-11T21:53:26+00:00\",\"breadcrumb\":{\"@id\":\"https:\/\/jornalfatosenoticias.com.br\/index.php\/2021\/03\/11\/estado-investe-mais-de-r-38-milhoes-na-reforma-de-escolas-em-cariacica-e-serra\/#breadcrumb\"},\"inLanguage\":\"pt-BR\",\"potentialAction\":[{\"@type\":\"ReadAction\",\"target\":[\"https:\/\/jornalfatosenoticias.com.br\/index.php\/2021\/03\/11\/estado-investe-mais-de-r-38-milhoes-na-reforma-de-escolas-em-cariacica-e-serra\/\"]}]},{\"@type\":\"ImageObject\",\"inLanguage\":\"pt-BR\",\"@id\":\"https:\/\/jornalfatosenoticias.com.br\/index.php\/2021\/03\/11\/estado-investe-mais-de-r-38-milhoes-na-reforma-de-escolas-em-cariacica-e-serra\/#primaryimage\",\"url\":\"https:\/\/jornalfatosenoticias.com.br\/wp-content\/uploads\/2021\/03\/obras-em-escolas_governo-do-estado.jpg\",\"contentUrl\":\"https:\/\/jornalfatosenoticias.com.br\/wp-content\/uploads\/2021\/03\/obras-em-escolas_governo-do-estado.jpg\",\"width\":1000,\"height\":666},{\"@type\":\"BreadcrumbList\",\"@id\":\"https:\/\/jornalfatosenoticias.com.br\/index.php\/2021\/03\/11\/estado-investe-mais-de-r-38-milhoes-na-reforma-de-escolas-em-cariacica-e-serra\/#breadcrumb\",\"itemListElement\":[{\"@type\":\"ListItem\",\"position\":1,\"name\":\"In\u00edcio\",\"item\":\"https:\/\/jornalfatosenoticias.com.br\/\"},{\"@type\":\"ListItem\",\"position\":2,\"name\":\"Estado investe mais de R$ 38 milh\u00f5es na reforma de escolas em Cariacica e Serra\"}]},{\"@type\":\"WebSite\",\"@id\":\"https:\/\/jornalfatosenoticias.com.br\/#website\",\"url\":\"https:\/\/jornalfatosenoticias.com.br\/\",\"name\":\"Jornal Fatos e Not\u00edcias\",\"description\":\"Not\u00edcias em geral\",\"publisher\":{\"@id\":\"https:\/\/jornalfatosenoticias.com.br\/#organization\"},\"potentialAction\":[{\"@type\":\"SearchAction\",\"target\":{\"@type\":\"EntryPoint\",\"urlTemplate\":\"https:\/\/jornalfatosenoticias.com.br\/?s={search_term_string}\"},\"query-input\":{\"@type\":\"PropertyValueSpecification\",\"valueRequired\":true,\"valueName\":\"search_term_string\"}}],\"inLanguage\":\"pt-BR\"},{\"@type\":\"Organization\",\"@id\":\"https:\/\/jornalfatosenoticias.com.br\/#organization\",\"name\":\"Jornal Fatos e Not\u00edcias\",\"url\":\"https:\/\/jornalfatosenoticias.com.br\/\",\"logo\":{\"@type\":\"ImageObject\",\"inLanguage\":\"pt-BR\",\"@id\":\"https:\/\/jornalfatosenoticias.com.br\/#\/schema\/logo\/image\/\",\"url\":\"https:\/\/jornalfatosenoticias.com.br\/wp-content\/uploads\/2020\/02\/logo120.png\",\"contentUrl\":\"https:\/\/jornalfatosenoticias.com.br\/wp-content\/uploads\/2020\/02\/logo120.png\",\"width\":1227,\"height\":120,\"caption\":\"Jornal Fatos e Not\u00edcias\"},\"image\":{\"@id\":\"https:\/\/jornalfatosenoticias.com.br\/#\/schema\/logo\/image\/\"}},{\"@type\":\"Person\",\"@id\":\"https:\/\/jornalfatosenoticias.com.br\/#\/schema\/person\/d63837fa13ac8666eb9e74e0985d6f81\",\"name\":\"Luzimara Fernandes\",\"image\":{\"@type\":\"ImageObject\",\"inLanguage\":\"pt-BR\",\"@id\":\"https:\/\/jornalfatosenoticias.com.br\/#\/schema\/person\/image\/\",\"url\":\"https:\/\/jornalfatosenoticias.com.br\/wp-content\/uploads\/2025\/05\/EU_portal.jpg\",\"contentUrl\":\"https:\/\/jornalfatosenoticias.com.br\/wp-content\/uploads\/2025\/05\/EU_portal.jpg\",\"caption\":\"Luzimara Fernandes\"},\"description\":\"Jornalista MTB 2358-ES\",\"sameAs\":[\"https:\/\/jornalfatosenoticias.com.br\"],\"url\":\"https:\/\/jornalfatosenoticias.com.br\/index.php\/author\/luzimara\/\"}]}<\/script>\n<!-- \/ Yoast SEO plugin. -->","yoast_head_json":{"title":"Estado investe mais de R$ 38 milh\u00f5es na reforma de escolas em Cariacica e Serra - Jornal Fatos e Not\u00edcias","robots":{"index":"index","follow":"follow","max-snippet":"max-snippet:-1","max-image-preview":"max-image-preview:large","max-video-preview":"max-video-preview:-1"},"canonical":"https:\/\/jornalfatosenoticias.com.br\/index.php\/2021\/03\/11\/estado-investe-mais-de-r-38-milhoes-na-reforma-de-escolas-em-cariacica-e-serra\/","og_locale":"pt_BR","og_type":"article","og_title":"Estado investe mais de R$ 38 milh\u00f5es na reforma de escolas em Cariacica e Serra - Jornal Fatos e Not\u00edcias","og_description":"O governo do Estado est\u00e1 investindo mais de R$ 38 milh\u00f5es na reforma de escolas estaduais nos munic\u00edpios de Cariacica e Serra, na regi\u00e3o Metropolitana. Na ter\u00e7a-feira (09), o governador Renato Casagrande fez a entrega das obras na Escola Estadual de Ensino Fundamental e M\u00e9dio (EEEFM) Jesus Cristo Rei, no bairro S\u00e3o Francisco, em Cariacica. [&hellip;]","og_url":"https:\/\/jornalfatosenoticias.com.br\/index.php\/2021\/03\/11\/estado-investe-mais-de-r-38-milhoes-na-reforma-de-escolas-em-cariacica-e-serra\/","og_site_name":"Jornal Fatos e Not\u00edcias","article_published_time":"2021-03-11T21:53:21+00:00","article_modified_time":"2021-03-11T21:53:26+00:00","og_image":[{"width":1000,"height":666,"url":"https:\/\/jornalfatosenoticias.com.br\/wp-content\/uploads\/2021\/03\/obras-em-escolas_governo-do-estado.jpg","type":"image\/jpeg"}],"author":"Luzimara Fernandes","twitter_card":"summary_large_image","twitter_misc":{"Escrito por":"Luzimara Fernandes","Est. tempo de leitura":"8 minutos"},"schema":{"@context":"https:\/\/schema.org","@graph":[{"@type":"Article","@id":"https:\/\/jornalfatosenoticias.com.br\/index.php\/2021\/03\/11\/estado-investe-mais-de-r-38-milhoes-na-reforma-de-escolas-em-cariacica-e-serra\/#article","isPartOf":{"@id":"https:\/\/jornalfatosenoticias.com.br\/index.php\/2021\/03\/11\/estado-investe-mais-de-r-38-milhoes-na-reforma-de-escolas-em-cariacica-e-serra\/"},"author":{"name":"Luzimara Fernandes","@id":"https:\/\/jornalfatosenoticias.com.br\/#\/schema\/person\/d63837fa13ac8666eb9e74e0985d6f81"},"headline":"Estado investe mais de R$ 38 milh\u00f5es na reforma de escolas em Cariacica e Serra","datePublished":"2021-03-11T21:53:21+00:00","dateModified":"2021-03-11T21:53:26+00:00","mainEntityOfPage":{"@id":"https:\/\/jornalfatosenoticias.com.br\/index.php\/2021\/03\/11\/estado-investe-mais-de-r-38-milhoes-na-reforma-de-escolas-em-cariacica-e-serra\/"},"wordCount":1688,"commentCount":0,"publisher":{"@id":"https:\/\/jornalfatosenoticias.com.br\/#organization"},"image":{"@id":"https:\/\/jornalfatosenoticias.com.br\/index.php\/2021\/03\/11\/estado-investe-mais-de-r-38-milhoes-na-reforma-de-escolas-em-cariacica-e-serra\/#primaryimage"},"thumbnailUrl":"https:\/\/jornalfatosenoticias.com.br\/wp-content\/uploads\/2021\/03\/obras-em-escolas_governo-do-estado.jpg","keywords":["constru\u00e7\u00e3o","investimentos em educa\u00e7\u00e3o","reformas de escolas"],"articleSection":["Educa\u00e7\u00e3o"],"inLanguage":"pt-BR","potentialAction":[{"@type":"CommentAction","name":"Comment","target":["https:\/\/jornalfatosenoticias.com.br\/index.php\/2021\/03\/11\/estado-investe-mais-de-r-38-milhoes-na-reforma-de-escolas-em-cariacica-e-serra\/#respond"]}]},{"@type":"WebPage","@id":"https:\/\/jornalfatosenoticias.com.br\/index.php\/2021\/03\/11\/estado-investe-mais-de-r-38-milhoes-na-reforma-de-escolas-em-cariacica-e-serra\/","url":"https:\/\/jornalfatosenoticias.com.br\/index.php\/2021\/03\/11\/estado-investe-mais-de-r-38-milhoes-na-reforma-de-escolas-em-cariacica-e-serra\/","name":"Estado investe mais de R$ 38 milh\u00f5es na reforma de escolas em Cariacica e Serra - Jornal Fatos e Not\u00edcias","isPartOf":{"@id":"https:\/\/jornalfatosenoticias.com.br\/#website"},"primaryImageOfPage":{"@id":"https:\/\/jornalfatosenoticias.com.br\/index.php\/2021\/03\/11\/estado-investe-mais-de-r-38-milhoes-na-reforma-de-escolas-em-cariacica-e-serra\/#primaryimage"},"image":{"@id":"https:\/\/jornalfatosenoticias.com.br\/index.php\/2021\/03\/11\/estado-investe-mais-de-r-38-milhoes-na-reforma-de-escolas-em-cariacica-e-serra\/#primaryimage"},"thumbnailUrl":"https:\/\/jornalfatosenoticias.com.br\/wp-content\/uploads\/2021\/03\/obras-em-escolas_governo-do-estado.jpg","datePublished":"2021-03-11T21:53:21+00:00","dateModified":"2021-03-11T21:53:26+00:00","breadcrumb":{"@id":"https:\/\/jornalfatosenoticias.com.br\/index.php\/2021\/03\/11\/estado-investe-mais-de-r-38-milhoes-na-reforma-de-escolas-em-cariacica-e-serra\/#breadcrumb"},"inLanguage":"pt-BR","potentialAction":[{"@type":"ReadAction","target":["https:\/\/jornalfatosenoticias.com.br\/index.php\/2021\/03\/11\/estado-investe-mais-de-r-38-milhoes-na-reforma-de-escolas-em-cariacica-e-serra\/"]}]},{"@type":"ImageObject","inLanguage":"pt-BR","@id":"https:\/\/jornalfatosenoticias.com.br\/index.php\/2021\/03\/11\/estado-investe-mais-de-r-38-milhoes-na-reforma-de-escolas-em-cariacica-e-serra\/#primaryimage","url":"https:\/\/jornalfatosenoticias.com.br\/wp-content\/uploads\/2021\/03\/obras-em-escolas_governo-do-estado.jpg","contentUrl":"https:\/\/jornalfatosenoticias.com.br\/wp-content\/uploads\/2021\/03\/obras-em-escolas_governo-do-estado.jpg","width":1000,"height":666},{"@type":"BreadcrumbList","@id":"https:\/\/jornalfatosenoticias.com.br\/index.php\/2021\/03\/11\/estado-investe-mais-de-r-38-milhoes-na-reforma-de-escolas-em-cariacica-e-serra\/#breadcrumb","itemListElement":[{"@type":"ListItem","position":1,"name":"In\u00edcio","item":"https:\/\/jornalfatosenoticias.com.br\/"},{"@type":"ListItem","position":2,"name":"Estado investe mais de R$ 38 milh\u00f5es na reforma de escolas em Cariacica e Serra"}]},{"@type":"WebSite","@id":"https:\/\/jornalfatosenoticias.com.br\/#website","url":"https:\/\/jornalfatosenoticias.com.br\/","name":"Jornal Fatos e Not\u00edcias","description":"Not\u00edcias em geral","publisher":{"@id":"https:\/\/jornalfatosenoticias.com.br\/#organization"},"potentialAction":[{"@type":"SearchAction","target":{"@type":"EntryPoint","urlTemplate":"https:\/\/jornalfatosenoticias.com.br\/?s={search_term_string}"},"query-input":{"@type":"PropertyValueSpecification","valueRequired":true,"valueName":"search_term_string"}}],"inLanguage":"pt-BR"},{"@type":"Organization","@id":"https:\/\/jornalfatosenoticias.com.br\/#organization","name":"Jornal Fatos e Not\u00edcias","url":"https:\/\/jornalfatosenoticias.com.br\/","logo":{"@type":"ImageObject","inLanguage":"pt-BR","@id":"https:\/\/jornalfatosenoticias.com.br\/#\/schema\/logo\/image\/","url":"https:\/\/jornalfatosenoticias.com.br\/wp-content\/uploads\/2020\/02\/logo120.png","contentUrl":"https:\/\/jornalfatosenoticias.com.br\/wp-content\/uploads\/2020\/02\/logo120.png","width":1227,"height":120,"caption":"Jornal Fatos e Not\u00edcias"},"image":{"@id":"https:\/\/jornalfatosenoticias.com.br\/#\/schema\/logo\/image\/"}},{"@type":"Person","@id":"https:\/\/jornalfatosenoticias.com.br\/#\/schema\/person\/d63837fa13ac8666eb9e74e0985d6f81","name":"Luzimara Fernandes","image":{"@type":"ImageObject","inLanguage":"pt-BR","@id":"https:\/\/jornalfatosenoticias.com.br\/#\/schema\/person\/image\/","url":"https:\/\/jornalfatosenoticias.com.br\/wp-content\/uploads\/2025\/05\/EU_portal.jpg","contentUrl":"https:\/\/jornalfatosenoticias.com.br\/wp-content\/uploads\/2025\/05\/EU_portal.jpg","caption":"Luzimara Fernandes"},"description":"Jornalista MTB 2358-ES","sameAs":["https:\/\/jornalfatosenoticias.com.br"],"url":"https:\/\/jornalfatosenoticias.com.br\/index.php\/author\/luzimara\/"}]}},"cc_featured_image_caption":{"caption_text":"(Foto: H\u00e9lio Filho\/Secom) ","source_text":"","source_url":""},"jetpack_featured_media_url":"https:\/\/jornalfatosenoticias.com.br\/wp-content\/uploads\/2021\/03\/obras-em-escolas_governo-do-estado.jpg","_links":{"self":[{"href":"https:\/\/jornalfatosenoticias.com.br\/index.php\/wp-json\/wp\/v2\/posts\/15738","targetHints":{"allow":["GET"]}}],"collection":[{"href":"https:\/\/jornalfatosenoticias.com.br\/index.php\/wp-json\/wp\/v2\/posts"}],"about":[{"href":"https:\/\/jornalfatosenoticias.com.br\/index.php\/wp-json\/wp\/v2\/types\/post"}],"author":[{"embeddable":true,"href":"https:\/\/jornalfatosenoticias.com.br\/index.php\/wp-json\/wp\/v2\/users\/2"}],"replies":[{"embeddable":true,"href":"https:\/\/jornalfatosenoticias.com.br\/index.php\/wp-json\/wp\/v2\/comments?post=15738"}],"version-history":[{"count":0,"href":"https:\/\/jornalfatosenoticias.com.br\/index.php\/wp-json\/wp\/v2\/posts\/15738\/revisions"}],"wp:featuredmedia":[{"embeddable":true,"href":"https:\/\/jornalfatosenoticias.com.br\/index.php\/wp-json\/wp\/v2\/media\/15739"}],"wp:attachment":[{"href":"https:\/\/jornalfatosenoticias.com.br\/index.php\/wp-json\/wp\/v2\/media?parent=15738"}],"wp:term":[{"taxonomy":"category","embeddable":true,"href":"https:\/\/jornalfatosenoticias.com.br\/index.php\/wp-json\/wp\/v2\/categories?post=15738"},{"taxonomy":"post_tag","embeddable":true,"href":"https:\/\/jornalfatosenoticias.com.br\/index.php\/wp-json\/wp\/v2\/tags?post=15738"}],"curies":[{"name":"wp","href":"https:\/\/api.w.org\/{rel}","templated":true}]}}