{"id":15741,"date":"2021-03-11T18:56:02","date_gmt":"2021-03-11T21:56:02","guid":{"rendered":"https:\/\/jornalfatosenoticias.com.br\/?p=15741"},"modified":"2021-03-11T18:56:08","modified_gmt":"2021-03-11T21:56:08","slug":"brasileiro-e-povo-que-mais-sente-solidao-na-pandemia-aponta-ranking","status":"publish","type":"post","link":"https:\/\/jornalfatosenoticias.com.br\/index.php\/2021\/03\/11\/brasileiro-e-povo-que-mais-sente-solidao-na-pandemia-aponta-ranking\/","title":{"rendered":"Brasileiro \u00e9 povo que mais sente solid\u00e3o na pandemia, aponta ranking"},"content":{"rendered":"\n<h6 class=\"wp-block-heading\"><em>50% dos brasileiros entrevistados disseram que se sentem solit\u00e1rios, pior \u00edndice entre 28 pa\u00edses<\/em><\/h6>\n\n\n\n<p>Os brasileiros s\u00e3o o povo que mais se sente solit\u00e1rio, de acordo com os resultados de uma pesquisa que ouviu 23 mil pessoas de 28 pa\u00edses. Segundo o levantamento, realizado entre 23 de dezembro do ano passado e 8 de janeiro deste ano, 50% das mil pessoas entrevistadas no Brasil disseram sentir solid\u00e3o &#8220;muitas vezes&#8221;, &#8220;frequentemente&#8221; ou &#8220;sempre&#8221;.<br>O percentual \u00e9 o maior entre todas as popula\u00e7\u00f5es ouvidas pela pesquisa, feita pelo instituto Ipsos. Em segundo lugar vieram os turcos, com 46%, seguido pelos indianos (43%) e pelos sauditas (43%). Na outra ponta do ranking, os holandeses s\u00e3o o povo que menos sofre de solid\u00e3o (15%), seguidos pelos japoneses (16%) e poloneses (23%).<br>Para Marcos Calliari, presidente da Ipsos no Brasil, os efeitos da pandemia de covid-19, que j\u00e1 matou 259,2 mil pessoas no pa\u00eds at\u00e9 o come\u00e7o deste m\u00eas, foram preponderantes para aumentar o sentimento de solid\u00e3o da popula\u00e7\u00e3o brasileira.<br>&#8220;O brasileiro sofreu demais na pandemia. Os n\u00fameros assustadores de cont\u00e1gio e de mortes, um dos piores \u00edndices do mundo, e o longo per\u00edodo de quarentena, ajudam a explicar esse sentimento&#8221;, explica \u00e0 BBC News Brasil. &#8220;Houve tamb\u00e9m muita turbul\u00eancia em rela\u00e7\u00e3o \u00e0s informa\u00e7\u00f5es e procedimentos sobre a pandemia. As pessoas ficaram e est\u00e3o muito confusas e tristes sobre isso&#8221;, acrescenta Calliari.<br>O analista cita outro ponto que pode ter influenciado o resultado no Brasil: o per\u00edodo de festas de fim de ano, momento em que parte da pesquisa foi realizada.<br>&#8220;O brasileiro \u00e9 um povo bastante greg\u00e1rio. Gosta de estar com a fam\u00edlia no Natal e no Ano Novo. Como vivemos um per\u00edodo de distanciamento social, muita gente se sentiu sozinha nesse per\u00edodo&#8221;, explica Calliari.<br>Para ele, o futuro pr\u00f3ximo tamb\u00e9m n\u00e3o deve mudar os \u00edndices. &#8220;Vivemos o pior momento da pandemia. E a tend\u00eancia \u00e9 que o sentimento de solid\u00e3o aumente e, somado \u00e0 ansiedade e \u00e0 tristeza, isso pode causar problemas s\u00e9rios de sa\u00fade mental no futuro&#8221;, diz.<\/p>\n\n\n\n<p><em><strong>Fonte: <a href=\"https:\/\/www.uol.com.br\/vivabem\/noticias\/bbc\/2021\/03\/04\/brasileiro-e-povo-que-mais-sente-solidao-na-pandemia-aponta-ranking.htm\">UOL<\/a><\/strong><\/em><\/p>\n","protected":false},"excerpt":{"rendered":"<p>50% dos brasileiros entrevistados disseram que se sentem solit\u00e1rios, pior \u00edndice entre 28 pa\u00edses Os brasileiros s\u00e3o o povo que mais se sente solit\u00e1rio, de acordo com os resultados de uma pesquisa que ouviu 23 mil pessoas de 28 pa\u00edses. Segundo o levantamento, realizado entre 23 de dezembro do ano passado e 8 de janeiro [&hellip;]<\/p>\n","protected":false},"author":2,"featured_media":15742,"comment_status":"open","ping_status":"open","sticky":false,"template":"","format":"standard","meta":{"footnotes":""},"categories":[2522],"tags":[330,2622,7989,7990,2623],"class_list":["post-15741","post","type-post","status-publish","format-standard","has-post-thumbnail","hentry","category-comportamento","tag-pandemia","tag-solidao","tag-sozinho","tag-triste","tag-tristeza"],"yoast_head":"<!-- This site is optimized with the Yoast SEO plugin v26.5 - https:\/\/yoast.com\/wordpress\/plugins\/seo\/ -->\n<title>Brasileiro \u00e9 povo que mais sente solid\u00e3o na pandemia, aponta ranking - Jornal Fatos e Not\u00edcias<\/title>\n<meta name=\"robots\" content=\"index, follow, max-snippet:-1, max-image-preview:large, max-video-preview:-1\" \/>\n<link rel=\"canonical\" href=\"https:\/\/jornalfatosenoticias.com.br\/index.php\/2021\/03\/11\/brasileiro-e-povo-que-mais-sente-solidao-na-pandemia-aponta-ranking\/\" \/>\n<meta property=\"og:locale\" content=\"pt_BR\" \/>\n<meta property=\"og:type\" content=\"article\" \/>\n<meta property=\"og:title\" content=\"Brasileiro \u00e9 povo que mais sente solid\u00e3o na pandemia, aponta ranking - Jornal Fatos e Not\u00edcias\" \/>\n<meta property=\"og:description\" content=\"50% dos brasileiros entrevistados disseram que se sentem solit\u00e1rios, pior \u00edndice entre 28 pa\u00edses Os brasileiros s\u00e3o o povo que mais se sente solit\u00e1rio, de acordo com os resultados de uma pesquisa que ouviu 23 mil pessoas de 28 pa\u00edses. Segundo o levantamento, realizado entre 23 de dezembro do ano passado e 8 de janeiro [&hellip;]\" \/>\n<meta property=\"og:url\" content=\"https:\/\/jornalfatosenoticias.com.br\/index.php\/2021\/03\/11\/brasileiro-e-povo-que-mais-sente-solidao-na-pandemia-aponta-ranking\/\" \/>\n<meta property=\"og:site_name\" content=\"Jornal Fatos e Not\u00edcias\" \/>\n<meta property=\"article:published_time\" content=\"2021-03-11T21:56:02+00:00\" \/>\n<meta property=\"article:modified_time\" content=\"2021-03-11T21:56:08+00:00\" \/>\n<meta property=\"og:image\" content=\"https:\/\/jornalfatosenoticias.com.br\/wp-content\/uploads\/2021\/03\/solidao-brasileiro.jpg\" \/>\n\t<meta property=\"og:image:width\" content=\"1000\" \/>\n\t<meta property=\"og:image:height\" content=\"563\" \/>\n\t<meta property=\"og:image:type\" content=\"image\/jpeg\" \/>\n<meta name=\"author\" content=\"Luzimara Fernandes\" \/>\n<meta name=\"twitter:card\" content=\"summary_large_image\" \/>\n<meta name=\"twitter:label1\" content=\"Escrito por\" \/>\n\t<meta name=\"twitter:data1\" content=\"Luzimara Fernandes\" \/>\n\t<meta name=\"twitter:label2\" content=\"Est. tempo de leitura\" \/>\n\t<meta name=\"twitter:data2\" content=\"2 minutos\" \/>\n<script type=\"application\/ld+json\" class=\"yoast-schema-graph\">{\"@context\":\"https:\/\/schema.org\",\"@graph\":[{\"@type\":\"Article\",\"@id\":\"https:\/\/jornalfatosenoticias.com.br\/index.php\/2021\/03\/11\/brasileiro-e-povo-que-mais-sente-solidao-na-pandemia-aponta-ranking\/#article\",\"isPartOf\":{\"@id\":\"https:\/\/jornalfatosenoticias.com.br\/index.php\/2021\/03\/11\/brasileiro-e-povo-que-mais-sente-solidao-na-pandemia-aponta-ranking\/\"},\"author\":{\"name\":\"Luzimara Fernandes\",\"@id\":\"https:\/\/jornalfatosenoticias.com.br\/#\/schema\/person\/d63837fa13ac8666eb9e74e0985d6f81\"},\"headline\":\"Brasileiro \u00e9 povo que mais sente solid\u00e3o na pandemia, aponta ranking\",\"datePublished\":\"2021-03-11T21:56:02+00:00\",\"dateModified\":\"2021-03-11T21:56:08+00:00\",\"mainEntityOfPage\":{\"@id\":\"https:\/\/jornalfatosenoticias.com.br\/index.php\/2021\/03\/11\/brasileiro-e-povo-que-mais-sente-solidao-na-pandemia-aponta-ranking\/\"},\"wordCount\":363,\"commentCount\":0,\"publisher\":{\"@id\":\"https:\/\/jornalfatosenoticias.com.br\/#organization\"},\"image\":{\"@id\":\"https:\/\/jornalfatosenoticias.com.br\/index.php\/2021\/03\/11\/brasileiro-e-povo-que-mais-sente-solidao-na-pandemia-aponta-ranking\/#primaryimage\"},\"thumbnailUrl\":\"https:\/\/jornalfatosenoticias.com.br\/wp-content\/uploads\/2021\/03\/solidao-brasileiro.jpg\",\"keywords\":[\"pandemia\",\"solid\u00e3o\",\"sozinho\",\"triste\",\"tristeza\"],\"articleSection\":[\"Comportamento &amp; Equil\u00edbrio\"],\"inLanguage\":\"pt-BR\",\"potentialAction\":[{\"@type\":\"CommentAction\",\"name\":\"Comment\",\"target\":[\"https:\/\/jornalfatosenoticias.com.br\/index.php\/2021\/03\/11\/brasileiro-e-povo-que-mais-sente-solidao-na-pandemia-aponta-ranking\/#respond\"]}]},{\"@type\":\"WebPage\",\"@id\":\"https:\/\/jornalfatosenoticias.com.br\/index.php\/2021\/03\/11\/brasileiro-e-povo-que-mais-sente-solidao-na-pandemia-aponta-ranking\/\",\"url\":\"https:\/\/jornalfatosenoticias.com.br\/index.php\/2021\/03\/11\/brasileiro-e-povo-que-mais-sente-solidao-na-pandemia-aponta-ranking\/\",\"name\":\"Brasileiro \u00e9 povo que mais sente solid\u00e3o na pandemia, aponta ranking - Jornal Fatos e Not\u00edcias\",\"isPartOf\":{\"@id\":\"https:\/\/jornalfatosenoticias.com.br\/#website\"},\"primaryImageOfPage\":{\"@id\":\"https:\/\/jornalfatosenoticias.com.br\/index.php\/2021\/03\/11\/brasileiro-e-povo-que-mais-sente-solidao-na-pandemia-aponta-ranking\/#primaryimage\"},\"image\":{\"@id\":\"https:\/\/jornalfatosenoticias.com.br\/index.php\/2021\/03\/11\/brasileiro-e-povo-que-mais-sente-solidao-na-pandemia-aponta-ranking\/#primaryimage\"},\"thumbnailUrl\":\"https:\/\/jornalfatosenoticias.com.br\/wp-content\/uploads\/2021\/03\/solidao-brasileiro.jpg\",\"datePublished\":\"2021-03-11T21:56:02+00:00\",\"dateModified\":\"2021-03-11T21:56:08+00:00\",\"breadcrumb\":{\"@id\":\"https:\/\/jornalfatosenoticias.com.br\/index.php\/2021\/03\/11\/brasileiro-e-povo-que-mais-sente-solidao-na-pandemia-aponta-ranking\/#breadcrumb\"},\"inLanguage\":\"pt-BR\",\"potentialAction\":[{\"@type\":\"ReadAction\",\"target\":[\"https:\/\/jornalfatosenoticias.com.br\/index.php\/2021\/03\/11\/brasileiro-e-povo-que-mais-sente-solidao-na-pandemia-aponta-ranking\/\"]}]},{\"@type\":\"ImageObject\",\"inLanguage\":\"pt-BR\",\"@id\":\"https:\/\/jornalfatosenoticias.com.br\/index.php\/2021\/03\/11\/brasileiro-e-povo-que-mais-sente-solidao-na-pandemia-aponta-ranking\/#primaryimage\",\"url\":\"https:\/\/jornalfatosenoticias.com.br\/wp-content\/uploads\/2021\/03\/solidao-brasileiro.jpg\",\"contentUrl\":\"https:\/\/jornalfatosenoticias.com.br\/wp-content\/uploads\/2021\/03\/solidao-brasileiro.jpg\",\"width\":1000,\"height\":563},{\"@type\":\"BreadcrumbList\",\"@id\":\"https:\/\/jornalfatosenoticias.com.br\/index.php\/2021\/03\/11\/brasileiro-e-povo-que-mais-sente-solidao-na-pandemia-aponta-ranking\/#breadcrumb\",\"itemListElement\":[{\"@type\":\"ListItem\",\"position\":1,\"name\":\"In\u00edcio\",\"item\":\"https:\/\/jornalfatosenoticias.com.br\/\"},{\"@type\":\"ListItem\",\"position\":2,\"name\":\"Brasileiro \u00e9 povo que mais sente solid\u00e3o na pandemia, aponta ranking\"}]},{\"@type\":\"WebSite\",\"@id\":\"https:\/\/jornalfatosenoticias.com.br\/#website\",\"url\":\"https:\/\/jornalfatosenoticias.com.br\/\",\"name\":\"Jornal Fatos e Not\u00edcias\",\"description\":\"Not\u00edcias em geral\",\"publisher\":{\"@id\":\"https:\/\/jornalfatosenoticias.com.br\/#organization\"},\"potentialAction\":[{\"@type\":\"SearchAction\",\"target\":{\"@type\":\"EntryPoint\",\"urlTemplate\":\"https:\/\/jornalfatosenoticias.com.br\/?s={search_term_string}\"},\"query-input\":{\"@type\":\"PropertyValueSpecification\",\"valueRequired\":true,\"valueName\":\"search_term_string\"}}],\"inLanguage\":\"pt-BR\"},{\"@type\":\"Organization\",\"@id\":\"https:\/\/jornalfatosenoticias.com.br\/#organization\",\"name\":\"Jornal Fatos e Not\u00edcias\",\"url\":\"https:\/\/jornalfatosenoticias.com.br\/\",\"logo\":{\"@type\":\"ImageObject\",\"inLanguage\":\"pt-BR\",\"@id\":\"https:\/\/jornalfatosenoticias.com.br\/#\/schema\/logo\/image\/\",\"url\":\"https:\/\/jornalfatosenoticias.com.br\/wp-content\/uploads\/2020\/02\/logo120.png\",\"contentUrl\":\"https:\/\/jornalfatosenoticias.com.br\/wp-content\/uploads\/2020\/02\/logo120.png\",\"width\":1227,\"height\":120,\"caption\":\"Jornal Fatos e Not\u00edcias\"},\"image\":{\"@id\":\"https:\/\/jornalfatosenoticias.com.br\/#\/schema\/logo\/image\/\"}},{\"@type\":\"Person\",\"@id\":\"https:\/\/jornalfatosenoticias.com.br\/#\/schema\/person\/d63837fa13ac8666eb9e74e0985d6f81\",\"name\":\"Luzimara Fernandes\",\"image\":{\"@type\":\"ImageObject\",\"inLanguage\":\"pt-BR\",\"@id\":\"https:\/\/jornalfatosenoticias.com.br\/#\/schema\/person\/image\/\",\"url\":\"https:\/\/jornalfatosenoticias.com.br\/wp-content\/uploads\/2025\/05\/EU_portal.jpg\",\"contentUrl\":\"https:\/\/jornalfatosenoticias.com.br\/wp-content\/uploads\/2025\/05\/EU_portal.jpg\",\"caption\":\"Luzimara Fernandes\"},\"description\":\"Jornalista MTB 2358-ES\",\"sameAs\":[\"https:\/\/jornalfatosenoticias.com.br\"],\"url\":\"https:\/\/jornalfatosenoticias.com.br\/index.php\/author\/luzimara\/\"}]}<\/script>\n<!-- \/ Yoast SEO plugin. -->","yoast_head_json":{"title":"Brasileiro \u00e9 povo que mais sente solid\u00e3o na pandemia, aponta ranking - Jornal Fatos e Not\u00edcias","robots":{"index":"index","follow":"follow","max-snippet":"max-snippet:-1","max-image-preview":"max-image-preview:large","max-video-preview":"max-video-preview:-1"},"canonical":"https:\/\/jornalfatosenoticias.com.br\/index.php\/2021\/03\/11\/brasileiro-e-povo-que-mais-sente-solidao-na-pandemia-aponta-ranking\/","og_locale":"pt_BR","og_type":"article","og_title":"Brasileiro \u00e9 povo que mais sente solid\u00e3o na pandemia, aponta ranking - Jornal Fatos e Not\u00edcias","og_description":"50% dos brasileiros entrevistados disseram que se sentem solit\u00e1rios, pior \u00edndice entre 28 pa\u00edses Os brasileiros s\u00e3o o povo que mais se sente solit\u00e1rio, de acordo com os resultados de uma pesquisa que ouviu 23 mil pessoas de 28 pa\u00edses. Segundo o levantamento, realizado entre 23 de dezembro do ano passado e 8 de janeiro [&hellip;]","og_url":"https:\/\/jornalfatosenoticias.com.br\/index.php\/2021\/03\/11\/brasileiro-e-povo-que-mais-sente-solidao-na-pandemia-aponta-ranking\/","og_site_name":"Jornal Fatos e Not\u00edcias","article_published_time":"2021-03-11T21:56:02+00:00","article_modified_time":"2021-03-11T21:56:08+00:00","og_image":[{"width":1000,"height":563,"url":"https:\/\/jornalfatosenoticias.com.br\/wp-content\/uploads\/2021\/03\/solidao-brasileiro.jpg","type":"image\/jpeg"}],"author":"Luzimara Fernandes","twitter_card":"summary_large_image","twitter_misc":{"Escrito por":"Luzimara Fernandes","Est. tempo de leitura":"2 minutos"},"schema":{"@context":"https:\/\/schema.org","@graph":[{"@type":"Article","@id":"https:\/\/jornalfatosenoticias.com.br\/index.php\/2021\/03\/11\/brasileiro-e-povo-que-mais-sente-solidao-na-pandemia-aponta-ranking\/#article","isPartOf":{"@id":"https:\/\/jornalfatosenoticias.com.br\/index.php\/2021\/03\/11\/brasileiro-e-povo-que-mais-sente-solidao-na-pandemia-aponta-ranking\/"},"author":{"name":"Luzimara Fernandes","@id":"https:\/\/jornalfatosenoticias.com.br\/#\/schema\/person\/d63837fa13ac8666eb9e74e0985d6f81"},"headline":"Brasileiro \u00e9 povo que mais sente solid\u00e3o na pandemia, aponta ranking","datePublished":"2021-03-11T21:56:02+00:00","dateModified":"2021-03-11T21:56:08+00:00","mainEntityOfPage":{"@id":"https:\/\/jornalfatosenoticias.com.br\/index.php\/2021\/03\/11\/brasileiro-e-povo-que-mais-sente-solidao-na-pandemia-aponta-ranking\/"},"wordCount":363,"commentCount":0,"publisher":{"@id":"https:\/\/jornalfatosenoticias.com.br\/#organization"},"image":{"@id":"https:\/\/jornalfatosenoticias.com.br\/index.php\/2021\/03\/11\/brasileiro-e-povo-que-mais-sente-solidao-na-pandemia-aponta-ranking\/#primaryimage"},"thumbnailUrl":"https:\/\/jornalfatosenoticias.com.br\/wp-content\/uploads\/2021\/03\/solidao-brasileiro.jpg","keywords":["pandemia","solid\u00e3o","sozinho","triste","tristeza"],"articleSection":["Comportamento &amp; Equil\u00edbrio"],"inLanguage":"pt-BR","potentialAction":[{"@type":"CommentAction","name":"Comment","target":["https:\/\/jornalfatosenoticias.com.br\/index.php\/2021\/03\/11\/brasileiro-e-povo-que-mais-sente-solidao-na-pandemia-aponta-ranking\/#respond"]}]},{"@type":"WebPage","@id":"https:\/\/jornalfatosenoticias.com.br\/index.php\/2021\/03\/11\/brasileiro-e-povo-que-mais-sente-solidao-na-pandemia-aponta-ranking\/","url":"https:\/\/jornalfatosenoticias.com.br\/index.php\/2021\/03\/11\/brasileiro-e-povo-que-mais-sente-solidao-na-pandemia-aponta-ranking\/","name":"Brasileiro \u00e9 povo que mais sente solid\u00e3o na pandemia, aponta ranking - Jornal Fatos e Not\u00edcias","isPartOf":{"@id":"https:\/\/jornalfatosenoticias.com.br\/#website"},"primaryImageOfPage":{"@id":"https:\/\/jornalfatosenoticias.com.br\/index.php\/2021\/03\/11\/brasileiro-e-povo-que-mais-sente-solidao-na-pandemia-aponta-ranking\/#primaryimage"},"image":{"@id":"https:\/\/jornalfatosenoticias.com.br\/index.php\/2021\/03\/11\/brasileiro-e-povo-que-mais-sente-solidao-na-pandemia-aponta-ranking\/#primaryimage"},"thumbnailUrl":"https:\/\/jornalfatosenoticias.com.br\/wp-content\/uploads\/2021\/03\/solidao-brasileiro.jpg","datePublished":"2021-03-11T21:56:02+00:00","dateModified":"2021-03-11T21:56:08+00:00","breadcrumb":{"@id":"https:\/\/jornalfatosenoticias.com.br\/index.php\/2021\/03\/11\/brasileiro-e-povo-que-mais-sente-solidao-na-pandemia-aponta-ranking\/#breadcrumb"},"inLanguage":"pt-BR","potentialAction":[{"@type":"ReadAction","target":["https:\/\/jornalfatosenoticias.com.br\/index.php\/2021\/03\/11\/brasileiro-e-povo-que-mais-sente-solidao-na-pandemia-aponta-ranking\/"]}]},{"@type":"ImageObject","inLanguage":"pt-BR","@id":"https:\/\/jornalfatosenoticias.com.br\/index.php\/2021\/03\/11\/brasileiro-e-povo-que-mais-sente-solidao-na-pandemia-aponta-ranking\/#primaryimage","url":"https:\/\/jornalfatosenoticias.com.br\/wp-content\/uploads\/2021\/03\/solidao-brasileiro.jpg","contentUrl":"https:\/\/jornalfatosenoticias.com.br\/wp-content\/uploads\/2021\/03\/solidao-brasileiro.jpg","width":1000,"height":563},{"@type":"BreadcrumbList","@id":"https:\/\/jornalfatosenoticias.com.br\/index.php\/2021\/03\/11\/brasileiro-e-povo-que-mais-sente-solidao-na-pandemia-aponta-ranking\/#breadcrumb","itemListElement":[{"@type":"ListItem","position":1,"name":"In\u00edcio","item":"https:\/\/jornalfatosenoticias.com.br\/"},{"@type":"ListItem","position":2,"name":"Brasileiro \u00e9 povo que mais sente solid\u00e3o na pandemia, aponta ranking"}]},{"@type":"WebSite","@id":"https:\/\/jornalfatosenoticias.com.br\/#website","url":"https:\/\/jornalfatosenoticias.com.br\/","name":"Jornal Fatos e Not\u00edcias","description":"Not\u00edcias em geral","publisher":{"@id":"https:\/\/jornalfatosenoticias.com.br\/#organization"},"potentialAction":[{"@type":"SearchAction","target":{"@type":"EntryPoint","urlTemplate":"https:\/\/jornalfatosenoticias.com.br\/?s={search_term_string}"},"query-input":{"@type":"PropertyValueSpecification","valueRequired":true,"valueName":"search_term_string"}}],"inLanguage":"pt-BR"},{"@type":"Organization","@id":"https:\/\/jornalfatosenoticias.com.br\/#organization","name":"Jornal Fatos e Not\u00edcias","url":"https:\/\/jornalfatosenoticias.com.br\/","logo":{"@type":"ImageObject","inLanguage":"pt-BR","@id":"https:\/\/jornalfatosenoticias.com.br\/#\/schema\/logo\/image\/","url":"https:\/\/jornalfatosenoticias.com.br\/wp-content\/uploads\/2020\/02\/logo120.png","contentUrl":"https:\/\/jornalfatosenoticias.com.br\/wp-content\/uploads\/2020\/02\/logo120.png","width":1227,"height":120,"caption":"Jornal Fatos e Not\u00edcias"},"image":{"@id":"https:\/\/jornalfatosenoticias.com.br\/#\/schema\/logo\/image\/"}},{"@type":"Person","@id":"https:\/\/jornalfatosenoticias.com.br\/#\/schema\/person\/d63837fa13ac8666eb9e74e0985d6f81","name":"Luzimara Fernandes","image":{"@type":"ImageObject","inLanguage":"pt-BR","@id":"https:\/\/jornalfatosenoticias.com.br\/#\/schema\/person\/image\/","url":"https:\/\/jornalfatosenoticias.com.br\/wp-content\/uploads\/2025\/05\/EU_portal.jpg","contentUrl":"https:\/\/jornalfatosenoticias.com.br\/wp-content\/uploads\/2025\/05\/EU_portal.jpg","caption":"Luzimara Fernandes"},"description":"Jornalista MTB 2358-ES","sameAs":["https:\/\/jornalfatosenoticias.com.br"],"url":"https:\/\/jornalfatosenoticias.com.br\/index.php\/author\/luzimara\/"}]}},"cc_featured_image_caption":{"caption_text":"(Foto: Getty Images)","source_text":"","source_url":""},"jetpack_featured_media_url":"https:\/\/jornalfatosenoticias.com.br\/wp-content\/uploads\/2021\/03\/solidao-brasileiro.jpg","_links":{"self":[{"href":"https:\/\/jornalfatosenoticias.com.br\/index.php\/wp-json\/wp\/v2\/posts\/15741","targetHints":{"allow":["GET"]}}],"collection":[{"href":"https:\/\/jornalfatosenoticias.com.br\/index.php\/wp-json\/wp\/v2\/posts"}],"about":[{"href":"https:\/\/jornalfatosenoticias.com.br\/index.php\/wp-json\/wp\/v2\/types\/post"}],"author":[{"embeddable":true,"href":"https:\/\/jornalfatosenoticias.com.br\/index.php\/wp-json\/wp\/v2\/users\/2"}],"replies":[{"embeddable":true,"href":"https:\/\/jornalfatosenoticias.com.br\/index.php\/wp-json\/wp\/v2\/comments?post=15741"}],"version-history":[{"count":0,"href":"https:\/\/jornalfatosenoticias.com.br\/index.php\/wp-json\/wp\/v2\/posts\/15741\/revisions"}],"wp:featuredmedia":[{"embeddable":true,"href":"https:\/\/jornalfatosenoticias.com.br\/index.php\/wp-json\/wp\/v2\/media\/15742"}],"wp:attachment":[{"href":"https:\/\/jornalfatosenoticias.com.br\/index.php\/wp-json\/wp\/v2\/media?parent=15741"}],"wp:term":[{"taxonomy":"category","embeddable":true,"href":"https:\/\/jornalfatosenoticias.com.br\/index.php\/wp-json\/wp\/v2\/categories?post=15741"},{"taxonomy":"post_tag","embeddable":true,"href":"https:\/\/jornalfatosenoticias.com.br\/index.php\/wp-json\/wp\/v2\/tags?post=15741"}],"curies":[{"name":"wp","href":"https:\/\/api.w.org\/{rel}","templated":true}]}}