{"id":15788,"date":"2021-03-12T10:09:01","date_gmt":"2021-03-12T13:09:01","guid":{"rendered":"https:\/\/jornalfatosenoticias.com.br\/?p=15788"},"modified":"2021-03-12T10:09:05","modified_gmt":"2021-03-12T13:09:05","slug":"medicos-se-formam-incapazes-de-atender-pacientes-suicidas-aponta-estudo","status":"publish","type":"post","link":"https:\/\/jornalfatosenoticias.com.br\/index.php\/2021\/03\/12\/medicos-se-formam-incapazes-de-atender-pacientes-suicidas-aponta-estudo\/","title":{"rendered":"M\u00e9dicos se formam incapazes de atender pacientes suicidas, aponta estudo"},"content":{"rendered":"\n<p>Enquanto casos de suic\u00eddio crescem a cada ano no Brasil, um estudo publicado no in\u00edcio de 2021 pela Revista Brasileira de Educa\u00e7\u00e3o M\u00e9dica (RBEM) revelou que m\u00e9dicos est\u00e3o se formando incapazes de atender pacientes que pensam ou tentam cometer suic\u00eddio.<br>A pesquisa reflete a experi\u00eancia de pacientes como a estudante de Letras Bianca*, 23, que aos 18 tentou se suicidar. Internada em casa, ela encontrou seus rem\u00e9dios, que estavam escondidos, e os ingeriu de uma vez. Ao descobrir, sua m\u00e3e a levou para o hospital, mas a m\u00e9dica de plant\u00e3o a mandou de volta para casa e n\u00e3o lhe deu nenhuma orienta\u00e7\u00e3o al\u00e9m da receita para que tomasse imediatamente mais um tarja preta.<br>&#8220;Eu n\u00e3o conseguia andar. Estava dopada. Tiveram que me arrastar at\u00e9 o pronto atendimento, mas a m\u00e9dica falou que eu estava l\u00facida e n\u00e3o tinha motivo para ficar internada&#8221;, relembra a estudante. &#8220;Senti que n\u00e3o fui levada a s\u00e9rio. Era como se aquilo n\u00e3o fosse motivo suficiente para ter ido ao hospital&#8221;.<br>Ao conversar com sua psiquiatra no dia seguinte, Bianca descobriu que a falta de sensibilidade da plantonista n\u00e3o era sentimentalismo de sua parte. Um m\u00eas depois, ela ainda foi diagnosticada com hepatite medicamentosa, o que poderia ter sido evitado se o atendimento tivesse sido adequado, segundo sua nutr\u00f3loga. &#8220;O certo era fazer uma lavagem estomacal e, se n\u00e3o desse mais tempo, eu devia ao menos ter ficado em observa\u00e7\u00e3o&#8221;, diz.<\/p>\n\n\n\n<h4 class=\"wp-block-heading\">Falha na forma\u00e7\u00e3o m\u00e9dica<\/h4>\n\n\n\n<p>A hist\u00f3ria de Bianca n\u00e3o \u00e9 \u00fanica. Entre 188 estudantes de medicina do 1\u00ba ao 6\u00ba ano que participaram da pesquisa publicada na RBEM, somente um deles, o equivalente a 0,5%, declarou ter plena capacidade t\u00e9cnica para atender um paciente com idea\u00e7\u00e3o suicida. Como o question\u00e1rio permitia ainda respostas com concord\u00e2ncia ou discord\u00e2ncia parciais, 16% afirmaram ter habilidades limitadas para a tarefa, enquanto os incapacitados somaram 72,8%, e os que se consideraram neutros, 11,2%.<br>O estudo apontou ainda que somente 8,5% dos alunos s\u00e3o plenamente capazes de identificar e classificar comportamentos de risco suicida e 4,3% sabem realizar corretamente a notifica\u00e7\u00e3o de tentativa ou concretiza\u00e7\u00e3o de suic\u00eddio, que \u00e9 obrigat\u00f3ria e deve ser encaminhada pelo m\u00e9dico aos \u00f3rg\u00e3os competentes em at\u00e9 24 horas ap\u00f3s o atendimento.<br>A pesquisa foi conduzida entre alunos da Universidade do Estado do Par\u00e1 (Uepa). Ela tem limita\u00e7\u00f5es estat\u00edsticas devido \u00e0 restri\u00e7\u00e3o geogr\u00e1fica, mas acende um alerta sobre uma falha na forma\u00e7\u00e3o m\u00e9dica, de acordo com o psiquiatra Salom\u00e3o Rodrigues Filho, do Conselho Federal de Medicina (CFM). A institui\u00e7\u00e3o se posiciona contra a abertura de novas escolas de medicina.<br>&#8220;O m\u00e9dico est\u00e1 cada vez mais despreparado. Com o aumento indiscriminado de novas faculdades de medicina e turmas imensas, cada vez temos mais dificuldade em preparar o aluno para estar atento \u00e0 sa\u00fade mental. Al\u00e9m disso, tanto no sistema p\u00fablico quanto privado de sa\u00fade, o m\u00e9dico n\u00e3o tem tempo para ouvir o paciente. Ele quer chegar logo ao diagn\u00f3stico para fazer a prescri\u00e7\u00e3o de medicamento ou pedir exame e mandar o paciente retornar depois&#8221;, diz o conselheiro.<\/p>\n\n\n\n<figure class=\"wp-block-image size-large\"><img loading=\"lazy\" decoding=\"async\" width=\"1000\" height=\"669\" src=\"https:\/\/jornalfatosenoticias.com.br\/wp-content\/uploads\/2021\/03\/confianca-medico-paciente-conhecimento-medicina.jpg\" alt=\"\" class=\"wp-image-15789\" srcset=\"https:\/\/jornalfatosenoticias.com.br\/wp-content\/uploads\/2021\/03\/confianca-medico-paciente-conhecimento-medicina.jpg 1000w, https:\/\/jornalfatosenoticias.com.br\/wp-content\/uploads\/2021\/03\/confianca-medico-paciente-conhecimento-medicina-300x201.jpg 300w, https:\/\/jornalfatosenoticias.com.br\/wp-content\/uploads\/2021\/03\/confianca-medico-paciente-conhecimento-medicina-768x514.jpg 768w\" sizes=\"auto, (max-width: 1000px) 100vw, 1000px\" \/><figcaption><em>(Foto: Freepik)<\/em><\/figcaption><\/figure>\n\n\n\n<p>Segundo levantamento do CFM a partir de dados do Cadastro Nacional das Entidades de Sa\u00fade (CNES), 77% das cidades brasileiras com faculdades de medicina n\u00e3o possuem leitos suficientes para o ensino pr\u00e1tico dos alunos. A regi\u00e3o mais deficit\u00e1ria \u00e9 o Norte, onde, entre 32 escolas de medicina, somente uma est\u00e1 localizada em um munic\u00edpio com preparo para uma boa forma\u00e7\u00e3o. A regi\u00e3o com melhor desempenho no levantamento \u00e9 o Centro-Oeste, com 31,3% dos cursos localizados em munic\u00edpios adequados.<br>&#8220;O m\u00e9dico generalista precisa ser capaz de rastrear suic\u00eddio no pronto atendimento. N\u00e3o \u00e9 porque tenho um paciente aparentemente muito mais grave para ver em seguida que vou abreviar a entrevista com o outro&#8221;, explica o conselheiro. &#8220;N\u00e3o sou contra abertura de boas faculdades de medicina, mas de faculdades p\u00e9ssimas, que colocam no mercado profissionais incapazes&#8221;.<br>Uma das autoras do estudo, a estudante L\u00edvia Limonge, que cursa o 6\u00ba ano de medicina na Uepa, afirma que os resultados da pesquisa n\u00e3o surpreenderam, mas serviram de provoca\u00e7\u00e3o para que seus colegas abram os olhos para o suic\u00eddio, que \u00e9 a segunda principal causa de mortes entre jovens de 15 a 29 anos no mundo, segundo a Organiza\u00e7\u00e3o Mundial da Sa\u00fade (OMS).<br>&#8220;A grade curricular de medicina prev\u00ea que a gente discuta suic\u00eddio e sa\u00fade mental como um todo, mas isso n\u00e3o est\u00e1 necessariamente sendo cumprido. Suic\u00eddio ainda \u00e9 um tabu mesmo entre m\u00e9dicos. Como \u00e9 poss\u00edvel aprimorar a forma\u00e7\u00e3o, se o assunto n\u00e3o \u00e9 discutido? Vi minha forma\u00e7\u00e3o refletida nos resultados desta pesquisa&#8221;, diz Limonge.<br>No Brasil, em 2019, 13.520 pessoas se suicidaram, uma alta de 6,18% ante os casos de 2018. No acumulado da d\u00e9cada, o aumento foi de 44,22%, segundo o Minist\u00e9rio da Sa\u00fade. Os dados de 2020 ainda n\u00e3o foram divulgados pela pasta, mas especialistas apontam chance de aumento, tal qual ocorreu em pa\u00edses como Jap\u00e3o, devido \u00e0 instabilidade emocional provocada pela pandemia de covid-19.<\/p>\n\n\n\n<p><em>*O nome foi alterado a pedido da entrevistada<\/em><\/p>\n\n\n\n<p><strong><em>Fonte: <a href=\"https:\/\/www.uol.com.br\/vivabem\/noticias\/redacao\/2021\/03\/06\/medicos-se-formam-incapazes-de-atender-pacientes-suicidas-aponta-estudo.htm\">UOL<\/a><\/em><\/strong><\/p>\n","protected":false},"excerpt":{"rendered":"<p>Enquanto casos de suic\u00eddio crescem a cada ano no Brasil, um estudo publicado no in\u00edcio de 2021 pela Revista Brasileira de Educa\u00e7\u00e3o M\u00e9dica (RBEM) revelou que m\u00e9dicos est\u00e3o se formando incapazes de atender pacientes que pensam ou tentam cometer suic\u00eddio.A pesquisa reflete a experi\u00eancia de pacientes como a estudante de Letras Bianca*, 23, que aos [&hellip;]<\/p>\n","protected":false},"author":2,"featured_media":15790,"comment_status":"open","ping_status":"open","sticky":false,"template":"","format":"standard","meta":{"footnotes":""},"categories":[11],"tags":[714,8016,8018,8017,2148,691],"class_list":["post-15788","post","type-post","status-publish","format-standard","has-post-thumbnail","hentry","category-saude","tag-estudo","tag-formacao-medicos","tag-hospital","tag-incapazes","tag-medicina","tag-suicidas"],"yoast_head":"<!-- This site is optimized with the Yoast SEO plugin v26.5 - https:\/\/yoast.com\/wordpress\/plugins\/seo\/ -->\n<title>M\u00e9dicos se formam incapazes de atender pacientes suicidas, aponta estudo - Jornal Fatos e Not\u00edcias<\/title>\n<meta name=\"robots\" content=\"index, follow, max-snippet:-1, max-image-preview:large, max-video-preview:-1\" \/>\n<link rel=\"canonical\" href=\"https:\/\/jornalfatosenoticias.com.br\/index.php\/2021\/03\/12\/medicos-se-formam-incapazes-de-atender-pacientes-suicidas-aponta-estudo\/\" \/>\n<meta property=\"og:locale\" content=\"pt_BR\" \/>\n<meta property=\"og:type\" content=\"article\" \/>\n<meta property=\"og:title\" content=\"M\u00e9dicos se formam incapazes de atender pacientes suicidas, aponta estudo - Jornal Fatos e Not\u00edcias\" \/>\n<meta property=\"og:description\" content=\"Enquanto casos de suic\u00eddio crescem a cada ano no Brasil, um estudo publicado no in\u00edcio de 2021 pela Revista Brasileira de Educa\u00e7\u00e3o M\u00e9dica (RBEM) revelou que m\u00e9dicos est\u00e3o se formando incapazes de atender pacientes que pensam ou tentam cometer suic\u00eddio.A pesquisa reflete a experi\u00eancia de pacientes como a estudante de Letras Bianca*, 23, que aos [&hellip;]\" \/>\n<meta property=\"og:url\" content=\"https:\/\/jornalfatosenoticias.com.br\/index.php\/2021\/03\/12\/medicos-se-formam-incapazes-de-atender-pacientes-suicidas-aponta-estudo\/\" \/>\n<meta property=\"og:site_name\" content=\"Jornal Fatos e Not\u00edcias\" \/>\n<meta property=\"article:published_time\" content=\"2021-03-12T13:09:01+00:00\" \/>\n<meta property=\"article:modified_time\" content=\"2021-03-12T13:09:05+00:00\" \/>\n<meta property=\"og:image\" content=\"https:\/\/jornalfatosenoticias.com.br\/wp-content\/uploads\/2021\/03\/MEDICOS-SE-FORMAM-SEM-CONHECIMENTO.jpg\" \/>\n\t<meta property=\"og:image:width\" content=\"1000\" \/>\n\t<meta property=\"og:image:height\" content=\"667\" \/>\n\t<meta property=\"og:image:type\" content=\"image\/jpeg\" \/>\n<meta name=\"author\" content=\"Luzimara Fernandes\" \/>\n<meta name=\"twitter:card\" content=\"summary_large_image\" \/>\n<meta name=\"twitter:label1\" content=\"Escrito por\" \/>\n\t<meta name=\"twitter:data1\" content=\"Luzimara Fernandes\" \/>\n\t<meta name=\"twitter:label2\" content=\"Est. tempo de leitura\" \/>\n\t<meta name=\"twitter:data2\" content=\"4 minutos\" \/>\n<script type=\"application\/ld+json\" class=\"yoast-schema-graph\">{\"@context\":\"https:\/\/schema.org\",\"@graph\":[{\"@type\":\"Article\",\"@id\":\"https:\/\/jornalfatosenoticias.com.br\/index.php\/2021\/03\/12\/medicos-se-formam-incapazes-de-atender-pacientes-suicidas-aponta-estudo\/#article\",\"isPartOf\":{\"@id\":\"https:\/\/jornalfatosenoticias.com.br\/index.php\/2021\/03\/12\/medicos-se-formam-incapazes-de-atender-pacientes-suicidas-aponta-estudo\/\"},\"author\":{\"name\":\"Luzimara Fernandes\",\"@id\":\"https:\/\/jornalfatosenoticias.com.br\/#\/schema\/person\/d63837fa13ac8666eb9e74e0985d6f81\"},\"headline\":\"M\u00e9dicos se formam incapazes de atender pacientes suicidas, aponta estudo\",\"datePublished\":\"2021-03-12T13:09:01+00:00\",\"dateModified\":\"2021-03-12T13:09:05+00:00\",\"mainEntityOfPage\":{\"@id\":\"https:\/\/jornalfatosenoticias.com.br\/index.php\/2021\/03\/12\/medicos-se-formam-incapazes-de-atender-pacientes-suicidas-aponta-estudo\/\"},\"wordCount\":896,\"commentCount\":0,\"publisher\":{\"@id\":\"https:\/\/jornalfatosenoticias.com.br\/#organization\"},\"image\":{\"@id\":\"https:\/\/jornalfatosenoticias.com.br\/index.php\/2021\/03\/12\/medicos-se-formam-incapazes-de-atender-pacientes-suicidas-aponta-estudo\/#primaryimage\"},\"thumbnailUrl\":\"https:\/\/jornalfatosenoticias.com.br\/wp-content\/uploads\/2021\/03\/MEDICOS-SE-FORMAM-SEM-CONHECIMENTO.jpg\",\"keywords\":[\"Estudo\",\"forma\u00e7\u00e3o m\u00e9dicos\",\"hospital\",\"incapazes\",\"medicina\",\"suicidas\"],\"articleSection\":[\"Sa\u00fade\"],\"inLanguage\":\"pt-BR\",\"potentialAction\":[{\"@type\":\"CommentAction\",\"name\":\"Comment\",\"target\":[\"https:\/\/jornalfatosenoticias.com.br\/index.php\/2021\/03\/12\/medicos-se-formam-incapazes-de-atender-pacientes-suicidas-aponta-estudo\/#respond\"]}]},{\"@type\":\"WebPage\",\"@id\":\"https:\/\/jornalfatosenoticias.com.br\/index.php\/2021\/03\/12\/medicos-se-formam-incapazes-de-atender-pacientes-suicidas-aponta-estudo\/\",\"url\":\"https:\/\/jornalfatosenoticias.com.br\/index.php\/2021\/03\/12\/medicos-se-formam-incapazes-de-atender-pacientes-suicidas-aponta-estudo\/\",\"name\":\"M\u00e9dicos se formam incapazes de atender pacientes suicidas, aponta estudo - Jornal Fatos e Not\u00edcias\",\"isPartOf\":{\"@id\":\"https:\/\/jornalfatosenoticias.com.br\/#website\"},\"primaryImageOfPage\":{\"@id\":\"https:\/\/jornalfatosenoticias.com.br\/index.php\/2021\/03\/12\/medicos-se-formam-incapazes-de-atender-pacientes-suicidas-aponta-estudo\/#primaryimage\"},\"image\":{\"@id\":\"https:\/\/jornalfatosenoticias.com.br\/index.php\/2021\/03\/12\/medicos-se-formam-incapazes-de-atender-pacientes-suicidas-aponta-estudo\/#primaryimage\"},\"thumbnailUrl\":\"https:\/\/jornalfatosenoticias.com.br\/wp-content\/uploads\/2021\/03\/MEDICOS-SE-FORMAM-SEM-CONHECIMENTO.jpg\",\"datePublished\":\"2021-03-12T13:09:01+00:00\",\"dateModified\":\"2021-03-12T13:09:05+00:00\",\"breadcrumb\":{\"@id\":\"https:\/\/jornalfatosenoticias.com.br\/index.php\/2021\/03\/12\/medicos-se-formam-incapazes-de-atender-pacientes-suicidas-aponta-estudo\/#breadcrumb\"},\"inLanguage\":\"pt-BR\",\"potentialAction\":[{\"@type\":\"ReadAction\",\"target\":[\"https:\/\/jornalfatosenoticias.com.br\/index.php\/2021\/03\/12\/medicos-se-formam-incapazes-de-atender-pacientes-suicidas-aponta-estudo\/\"]}]},{\"@type\":\"ImageObject\",\"inLanguage\":\"pt-BR\",\"@id\":\"https:\/\/jornalfatosenoticias.com.br\/index.php\/2021\/03\/12\/medicos-se-formam-incapazes-de-atender-pacientes-suicidas-aponta-estudo\/#primaryimage\",\"url\":\"https:\/\/jornalfatosenoticias.com.br\/wp-content\/uploads\/2021\/03\/MEDICOS-SE-FORMAM-SEM-CONHECIMENTO.jpg\",\"contentUrl\":\"https:\/\/jornalfatosenoticias.com.br\/wp-content\/uploads\/2021\/03\/MEDICOS-SE-FORMAM-SEM-CONHECIMENTO.jpg\",\"width\":1000,\"height\":667},{\"@type\":\"BreadcrumbList\",\"@id\":\"https:\/\/jornalfatosenoticias.com.br\/index.php\/2021\/03\/12\/medicos-se-formam-incapazes-de-atender-pacientes-suicidas-aponta-estudo\/#breadcrumb\",\"itemListElement\":[{\"@type\":\"ListItem\",\"position\":1,\"name\":\"In\u00edcio\",\"item\":\"https:\/\/jornalfatosenoticias.com.br\/\"},{\"@type\":\"ListItem\",\"position\":2,\"name\":\"M\u00e9dicos se formam incapazes de atender pacientes suicidas, aponta estudo\"}]},{\"@type\":\"WebSite\",\"@id\":\"https:\/\/jornalfatosenoticias.com.br\/#website\",\"url\":\"https:\/\/jornalfatosenoticias.com.br\/\",\"name\":\"Jornal Fatos e Not\u00edcias\",\"description\":\"Not\u00edcias em geral\",\"publisher\":{\"@id\":\"https:\/\/jornalfatosenoticias.com.br\/#organization\"},\"potentialAction\":[{\"@type\":\"SearchAction\",\"target\":{\"@type\":\"EntryPoint\",\"urlTemplate\":\"https:\/\/jornalfatosenoticias.com.br\/?s={search_term_string}\"},\"query-input\":{\"@type\":\"PropertyValueSpecification\",\"valueRequired\":true,\"valueName\":\"search_term_string\"}}],\"inLanguage\":\"pt-BR\"},{\"@type\":\"Organization\",\"@id\":\"https:\/\/jornalfatosenoticias.com.br\/#organization\",\"name\":\"Jornal Fatos e Not\u00edcias\",\"url\":\"https:\/\/jornalfatosenoticias.com.br\/\",\"logo\":{\"@type\":\"ImageObject\",\"inLanguage\":\"pt-BR\",\"@id\":\"https:\/\/jornalfatosenoticias.com.br\/#\/schema\/logo\/image\/\",\"url\":\"https:\/\/jornalfatosenoticias.com.br\/wp-content\/uploads\/2020\/02\/logo120.png\",\"contentUrl\":\"https:\/\/jornalfatosenoticias.com.br\/wp-content\/uploads\/2020\/02\/logo120.png\",\"width\":1227,\"height\":120,\"caption\":\"Jornal Fatos e Not\u00edcias\"},\"image\":{\"@id\":\"https:\/\/jornalfatosenoticias.com.br\/#\/schema\/logo\/image\/\"}},{\"@type\":\"Person\",\"@id\":\"https:\/\/jornalfatosenoticias.com.br\/#\/schema\/person\/d63837fa13ac8666eb9e74e0985d6f81\",\"name\":\"Luzimara Fernandes\",\"image\":{\"@type\":\"ImageObject\",\"inLanguage\":\"pt-BR\",\"@id\":\"https:\/\/jornalfatosenoticias.com.br\/#\/schema\/person\/image\/\",\"url\":\"https:\/\/jornalfatosenoticias.com.br\/wp-content\/uploads\/2025\/05\/EU_portal.jpg\",\"contentUrl\":\"https:\/\/jornalfatosenoticias.com.br\/wp-content\/uploads\/2025\/05\/EU_portal.jpg\",\"caption\":\"Luzimara Fernandes\"},\"description\":\"Jornalista MTB 2358-ES\",\"sameAs\":[\"https:\/\/jornalfatosenoticias.com.br\"],\"url\":\"https:\/\/jornalfatosenoticias.com.br\/index.php\/author\/luzimara\/\"}]}<\/script>\n<!-- \/ Yoast SEO plugin. -->","yoast_head_json":{"title":"M\u00e9dicos se formam incapazes de atender pacientes suicidas, aponta estudo - Jornal Fatos e Not\u00edcias","robots":{"index":"index","follow":"follow","max-snippet":"max-snippet:-1","max-image-preview":"max-image-preview:large","max-video-preview":"max-video-preview:-1"},"canonical":"https:\/\/jornalfatosenoticias.com.br\/index.php\/2021\/03\/12\/medicos-se-formam-incapazes-de-atender-pacientes-suicidas-aponta-estudo\/","og_locale":"pt_BR","og_type":"article","og_title":"M\u00e9dicos se formam incapazes de atender pacientes suicidas, aponta estudo - Jornal Fatos e Not\u00edcias","og_description":"Enquanto casos de suic\u00eddio crescem a cada ano no Brasil, um estudo publicado no in\u00edcio de 2021 pela Revista Brasileira de Educa\u00e7\u00e3o M\u00e9dica (RBEM) revelou que m\u00e9dicos est\u00e3o se formando incapazes de atender pacientes que pensam ou tentam cometer suic\u00eddio.A pesquisa reflete a experi\u00eancia de pacientes como a estudante de Letras Bianca*, 23, que aos [&hellip;]","og_url":"https:\/\/jornalfatosenoticias.com.br\/index.php\/2021\/03\/12\/medicos-se-formam-incapazes-de-atender-pacientes-suicidas-aponta-estudo\/","og_site_name":"Jornal Fatos e Not\u00edcias","article_published_time":"2021-03-12T13:09:01+00:00","article_modified_time":"2021-03-12T13:09:05+00:00","og_image":[{"width":1000,"height":667,"url":"https:\/\/jornalfatosenoticias.com.br\/wp-content\/uploads\/2021\/03\/MEDICOS-SE-FORMAM-SEM-CONHECIMENTO.jpg","type":"image\/jpeg"}],"author":"Luzimara Fernandes","twitter_card":"summary_large_image","twitter_misc":{"Escrito por":"Luzimara Fernandes","Est. tempo de leitura":"4 minutos"},"schema":{"@context":"https:\/\/schema.org","@graph":[{"@type":"Article","@id":"https:\/\/jornalfatosenoticias.com.br\/index.php\/2021\/03\/12\/medicos-se-formam-incapazes-de-atender-pacientes-suicidas-aponta-estudo\/#article","isPartOf":{"@id":"https:\/\/jornalfatosenoticias.com.br\/index.php\/2021\/03\/12\/medicos-se-formam-incapazes-de-atender-pacientes-suicidas-aponta-estudo\/"},"author":{"name":"Luzimara Fernandes","@id":"https:\/\/jornalfatosenoticias.com.br\/#\/schema\/person\/d63837fa13ac8666eb9e74e0985d6f81"},"headline":"M\u00e9dicos se formam incapazes de atender pacientes suicidas, aponta estudo","datePublished":"2021-03-12T13:09:01+00:00","dateModified":"2021-03-12T13:09:05+00:00","mainEntityOfPage":{"@id":"https:\/\/jornalfatosenoticias.com.br\/index.php\/2021\/03\/12\/medicos-se-formam-incapazes-de-atender-pacientes-suicidas-aponta-estudo\/"},"wordCount":896,"commentCount":0,"publisher":{"@id":"https:\/\/jornalfatosenoticias.com.br\/#organization"},"image":{"@id":"https:\/\/jornalfatosenoticias.com.br\/index.php\/2021\/03\/12\/medicos-se-formam-incapazes-de-atender-pacientes-suicidas-aponta-estudo\/#primaryimage"},"thumbnailUrl":"https:\/\/jornalfatosenoticias.com.br\/wp-content\/uploads\/2021\/03\/MEDICOS-SE-FORMAM-SEM-CONHECIMENTO.jpg","keywords":["Estudo","forma\u00e7\u00e3o m\u00e9dicos","hospital","incapazes","medicina","suicidas"],"articleSection":["Sa\u00fade"],"inLanguage":"pt-BR","potentialAction":[{"@type":"CommentAction","name":"Comment","target":["https:\/\/jornalfatosenoticias.com.br\/index.php\/2021\/03\/12\/medicos-se-formam-incapazes-de-atender-pacientes-suicidas-aponta-estudo\/#respond"]}]},{"@type":"WebPage","@id":"https:\/\/jornalfatosenoticias.com.br\/index.php\/2021\/03\/12\/medicos-se-formam-incapazes-de-atender-pacientes-suicidas-aponta-estudo\/","url":"https:\/\/jornalfatosenoticias.com.br\/index.php\/2021\/03\/12\/medicos-se-formam-incapazes-de-atender-pacientes-suicidas-aponta-estudo\/","name":"M\u00e9dicos se formam incapazes de atender pacientes suicidas, aponta estudo - Jornal Fatos e Not\u00edcias","isPartOf":{"@id":"https:\/\/jornalfatosenoticias.com.br\/#website"},"primaryImageOfPage":{"@id":"https:\/\/jornalfatosenoticias.com.br\/index.php\/2021\/03\/12\/medicos-se-formam-incapazes-de-atender-pacientes-suicidas-aponta-estudo\/#primaryimage"},"image":{"@id":"https:\/\/jornalfatosenoticias.com.br\/index.php\/2021\/03\/12\/medicos-se-formam-incapazes-de-atender-pacientes-suicidas-aponta-estudo\/#primaryimage"},"thumbnailUrl":"https:\/\/jornalfatosenoticias.com.br\/wp-content\/uploads\/2021\/03\/MEDICOS-SE-FORMAM-SEM-CONHECIMENTO.jpg","datePublished":"2021-03-12T13:09:01+00:00","dateModified":"2021-03-12T13:09:05+00:00","breadcrumb":{"@id":"https:\/\/jornalfatosenoticias.com.br\/index.php\/2021\/03\/12\/medicos-se-formam-incapazes-de-atender-pacientes-suicidas-aponta-estudo\/#breadcrumb"},"inLanguage":"pt-BR","potentialAction":[{"@type":"ReadAction","target":["https:\/\/jornalfatosenoticias.com.br\/index.php\/2021\/03\/12\/medicos-se-formam-incapazes-de-atender-pacientes-suicidas-aponta-estudo\/"]}]},{"@type":"ImageObject","inLanguage":"pt-BR","@id":"https:\/\/jornalfatosenoticias.com.br\/index.php\/2021\/03\/12\/medicos-se-formam-incapazes-de-atender-pacientes-suicidas-aponta-estudo\/#primaryimage","url":"https:\/\/jornalfatosenoticias.com.br\/wp-content\/uploads\/2021\/03\/MEDICOS-SE-FORMAM-SEM-CONHECIMENTO.jpg","contentUrl":"https:\/\/jornalfatosenoticias.com.br\/wp-content\/uploads\/2021\/03\/MEDICOS-SE-FORMAM-SEM-CONHECIMENTO.jpg","width":1000,"height":667},{"@type":"BreadcrumbList","@id":"https:\/\/jornalfatosenoticias.com.br\/index.php\/2021\/03\/12\/medicos-se-formam-incapazes-de-atender-pacientes-suicidas-aponta-estudo\/#breadcrumb","itemListElement":[{"@type":"ListItem","position":1,"name":"In\u00edcio","item":"https:\/\/jornalfatosenoticias.com.br\/"},{"@type":"ListItem","position":2,"name":"M\u00e9dicos se formam incapazes de atender pacientes suicidas, aponta estudo"}]},{"@type":"WebSite","@id":"https:\/\/jornalfatosenoticias.com.br\/#website","url":"https:\/\/jornalfatosenoticias.com.br\/","name":"Jornal Fatos e Not\u00edcias","description":"Not\u00edcias em geral","publisher":{"@id":"https:\/\/jornalfatosenoticias.com.br\/#organization"},"potentialAction":[{"@type":"SearchAction","target":{"@type":"EntryPoint","urlTemplate":"https:\/\/jornalfatosenoticias.com.br\/?s={search_term_string}"},"query-input":{"@type":"PropertyValueSpecification","valueRequired":true,"valueName":"search_term_string"}}],"inLanguage":"pt-BR"},{"@type":"Organization","@id":"https:\/\/jornalfatosenoticias.com.br\/#organization","name":"Jornal Fatos e Not\u00edcias","url":"https:\/\/jornalfatosenoticias.com.br\/","logo":{"@type":"ImageObject","inLanguage":"pt-BR","@id":"https:\/\/jornalfatosenoticias.com.br\/#\/schema\/logo\/image\/","url":"https:\/\/jornalfatosenoticias.com.br\/wp-content\/uploads\/2020\/02\/logo120.png","contentUrl":"https:\/\/jornalfatosenoticias.com.br\/wp-content\/uploads\/2020\/02\/logo120.png","width":1227,"height":120,"caption":"Jornal Fatos e Not\u00edcias"},"image":{"@id":"https:\/\/jornalfatosenoticias.com.br\/#\/schema\/logo\/image\/"}},{"@type":"Person","@id":"https:\/\/jornalfatosenoticias.com.br\/#\/schema\/person\/d63837fa13ac8666eb9e74e0985d6f81","name":"Luzimara Fernandes","image":{"@type":"ImageObject","inLanguage":"pt-BR","@id":"https:\/\/jornalfatosenoticias.com.br\/#\/schema\/person\/image\/","url":"https:\/\/jornalfatosenoticias.com.br\/wp-content\/uploads\/2025\/05\/EU_portal.jpg","contentUrl":"https:\/\/jornalfatosenoticias.com.br\/wp-content\/uploads\/2025\/05\/EU_portal.jpg","caption":"Luzimara Fernandes"},"description":"Jornalista MTB 2358-ES","sameAs":["https:\/\/jornalfatosenoticias.com.br"],"url":"https:\/\/jornalfatosenoticias.com.br\/index.php\/author\/luzimara\/"}]}},"cc_featured_image_caption":{"caption_text":"(Foto: iStock) ","source_text":"","source_url":""},"jetpack_featured_media_url":"https:\/\/jornalfatosenoticias.com.br\/wp-content\/uploads\/2021\/03\/MEDICOS-SE-FORMAM-SEM-CONHECIMENTO.jpg","_links":{"self":[{"href":"https:\/\/jornalfatosenoticias.com.br\/index.php\/wp-json\/wp\/v2\/posts\/15788","targetHints":{"allow":["GET"]}}],"collection":[{"href":"https:\/\/jornalfatosenoticias.com.br\/index.php\/wp-json\/wp\/v2\/posts"}],"about":[{"href":"https:\/\/jornalfatosenoticias.com.br\/index.php\/wp-json\/wp\/v2\/types\/post"}],"author":[{"embeddable":true,"href":"https:\/\/jornalfatosenoticias.com.br\/index.php\/wp-json\/wp\/v2\/users\/2"}],"replies":[{"embeddable":true,"href":"https:\/\/jornalfatosenoticias.com.br\/index.php\/wp-json\/wp\/v2\/comments?post=15788"}],"version-history":[{"count":0,"href":"https:\/\/jornalfatosenoticias.com.br\/index.php\/wp-json\/wp\/v2\/posts\/15788\/revisions"}],"wp:featuredmedia":[{"embeddable":true,"href":"https:\/\/jornalfatosenoticias.com.br\/index.php\/wp-json\/wp\/v2\/media\/15790"}],"wp:attachment":[{"href":"https:\/\/jornalfatosenoticias.com.br\/index.php\/wp-json\/wp\/v2\/media?parent=15788"}],"wp:term":[{"taxonomy":"category","embeddable":true,"href":"https:\/\/jornalfatosenoticias.com.br\/index.php\/wp-json\/wp\/v2\/categories?post=15788"},{"taxonomy":"post_tag","embeddable":true,"href":"https:\/\/jornalfatosenoticias.com.br\/index.php\/wp-json\/wp\/v2\/tags?post=15788"}],"curies":[{"name":"wp","href":"https:\/\/api.w.org\/{rel}","templated":true}]}}