{"id":15805,"date":"2021-03-12T10:34:26","date_gmt":"2021-03-12T13:34:26","guid":{"rendered":"https:\/\/jornalfatosenoticias.com.br\/?p=15805"},"modified":"2021-03-12T10:34:27","modified_gmt":"2021-03-12T13:34:27","slug":"homem-paralitico-limpa-plasticos-de-rio-na-india","status":"publish","type":"post","link":"https:\/\/jornalfatosenoticias.com.br\/index.php\/2021\/03\/12\/homem-paralitico-limpa-plasticos-de-rio-na-india\/","title":{"rendered":"Homem paral\u00edtico limpa pl\u00e1sticos de rio na \u00cdndia"},"content":{"rendered":"\n<h6 class=\"wp-block-heading\"><em>Para ele, salvar o lago \u00e9 tudo o que realmente importa<\/em><\/h6>\n\n\n\n<p>V\u00edtima de poliomielite na inf\u00e2ncia, o senhor N. S. Rajappan, hoje com 69 anos, coleta pl\u00e1sticos do rio Meenachil, em Kerala, na \u00cdndia. A labuta di\u00e1ria foi flagrada pelo fot\u00f3grafo Nandu Ks, que captou uma imagem, postou-a no Facebook e n\u00e3o deu outra: viralizou.<br>A foto, tirada do alto de uma ponte, mostra o velhinho l\u00e1 embaixo dentro de seu barco repleto de garrafas pl\u00e1sticas. O barco, que \u00e9 alugado, mesmo cheio de res\u00edduos, rende pouco financeiramente. Mas, o senhor assumiu o trabalho de forma volunt\u00e1ria, uma vez que sua condi\u00e7\u00e3o nunca lhe permitiu ter um trabalho formal. Nos \u00faltimos cinco anos, ele sai cedo de casa, todos os dias, para sua miss\u00e3o.<\/p>\n\n\n\n<blockquote class=\"wp-block-quote is-layout-flow wp-block-quote-is-layout-flow\"><p>\u201cFa\u00e7o isso porque o m\u00ednimo que estou fazendo \u00e9 salvar o lago e, para mim, isso \u00e9 tudo o que realmente importa\u201d, afirmou.<\/p><\/blockquote>\n\n\n\n<div class=\"wp-block-image\"><figure class=\"alignleft size-large is-resized\"><img loading=\"lazy\" decoding=\"async\" src=\"https:\/\/jornalfatosenoticias.com.br\/wp-content\/uploads\/2021\/03\/homem-paralitico_india2.jpg\" alt=\"\" class=\"wp-image-15806\" width=\"370\" height=\"207\"\/><figcaption><em>Rajappan (Foto: Nandu Ks)<\/em><\/figcaption><\/figure><\/div>\n\n\n\n<p>Ao postar essa hist\u00f3ria junto \u00e0 foto, os internautas come\u00e7aram a compartilhar a postagem, chegando inclusive em pessoas de maior relev\u00e2ncia, como o chefe do Programa Ambiental da ONU, Erik Solheim, que disse: \u201cVamos tornar esse cara famoso\u201d. At\u00e9 mesmo o primeiro-ministro da \u00cdndia, Narendra Modi, elogiou Rajappan durante seu discurso mensal no r\u00e1dio. \u201cDevemos tamb\u00e9m nos inspirar nele e contribuir para a limpeza tanto quanto poss\u00edvel\u201d, afirmou.<br>Quando a hist\u00f3ria viralizou, indianos passaram a entrar em contato para ajudar o senhor. Um empres\u00e1rio local deu a ele uma nova lancha, enquanto uma empresa com sede em Bangalore o presenteou com uma cadeira de rodas motorizada para servi\u00e7o pesado. H\u00e1 ainda a inten\u00e7\u00e3o de construir uma pequena casa para substituir a cabana \u00e0 beira do rio de Rajappan, que foi danificada por uma tempestade.<br>\u201cCom o apoio de milhares de pessoas, tanto financeira quanto moralmente, pude ver sua vida mudando\u201d, disse Nandu. Formado em engenharia, o agora fot\u00f3grafo est\u00e1 maravilhado, pois descobriu a import\u00e2ncia da fotografia para contar boas hist\u00f3rias. Ele afirma que sempre se perguntou como seria seguir sua paix\u00e3o e agora sabe o que significa ser um fot\u00f3grafo.<\/p>\n\n\n\n<figure class=\"wp-block-image size-large\"><img loading=\"lazy\" decoding=\"async\" width=\"1000\" height=\"670\" src=\"https:\/\/jornalfatosenoticias.com.br\/wp-content\/uploads\/2021\/03\/Rajappan-foto.jpg\" alt=\"\" class=\"wp-image-15807\" srcset=\"https:\/\/jornalfatosenoticias.com.br\/wp-content\/uploads\/2021\/03\/Rajappan-foto.jpg 1000w, https:\/\/jornalfatosenoticias.com.br\/wp-content\/uploads\/2021\/03\/Rajappan-foto-300x201.jpg 300w, https:\/\/jornalfatosenoticias.com.br\/wp-content\/uploads\/2021\/03\/Rajappan-foto-768x515.jpg 768w\" sizes=\"auto, (max-width: 1000px) 100vw, 1000px\" \/><figcaption><em>Rajappan e o fot\u00f3grafo Nandu Ks (Foto: Nandu Ks)<\/em><\/figcaption><\/figure>\n\n\n\n<p><strong><em>Fonte: <a href=\"https:\/\/ciclovivo.com.br\/inovacao\/inspiracao\/homem-paralitico-limpa-plasticos-india\/\">CicloVivo<\/a><\/em><\/strong><\/p>\n","protected":false},"excerpt":{"rendered":"<p>Para ele, salvar o lago \u00e9 tudo o que realmente importa V\u00edtima de poliomielite na inf\u00e2ncia, o senhor N. S. Rajappan, hoje com 69 anos, coleta pl\u00e1sticos do rio Meenachil, em Kerala, na \u00cdndia. A labuta di\u00e1ria foi flagrada pelo fot\u00f3grafo Nandu Ks, que captou uma imagem, postou-a no Facebook e n\u00e3o deu outra: viralizou.A [&hellip;]<\/p>\n","protected":false},"author":2,"featured_media":15808,"comment_status":"open","ping_status":"open","sticky":false,"template":"","format":"standard","meta":{"footnotes":""},"categories":[41,8],"tags":[90,7800,7272,8028,945,8030,449],"class_list":["post-15805","post","type-post","status-publish","format-standard","has-post-thumbnail","hentry","category-internacional","category-meio-ambiente","tag-india","tag-inspiracao","tag-lago","tag-limpeza-rio","tag-meio-ambiente","tag-n-s-rajappan","tag-plasticos"],"yoast_head":"<!-- This site is optimized with the Yoast SEO plugin v26.5 - https:\/\/yoast.com\/wordpress\/plugins\/seo\/ -->\n<title>Homem paral\u00edtico limpa pl\u00e1sticos de rio na \u00cdndia - Jornal Fatos e Not\u00edcias<\/title>\n<meta name=\"robots\" content=\"index, follow, max-snippet:-1, max-image-preview:large, max-video-preview:-1\" \/>\n<link rel=\"canonical\" href=\"https:\/\/jornalfatosenoticias.com.br\/index.php\/2021\/03\/12\/homem-paralitico-limpa-plasticos-de-rio-na-india\/\" \/>\n<meta property=\"og:locale\" content=\"pt_BR\" \/>\n<meta property=\"og:type\" content=\"article\" \/>\n<meta property=\"og:title\" content=\"Homem paral\u00edtico limpa pl\u00e1sticos de rio na \u00cdndia - Jornal Fatos e Not\u00edcias\" \/>\n<meta property=\"og:description\" content=\"Para ele, salvar o lago \u00e9 tudo o que realmente importa V\u00edtima de poliomielite na inf\u00e2ncia, o senhor N. S. Rajappan, hoje com 69 anos, coleta pl\u00e1sticos do rio Meenachil, em Kerala, na \u00cdndia. A labuta di\u00e1ria foi flagrada pelo fot\u00f3grafo Nandu Ks, que captou uma imagem, postou-a no Facebook e n\u00e3o deu outra: viralizou.A [&hellip;]\" \/>\n<meta property=\"og:url\" content=\"https:\/\/jornalfatosenoticias.com.br\/index.php\/2021\/03\/12\/homem-paralitico-limpa-plasticos-de-rio-na-india\/\" \/>\n<meta property=\"og:site_name\" content=\"Jornal Fatos e Not\u00edcias\" \/>\n<meta property=\"article:published_time\" content=\"2021-03-12T13:34:26+00:00\" \/>\n<meta property=\"article:modified_time\" content=\"2021-03-12T13:34:27+00:00\" \/>\n<meta property=\"og:image\" content=\"https:\/\/jornalfatosenoticias.com.br\/wp-content\/uploads\/2021\/03\/homem-paralitico_india.jpg\" \/>\n\t<meta property=\"og:image:width\" content=\"1000\" \/>\n\t<meta property=\"og:image:height\" content=\"639\" \/>\n\t<meta property=\"og:image:type\" content=\"image\/jpeg\" \/>\n<meta name=\"author\" content=\"Luzimara Fernandes\" \/>\n<meta name=\"twitter:card\" content=\"summary_large_image\" \/>\n<meta name=\"twitter:label1\" content=\"Escrito por\" \/>\n\t<meta name=\"twitter:data1\" content=\"Luzimara Fernandes\" \/>\n\t<meta name=\"twitter:label2\" content=\"Est. tempo de leitura\" \/>\n\t<meta name=\"twitter:data2\" content=\"2 minutos\" \/>\n<script type=\"application\/ld+json\" class=\"yoast-schema-graph\">{\"@context\":\"https:\/\/schema.org\",\"@graph\":[{\"@type\":\"Article\",\"@id\":\"https:\/\/jornalfatosenoticias.com.br\/index.php\/2021\/03\/12\/homem-paralitico-limpa-plasticos-de-rio-na-india\/#article\",\"isPartOf\":{\"@id\":\"https:\/\/jornalfatosenoticias.com.br\/index.php\/2021\/03\/12\/homem-paralitico-limpa-plasticos-de-rio-na-india\/\"},\"author\":{\"name\":\"Luzimara Fernandes\",\"@id\":\"https:\/\/jornalfatosenoticias.com.br\/#\/schema\/person\/d63837fa13ac8666eb9e74e0985d6f81\"},\"headline\":\"Homem paral\u00edtico limpa pl\u00e1sticos de rio na \u00cdndia\",\"datePublished\":\"2021-03-12T13:34:26+00:00\",\"dateModified\":\"2021-03-12T13:34:27+00:00\",\"mainEntityOfPage\":{\"@id\":\"https:\/\/jornalfatosenoticias.com.br\/index.php\/2021\/03\/12\/homem-paralitico-limpa-plasticos-de-rio-na-india\/\"},\"wordCount\":384,\"commentCount\":0,\"publisher\":{\"@id\":\"https:\/\/jornalfatosenoticias.com.br\/#organization\"},\"image\":{\"@id\":\"https:\/\/jornalfatosenoticias.com.br\/index.php\/2021\/03\/12\/homem-paralitico-limpa-plasticos-de-rio-na-india\/#primaryimage\"},\"thumbnailUrl\":\"https:\/\/jornalfatosenoticias.com.br\/wp-content\/uploads\/2021\/03\/homem-paralitico_india.jpg\",\"keywords\":[\"\u00edndia\",\"inspira\u00e7\u00e3o\",\"lago\",\"limpeza rio\",\"meio ambiente\",\"N. S. Rajappan\",\"pl\u00e1sticos\"],\"articleSection\":[\"Internacional\",\"Meio ambiente\"],\"inLanguage\":\"pt-BR\",\"potentialAction\":[{\"@type\":\"CommentAction\",\"name\":\"Comment\",\"target\":[\"https:\/\/jornalfatosenoticias.com.br\/index.php\/2021\/03\/12\/homem-paralitico-limpa-plasticos-de-rio-na-india\/#respond\"]}]},{\"@type\":\"WebPage\",\"@id\":\"https:\/\/jornalfatosenoticias.com.br\/index.php\/2021\/03\/12\/homem-paralitico-limpa-plasticos-de-rio-na-india\/\",\"url\":\"https:\/\/jornalfatosenoticias.com.br\/index.php\/2021\/03\/12\/homem-paralitico-limpa-plasticos-de-rio-na-india\/\",\"name\":\"Homem paral\u00edtico limpa pl\u00e1sticos de rio na \u00cdndia - Jornal Fatos e Not\u00edcias\",\"isPartOf\":{\"@id\":\"https:\/\/jornalfatosenoticias.com.br\/#website\"},\"primaryImageOfPage\":{\"@id\":\"https:\/\/jornalfatosenoticias.com.br\/index.php\/2021\/03\/12\/homem-paralitico-limpa-plasticos-de-rio-na-india\/#primaryimage\"},\"image\":{\"@id\":\"https:\/\/jornalfatosenoticias.com.br\/index.php\/2021\/03\/12\/homem-paralitico-limpa-plasticos-de-rio-na-india\/#primaryimage\"},\"thumbnailUrl\":\"https:\/\/jornalfatosenoticias.com.br\/wp-content\/uploads\/2021\/03\/homem-paralitico_india.jpg\",\"datePublished\":\"2021-03-12T13:34:26+00:00\",\"dateModified\":\"2021-03-12T13:34:27+00:00\",\"breadcrumb\":{\"@id\":\"https:\/\/jornalfatosenoticias.com.br\/index.php\/2021\/03\/12\/homem-paralitico-limpa-plasticos-de-rio-na-india\/#breadcrumb\"},\"inLanguage\":\"pt-BR\",\"potentialAction\":[{\"@type\":\"ReadAction\",\"target\":[\"https:\/\/jornalfatosenoticias.com.br\/index.php\/2021\/03\/12\/homem-paralitico-limpa-plasticos-de-rio-na-india\/\"]}]},{\"@type\":\"ImageObject\",\"inLanguage\":\"pt-BR\",\"@id\":\"https:\/\/jornalfatosenoticias.com.br\/index.php\/2021\/03\/12\/homem-paralitico-limpa-plasticos-de-rio-na-india\/#primaryimage\",\"url\":\"https:\/\/jornalfatosenoticias.com.br\/wp-content\/uploads\/2021\/03\/homem-paralitico_india.jpg\",\"contentUrl\":\"https:\/\/jornalfatosenoticias.com.br\/wp-content\/uploads\/2021\/03\/homem-paralitico_india.jpg\",\"width\":1000,\"height\":639},{\"@type\":\"BreadcrumbList\",\"@id\":\"https:\/\/jornalfatosenoticias.com.br\/index.php\/2021\/03\/12\/homem-paralitico-limpa-plasticos-de-rio-na-india\/#breadcrumb\",\"itemListElement\":[{\"@type\":\"ListItem\",\"position\":1,\"name\":\"In\u00edcio\",\"item\":\"https:\/\/jornalfatosenoticias.com.br\/\"},{\"@type\":\"ListItem\",\"position\":2,\"name\":\"Homem paral\u00edtico limpa pl\u00e1sticos de rio na \u00cdndia\"}]},{\"@type\":\"WebSite\",\"@id\":\"https:\/\/jornalfatosenoticias.com.br\/#website\",\"url\":\"https:\/\/jornalfatosenoticias.com.br\/\",\"name\":\"Jornal Fatos e Not\u00edcias\",\"description\":\"Not\u00edcias em geral\",\"publisher\":{\"@id\":\"https:\/\/jornalfatosenoticias.com.br\/#organization\"},\"potentialAction\":[{\"@type\":\"SearchAction\",\"target\":{\"@type\":\"EntryPoint\",\"urlTemplate\":\"https:\/\/jornalfatosenoticias.com.br\/?s={search_term_string}\"},\"query-input\":{\"@type\":\"PropertyValueSpecification\",\"valueRequired\":true,\"valueName\":\"search_term_string\"}}],\"inLanguage\":\"pt-BR\"},{\"@type\":\"Organization\",\"@id\":\"https:\/\/jornalfatosenoticias.com.br\/#organization\",\"name\":\"Jornal Fatos e Not\u00edcias\",\"url\":\"https:\/\/jornalfatosenoticias.com.br\/\",\"logo\":{\"@type\":\"ImageObject\",\"inLanguage\":\"pt-BR\",\"@id\":\"https:\/\/jornalfatosenoticias.com.br\/#\/schema\/logo\/image\/\",\"url\":\"https:\/\/jornalfatosenoticias.com.br\/wp-content\/uploads\/2020\/02\/logo120.png\",\"contentUrl\":\"https:\/\/jornalfatosenoticias.com.br\/wp-content\/uploads\/2020\/02\/logo120.png\",\"width\":1227,\"height\":120,\"caption\":\"Jornal Fatos e Not\u00edcias\"},\"image\":{\"@id\":\"https:\/\/jornalfatosenoticias.com.br\/#\/schema\/logo\/image\/\"}},{\"@type\":\"Person\",\"@id\":\"https:\/\/jornalfatosenoticias.com.br\/#\/schema\/person\/d63837fa13ac8666eb9e74e0985d6f81\",\"name\":\"Luzimara Fernandes\",\"image\":{\"@type\":\"ImageObject\",\"inLanguage\":\"pt-BR\",\"@id\":\"https:\/\/jornalfatosenoticias.com.br\/#\/schema\/person\/image\/\",\"url\":\"https:\/\/jornalfatosenoticias.com.br\/wp-content\/uploads\/2025\/05\/EU_portal.jpg\",\"contentUrl\":\"https:\/\/jornalfatosenoticias.com.br\/wp-content\/uploads\/2025\/05\/EU_portal.jpg\",\"caption\":\"Luzimara Fernandes\"},\"description\":\"Jornalista MTB 2358-ES\",\"sameAs\":[\"https:\/\/jornalfatosenoticias.com.br\"],\"url\":\"https:\/\/jornalfatosenoticias.com.br\/index.php\/author\/luzimara\/\"}]}<\/script>\n<!-- \/ Yoast SEO plugin. -->","yoast_head_json":{"title":"Homem paral\u00edtico limpa pl\u00e1sticos de rio na \u00cdndia - Jornal Fatos e Not\u00edcias","robots":{"index":"index","follow":"follow","max-snippet":"max-snippet:-1","max-image-preview":"max-image-preview:large","max-video-preview":"max-video-preview:-1"},"canonical":"https:\/\/jornalfatosenoticias.com.br\/index.php\/2021\/03\/12\/homem-paralitico-limpa-plasticos-de-rio-na-india\/","og_locale":"pt_BR","og_type":"article","og_title":"Homem paral\u00edtico limpa pl\u00e1sticos de rio na \u00cdndia - Jornal Fatos e Not\u00edcias","og_description":"Para ele, salvar o lago \u00e9 tudo o que realmente importa V\u00edtima de poliomielite na inf\u00e2ncia, o senhor N. S. Rajappan, hoje com 69 anos, coleta pl\u00e1sticos do rio Meenachil, em Kerala, na \u00cdndia. A labuta di\u00e1ria foi flagrada pelo fot\u00f3grafo Nandu Ks, que captou uma imagem, postou-a no Facebook e n\u00e3o deu outra: viralizou.A [&hellip;]","og_url":"https:\/\/jornalfatosenoticias.com.br\/index.php\/2021\/03\/12\/homem-paralitico-limpa-plasticos-de-rio-na-india\/","og_site_name":"Jornal Fatos e Not\u00edcias","article_published_time":"2021-03-12T13:34:26+00:00","article_modified_time":"2021-03-12T13:34:27+00:00","og_image":[{"width":1000,"height":639,"url":"https:\/\/jornalfatosenoticias.com.br\/wp-content\/uploads\/2021\/03\/homem-paralitico_india.jpg","type":"image\/jpeg"}],"author":"Luzimara Fernandes","twitter_card":"summary_large_image","twitter_misc":{"Escrito por":"Luzimara Fernandes","Est. tempo de leitura":"2 minutos"},"schema":{"@context":"https:\/\/schema.org","@graph":[{"@type":"Article","@id":"https:\/\/jornalfatosenoticias.com.br\/index.php\/2021\/03\/12\/homem-paralitico-limpa-plasticos-de-rio-na-india\/#article","isPartOf":{"@id":"https:\/\/jornalfatosenoticias.com.br\/index.php\/2021\/03\/12\/homem-paralitico-limpa-plasticos-de-rio-na-india\/"},"author":{"name":"Luzimara Fernandes","@id":"https:\/\/jornalfatosenoticias.com.br\/#\/schema\/person\/d63837fa13ac8666eb9e74e0985d6f81"},"headline":"Homem paral\u00edtico limpa pl\u00e1sticos de rio na \u00cdndia","datePublished":"2021-03-12T13:34:26+00:00","dateModified":"2021-03-12T13:34:27+00:00","mainEntityOfPage":{"@id":"https:\/\/jornalfatosenoticias.com.br\/index.php\/2021\/03\/12\/homem-paralitico-limpa-plasticos-de-rio-na-india\/"},"wordCount":384,"commentCount":0,"publisher":{"@id":"https:\/\/jornalfatosenoticias.com.br\/#organization"},"image":{"@id":"https:\/\/jornalfatosenoticias.com.br\/index.php\/2021\/03\/12\/homem-paralitico-limpa-plasticos-de-rio-na-india\/#primaryimage"},"thumbnailUrl":"https:\/\/jornalfatosenoticias.com.br\/wp-content\/uploads\/2021\/03\/homem-paralitico_india.jpg","keywords":["\u00edndia","inspira\u00e7\u00e3o","lago","limpeza rio","meio ambiente","N. S. Rajappan","pl\u00e1sticos"],"articleSection":["Internacional","Meio ambiente"],"inLanguage":"pt-BR","potentialAction":[{"@type":"CommentAction","name":"Comment","target":["https:\/\/jornalfatosenoticias.com.br\/index.php\/2021\/03\/12\/homem-paralitico-limpa-plasticos-de-rio-na-india\/#respond"]}]},{"@type":"WebPage","@id":"https:\/\/jornalfatosenoticias.com.br\/index.php\/2021\/03\/12\/homem-paralitico-limpa-plasticos-de-rio-na-india\/","url":"https:\/\/jornalfatosenoticias.com.br\/index.php\/2021\/03\/12\/homem-paralitico-limpa-plasticos-de-rio-na-india\/","name":"Homem paral\u00edtico limpa pl\u00e1sticos de rio na \u00cdndia - Jornal Fatos e Not\u00edcias","isPartOf":{"@id":"https:\/\/jornalfatosenoticias.com.br\/#website"},"primaryImageOfPage":{"@id":"https:\/\/jornalfatosenoticias.com.br\/index.php\/2021\/03\/12\/homem-paralitico-limpa-plasticos-de-rio-na-india\/#primaryimage"},"image":{"@id":"https:\/\/jornalfatosenoticias.com.br\/index.php\/2021\/03\/12\/homem-paralitico-limpa-plasticos-de-rio-na-india\/#primaryimage"},"thumbnailUrl":"https:\/\/jornalfatosenoticias.com.br\/wp-content\/uploads\/2021\/03\/homem-paralitico_india.jpg","datePublished":"2021-03-12T13:34:26+00:00","dateModified":"2021-03-12T13:34:27+00:00","breadcrumb":{"@id":"https:\/\/jornalfatosenoticias.com.br\/index.php\/2021\/03\/12\/homem-paralitico-limpa-plasticos-de-rio-na-india\/#breadcrumb"},"inLanguage":"pt-BR","potentialAction":[{"@type":"ReadAction","target":["https:\/\/jornalfatosenoticias.com.br\/index.php\/2021\/03\/12\/homem-paralitico-limpa-plasticos-de-rio-na-india\/"]}]},{"@type":"ImageObject","inLanguage":"pt-BR","@id":"https:\/\/jornalfatosenoticias.com.br\/index.php\/2021\/03\/12\/homem-paralitico-limpa-plasticos-de-rio-na-india\/#primaryimage","url":"https:\/\/jornalfatosenoticias.com.br\/wp-content\/uploads\/2021\/03\/homem-paralitico_india.jpg","contentUrl":"https:\/\/jornalfatosenoticias.com.br\/wp-content\/uploads\/2021\/03\/homem-paralitico_india.jpg","width":1000,"height":639},{"@type":"BreadcrumbList","@id":"https:\/\/jornalfatosenoticias.com.br\/index.php\/2021\/03\/12\/homem-paralitico-limpa-plasticos-de-rio-na-india\/#breadcrumb","itemListElement":[{"@type":"ListItem","position":1,"name":"In\u00edcio","item":"https:\/\/jornalfatosenoticias.com.br\/"},{"@type":"ListItem","position":2,"name":"Homem paral\u00edtico limpa pl\u00e1sticos de rio na \u00cdndia"}]},{"@type":"WebSite","@id":"https:\/\/jornalfatosenoticias.com.br\/#website","url":"https:\/\/jornalfatosenoticias.com.br\/","name":"Jornal Fatos e Not\u00edcias","description":"Not\u00edcias em geral","publisher":{"@id":"https:\/\/jornalfatosenoticias.com.br\/#organization"},"potentialAction":[{"@type":"SearchAction","target":{"@type":"EntryPoint","urlTemplate":"https:\/\/jornalfatosenoticias.com.br\/?s={search_term_string}"},"query-input":{"@type":"PropertyValueSpecification","valueRequired":true,"valueName":"search_term_string"}}],"inLanguage":"pt-BR"},{"@type":"Organization","@id":"https:\/\/jornalfatosenoticias.com.br\/#organization","name":"Jornal Fatos e Not\u00edcias","url":"https:\/\/jornalfatosenoticias.com.br\/","logo":{"@type":"ImageObject","inLanguage":"pt-BR","@id":"https:\/\/jornalfatosenoticias.com.br\/#\/schema\/logo\/image\/","url":"https:\/\/jornalfatosenoticias.com.br\/wp-content\/uploads\/2020\/02\/logo120.png","contentUrl":"https:\/\/jornalfatosenoticias.com.br\/wp-content\/uploads\/2020\/02\/logo120.png","width":1227,"height":120,"caption":"Jornal Fatos e Not\u00edcias"},"image":{"@id":"https:\/\/jornalfatosenoticias.com.br\/#\/schema\/logo\/image\/"}},{"@type":"Person","@id":"https:\/\/jornalfatosenoticias.com.br\/#\/schema\/person\/d63837fa13ac8666eb9e74e0985d6f81","name":"Luzimara Fernandes","image":{"@type":"ImageObject","inLanguage":"pt-BR","@id":"https:\/\/jornalfatosenoticias.com.br\/#\/schema\/person\/image\/","url":"https:\/\/jornalfatosenoticias.com.br\/wp-content\/uploads\/2025\/05\/EU_portal.jpg","contentUrl":"https:\/\/jornalfatosenoticias.com.br\/wp-content\/uploads\/2025\/05\/EU_portal.jpg","caption":"Luzimara Fernandes"},"description":"Jornalista MTB 2358-ES","sameAs":["https:\/\/jornalfatosenoticias.com.br"],"url":"https:\/\/jornalfatosenoticias.com.br\/index.php\/author\/luzimara\/"}]}},"cc_featured_image_caption":{"caption_text":" (Foto: Nandu Ks)","source_text":"","source_url":""},"jetpack_featured_media_url":"https:\/\/jornalfatosenoticias.com.br\/wp-content\/uploads\/2021\/03\/homem-paralitico_india.jpg","_links":{"self":[{"href":"https:\/\/jornalfatosenoticias.com.br\/index.php\/wp-json\/wp\/v2\/posts\/15805","targetHints":{"allow":["GET"]}}],"collection":[{"href":"https:\/\/jornalfatosenoticias.com.br\/index.php\/wp-json\/wp\/v2\/posts"}],"about":[{"href":"https:\/\/jornalfatosenoticias.com.br\/index.php\/wp-json\/wp\/v2\/types\/post"}],"author":[{"embeddable":true,"href":"https:\/\/jornalfatosenoticias.com.br\/index.php\/wp-json\/wp\/v2\/users\/2"}],"replies":[{"embeddable":true,"href":"https:\/\/jornalfatosenoticias.com.br\/index.php\/wp-json\/wp\/v2\/comments?post=15805"}],"version-history":[{"count":0,"href":"https:\/\/jornalfatosenoticias.com.br\/index.php\/wp-json\/wp\/v2\/posts\/15805\/revisions"}],"wp:featuredmedia":[{"embeddable":true,"href":"https:\/\/jornalfatosenoticias.com.br\/index.php\/wp-json\/wp\/v2\/media\/15808"}],"wp:attachment":[{"href":"https:\/\/jornalfatosenoticias.com.br\/index.php\/wp-json\/wp\/v2\/media?parent=15805"}],"wp:term":[{"taxonomy":"category","embeddable":true,"href":"https:\/\/jornalfatosenoticias.com.br\/index.php\/wp-json\/wp\/v2\/categories?post=15805"},{"taxonomy":"post_tag","embeddable":true,"href":"https:\/\/jornalfatosenoticias.com.br\/index.php\/wp-json\/wp\/v2\/tags?post=15805"}],"curies":[{"name":"wp","href":"https:\/\/api.w.org\/{rel}","templated":true}]}}