{"id":15813,"date":"2021-03-16T10:41:52","date_gmt":"2021-03-16T13:41:52","guid":{"rendered":"https:\/\/jornalfatosenoticias.com.br\/?p=15813"},"modified":"2021-03-16T10:41:56","modified_gmt":"2021-03-16T13:41:56","slug":"governo-dispensa-licitacao-para-compra-das-vacinas-da-janssen-e-pfizer","status":"publish","type":"post","link":"https:\/\/jornalfatosenoticias.com.br\/index.php\/2021\/03\/16\/governo-dispensa-licitacao-para-compra-das-vacinas-da-janssen-e-pfizer\/","title":{"rendered":"Governo dispensa licita\u00e7\u00e3o para compra das vacinas da Janssen e Pfizer"},"content":{"rendered":"\n<h6 class=\"wp-block-heading\"><em>A medida foi publicada em edi\u00e7\u00e3o extra do Di\u00e1rio Oficial<\/em><\/h6>\n\n\n\n<p>O Minist\u00e9rio da Sa\u00fade publicou, em edi\u00e7\u00e3o extra do <strong><a href=\"https:\/\/www.in.gov.br\/en\/web\/dou\/-\/extrato-de-dispensa-de-licitacao-n-18\/2021-uasg-250005-308527422\" target=\"_blank\" rel=\"noreferrer noopener\"><em>Di\u00e1rio Oficial da Uni\u00e3o<\/em><\/a>\u00a0<\/strong>desta segunda-feira (15), dois extratos de dispensa de licita\u00e7\u00e3o para a compra de vacinas contra a covid-19 junto aos laborat\u00f3rios Janssen Pharmaceutica e Pfizer. O valor total a ser usado para a compra das vacinas \u00e9 de quase R$ 8 bilh\u00f5es, sendo R$ 2,139 bilh\u00f5es para a Janssen; e R$ 5,63 bilh\u00f5es para a Pfizer.<br>No dia 12, a Organiza\u00e7\u00e3o Mundial da Sa\u00fade (OMS) aprovou, em car\u00e1ter emergencial, a produ\u00e7\u00e3o da vacina Janssen, de dose \u00fanica, da farmac\u00eautica norte-americana Johnson &amp; Johnson, para uso contra a covid-19.<br>As duas vacinas anteriores aprovadas pela OMS \u2014 a Pfizer\/BioNTech e AstraZeneca\/Oxford \u2014 requerem duas doses para completar o ciclo de imuniza\u00e7\u00e3o da popula\u00e7\u00e3o, sendo que a Pfizer precisa ser armazenada a temperaturas ultrageladas. A vacina Janssen pode ser guardada em geladeira comum.<\/p>\n\n\n\n<p><strong><em><a href=\"https:\/\/agenciabrasil.ebc.com.br\/saude\/noticia\/2021-03\/governo-dispensa-licitacao-para-compra-das-vacinas-da-janssen-e-pfizer\">Fonte: Ag\u00eancia Brasil<\/a><\/em><\/strong><\/p>\n","protected":false},"excerpt":{"rendered":"<p>A medida foi publicada em edi\u00e7\u00e3o extra do Di\u00e1rio Oficial O Minist\u00e9rio da Sa\u00fade publicou, em edi\u00e7\u00e3o extra do Di\u00e1rio Oficial da Uni\u00e3o\u00a0desta segunda-feira (15), dois extratos de dispensa de licita\u00e7\u00e3o para a compra de vacinas contra a covid-19 junto aos laborat\u00f3rios Janssen Pharmaceutica e Pfizer. O valor total a ser usado para a compra [&hellip;]<\/p>\n","protected":false},"author":2,"featured_media":15814,"comment_status":"open","ping_status":"open","sticky":false,"template":"","format":"standard","meta":{"footnotes":""},"categories":[11],"tags":[273,986,8032,5806,1022],"class_list":["post-15813","post","type-post","status-publish","format-standard","has-post-thumbnail","hentry","category-saude","tag-covid-19","tag-governo","tag-janssen","tag-pfizer","tag-vacinas"],"yoast_head":"<!-- This site is optimized with the Yoast SEO plugin v26.5 - https:\/\/yoast.com\/wordpress\/plugins\/seo\/ -->\n<title>Governo dispensa licita\u00e7\u00e3o para compra das vacinas da Janssen e Pfizer - Jornal Fatos e Not\u00edcias<\/title>\n<meta name=\"robots\" content=\"index, follow, max-snippet:-1, max-image-preview:large, max-video-preview:-1\" \/>\n<link rel=\"canonical\" href=\"https:\/\/jornalfatosenoticias.com.br\/index.php\/2021\/03\/16\/governo-dispensa-licitacao-para-compra-das-vacinas-da-janssen-e-pfizer\/\" \/>\n<meta property=\"og:locale\" content=\"pt_BR\" \/>\n<meta property=\"og:type\" content=\"article\" \/>\n<meta property=\"og:title\" content=\"Governo dispensa licita\u00e7\u00e3o para compra das vacinas da Janssen e Pfizer - Jornal Fatos e Not\u00edcias\" \/>\n<meta property=\"og:description\" content=\"A medida foi publicada em edi\u00e7\u00e3o extra do Di\u00e1rio Oficial O Minist\u00e9rio da Sa\u00fade publicou, em edi\u00e7\u00e3o extra do Di\u00e1rio Oficial da Uni\u00e3o\u00a0desta segunda-feira (15), dois extratos de dispensa de licita\u00e7\u00e3o para a compra de vacinas contra a covid-19 junto aos laborat\u00f3rios Janssen Pharmaceutica e Pfizer. O valor total a ser usado para a compra [&hellip;]\" \/>\n<meta property=\"og:url\" content=\"https:\/\/jornalfatosenoticias.com.br\/index.php\/2021\/03\/16\/governo-dispensa-licitacao-para-compra-das-vacinas-da-janssen-e-pfizer\/\" \/>\n<meta property=\"og:site_name\" content=\"Jornal Fatos e Not\u00edcias\" \/>\n<meta property=\"article:published_time\" content=\"2021-03-16T13:41:52+00:00\" \/>\n<meta property=\"article:modified_time\" content=\"2021-03-16T13:41:56+00:00\" \/>\n<meta property=\"og:image\" content=\"https:\/\/jornalfatosenoticias.com.br\/wp-content\/uploads\/2021\/03\/vacinacao_drive_thru.jpg\" \/>\n\t<meta property=\"og:image:width\" content=\"1000\" \/>\n\t<meta property=\"og:image:height\" content=\"598\" \/>\n\t<meta property=\"og:image:type\" content=\"image\/jpeg\" \/>\n<meta name=\"author\" content=\"Luzimara Fernandes\" \/>\n<meta name=\"twitter:card\" content=\"summary_large_image\" \/>\n<meta name=\"twitter:label1\" content=\"Escrito por\" \/>\n\t<meta name=\"twitter:data1\" content=\"Luzimara Fernandes\" \/>\n\t<meta name=\"twitter:label2\" content=\"Est. tempo de leitura\" \/>\n\t<meta name=\"twitter:data2\" content=\"1 minuto\" \/>\n<script type=\"application\/ld+json\" class=\"yoast-schema-graph\">{\"@context\":\"https:\/\/schema.org\",\"@graph\":[{\"@type\":\"Article\",\"@id\":\"https:\/\/jornalfatosenoticias.com.br\/index.php\/2021\/03\/16\/governo-dispensa-licitacao-para-compra-das-vacinas-da-janssen-e-pfizer\/#article\",\"isPartOf\":{\"@id\":\"https:\/\/jornalfatosenoticias.com.br\/index.php\/2021\/03\/16\/governo-dispensa-licitacao-para-compra-das-vacinas-da-janssen-e-pfizer\/\"},\"author\":{\"name\":\"Luzimara Fernandes\",\"@id\":\"https:\/\/jornalfatosenoticias.com.br\/#\/schema\/person\/d63837fa13ac8666eb9e74e0985d6f81\"},\"headline\":\"Governo dispensa licita\u00e7\u00e3o para compra das vacinas da Janssen e Pfizer\",\"datePublished\":\"2021-03-16T13:41:52+00:00\",\"dateModified\":\"2021-03-16T13:41:56+00:00\",\"mainEntityOfPage\":{\"@id\":\"https:\/\/jornalfatosenoticias.com.br\/index.php\/2021\/03\/16\/governo-dispensa-licitacao-para-compra-das-vacinas-da-janssen-e-pfizer\/\"},\"wordCount\":182,\"commentCount\":0,\"publisher\":{\"@id\":\"https:\/\/jornalfatosenoticias.com.br\/#organization\"},\"image\":{\"@id\":\"https:\/\/jornalfatosenoticias.com.br\/index.php\/2021\/03\/16\/governo-dispensa-licitacao-para-compra-das-vacinas-da-janssen-e-pfizer\/#primaryimage\"},\"thumbnailUrl\":\"https:\/\/jornalfatosenoticias.com.br\/wp-content\/uploads\/2021\/03\/vacinacao_drive_thru.jpg\",\"keywords\":[\"covid-19\",\"governo\",\"Janssen\",\"Pfizer\",\"vacinas\"],\"articleSection\":[\"Sa\u00fade\"],\"inLanguage\":\"pt-BR\",\"potentialAction\":[{\"@type\":\"CommentAction\",\"name\":\"Comment\",\"target\":[\"https:\/\/jornalfatosenoticias.com.br\/index.php\/2021\/03\/16\/governo-dispensa-licitacao-para-compra-das-vacinas-da-janssen-e-pfizer\/#respond\"]}]},{\"@type\":\"WebPage\",\"@id\":\"https:\/\/jornalfatosenoticias.com.br\/index.php\/2021\/03\/16\/governo-dispensa-licitacao-para-compra-das-vacinas-da-janssen-e-pfizer\/\",\"url\":\"https:\/\/jornalfatosenoticias.com.br\/index.php\/2021\/03\/16\/governo-dispensa-licitacao-para-compra-das-vacinas-da-janssen-e-pfizer\/\",\"name\":\"Governo dispensa licita\u00e7\u00e3o para compra das vacinas da Janssen e Pfizer - Jornal Fatos e Not\u00edcias\",\"isPartOf\":{\"@id\":\"https:\/\/jornalfatosenoticias.com.br\/#website\"},\"primaryImageOfPage\":{\"@id\":\"https:\/\/jornalfatosenoticias.com.br\/index.php\/2021\/03\/16\/governo-dispensa-licitacao-para-compra-das-vacinas-da-janssen-e-pfizer\/#primaryimage\"},\"image\":{\"@id\":\"https:\/\/jornalfatosenoticias.com.br\/index.php\/2021\/03\/16\/governo-dispensa-licitacao-para-compra-das-vacinas-da-janssen-e-pfizer\/#primaryimage\"},\"thumbnailUrl\":\"https:\/\/jornalfatosenoticias.com.br\/wp-content\/uploads\/2021\/03\/vacinacao_drive_thru.jpg\",\"datePublished\":\"2021-03-16T13:41:52+00:00\",\"dateModified\":\"2021-03-16T13:41:56+00:00\",\"breadcrumb\":{\"@id\":\"https:\/\/jornalfatosenoticias.com.br\/index.php\/2021\/03\/16\/governo-dispensa-licitacao-para-compra-das-vacinas-da-janssen-e-pfizer\/#breadcrumb\"},\"inLanguage\":\"pt-BR\",\"potentialAction\":[{\"@type\":\"ReadAction\",\"target\":[\"https:\/\/jornalfatosenoticias.com.br\/index.php\/2021\/03\/16\/governo-dispensa-licitacao-para-compra-das-vacinas-da-janssen-e-pfizer\/\"]}]},{\"@type\":\"ImageObject\",\"inLanguage\":\"pt-BR\",\"@id\":\"https:\/\/jornalfatosenoticias.com.br\/index.php\/2021\/03\/16\/governo-dispensa-licitacao-para-compra-das-vacinas-da-janssen-e-pfizer\/#primaryimage\",\"url\":\"https:\/\/jornalfatosenoticias.com.br\/wp-content\/uploads\/2021\/03\/vacinacao_drive_thru.jpg\",\"contentUrl\":\"https:\/\/jornalfatosenoticias.com.br\/wp-content\/uploads\/2021\/03\/vacinacao_drive_thru.jpg\",\"width\":1000,\"height\":598,\"caption\":\"Vacina\u00e7\u00e3o drive thru na Universidade Estadual do Rio de Janeiro (UERJ), zona norte do Rio. A cidade do Rio de Janeiro retoma hoje (25) sua campanha de aplica\u00e7\u00e3o da primeira dose da vacina contra a covid-19 em idosos da popula\u00e7\u00e3o em geral. Hoje ser\u00e3o vacinados os idosos com 82 anos.\"},{\"@type\":\"BreadcrumbList\",\"@id\":\"https:\/\/jornalfatosenoticias.com.br\/index.php\/2021\/03\/16\/governo-dispensa-licitacao-para-compra-das-vacinas-da-janssen-e-pfizer\/#breadcrumb\",\"itemListElement\":[{\"@type\":\"ListItem\",\"position\":1,\"name\":\"In\u00edcio\",\"item\":\"https:\/\/jornalfatosenoticias.com.br\/\"},{\"@type\":\"ListItem\",\"position\":2,\"name\":\"Governo dispensa licita\u00e7\u00e3o para compra das vacinas da Janssen e Pfizer\"}]},{\"@type\":\"WebSite\",\"@id\":\"https:\/\/jornalfatosenoticias.com.br\/#website\",\"url\":\"https:\/\/jornalfatosenoticias.com.br\/\",\"name\":\"Jornal Fatos e Not\u00edcias\",\"description\":\"Not\u00edcias em geral\",\"publisher\":{\"@id\":\"https:\/\/jornalfatosenoticias.com.br\/#organization\"},\"potentialAction\":[{\"@type\":\"SearchAction\",\"target\":{\"@type\":\"EntryPoint\",\"urlTemplate\":\"https:\/\/jornalfatosenoticias.com.br\/?s={search_term_string}\"},\"query-input\":{\"@type\":\"PropertyValueSpecification\",\"valueRequired\":true,\"valueName\":\"search_term_string\"}}],\"inLanguage\":\"pt-BR\"},{\"@type\":\"Organization\",\"@id\":\"https:\/\/jornalfatosenoticias.com.br\/#organization\",\"name\":\"Jornal Fatos e Not\u00edcias\",\"url\":\"https:\/\/jornalfatosenoticias.com.br\/\",\"logo\":{\"@type\":\"ImageObject\",\"inLanguage\":\"pt-BR\",\"@id\":\"https:\/\/jornalfatosenoticias.com.br\/#\/schema\/logo\/image\/\",\"url\":\"https:\/\/jornalfatosenoticias.com.br\/wp-content\/uploads\/2020\/02\/logo120.png\",\"contentUrl\":\"https:\/\/jornalfatosenoticias.com.br\/wp-content\/uploads\/2020\/02\/logo120.png\",\"width\":1227,\"height\":120,\"caption\":\"Jornal Fatos e Not\u00edcias\"},\"image\":{\"@id\":\"https:\/\/jornalfatosenoticias.com.br\/#\/schema\/logo\/image\/\"}},{\"@type\":\"Person\",\"@id\":\"https:\/\/jornalfatosenoticias.com.br\/#\/schema\/person\/d63837fa13ac8666eb9e74e0985d6f81\",\"name\":\"Luzimara Fernandes\",\"image\":{\"@type\":\"ImageObject\",\"inLanguage\":\"pt-BR\",\"@id\":\"https:\/\/jornalfatosenoticias.com.br\/#\/schema\/person\/image\/\",\"url\":\"https:\/\/jornalfatosenoticias.com.br\/wp-content\/uploads\/2025\/05\/EU_portal.jpg\",\"contentUrl\":\"https:\/\/jornalfatosenoticias.com.br\/wp-content\/uploads\/2025\/05\/EU_portal.jpg\",\"caption\":\"Luzimara Fernandes\"},\"description\":\"Jornalista MTB 2358-ES\",\"sameAs\":[\"https:\/\/jornalfatosenoticias.com.br\"],\"url\":\"https:\/\/jornalfatosenoticias.com.br\/index.php\/author\/luzimara\/\"}]}<\/script>\n<!-- \/ Yoast SEO plugin. -->","yoast_head_json":{"title":"Governo dispensa licita\u00e7\u00e3o para compra das vacinas da Janssen e Pfizer - Jornal Fatos e Not\u00edcias","robots":{"index":"index","follow":"follow","max-snippet":"max-snippet:-1","max-image-preview":"max-image-preview:large","max-video-preview":"max-video-preview:-1"},"canonical":"https:\/\/jornalfatosenoticias.com.br\/index.php\/2021\/03\/16\/governo-dispensa-licitacao-para-compra-das-vacinas-da-janssen-e-pfizer\/","og_locale":"pt_BR","og_type":"article","og_title":"Governo dispensa licita\u00e7\u00e3o para compra das vacinas da Janssen e Pfizer - Jornal Fatos e Not\u00edcias","og_description":"A medida foi publicada em edi\u00e7\u00e3o extra do Di\u00e1rio Oficial O Minist\u00e9rio da Sa\u00fade publicou, em edi\u00e7\u00e3o extra do Di\u00e1rio Oficial da Uni\u00e3o\u00a0desta segunda-feira (15), dois extratos de dispensa de licita\u00e7\u00e3o para a compra de vacinas contra a covid-19 junto aos laborat\u00f3rios Janssen Pharmaceutica e Pfizer. O valor total a ser usado para a compra [&hellip;]","og_url":"https:\/\/jornalfatosenoticias.com.br\/index.php\/2021\/03\/16\/governo-dispensa-licitacao-para-compra-das-vacinas-da-janssen-e-pfizer\/","og_site_name":"Jornal Fatos e Not\u00edcias","article_published_time":"2021-03-16T13:41:52+00:00","article_modified_time":"2021-03-16T13:41:56+00:00","og_image":[{"width":1000,"height":598,"url":"https:\/\/jornalfatosenoticias.com.br\/wp-content\/uploads\/2021\/03\/vacinacao_drive_thru.jpg","type":"image\/jpeg"}],"author":"Luzimara Fernandes","twitter_card":"summary_large_image","twitter_misc":{"Escrito por":"Luzimara Fernandes","Est. tempo de leitura":"1 minuto"},"schema":{"@context":"https:\/\/schema.org","@graph":[{"@type":"Article","@id":"https:\/\/jornalfatosenoticias.com.br\/index.php\/2021\/03\/16\/governo-dispensa-licitacao-para-compra-das-vacinas-da-janssen-e-pfizer\/#article","isPartOf":{"@id":"https:\/\/jornalfatosenoticias.com.br\/index.php\/2021\/03\/16\/governo-dispensa-licitacao-para-compra-das-vacinas-da-janssen-e-pfizer\/"},"author":{"name":"Luzimara Fernandes","@id":"https:\/\/jornalfatosenoticias.com.br\/#\/schema\/person\/d63837fa13ac8666eb9e74e0985d6f81"},"headline":"Governo dispensa licita\u00e7\u00e3o para compra das vacinas da Janssen e Pfizer","datePublished":"2021-03-16T13:41:52+00:00","dateModified":"2021-03-16T13:41:56+00:00","mainEntityOfPage":{"@id":"https:\/\/jornalfatosenoticias.com.br\/index.php\/2021\/03\/16\/governo-dispensa-licitacao-para-compra-das-vacinas-da-janssen-e-pfizer\/"},"wordCount":182,"commentCount":0,"publisher":{"@id":"https:\/\/jornalfatosenoticias.com.br\/#organization"},"image":{"@id":"https:\/\/jornalfatosenoticias.com.br\/index.php\/2021\/03\/16\/governo-dispensa-licitacao-para-compra-das-vacinas-da-janssen-e-pfizer\/#primaryimage"},"thumbnailUrl":"https:\/\/jornalfatosenoticias.com.br\/wp-content\/uploads\/2021\/03\/vacinacao_drive_thru.jpg","keywords":["covid-19","governo","Janssen","Pfizer","vacinas"],"articleSection":["Sa\u00fade"],"inLanguage":"pt-BR","potentialAction":[{"@type":"CommentAction","name":"Comment","target":["https:\/\/jornalfatosenoticias.com.br\/index.php\/2021\/03\/16\/governo-dispensa-licitacao-para-compra-das-vacinas-da-janssen-e-pfizer\/#respond"]}]},{"@type":"WebPage","@id":"https:\/\/jornalfatosenoticias.com.br\/index.php\/2021\/03\/16\/governo-dispensa-licitacao-para-compra-das-vacinas-da-janssen-e-pfizer\/","url":"https:\/\/jornalfatosenoticias.com.br\/index.php\/2021\/03\/16\/governo-dispensa-licitacao-para-compra-das-vacinas-da-janssen-e-pfizer\/","name":"Governo dispensa licita\u00e7\u00e3o para compra das vacinas da Janssen e Pfizer - Jornal Fatos e Not\u00edcias","isPartOf":{"@id":"https:\/\/jornalfatosenoticias.com.br\/#website"},"primaryImageOfPage":{"@id":"https:\/\/jornalfatosenoticias.com.br\/index.php\/2021\/03\/16\/governo-dispensa-licitacao-para-compra-das-vacinas-da-janssen-e-pfizer\/#primaryimage"},"image":{"@id":"https:\/\/jornalfatosenoticias.com.br\/index.php\/2021\/03\/16\/governo-dispensa-licitacao-para-compra-das-vacinas-da-janssen-e-pfizer\/#primaryimage"},"thumbnailUrl":"https:\/\/jornalfatosenoticias.com.br\/wp-content\/uploads\/2021\/03\/vacinacao_drive_thru.jpg","datePublished":"2021-03-16T13:41:52+00:00","dateModified":"2021-03-16T13:41:56+00:00","breadcrumb":{"@id":"https:\/\/jornalfatosenoticias.com.br\/index.php\/2021\/03\/16\/governo-dispensa-licitacao-para-compra-das-vacinas-da-janssen-e-pfizer\/#breadcrumb"},"inLanguage":"pt-BR","potentialAction":[{"@type":"ReadAction","target":["https:\/\/jornalfatosenoticias.com.br\/index.php\/2021\/03\/16\/governo-dispensa-licitacao-para-compra-das-vacinas-da-janssen-e-pfizer\/"]}]},{"@type":"ImageObject","inLanguage":"pt-BR","@id":"https:\/\/jornalfatosenoticias.com.br\/index.php\/2021\/03\/16\/governo-dispensa-licitacao-para-compra-das-vacinas-da-janssen-e-pfizer\/#primaryimage","url":"https:\/\/jornalfatosenoticias.com.br\/wp-content\/uploads\/2021\/03\/vacinacao_drive_thru.jpg","contentUrl":"https:\/\/jornalfatosenoticias.com.br\/wp-content\/uploads\/2021\/03\/vacinacao_drive_thru.jpg","width":1000,"height":598,"caption":"Vacina\u00e7\u00e3o drive thru na Universidade Estadual do Rio de Janeiro (UERJ), zona norte do Rio. A cidade do Rio de Janeiro retoma hoje (25) sua campanha de aplica\u00e7\u00e3o da primeira dose da vacina contra a covid-19 em idosos da popula\u00e7\u00e3o em geral. Hoje ser\u00e3o vacinados os idosos com 82 anos."},{"@type":"BreadcrumbList","@id":"https:\/\/jornalfatosenoticias.com.br\/index.php\/2021\/03\/16\/governo-dispensa-licitacao-para-compra-das-vacinas-da-janssen-e-pfizer\/#breadcrumb","itemListElement":[{"@type":"ListItem","position":1,"name":"In\u00edcio","item":"https:\/\/jornalfatosenoticias.com.br\/"},{"@type":"ListItem","position":2,"name":"Governo dispensa licita\u00e7\u00e3o para compra das vacinas da Janssen e Pfizer"}]},{"@type":"WebSite","@id":"https:\/\/jornalfatosenoticias.com.br\/#website","url":"https:\/\/jornalfatosenoticias.com.br\/","name":"Jornal Fatos e Not\u00edcias","description":"Not\u00edcias em geral","publisher":{"@id":"https:\/\/jornalfatosenoticias.com.br\/#organization"},"potentialAction":[{"@type":"SearchAction","target":{"@type":"EntryPoint","urlTemplate":"https:\/\/jornalfatosenoticias.com.br\/?s={search_term_string}"},"query-input":{"@type":"PropertyValueSpecification","valueRequired":true,"valueName":"search_term_string"}}],"inLanguage":"pt-BR"},{"@type":"Organization","@id":"https:\/\/jornalfatosenoticias.com.br\/#organization","name":"Jornal Fatos e Not\u00edcias","url":"https:\/\/jornalfatosenoticias.com.br\/","logo":{"@type":"ImageObject","inLanguage":"pt-BR","@id":"https:\/\/jornalfatosenoticias.com.br\/#\/schema\/logo\/image\/","url":"https:\/\/jornalfatosenoticias.com.br\/wp-content\/uploads\/2020\/02\/logo120.png","contentUrl":"https:\/\/jornalfatosenoticias.com.br\/wp-content\/uploads\/2020\/02\/logo120.png","width":1227,"height":120,"caption":"Jornal Fatos e Not\u00edcias"},"image":{"@id":"https:\/\/jornalfatosenoticias.com.br\/#\/schema\/logo\/image\/"}},{"@type":"Person","@id":"https:\/\/jornalfatosenoticias.com.br\/#\/schema\/person\/d63837fa13ac8666eb9e74e0985d6f81","name":"Luzimara Fernandes","image":{"@type":"ImageObject","inLanguage":"pt-BR","@id":"https:\/\/jornalfatosenoticias.com.br\/#\/schema\/person\/image\/","url":"https:\/\/jornalfatosenoticias.com.br\/wp-content\/uploads\/2025\/05\/EU_portal.jpg","contentUrl":"https:\/\/jornalfatosenoticias.com.br\/wp-content\/uploads\/2025\/05\/EU_portal.jpg","caption":"Luzimara Fernandes"},"description":"Jornalista MTB 2358-ES","sameAs":["https:\/\/jornalfatosenoticias.com.br"],"url":"https:\/\/jornalfatosenoticias.com.br\/index.php\/author\/luzimara\/"}]}},"cc_featured_image_caption":{"caption_text":"(T\u00e2nia R\u00eago\/Ag\u00eancia Brasil)","source_text":"","source_url":""},"jetpack_featured_media_url":"https:\/\/jornalfatosenoticias.com.br\/wp-content\/uploads\/2021\/03\/vacinacao_drive_thru.jpg","_links":{"self":[{"href":"https:\/\/jornalfatosenoticias.com.br\/index.php\/wp-json\/wp\/v2\/posts\/15813","targetHints":{"allow":["GET"]}}],"collection":[{"href":"https:\/\/jornalfatosenoticias.com.br\/index.php\/wp-json\/wp\/v2\/posts"}],"about":[{"href":"https:\/\/jornalfatosenoticias.com.br\/index.php\/wp-json\/wp\/v2\/types\/post"}],"author":[{"embeddable":true,"href":"https:\/\/jornalfatosenoticias.com.br\/index.php\/wp-json\/wp\/v2\/users\/2"}],"replies":[{"embeddable":true,"href":"https:\/\/jornalfatosenoticias.com.br\/index.php\/wp-json\/wp\/v2\/comments?post=15813"}],"version-history":[{"count":0,"href":"https:\/\/jornalfatosenoticias.com.br\/index.php\/wp-json\/wp\/v2\/posts\/15813\/revisions"}],"wp:featuredmedia":[{"embeddable":true,"href":"https:\/\/jornalfatosenoticias.com.br\/index.php\/wp-json\/wp\/v2\/media\/15814"}],"wp:attachment":[{"href":"https:\/\/jornalfatosenoticias.com.br\/index.php\/wp-json\/wp\/v2\/media?parent=15813"}],"wp:term":[{"taxonomy":"category","embeddable":true,"href":"https:\/\/jornalfatosenoticias.com.br\/index.php\/wp-json\/wp\/v2\/categories?post=15813"},{"taxonomy":"post_tag","embeddable":true,"href":"https:\/\/jornalfatosenoticias.com.br\/index.php\/wp-json\/wp\/v2\/tags?post=15813"}],"curies":[{"name":"wp","href":"https:\/\/api.w.org\/{rel}","templated":true}]}}