{"id":15816,"date":"2021-03-16T10:50:44","date_gmt":"2021-03-16T13:50:44","guid":{"rendered":"https:\/\/jornalfatosenoticias.com.br\/?p=15816"},"modified":"2021-03-16T10:50:49","modified_gmt":"2021-03-16T13:50:49","slug":"programa-de-qualificacao-profissional-do-governo-abre-inscricoes","status":"publish","type":"post","link":"https:\/\/jornalfatosenoticias.com.br\/index.php\/2021\/03\/16\/programa-de-qualificacao-profissional-do-governo-abre-inscricoes\/","title":{"rendered":"Programa de qualifica\u00e7\u00e3o profissional do governo abre inscri\u00e7\u00f5es"},"content":{"rendered":"\n<h6 class=\"wp-block-heading\"><em>S\u00e3o mais de seis mil vagas em \u00e1reas de tecnologia<\/em><\/h6>\n\n\n\n<p>O programa Qualifica Mais Emprega Mais, uma iniciativa dos minist\u00e9rios da Educa\u00e7\u00e3o (MEC) e da Economia, est\u00e1 com inscri\u00e7\u00f5es abertas de cursos on-line de qualifica\u00e7\u00e3o profissional para jovens com at\u00e9 29 anos. Nesta primeira fase, que funcionar\u00e1 como projeto-piloto, ser\u00e3o disponibilizadas 6.069 vagas gratuitas. S\u00e3o tr\u00eas cursos oferecidos na \u00e1rea de tecnologias da informa\u00e7\u00e3o e comunica\u00e7\u00e3o (TICs): programador de sistemas, programador web e programador de dispositivos m\u00f3veis.<br>Os cursos ter\u00e3o dura\u00e7\u00e3o de cerca de 200 horas cada. Neste primeiro momento, eles est\u00e3o sendo ofertados para jovens que residam em 11 regi\u00f5es metropolitanas do Pa\u00eds: Salvador, Fortaleza, Bras\u00edlia, Belo Horizonte, Recife, Florian\u00f3polis, Joinville, Porto Alegre, Curitiba, S\u00e3o Paulo e Campinas. Al\u00e9m da qualifica\u00e7\u00e3o, os estudantes que conclu\u00edrem os cursos ser\u00e3o auxiliados para inser\u00e7\u00e3o no mercado de trabalho.<br>De acordo com a Secretaria de Educa\u00e7\u00e3o Profissional e Tecnol\u00f3gica do MEC, a sele\u00e7\u00e3o dos estudantes ser\u00e1 realizada pela plataforma EduLivre, por meio do preenchimento de uma trilha educacional, onde os candidatos v\u00e3o conhecer o contexto do mercado de trabalho no qual pretendem se inserir. A trilha ficar\u00e1 aberta at\u00e9 o dia 11 de abril e contar\u00e1 com informa\u00e7\u00f5es sobre os cursos e postos de trabalho a eles relacionados, al\u00e9m de apresentar aos candidatos alguns exerc\u00edcios sobre o conte\u00fado apresentado na pr\u00f3pria trilha.<br>A partir do dia 12 de abril, os participantes selecionados receber\u00e3o um e-mail para a confirma\u00e7\u00e3o de matr\u00edcula, enviado diretamente por uma das setes institui\u00e7\u00f5es selecionadas pelo governo para o programa.<br>Para a realiza\u00e7\u00e3o da matr\u00edcula, os selecionados devem residir em uma das 11 regi\u00f5es metropolitanas participantes e terem o ensino m\u00e9dio completo. As aulas est\u00e3o previstas para come\u00e7ar em 10 de maio.<br>Mais detalhes do Qualifica Mais est\u00e3o dispon\u00edveis no <a href=\"https:\/\/www.gov.br\/mec\/pt-br\/acesso-a-informacao\/institucional\/secretarias\/secretaria-de-educacao-profissional\/projeto-piloto-qualifica-mais\" target=\"_blank\" rel=\"noreferrer noopener\"><em><strong>site\u00a0do programa<\/strong><\/em><\/a> na internet.<\/p>\n\n\n\n<p><strong><em>Fonte: <strong><em><strong><em><a href=\"https:\/\/agenciabrasil.ebc.com.br\/educacao\/noticia\/2021-03\/programa-de-qualificacao-profissional-do-governo-abre-inscricoes\">Ag\u00eancia Brasil<\/a><\/em><\/strong><\/em><\/strong><\/em><\/strong><\/p>\n","protected":false},"excerpt":{"rendered":"<p>S\u00e3o mais de seis mil vagas em \u00e1reas de tecnologia O programa Qualifica Mais Emprega Mais, uma iniciativa dos minist\u00e9rios da Educa\u00e7\u00e3o (MEC) e da Economia, est\u00e1 com inscri\u00e7\u00f5es abertas de cursos on-line de qualifica\u00e7\u00e3o profissional para jovens com at\u00e9 29 anos. Nesta primeira fase, que funcionar\u00e1 como projeto-piloto, ser\u00e3o disponibilizadas 6.069 vagas gratuitas. S\u00e3o [&hellip;]<\/p>\n","protected":false},"author":2,"featured_media":15817,"comment_status":"open","ping_status":"open","sticky":false,"template":"","format":"standard","meta":{"footnotes":""},"categories":[7],"tags":[2556,4022],"class_list":["post-15816","post","type-post","status-publish","format-standard","has-post-thumbnail","hentry","category-educacao","tag-inscricoes","tag-programa"],"yoast_head":"<!-- This site is optimized with the Yoast SEO plugin v26.5 - https:\/\/yoast.com\/wordpress\/plugins\/seo\/ -->\n<title>Programa de qualifica\u00e7\u00e3o profissional do governo abre inscri\u00e7\u00f5es - Jornal Fatos e Not\u00edcias<\/title>\n<meta name=\"robots\" content=\"index, follow, max-snippet:-1, max-image-preview:large, max-video-preview:-1\" \/>\n<link rel=\"canonical\" href=\"https:\/\/jornalfatosenoticias.com.br\/index.php\/2021\/03\/16\/programa-de-qualificacao-profissional-do-governo-abre-inscricoes\/\" \/>\n<meta property=\"og:locale\" content=\"pt_BR\" \/>\n<meta property=\"og:type\" content=\"article\" \/>\n<meta property=\"og:title\" content=\"Programa de qualifica\u00e7\u00e3o profissional do governo abre inscri\u00e7\u00f5es - Jornal Fatos e Not\u00edcias\" \/>\n<meta property=\"og:description\" content=\"S\u00e3o mais de seis mil vagas em \u00e1reas de tecnologia O programa Qualifica Mais Emprega Mais, uma iniciativa dos minist\u00e9rios da Educa\u00e7\u00e3o (MEC) e da Economia, est\u00e1 com inscri\u00e7\u00f5es abertas de cursos on-line de qualifica\u00e7\u00e3o profissional para jovens com at\u00e9 29 anos. Nesta primeira fase, que funcionar\u00e1 como projeto-piloto, ser\u00e3o disponibilizadas 6.069 vagas gratuitas. S\u00e3o [&hellip;]\" \/>\n<meta property=\"og:url\" content=\"https:\/\/jornalfatosenoticias.com.br\/index.php\/2021\/03\/16\/programa-de-qualificacao-profissional-do-governo-abre-inscricoes\/\" \/>\n<meta property=\"og:site_name\" content=\"Jornal Fatos e Not\u00edcias\" \/>\n<meta property=\"article:published_time\" content=\"2021-03-16T13:50:44+00:00\" \/>\n<meta property=\"article:modified_time\" content=\"2021-03-16T13:50:49+00:00\" \/>\n<meta property=\"og:image\" content=\"https:\/\/jornalfatosenoticias.com.br\/wp-content\/uploads\/2021\/03\/qualificacao-profissional.jpg\" \/>\n\t<meta property=\"og:image:width\" content=\"1000\" \/>\n\t<meta property=\"og:image:height\" content=\"598\" \/>\n\t<meta property=\"og:image:type\" content=\"image\/jpeg\" \/>\n<meta name=\"author\" content=\"Luzimara Fernandes\" \/>\n<meta name=\"twitter:card\" content=\"summary_large_image\" \/>\n<meta name=\"twitter:label1\" content=\"Escrito por\" \/>\n\t<meta name=\"twitter:data1\" content=\"Luzimara Fernandes\" \/>\n\t<meta name=\"twitter:label2\" content=\"Est. tempo de leitura\" \/>\n\t<meta name=\"twitter:data2\" content=\"2 minutos\" \/>\n<script type=\"application\/ld+json\" class=\"yoast-schema-graph\">{\"@context\":\"https:\/\/schema.org\",\"@graph\":[{\"@type\":\"Article\",\"@id\":\"https:\/\/jornalfatosenoticias.com.br\/index.php\/2021\/03\/16\/programa-de-qualificacao-profissional-do-governo-abre-inscricoes\/#article\",\"isPartOf\":{\"@id\":\"https:\/\/jornalfatosenoticias.com.br\/index.php\/2021\/03\/16\/programa-de-qualificacao-profissional-do-governo-abre-inscricoes\/\"},\"author\":{\"name\":\"Luzimara Fernandes\",\"@id\":\"https:\/\/jornalfatosenoticias.com.br\/#\/schema\/person\/d63837fa13ac8666eb9e74e0985d6f81\"},\"headline\":\"Programa de qualifica\u00e7\u00e3o profissional do governo abre inscri\u00e7\u00f5es\",\"datePublished\":\"2021-03-16T13:50:44+00:00\",\"dateModified\":\"2021-03-16T13:50:49+00:00\",\"mainEntityOfPage\":{\"@id\":\"https:\/\/jornalfatosenoticias.com.br\/index.php\/2021\/03\/16\/programa-de-qualificacao-profissional-do-governo-abre-inscricoes\/\"},\"wordCount\":346,\"commentCount\":0,\"publisher\":{\"@id\":\"https:\/\/jornalfatosenoticias.com.br\/#organization\"},\"image\":{\"@id\":\"https:\/\/jornalfatosenoticias.com.br\/index.php\/2021\/03\/16\/programa-de-qualificacao-profissional-do-governo-abre-inscricoes\/#primaryimage\"},\"thumbnailUrl\":\"https:\/\/jornalfatosenoticias.com.br\/wp-content\/uploads\/2021\/03\/qualificacao-profissional.jpg\",\"keywords\":[\"inscri\u00e7\u00f5es\",\"programa\"],\"articleSection\":[\"Educa\u00e7\u00e3o\"],\"inLanguage\":\"pt-BR\",\"potentialAction\":[{\"@type\":\"CommentAction\",\"name\":\"Comment\",\"target\":[\"https:\/\/jornalfatosenoticias.com.br\/index.php\/2021\/03\/16\/programa-de-qualificacao-profissional-do-governo-abre-inscricoes\/#respond\"]}]},{\"@type\":\"WebPage\",\"@id\":\"https:\/\/jornalfatosenoticias.com.br\/index.php\/2021\/03\/16\/programa-de-qualificacao-profissional-do-governo-abre-inscricoes\/\",\"url\":\"https:\/\/jornalfatosenoticias.com.br\/index.php\/2021\/03\/16\/programa-de-qualificacao-profissional-do-governo-abre-inscricoes\/\",\"name\":\"Programa de qualifica\u00e7\u00e3o profissional do governo abre inscri\u00e7\u00f5es - Jornal Fatos e Not\u00edcias\",\"isPartOf\":{\"@id\":\"https:\/\/jornalfatosenoticias.com.br\/#website\"},\"primaryImageOfPage\":{\"@id\":\"https:\/\/jornalfatosenoticias.com.br\/index.php\/2021\/03\/16\/programa-de-qualificacao-profissional-do-governo-abre-inscricoes\/#primaryimage\"},\"image\":{\"@id\":\"https:\/\/jornalfatosenoticias.com.br\/index.php\/2021\/03\/16\/programa-de-qualificacao-profissional-do-governo-abre-inscricoes\/#primaryimage\"},\"thumbnailUrl\":\"https:\/\/jornalfatosenoticias.com.br\/wp-content\/uploads\/2021\/03\/qualificacao-profissional.jpg\",\"datePublished\":\"2021-03-16T13:50:44+00:00\",\"dateModified\":\"2021-03-16T13:50:49+00:00\",\"breadcrumb\":{\"@id\":\"https:\/\/jornalfatosenoticias.com.br\/index.php\/2021\/03\/16\/programa-de-qualificacao-profissional-do-governo-abre-inscricoes\/#breadcrumb\"},\"inLanguage\":\"pt-BR\",\"potentialAction\":[{\"@type\":\"ReadAction\",\"target\":[\"https:\/\/jornalfatosenoticias.com.br\/index.php\/2021\/03\/16\/programa-de-qualificacao-profissional-do-governo-abre-inscricoes\/\"]}]},{\"@type\":\"ImageObject\",\"inLanguage\":\"pt-BR\",\"@id\":\"https:\/\/jornalfatosenoticias.com.br\/index.php\/2021\/03\/16\/programa-de-qualificacao-profissional-do-governo-abre-inscricoes\/#primaryimage\",\"url\":\"https:\/\/jornalfatosenoticias.com.br\/wp-content\/uploads\/2021\/03\/qualificacao-profissional.jpg\",\"contentUrl\":\"https:\/\/jornalfatosenoticias.com.br\/wp-content\/uploads\/2021\/03\/qualificacao-profissional.jpg\",\"width\":1000,\"height\":598,\"caption\":\"Bras\u00edlia - Competidores que participar\u00e3o do Worldskills 2017 realizam treinamento no Centro de Treinamento do Senai-DF (Marcelo Camargo\/Ag\u00eancia Brasil)\"},{\"@type\":\"BreadcrumbList\",\"@id\":\"https:\/\/jornalfatosenoticias.com.br\/index.php\/2021\/03\/16\/programa-de-qualificacao-profissional-do-governo-abre-inscricoes\/#breadcrumb\",\"itemListElement\":[{\"@type\":\"ListItem\",\"position\":1,\"name\":\"In\u00edcio\",\"item\":\"https:\/\/jornalfatosenoticias.com.br\/\"},{\"@type\":\"ListItem\",\"position\":2,\"name\":\"Programa de qualifica\u00e7\u00e3o profissional do governo abre inscri\u00e7\u00f5es\"}]},{\"@type\":\"WebSite\",\"@id\":\"https:\/\/jornalfatosenoticias.com.br\/#website\",\"url\":\"https:\/\/jornalfatosenoticias.com.br\/\",\"name\":\"Jornal Fatos e Not\u00edcias\",\"description\":\"Not\u00edcias em geral\",\"publisher\":{\"@id\":\"https:\/\/jornalfatosenoticias.com.br\/#organization\"},\"potentialAction\":[{\"@type\":\"SearchAction\",\"target\":{\"@type\":\"EntryPoint\",\"urlTemplate\":\"https:\/\/jornalfatosenoticias.com.br\/?s={search_term_string}\"},\"query-input\":{\"@type\":\"PropertyValueSpecification\",\"valueRequired\":true,\"valueName\":\"search_term_string\"}}],\"inLanguage\":\"pt-BR\"},{\"@type\":\"Organization\",\"@id\":\"https:\/\/jornalfatosenoticias.com.br\/#organization\",\"name\":\"Jornal Fatos e Not\u00edcias\",\"url\":\"https:\/\/jornalfatosenoticias.com.br\/\",\"logo\":{\"@type\":\"ImageObject\",\"inLanguage\":\"pt-BR\",\"@id\":\"https:\/\/jornalfatosenoticias.com.br\/#\/schema\/logo\/image\/\",\"url\":\"https:\/\/jornalfatosenoticias.com.br\/wp-content\/uploads\/2020\/02\/logo120.png\",\"contentUrl\":\"https:\/\/jornalfatosenoticias.com.br\/wp-content\/uploads\/2020\/02\/logo120.png\",\"width\":1227,\"height\":120,\"caption\":\"Jornal Fatos e Not\u00edcias\"},\"image\":{\"@id\":\"https:\/\/jornalfatosenoticias.com.br\/#\/schema\/logo\/image\/\"}},{\"@type\":\"Person\",\"@id\":\"https:\/\/jornalfatosenoticias.com.br\/#\/schema\/person\/d63837fa13ac8666eb9e74e0985d6f81\",\"name\":\"Luzimara Fernandes\",\"image\":{\"@type\":\"ImageObject\",\"inLanguage\":\"pt-BR\",\"@id\":\"https:\/\/jornalfatosenoticias.com.br\/#\/schema\/person\/image\/\",\"url\":\"https:\/\/jornalfatosenoticias.com.br\/wp-content\/uploads\/2025\/05\/EU_portal.jpg\",\"contentUrl\":\"https:\/\/jornalfatosenoticias.com.br\/wp-content\/uploads\/2025\/05\/EU_portal.jpg\",\"caption\":\"Luzimara Fernandes\"},\"description\":\"Jornalista MTB 2358-ES\",\"sameAs\":[\"https:\/\/jornalfatosenoticias.com.br\"],\"url\":\"https:\/\/jornalfatosenoticias.com.br\/index.php\/author\/luzimara\/\"}]}<\/script>\n<!-- \/ Yoast SEO plugin. -->","yoast_head_json":{"title":"Programa de qualifica\u00e7\u00e3o profissional do governo abre inscri\u00e7\u00f5es - Jornal Fatos e Not\u00edcias","robots":{"index":"index","follow":"follow","max-snippet":"max-snippet:-1","max-image-preview":"max-image-preview:large","max-video-preview":"max-video-preview:-1"},"canonical":"https:\/\/jornalfatosenoticias.com.br\/index.php\/2021\/03\/16\/programa-de-qualificacao-profissional-do-governo-abre-inscricoes\/","og_locale":"pt_BR","og_type":"article","og_title":"Programa de qualifica\u00e7\u00e3o profissional do governo abre inscri\u00e7\u00f5es - Jornal Fatos e Not\u00edcias","og_description":"S\u00e3o mais de seis mil vagas em \u00e1reas de tecnologia O programa Qualifica Mais Emprega Mais, uma iniciativa dos minist\u00e9rios da Educa\u00e7\u00e3o (MEC) e da Economia, est\u00e1 com inscri\u00e7\u00f5es abertas de cursos on-line de qualifica\u00e7\u00e3o profissional para jovens com at\u00e9 29 anos. Nesta primeira fase, que funcionar\u00e1 como projeto-piloto, ser\u00e3o disponibilizadas 6.069 vagas gratuitas. S\u00e3o [&hellip;]","og_url":"https:\/\/jornalfatosenoticias.com.br\/index.php\/2021\/03\/16\/programa-de-qualificacao-profissional-do-governo-abre-inscricoes\/","og_site_name":"Jornal Fatos e Not\u00edcias","article_published_time":"2021-03-16T13:50:44+00:00","article_modified_time":"2021-03-16T13:50:49+00:00","og_image":[{"width":1000,"height":598,"url":"https:\/\/jornalfatosenoticias.com.br\/wp-content\/uploads\/2021\/03\/qualificacao-profissional.jpg","type":"image\/jpeg"}],"author":"Luzimara Fernandes","twitter_card":"summary_large_image","twitter_misc":{"Escrito por":"Luzimara Fernandes","Est. tempo de leitura":"2 minutos"},"schema":{"@context":"https:\/\/schema.org","@graph":[{"@type":"Article","@id":"https:\/\/jornalfatosenoticias.com.br\/index.php\/2021\/03\/16\/programa-de-qualificacao-profissional-do-governo-abre-inscricoes\/#article","isPartOf":{"@id":"https:\/\/jornalfatosenoticias.com.br\/index.php\/2021\/03\/16\/programa-de-qualificacao-profissional-do-governo-abre-inscricoes\/"},"author":{"name":"Luzimara Fernandes","@id":"https:\/\/jornalfatosenoticias.com.br\/#\/schema\/person\/d63837fa13ac8666eb9e74e0985d6f81"},"headline":"Programa de qualifica\u00e7\u00e3o profissional do governo abre inscri\u00e7\u00f5es","datePublished":"2021-03-16T13:50:44+00:00","dateModified":"2021-03-16T13:50:49+00:00","mainEntityOfPage":{"@id":"https:\/\/jornalfatosenoticias.com.br\/index.php\/2021\/03\/16\/programa-de-qualificacao-profissional-do-governo-abre-inscricoes\/"},"wordCount":346,"commentCount":0,"publisher":{"@id":"https:\/\/jornalfatosenoticias.com.br\/#organization"},"image":{"@id":"https:\/\/jornalfatosenoticias.com.br\/index.php\/2021\/03\/16\/programa-de-qualificacao-profissional-do-governo-abre-inscricoes\/#primaryimage"},"thumbnailUrl":"https:\/\/jornalfatosenoticias.com.br\/wp-content\/uploads\/2021\/03\/qualificacao-profissional.jpg","keywords":["inscri\u00e7\u00f5es","programa"],"articleSection":["Educa\u00e7\u00e3o"],"inLanguage":"pt-BR","potentialAction":[{"@type":"CommentAction","name":"Comment","target":["https:\/\/jornalfatosenoticias.com.br\/index.php\/2021\/03\/16\/programa-de-qualificacao-profissional-do-governo-abre-inscricoes\/#respond"]}]},{"@type":"WebPage","@id":"https:\/\/jornalfatosenoticias.com.br\/index.php\/2021\/03\/16\/programa-de-qualificacao-profissional-do-governo-abre-inscricoes\/","url":"https:\/\/jornalfatosenoticias.com.br\/index.php\/2021\/03\/16\/programa-de-qualificacao-profissional-do-governo-abre-inscricoes\/","name":"Programa de qualifica\u00e7\u00e3o profissional do governo abre inscri\u00e7\u00f5es - Jornal Fatos e Not\u00edcias","isPartOf":{"@id":"https:\/\/jornalfatosenoticias.com.br\/#website"},"primaryImageOfPage":{"@id":"https:\/\/jornalfatosenoticias.com.br\/index.php\/2021\/03\/16\/programa-de-qualificacao-profissional-do-governo-abre-inscricoes\/#primaryimage"},"image":{"@id":"https:\/\/jornalfatosenoticias.com.br\/index.php\/2021\/03\/16\/programa-de-qualificacao-profissional-do-governo-abre-inscricoes\/#primaryimage"},"thumbnailUrl":"https:\/\/jornalfatosenoticias.com.br\/wp-content\/uploads\/2021\/03\/qualificacao-profissional.jpg","datePublished":"2021-03-16T13:50:44+00:00","dateModified":"2021-03-16T13:50:49+00:00","breadcrumb":{"@id":"https:\/\/jornalfatosenoticias.com.br\/index.php\/2021\/03\/16\/programa-de-qualificacao-profissional-do-governo-abre-inscricoes\/#breadcrumb"},"inLanguage":"pt-BR","potentialAction":[{"@type":"ReadAction","target":["https:\/\/jornalfatosenoticias.com.br\/index.php\/2021\/03\/16\/programa-de-qualificacao-profissional-do-governo-abre-inscricoes\/"]}]},{"@type":"ImageObject","inLanguage":"pt-BR","@id":"https:\/\/jornalfatosenoticias.com.br\/index.php\/2021\/03\/16\/programa-de-qualificacao-profissional-do-governo-abre-inscricoes\/#primaryimage","url":"https:\/\/jornalfatosenoticias.com.br\/wp-content\/uploads\/2021\/03\/qualificacao-profissional.jpg","contentUrl":"https:\/\/jornalfatosenoticias.com.br\/wp-content\/uploads\/2021\/03\/qualificacao-profissional.jpg","width":1000,"height":598,"caption":"Bras\u00edlia - Competidores que participar\u00e3o do Worldskills 2017 realizam treinamento no Centro de Treinamento do Senai-DF (Marcelo Camargo\/Ag\u00eancia Brasil)"},{"@type":"BreadcrumbList","@id":"https:\/\/jornalfatosenoticias.com.br\/index.php\/2021\/03\/16\/programa-de-qualificacao-profissional-do-governo-abre-inscricoes\/#breadcrumb","itemListElement":[{"@type":"ListItem","position":1,"name":"In\u00edcio","item":"https:\/\/jornalfatosenoticias.com.br\/"},{"@type":"ListItem","position":2,"name":"Programa de qualifica\u00e7\u00e3o profissional do governo abre inscri\u00e7\u00f5es"}]},{"@type":"WebSite","@id":"https:\/\/jornalfatosenoticias.com.br\/#website","url":"https:\/\/jornalfatosenoticias.com.br\/","name":"Jornal Fatos e Not\u00edcias","description":"Not\u00edcias em geral","publisher":{"@id":"https:\/\/jornalfatosenoticias.com.br\/#organization"},"potentialAction":[{"@type":"SearchAction","target":{"@type":"EntryPoint","urlTemplate":"https:\/\/jornalfatosenoticias.com.br\/?s={search_term_string}"},"query-input":{"@type":"PropertyValueSpecification","valueRequired":true,"valueName":"search_term_string"}}],"inLanguage":"pt-BR"},{"@type":"Organization","@id":"https:\/\/jornalfatosenoticias.com.br\/#organization","name":"Jornal Fatos e Not\u00edcias","url":"https:\/\/jornalfatosenoticias.com.br\/","logo":{"@type":"ImageObject","inLanguage":"pt-BR","@id":"https:\/\/jornalfatosenoticias.com.br\/#\/schema\/logo\/image\/","url":"https:\/\/jornalfatosenoticias.com.br\/wp-content\/uploads\/2020\/02\/logo120.png","contentUrl":"https:\/\/jornalfatosenoticias.com.br\/wp-content\/uploads\/2020\/02\/logo120.png","width":1227,"height":120,"caption":"Jornal Fatos e Not\u00edcias"},"image":{"@id":"https:\/\/jornalfatosenoticias.com.br\/#\/schema\/logo\/image\/"}},{"@type":"Person","@id":"https:\/\/jornalfatosenoticias.com.br\/#\/schema\/person\/d63837fa13ac8666eb9e74e0985d6f81","name":"Luzimara Fernandes","image":{"@type":"ImageObject","inLanguage":"pt-BR","@id":"https:\/\/jornalfatosenoticias.com.br\/#\/schema\/person\/image\/","url":"https:\/\/jornalfatosenoticias.com.br\/wp-content\/uploads\/2025\/05\/EU_portal.jpg","contentUrl":"https:\/\/jornalfatosenoticias.com.br\/wp-content\/uploads\/2025\/05\/EU_portal.jpg","caption":"Luzimara Fernandes"},"description":"Jornalista MTB 2358-ES","sameAs":["https:\/\/jornalfatosenoticias.com.br"],"url":"https:\/\/jornalfatosenoticias.com.br\/index.php\/author\/luzimara\/"}]}},"cc_featured_image_caption":{"caption_text":"(Marcelo Camargo\/Ag\u00eancia Brasil)","source_text":"","source_url":""},"jetpack_featured_media_url":"https:\/\/jornalfatosenoticias.com.br\/wp-content\/uploads\/2021\/03\/qualificacao-profissional.jpg","_links":{"self":[{"href":"https:\/\/jornalfatosenoticias.com.br\/index.php\/wp-json\/wp\/v2\/posts\/15816","targetHints":{"allow":["GET"]}}],"collection":[{"href":"https:\/\/jornalfatosenoticias.com.br\/index.php\/wp-json\/wp\/v2\/posts"}],"about":[{"href":"https:\/\/jornalfatosenoticias.com.br\/index.php\/wp-json\/wp\/v2\/types\/post"}],"author":[{"embeddable":true,"href":"https:\/\/jornalfatosenoticias.com.br\/index.php\/wp-json\/wp\/v2\/users\/2"}],"replies":[{"embeddable":true,"href":"https:\/\/jornalfatosenoticias.com.br\/index.php\/wp-json\/wp\/v2\/comments?post=15816"}],"version-history":[{"count":0,"href":"https:\/\/jornalfatosenoticias.com.br\/index.php\/wp-json\/wp\/v2\/posts\/15816\/revisions"}],"wp:featuredmedia":[{"embeddable":true,"href":"https:\/\/jornalfatosenoticias.com.br\/index.php\/wp-json\/wp\/v2\/media\/15817"}],"wp:attachment":[{"href":"https:\/\/jornalfatosenoticias.com.br\/index.php\/wp-json\/wp\/v2\/media?parent=15816"}],"wp:term":[{"taxonomy":"category","embeddable":true,"href":"https:\/\/jornalfatosenoticias.com.br\/index.php\/wp-json\/wp\/v2\/categories?post=15816"},{"taxonomy":"post_tag","embeddable":true,"href":"https:\/\/jornalfatosenoticias.com.br\/index.php\/wp-json\/wp\/v2\/tags?post=15816"}],"curies":[{"name":"wp","href":"https:\/\/api.w.org\/{rel}","templated":true}]}}