{"id":15853,"date":"2021-03-16T15:46:26","date_gmt":"2021-03-16T18:46:26","guid":{"rendered":"https:\/\/jornalfatosenoticias.com.br\/?p=15853"},"modified":"2021-03-16T15:46:28","modified_gmt":"2021-03-16T18:46:28","slug":"netflix-lanca-trailer-de-alma-de-cowboy-filme-com-idris-elba-e-caleb-mclaughling","status":"publish","type":"post","link":"https:\/\/jornalfatosenoticias.com.br\/index.php\/2021\/03\/16\/netflix-lanca-trailer-de-alma-de-cowboy-filme-com-idris-elba-e-caleb-mclaughling\/","title":{"rendered":"Netflix lan\u00e7a trailer de \u2018Alma de Cowboy\u2019, filme com Idris Elba e Caleb McLaughling"},"content":{"rendered":"\n<p>A Netflix divulgou nesta ter\u00e7a-feira (16) o trailer de \u2018Alma de Cowboy\u2019, filme do tipo faroeste protagonizado por Idris Elba (\u2018Thor\u2019, \u2018A Torre Negra\u2019, \u2018Cats\u2019) e Caleb McLaughlin (\u2018<a href=\"https:\/\/olhardigital.com.br\/tag\/Stranger-Things\/\" target=\"_blank\" rel=\"noreferrer noopener\">Stranger Things<\/a>\u2019). Al\u00e9m disso, o servi\u00e7o de\u00a0<a href=\"https:\/\/olhardigital.com.br\/tag\/streaming\/\" target=\"_blank\" rel=\"noreferrer noopener\">streaming<\/a> divulgou o cartaz e as primeiras imagens oficiais do longa e confirmou que a estreia ocorre no dia 2 de abril.<br>A hist\u00f3ria do <a href=\"https:\/\/olhardigital.com.br\/tag\/filme\/\" target=\"_blank\" rel=\"noreferrer noopener\">filme<\/a> \u00e9 baseada no romance \u2018Ghetto Cowboy\u2019, de Greg Neri, e nos est\u00e1bulos de Fletcher Street, uma comunidade de cavalaria urbana negra. Na trama, Cole (Caleb McLaughlin), um problem\u00e1tico adolescente de 15 anos, \u00e9 levado para viver com seu distante pai (Idris Elba) no norte da Filad\u00e9lfia. L\u00e1, ele descobre a vibrante cultura de cowboys urbanos da cidade que existem h\u00e1 mais de 100 anos, proporcionando um ref\u00fagio seguro para o bairro, apesar da pobreza e viol\u00eancia.<\/p>\n\n\n\n<div class=\"wp-block-jetpack-slideshow aligncenter\" data-effect=\"slide\"><div class=\"wp-block-jetpack-slideshow_container swiper-container\"><ul class=\"wp-block-jetpack-slideshow_swiper-wrapper swiper-wrapper\"><li class=\"wp-block-jetpack-slideshow_slide swiper-slide\"><figure><img loading=\"lazy\" decoding=\"async\" width=\"1000\" height=\"666\" alt=\"\" class=\"wp-block-jetpack-slideshow_image wp-image-15854\" data-id=\"15854\" src=\"https:\/\/jornalfatosenoticias.com.br\/wp-content\/uploads\/2021\/03\/ALMA-DE-COWBOY.jpg\" srcset=\"https:\/\/jornalfatosenoticias.com.br\/wp-content\/uploads\/2021\/03\/ALMA-DE-COWBOY.jpg 1000w, https:\/\/jornalfatosenoticias.com.br\/wp-content\/uploads\/2021\/03\/ALMA-DE-COWBOY-300x200.jpg 300w, https:\/\/jornalfatosenoticias.com.br\/wp-content\/uploads\/2021\/03\/ALMA-DE-COWBOY-768x511.jpg 768w\" sizes=\"auto, (max-width: 1000px) 100vw, 1000px\" \/><figcaption class=\"wp-block-jetpack-slideshow_caption gallery-caption\">Alma de Cowboy\u2019: Faroeste da Netflix com Caleb McLaughlin (\u2018Stranger Things\u2019) ganha imagens, cartaz e data de estreia (Foto: Netflix\/Divulga\u00e7\u00e3o)<\/figcaption><\/figure><\/li><li class=\"wp-block-jetpack-slideshow_slide swiper-slide\"><figure><img loading=\"lazy\" decoding=\"async\" width=\"1000\" height=\"559\" alt=\"\" class=\"wp-block-jetpack-slideshow_image wp-image-15855\" data-id=\"15855\" src=\"https:\/\/jornalfatosenoticias.com.br\/wp-content\/uploads\/2021\/03\/ALMA-DE-COWBOY2.jpg\" srcset=\"https:\/\/jornalfatosenoticias.com.br\/wp-content\/uploads\/2021\/03\/ALMA-DE-COWBOY2.jpg 1000w, https:\/\/jornalfatosenoticias.com.br\/wp-content\/uploads\/2021\/03\/ALMA-DE-COWBOY2-300x168.jpg 300w, https:\/\/jornalfatosenoticias.com.br\/wp-content\/uploads\/2021\/03\/ALMA-DE-COWBOY2-768x429.jpg 768w\" sizes=\"auto, (max-width: 1000px) 100vw, 1000px\" \/><figcaption class=\"wp-block-jetpack-slideshow_caption gallery-caption\">\u2018Alma de Cowboy\u2019: Faroeste da Netflix com Idris Elba ganha imagens, cartaz e data de estreia (Foto: Netflix\/Divulga\u00e7\u00e3o)<\/figcaption><\/figure><\/li><li class=\"wp-block-jetpack-slideshow_slide swiper-slide\"><figure><img loading=\"lazy\" decoding=\"async\" width=\"1000\" height=\"666\" alt=\"\" class=\"wp-block-jetpack-slideshow_image wp-image-15856\" data-id=\"15856\" src=\"https:\/\/jornalfatosenoticias.com.br\/wp-content\/uploads\/2021\/03\/ALMA-DE-COWBOY3.jpg\" srcset=\"https:\/\/jornalfatosenoticias.com.br\/wp-content\/uploads\/2021\/03\/ALMA-DE-COWBOY3.jpg 1000w, https:\/\/jornalfatosenoticias.com.br\/wp-content\/uploads\/2021\/03\/ALMA-DE-COWBOY3-300x200.jpg 300w, https:\/\/jornalfatosenoticias.com.br\/wp-content\/uploads\/2021\/03\/ALMA-DE-COWBOY3-768x511.jpg 768w\" sizes=\"auto, (max-width: 1000px) 100vw, 1000px\" \/><figcaption class=\"wp-block-jetpack-slideshow_caption gallery-caption\">\u2018Alma de Cowboy\u2019: Faroeste da Netflix com Caleb McLaughlin (\u2018Stranger Things\u2019) e Jharrel Jerome (\u2018Olhos Que Condenam\u2019) ganha imagens, cartaz e data de estreia (Foto: Netflix\/Divulga\u00e7\u00e3o)<\/figcaption><\/figure><\/li><li class=\"wp-block-jetpack-slideshow_slide swiper-slide\"><figure><img loading=\"lazy\" decoding=\"async\" width=\"800\" height=\"1000\" alt=\"\" class=\"wp-block-jetpack-slideshow_image wp-image-15857\" data-id=\"15857\" src=\"https:\/\/jornalfatosenoticias.com.br\/wp-content\/uploads\/2021\/03\/Cartaz-promocional-de-Concrete-Cowboy-Alma-de-Cowboy.jpg\" srcset=\"https:\/\/jornalfatosenoticias.com.br\/wp-content\/uploads\/2021\/03\/Cartaz-promocional-de-Concrete-Cowboy-Alma-de-Cowboy.jpg 800w, https:\/\/jornalfatosenoticias.com.br\/wp-content\/uploads\/2021\/03\/Cartaz-promocional-de-Concrete-Cowboy-Alma-de-Cowboy-240x300.jpg 240w, https:\/\/jornalfatosenoticias.com.br\/wp-content\/uploads\/2021\/03\/Cartaz-promocional-de-Concrete-Cowboy-Alma-de-Cowboy-768x960.jpg 768w\" sizes=\"auto, (max-width: 800px) 100vw, 800px\" \/><figcaption class=\"wp-block-jetpack-slideshow_caption gallery-caption\">Cartaz promocional de \u2018Concrete Cowboy\u2019 (\u2018Alma de Cowboy\u2019, no Brasil), novo filme da Netflix (Foto: Netflix\/Divulga\u00e7\u00e3o)<\/figcaption><\/figure><\/li><\/ul><a class=\"wp-block-jetpack-slideshow_button-prev swiper-button-prev swiper-button-white\" role=\"button\"><\/a><a class=\"wp-block-jetpack-slideshow_button-next swiper-button-next swiper-button-white\" role=\"button\"><\/a><a aria-label=\"Pause Slideshow\" class=\"wp-block-jetpack-slideshow_button-pause\" role=\"button\"><\/a><div class=\"wp-block-jetpack-slideshow_pagination swiper-pagination swiper-pagination-white\"><\/div><\/div><\/div>\n\n\n\n<p>Dividido entre o crescente respeito pela comunidade do pai e a nova amizade com um primo problem\u00e1tico, Cole aprende a dar um novo valor \u00e0 vida em meio a tudo isso, enquanto os pr\u00f3prios est\u00e1bulos s\u00e3o amea\u00e7ados por um processo de gentrifica\u00e7\u00e3o.<\/p>\n\n\n\n<h4 class=\"wp-block-heading\">Assista ao <a href=\"https:\/\/olhardigital.com.br\/tag\/trailer\/\" target=\"_blank\" rel=\"noreferrer noopener\">trailer<\/a> de \u2018Alma de Cowboy\u2019 abaixo:<\/h4>\n\n\n\n<figure class=\"wp-block-embed-youtube wp-block-embed is-type-video is-provider-youtube wp-embed-aspect-16-9 wp-has-aspect-ratio\"><div class=\"wp-block-embed__wrapper\">\n<iframe loading=\"lazy\" title=\"Alma de Cowboy | Trailer oficial | Netflix\" width=\"660\" height=\"371\" src=\"https:\/\/www.youtube.com\/embed\/iUeJjDgWFoY?feature=oembed\" frameborder=\"0\" allow=\"accelerometer; autoplay; clipboard-write; encrypted-media; gyroscope; picture-in-picture; web-share\" referrerpolicy=\"strict-origin-when-cross-origin\" allowfullscreen><\/iframe>\n<\/div><\/figure>\n\n\n\n<p>Al\u00e9m dos protagonistas, o elenco do novo filme da Netflix ainda conta com Jonathan Majors (\u2018The Last Black Man\u2019), Jharrel Jerome (\u2018Olhos que Condenam\u2019, \u2018Moonlight\u2019), Lorraine Toussaint (\u2018Orange is The New Black\u2019), Dominic Jackson (\u2018Pose\u2019), Regina King (\u2018Se a Rua Beale Falasse\u2019, \u2018Watchmen\u2019) e LaKeith Stanfield (\u2018Corra!\u2019, \u2018Judas e o Messias Negro\u2019).<\/p>\n\n\n\n<p><strong><em>Fonte: <a href=\"https:\/\/olhardigital.com.br\/2021\/03\/16\/cinema-e-streaming\/netflix-lanca-trailer-de-alma-de-cowboy-filme-com-idris-elba-e-caleb-mclaughling\/\">Olhar Digital<\/a><\/em><\/strong><\/p>\n","protected":false},"excerpt":{"rendered":"<p>A Netflix divulgou nesta ter\u00e7a-feira (16) o trailer de \u2018Alma de Cowboy\u2019, filme do tipo faroeste protagonizado por Idris Elba (\u2018Thor\u2019, \u2018A Torre Negra\u2019, \u2018Cats\u2019) e Caleb McLaughlin (\u2018Stranger Things\u2019). Al\u00e9m disso, o servi\u00e7o de\u00a0streaming divulgou o cartaz e as primeiras imagens oficiais do longa e confirmou que a estreia ocorre no dia 2 de [&hellip;]<\/p>\n","protected":false},"author":2,"featured_media":15859,"comment_status":"open","ping_status":"open","sticky":false,"template":"","format":"standard","meta":{"footnotes":""},"categories":[4],"tags":[8047,8050,2507,8048,924,8049,3935],"class_list":["post-15853","post","type-post","status-publish","format-standard","has-post-thumbnail","hentry","category-cultura","tag-alma-de-cowboy","tag-faroeste","tag-filmes","tag-idris-elba","tag-netflix","tag-stranger-things","tag-streaming"],"yoast_head":"<!-- This site is optimized with the Yoast SEO plugin v26.5 - https:\/\/yoast.com\/wordpress\/plugins\/seo\/ -->\n<title>Netflix lan\u00e7a trailer de \u2018Alma de Cowboy\u2019, filme com Idris Elba e Caleb McLaughling - Jornal Fatos e Not\u00edcias<\/title>\n<meta name=\"robots\" content=\"index, follow, max-snippet:-1, max-image-preview:large, max-video-preview:-1\" \/>\n<link rel=\"canonical\" href=\"https:\/\/jornalfatosenoticias.com.br\/index.php\/2021\/03\/16\/netflix-lanca-trailer-de-alma-de-cowboy-filme-com-idris-elba-e-caleb-mclaughling\/\" \/>\n<meta property=\"og:locale\" content=\"pt_BR\" \/>\n<meta property=\"og:type\" content=\"article\" \/>\n<meta property=\"og:title\" content=\"Netflix lan\u00e7a trailer de \u2018Alma de Cowboy\u2019, filme com Idris Elba e Caleb McLaughling - Jornal Fatos e Not\u00edcias\" \/>\n<meta property=\"og:description\" content=\"A Netflix divulgou nesta ter\u00e7a-feira (16) o trailer de \u2018Alma de Cowboy\u2019, filme do tipo faroeste protagonizado por Idris Elba (\u2018Thor\u2019, \u2018A Torre Negra\u2019, \u2018Cats\u2019) e Caleb McLaughlin (\u2018Stranger Things\u2019). Al\u00e9m disso, o servi\u00e7o de\u00a0streaming divulgou o cartaz e as primeiras imagens oficiais do longa e confirmou que a estreia ocorre no dia 2 de [&hellip;]\" \/>\n<meta property=\"og:url\" content=\"https:\/\/jornalfatosenoticias.com.br\/index.php\/2021\/03\/16\/netflix-lanca-trailer-de-alma-de-cowboy-filme-com-idris-elba-e-caleb-mclaughling\/\" \/>\n<meta property=\"og:site_name\" content=\"Jornal Fatos e Not\u00edcias\" \/>\n<meta property=\"article:published_time\" content=\"2021-03-16T18:46:26+00:00\" \/>\n<meta property=\"article:modified_time\" content=\"2021-03-16T18:46:28+00:00\" \/>\n<meta property=\"og:image\" content=\"https:\/\/jornalfatosenoticias.com.br\/wp-content\/uploads\/2021\/03\/Netflix-lanca-trailer-de-Alma-de-Cowboy.jpg\" \/>\n\t<meta property=\"og:image:width\" content=\"1000\" \/>\n\t<meta property=\"og:image:height\" content=\"346\" \/>\n\t<meta property=\"og:image:type\" content=\"image\/jpeg\" \/>\n<meta name=\"author\" content=\"Luzimara Fernandes\" \/>\n<meta name=\"twitter:card\" content=\"summary_large_image\" \/>\n<meta name=\"twitter:label1\" content=\"Escrito por\" \/>\n\t<meta name=\"twitter:data1\" content=\"Luzimara Fernandes\" \/>\n\t<meta name=\"twitter:label2\" content=\"Est. tempo de leitura\" \/>\n\t<meta name=\"twitter:data2\" content=\"2 minutos\" \/>\n<script type=\"application\/ld+json\" class=\"yoast-schema-graph\">{\"@context\":\"https:\/\/schema.org\",\"@graph\":[{\"@type\":\"Article\",\"@id\":\"https:\/\/jornalfatosenoticias.com.br\/index.php\/2021\/03\/16\/netflix-lanca-trailer-de-alma-de-cowboy-filme-com-idris-elba-e-caleb-mclaughling\/#article\",\"isPartOf\":{\"@id\":\"https:\/\/jornalfatosenoticias.com.br\/index.php\/2021\/03\/16\/netflix-lanca-trailer-de-alma-de-cowboy-filme-com-idris-elba-e-caleb-mclaughling\/\"},\"author\":{\"name\":\"Luzimara Fernandes\",\"@id\":\"https:\/\/jornalfatosenoticias.com.br\/#\/schema\/person\/d63837fa13ac8666eb9e74e0985d6f81\"},\"headline\":\"Netflix lan\u00e7a trailer de \u2018Alma de Cowboy\u2019, filme com Idris Elba e Caleb McLaughling\",\"datePublished\":\"2021-03-16T18:46:26+00:00\",\"dateModified\":\"2021-03-16T18:46:28+00:00\",\"mainEntityOfPage\":{\"@id\":\"https:\/\/jornalfatosenoticias.com.br\/index.php\/2021\/03\/16\/netflix-lanca-trailer-de-alma-de-cowboy-filme-com-idris-elba-e-caleb-mclaughling\/\"},\"wordCount\":365,\"commentCount\":0,\"publisher\":{\"@id\":\"https:\/\/jornalfatosenoticias.com.br\/#organization\"},\"image\":{\"@id\":\"https:\/\/jornalfatosenoticias.com.br\/index.php\/2021\/03\/16\/netflix-lanca-trailer-de-alma-de-cowboy-filme-com-idris-elba-e-caleb-mclaughling\/#primaryimage\"},\"thumbnailUrl\":\"https:\/\/jornalfatosenoticias.com.br\/wp-content\/uploads\/2021\/03\/Netflix-lanca-trailer-de-Alma-de-Cowboy.jpg\",\"keywords\":[\"Alma de Cowboy\",\"faroeste\",\"filmes\",\"Idris Elba\",\"Netflix\",\"Stranger Things\",\"streaming\"],\"articleSection\":[\"Cultura\"],\"inLanguage\":\"pt-BR\",\"potentialAction\":[{\"@type\":\"CommentAction\",\"name\":\"Comment\",\"target\":[\"https:\/\/jornalfatosenoticias.com.br\/index.php\/2021\/03\/16\/netflix-lanca-trailer-de-alma-de-cowboy-filme-com-idris-elba-e-caleb-mclaughling\/#respond\"]}]},{\"@type\":\"WebPage\",\"@id\":\"https:\/\/jornalfatosenoticias.com.br\/index.php\/2021\/03\/16\/netflix-lanca-trailer-de-alma-de-cowboy-filme-com-idris-elba-e-caleb-mclaughling\/\",\"url\":\"https:\/\/jornalfatosenoticias.com.br\/index.php\/2021\/03\/16\/netflix-lanca-trailer-de-alma-de-cowboy-filme-com-idris-elba-e-caleb-mclaughling\/\",\"name\":\"Netflix lan\u00e7a trailer de \u2018Alma de Cowboy\u2019, filme com Idris Elba e Caleb McLaughling - Jornal Fatos e Not\u00edcias\",\"isPartOf\":{\"@id\":\"https:\/\/jornalfatosenoticias.com.br\/#website\"},\"primaryImageOfPage\":{\"@id\":\"https:\/\/jornalfatosenoticias.com.br\/index.php\/2021\/03\/16\/netflix-lanca-trailer-de-alma-de-cowboy-filme-com-idris-elba-e-caleb-mclaughling\/#primaryimage\"},\"image\":{\"@id\":\"https:\/\/jornalfatosenoticias.com.br\/index.php\/2021\/03\/16\/netflix-lanca-trailer-de-alma-de-cowboy-filme-com-idris-elba-e-caleb-mclaughling\/#primaryimage\"},\"thumbnailUrl\":\"https:\/\/jornalfatosenoticias.com.br\/wp-content\/uploads\/2021\/03\/Netflix-lanca-trailer-de-Alma-de-Cowboy.jpg\",\"datePublished\":\"2021-03-16T18:46:26+00:00\",\"dateModified\":\"2021-03-16T18:46:28+00:00\",\"breadcrumb\":{\"@id\":\"https:\/\/jornalfatosenoticias.com.br\/index.php\/2021\/03\/16\/netflix-lanca-trailer-de-alma-de-cowboy-filme-com-idris-elba-e-caleb-mclaughling\/#breadcrumb\"},\"inLanguage\":\"pt-BR\",\"potentialAction\":[{\"@type\":\"ReadAction\",\"target\":[\"https:\/\/jornalfatosenoticias.com.br\/index.php\/2021\/03\/16\/netflix-lanca-trailer-de-alma-de-cowboy-filme-com-idris-elba-e-caleb-mclaughling\/\"]}]},{\"@type\":\"ImageObject\",\"inLanguage\":\"pt-BR\",\"@id\":\"https:\/\/jornalfatosenoticias.com.br\/index.php\/2021\/03\/16\/netflix-lanca-trailer-de-alma-de-cowboy-filme-com-idris-elba-e-caleb-mclaughling\/#primaryimage\",\"url\":\"https:\/\/jornalfatosenoticias.com.br\/wp-content\/uploads\/2021\/03\/Netflix-lanca-trailer-de-Alma-de-Cowboy.jpg\",\"contentUrl\":\"https:\/\/jornalfatosenoticias.com.br\/wp-content\/uploads\/2021\/03\/Netflix-lanca-trailer-de-Alma-de-Cowboy.jpg\",\"width\":1000,\"height\":346},{\"@type\":\"BreadcrumbList\",\"@id\":\"https:\/\/jornalfatosenoticias.com.br\/index.php\/2021\/03\/16\/netflix-lanca-trailer-de-alma-de-cowboy-filme-com-idris-elba-e-caleb-mclaughling\/#breadcrumb\",\"itemListElement\":[{\"@type\":\"ListItem\",\"position\":1,\"name\":\"In\u00edcio\",\"item\":\"https:\/\/jornalfatosenoticias.com.br\/\"},{\"@type\":\"ListItem\",\"position\":2,\"name\":\"Netflix lan\u00e7a trailer de \u2018Alma de Cowboy\u2019, filme com Idris Elba e Caleb McLaughling\"}]},{\"@type\":\"WebSite\",\"@id\":\"https:\/\/jornalfatosenoticias.com.br\/#website\",\"url\":\"https:\/\/jornalfatosenoticias.com.br\/\",\"name\":\"Jornal Fatos e Not\u00edcias\",\"description\":\"Not\u00edcias em geral\",\"publisher\":{\"@id\":\"https:\/\/jornalfatosenoticias.com.br\/#organization\"},\"potentialAction\":[{\"@type\":\"SearchAction\",\"target\":{\"@type\":\"EntryPoint\",\"urlTemplate\":\"https:\/\/jornalfatosenoticias.com.br\/?s={search_term_string}\"},\"query-input\":{\"@type\":\"PropertyValueSpecification\",\"valueRequired\":true,\"valueName\":\"search_term_string\"}}],\"inLanguage\":\"pt-BR\"},{\"@type\":\"Organization\",\"@id\":\"https:\/\/jornalfatosenoticias.com.br\/#organization\",\"name\":\"Jornal Fatos e Not\u00edcias\",\"url\":\"https:\/\/jornalfatosenoticias.com.br\/\",\"logo\":{\"@type\":\"ImageObject\",\"inLanguage\":\"pt-BR\",\"@id\":\"https:\/\/jornalfatosenoticias.com.br\/#\/schema\/logo\/image\/\",\"url\":\"https:\/\/jornalfatosenoticias.com.br\/wp-content\/uploads\/2020\/02\/logo120.png\",\"contentUrl\":\"https:\/\/jornalfatosenoticias.com.br\/wp-content\/uploads\/2020\/02\/logo120.png\",\"width\":1227,\"height\":120,\"caption\":\"Jornal Fatos e Not\u00edcias\"},\"image\":{\"@id\":\"https:\/\/jornalfatosenoticias.com.br\/#\/schema\/logo\/image\/\"}},{\"@type\":\"Person\",\"@id\":\"https:\/\/jornalfatosenoticias.com.br\/#\/schema\/person\/d63837fa13ac8666eb9e74e0985d6f81\",\"name\":\"Luzimara Fernandes\",\"image\":{\"@type\":\"ImageObject\",\"inLanguage\":\"pt-BR\",\"@id\":\"https:\/\/jornalfatosenoticias.com.br\/#\/schema\/person\/image\/\",\"url\":\"https:\/\/jornalfatosenoticias.com.br\/wp-content\/uploads\/2025\/05\/EU_portal.jpg\",\"contentUrl\":\"https:\/\/jornalfatosenoticias.com.br\/wp-content\/uploads\/2025\/05\/EU_portal.jpg\",\"caption\":\"Luzimara Fernandes\"},\"description\":\"Jornalista MTB 2358-ES\",\"sameAs\":[\"https:\/\/jornalfatosenoticias.com.br\"],\"url\":\"https:\/\/jornalfatosenoticias.com.br\/index.php\/author\/luzimara\/\"}]}<\/script>\n<!-- \/ Yoast SEO plugin. -->","yoast_head_json":{"title":"Netflix lan\u00e7a trailer de \u2018Alma de Cowboy\u2019, filme com Idris Elba e Caleb McLaughling - Jornal Fatos e Not\u00edcias","robots":{"index":"index","follow":"follow","max-snippet":"max-snippet:-1","max-image-preview":"max-image-preview:large","max-video-preview":"max-video-preview:-1"},"canonical":"https:\/\/jornalfatosenoticias.com.br\/index.php\/2021\/03\/16\/netflix-lanca-trailer-de-alma-de-cowboy-filme-com-idris-elba-e-caleb-mclaughling\/","og_locale":"pt_BR","og_type":"article","og_title":"Netflix lan\u00e7a trailer de \u2018Alma de Cowboy\u2019, filme com Idris Elba e Caleb McLaughling - Jornal Fatos e Not\u00edcias","og_description":"A Netflix divulgou nesta ter\u00e7a-feira (16) o trailer de \u2018Alma de Cowboy\u2019, filme do tipo faroeste protagonizado por Idris Elba (\u2018Thor\u2019, \u2018A Torre Negra\u2019, \u2018Cats\u2019) e Caleb McLaughlin (\u2018Stranger Things\u2019). Al\u00e9m disso, o servi\u00e7o de\u00a0streaming divulgou o cartaz e as primeiras imagens oficiais do longa e confirmou que a estreia ocorre no dia 2 de [&hellip;]","og_url":"https:\/\/jornalfatosenoticias.com.br\/index.php\/2021\/03\/16\/netflix-lanca-trailer-de-alma-de-cowboy-filme-com-idris-elba-e-caleb-mclaughling\/","og_site_name":"Jornal Fatos e Not\u00edcias","article_published_time":"2021-03-16T18:46:26+00:00","article_modified_time":"2021-03-16T18:46:28+00:00","og_image":[{"width":1000,"height":346,"url":"https:\/\/jornalfatosenoticias.com.br\/wp-content\/uploads\/2021\/03\/Netflix-lanca-trailer-de-Alma-de-Cowboy.jpg","type":"image\/jpeg"}],"author":"Luzimara Fernandes","twitter_card":"summary_large_image","twitter_misc":{"Escrito por":"Luzimara Fernandes","Est. tempo de leitura":"2 minutos"},"schema":{"@context":"https:\/\/schema.org","@graph":[{"@type":"Article","@id":"https:\/\/jornalfatosenoticias.com.br\/index.php\/2021\/03\/16\/netflix-lanca-trailer-de-alma-de-cowboy-filme-com-idris-elba-e-caleb-mclaughling\/#article","isPartOf":{"@id":"https:\/\/jornalfatosenoticias.com.br\/index.php\/2021\/03\/16\/netflix-lanca-trailer-de-alma-de-cowboy-filme-com-idris-elba-e-caleb-mclaughling\/"},"author":{"name":"Luzimara Fernandes","@id":"https:\/\/jornalfatosenoticias.com.br\/#\/schema\/person\/d63837fa13ac8666eb9e74e0985d6f81"},"headline":"Netflix lan\u00e7a trailer de \u2018Alma de Cowboy\u2019, filme com Idris Elba e Caleb McLaughling","datePublished":"2021-03-16T18:46:26+00:00","dateModified":"2021-03-16T18:46:28+00:00","mainEntityOfPage":{"@id":"https:\/\/jornalfatosenoticias.com.br\/index.php\/2021\/03\/16\/netflix-lanca-trailer-de-alma-de-cowboy-filme-com-idris-elba-e-caleb-mclaughling\/"},"wordCount":365,"commentCount":0,"publisher":{"@id":"https:\/\/jornalfatosenoticias.com.br\/#organization"},"image":{"@id":"https:\/\/jornalfatosenoticias.com.br\/index.php\/2021\/03\/16\/netflix-lanca-trailer-de-alma-de-cowboy-filme-com-idris-elba-e-caleb-mclaughling\/#primaryimage"},"thumbnailUrl":"https:\/\/jornalfatosenoticias.com.br\/wp-content\/uploads\/2021\/03\/Netflix-lanca-trailer-de-Alma-de-Cowboy.jpg","keywords":["Alma de Cowboy","faroeste","filmes","Idris Elba","Netflix","Stranger Things","streaming"],"articleSection":["Cultura"],"inLanguage":"pt-BR","potentialAction":[{"@type":"CommentAction","name":"Comment","target":["https:\/\/jornalfatosenoticias.com.br\/index.php\/2021\/03\/16\/netflix-lanca-trailer-de-alma-de-cowboy-filme-com-idris-elba-e-caleb-mclaughling\/#respond"]}]},{"@type":"WebPage","@id":"https:\/\/jornalfatosenoticias.com.br\/index.php\/2021\/03\/16\/netflix-lanca-trailer-de-alma-de-cowboy-filme-com-idris-elba-e-caleb-mclaughling\/","url":"https:\/\/jornalfatosenoticias.com.br\/index.php\/2021\/03\/16\/netflix-lanca-trailer-de-alma-de-cowboy-filme-com-idris-elba-e-caleb-mclaughling\/","name":"Netflix lan\u00e7a trailer de \u2018Alma de Cowboy\u2019, filme com Idris Elba e Caleb McLaughling - Jornal Fatos e Not\u00edcias","isPartOf":{"@id":"https:\/\/jornalfatosenoticias.com.br\/#website"},"primaryImageOfPage":{"@id":"https:\/\/jornalfatosenoticias.com.br\/index.php\/2021\/03\/16\/netflix-lanca-trailer-de-alma-de-cowboy-filme-com-idris-elba-e-caleb-mclaughling\/#primaryimage"},"image":{"@id":"https:\/\/jornalfatosenoticias.com.br\/index.php\/2021\/03\/16\/netflix-lanca-trailer-de-alma-de-cowboy-filme-com-idris-elba-e-caleb-mclaughling\/#primaryimage"},"thumbnailUrl":"https:\/\/jornalfatosenoticias.com.br\/wp-content\/uploads\/2021\/03\/Netflix-lanca-trailer-de-Alma-de-Cowboy.jpg","datePublished":"2021-03-16T18:46:26+00:00","dateModified":"2021-03-16T18:46:28+00:00","breadcrumb":{"@id":"https:\/\/jornalfatosenoticias.com.br\/index.php\/2021\/03\/16\/netflix-lanca-trailer-de-alma-de-cowboy-filme-com-idris-elba-e-caleb-mclaughling\/#breadcrumb"},"inLanguage":"pt-BR","potentialAction":[{"@type":"ReadAction","target":["https:\/\/jornalfatosenoticias.com.br\/index.php\/2021\/03\/16\/netflix-lanca-trailer-de-alma-de-cowboy-filme-com-idris-elba-e-caleb-mclaughling\/"]}]},{"@type":"ImageObject","inLanguage":"pt-BR","@id":"https:\/\/jornalfatosenoticias.com.br\/index.php\/2021\/03\/16\/netflix-lanca-trailer-de-alma-de-cowboy-filme-com-idris-elba-e-caleb-mclaughling\/#primaryimage","url":"https:\/\/jornalfatosenoticias.com.br\/wp-content\/uploads\/2021\/03\/Netflix-lanca-trailer-de-Alma-de-Cowboy.jpg","contentUrl":"https:\/\/jornalfatosenoticias.com.br\/wp-content\/uploads\/2021\/03\/Netflix-lanca-trailer-de-Alma-de-Cowboy.jpg","width":1000,"height":346},{"@type":"BreadcrumbList","@id":"https:\/\/jornalfatosenoticias.com.br\/index.php\/2021\/03\/16\/netflix-lanca-trailer-de-alma-de-cowboy-filme-com-idris-elba-e-caleb-mclaughling\/#breadcrumb","itemListElement":[{"@type":"ListItem","position":1,"name":"In\u00edcio","item":"https:\/\/jornalfatosenoticias.com.br\/"},{"@type":"ListItem","position":2,"name":"Netflix lan\u00e7a trailer de \u2018Alma de Cowboy\u2019, filme com Idris Elba e Caleb McLaughling"}]},{"@type":"WebSite","@id":"https:\/\/jornalfatosenoticias.com.br\/#website","url":"https:\/\/jornalfatosenoticias.com.br\/","name":"Jornal Fatos e Not\u00edcias","description":"Not\u00edcias em geral","publisher":{"@id":"https:\/\/jornalfatosenoticias.com.br\/#organization"},"potentialAction":[{"@type":"SearchAction","target":{"@type":"EntryPoint","urlTemplate":"https:\/\/jornalfatosenoticias.com.br\/?s={search_term_string}"},"query-input":{"@type":"PropertyValueSpecification","valueRequired":true,"valueName":"search_term_string"}}],"inLanguage":"pt-BR"},{"@type":"Organization","@id":"https:\/\/jornalfatosenoticias.com.br\/#organization","name":"Jornal Fatos e Not\u00edcias","url":"https:\/\/jornalfatosenoticias.com.br\/","logo":{"@type":"ImageObject","inLanguage":"pt-BR","@id":"https:\/\/jornalfatosenoticias.com.br\/#\/schema\/logo\/image\/","url":"https:\/\/jornalfatosenoticias.com.br\/wp-content\/uploads\/2020\/02\/logo120.png","contentUrl":"https:\/\/jornalfatosenoticias.com.br\/wp-content\/uploads\/2020\/02\/logo120.png","width":1227,"height":120,"caption":"Jornal Fatos e Not\u00edcias"},"image":{"@id":"https:\/\/jornalfatosenoticias.com.br\/#\/schema\/logo\/image\/"}},{"@type":"Person","@id":"https:\/\/jornalfatosenoticias.com.br\/#\/schema\/person\/d63837fa13ac8666eb9e74e0985d6f81","name":"Luzimara Fernandes","image":{"@type":"ImageObject","inLanguage":"pt-BR","@id":"https:\/\/jornalfatosenoticias.com.br\/#\/schema\/person\/image\/","url":"https:\/\/jornalfatosenoticias.com.br\/wp-content\/uploads\/2025\/05\/EU_portal.jpg","contentUrl":"https:\/\/jornalfatosenoticias.com.br\/wp-content\/uploads\/2025\/05\/EU_portal.jpg","caption":"Luzimara Fernandes"},"description":"Jornalista MTB 2358-ES","sameAs":["https:\/\/jornalfatosenoticias.com.br"],"url":"https:\/\/jornalfatosenoticias.com.br\/index.php\/author\/luzimara\/"}]}},"cc_featured_image_caption":{"caption_text":"(Foto: Netflix\/Divulga\u00e7\u00e3o)","source_text":"","source_url":""},"jetpack_featured_media_url":"https:\/\/jornalfatosenoticias.com.br\/wp-content\/uploads\/2021\/03\/Netflix-lanca-trailer-de-Alma-de-Cowboy.jpg","_links":{"self":[{"href":"https:\/\/jornalfatosenoticias.com.br\/index.php\/wp-json\/wp\/v2\/posts\/15853","targetHints":{"allow":["GET"]}}],"collection":[{"href":"https:\/\/jornalfatosenoticias.com.br\/index.php\/wp-json\/wp\/v2\/posts"}],"about":[{"href":"https:\/\/jornalfatosenoticias.com.br\/index.php\/wp-json\/wp\/v2\/types\/post"}],"author":[{"embeddable":true,"href":"https:\/\/jornalfatosenoticias.com.br\/index.php\/wp-json\/wp\/v2\/users\/2"}],"replies":[{"embeddable":true,"href":"https:\/\/jornalfatosenoticias.com.br\/index.php\/wp-json\/wp\/v2\/comments?post=15853"}],"version-history":[{"count":0,"href":"https:\/\/jornalfatosenoticias.com.br\/index.php\/wp-json\/wp\/v2\/posts\/15853\/revisions"}],"wp:featuredmedia":[{"embeddable":true,"href":"https:\/\/jornalfatosenoticias.com.br\/index.php\/wp-json\/wp\/v2\/media\/15859"}],"wp:attachment":[{"href":"https:\/\/jornalfatosenoticias.com.br\/index.php\/wp-json\/wp\/v2\/media?parent=15853"}],"wp:term":[{"taxonomy":"category","embeddable":true,"href":"https:\/\/jornalfatosenoticias.com.br\/index.php\/wp-json\/wp\/v2\/categories?post=15853"},{"taxonomy":"post_tag","embeddable":true,"href":"https:\/\/jornalfatosenoticias.com.br\/index.php\/wp-json\/wp\/v2\/tags?post=15853"}],"curies":[{"name":"wp","href":"https:\/\/api.w.org\/{rel}","templated":true}]}}